{"id":23824,"date":"2023-02-22T13:11:52","date_gmt":"2023-02-22T19:11:52","guid":{"rendered":"https:\/\/www.bbmnoticias.com\/labravaradiofm\/?p=23824"},"modified":"2023-02-22T13:11:52","modified_gmt":"2023-02-22T19:11:52","slug":"mantiene-gobierno-federal-y-estatal-dialogo-con-pobladores-de-san-vicente-coatlan","status":"publish","type":"post","link":"https:\/\/www.bbmnoticias.com\/labravaradiofm\/2023\/02\/22\/mantiene-gobierno-federal-y-estatal-dialogo-con-pobladores-de-san-vicente-coatlan\/","title":{"rendered":"Mantiene Gobierno Federal y Estatal di\u00e1logo con pobladores de San Vicente Coatl\u00e1n"},"content":{"rendered":"<div style=\"margin-top: 0px; margin-bottom: 0px;\" class=\"sharethis-inline-share-buttons\" ><\/div>\n<ul class=\"wp-block-list\">\n<li><em>Se da seguimiento a los trabajos de construcci\u00f3n de la carretera Barranca Larga-Ventanilla<\/em><\/li>\n<\/ul>\n\n\n\n<p><strong>San Vicente Coatl\u00e1n, Oax., 22 de febrero de 2023<\/strong>.- Para dar seguimiento a los trabajos de construcci\u00f3n de la carretera Barranca Larga-Ventanilla, se realiz\u00f3 una reuni\u00f3n entre autoridades federales, estatales y pobladores de San Vicente Coatl\u00e1n.<\/p>\n\n\n\n<p>En el encuentro, en el que participaron Jorge Nu\u00f1o Lara, secretario de Infraestructura, Comunicaciones y Transportes (SICT) del Gobierno de M\u00e9xico; Jes\u00fas Romero L\u00f3pez, secretario de Gobierno de Oaxaca y el titular de la Secretar\u00eda de Infraestructuras y Comunicaciones de la entidad, Netzahualcoy\u00f3tl Salvatierra L\u00f3pez, tambi\u00e9n se presentaron los diversos proyectos que beneficiar\u00e1n a la comunidad y sus habitantes.<\/p>\n\n\n\n<p>Salvatierra L\u00f3pez refrend\u00f3 el compromiso del Gobernador Salom\u00f3n Jara Cruz de mantener el di\u00e1logo con habitantes de esta poblaci\u00f3n y trabajar de manera coordinada para culminar esta autopista que comunicar\u00e1 a la costa oaxaque\u00f1a.<\/p>\n\n\n\n<p>De igual manera, el titular de la SICT, Jorge Nu\u00f1o Lara, ratific\u00f3 el compromiso del Presidente Andr\u00e9s Manuel L\u00f3pez Obrador, de brindar el apoyo necesario a este proyecto que traer\u00e1 grandes beneficios en materia social, econ\u00f3mica y tur\u00edstica para Oaxaca.<\/p>\n","protected":false},"excerpt":{"rendered":"<p>San Vicente Coatl\u00e1n, Oax., 22 de febrero de 2023.- Para dar seguimiento a los trabajos de construcci\u00f3n de la carretera Barranca Larga-Ventanilla, se realiz\u00f3 una reuni\u00f3n entre autoridades federales, estatales y pobladores de San Vicente Coatl\u00e1n. En el encuentro, en el que participaron Jorge Nu\u00f1o Lara, secretario de Infraestructura, Comunicaciones y Transportes (SICT) del Gobierno [&hellip;]<\/p>\n","protected":false},"author":2,"featured_media":23825,"comment_status":"closed","ping_status":"closed","sticky":false,"template":"","format":"standard","meta":{"footnotes":""},"categories":[2],"tags":[],"class_list":{"0":"post-23824","1":"post","2":"type-post","3":"status-publish","4":"format-standard","5":"has-post-thumbnail","7":"category-oaxaca"},"yoast_head":"<!-- This site is optimized with the Yoast SEO plugin v27.4 - https:\/\/yoast.com\/product\/yoast-seo-wordpress\/ -->\n<title>Mantiene Gobierno Federal y Estatal di\u00e1logo con pobladores de San Vicente Coatl\u00e1n - LA BRAVA RADIO<\/title>\n<meta name=\"robots\" content=\"index, follow, max-snippet:-1, max-image-preview:large, max-video-preview:-1\" \/>\n<link rel=\"canonical\" href=\"https:\/\/www.bbmnoticias.com\/labravaradiofm\/2023\/02\/22\/mantiene-gobierno-federal-y-estatal-dialogo-con-pobladores-de-san-vicente-coatlan\/\" \/>\n<meta property=\"og:locale\" content=\"es_MX\" \/>\n<meta property=\"og:type\" content=\"article\" \/>\n<meta property=\"og:title\" content=\"Mantiene Gobierno Federal y Estatal di\u00e1logo con pobladores de San Vicente Coatl\u00e1n - LA BRAVA RADIO\" \/>\n<meta property=\"og:description\" content=\"San Vicente Coatl\u00e1n, Oax., 22 de febrero de 2023.- Para dar seguimiento a los trabajos de construcci\u00f3n de la carretera Barranca Larga-Ventanilla, se realiz\u00f3 una reuni\u00f3n entre autoridades federales, estatales y pobladores de San Vicente Coatl\u00e1n. En el encuentro, en el que participaron Jorge Nu\u00f1o Lara, secretario de Infraestructura, Comunicaciones y Transportes (SICT) del Gobierno [&hellip;]\" \/>\n<meta property=\"og:url\" content=\"https:\/\/www.bbmnoticias.com\/labravaradiofm\/2023\/02\/22\/mantiene-gobierno-federal-y-estatal-dialogo-con-pobladores-de-san-vicente-coatlan\/\" \/>\n<meta property=\"og:site_name\" content=\"LA BRAVA RADIO\" \/>\n<meta property=\"article:published_time\" content=\"2023-02-22T19:11:52+00:00\" \/>\n<meta property=\"og:image\" content=\"https:\/\/www.bbmnoticias.com\/labravaradiofm\/wp-content\/uploads\/sites\/5\/2023\/02\/autoridades-coatlan.jpeg\" \/>\n\t<meta property=\"og:image:width\" content=\"1280\" \/>\n\t<meta property=\"og:image:height\" content=\"854\" \/>\n\t<meta property=\"og:image:type\" content=\"image\/jpeg\" \/>\n<meta name=\"author\" content=\"Staff\" \/>\n<meta name=\"twitter:card\" content=\"summary_large_image\" \/>\n<meta name=\"twitter:label1\" content=\"Escrito por\" \/>\n\t<meta name=\"twitter:data1\" content=\"Staff\" \/>\n\t<meta name=\"twitter:label2\" content=\"Tiempo de lectura\" \/>\n\t<meta name=\"twitter:data2\" content=\"1 minuto\" \/>\n<script type=\"application\/ld+json\" class=\"yoast-schema-graph\">{\"@context\":\"https:\\\/\\\/schema.org\",\"@graph\":[{\"@type\":\"Article\",\"@id\":\"https:\\\/\\\/www.bbmnoticias.com\\\/labravaradiofm\\\/2023\\\/02\\\/22\\\/mantiene-gobierno-federal-y-estatal-dialogo-con-pobladores-de-san-vicente-coatlan\\\/#article\",\"isPartOf\":{\"@id\":\"https:\\\/\\\/www.bbmnoticias.com\\\/labravaradiofm\\\/2023\\\/02\\\/22\\\/mantiene-gobierno-federal-y-estatal-dialogo-con-pobladores-de-san-vicente-coatlan\\\/\"},\"author\":{\"name\":\"Staff\",\"@id\":\"https:\\\/\\\/www.bbmnoticias.com\\\/labravaradiofm\\\/#\\\/schema\\\/person\\\/68a9e9036ef3c5b55aeb2b71dc8bab45\"},\"headline\":\"Mantiene Gobierno Federal y Estatal di\u00e1logo con pobladores de San Vicente Coatl\u00e1n\",\"datePublished\":\"2023-02-22T19:11:52+00:00\",\"mainEntityOfPage\":{\"@id\":\"https:\\\/\\\/www.bbmnoticias.com\\\/labravaradiofm\\\/2023\\\/02\\\/22\\\/mantiene-gobierno-federal-y-estatal-dialogo-con-pobladores-de-san-vicente-coatlan\\\/\"},\"wordCount\":219,\"image\":{\"@id\":\"https:\\\/\\\/www.bbmnoticias.com\\\/labravaradiofm\\\/2023\\\/02\\\/22\\\/mantiene-gobierno-federal-y-estatal-dialogo-con-pobladores-de-san-vicente-coatlan\\\/#primaryimage\"},\"thumbnailUrl\":\"https:\\\/\\\/www.bbmnoticias.com\\\/labravaradiofm\\\/wp-content\\\/uploads\\\/sites\\\/5\\\/2023\\\/02\\\/autoridades-coatlan.jpeg\",\"articleSection\":[\"LOCAL\"],\"inLanguage\":\"es\"},{\"@type\":\"WebPage\",\"@id\":\"https:\\\/\\\/www.bbmnoticias.com\\\/labravaradiofm\\\/2023\\\/02\\\/22\\\/mantiene-gobierno-federal-y-estatal-dialogo-con-pobladores-de-san-vicente-coatlan\\\/\",\"url\":\"https:\\\/\\\/www.bbmnoticias.com\\\/labravaradiofm\\\/2023\\\/02\\\/22\\\/mantiene-gobierno-federal-y-estatal-dialogo-con-pobladores-de-san-vicente-coatlan\\\/\",\"name\":\"Mantiene Gobierno Federal y Estatal di\u00e1logo con pobladores de San Vicente Coatl\u00e1n - LA BRAVA RADIO\",\"isPartOf\":{\"@id\":\"https:\\\/\\\/www.bbmnoticias.com\\\/labravaradiofm\\\/#website\"},\"primaryImageOfPage\":{\"@id\":\"https:\\\/\\\/www.bbmnoticias.com\\\/labravaradiofm\\\/2023\\\/02\\\/22\\\/mantiene-gobierno-federal-y-estatal-dialogo-con-pobladores-de-san-vicente-coatlan\\\/#primaryimage\"},\"image\":{\"@id\":\"https:\\\/\\\/www.bbmnoticias.com\\\/labravaradiofm\\\/2023\\\/02\\\/22\\\/mantiene-gobierno-federal-y-estatal-dialogo-con-pobladores-de-san-vicente-coatlan\\\/#primaryimage\"},\"thumbnailUrl\":\"https:\\\/\\\/www.bbmnoticias.com\\\/labravaradiofm\\\/wp-content\\\/uploads\\\/sites\\\/5\\\/2023\\\/02\\\/autoridades-coatlan.jpeg\",\"datePublished\":\"2023-02-22T19:11:52+00:00\",\"author\":{\"@id\":\"https:\\\/\\\/www.bbmnoticias.com\\\/labravaradiofm\\\/#\\\/schema\\\/person\\\/68a9e9036ef3c5b55aeb2b71dc8bab45\"},\"breadcrumb\":{\"@id\":\"https:\\\/\\\/www.bbmnoticias.com\\\/labravaradiofm\\\/2023\\\/02\\\/22\\\/mantiene-gobierno-federal-y-estatal-dialogo-con-pobladores-de-san-vicente-coatlan\\\/#breadcrumb\"},\"inLanguage\":\"es\",\"potentialAction\":[{\"@type\":\"ReadAction\",\"target\":[\"https:\\\/\\\/www.bbmnoticias.com\\\/labravaradiofm\\\/2023\\\/02\\\/22\\\/mantiene-gobierno-federal-y-estatal-dialogo-con-pobladores-de-san-vicente-coatlan\\\/\"]}]},{\"@type\":\"ImageObject\",\"inLanguage\":\"es\",\"@id\":\"https:\\\/\\\/www.bbmnoticias.com\\\/labravaradiofm\\\/2023\\\/02\\\/22\\\/mantiene-gobierno-federal-y-estatal-dialogo-con-pobladores-de-san-vicente-coatlan\\\/#primaryimage\",\"url\":\"https:\\\/\\\/www.bbmnoticias.com\\\/labravaradiofm\\\/wp-content\\\/uploads\\\/sites\\\/5\\\/2023\\\/02\\\/autoridades-coatlan.jpeg\",\"contentUrl\":\"https:\\\/\\\/www.bbmnoticias.com\\\/labravaradiofm\\\/wp-content\\\/uploads\\\/sites\\\/5\\\/2023\\\/02\\\/autoridades-coatlan.jpeg\",\"width\":1280,\"height\":854},{\"@type\":\"BreadcrumbList\",\"@id\":\"https:\\\/\\\/www.bbmnoticias.com\\\/labravaradiofm\\\/2023\\\/02\\\/22\\\/mantiene-gobierno-federal-y-estatal-dialogo-con-pobladores-de-san-vicente-coatlan\\\/#breadcrumb\",\"itemListElement\":[{\"@type\":\"ListItem\",\"position\":1,\"name\":\"Inicio\",\"item\":\"https:\\\/\\\/www.bbmnoticias.com\\\/labravaradiofm\\\/\"},{\"@type\":\"ListItem\",\"position\":2,\"name\":\"Mantiene Gobierno Federal y Estatal di\u00e1logo con pobladores de San Vicente Coatl\u00e1n\"}]},{\"@type\":\"WebSite\",\"@id\":\"https:\\\/\\\/www.bbmnoticias.com\\\/labravaradiofm\\\/#website\",\"url\":\"https:\\\/\\\/www.bbmnoticias.com\\\/labravaradiofm\\\/\",\"name\":\"LA BRAVA RADIO\",\"description\":\"Empresa productora de medios, Radiodifusi\u00f3n, Noticias, tendencias y todo lo que necesitas saber de la pol\u00edtica mexicana e internacional; entretenimiento, espect\u00e1culos, salud y mucho m\u00e1s.\",\"potentialAction\":[{\"@type\":\"SearchAction\",\"target\":{\"@type\":\"EntryPoint\",\"urlTemplate\":\"https:\\\/\\\/www.bbmnoticias.com\\\/labravaradiofm\\\/?s={search_term_string}\"},\"query-input\":{\"@type\":\"PropertyValueSpecification\",\"valueRequired\":true,\"valueName\":\"search_term_string\"}}],\"inLanguage\":\"es\"},{\"@type\":\"Person\",\"@id\":\"https:\\\/\\\/www.bbmnoticias.com\\\/labravaradiofm\\\/#\\\/schema\\\/person\\\/68a9e9036ef3c5b55aeb2b71dc8bab45\",\"name\":\"Staff\",\"image\":{\"@type\":\"ImageObject\",\"inLanguage\":\"es\",\"@id\":\"https:\\\/\\\/secure.gravatar.com\\\/avatar\\\/fdd21ad66fd8b98c407f9dee5b5e588cfe7f0d8579ec20fa6527cd59bab7f0f0?s=96&d=mm&r=g\",\"url\":\"https:\\\/\\\/secure.gravatar.com\\\/avatar\\\/fdd21ad66fd8b98c407f9dee5b5e588cfe7f0d8579ec20fa6527cd59bab7f0f0?s=96&d=mm&r=g\",\"contentUrl\":\"https:\\\/\\\/secure.gravatar.com\\\/avatar\\\/fdd21ad66fd8b98c407f9dee5b5e588cfe7f0d8579ec20fa6527cd59bab7f0f0?s=96&d=mm&r=g\",\"caption\":\"Staff\"},\"url\":\"https:\\\/\\\/www.bbmnoticias.com\\\/labravaradiofm\\\/author\\\/redaccion\\\/\"}]}<\/script>\n<!-- \/ Yoast SEO plugin. -->","yoast_head_json":{"title":"Mantiene Gobierno Federal y Estatal di\u00e1logo con pobladores de San Vicente Coatl\u00e1n - LA BRAVA RADIO","robots":{"index":"index","follow":"follow","max-snippet":"max-snippet:-1","max-image-preview":"max-image-preview:large","max-video-preview":"max-video-preview:-1"},"canonical":"https:\/\/www.bbmnoticias.com\/labravaradiofm\/2023\/02\/22\/mantiene-gobierno-federal-y-estatal-dialogo-con-pobladores-de-san-vicente-coatlan\/","og_locale":"es_MX","og_type":"article","og_title":"Mantiene Gobierno Federal y Estatal di\u00e1logo con pobladores de San Vicente Coatl\u00e1n - LA BRAVA RADIO","og_description":"San Vicente Coatl\u00e1n, Oax., 22 de febrero de 2023.- Para dar seguimiento a los trabajos de construcci\u00f3n de la carretera Barranca Larga-Ventanilla, se realiz\u00f3 una reuni\u00f3n entre autoridades federales, estatales y pobladores de San Vicente Coatl\u00e1n. En el encuentro, en el que participaron Jorge Nu\u00f1o Lara, secretario de Infraestructura, Comunicaciones y Transportes (SICT) del Gobierno [&hellip;]","og_url":"https:\/\/www.bbmnoticias.com\/labravaradiofm\/2023\/02\/22\/mantiene-gobierno-federal-y-estatal-dialogo-con-pobladores-de-san-vicente-coatlan\/","og_site_name":"LA BRAVA RADIO","article_published_time":"2023-02-22T19:11:52+00:00","og_image":[{"width":1280,"height":854,"url":"https:\/\/www.bbmnoticias.com\/labravaradiofm\/wp-content\/uploads\/sites\/5\/2023\/02\/autoridades-coatlan.jpeg","type":"image\/jpeg"}],"author":"Staff","twitter_card":"summary_large_image","twitter_misc":{"Escrito por":"Staff","Tiempo de lectura":"1 minuto"},"schema":{"@context":"https:\/\/schema.org","@graph":[{"@type":"Article","@id":"https:\/\/www.bbmnoticias.com\/labravaradiofm\/2023\/02\/22\/mantiene-gobierno-federal-y-estatal-dialogo-con-pobladores-de-san-vicente-coatlan\/#article","isPartOf":{"@id":"https:\/\/www.bbmnoticias.com\/labravaradiofm\/2023\/02\/22\/mantiene-gobierno-federal-y-estatal-dialogo-con-pobladores-de-san-vicente-coatlan\/"},"author":{"name":"Staff","@id":"https:\/\/www.bbmnoticias.com\/labravaradiofm\/#\/schema\/person\/68a9e9036ef3c5b55aeb2b71dc8bab45"},"headline":"Mantiene Gobierno Federal y Estatal di\u00e1logo con pobladores de San Vicente Coatl\u00e1n","datePublished":"2023-02-22T19:11:52+00:00","mainEntityOfPage":{"@id":"https:\/\/www.bbmnoticias.com\/labravaradiofm\/2023\/02\/22\/mantiene-gobierno-federal-y-estatal-dialogo-con-pobladores-de-san-vicente-coatlan\/"},"wordCount":219,"image":{"@id":"https:\/\/www.bbmnoticias.com\/labravaradiofm\/2023\/02\/22\/mantiene-gobierno-federal-y-estatal-dialogo-con-pobladores-de-san-vicente-coatlan\/#primaryimage"},"thumbnailUrl":"https:\/\/www.bbmnoticias.com\/labravaradiofm\/wp-content\/uploads\/sites\/5\/2023\/02\/autoridades-coatlan.jpeg","articleSection":["LOCAL"],"inLanguage":"es"},{"@type":"WebPage","@id":"https:\/\/www.bbmnoticias.com\/labravaradiofm\/2023\/02\/22\/mantiene-gobierno-federal-y-estatal-dialogo-con-pobladores-de-san-vicente-coatlan\/","url":"https:\/\/www.bbmnoticias.com\/labravaradiofm\/2023\/02\/22\/mantiene-gobierno-federal-y-estatal-dialogo-con-pobladores-de-san-vicente-coatlan\/","name":"Mantiene Gobierno Federal y Estatal di\u00e1logo con pobladores de San Vicente Coatl\u00e1n - LA BRAVA RADIO","isPartOf":{"@id":"https:\/\/www.bbmnoticias.com\/labravaradiofm\/#website"},"primaryImageOfPage":{"@id":"https:\/\/www.bbmnoticias.com\/labravaradiofm\/2023\/02\/22\/mantiene-gobierno-federal-y-estatal-dialogo-con-pobladores-de-san-vicente-coatlan\/#primaryimage"},"image":{"@id":"https:\/\/www.bbmnoticias.com\/labravaradiofm\/2023\/02\/22\/mantiene-gobierno-federal-y-estatal-dialogo-con-pobladores-de-san-vicente-coatlan\/#primaryimage"},"thumbnailUrl":"https:\/\/www.bbmnoticias.com\/labravaradiofm\/wp-content\/uploads\/sites\/5\/2023\/02\/autoridades-coatlan.jpeg","datePublished":"2023-02-22T19:11:52+00:00","author":{"@id":"https:\/\/www.bbmnoticias.com\/labravaradiofm\/#\/schema\/person\/68a9e9036ef3c5b55aeb2b71dc8bab45"},"breadcrumb":{"@id":"https:\/\/www.bbmnoticias.com\/labravaradiofm\/2023\/02\/22\/mantiene-gobierno-federal-y-estatal-dialogo-con-pobladores-de-san-vicente-coatlan\/#breadcrumb"},"inLanguage":"es","potentialAction":[{"@type":"ReadAction","target":["https:\/\/www.bbmnoticias.com\/labravaradiofm\/2023\/02\/22\/mantiene-gobierno-federal-y-estatal-dialogo-con-pobladores-de-san-vicente-coatlan\/"]}]},{"@type":"ImageObject","inLanguage":"es","@id":"https:\/\/www.bbmnoticias.com\/labravaradiofm\/2023\/02\/22\/mantiene-gobierno-federal-y-estatal-dialogo-con-pobladores-de-san-vicente-coatlan\/#primaryimage","url":"https:\/\/www.bbmnoticias.com\/labravaradiofm\/wp-content\/uploads\/sites\/5\/2023\/02\/autoridades-coatlan.jpeg","contentUrl":"https:\/\/www.bbmnoticias.com\/labravaradiofm\/wp-content\/uploads\/sites\/5\/2023\/02\/autoridades-coatlan.jpeg","width":1280,"height":854},{"@type":"BreadcrumbList","@id":"https:\/\/www.bbmnoticias.com\/labravaradiofm\/2023\/02\/22\/mantiene-gobierno-federal-y-estatal-dialogo-con-pobladores-de-san-vicente-coatlan\/#breadcrumb","itemListElement":[{"@type":"ListItem","position":1,"name":"Inicio","item":"https:\/\/www.bbmnoticias.com\/labravaradiofm\/"},{"@type":"ListItem","position":2,"name":"Mantiene Gobierno Federal y Estatal di\u00e1logo con pobladores de San Vicente Coatl\u00e1n"}]},{"@type":"WebSite","@id":"https:\/\/www.bbmnoticias.com\/labravaradiofm\/#website","url":"https:\/\/www.bbmnoticias.com\/labravaradiofm\/","name":"LA BRAVA RADIO","description":"Empresa productora de medios, Radiodifusi\u00f3n, Noticias, tendencias y todo lo que necesitas saber de la pol\u00edtica mexicana e internacional; entretenimiento, espect\u00e1culos, salud y mucho m\u00e1s.","potentialAction":[{"@type":"SearchAction","target":{"@type":"EntryPoint","urlTemplate":"https:\/\/www.bbmnoticias.com\/labravaradiofm\/?s={search_term_string}"},"query-input":{"@type":"PropertyValueSpecification","valueRequired":true,"valueName":"search_term_string"}}],"inLanguage":"es"},{"@type":"Person","@id":"https:\/\/www.bbmnoticias.com\/labravaradiofm\/#\/schema\/person\/68a9e9036ef3c5b55aeb2b71dc8bab45","name":"Staff","image":{"@type":"ImageObject","inLanguage":"es","@id":"https:\/\/secure.gravatar.com\/avatar\/fdd21ad66fd8b98c407f9dee5b5e588cfe7f0d8579ec20fa6527cd59bab7f0f0?s=96&d=mm&r=g","url":"https:\/\/secure.gravatar.com\/avatar\/fdd21ad66fd8b98c407f9dee5b5e588cfe7f0d8579ec20fa6527cd59bab7f0f0?s=96&d=mm&r=g","contentUrl":"https:\/\/secure.gravatar.com\/avatar\/fdd21ad66fd8b98c407f9dee5b5e588cfe7f0d8579ec20fa6527cd59bab7f0f0?s=96&d=mm&r=g","caption":"Staff"},"url":"https:\/\/www.bbmnoticias.com\/labravaradiofm\/author\/redaccion\/"}]}},"_links":{"self":[{"href":"https:\/\/www.bbmnoticias.com\/labravaradiofm\/wp-json\/wp\/v2\/posts\/23824","targetHints":{"allow":["GET"]}}],"collection":[{"href":"https:\/\/www.bbmnoticias.com\/labravaradiofm\/wp-json\/wp\/v2\/posts"}],"about":[{"href":"https:\/\/www.bbmnoticias.com\/labravaradiofm\/wp-json\/wp\/v2\/types\/post"}],"author":[{"embeddable":true,"href":"https:\/\/www.bbmnoticias.com\/labravaradiofm\/wp-json\/wp\/v2\/users\/2"}],"replies":[{"embeddable":true,"href":"https:\/\/www.bbmnoticias.com\/labravaradiofm\/wp-json\/wp\/v2\/comments?post=23824"}],"version-history":[{"count":0,"href":"https:\/\/www.bbmnoticias.com\/labravaradiofm\/wp-json\/wp\/v2\/posts\/23824\/revisions"}],"wp:featuredmedia":[{"embeddable":true,"href":"https:\/\/www.bbmnoticias.com\/labravaradiofm\/wp-json\/wp\/v2\/media\/23825"}],"wp:attachment":[{"href":"https:\/\/www.bbmnoticias.com\/labravaradiofm\/wp-json\/wp\/v2\/media?parent=23824"}],"wp:term":[{"taxonomy":"category","embeddable":true,"href":"https:\/\/www.bbmnoticias.com\/labravaradiofm\/wp-json\/wp\/v2\/categories?post=23824"},{"taxonomy":"post_tag","embeddable":true,"href":"https:\/\/www.bbmnoticias.com\/labravaradiofm\/wp-json\/wp\/v2\/tags?post=23824"}],"curies":[{"name":"wp","href":"https:\/\/api.w.org\/{rel}","templated":true}]}}