{"id":23694,"date":"2023-02-17T11:46:48","date_gmt":"2023-02-17T17:46:48","guid":{"rendered":"https:\/\/www.bbmnoticias.com\/labravaradiofm\/?p=23694"},"modified":"2023-02-17T11:46:49","modified_gmt":"2023-02-17T17:46:49","slug":"acciones-para-generar-crecimiento-economico-desarrollo-y-bienestar-integraran-el-ped-de-oaxaca","status":"publish","type":"post","link":"https:\/\/www.bbmnoticias.com\/labravaradiofm\/2023\/02\/17\/acciones-para-generar-crecimiento-economico-desarrollo-y-bienestar-integraran-el-ped-de-oaxaca\/","title":{"rendered":"Acciones para generar crecimiento econ\u00f3mico, desarrollo y bienestar integrar\u00e1n el PED de Oaxaca"},"content":{"rendered":"<div style=\"margin-top: 0px; margin-bottom: 0px;\" class=\"sharethis-inline-share-buttons\" ><\/div>\n<p><strong>Oaxaca de Ju\u00e1rez, Oax; 17 de febrero del 2023.-<\/strong> El secretario de Desarrollo Econ\u00f3mico, Ra\u00fal Ruiz Robles inform\u00f3 que el Plan Estatal de Desarroll\u00f3 (PED) 2022 \u2013 2028 integrar\u00e1 acciones para generar crecimiento econ\u00f3mico, desarrollo y bienestar para Oaxaca.<\/p>\n\n\n\n<p>En el marco del Foro Sectorial de Crecimiento y Desarrollo Econ\u00f3mico, afirm\u00f3 que el objetivo de esta administraci\u00f3n es atender a los sectores m\u00e1s vulnerables, reducir los niveles de marginaci\u00f3n y pobreza en el que viven miles de ciudadanos de las ocho regiones de Oaxaca.<\/p>\n\n\n\n<p>Con la participaci\u00f3n plural de todos los sectores, el PED se alinear\u00e1 a los principios de la Cuarta Transformaci\u00f3n que encabeza el presidente Andr\u00e9s Manuel L\u00f3pez Obrador, que consisten en dar atenci\u00f3n a los m\u00e1s pobres, combatir la corrupci\u00f3n y generar el bienestar de quienes han sido marginados por otros gobiernos.<\/p>\n\n\n\n<p>Ruiz Robles puntualiz\u00f3 que este ejercicio es hist\u00f3rico para Oaxaca, ya que se escucharon propuestas y necesidades de hombres y mujeres que mueven la econom\u00eda en las ocho regiones del estado.<\/p>\n\n\n\n<p>&#8220;Vamos a poner nuestro esfuerzo, compromiso, sensibilidad, habilidades y conocimientos; pero sobre todo el aprecio por nuestras comunidades para darle a Oaxaca la importancia que se merece por su riqueza hist\u00f3rica, cultural, social y \u00e9tnica&#8221;, indic\u00f3.<\/p>\n\n\n\n<p>En el Foro realizado en el Instituto Tecnol\u00f3gico de Oaxaca (ITO), se realizaron 12 mesas de trabajo: Financiamiento, Transferencia de Conocimiento y Tecnolog\u00edas, Empleo e Inclusi\u00f3n Social, Vinculaci\u00f3n Internacional, Fomento y Protecci\u00f3n Artesanal, Fuentes y Vinculaci\u00f3n de Empleos, adem\u00e1s de Fortalecimiento y Competitividad del Emprendimiento, Comercio y Atracci\u00f3n de Inversi\u00f3n, Desarrollo y Fortalecimiento Comercial, Sistema de Informaci\u00f3n Econ\u00f3mica y Mejora Regulatoria, as\u00ed como la Transformaci\u00f3n Laboral de Oaxaca.<\/p>\n\n\n\n<p>En el foro participaron la secretaria del Trabajo, Edith Santib\u00e1\u00f1ez, la presidenta de la Comisi\u00f3n permanente de Desarrollo Econ\u00f3mico, Industrial, Comercial y Artesanal de la 65 Legislatura Local, Leticia Socorro Collado Soto; el subdirector Acad\u00e9mico, Rub\u00e9n Doroteo Castillejos, en representaci\u00f3n de Fernando Toledo Toledo, director del Instituto Tecnol\u00f3gico de Oaxaca (ITO).<\/p>\n\n\n\n<p>Tambi\u00e9n estuvo presente la presidenta de COPARMEX Oaxaca, Laura Patricia Barranco Ruiz; el subsecretario de Desarrollo Sectorial y Mejora Regulatoria, Gerardo Medina Cano y la subsecretaria de Industria e Innovaci\u00f3n, Anjuly Saavedra, as\u00ed como representantes del sector artesanal, industrial, acad\u00e9mico y comercial, entre otros.<\/p>\n","protected":false},"excerpt":{"rendered":"<p>Oaxaca de Ju\u00e1rez, Oax; 17 de febrero del 2023.- El secretario de Desarrollo Econ\u00f3mico, Ra\u00fal Ruiz Robles inform\u00f3 que el Plan Estatal de Desarroll\u00f3 (PED) 2022 \u2013 2028 integrar\u00e1 acciones para generar crecimiento econ\u00f3mico, desarrollo y bienestar para Oaxaca. En el marco del Foro Sectorial de Crecimiento y Desarrollo Econ\u00f3mico, afirm\u00f3 que el objetivo de [&hellip;]<\/p>\n","protected":false},"author":2,"featured_media":23695,"comment_status":"closed","ping_status":"closed","sticky":false,"template":"","format":"standard","meta":{"footnotes":""},"categories":[2],"tags":[],"class_list":{"0":"post-23694","1":"post","2":"type-post","3":"status-publish","4":"format-standard","5":"has-post-thumbnail","7":"category-oaxaca"},"yoast_head":"<!-- This site is optimized with the Yoast SEO plugin v27.4 - https:\/\/yoast.com\/product\/yoast-seo-wordpress\/ -->\n<title>Acciones para generar crecimiento econ\u00f3mico, desarrollo y bienestar integrar\u00e1n el PED de Oaxaca - LA BRAVA RADIO<\/title>\n<meta name=\"robots\" content=\"index, follow, max-snippet:-1, max-image-preview:large, max-video-preview:-1\" \/>\n<link rel=\"canonical\" href=\"https:\/\/www.bbmnoticias.com\/labravaradiofm\/2023\/02\/17\/acciones-para-generar-crecimiento-economico-desarrollo-y-bienestar-integraran-el-ped-de-oaxaca\/\" \/>\n<meta property=\"og:locale\" content=\"es_MX\" \/>\n<meta property=\"og:type\" content=\"article\" \/>\n<meta property=\"og:title\" content=\"Acciones para generar crecimiento econ\u00f3mico, desarrollo y bienestar integrar\u00e1n el PED de Oaxaca - LA BRAVA RADIO\" \/>\n<meta property=\"og:description\" content=\"Oaxaca de Ju\u00e1rez, Oax; 17 de febrero del 2023.- El secretario de Desarrollo Econ\u00f3mico, Ra\u00fal Ruiz Robles inform\u00f3 que el Plan Estatal de Desarroll\u00f3 (PED) 2022 \u2013 2028 integrar\u00e1 acciones para generar crecimiento econ\u00f3mico, desarrollo y bienestar para Oaxaca. En el marco del Foro Sectorial de Crecimiento y Desarrollo Econ\u00f3mico, afirm\u00f3 que el objetivo de [&hellip;]\" \/>\n<meta property=\"og:url\" content=\"https:\/\/www.bbmnoticias.com\/labravaradiofm\/2023\/02\/17\/acciones-para-generar-crecimiento-economico-desarrollo-y-bienestar-integraran-el-ped-de-oaxaca\/\" \/>\n<meta property=\"og:site_name\" content=\"LA BRAVA RADIO\" \/>\n<meta property=\"article:published_time\" content=\"2023-02-17T17:46:48+00:00\" \/>\n<meta property=\"article:modified_time\" content=\"2023-02-17T17:46:49+00:00\" \/>\n<meta property=\"og:image\" content=\"https:\/\/www.bbmnoticias.com\/labravaradiofm\/wp-content\/uploads\/sites\/5\/2023\/02\/ped-oaxaca.jpeg\" \/>\n\t<meta property=\"og:image:width\" content=\"1280\" \/>\n\t<meta property=\"og:image:height\" content=\"854\" \/>\n\t<meta property=\"og:image:type\" content=\"image\/jpeg\" \/>\n<meta name=\"author\" content=\"Staff\" \/>\n<meta name=\"twitter:card\" content=\"summary_large_image\" \/>\n<meta name=\"twitter:label1\" content=\"Escrito por\" \/>\n\t<meta name=\"twitter:data1\" content=\"Staff\" \/>\n\t<meta name=\"twitter:label2\" content=\"Tiempo de lectura\" \/>\n\t<meta name=\"twitter:data2\" content=\"2 minutos\" \/>\n<script type=\"application\/ld+json\" class=\"yoast-schema-graph\">{\"@context\":\"https:\\\/\\\/schema.org\",\"@graph\":[{\"@type\":\"Article\",\"@id\":\"https:\\\/\\\/www.bbmnoticias.com\\\/labravaradiofm\\\/2023\\\/02\\\/17\\\/acciones-para-generar-crecimiento-economico-desarrollo-y-bienestar-integraran-el-ped-de-oaxaca\\\/#article\",\"isPartOf\":{\"@id\":\"https:\\\/\\\/www.bbmnoticias.com\\\/labravaradiofm\\\/2023\\\/02\\\/17\\\/acciones-para-generar-crecimiento-economico-desarrollo-y-bienestar-integraran-el-ped-de-oaxaca\\\/\"},\"author\":{\"name\":\"Staff\",\"@id\":\"https:\\\/\\\/www.bbmnoticias.com\\\/labravaradiofm\\\/#\\\/schema\\\/person\\\/68a9e9036ef3c5b55aeb2b71dc8bab45\"},\"headline\":\"Acciones para generar crecimiento econ\u00f3mico, desarrollo y bienestar integrar\u00e1n el PED de Oaxaca\",\"datePublished\":\"2023-02-17T17:46:48+00:00\",\"dateModified\":\"2023-02-17T17:46:49+00:00\",\"mainEntityOfPage\":{\"@id\":\"https:\\\/\\\/www.bbmnoticias.com\\\/labravaradiofm\\\/2023\\\/02\\\/17\\\/acciones-para-generar-crecimiento-economico-desarrollo-y-bienestar-integraran-el-ped-de-oaxaca\\\/\"},\"wordCount\":414,\"image\":{\"@id\":\"https:\\\/\\\/www.bbmnoticias.com\\\/labravaradiofm\\\/2023\\\/02\\\/17\\\/acciones-para-generar-crecimiento-economico-desarrollo-y-bienestar-integraran-el-ped-de-oaxaca\\\/#primaryimage\"},\"thumbnailUrl\":\"https:\\\/\\\/www.bbmnoticias.com\\\/labravaradiofm\\\/wp-content\\\/uploads\\\/sites\\\/5\\\/2023\\\/02\\\/ped-oaxaca.jpeg\",\"articleSection\":[\"LOCAL\"],\"inLanguage\":\"es\"},{\"@type\":\"WebPage\",\"@id\":\"https:\\\/\\\/www.bbmnoticias.com\\\/labravaradiofm\\\/2023\\\/02\\\/17\\\/acciones-para-generar-crecimiento-economico-desarrollo-y-bienestar-integraran-el-ped-de-oaxaca\\\/\",\"url\":\"https:\\\/\\\/www.bbmnoticias.com\\\/labravaradiofm\\\/2023\\\/02\\\/17\\\/acciones-para-generar-crecimiento-economico-desarrollo-y-bienestar-integraran-el-ped-de-oaxaca\\\/\",\"name\":\"Acciones para generar crecimiento econ\u00f3mico, desarrollo y bienestar integrar\u00e1n el PED de Oaxaca - LA BRAVA RADIO\",\"isPartOf\":{\"@id\":\"https:\\\/\\\/www.bbmnoticias.com\\\/labravaradiofm\\\/#website\"},\"primaryImageOfPage\":{\"@id\":\"https:\\\/\\\/www.bbmnoticias.com\\\/labravaradiofm\\\/2023\\\/02\\\/17\\\/acciones-para-generar-crecimiento-economico-desarrollo-y-bienestar-integraran-el-ped-de-oaxaca\\\/#primaryimage\"},\"image\":{\"@id\":\"https:\\\/\\\/www.bbmnoticias.com\\\/labravaradiofm\\\/2023\\\/02\\\/17\\\/acciones-para-generar-crecimiento-economico-desarrollo-y-bienestar-integraran-el-ped-de-oaxaca\\\/#primaryimage\"},\"thumbnailUrl\":\"https:\\\/\\\/www.bbmnoticias.com\\\/labravaradiofm\\\/wp-content\\\/uploads\\\/sites\\\/5\\\/2023\\\/02\\\/ped-oaxaca.jpeg\",\"datePublished\":\"2023-02-17T17:46:48+00:00\",\"dateModified\":\"2023-02-17T17:46:49+00:00\",\"author\":{\"@id\":\"https:\\\/\\\/www.bbmnoticias.com\\\/labravaradiofm\\\/#\\\/schema\\\/person\\\/68a9e9036ef3c5b55aeb2b71dc8bab45\"},\"breadcrumb\":{\"@id\":\"https:\\\/\\\/www.bbmnoticias.com\\\/labravaradiofm\\\/2023\\\/02\\\/17\\\/acciones-para-generar-crecimiento-economico-desarrollo-y-bienestar-integraran-el-ped-de-oaxaca\\\/#breadcrumb\"},\"inLanguage\":\"es\",\"potentialAction\":[{\"@type\":\"ReadAction\",\"target\":[\"https:\\\/\\\/www.bbmnoticias.com\\\/labravaradiofm\\\/2023\\\/02\\\/17\\\/acciones-para-generar-crecimiento-economico-desarrollo-y-bienestar-integraran-el-ped-de-oaxaca\\\/\"]}]},{\"@type\":\"ImageObject\",\"inLanguage\":\"es\",\"@id\":\"https:\\\/\\\/www.bbmnoticias.com\\\/labravaradiofm\\\/2023\\\/02\\\/17\\\/acciones-para-generar-crecimiento-economico-desarrollo-y-bienestar-integraran-el-ped-de-oaxaca\\\/#primaryimage\",\"url\":\"https:\\\/\\\/www.bbmnoticias.com\\\/labravaradiofm\\\/wp-content\\\/uploads\\\/sites\\\/5\\\/2023\\\/02\\\/ped-oaxaca.jpeg\",\"contentUrl\":\"https:\\\/\\\/www.bbmnoticias.com\\\/labravaradiofm\\\/wp-content\\\/uploads\\\/sites\\\/5\\\/2023\\\/02\\\/ped-oaxaca.jpeg\",\"width\":1280,\"height\":854},{\"@type\":\"BreadcrumbList\",\"@id\":\"https:\\\/\\\/www.bbmnoticias.com\\\/labravaradiofm\\\/2023\\\/02\\\/17\\\/acciones-para-generar-crecimiento-economico-desarrollo-y-bienestar-integraran-el-ped-de-oaxaca\\\/#breadcrumb\",\"itemListElement\":[{\"@type\":\"ListItem\",\"position\":1,\"name\":\"Inicio\",\"item\":\"https:\\\/\\\/www.bbmnoticias.com\\\/labravaradiofm\\\/\"},{\"@type\":\"ListItem\",\"position\":2,\"name\":\"Acciones para generar crecimiento econ\u00f3mico, desarrollo y bienestar integrar\u00e1n el PED de Oaxaca\"}]},{\"@type\":\"WebSite\",\"@id\":\"https:\\\/\\\/www.bbmnoticias.com\\\/labravaradiofm\\\/#website\",\"url\":\"https:\\\/\\\/www.bbmnoticias.com\\\/labravaradiofm\\\/\",\"name\":\"LA BRAVA RADIO\",\"description\":\"Empresa productora de medios, Radiodifusi\u00f3n, Noticias, tendencias y todo lo que necesitas saber de la pol\u00edtica mexicana e internacional; entretenimiento, espect\u00e1culos, salud y mucho m\u00e1s.\",\"potentialAction\":[{\"@type\":\"SearchAction\",\"target\":{\"@type\":\"EntryPoint\",\"urlTemplate\":\"https:\\\/\\\/www.bbmnoticias.com\\\/labravaradiofm\\\/?s={search_term_string}\"},\"query-input\":{\"@type\":\"PropertyValueSpecification\",\"valueRequired\":true,\"valueName\":\"search_term_string\"}}],\"inLanguage\":\"es\"},{\"@type\":\"Person\",\"@id\":\"https:\\\/\\\/www.bbmnoticias.com\\\/labravaradiofm\\\/#\\\/schema\\\/person\\\/68a9e9036ef3c5b55aeb2b71dc8bab45\",\"name\":\"Staff\",\"image\":{\"@type\":\"ImageObject\",\"inLanguage\":\"es\",\"@id\":\"https:\\\/\\\/secure.gravatar.com\\\/avatar\\\/fdd21ad66fd8b98c407f9dee5b5e588cfe7f0d8579ec20fa6527cd59bab7f0f0?s=96&d=mm&r=g\",\"url\":\"https:\\\/\\\/secure.gravatar.com\\\/avatar\\\/fdd21ad66fd8b98c407f9dee5b5e588cfe7f0d8579ec20fa6527cd59bab7f0f0?s=96&d=mm&r=g\",\"contentUrl\":\"https:\\\/\\\/secure.gravatar.com\\\/avatar\\\/fdd21ad66fd8b98c407f9dee5b5e588cfe7f0d8579ec20fa6527cd59bab7f0f0?s=96&d=mm&r=g\",\"caption\":\"Staff\"},\"url\":\"https:\\\/\\\/www.bbmnoticias.com\\\/labravaradiofm\\\/author\\\/redaccion\\\/\"}]}<\/script>\n<!-- \/ Yoast SEO plugin. -->","yoast_head_json":{"title":"Acciones para generar crecimiento econ\u00f3mico, desarrollo y bienestar integrar\u00e1n el PED de Oaxaca - LA BRAVA RADIO","robots":{"index":"index","follow":"follow","max-snippet":"max-snippet:-1","max-image-preview":"max-image-preview:large","max-video-preview":"max-video-preview:-1"},"canonical":"https:\/\/www.bbmnoticias.com\/labravaradiofm\/2023\/02\/17\/acciones-para-generar-crecimiento-economico-desarrollo-y-bienestar-integraran-el-ped-de-oaxaca\/","og_locale":"es_MX","og_type":"article","og_title":"Acciones para generar crecimiento econ\u00f3mico, desarrollo y bienestar integrar\u00e1n el PED de Oaxaca - LA BRAVA RADIO","og_description":"Oaxaca de Ju\u00e1rez, Oax; 17 de febrero del 2023.- El secretario de Desarrollo Econ\u00f3mico, Ra\u00fal Ruiz Robles inform\u00f3 que el Plan Estatal de Desarroll\u00f3 (PED) 2022 \u2013 2028 integrar\u00e1 acciones para generar crecimiento econ\u00f3mico, desarrollo y bienestar para Oaxaca. En el marco del Foro Sectorial de Crecimiento y Desarrollo Econ\u00f3mico, afirm\u00f3 que el objetivo de [&hellip;]","og_url":"https:\/\/www.bbmnoticias.com\/labravaradiofm\/2023\/02\/17\/acciones-para-generar-crecimiento-economico-desarrollo-y-bienestar-integraran-el-ped-de-oaxaca\/","og_site_name":"LA BRAVA RADIO","article_published_time":"2023-02-17T17:46:48+00:00","article_modified_time":"2023-02-17T17:46:49+00:00","og_image":[{"width":1280,"height":854,"url":"https:\/\/www.bbmnoticias.com\/labravaradiofm\/wp-content\/uploads\/sites\/5\/2023\/02\/ped-oaxaca.jpeg","type":"image\/jpeg"}],"author":"Staff","twitter_card":"summary_large_image","twitter_misc":{"Escrito por":"Staff","Tiempo de lectura":"2 minutos"},"schema":{"@context":"https:\/\/schema.org","@graph":[{"@type":"Article","@id":"https:\/\/www.bbmnoticias.com\/labravaradiofm\/2023\/02\/17\/acciones-para-generar-crecimiento-economico-desarrollo-y-bienestar-integraran-el-ped-de-oaxaca\/#article","isPartOf":{"@id":"https:\/\/www.bbmnoticias.com\/labravaradiofm\/2023\/02\/17\/acciones-para-generar-crecimiento-economico-desarrollo-y-bienestar-integraran-el-ped-de-oaxaca\/"},"author":{"name":"Staff","@id":"https:\/\/www.bbmnoticias.com\/labravaradiofm\/#\/schema\/person\/68a9e9036ef3c5b55aeb2b71dc8bab45"},"headline":"Acciones para generar crecimiento econ\u00f3mico, desarrollo y bienestar integrar\u00e1n el PED de Oaxaca","datePublished":"2023-02-17T17:46:48+00:00","dateModified":"2023-02-17T17:46:49+00:00","mainEntityOfPage":{"@id":"https:\/\/www.bbmnoticias.com\/labravaradiofm\/2023\/02\/17\/acciones-para-generar-crecimiento-economico-desarrollo-y-bienestar-integraran-el-ped-de-oaxaca\/"},"wordCount":414,"image":{"@id":"https:\/\/www.bbmnoticias.com\/labravaradiofm\/2023\/02\/17\/acciones-para-generar-crecimiento-economico-desarrollo-y-bienestar-integraran-el-ped-de-oaxaca\/#primaryimage"},"thumbnailUrl":"https:\/\/www.bbmnoticias.com\/labravaradiofm\/wp-content\/uploads\/sites\/5\/2023\/02\/ped-oaxaca.jpeg","articleSection":["LOCAL"],"inLanguage":"es"},{"@type":"WebPage","@id":"https:\/\/www.bbmnoticias.com\/labravaradiofm\/2023\/02\/17\/acciones-para-generar-crecimiento-economico-desarrollo-y-bienestar-integraran-el-ped-de-oaxaca\/","url":"https:\/\/www.bbmnoticias.com\/labravaradiofm\/2023\/02\/17\/acciones-para-generar-crecimiento-economico-desarrollo-y-bienestar-integraran-el-ped-de-oaxaca\/","name":"Acciones para generar crecimiento econ\u00f3mico, desarrollo y bienestar integrar\u00e1n el PED de Oaxaca - LA BRAVA RADIO","isPartOf":{"@id":"https:\/\/www.bbmnoticias.com\/labravaradiofm\/#website"},"primaryImageOfPage":{"@id":"https:\/\/www.bbmnoticias.com\/labravaradiofm\/2023\/02\/17\/acciones-para-generar-crecimiento-economico-desarrollo-y-bienestar-integraran-el-ped-de-oaxaca\/#primaryimage"},"image":{"@id":"https:\/\/www.bbmnoticias.com\/labravaradiofm\/2023\/02\/17\/acciones-para-generar-crecimiento-economico-desarrollo-y-bienestar-integraran-el-ped-de-oaxaca\/#primaryimage"},"thumbnailUrl":"https:\/\/www.bbmnoticias.com\/labravaradiofm\/wp-content\/uploads\/sites\/5\/2023\/02\/ped-oaxaca.jpeg","datePublished":"2023-02-17T17:46:48+00:00","dateModified":"2023-02-17T17:46:49+00:00","author":{"@id":"https:\/\/www.bbmnoticias.com\/labravaradiofm\/#\/schema\/person\/68a9e9036ef3c5b55aeb2b71dc8bab45"},"breadcrumb":{"@id":"https:\/\/www.bbmnoticias.com\/labravaradiofm\/2023\/02\/17\/acciones-para-generar-crecimiento-economico-desarrollo-y-bienestar-integraran-el-ped-de-oaxaca\/#breadcrumb"},"inLanguage":"es","potentialAction":[{"@type":"ReadAction","target":["https:\/\/www.bbmnoticias.com\/labravaradiofm\/2023\/02\/17\/acciones-para-generar-crecimiento-economico-desarrollo-y-bienestar-integraran-el-ped-de-oaxaca\/"]}]},{"@type":"ImageObject","inLanguage":"es","@id":"https:\/\/www.bbmnoticias.com\/labravaradiofm\/2023\/02\/17\/acciones-para-generar-crecimiento-economico-desarrollo-y-bienestar-integraran-el-ped-de-oaxaca\/#primaryimage","url":"https:\/\/www.bbmnoticias.com\/labravaradiofm\/wp-content\/uploads\/sites\/5\/2023\/02\/ped-oaxaca.jpeg","contentUrl":"https:\/\/www.bbmnoticias.com\/labravaradiofm\/wp-content\/uploads\/sites\/5\/2023\/02\/ped-oaxaca.jpeg","width":1280,"height":854},{"@type":"BreadcrumbList","@id":"https:\/\/www.bbmnoticias.com\/labravaradiofm\/2023\/02\/17\/acciones-para-generar-crecimiento-economico-desarrollo-y-bienestar-integraran-el-ped-de-oaxaca\/#breadcrumb","itemListElement":[{"@type":"ListItem","position":1,"name":"Inicio","item":"https:\/\/www.bbmnoticias.com\/labravaradiofm\/"},{"@type":"ListItem","position":2,"name":"Acciones para generar crecimiento econ\u00f3mico, desarrollo y bienestar integrar\u00e1n el PED de Oaxaca"}]},{"@type":"WebSite","@id":"https:\/\/www.bbmnoticias.com\/labravaradiofm\/#website","url":"https:\/\/www.bbmnoticias.com\/labravaradiofm\/","name":"LA BRAVA RADIO","description":"Empresa productora de medios, Radiodifusi\u00f3n, Noticias, tendencias y todo lo que necesitas saber de la pol\u00edtica mexicana e internacional; entretenimiento, espect\u00e1culos, salud y mucho m\u00e1s.","potentialAction":[{"@type":"SearchAction","target":{"@type":"EntryPoint","urlTemplate":"https:\/\/www.bbmnoticias.com\/labravaradiofm\/?s={search_term_string}"},"query-input":{"@type":"PropertyValueSpecification","valueRequired":true,"valueName":"search_term_string"}}],"inLanguage":"es"},{"@type":"Person","@id":"https:\/\/www.bbmnoticias.com\/labravaradiofm\/#\/schema\/person\/68a9e9036ef3c5b55aeb2b71dc8bab45","name":"Staff","image":{"@type":"ImageObject","inLanguage":"es","@id":"https:\/\/secure.gravatar.com\/avatar\/fdd21ad66fd8b98c407f9dee5b5e588cfe7f0d8579ec20fa6527cd59bab7f0f0?s=96&d=mm&r=g","url":"https:\/\/secure.gravatar.com\/avatar\/fdd21ad66fd8b98c407f9dee5b5e588cfe7f0d8579ec20fa6527cd59bab7f0f0?s=96&d=mm&r=g","contentUrl":"https:\/\/secure.gravatar.com\/avatar\/fdd21ad66fd8b98c407f9dee5b5e588cfe7f0d8579ec20fa6527cd59bab7f0f0?s=96&d=mm&r=g","caption":"Staff"},"url":"https:\/\/www.bbmnoticias.com\/labravaradiofm\/author\/redaccion\/"}]}},"_links":{"self":[{"href":"https:\/\/www.bbmnoticias.com\/labravaradiofm\/wp-json\/wp\/v2\/posts\/23694","targetHints":{"allow":["GET"]}}],"collection":[{"href":"https:\/\/www.bbmnoticias.com\/labravaradiofm\/wp-json\/wp\/v2\/posts"}],"about":[{"href":"https:\/\/www.bbmnoticias.com\/labravaradiofm\/wp-json\/wp\/v2\/types\/post"}],"author":[{"embeddable":true,"href":"https:\/\/www.bbmnoticias.com\/labravaradiofm\/wp-json\/wp\/v2\/users\/2"}],"replies":[{"embeddable":true,"href":"https:\/\/www.bbmnoticias.com\/labravaradiofm\/wp-json\/wp\/v2\/comments?post=23694"}],"version-history":[{"count":0,"href":"https:\/\/www.bbmnoticias.com\/labravaradiofm\/wp-json\/wp\/v2\/posts\/23694\/revisions"}],"wp:featuredmedia":[{"embeddable":true,"href":"https:\/\/www.bbmnoticias.com\/labravaradiofm\/wp-json\/wp\/v2\/media\/23695"}],"wp:attachment":[{"href":"https:\/\/www.bbmnoticias.com\/labravaradiofm\/wp-json\/wp\/v2\/media?parent=23694"}],"wp:term":[{"taxonomy":"category","embeddable":true,"href":"https:\/\/www.bbmnoticias.com\/labravaradiofm\/wp-json\/wp\/v2\/categories?post=23694"},{"taxonomy":"post_tag","embeddable":true,"href":"https:\/\/www.bbmnoticias.com\/labravaradiofm\/wp-json\/wp\/v2\/tags?post=23694"}],"curies":[{"name":"wp","href":"https:\/\/api.w.org\/{rel}","templated":true}]}}