{"id":23677,"date":"2023-02-17T07:27:31","date_gmt":"2023-02-17T13:27:31","guid":{"rendered":"https:\/\/www.bbmnoticias.com\/labravaradiofm\/?p=23677"},"modified":"2023-02-17T09:30:31","modified_gmt":"2023-02-17T15:30:31","slug":"cero-impunidad-y-castigo-a-quienes-robaron-al-pueblo-gobernador-salomon-jara","status":"publish","type":"post","link":"https:\/\/www.bbmnoticias.com\/labravaradiofm\/2023\/02\/17\/cero-impunidad-y-castigo-a-quienes-robaron-al-pueblo-gobernador-salomon-jara\/","title":{"rendered":"Cero impunidad y castigo a quienes robaron al pueblo: Gobernador Salom\u00f3n Jara"},"content":{"rendered":"<div style=\"margin-top: 0px; margin-bottom: 0px;\" class=\"sharethis-inline-share-buttons\" ><\/div>\n<ul class=\"wp-block-list\">\n<li><em>Se\u00f1ala que no permitir\u00e1 actos que lastimen a la sociedad oaxaque\u00f1a<\/em><\/li>\n<\/ul>\n\n\n\n<p><strong>Oaxaca de Ju\u00e1rez, Oax. 16 de febrero de 2023.-<\/strong> El Gobernador de Oaxaca, Salom\u00f3n Jara Cruz dio a conocer que en breve har\u00e1 p\u00fablico los abusos, irregularidades y actos de corrupci\u00f3n que se presentaron en la administraci\u00f3n pasada.<\/p>\n\n\n\n<p>\u201cEn mi gobierno no habr\u00e1 impunidad y se castigar\u00e1 a aquellos que le robaron al pueblo\u201d, expres\u00f3 el Mandatario oaxaque\u00f1o durante la Mesa de An\u00e1lisis en el programa informativo de \u201cJueves de Gozona\u201d, transmitido a trav\u00e9s de la Corporaci\u00f3n Oaxaque\u00f1a de Radio y Televisi\u00f3n (Cortv), y en la que participaron la y los periodistas Guadalupe Espinoza, Juan P\u00e9rez Audelo y Humberto Torres.<\/p>\n\n\n\n<p>El titular del Poder Ejecutivo expres\u00f3 que est\u00e1n auditando todas las obras que se realizaron como parte del Decreto 809, mediante el cual se aprob\u00f3 una deuda p\u00fablica por 3 mil 500 millones de pesos, y pr\u00f3ximamente se informar\u00e1 al pueblo de Oaxaca las observaciones realizadas, as\u00ed como el proceso a seguir para fincar responsabilidades.<\/p>\n\n\n\n<p>\u201cSea quien sea, que la pague, para que se acabe para siempre el robo, el hurto al pueblo y el ocupar un cargo como una Secretar\u00eda o Direcci\u00f3n para robarle al pueblo\u201d, dijo.<\/p>\n\n\n\n<p>De esta manera, Salom\u00f3n Jara expres\u00f3 que su administraci\u00f3n combatir\u00e1 la corrupci\u00f3n y no permitir\u00e1 la existencia de este tipo de actos que por d\u00e9cadas han lacerado a la sociedad, y afectado a los pueblos y comunidades.<\/p>\n\n\n\n<p>Asever\u00f3 que los problemas m\u00e1s grandes de Oaxaca son la marginaci\u00f3n, la pobreza y el olvido, que han colocado a la entidad, junto con los estados de Guerrero y Chiapas, en los \u00faltimos lugares a nivel nacional en educaci\u00f3n y salud.<\/p>\n\n\n\n<p>El titular de la Gubernatura en Oaxaca expres\u00f3 que trabajar\u00e1 para atender los temas de salud e inseguridad, que han sido una de las principales exigencias del pueblo; por ello se trabajar\u00e1 para reforzar las plantillas de m\u00e9dicos especialistas, el abasto de medicamentos; y se redoblar\u00e1n las estrategias de seguridad para fortalecer la gobernabilidad.<\/p>\n\n\n\n<p>\u201cOaxaca lo tiene todo y solo nos faltaba una oportunidad para salir adelante; ahora existen estas condiciones. Siempre he dicho que quiero trabajar y ofrecer a ser un buen gobierno; acabar con la corrupci\u00f3n, poner fin a privilegios y terminar con todos esos males que ocasionan la pobreza\u201d, se\u00f1al\u00f3, al tiempo de convocar a las organizaciones a sumarse a este proyecto y hacer juntos un buen gobierno\u201d.<\/p>\n\n\n\n<p>Destac\u00f3 que se tiene proyectado realizar diversas obras estrat\u00e9gicas, para impulsar el desarrollo de la entidad, como la autopista de la Ciudad de Oaxaca a Tuxtepec, la cual contar\u00e1 con el respaldo del Gobierno de M\u00e9xico; el libramiento Sur, y el saneamiento de los r\u00edos Atoyac y el Salado. \u201cSon proyectos muy importantes; pero son las que se necesitan en el estado\u201d, indic\u00f3.<\/p>\n\n\n\n<p>Salom\u00f3n Jara expres\u00f3 que, se tiene como premisa fundamental lograr la Reparaci\u00f3n Hist\u00f3rica de los Pueblos, a trav\u00e9s de diversas acciones, como la Guelaguetza, en donde se promover\u00e1 la autenticidad de las comunidades por regiones, y para lo cual ya se ha platicado con los pueblos, regiones y etnias para tener una asamblea en el mes de marzo y nutrir lo que ser\u00e1 el Lunes del Cerro.<\/p>\n","protected":false},"excerpt":{"rendered":"<p>Oaxaca de Ju\u00e1rez, Oax. 16 de febrero de 2023.- El Gobernador de Oaxaca, Salom\u00f3n Jara Cruz dio a conocer que en breve har\u00e1 p\u00fablico los abusos, irregularidades y actos de corrupci\u00f3n que se presentaron en la administraci\u00f3n pasada. \u201cEn mi gobierno no habr\u00e1 impunidad y se castigar\u00e1 a aquellos que le robaron al pueblo\u201d, expres\u00f3 [&hellip;]<\/p>\n","protected":false},"author":2,"featured_media":23678,"comment_status":"closed","ping_status":"closed","sticky":false,"template":"","format":"standard","meta":{"footnotes":""},"categories":[2],"tags":[],"class_list":{"0":"post-23677","1":"post","2":"type-post","3":"status-publish","4":"format-standard","5":"has-post-thumbnail","7":"category-oaxaca"},"yoast_head":"<!-- This site is optimized with the Yoast SEO plugin v27.4 - https:\/\/yoast.com\/product\/yoast-seo-wordpress\/ -->\n<title>Cero impunidad y castigo a quienes robaron al pueblo: Gobernador Salom\u00f3n Jara - LA BRAVA RADIO<\/title>\n<meta name=\"robots\" content=\"index, follow, max-snippet:-1, max-image-preview:large, max-video-preview:-1\" \/>\n<link rel=\"canonical\" href=\"https:\/\/www.bbmnoticias.com\/labravaradiofm\/2023\/02\/17\/cero-impunidad-y-castigo-a-quienes-robaron-al-pueblo-gobernador-salomon-jara\/\" \/>\n<meta property=\"og:locale\" content=\"es_MX\" \/>\n<meta property=\"og:type\" content=\"article\" \/>\n<meta property=\"og:title\" content=\"Cero impunidad y castigo a quienes robaron al pueblo: Gobernador Salom\u00f3n Jara - LA BRAVA RADIO\" \/>\n<meta property=\"og:description\" content=\"Oaxaca de Ju\u00e1rez, Oax. 16 de febrero de 2023.- El Gobernador de Oaxaca, Salom\u00f3n Jara Cruz dio a conocer que en breve har\u00e1 p\u00fablico los abusos, irregularidades y actos de corrupci\u00f3n que se presentaron en la administraci\u00f3n pasada. \u201cEn mi gobierno no habr\u00e1 impunidad y se castigar\u00e1 a aquellos que le robaron al pueblo\u201d, expres\u00f3 [&hellip;]\" \/>\n<meta property=\"og:url\" content=\"https:\/\/www.bbmnoticias.com\/labravaradiofm\/2023\/02\/17\/cero-impunidad-y-castigo-a-quienes-robaron-al-pueblo-gobernador-salomon-jara\/\" \/>\n<meta property=\"og:site_name\" content=\"LA BRAVA RADIO\" \/>\n<meta property=\"article:published_time\" content=\"2023-02-17T13:27:31+00:00\" \/>\n<meta property=\"article:modified_time\" content=\"2023-02-17T15:30:31+00:00\" \/>\n<meta property=\"og:image\" content=\"https:\/\/www.bbmnoticias.com\/labravaradiofm\/wp-content\/uploads\/sites\/5\/2023\/02\/jueves-gozona.jpg\" \/>\n\t<meta property=\"og:image:width\" content=\"800\" \/>\n\t<meta property=\"og:image:height\" content=\"533\" \/>\n\t<meta property=\"og:image:type\" content=\"image\/jpeg\" \/>\n<meta name=\"author\" content=\"Staff\" \/>\n<meta name=\"twitter:card\" content=\"summary_large_image\" \/>\n<meta name=\"twitter:label1\" content=\"Escrito por\" \/>\n\t<meta name=\"twitter:data1\" content=\"Staff\" \/>\n\t<meta name=\"twitter:label2\" content=\"Tiempo de lectura\" \/>\n\t<meta name=\"twitter:data2\" content=\"3 minutos\" \/>\n<script type=\"application\/ld+json\" class=\"yoast-schema-graph\">{\"@context\":\"https:\\\/\\\/schema.org\",\"@graph\":[{\"@type\":\"Article\",\"@id\":\"https:\\\/\\\/www.bbmnoticias.com\\\/labravaradiofm\\\/2023\\\/02\\\/17\\\/cero-impunidad-y-castigo-a-quienes-robaron-al-pueblo-gobernador-salomon-jara\\\/#article\",\"isPartOf\":{\"@id\":\"https:\\\/\\\/www.bbmnoticias.com\\\/labravaradiofm\\\/2023\\\/02\\\/17\\\/cero-impunidad-y-castigo-a-quienes-robaron-al-pueblo-gobernador-salomon-jara\\\/\"},\"author\":{\"name\":\"Staff\",\"@id\":\"https:\\\/\\\/www.bbmnoticias.com\\\/labravaradiofm\\\/#\\\/schema\\\/person\\\/68a9e9036ef3c5b55aeb2b71dc8bab45\"},\"headline\":\"Cero impunidad y castigo a quienes robaron al pueblo: Gobernador Salom\u00f3n Jara\",\"datePublished\":\"2023-02-17T13:27:31+00:00\",\"dateModified\":\"2023-02-17T15:30:31+00:00\",\"mainEntityOfPage\":{\"@id\":\"https:\\\/\\\/www.bbmnoticias.com\\\/labravaradiofm\\\/2023\\\/02\\\/17\\\/cero-impunidad-y-castigo-a-quienes-robaron-al-pueblo-gobernador-salomon-jara\\\/\"},\"wordCount\":574,\"image\":{\"@id\":\"https:\\\/\\\/www.bbmnoticias.com\\\/labravaradiofm\\\/2023\\\/02\\\/17\\\/cero-impunidad-y-castigo-a-quienes-robaron-al-pueblo-gobernador-salomon-jara\\\/#primaryimage\"},\"thumbnailUrl\":\"https:\\\/\\\/www.bbmnoticias.com\\\/labravaradiofm\\\/wp-content\\\/uploads\\\/sites\\\/5\\\/2023\\\/02\\\/jueves-gozona.jpg\",\"articleSection\":[\"LOCAL\"],\"inLanguage\":\"es\"},{\"@type\":\"WebPage\",\"@id\":\"https:\\\/\\\/www.bbmnoticias.com\\\/labravaradiofm\\\/2023\\\/02\\\/17\\\/cero-impunidad-y-castigo-a-quienes-robaron-al-pueblo-gobernador-salomon-jara\\\/\",\"url\":\"https:\\\/\\\/www.bbmnoticias.com\\\/labravaradiofm\\\/2023\\\/02\\\/17\\\/cero-impunidad-y-castigo-a-quienes-robaron-al-pueblo-gobernador-salomon-jara\\\/\",\"name\":\"Cero impunidad y castigo a quienes robaron al pueblo: Gobernador Salom\u00f3n Jara - LA BRAVA RADIO\",\"isPartOf\":{\"@id\":\"https:\\\/\\\/www.bbmnoticias.com\\\/labravaradiofm\\\/#website\"},\"primaryImageOfPage\":{\"@id\":\"https:\\\/\\\/www.bbmnoticias.com\\\/labravaradiofm\\\/2023\\\/02\\\/17\\\/cero-impunidad-y-castigo-a-quienes-robaron-al-pueblo-gobernador-salomon-jara\\\/#primaryimage\"},\"image\":{\"@id\":\"https:\\\/\\\/www.bbmnoticias.com\\\/labravaradiofm\\\/2023\\\/02\\\/17\\\/cero-impunidad-y-castigo-a-quienes-robaron-al-pueblo-gobernador-salomon-jara\\\/#primaryimage\"},\"thumbnailUrl\":\"https:\\\/\\\/www.bbmnoticias.com\\\/labravaradiofm\\\/wp-content\\\/uploads\\\/sites\\\/5\\\/2023\\\/02\\\/jueves-gozona.jpg\",\"datePublished\":\"2023-02-17T13:27:31+00:00\",\"dateModified\":\"2023-02-17T15:30:31+00:00\",\"author\":{\"@id\":\"https:\\\/\\\/www.bbmnoticias.com\\\/labravaradiofm\\\/#\\\/schema\\\/person\\\/68a9e9036ef3c5b55aeb2b71dc8bab45\"},\"breadcrumb\":{\"@id\":\"https:\\\/\\\/www.bbmnoticias.com\\\/labravaradiofm\\\/2023\\\/02\\\/17\\\/cero-impunidad-y-castigo-a-quienes-robaron-al-pueblo-gobernador-salomon-jara\\\/#breadcrumb\"},\"inLanguage\":\"es\",\"potentialAction\":[{\"@type\":\"ReadAction\",\"target\":[\"https:\\\/\\\/www.bbmnoticias.com\\\/labravaradiofm\\\/2023\\\/02\\\/17\\\/cero-impunidad-y-castigo-a-quienes-robaron-al-pueblo-gobernador-salomon-jara\\\/\"]}]},{\"@type\":\"ImageObject\",\"inLanguage\":\"es\",\"@id\":\"https:\\\/\\\/www.bbmnoticias.com\\\/labravaradiofm\\\/2023\\\/02\\\/17\\\/cero-impunidad-y-castigo-a-quienes-robaron-al-pueblo-gobernador-salomon-jara\\\/#primaryimage\",\"url\":\"https:\\\/\\\/www.bbmnoticias.com\\\/labravaradiofm\\\/wp-content\\\/uploads\\\/sites\\\/5\\\/2023\\\/02\\\/jueves-gozona.jpg\",\"contentUrl\":\"https:\\\/\\\/www.bbmnoticias.com\\\/labravaradiofm\\\/wp-content\\\/uploads\\\/sites\\\/5\\\/2023\\\/02\\\/jueves-gozona.jpg\",\"width\":800,\"height\":533},{\"@type\":\"BreadcrumbList\",\"@id\":\"https:\\\/\\\/www.bbmnoticias.com\\\/labravaradiofm\\\/2023\\\/02\\\/17\\\/cero-impunidad-y-castigo-a-quienes-robaron-al-pueblo-gobernador-salomon-jara\\\/#breadcrumb\",\"itemListElement\":[{\"@type\":\"ListItem\",\"position\":1,\"name\":\"Inicio\",\"item\":\"https:\\\/\\\/www.bbmnoticias.com\\\/labravaradiofm\\\/\"},{\"@type\":\"ListItem\",\"position\":2,\"name\":\"Cero impunidad y castigo a quienes robaron al pueblo: Gobernador Salom\u00f3n Jara\"}]},{\"@type\":\"WebSite\",\"@id\":\"https:\\\/\\\/www.bbmnoticias.com\\\/labravaradiofm\\\/#website\",\"url\":\"https:\\\/\\\/www.bbmnoticias.com\\\/labravaradiofm\\\/\",\"name\":\"LA BRAVA RADIO\",\"description\":\"Empresa productora de medios, Radiodifusi\u00f3n, Noticias, tendencias y todo lo que necesitas saber de la pol\u00edtica mexicana e internacional; entretenimiento, espect\u00e1culos, salud y mucho m\u00e1s.\",\"potentialAction\":[{\"@type\":\"SearchAction\",\"target\":{\"@type\":\"EntryPoint\",\"urlTemplate\":\"https:\\\/\\\/www.bbmnoticias.com\\\/labravaradiofm\\\/?s={search_term_string}\"},\"query-input\":{\"@type\":\"PropertyValueSpecification\",\"valueRequired\":true,\"valueName\":\"search_term_string\"}}],\"inLanguage\":\"es\"},{\"@type\":\"Person\",\"@id\":\"https:\\\/\\\/www.bbmnoticias.com\\\/labravaradiofm\\\/#\\\/schema\\\/person\\\/68a9e9036ef3c5b55aeb2b71dc8bab45\",\"name\":\"Staff\",\"image\":{\"@type\":\"ImageObject\",\"inLanguage\":\"es\",\"@id\":\"https:\\\/\\\/secure.gravatar.com\\\/avatar\\\/fdd21ad66fd8b98c407f9dee5b5e588cfe7f0d8579ec20fa6527cd59bab7f0f0?s=96&d=mm&r=g\",\"url\":\"https:\\\/\\\/secure.gravatar.com\\\/avatar\\\/fdd21ad66fd8b98c407f9dee5b5e588cfe7f0d8579ec20fa6527cd59bab7f0f0?s=96&d=mm&r=g\",\"contentUrl\":\"https:\\\/\\\/secure.gravatar.com\\\/avatar\\\/fdd21ad66fd8b98c407f9dee5b5e588cfe7f0d8579ec20fa6527cd59bab7f0f0?s=96&d=mm&r=g\",\"caption\":\"Staff\"},\"url\":\"https:\\\/\\\/www.bbmnoticias.com\\\/labravaradiofm\\\/author\\\/redaccion\\\/\"}]}<\/script>\n<!-- \/ Yoast SEO plugin. -->","yoast_head_json":{"title":"Cero impunidad y castigo a quienes robaron al pueblo: Gobernador Salom\u00f3n Jara - LA BRAVA RADIO","robots":{"index":"index","follow":"follow","max-snippet":"max-snippet:-1","max-image-preview":"max-image-preview:large","max-video-preview":"max-video-preview:-1"},"canonical":"https:\/\/www.bbmnoticias.com\/labravaradiofm\/2023\/02\/17\/cero-impunidad-y-castigo-a-quienes-robaron-al-pueblo-gobernador-salomon-jara\/","og_locale":"es_MX","og_type":"article","og_title":"Cero impunidad y castigo a quienes robaron al pueblo: Gobernador Salom\u00f3n Jara - LA BRAVA RADIO","og_description":"Oaxaca de Ju\u00e1rez, Oax. 16 de febrero de 2023.- El Gobernador de Oaxaca, Salom\u00f3n Jara Cruz dio a conocer que en breve har\u00e1 p\u00fablico los abusos, irregularidades y actos de corrupci\u00f3n que se presentaron en la administraci\u00f3n pasada. \u201cEn mi gobierno no habr\u00e1 impunidad y se castigar\u00e1 a aquellos que le robaron al pueblo\u201d, expres\u00f3 [&hellip;]","og_url":"https:\/\/www.bbmnoticias.com\/labravaradiofm\/2023\/02\/17\/cero-impunidad-y-castigo-a-quienes-robaron-al-pueblo-gobernador-salomon-jara\/","og_site_name":"LA BRAVA RADIO","article_published_time":"2023-02-17T13:27:31+00:00","article_modified_time":"2023-02-17T15:30:31+00:00","og_image":[{"width":800,"height":533,"url":"https:\/\/www.bbmnoticias.com\/labravaradiofm\/wp-content\/uploads\/sites\/5\/2023\/02\/jueves-gozona.jpg","type":"image\/jpeg"}],"author":"Staff","twitter_card":"summary_large_image","twitter_misc":{"Escrito por":"Staff","Tiempo de lectura":"3 minutos"},"schema":{"@context":"https:\/\/schema.org","@graph":[{"@type":"Article","@id":"https:\/\/www.bbmnoticias.com\/labravaradiofm\/2023\/02\/17\/cero-impunidad-y-castigo-a-quienes-robaron-al-pueblo-gobernador-salomon-jara\/#article","isPartOf":{"@id":"https:\/\/www.bbmnoticias.com\/labravaradiofm\/2023\/02\/17\/cero-impunidad-y-castigo-a-quienes-robaron-al-pueblo-gobernador-salomon-jara\/"},"author":{"name":"Staff","@id":"https:\/\/www.bbmnoticias.com\/labravaradiofm\/#\/schema\/person\/68a9e9036ef3c5b55aeb2b71dc8bab45"},"headline":"Cero impunidad y castigo a quienes robaron al pueblo: Gobernador Salom\u00f3n Jara","datePublished":"2023-02-17T13:27:31+00:00","dateModified":"2023-02-17T15:30:31+00:00","mainEntityOfPage":{"@id":"https:\/\/www.bbmnoticias.com\/labravaradiofm\/2023\/02\/17\/cero-impunidad-y-castigo-a-quienes-robaron-al-pueblo-gobernador-salomon-jara\/"},"wordCount":574,"image":{"@id":"https:\/\/www.bbmnoticias.com\/labravaradiofm\/2023\/02\/17\/cero-impunidad-y-castigo-a-quienes-robaron-al-pueblo-gobernador-salomon-jara\/#primaryimage"},"thumbnailUrl":"https:\/\/www.bbmnoticias.com\/labravaradiofm\/wp-content\/uploads\/sites\/5\/2023\/02\/jueves-gozona.jpg","articleSection":["LOCAL"],"inLanguage":"es"},{"@type":"WebPage","@id":"https:\/\/www.bbmnoticias.com\/labravaradiofm\/2023\/02\/17\/cero-impunidad-y-castigo-a-quienes-robaron-al-pueblo-gobernador-salomon-jara\/","url":"https:\/\/www.bbmnoticias.com\/labravaradiofm\/2023\/02\/17\/cero-impunidad-y-castigo-a-quienes-robaron-al-pueblo-gobernador-salomon-jara\/","name":"Cero impunidad y castigo a quienes robaron al pueblo: Gobernador Salom\u00f3n Jara - LA BRAVA RADIO","isPartOf":{"@id":"https:\/\/www.bbmnoticias.com\/labravaradiofm\/#website"},"primaryImageOfPage":{"@id":"https:\/\/www.bbmnoticias.com\/labravaradiofm\/2023\/02\/17\/cero-impunidad-y-castigo-a-quienes-robaron-al-pueblo-gobernador-salomon-jara\/#primaryimage"},"image":{"@id":"https:\/\/www.bbmnoticias.com\/labravaradiofm\/2023\/02\/17\/cero-impunidad-y-castigo-a-quienes-robaron-al-pueblo-gobernador-salomon-jara\/#primaryimage"},"thumbnailUrl":"https:\/\/www.bbmnoticias.com\/labravaradiofm\/wp-content\/uploads\/sites\/5\/2023\/02\/jueves-gozona.jpg","datePublished":"2023-02-17T13:27:31+00:00","dateModified":"2023-02-17T15:30:31+00:00","author":{"@id":"https:\/\/www.bbmnoticias.com\/labravaradiofm\/#\/schema\/person\/68a9e9036ef3c5b55aeb2b71dc8bab45"},"breadcrumb":{"@id":"https:\/\/www.bbmnoticias.com\/labravaradiofm\/2023\/02\/17\/cero-impunidad-y-castigo-a-quienes-robaron-al-pueblo-gobernador-salomon-jara\/#breadcrumb"},"inLanguage":"es","potentialAction":[{"@type":"ReadAction","target":["https:\/\/www.bbmnoticias.com\/labravaradiofm\/2023\/02\/17\/cero-impunidad-y-castigo-a-quienes-robaron-al-pueblo-gobernador-salomon-jara\/"]}]},{"@type":"ImageObject","inLanguage":"es","@id":"https:\/\/www.bbmnoticias.com\/labravaradiofm\/2023\/02\/17\/cero-impunidad-y-castigo-a-quienes-robaron-al-pueblo-gobernador-salomon-jara\/#primaryimage","url":"https:\/\/www.bbmnoticias.com\/labravaradiofm\/wp-content\/uploads\/sites\/5\/2023\/02\/jueves-gozona.jpg","contentUrl":"https:\/\/www.bbmnoticias.com\/labravaradiofm\/wp-content\/uploads\/sites\/5\/2023\/02\/jueves-gozona.jpg","width":800,"height":533},{"@type":"BreadcrumbList","@id":"https:\/\/www.bbmnoticias.com\/labravaradiofm\/2023\/02\/17\/cero-impunidad-y-castigo-a-quienes-robaron-al-pueblo-gobernador-salomon-jara\/#breadcrumb","itemListElement":[{"@type":"ListItem","position":1,"name":"Inicio","item":"https:\/\/www.bbmnoticias.com\/labravaradiofm\/"},{"@type":"ListItem","position":2,"name":"Cero impunidad y castigo a quienes robaron al pueblo: Gobernador Salom\u00f3n Jara"}]},{"@type":"WebSite","@id":"https:\/\/www.bbmnoticias.com\/labravaradiofm\/#website","url":"https:\/\/www.bbmnoticias.com\/labravaradiofm\/","name":"LA BRAVA RADIO","description":"Empresa productora de medios, Radiodifusi\u00f3n, Noticias, tendencias y todo lo que necesitas saber de la pol\u00edtica mexicana e internacional; entretenimiento, espect\u00e1culos, salud y mucho m\u00e1s.","potentialAction":[{"@type":"SearchAction","target":{"@type":"EntryPoint","urlTemplate":"https:\/\/www.bbmnoticias.com\/labravaradiofm\/?s={search_term_string}"},"query-input":{"@type":"PropertyValueSpecification","valueRequired":true,"valueName":"search_term_string"}}],"inLanguage":"es"},{"@type":"Person","@id":"https:\/\/www.bbmnoticias.com\/labravaradiofm\/#\/schema\/person\/68a9e9036ef3c5b55aeb2b71dc8bab45","name":"Staff","image":{"@type":"ImageObject","inLanguage":"es","@id":"https:\/\/secure.gravatar.com\/avatar\/fdd21ad66fd8b98c407f9dee5b5e588cfe7f0d8579ec20fa6527cd59bab7f0f0?s=96&d=mm&r=g","url":"https:\/\/secure.gravatar.com\/avatar\/fdd21ad66fd8b98c407f9dee5b5e588cfe7f0d8579ec20fa6527cd59bab7f0f0?s=96&d=mm&r=g","contentUrl":"https:\/\/secure.gravatar.com\/avatar\/fdd21ad66fd8b98c407f9dee5b5e588cfe7f0d8579ec20fa6527cd59bab7f0f0?s=96&d=mm&r=g","caption":"Staff"},"url":"https:\/\/www.bbmnoticias.com\/labravaradiofm\/author\/redaccion\/"}]}},"_links":{"self":[{"href":"https:\/\/www.bbmnoticias.com\/labravaradiofm\/wp-json\/wp\/v2\/posts\/23677","targetHints":{"allow":["GET"]}}],"collection":[{"href":"https:\/\/www.bbmnoticias.com\/labravaradiofm\/wp-json\/wp\/v2\/posts"}],"about":[{"href":"https:\/\/www.bbmnoticias.com\/labravaradiofm\/wp-json\/wp\/v2\/types\/post"}],"author":[{"embeddable":true,"href":"https:\/\/www.bbmnoticias.com\/labravaradiofm\/wp-json\/wp\/v2\/users\/2"}],"replies":[{"embeddable":true,"href":"https:\/\/www.bbmnoticias.com\/labravaradiofm\/wp-json\/wp\/v2\/comments?post=23677"}],"version-history":[{"count":0,"href":"https:\/\/www.bbmnoticias.com\/labravaradiofm\/wp-json\/wp\/v2\/posts\/23677\/revisions"}],"wp:featuredmedia":[{"embeddable":true,"href":"https:\/\/www.bbmnoticias.com\/labravaradiofm\/wp-json\/wp\/v2\/media\/23678"}],"wp:attachment":[{"href":"https:\/\/www.bbmnoticias.com\/labravaradiofm\/wp-json\/wp\/v2\/media?parent=23677"}],"wp:term":[{"taxonomy":"category","embeddable":true,"href":"https:\/\/www.bbmnoticias.com\/labravaradiofm\/wp-json\/wp\/v2\/categories?post=23677"},{"taxonomy":"post_tag","embeddable":true,"href":"https:\/\/www.bbmnoticias.com\/labravaradiofm\/wp-json\/wp\/v2\/tags?post=23677"}],"curies":[{"name":"wp","href":"https:\/\/api.w.org\/{rel}","templated":true}]}}