{"id":23645,"date":"2023-02-16T12:44:33","date_gmt":"2023-02-16T18:44:33","guid":{"rendered":"https:\/\/www.bbmnoticias.com\/labravaradiofm\/?p=23645"},"modified":"2023-02-16T12:44:34","modified_gmt":"2023-02-16T18:44:34","slug":"realiza-gobierno-del-estado-traslado-aereo-de-paciente-de-pochutla-a-la-capital-oaxaquena","status":"publish","type":"post","link":"https:\/\/www.bbmnoticias.com\/labravaradiofm\/2023\/02\/16\/realiza-gobierno-del-estado-traslado-aereo-de-paciente-de-pochutla-a-la-capital-oaxaquena\/","title":{"rendered":"Realiza Gobierno del Estado traslado a\u00e9reo de paciente de Pochutla a la capital oaxaque\u00f1a"},"content":{"rendered":"<div style=\"margin-top: 0px; margin-bottom: 0px;\" class=\"sharethis-inline-share-buttons\" ><\/div>\n<p><strong>Oaxaca de Ju\u00e1rez, Oax., 16 de febrero de 2023.<\/strong>&#8211; Ante el inter\u00e9s del Gobernador del Estado, Salom\u00f3n Jara Cruz, de priorizar la salud de las y los oaxaque\u00f1os, se llev\u00f3 a cabo el traslado M\u00e9dico A\u00e9reo de una persona masculina de 40 a\u00f1os de edad, proveniente de San Pedro Pochutla, que presenta un traumatismo cr\u00e1neo encef\u00e1lico.<\/p>\n\n\n\n<p>El traslado se realiz\u00f3 del Hospital de San Pedro Pochutla, en donde era atendido, al aeropuerto de Internacional de Oaxaca, para posteriormente ingresarlo al Hospital Regional de Especialidades, ubicado en San Bartolo Coyotepec.<\/p>\n\n\n\n<p>Este servicio de atenci\u00f3n m\u00e9dica se realiz\u00f3 mediante el helic\u00f3ptero Bell 407 XC-XAO, dispuesto por el Mandatario estatal para brindar apoyo inmediato a quienes requieren del mismo y, de esta manera, en lo posible, salvar vidas.<\/p>\n\n\n\n<p>Con esta acci\u00f3n se ha contribuido a agilizar la atenci\u00f3n hospitalaria especializada a habitantes de las zonas que se encuentran apartadas y distantes a un centro hospitalario de especialidad, y que requiere varias horas si se traslada por v\u00eda terrestre.<\/p>\n\n\n\n<p>Las aeronaves son propiedad del Gobierno del Estado, cuyo uso para apoyar el traslado urgente de personas que necesitan atenci\u00f3n m\u00e9dica, ha sido la instrucci\u00f3n del titular de la Gubernatura de Oaxaca.<\/p>\n","protected":false},"excerpt":{"rendered":"<p>Oaxaca de Ju\u00e1rez, Oax., 16 de febrero de 2023.&#8211; Ante el inter\u00e9s del Gobernador del Estado, Salom\u00f3n Jara Cruz, de priorizar la salud de las y los oaxaque\u00f1os, se llev\u00f3 a cabo el traslado M\u00e9dico A\u00e9reo de una persona masculina de 40 a\u00f1os de edad, proveniente de San Pedro Pochutla, que presenta un traumatismo cr\u00e1neo [&hellip;]<\/p>\n","protected":false},"author":2,"featured_media":23646,"comment_status":"closed","ping_status":"closed","sticky":false,"template":"","format":"standard","meta":{"footnotes":""},"categories":[2],"tags":[],"class_list":{"0":"post-23645","1":"post","2":"type-post","3":"status-publish","4":"format-standard","5":"has-post-thumbnail","7":"category-oaxaca"},"yoast_head":"<!-- This site is optimized with the Yoast SEO plugin v27.4 - https:\/\/yoast.com\/product\/yoast-seo-wordpress\/ -->\n<title>Realiza Gobierno del Estado traslado a\u00e9reo de paciente de Pochutla a la capital oaxaque\u00f1a - LA BRAVA RADIO<\/title>\n<meta name=\"robots\" content=\"index, follow, max-snippet:-1, max-image-preview:large, max-video-preview:-1\" \/>\n<link rel=\"canonical\" href=\"https:\/\/www.bbmnoticias.com\/labravaradiofm\/2023\/02\/16\/realiza-gobierno-del-estado-traslado-aereo-de-paciente-de-pochutla-a-la-capital-oaxaquena\/\" \/>\n<meta property=\"og:locale\" content=\"es_MX\" \/>\n<meta property=\"og:type\" content=\"article\" \/>\n<meta property=\"og:title\" content=\"Realiza Gobierno del Estado traslado a\u00e9reo de paciente de Pochutla a la capital oaxaque\u00f1a - LA BRAVA RADIO\" \/>\n<meta property=\"og:description\" content=\"Oaxaca de Ju\u00e1rez, Oax., 16 de febrero de 2023.&#8211; Ante el inter\u00e9s del Gobernador del Estado, Salom\u00f3n Jara Cruz, de priorizar la salud de las y los oaxaque\u00f1os, se llev\u00f3 a cabo el traslado M\u00e9dico A\u00e9reo de una persona masculina de 40 a\u00f1os de edad, proveniente de San Pedro Pochutla, que presenta un traumatismo cr\u00e1neo [&hellip;]\" \/>\n<meta property=\"og:url\" content=\"https:\/\/www.bbmnoticias.com\/labravaradiofm\/2023\/02\/16\/realiza-gobierno-del-estado-traslado-aereo-de-paciente-de-pochutla-a-la-capital-oaxaquena\/\" \/>\n<meta property=\"og:site_name\" content=\"LA BRAVA RADIO\" \/>\n<meta property=\"article:published_time\" content=\"2023-02-16T18:44:33+00:00\" \/>\n<meta property=\"article:modified_time\" content=\"2023-02-16T18:44:34+00:00\" \/>\n<meta property=\"og:image\" content=\"https:\/\/www.bbmnoticias.com\/labravaradiofm\/wp-content\/uploads\/sites\/5\/2023\/02\/traslador-aereo.jpg\" \/>\n\t<meta property=\"og:image:width\" content=\"615\" \/>\n\t<meta property=\"og:image:height\" content=\"439\" \/>\n\t<meta property=\"og:image:type\" content=\"image\/jpeg\" \/>\n<meta name=\"author\" content=\"Staff\" \/>\n<meta name=\"twitter:card\" content=\"summary_large_image\" \/>\n<meta name=\"twitter:label1\" content=\"Escrito por\" \/>\n\t<meta name=\"twitter:data1\" content=\"Staff\" \/>\n\t<meta name=\"twitter:label2\" content=\"Tiempo de lectura\" \/>\n\t<meta name=\"twitter:data2\" content=\"1 minuto\" \/>\n<script type=\"application\/ld+json\" class=\"yoast-schema-graph\">{\"@context\":\"https:\\\/\\\/schema.org\",\"@graph\":[{\"@type\":\"Article\",\"@id\":\"https:\\\/\\\/www.bbmnoticias.com\\\/labravaradiofm\\\/2023\\\/02\\\/16\\\/realiza-gobierno-del-estado-traslado-aereo-de-paciente-de-pochutla-a-la-capital-oaxaquena\\\/#article\",\"isPartOf\":{\"@id\":\"https:\\\/\\\/www.bbmnoticias.com\\\/labravaradiofm\\\/2023\\\/02\\\/16\\\/realiza-gobierno-del-estado-traslado-aereo-de-paciente-de-pochutla-a-la-capital-oaxaquena\\\/\"},\"author\":{\"name\":\"Staff\",\"@id\":\"https:\\\/\\\/www.bbmnoticias.com\\\/labravaradiofm\\\/#\\\/schema\\\/person\\\/68a9e9036ef3c5b55aeb2b71dc8bab45\"},\"headline\":\"Realiza Gobierno del Estado traslado a\u00e9reo de paciente de Pochutla a la capital oaxaque\u00f1a\",\"datePublished\":\"2023-02-16T18:44:33+00:00\",\"dateModified\":\"2023-02-16T18:44:34+00:00\",\"mainEntityOfPage\":{\"@id\":\"https:\\\/\\\/www.bbmnoticias.com\\\/labravaradiofm\\\/2023\\\/02\\\/16\\\/realiza-gobierno-del-estado-traslado-aereo-de-paciente-de-pochutla-a-la-capital-oaxaquena\\\/\"},\"wordCount\":228,\"image\":{\"@id\":\"https:\\\/\\\/www.bbmnoticias.com\\\/labravaradiofm\\\/2023\\\/02\\\/16\\\/realiza-gobierno-del-estado-traslado-aereo-de-paciente-de-pochutla-a-la-capital-oaxaquena\\\/#primaryimage\"},\"thumbnailUrl\":\"https:\\\/\\\/www.bbmnoticias.com\\\/labravaradiofm\\\/wp-content\\\/uploads\\\/sites\\\/5\\\/2023\\\/02\\\/traslador-aereo.jpg\",\"articleSection\":[\"LOCAL\"],\"inLanguage\":\"es\"},{\"@type\":\"WebPage\",\"@id\":\"https:\\\/\\\/www.bbmnoticias.com\\\/labravaradiofm\\\/2023\\\/02\\\/16\\\/realiza-gobierno-del-estado-traslado-aereo-de-paciente-de-pochutla-a-la-capital-oaxaquena\\\/\",\"url\":\"https:\\\/\\\/www.bbmnoticias.com\\\/labravaradiofm\\\/2023\\\/02\\\/16\\\/realiza-gobierno-del-estado-traslado-aereo-de-paciente-de-pochutla-a-la-capital-oaxaquena\\\/\",\"name\":\"Realiza Gobierno del Estado traslado a\u00e9reo de paciente de Pochutla a la capital oaxaque\u00f1a - LA BRAVA RADIO\",\"isPartOf\":{\"@id\":\"https:\\\/\\\/www.bbmnoticias.com\\\/labravaradiofm\\\/#website\"},\"primaryImageOfPage\":{\"@id\":\"https:\\\/\\\/www.bbmnoticias.com\\\/labravaradiofm\\\/2023\\\/02\\\/16\\\/realiza-gobierno-del-estado-traslado-aereo-de-paciente-de-pochutla-a-la-capital-oaxaquena\\\/#primaryimage\"},\"image\":{\"@id\":\"https:\\\/\\\/www.bbmnoticias.com\\\/labravaradiofm\\\/2023\\\/02\\\/16\\\/realiza-gobierno-del-estado-traslado-aereo-de-paciente-de-pochutla-a-la-capital-oaxaquena\\\/#primaryimage\"},\"thumbnailUrl\":\"https:\\\/\\\/www.bbmnoticias.com\\\/labravaradiofm\\\/wp-content\\\/uploads\\\/sites\\\/5\\\/2023\\\/02\\\/traslador-aereo.jpg\",\"datePublished\":\"2023-02-16T18:44:33+00:00\",\"dateModified\":\"2023-02-16T18:44:34+00:00\",\"author\":{\"@id\":\"https:\\\/\\\/www.bbmnoticias.com\\\/labravaradiofm\\\/#\\\/schema\\\/person\\\/68a9e9036ef3c5b55aeb2b71dc8bab45\"},\"breadcrumb\":{\"@id\":\"https:\\\/\\\/www.bbmnoticias.com\\\/labravaradiofm\\\/2023\\\/02\\\/16\\\/realiza-gobierno-del-estado-traslado-aereo-de-paciente-de-pochutla-a-la-capital-oaxaquena\\\/#breadcrumb\"},\"inLanguage\":\"es\",\"potentialAction\":[{\"@type\":\"ReadAction\",\"target\":[\"https:\\\/\\\/www.bbmnoticias.com\\\/labravaradiofm\\\/2023\\\/02\\\/16\\\/realiza-gobierno-del-estado-traslado-aereo-de-paciente-de-pochutla-a-la-capital-oaxaquena\\\/\"]}]},{\"@type\":\"ImageObject\",\"inLanguage\":\"es\",\"@id\":\"https:\\\/\\\/www.bbmnoticias.com\\\/labravaradiofm\\\/2023\\\/02\\\/16\\\/realiza-gobierno-del-estado-traslado-aereo-de-paciente-de-pochutla-a-la-capital-oaxaquena\\\/#primaryimage\",\"url\":\"https:\\\/\\\/www.bbmnoticias.com\\\/labravaradiofm\\\/wp-content\\\/uploads\\\/sites\\\/5\\\/2023\\\/02\\\/traslador-aereo.jpg\",\"contentUrl\":\"https:\\\/\\\/www.bbmnoticias.com\\\/labravaradiofm\\\/wp-content\\\/uploads\\\/sites\\\/5\\\/2023\\\/02\\\/traslador-aereo.jpg\",\"width\":615,\"height\":439},{\"@type\":\"BreadcrumbList\",\"@id\":\"https:\\\/\\\/www.bbmnoticias.com\\\/labravaradiofm\\\/2023\\\/02\\\/16\\\/realiza-gobierno-del-estado-traslado-aereo-de-paciente-de-pochutla-a-la-capital-oaxaquena\\\/#breadcrumb\",\"itemListElement\":[{\"@type\":\"ListItem\",\"position\":1,\"name\":\"Inicio\",\"item\":\"https:\\\/\\\/www.bbmnoticias.com\\\/labravaradiofm\\\/\"},{\"@type\":\"ListItem\",\"position\":2,\"name\":\"Realiza Gobierno del Estado traslado a\u00e9reo de paciente de Pochutla a la capital oaxaque\u00f1a\"}]},{\"@type\":\"WebSite\",\"@id\":\"https:\\\/\\\/www.bbmnoticias.com\\\/labravaradiofm\\\/#website\",\"url\":\"https:\\\/\\\/www.bbmnoticias.com\\\/labravaradiofm\\\/\",\"name\":\"LA BRAVA RADIO\",\"description\":\"Empresa productora de medios, Radiodifusi\u00f3n, Noticias, tendencias y todo lo que necesitas saber de la pol\u00edtica mexicana e internacional; entretenimiento, espect\u00e1culos, salud y mucho m\u00e1s.\",\"potentialAction\":[{\"@type\":\"SearchAction\",\"target\":{\"@type\":\"EntryPoint\",\"urlTemplate\":\"https:\\\/\\\/www.bbmnoticias.com\\\/labravaradiofm\\\/?s={search_term_string}\"},\"query-input\":{\"@type\":\"PropertyValueSpecification\",\"valueRequired\":true,\"valueName\":\"search_term_string\"}}],\"inLanguage\":\"es\"},{\"@type\":\"Person\",\"@id\":\"https:\\\/\\\/www.bbmnoticias.com\\\/labravaradiofm\\\/#\\\/schema\\\/person\\\/68a9e9036ef3c5b55aeb2b71dc8bab45\",\"name\":\"Staff\",\"image\":{\"@type\":\"ImageObject\",\"inLanguage\":\"es\",\"@id\":\"https:\\\/\\\/secure.gravatar.com\\\/avatar\\\/fdd21ad66fd8b98c407f9dee5b5e588cfe7f0d8579ec20fa6527cd59bab7f0f0?s=96&d=mm&r=g\",\"url\":\"https:\\\/\\\/secure.gravatar.com\\\/avatar\\\/fdd21ad66fd8b98c407f9dee5b5e588cfe7f0d8579ec20fa6527cd59bab7f0f0?s=96&d=mm&r=g\",\"contentUrl\":\"https:\\\/\\\/secure.gravatar.com\\\/avatar\\\/fdd21ad66fd8b98c407f9dee5b5e588cfe7f0d8579ec20fa6527cd59bab7f0f0?s=96&d=mm&r=g\",\"caption\":\"Staff\"},\"url\":\"https:\\\/\\\/www.bbmnoticias.com\\\/labravaradiofm\\\/author\\\/redaccion\\\/\"}]}<\/script>\n<!-- \/ Yoast SEO plugin. -->","yoast_head_json":{"title":"Realiza Gobierno del Estado traslado a\u00e9reo de paciente de Pochutla a la capital oaxaque\u00f1a - LA BRAVA RADIO","robots":{"index":"index","follow":"follow","max-snippet":"max-snippet:-1","max-image-preview":"max-image-preview:large","max-video-preview":"max-video-preview:-1"},"canonical":"https:\/\/www.bbmnoticias.com\/labravaradiofm\/2023\/02\/16\/realiza-gobierno-del-estado-traslado-aereo-de-paciente-de-pochutla-a-la-capital-oaxaquena\/","og_locale":"es_MX","og_type":"article","og_title":"Realiza Gobierno del Estado traslado a\u00e9reo de paciente de Pochutla a la capital oaxaque\u00f1a - LA BRAVA RADIO","og_description":"Oaxaca de Ju\u00e1rez, Oax., 16 de febrero de 2023.&#8211; Ante el inter\u00e9s del Gobernador del Estado, Salom\u00f3n Jara Cruz, de priorizar la salud de las y los oaxaque\u00f1os, se llev\u00f3 a cabo el traslado M\u00e9dico A\u00e9reo de una persona masculina de 40 a\u00f1os de edad, proveniente de San Pedro Pochutla, que presenta un traumatismo cr\u00e1neo [&hellip;]","og_url":"https:\/\/www.bbmnoticias.com\/labravaradiofm\/2023\/02\/16\/realiza-gobierno-del-estado-traslado-aereo-de-paciente-de-pochutla-a-la-capital-oaxaquena\/","og_site_name":"LA BRAVA RADIO","article_published_time":"2023-02-16T18:44:33+00:00","article_modified_time":"2023-02-16T18:44:34+00:00","og_image":[{"width":615,"height":439,"url":"https:\/\/www.bbmnoticias.com\/labravaradiofm\/wp-content\/uploads\/sites\/5\/2023\/02\/traslador-aereo.jpg","type":"image\/jpeg"}],"author":"Staff","twitter_card":"summary_large_image","twitter_misc":{"Escrito por":"Staff","Tiempo de lectura":"1 minuto"},"schema":{"@context":"https:\/\/schema.org","@graph":[{"@type":"Article","@id":"https:\/\/www.bbmnoticias.com\/labravaradiofm\/2023\/02\/16\/realiza-gobierno-del-estado-traslado-aereo-de-paciente-de-pochutla-a-la-capital-oaxaquena\/#article","isPartOf":{"@id":"https:\/\/www.bbmnoticias.com\/labravaradiofm\/2023\/02\/16\/realiza-gobierno-del-estado-traslado-aereo-de-paciente-de-pochutla-a-la-capital-oaxaquena\/"},"author":{"name":"Staff","@id":"https:\/\/www.bbmnoticias.com\/labravaradiofm\/#\/schema\/person\/68a9e9036ef3c5b55aeb2b71dc8bab45"},"headline":"Realiza Gobierno del Estado traslado a\u00e9reo de paciente de Pochutla a la capital oaxaque\u00f1a","datePublished":"2023-02-16T18:44:33+00:00","dateModified":"2023-02-16T18:44:34+00:00","mainEntityOfPage":{"@id":"https:\/\/www.bbmnoticias.com\/labravaradiofm\/2023\/02\/16\/realiza-gobierno-del-estado-traslado-aereo-de-paciente-de-pochutla-a-la-capital-oaxaquena\/"},"wordCount":228,"image":{"@id":"https:\/\/www.bbmnoticias.com\/labravaradiofm\/2023\/02\/16\/realiza-gobierno-del-estado-traslado-aereo-de-paciente-de-pochutla-a-la-capital-oaxaquena\/#primaryimage"},"thumbnailUrl":"https:\/\/www.bbmnoticias.com\/labravaradiofm\/wp-content\/uploads\/sites\/5\/2023\/02\/traslador-aereo.jpg","articleSection":["LOCAL"],"inLanguage":"es"},{"@type":"WebPage","@id":"https:\/\/www.bbmnoticias.com\/labravaradiofm\/2023\/02\/16\/realiza-gobierno-del-estado-traslado-aereo-de-paciente-de-pochutla-a-la-capital-oaxaquena\/","url":"https:\/\/www.bbmnoticias.com\/labravaradiofm\/2023\/02\/16\/realiza-gobierno-del-estado-traslado-aereo-de-paciente-de-pochutla-a-la-capital-oaxaquena\/","name":"Realiza Gobierno del Estado traslado a\u00e9reo de paciente de Pochutla a la capital oaxaque\u00f1a - LA BRAVA RADIO","isPartOf":{"@id":"https:\/\/www.bbmnoticias.com\/labravaradiofm\/#website"},"primaryImageOfPage":{"@id":"https:\/\/www.bbmnoticias.com\/labravaradiofm\/2023\/02\/16\/realiza-gobierno-del-estado-traslado-aereo-de-paciente-de-pochutla-a-la-capital-oaxaquena\/#primaryimage"},"image":{"@id":"https:\/\/www.bbmnoticias.com\/labravaradiofm\/2023\/02\/16\/realiza-gobierno-del-estado-traslado-aereo-de-paciente-de-pochutla-a-la-capital-oaxaquena\/#primaryimage"},"thumbnailUrl":"https:\/\/www.bbmnoticias.com\/labravaradiofm\/wp-content\/uploads\/sites\/5\/2023\/02\/traslador-aereo.jpg","datePublished":"2023-02-16T18:44:33+00:00","dateModified":"2023-02-16T18:44:34+00:00","author":{"@id":"https:\/\/www.bbmnoticias.com\/labravaradiofm\/#\/schema\/person\/68a9e9036ef3c5b55aeb2b71dc8bab45"},"breadcrumb":{"@id":"https:\/\/www.bbmnoticias.com\/labravaradiofm\/2023\/02\/16\/realiza-gobierno-del-estado-traslado-aereo-de-paciente-de-pochutla-a-la-capital-oaxaquena\/#breadcrumb"},"inLanguage":"es","potentialAction":[{"@type":"ReadAction","target":["https:\/\/www.bbmnoticias.com\/labravaradiofm\/2023\/02\/16\/realiza-gobierno-del-estado-traslado-aereo-de-paciente-de-pochutla-a-la-capital-oaxaquena\/"]}]},{"@type":"ImageObject","inLanguage":"es","@id":"https:\/\/www.bbmnoticias.com\/labravaradiofm\/2023\/02\/16\/realiza-gobierno-del-estado-traslado-aereo-de-paciente-de-pochutla-a-la-capital-oaxaquena\/#primaryimage","url":"https:\/\/www.bbmnoticias.com\/labravaradiofm\/wp-content\/uploads\/sites\/5\/2023\/02\/traslador-aereo.jpg","contentUrl":"https:\/\/www.bbmnoticias.com\/labravaradiofm\/wp-content\/uploads\/sites\/5\/2023\/02\/traslador-aereo.jpg","width":615,"height":439},{"@type":"BreadcrumbList","@id":"https:\/\/www.bbmnoticias.com\/labravaradiofm\/2023\/02\/16\/realiza-gobierno-del-estado-traslado-aereo-de-paciente-de-pochutla-a-la-capital-oaxaquena\/#breadcrumb","itemListElement":[{"@type":"ListItem","position":1,"name":"Inicio","item":"https:\/\/www.bbmnoticias.com\/labravaradiofm\/"},{"@type":"ListItem","position":2,"name":"Realiza Gobierno del Estado traslado a\u00e9reo de paciente de Pochutla a la capital oaxaque\u00f1a"}]},{"@type":"WebSite","@id":"https:\/\/www.bbmnoticias.com\/labravaradiofm\/#website","url":"https:\/\/www.bbmnoticias.com\/labravaradiofm\/","name":"LA BRAVA RADIO","description":"Empresa productora de medios, Radiodifusi\u00f3n, Noticias, tendencias y todo lo que necesitas saber de la pol\u00edtica mexicana e internacional; entretenimiento, espect\u00e1culos, salud y mucho m\u00e1s.","potentialAction":[{"@type":"SearchAction","target":{"@type":"EntryPoint","urlTemplate":"https:\/\/www.bbmnoticias.com\/labravaradiofm\/?s={search_term_string}"},"query-input":{"@type":"PropertyValueSpecification","valueRequired":true,"valueName":"search_term_string"}}],"inLanguage":"es"},{"@type":"Person","@id":"https:\/\/www.bbmnoticias.com\/labravaradiofm\/#\/schema\/person\/68a9e9036ef3c5b55aeb2b71dc8bab45","name":"Staff","image":{"@type":"ImageObject","inLanguage":"es","@id":"https:\/\/secure.gravatar.com\/avatar\/fdd21ad66fd8b98c407f9dee5b5e588cfe7f0d8579ec20fa6527cd59bab7f0f0?s=96&d=mm&r=g","url":"https:\/\/secure.gravatar.com\/avatar\/fdd21ad66fd8b98c407f9dee5b5e588cfe7f0d8579ec20fa6527cd59bab7f0f0?s=96&d=mm&r=g","contentUrl":"https:\/\/secure.gravatar.com\/avatar\/fdd21ad66fd8b98c407f9dee5b5e588cfe7f0d8579ec20fa6527cd59bab7f0f0?s=96&d=mm&r=g","caption":"Staff"},"url":"https:\/\/www.bbmnoticias.com\/labravaradiofm\/author\/redaccion\/"}]}},"_links":{"self":[{"href":"https:\/\/www.bbmnoticias.com\/labravaradiofm\/wp-json\/wp\/v2\/posts\/23645","targetHints":{"allow":["GET"]}}],"collection":[{"href":"https:\/\/www.bbmnoticias.com\/labravaradiofm\/wp-json\/wp\/v2\/posts"}],"about":[{"href":"https:\/\/www.bbmnoticias.com\/labravaradiofm\/wp-json\/wp\/v2\/types\/post"}],"author":[{"embeddable":true,"href":"https:\/\/www.bbmnoticias.com\/labravaradiofm\/wp-json\/wp\/v2\/users\/2"}],"replies":[{"embeddable":true,"href":"https:\/\/www.bbmnoticias.com\/labravaradiofm\/wp-json\/wp\/v2\/comments?post=23645"}],"version-history":[{"count":0,"href":"https:\/\/www.bbmnoticias.com\/labravaradiofm\/wp-json\/wp\/v2\/posts\/23645\/revisions"}],"wp:featuredmedia":[{"embeddable":true,"href":"https:\/\/www.bbmnoticias.com\/labravaradiofm\/wp-json\/wp\/v2\/media\/23646"}],"wp:attachment":[{"href":"https:\/\/www.bbmnoticias.com\/labravaradiofm\/wp-json\/wp\/v2\/media?parent=23645"}],"wp:term":[{"taxonomy":"category","embeddable":true,"href":"https:\/\/www.bbmnoticias.com\/labravaradiofm\/wp-json\/wp\/v2\/categories?post=23645"},{"taxonomy":"post_tag","embeddable":true,"href":"https:\/\/www.bbmnoticias.com\/labravaradiofm\/wp-json\/wp\/v2\/tags?post=23645"}],"curies":[{"name":"wp","href":"https:\/\/api.w.org\/{rel}","templated":true}]}}