{"id":23642,"date":"2023-02-16T11:34:37","date_gmt":"2023-02-16T17:34:37","guid":{"rendered":"https:\/\/www.bbmnoticias.com\/labravaradiofm\/?p=23642"},"modified":"2023-03-14T09:29:56","modified_gmt":"2023-03-14T15:29:56","slug":"repunta-economia-en-salina-cruz-y-municipios-istmenos-el-canto-del-buho","status":"publish","type":"post","link":"https:\/\/www.bbmnoticias.com\/labravaradiofm\/2023\/02\/16\/repunta-economia-en-salina-cruz-y-municipios-istmenos-el-canto-del-buho\/","title":{"rendered":"Repunta econom\u00eda en Salina Cruz y municipios istme\u00f1os &#8211; El Canto del B\u00faho"},"content":{"rendered":"<div style=\"margin-top: 0px; margin-bottom: 0px;\" class=\"sharethis-inline-share-buttons\" ><\/div>\n<p>*El gobierno la \u201cPrimavera Oaxaque\u00f1a deber\u00e1 estar a la altura.&nbsp;&nbsp;<\/p>\n\n\n\n<p>*\u00a1Hitazo de Mariana! Cero tolerancia a la violencia vs las mujeres.&nbsp;&nbsp;<\/p>\n\n\n\n<p>Ya lo hab\u00edamos adelantado en este espacio. <strong>A Salina Cruz y municipios vecinos no le ha ido mal con la 4T y sus obras millonarias.&nbsp;<\/strong>&nbsp;<\/p>\n\n\n\n<p>Desde el 2020 la <strong>derrama econ\u00f3mica<\/strong> se dej\u00f3 sentir en el puerto Xhunco. La construcci\u00f3n de la Escollera que servir\u00e1 para el puerto petrolero en las Salinas del Marqu\u00e9s, a dejado una buena derrama econ\u00f3mica entre ejidatarios, colonos, materialistas, sindicatos, as\u00ed como empleos en la poblaci\u00f3n.&nbsp;&nbsp;<\/p>\n\n\n\n<p>La construcci\u00f3n de la escollera, concluir\u00e1 a finales del 2023. <strong>Pese a todos los contratiempos y obst\u00e1culos (sindicatos y conflictos sociales)<\/strong> que encontr\u00f3 la empresa constructora, cumplir\u00e1 con el plazo prometido.&nbsp;&nbsp;<\/p>\n\n\n\n<p>En la segunda mitad del 2022, dio inicio a la construcci\u00f3n de la planta coquizadora al interior de la Refiner\u00eda Antonio Dovali Jaime. Construcci\u00f3n que lleva un avance del 10% como lo anunci\u00f3 la titular de la <strong>SENER Rocio Nahle.&nbsp;<\/strong>&nbsp;<\/p>\n\n\n\n<p><strong>Ser\u00e1 la \u00fanica del pacifico mexicano.&nbsp;<\/strong>&nbsp;<\/p>\n\n\n\n<p>De acuerdo con la titular de la SENER, en la obra est\u00e1n trabajando <strong>m\u00e1s de 2 mil 700 personas, provenientes de m\u00e1s de 10 estados de la rep\u00fablica mexicana<\/strong>&nbsp;<\/p>\n\n\n\n<p><strong>\u201cEn el sitio el 67% son personas del estado de Oaxaca<\/strong>, el siguiente es el estado de M\u00e9xico, seguido de Veracruz\u201d.&nbsp;<\/p>\n\n\n\n<p><strong>Nahle Garc\u00eda, inform\u00f3<\/strong> que en las otras plantas se est\u00e1 levantando \u00e9l descabece de pilas y las cimentaciones de planchas, sin que diera un porcentaje de avance.&nbsp;<\/p>\n\n\n\n<p><strong>La planta coquizadora servir\u00e1<\/strong> para reducir la salida de combust\u00f3leo en el proceso de refinaci\u00f3n para obtener m\u00e1s gasolina y diesel, debido a que en los \u00faltimos dos a\u00f1os, la petrolera nacional ha producido m\u00e1s combust\u00f3leo que gasolinas en la mayor\u00eda de los meses.&nbsp;<\/p>\n\n\n\n<p>Pemex Transformaci\u00f3n Industrial espera que para la segunda mitad de este a\u00f1o, el porcentaje de la elaboraci\u00f3n del subproducto de la refinaci\u00f3n sea del 28%, en 2023 ser\u00e1 del 27% y en 2024 se espera que caiga el 17%, a la entrada en operaci\u00f3n la coquizadora de la refiner\u00eda de Tula y posteriormente con la puesta en marcha de la Salina Cruz.&nbsp;<\/p>\n\n\n\n<p>La planta coquizadora que <strong>construye ICA FLUOR<\/strong> al interior de la Refiner\u00eda Antonio Dovali Jaime, se han colocado hasta el pasado 8 de febrero m\u00e1s de 6 mil pilas de cimentaci\u00f3n para el proyecto de construcci\u00f3n. La funcionaria explic\u00f3 en el video que las obras de cimentaci\u00f3n reportan un avance del 90% en la colocaci\u00f3n de las pilas.&nbsp;<\/p>\n\n\n\n<p>Dentro del levantamiento a <strong>la infraestructura que lleva a cabo ESEASA Construcciones,<\/strong> empresa que cuenta con la experiencia y equipo que garantiza la construcci\u00f3n de la planta.&nbsp;&nbsp;<\/p>\n\n\n\n<p><strong>ESEASA Construcciones es una empresa consolidada l\u00edder en el servicio de izajes<\/strong> especializados. Cuenta con equipos fabricados con tecnolog\u00eda de <strong>primer nivel, ofreciendo a sus clientes confianza, seguridad y calidad<\/strong> en la ejecuci\u00f3n de su servicio.&nbsp;&nbsp;<\/p>\n\n\n\n<p><strong>ESEASA, est\u00e1 presente en la majestuosa obra que es la Refiner\u00eda de Dos Bocas<\/strong>, y asimismo a sido parte importante en las reconfiguraciones de otras refiner\u00edas del pa\u00eds.&nbsp;&nbsp;<\/p>\n\n\n\n<p>En la construcci\u00f3n de la coquizadora ya tiene instaladas y trabajando dos de sus gigantescas gruas estructurales : <strong>Liebherr Modelo LR 13000 de 3 mil toneladas de capacidad y la Manitowoc 16000 de 400 toneladas.&nbsp;<\/strong>&nbsp;<\/p>\n\n\n\n<p>Asimismo sus gr\u00faas tit\u00e1n y gr\u00faas de terrenos, equipo el primero, es una combinaci\u00f3n de gr\u00faa ligera con cami\u00f3n de plana corta, lo que hace adecuado para izar y transportar cargas por si mismo.&nbsp;&nbsp;<\/p>\n\n\n\n<p><strong>Las gr\u00faas de terrenos<\/strong> vienen montadas sobre neum\u00e1ticos de gran tama\u00f1o, traici\u00f3n en cada rueda, componentes no separables y un sistema de direcci\u00f3n con varias morales. Es el equipo adecuado para terrenos complicados y accidentados.&nbsp;&nbsp;<\/p>\n\n\n\n<p>La construcci\u00f3n de la planta coquizadora de Salina Cruz, est\u00e1 contemplada su construcci\u00f3n para 4 a\u00f1os. Tiempo en que la econom\u00eda de los istme\u00f1os estar\u00e1 fortalecida. <strong>Solo hay que darse una vuelta por las calles de Salina Cruz y su zona conurbana con Tehuantepec y San Blas, para confirmar el movimiento econ\u00f3mico que existe en la zona.&nbsp;<\/strong>&nbsp;<\/p>\n\n\n\n<p>La apertura de <strong>comercios, agencias automotrices, gasoliner\u00edas, hoteles y restaurantes se est\u00e1n instalando con la llegada del boom de la zona.&nbsp;<\/strong>&nbsp;<\/p>\n\n\n\n<p><strong>Por ese lado existe tranquilidad entre los istme\u00f1os<\/strong>. La <strong>zozobra<\/strong> que los invade es que a la par del desarrollo econ\u00f3mico llegue la <strong>inseguridad<\/strong> con la <strong>delincuencia muy organizada.<\/strong>&nbsp; Traen como ejemplo lo ocurrido en Coatzacoalcos y Minatitl\u00e1n, Veracruz y en Villahermosa y otros municipios de Tabasco, donde actualmente est\u00e1n convertidos en ciudades fantasmas en lo que al comercio se refiere, gracias a la <strong>delincuencia organizada que tom\u00f3 esos lugares como sus ciudades preferidas para el cobro de piso y la extorsi\u00f3n.&nbsp;<\/strong>&nbsp;<\/p>\n\n\n\n<p>Los istme\u00f1os esperan que las autoridades responsables, tanto el gobierno del estado como el gobierno federal, est\u00e9n&nbsp; trabajando en esa seguridad que necesitar\u00e1 la regi\u00f3n. Se sabe de la llegada de m\u00e1s elementos de la SEMAR tanto en el puerto como a lo largo y ancho del Corredor Interoce\u00e1nico. Lo mismo con elementos de la SEDENA y de la Guardia Nacional, lo que es bueno.&nbsp;&nbsp;<\/p>\n\n\n\n<p>Un tema que ya se est\u00e1 viviendo, es el <strong>cobro de piso y las llamadas de extorsi\u00f3n<\/strong>. Esperemos sea atendido de inmediato antes de que sea incontrolable y sea demasiado tarde. <strong>Ojal\u00e1 que la \u201cPrimavera Oaxaque\u00f1a\u201d est\u00e1 a la altura de las circunstancias.&nbsp;<\/strong>&nbsp;<\/p>\n\n\n\n<p>Por hoy es tocho. Recuerden cuando el B\u00faho canta el indio muere. Pd.- \u00a1<strong>Hitazo de Mariana!&#8230; <\/strong>Ayer mi\u00e9rcoles,&nbsp; el pleno del Congreso del Estado <strong>aprob\u00f3<\/strong> reformas constitucionales para <strong>evitar que personas que cometen violencia de g\u00e9nero o est\u00e1n en el padr\u00f3n de deudores alimentarios,<\/strong> accedan a cargos p\u00fablicos.&nbsp;<\/p>\n\n\n\n<p>\u00bfCu\u00e1ntos funcionarios de la \u201cPrimavera Oaxaque\u00f1a\u201d estar\u00e1n en este tema? \u2026 pronto los conoceremos.&nbsp;&nbsp;<\/p>\n\n\n\n<p>La presidenta de la Comisi\u00f3n Permanente de Mujeres e Igualdad de G\u00e9nero en la 65 Legislatura, <strong>Mariana Ben\u00edtez Tiburcio<\/strong> celebr\u00f3 la <strong>aprobaci\u00f3n<\/strong> por mayor\u00eda de su <strong>iniciativa 3 de 3 contra la violencia de g\u00e9nero<\/strong>, que propone que las personas agresoras de mujeres, ni\u00f1as, ni\u00f1os y adolescentes no puedan acceder a cargos de decisi\u00f3n en el servicio p\u00fablico.&nbsp;&nbsp;<\/p>\n\n\n\n<p>En tribuna, precis\u00f3 que el 30 de noviembre de 2021, present\u00f3 esta iniciativa misma que exige que quienes aspiren a cargos p\u00fablicos, <strong>no deben tener condenas por delitos de violencia familiar y de g\u00e9nero, ni tampoco por delitos de violencia sexual o ser deudores alimentarios morosos.&nbsp;<\/strong>&nbsp;<\/p>\n\n\n\n<p>La congresista local asever\u00f3 que estos <strong>requisitos se integraron<\/strong> en esta propuesta, debido a que los delitos de violencia familiar son los que tienen una mayor incidencia delictiva en el pa\u00eds y a nivel estatal.&nbsp;<\/p>\n\n\n\n<p>Enhorabuena!!!&#8230; Muy bien la Diputada Mariana Benitez.&nbsp;&nbsp;<\/p>\n\n\n\n<p class=\"has-text-align-center\"><strong>Noticieros: 08:00 a 09:00 horas de lunes a viernes y 15:00 a 16:00 horas.&nbsp;<\/strong>&nbsp;<br><strong>Edici\u00f3n BBM Noticias y 2 Edici\u00f3n HERALDO RADIO ISTMO&nbsp; 106.5 FM XHSCCK<\/strong>&nbsp;<br><strong>Lo puede escuchar tambi\u00e9n en www.labravaradiofm.com y<\/strong>&nbsp;<br><strong>www.bbmnoticias.com\/labravaradiofm<\/strong>&nbsp;<br><strong>Facebook Bbmnoticias Oaxaca<\/strong>&nbsp;<br><strong>Mant\u00e9ngase informados las 24 horas del d\u00eda!<\/strong>&nbsp;<br><strong>Twitter @buho_botero @bbmnoticias1&nbsp;<\/strong>&nbsp;<\/p>\n","protected":false},"excerpt":{"rendered":"<p>*El gobierno la \u201cPrimavera Oaxaque\u00f1a deber\u00e1 estar a la altura.&nbsp;&nbsp; *\u00a1Hitazo de Mariana! Cero tolerancia a la violencia vs las mujeres.&nbsp;&nbsp; Ya lo hab\u00edamos adelantado en este espacio. A Salina Cruz y municipios vecinos no le ha ido mal con la 4T y sus obras millonarias.&nbsp;&nbsp; Desde el 2020 la derrama econ\u00f3mica se dej\u00f3 sentir [&hellip;]<\/p>\n","protected":false},"author":18,"featured_media":23648,"comment_status":"closed","ping_status":"closed","sticky":false,"template":"","format":"standard","meta":{"footnotes":""},"categories":[950,22],"tags":[],"class_list":{"0":"post-23642","1":"post","2":"type-post","3":"status-publish","4":"format-standard","5":"has-post-thumbnail","7":"category-el-canto-del-buho","8":"category-opinion"},"yoast_head":"<!-- This site is optimized with the Yoast SEO plugin v27.4 - https:\/\/yoast.com\/product\/yoast-seo-wordpress\/ -->\n<title>Repunta econom\u00eda en Salina Cruz y municipios istme\u00f1os - El Canto del B\u00faho - LA BRAVA RADIO<\/title>\n<meta name=\"robots\" content=\"index, follow, max-snippet:-1, max-image-preview:large, max-video-preview:-1\" \/>\n<link rel=\"canonical\" href=\"https:\/\/www.bbmnoticias.com\/labravaradiofm\/2023\/02\/16\/repunta-economia-en-salina-cruz-y-municipios-istmenos-el-canto-del-buho\/\" \/>\n<meta property=\"og:locale\" content=\"es_MX\" \/>\n<meta property=\"og:type\" content=\"article\" \/>\n<meta property=\"og:title\" content=\"Repunta econom\u00eda en Salina Cruz y municipios istme\u00f1os - El Canto del B\u00faho - LA BRAVA RADIO\" \/>\n<meta property=\"og:description\" content=\"*El gobierno la \u201cPrimavera Oaxaque\u00f1a deber\u00e1 estar a la altura.&nbsp;&nbsp; *\u00a1Hitazo de Mariana! Cero tolerancia a la violencia vs las mujeres.&nbsp;&nbsp; Ya lo hab\u00edamos adelantado en este espacio. A Salina Cruz y municipios vecinos no le ha ido mal con la 4T y sus obras millonarias.&nbsp;&nbsp; Desde el 2020 la derrama econ\u00f3mica se dej\u00f3 sentir [&hellip;]\" \/>\n<meta property=\"og:url\" content=\"https:\/\/www.bbmnoticias.com\/labravaradiofm\/2023\/02\/16\/repunta-economia-en-salina-cruz-y-municipios-istmenos-el-canto-del-buho\/\" \/>\n<meta property=\"og:site_name\" content=\"LA BRAVA RADIO\" \/>\n<meta property=\"article:published_time\" content=\"2023-02-16T17:34:37+00:00\" \/>\n<meta property=\"article:modified_time\" content=\"2023-03-14T15:29:56+00:00\" \/>\n<meta property=\"og:image\" content=\"https:\/\/www.bbmnoticias.com\/labravaradiofm\/wp-content\/uploads\/sites\/5\/2023\/02\/elcanto16022023-2.jpg\" \/>\n\t<meta property=\"og:image:width\" content=\"650\" \/>\n\t<meta property=\"og:image:height\" content=\"360\" \/>\n\t<meta property=\"og:image:type\" content=\"image\/jpeg\" \/>\n<meta name=\"author\" content=\"Pedro Botero\" \/>\n<meta name=\"twitter:card\" content=\"summary_large_image\" \/>\n<meta name=\"twitter:label1\" content=\"Escrito por\" \/>\n\t<meta name=\"twitter:data1\" content=\"Pedro Botero\" \/>\n\t<meta name=\"twitter:label2\" content=\"Tiempo de lectura\" \/>\n\t<meta name=\"twitter:data2\" content=\"6 minutos\" \/>\n<script type=\"application\/ld+json\" class=\"yoast-schema-graph\">{\"@context\":\"https:\\\/\\\/schema.org\",\"@graph\":[{\"@type\":\"Article\",\"@id\":\"https:\\\/\\\/www.bbmnoticias.com\\\/labravaradiofm\\\/2023\\\/02\\\/16\\\/repunta-economia-en-salina-cruz-y-municipios-istmenos-el-canto-del-buho\\\/#article\",\"isPartOf\":{\"@id\":\"https:\\\/\\\/www.bbmnoticias.com\\\/labravaradiofm\\\/2023\\\/02\\\/16\\\/repunta-economia-en-salina-cruz-y-municipios-istmenos-el-canto-del-buho\\\/\"},\"author\":{\"name\":\"Pedro Botero\",\"@id\":\"https:\\\/\\\/www.bbmnoticias.com\\\/labravaradiofm\\\/#\\\/schema\\\/person\\\/b1f24ff43a407a5f7093af0d867e2717\"},\"headline\":\"Repunta econom\u00eda en Salina Cruz y municipios istme\u00f1os &#8211; El Canto del B\u00faho\",\"datePublished\":\"2023-02-16T17:34:37+00:00\",\"dateModified\":\"2023-03-14T15:29:56+00:00\",\"mainEntityOfPage\":{\"@id\":\"https:\\\/\\\/www.bbmnoticias.com\\\/labravaradiofm\\\/2023\\\/02\\\/16\\\/repunta-economia-en-salina-cruz-y-municipios-istmenos-el-canto-del-buho\\\/\"},\"wordCount\":1284,\"image\":{\"@id\":\"https:\\\/\\\/www.bbmnoticias.com\\\/labravaradiofm\\\/2023\\\/02\\\/16\\\/repunta-economia-en-salina-cruz-y-municipios-istmenos-el-canto-del-buho\\\/#primaryimage\"},\"thumbnailUrl\":\"https:\\\/\\\/www.bbmnoticias.com\\\/labravaradiofm\\\/wp-content\\\/uploads\\\/sites\\\/5\\\/2023\\\/02\\\/elcanto16022023-2.jpg\",\"articleSection\":[\"EL CANTO DEL B\u00daHO\",\"OPINI\u00d3N\"],\"inLanguage\":\"es\"},{\"@type\":\"WebPage\",\"@id\":\"https:\\\/\\\/www.bbmnoticias.com\\\/labravaradiofm\\\/2023\\\/02\\\/16\\\/repunta-economia-en-salina-cruz-y-municipios-istmenos-el-canto-del-buho\\\/\",\"url\":\"https:\\\/\\\/www.bbmnoticias.com\\\/labravaradiofm\\\/2023\\\/02\\\/16\\\/repunta-economia-en-salina-cruz-y-municipios-istmenos-el-canto-del-buho\\\/\",\"name\":\"Repunta econom\u00eda en Salina Cruz y municipios istme\u00f1os - El Canto del B\u00faho - LA BRAVA RADIO\",\"isPartOf\":{\"@id\":\"https:\\\/\\\/www.bbmnoticias.com\\\/labravaradiofm\\\/#website\"},\"primaryImageOfPage\":{\"@id\":\"https:\\\/\\\/www.bbmnoticias.com\\\/labravaradiofm\\\/2023\\\/02\\\/16\\\/repunta-economia-en-salina-cruz-y-municipios-istmenos-el-canto-del-buho\\\/#primaryimage\"},\"image\":{\"@id\":\"https:\\\/\\\/www.bbmnoticias.com\\\/labravaradiofm\\\/2023\\\/02\\\/16\\\/repunta-economia-en-salina-cruz-y-municipios-istmenos-el-canto-del-buho\\\/#primaryimage\"},\"thumbnailUrl\":\"https:\\\/\\\/www.bbmnoticias.com\\\/labravaradiofm\\\/wp-content\\\/uploads\\\/sites\\\/5\\\/2023\\\/02\\\/elcanto16022023-2.jpg\",\"datePublished\":\"2023-02-16T17:34:37+00:00\",\"dateModified\":\"2023-03-14T15:29:56+00:00\",\"author\":{\"@id\":\"https:\\\/\\\/www.bbmnoticias.com\\\/labravaradiofm\\\/#\\\/schema\\\/person\\\/b1f24ff43a407a5f7093af0d867e2717\"},\"breadcrumb\":{\"@id\":\"https:\\\/\\\/www.bbmnoticias.com\\\/labravaradiofm\\\/2023\\\/02\\\/16\\\/repunta-economia-en-salina-cruz-y-municipios-istmenos-el-canto-del-buho\\\/#breadcrumb\"},\"inLanguage\":\"es\",\"potentialAction\":[{\"@type\":\"ReadAction\",\"target\":[\"https:\\\/\\\/www.bbmnoticias.com\\\/labravaradiofm\\\/2023\\\/02\\\/16\\\/repunta-economia-en-salina-cruz-y-municipios-istmenos-el-canto-del-buho\\\/\"]}]},{\"@type\":\"ImageObject\",\"inLanguage\":\"es\",\"@id\":\"https:\\\/\\\/www.bbmnoticias.com\\\/labravaradiofm\\\/2023\\\/02\\\/16\\\/repunta-economia-en-salina-cruz-y-municipios-istmenos-el-canto-del-buho\\\/#primaryimage\",\"url\":\"https:\\\/\\\/www.bbmnoticias.com\\\/labravaradiofm\\\/wp-content\\\/uploads\\\/sites\\\/5\\\/2023\\\/02\\\/elcanto16022023-2.jpg\",\"contentUrl\":\"https:\\\/\\\/www.bbmnoticias.com\\\/labravaradiofm\\\/wp-content\\\/uploads\\\/sites\\\/5\\\/2023\\\/02\\\/elcanto16022023-2.jpg\",\"width\":650,\"height\":360},{\"@type\":\"BreadcrumbList\",\"@id\":\"https:\\\/\\\/www.bbmnoticias.com\\\/labravaradiofm\\\/2023\\\/02\\\/16\\\/repunta-economia-en-salina-cruz-y-municipios-istmenos-el-canto-del-buho\\\/#breadcrumb\",\"itemListElement\":[{\"@type\":\"ListItem\",\"position\":1,\"name\":\"Inicio\",\"item\":\"https:\\\/\\\/www.bbmnoticias.com\\\/labravaradiofm\\\/\"},{\"@type\":\"ListItem\",\"position\":2,\"name\":\"Repunta econom\u00eda en Salina Cruz y municipios istme\u00f1os &#8211; El Canto del B\u00faho\"}]},{\"@type\":\"WebSite\",\"@id\":\"https:\\\/\\\/www.bbmnoticias.com\\\/labravaradiofm\\\/#website\",\"url\":\"https:\\\/\\\/www.bbmnoticias.com\\\/labravaradiofm\\\/\",\"name\":\"LA BRAVA RADIO\",\"description\":\"Empresa productora de medios, Radiodifusi\u00f3n, Noticias, tendencias y todo lo que necesitas saber de la pol\u00edtica mexicana e internacional; entretenimiento, espect\u00e1culos, salud y mucho m\u00e1s.\",\"potentialAction\":[{\"@type\":\"SearchAction\",\"target\":{\"@type\":\"EntryPoint\",\"urlTemplate\":\"https:\\\/\\\/www.bbmnoticias.com\\\/labravaradiofm\\\/?s={search_term_string}\"},\"query-input\":{\"@type\":\"PropertyValueSpecification\",\"valueRequired\":true,\"valueName\":\"search_term_string\"}}],\"inLanguage\":\"es\"},{\"@type\":\"Person\",\"@id\":\"https:\\\/\\\/www.bbmnoticias.com\\\/labravaradiofm\\\/#\\\/schema\\\/person\\\/b1f24ff43a407a5f7093af0d867e2717\",\"name\":\"Pedro Botero\",\"image\":{\"@type\":\"ImageObject\",\"inLanguage\":\"es\",\"@id\":\"https:\\\/\\\/secure.gravatar.com\\\/avatar\\\/3e1604f74223697b158b4f0509f030050c1609806bd1c24b9ac5d9759b30b353?s=96&d=mm&r=g\",\"url\":\"https:\\\/\\\/secure.gravatar.com\\\/avatar\\\/3e1604f74223697b158b4f0509f030050c1609806bd1c24b9ac5d9759b30b353?s=96&d=mm&r=g\",\"contentUrl\":\"https:\\\/\\\/secure.gravatar.com\\\/avatar\\\/3e1604f74223697b158b4f0509f030050c1609806bd1c24b9ac5d9759b30b353?s=96&d=mm&r=g\",\"caption\":\"Pedro Botero\"},\"sameAs\":[\"http:\\\/\\\/www.bbmnoticias.com\"],\"url\":\"https:\\\/\\\/www.bbmnoticias.com\\\/labravaradiofm\\\/author\\\/pedrobotero\\\/\"}]}<\/script>\n<!-- \/ Yoast SEO plugin. -->","yoast_head_json":{"title":"Repunta econom\u00eda en Salina Cruz y municipios istme\u00f1os - El Canto del B\u00faho - LA BRAVA RADIO","robots":{"index":"index","follow":"follow","max-snippet":"max-snippet:-1","max-image-preview":"max-image-preview:large","max-video-preview":"max-video-preview:-1"},"canonical":"https:\/\/www.bbmnoticias.com\/labravaradiofm\/2023\/02\/16\/repunta-economia-en-salina-cruz-y-municipios-istmenos-el-canto-del-buho\/","og_locale":"es_MX","og_type":"article","og_title":"Repunta econom\u00eda en Salina Cruz y municipios istme\u00f1os - El Canto del B\u00faho - LA BRAVA RADIO","og_description":"*El gobierno la \u201cPrimavera Oaxaque\u00f1a deber\u00e1 estar a la altura.&nbsp;&nbsp; *\u00a1Hitazo de Mariana! Cero tolerancia a la violencia vs las mujeres.&nbsp;&nbsp; Ya lo hab\u00edamos adelantado en este espacio. A Salina Cruz y municipios vecinos no le ha ido mal con la 4T y sus obras millonarias.&nbsp;&nbsp; Desde el 2020 la derrama econ\u00f3mica se dej\u00f3 sentir [&hellip;]","og_url":"https:\/\/www.bbmnoticias.com\/labravaradiofm\/2023\/02\/16\/repunta-economia-en-salina-cruz-y-municipios-istmenos-el-canto-del-buho\/","og_site_name":"LA BRAVA RADIO","article_published_time":"2023-02-16T17:34:37+00:00","article_modified_time":"2023-03-14T15:29:56+00:00","og_image":[{"width":650,"height":360,"url":"https:\/\/www.bbmnoticias.com\/labravaradiofm\/wp-content\/uploads\/sites\/5\/2023\/02\/elcanto16022023-2.jpg","type":"image\/jpeg"}],"author":"Pedro Botero","twitter_card":"summary_large_image","twitter_misc":{"Escrito por":"Pedro Botero","Tiempo de lectura":"6 minutos"},"schema":{"@context":"https:\/\/schema.org","@graph":[{"@type":"Article","@id":"https:\/\/www.bbmnoticias.com\/labravaradiofm\/2023\/02\/16\/repunta-economia-en-salina-cruz-y-municipios-istmenos-el-canto-del-buho\/#article","isPartOf":{"@id":"https:\/\/www.bbmnoticias.com\/labravaradiofm\/2023\/02\/16\/repunta-economia-en-salina-cruz-y-municipios-istmenos-el-canto-del-buho\/"},"author":{"name":"Pedro Botero","@id":"https:\/\/www.bbmnoticias.com\/labravaradiofm\/#\/schema\/person\/b1f24ff43a407a5f7093af0d867e2717"},"headline":"Repunta econom\u00eda en Salina Cruz y municipios istme\u00f1os &#8211; El Canto del B\u00faho","datePublished":"2023-02-16T17:34:37+00:00","dateModified":"2023-03-14T15:29:56+00:00","mainEntityOfPage":{"@id":"https:\/\/www.bbmnoticias.com\/labravaradiofm\/2023\/02\/16\/repunta-economia-en-salina-cruz-y-municipios-istmenos-el-canto-del-buho\/"},"wordCount":1284,"image":{"@id":"https:\/\/www.bbmnoticias.com\/labravaradiofm\/2023\/02\/16\/repunta-economia-en-salina-cruz-y-municipios-istmenos-el-canto-del-buho\/#primaryimage"},"thumbnailUrl":"https:\/\/www.bbmnoticias.com\/labravaradiofm\/wp-content\/uploads\/sites\/5\/2023\/02\/elcanto16022023-2.jpg","articleSection":["EL CANTO DEL B\u00daHO","OPINI\u00d3N"],"inLanguage":"es"},{"@type":"WebPage","@id":"https:\/\/www.bbmnoticias.com\/labravaradiofm\/2023\/02\/16\/repunta-economia-en-salina-cruz-y-municipios-istmenos-el-canto-del-buho\/","url":"https:\/\/www.bbmnoticias.com\/labravaradiofm\/2023\/02\/16\/repunta-economia-en-salina-cruz-y-municipios-istmenos-el-canto-del-buho\/","name":"Repunta econom\u00eda en Salina Cruz y municipios istme\u00f1os - El Canto del B\u00faho - LA BRAVA RADIO","isPartOf":{"@id":"https:\/\/www.bbmnoticias.com\/labravaradiofm\/#website"},"primaryImageOfPage":{"@id":"https:\/\/www.bbmnoticias.com\/labravaradiofm\/2023\/02\/16\/repunta-economia-en-salina-cruz-y-municipios-istmenos-el-canto-del-buho\/#primaryimage"},"image":{"@id":"https:\/\/www.bbmnoticias.com\/labravaradiofm\/2023\/02\/16\/repunta-economia-en-salina-cruz-y-municipios-istmenos-el-canto-del-buho\/#primaryimage"},"thumbnailUrl":"https:\/\/www.bbmnoticias.com\/labravaradiofm\/wp-content\/uploads\/sites\/5\/2023\/02\/elcanto16022023-2.jpg","datePublished":"2023-02-16T17:34:37+00:00","dateModified":"2023-03-14T15:29:56+00:00","author":{"@id":"https:\/\/www.bbmnoticias.com\/labravaradiofm\/#\/schema\/person\/b1f24ff43a407a5f7093af0d867e2717"},"breadcrumb":{"@id":"https:\/\/www.bbmnoticias.com\/labravaradiofm\/2023\/02\/16\/repunta-economia-en-salina-cruz-y-municipios-istmenos-el-canto-del-buho\/#breadcrumb"},"inLanguage":"es","potentialAction":[{"@type":"ReadAction","target":["https:\/\/www.bbmnoticias.com\/labravaradiofm\/2023\/02\/16\/repunta-economia-en-salina-cruz-y-municipios-istmenos-el-canto-del-buho\/"]}]},{"@type":"ImageObject","inLanguage":"es","@id":"https:\/\/www.bbmnoticias.com\/labravaradiofm\/2023\/02\/16\/repunta-economia-en-salina-cruz-y-municipios-istmenos-el-canto-del-buho\/#primaryimage","url":"https:\/\/www.bbmnoticias.com\/labravaradiofm\/wp-content\/uploads\/sites\/5\/2023\/02\/elcanto16022023-2.jpg","contentUrl":"https:\/\/www.bbmnoticias.com\/labravaradiofm\/wp-content\/uploads\/sites\/5\/2023\/02\/elcanto16022023-2.jpg","width":650,"height":360},{"@type":"BreadcrumbList","@id":"https:\/\/www.bbmnoticias.com\/labravaradiofm\/2023\/02\/16\/repunta-economia-en-salina-cruz-y-municipios-istmenos-el-canto-del-buho\/#breadcrumb","itemListElement":[{"@type":"ListItem","position":1,"name":"Inicio","item":"https:\/\/www.bbmnoticias.com\/labravaradiofm\/"},{"@type":"ListItem","position":2,"name":"Repunta econom\u00eda en Salina Cruz y municipios istme\u00f1os &#8211; El Canto del B\u00faho"}]},{"@type":"WebSite","@id":"https:\/\/www.bbmnoticias.com\/labravaradiofm\/#website","url":"https:\/\/www.bbmnoticias.com\/labravaradiofm\/","name":"LA BRAVA RADIO","description":"Empresa productora de medios, Radiodifusi\u00f3n, Noticias, tendencias y todo lo que necesitas saber de la pol\u00edtica mexicana e internacional; entretenimiento, espect\u00e1culos, salud y mucho m\u00e1s.","potentialAction":[{"@type":"SearchAction","target":{"@type":"EntryPoint","urlTemplate":"https:\/\/www.bbmnoticias.com\/labravaradiofm\/?s={search_term_string}"},"query-input":{"@type":"PropertyValueSpecification","valueRequired":true,"valueName":"search_term_string"}}],"inLanguage":"es"},{"@type":"Person","@id":"https:\/\/www.bbmnoticias.com\/labravaradiofm\/#\/schema\/person\/b1f24ff43a407a5f7093af0d867e2717","name":"Pedro Botero","image":{"@type":"ImageObject","inLanguage":"es","@id":"https:\/\/secure.gravatar.com\/avatar\/3e1604f74223697b158b4f0509f030050c1609806bd1c24b9ac5d9759b30b353?s=96&d=mm&r=g","url":"https:\/\/secure.gravatar.com\/avatar\/3e1604f74223697b158b4f0509f030050c1609806bd1c24b9ac5d9759b30b353?s=96&d=mm&r=g","contentUrl":"https:\/\/secure.gravatar.com\/avatar\/3e1604f74223697b158b4f0509f030050c1609806bd1c24b9ac5d9759b30b353?s=96&d=mm&r=g","caption":"Pedro Botero"},"sameAs":["http:\/\/www.bbmnoticias.com"],"url":"https:\/\/www.bbmnoticias.com\/labravaradiofm\/author\/pedrobotero\/"}]}},"_links":{"self":[{"href":"https:\/\/www.bbmnoticias.com\/labravaradiofm\/wp-json\/wp\/v2\/posts\/23642","targetHints":{"allow":["GET"]}}],"collection":[{"href":"https:\/\/www.bbmnoticias.com\/labravaradiofm\/wp-json\/wp\/v2\/posts"}],"about":[{"href":"https:\/\/www.bbmnoticias.com\/labravaradiofm\/wp-json\/wp\/v2\/types\/post"}],"author":[{"embeddable":true,"href":"https:\/\/www.bbmnoticias.com\/labravaradiofm\/wp-json\/wp\/v2\/users\/18"}],"replies":[{"embeddable":true,"href":"https:\/\/www.bbmnoticias.com\/labravaradiofm\/wp-json\/wp\/v2\/comments?post=23642"}],"version-history":[{"count":0,"href":"https:\/\/www.bbmnoticias.com\/labravaradiofm\/wp-json\/wp\/v2\/posts\/23642\/revisions"}],"wp:featuredmedia":[{"embeddable":true,"href":"https:\/\/www.bbmnoticias.com\/labravaradiofm\/wp-json\/wp\/v2\/media\/23648"}],"wp:attachment":[{"href":"https:\/\/www.bbmnoticias.com\/labravaradiofm\/wp-json\/wp\/v2\/media?parent=23642"}],"wp:term":[{"taxonomy":"category","embeddable":true,"href":"https:\/\/www.bbmnoticias.com\/labravaradiofm\/wp-json\/wp\/v2\/categories?post=23642"},{"taxonomy":"post_tag","embeddable":true,"href":"https:\/\/www.bbmnoticias.com\/labravaradiofm\/wp-json\/wp\/v2\/tags?post=23642"}],"curies":[{"name":"wp","href":"https:\/\/api.w.org\/{rel}","templated":true}]}}