{"id":23639,"date":"2023-02-16T11:06:14","date_gmt":"2023-02-16T17:06:14","guid":{"rendered":"https:\/\/www.bbmnoticias.com\/labravaradiofm\/?p=23639"},"modified":"2023-02-16T11:06:15","modified_gmt":"2023-02-16T17:06:15","slug":"mexicana-de-aviacion-volara-antes-de-que-termine-el-ano-amlo","status":"publish","type":"post","link":"https:\/\/www.bbmnoticias.com\/labravaradiofm\/2023\/02\/16\/mexicana-de-aviacion-volara-antes-de-que-termine-el-ano-amlo\/","title":{"rendered":"Mexicana de Aviaci\u00f3n volar\u00e1 antes de que termine el a\u00f1o: AMLO"},"content":{"rendered":"<div style=\"margin-top: 0px; margin-bottom: 0px;\" class=\"sharethis-inline-share-buttons\" ><\/div>\n<p>El presidente Andr\u00e9s Manuel L\u00f3pez Obrador inform\u00f3 que se avanza en la creaci\u00f3n de <strong>Mexicana de Aviaci\u00f3n<\/strong>, la nueva aerol\u00ednea p\u00fablica a cargo del<strong> Ej\u00e9rcito mexicano<\/strong>, y se busca que antes de que concluya este a\u00f1o ya est\u00e9 volando.\u00a0<\/p>\n\n\n\n<p>En conferencia de prensa matutina en <strong>Palacio Nacional<\/strong>, L\u00f3pez Obrador detall\u00f3 que en un inicio la nueva aerol\u00ednea volar\u00e1 con <strong>10 aviones<\/strong>.\u00a0<\/p>\n\n\n\n<p>\u201cEstamos viendo lo de la creaci\u00f3n de Mexicana de Aviaci\u00f3n, estamos en ese proceso, se va avanzando. \u00a0Estamos pensando que antes de que concluya el a\u00f1o ya est\u00e9 volando de nuevo. S\u00ed (volar\u00e1) con 10 aeronaves.<\/p>\n\n\n\n<p>\u201cYa viene Mexicana, va a volver a volar, nos faltan unas cosas, se est\u00e1n revisando algunos bienes, que no haya conflicto legal, jur\u00eddico, pero ya los trabajadores tanto en activo como jubilados, ya aceptaron la propuesta y est\u00e1n contentos. Ya estamos a punto de llevar a cabo el acuerdo\u201d, indic\u00f3. &nbsp;<\/p>\n\n\n\n<p>En Palacio Nacional, el presidente\u00a0<strong>L\u00f3pez Obrador<\/strong> se\u00f1al\u00f3 que adem\u00e1s de la compra de la marca, se adquirir\u00e1n otros bienes de Mexicana con este acuerdo.<\/p>\n","protected":false},"excerpt":{"rendered":"<p>El presidente Andr\u00e9s Manuel L\u00f3pez Obrador inform\u00f3 que se avanza en la creaci\u00f3n de Mexicana de Aviaci\u00f3n, la nueva aerol\u00ednea p\u00fablica a cargo del Ej\u00e9rcito mexicano, y se busca que antes de que concluya este a\u00f1o ya est\u00e9 volando.\u00a0 En conferencia de prensa matutina en Palacio Nacional, L\u00f3pez Obrador detall\u00f3 que en un inicio la [&hellip;]<\/p>\n","protected":false},"author":2,"featured_media":23640,"comment_status":"closed","ping_status":"closed","sticky":false,"template":"","format":"standard","meta":{"footnotes":""},"categories":[19],"tags":[],"class_list":{"0":"post-23639","1":"post","2":"type-post","3":"status-publish","4":"format-standard","5":"has-post-thumbnail","7":"category-nacional"},"yoast_head":"<!-- This site is optimized with the Yoast SEO plugin v27.4 - https:\/\/yoast.com\/product\/yoast-seo-wordpress\/ -->\n<title>Mexicana de Aviaci\u00f3n volar\u00e1 antes de que termine el a\u00f1o: AMLO - LA BRAVA RADIO<\/title>\n<meta name=\"robots\" content=\"index, follow, max-snippet:-1, max-image-preview:large, max-video-preview:-1\" \/>\n<link rel=\"canonical\" href=\"https:\/\/www.bbmnoticias.com\/labravaradiofm\/2023\/02\/16\/mexicana-de-aviacion-volara-antes-de-que-termine-el-ano-amlo\/\" \/>\n<meta property=\"og:locale\" content=\"es_MX\" \/>\n<meta property=\"og:type\" content=\"article\" \/>\n<meta property=\"og:title\" content=\"Mexicana de Aviaci\u00f3n volar\u00e1 antes de que termine el a\u00f1o: AMLO - LA BRAVA RADIO\" \/>\n<meta property=\"og:description\" content=\"El presidente Andr\u00e9s Manuel L\u00f3pez Obrador inform\u00f3 que se avanza en la creaci\u00f3n de Mexicana de Aviaci\u00f3n, la nueva aerol\u00ednea p\u00fablica a cargo del Ej\u00e9rcito mexicano, y se busca que antes de que concluya este a\u00f1o ya est\u00e9 volando.\u00a0 En conferencia de prensa matutina en Palacio Nacional, L\u00f3pez Obrador detall\u00f3 que en un inicio la [&hellip;]\" \/>\n<meta property=\"og:url\" content=\"https:\/\/www.bbmnoticias.com\/labravaradiofm\/2023\/02\/16\/mexicana-de-aviacion-volara-antes-de-que-termine-el-ano-amlo\/\" \/>\n<meta property=\"og:site_name\" content=\"LA BRAVA RADIO\" \/>\n<meta property=\"article:published_time\" content=\"2023-02-16T17:06:14+00:00\" \/>\n<meta property=\"article:modified_time\" content=\"2023-02-16T17:06:15+00:00\" \/>\n<meta property=\"og:image\" content=\"https:\/\/www.bbmnoticias.com\/labravaradiofm\/wp-content\/uploads\/sites\/5\/2023\/02\/Mexicana-de-Aviacion.jpg\" \/>\n\t<meta property=\"og:image:width\" content=\"1200\" \/>\n\t<meta property=\"og:image:height\" content=\"630\" \/>\n\t<meta property=\"og:image:type\" content=\"image\/jpeg\" \/>\n<meta name=\"author\" content=\"Staff\" \/>\n<meta name=\"twitter:card\" content=\"summary_large_image\" \/>\n<meta name=\"twitter:label1\" content=\"Escrito por\" \/>\n\t<meta name=\"twitter:data1\" content=\"Staff\" \/>\n\t<meta name=\"twitter:label2\" content=\"Tiempo de lectura\" \/>\n\t<meta name=\"twitter:data2\" content=\"1 minuto\" \/>\n<script type=\"application\/ld+json\" class=\"yoast-schema-graph\">{\"@context\":\"https:\\\/\\\/schema.org\",\"@graph\":[{\"@type\":\"Article\",\"@id\":\"https:\\\/\\\/www.bbmnoticias.com\\\/labravaradiofm\\\/2023\\\/02\\\/16\\\/mexicana-de-aviacion-volara-antes-de-que-termine-el-ano-amlo\\\/#article\",\"isPartOf\":{\"@id\":\"https:\\\/\\\/www.bbmnoticias.com\\\/labravaradiofm\\\/2023\\\/02\\\/16\\\/mexicana-de-aviacion-volara-antes-de-que-termine-el-ano-amlo\\\/\"},\"author\":{\"name\":\"Staff\",\"@id\":\"https:\\\/\\\/www.bbmnoticias.com\\\/labravaradiofm\\\/#\\\/schema\\\/person\\\/34b139c617a70ea5bef5678bffe4dd7b\"},\"headline\":\"Mexicana de Aviaci\u00f3n volar\u00e1 antes de que termine el a\u00f1o: AMLO\",\"datePublished\":\"2023-02-16T17:06:14+00:00\",\"dateModified\":\"2023-02-16T17:06:15+00:00\",\"mainEntityOfPage\":{\"@id\":\"https:\\\/\\\/www.bbmnoticias.com\\\/labravaradiofm\\\/2023\\\/02\\\/16\\\/mexicana-de-aviacion-volara-antes-de-que-termine-el-ano-amlo\\\/\"},\"wordCount\":204,\"image\":{\"@id\":\"https:\\\/\\\/www.bbmnoticias.com\\\/labravaradiofm\\\/2023\\\/02\\\/16\\\/mexicana-de-aviacion-volara-antes-de-que-termine-el-ano-amlo\\\/#primaryimage\"},\"thumbnailUrl\":\"https:\\\/\\\/www.bbmnoticias.com\\\/labravaradiofm\\\/wp-content\\\/uploads\\\/sites\\\/5\\\/2023\\\/02\\\/Mexicana-de-Aviacion.jpg\",\"articleSection\":[\"NACIONAL\"],\"inLanguage\":\"es\"},{\"@type\":\"WebPage\",\"@id\":\"https:\\\/\\\/www.bbmnoticias.com\\\/labravaradiofm\\\/2023\\\/02\\\/16\\\/mexicana-de-aviacion-volara-antes-de-que-termine-el-ano-amlo\\\/\",\"url\":\"https:\\\/\\\/www.bbmnoticias.com\\\/labravaradiofm\\\/2023\\\/02\\\/16\\\/mexicana-de-aviacion-volara-antes-de-que-termine-el-ano-amlo\\\/\",\"name\":\"Mexicana de Aviaci\u00f3n volar\u00e1 antes de que termine el a\u00f1o: AMLO - LA BRAVA RADIO\",\"isPartOf\":{\"@id\":\"https:\\\/\\\/www.bbmnoticias.com\\\/labravaradiofm\\\/#website\"},\"primaryImageOfPage\":{\"@id\":\"https:\\\/\\\/www.bbmnoticias.com\\\/labravaradiofm\\\/2023\\\/02\\\/16\\\/mexicana-de-aviacion-volara-antes-de-que-termine-el-ano-amlo\\\/#primaryimage\"},\"image\":{\"@id\":\"https:\\\/\\\/www.bbmnoticias.com\\\/labravaradiofm\\\/2023\\\/02\\\/16\\\/mexicana-de-aviacion-volara-antes-de-que-termine-el-ano-amlo\\\/#primaryimage\"},\"thumbnailUrl\":\"https:\\\/\\\/www.bbmnoticias.com\\\/labravaradiofm\\\/wp-content\\\/uploads\\\/sites\\\/5\\\/2023\\\/02\\\/Mexicana-de-Aviacion.jpg\",\"datePublished\":\"2023-02-16T17:06:14+00:00\",\"dateModified\":\"2023-02-16T17:06:15+00:00\",\"author\":{\"@id\":\"https:\\\/\\\/www.bbmnoticias.com\\\/labravaradiofm\\\/#\\\/schema\\\/person\\\/34b139c617a70ea5bef5678bffe4dd7b\"},\"breadcrumb\":{\"@id\":\"https:\\\/\\\/www.bbmnoticias.com\\\/labravaradiofm\\\/2023\\\/02\\\/16\\\/mexicana-de-aviacion-volara-antes-de-que-termine-el-ano-amlo\\\/#breadcrumb\"},\"inLanguage\":\"es\",\"potentialAction\":[{\"@type\":\"ReadAction\",\"target\":[\"https:\\\/\\\/www.bbmnoticias.com\\\/labravaradiofm\\\/2023\\\/02\\\/16\\\/mexicana-de-aviacion-volara-antes-de-que-termine-el-ano-amlo\\\/\"]}]},{\"@type\":\"ImageObject\",\"inLanguage\":\"es\",\"@id\":\"https:\\\/\\\/www.bbmnoticias.com\\\/labravaradiofm\\\/2023\\\/02\\\/16\\\/mexicana-de-aviacion-volara-antes-de-que-termine-el-ano-amlo\\\/#primaryimage\",\"url\":\"https:\\\/\\\/www.bbmnoticias.com\\\/labravaradiofm\\\/wp-content\\\/uploads\\\/sites\\\/5\\\/2023\\\/02\\\/Mexicana-de-Aviacion.jpg\",\"contentUrl\":\"https:\\\/\\\/www.bbmnoticias.com\\\/labravaradiofm\\\/wp-content\\\/uploads\\\/sites\\\/5\\\/2023\\\/02\\\/Mexicana-de-Aviacion.jpg\",\"width\":1200,\"height\":630},{\"@type\":\"BreadcrumbList\",\"@id\":\"https:\\\/\\\/www.bbmnoticias.com\\\/labravaradiofm\\\/2023\\\/02\\\/16\\\/mexicana-de-aviacion-volara-antes-de-que-termine-el-ano-amlo\\\/#breadcrumb\",\"itemListElement\":[{\"@type\":\"ListItem\",\"position\":1,\"name\":\"Inicio\",\"item\":\"https:\\\/\\\/www.bbmnoticias.com\\\/labravaradiofm\\\/\"},{\"@type\":\"ListItem\",\"position\":2,\"name\":\"Mexicana de Aviaci\u00f3n volar\u00e1 antes de que termine el a\u00f1o: AMLO\"}]},{\"@type\":\"WebSite\",\"@id\":\"https:\\\/\\\/www.bbmnoticias.com\\\/labravaradiofm\\\/#website\",\"url\":\"https:\\\/\\\/www.bbmnoticias.com\\\/labravaradiofm\\\/\",\"name\":\"LA BRAVA RADIO\",\"description\":\"Empresa productora de medios, Radiodifusi\u00f3n, Noticias, tendencias y todo lo que necesitas saber de la pol\u00edtica mexicana e internacional; entretenimiento, espect\u00e1culos, salud y mucho m\u00e1s.\",\"potentialAction\":[{\"@type\":\"SearchAction\",\"target\":{\"@type\":\"EntryPoint\",\"urlTemplate\":\"https:\\\/\\\/www.bbmnoticias.com\\\/labravaradiofm\\\/?s={search_term_string}\"},\"query-input\":{\"@type\":\"PropertyValueSpecification\",\"valueRequired\":true,\"valueName\":\"search_term_string\"}}],\"inLanguage\":\"es\"},{\"@type\":\"Person\",\"@id\":\"https:\\\/\\\/www.bbmnoticias.com\\\/labravaradiofm\\\/#\\\/schema\\\/person\\\/34b139c617a70ea5bef5678bffe4dd7b\",\"name\":\"Staff\",\"image\":{\"@type\":\"ImageObject\",\"inLanguage\":\"es\",\"@id\":\"https:\\\/\\\/secure.gravatar.com\\\/avatar\\\/fdd21ad66fd8b98c407f9dee5b5e588cfe7f0d8579ec20fa6527cd59bab7f0f0?s=96&d=mm&r=g\",\"url\":\"https:\\\/\\\/secure.gravatar.com\\\/avatar\\\/fdd21ad66fd8b98c407f9dee5b5e588cfe7f0d8579ec20fa6527cd59bab7f0f0?s=96&d=mm&r=g\",\"contentUrl\":\"https:\\\/\\\/secure.gravatar.com\\\/avatar\\\/fdd21ad66fd8b98c407f9dee5b5e588cfe7f0d8579ec20fa6527cd59bab7f0f0?s=96&d=mm&r=g\",\"caption\":\"Staff\"},\"url\":\"https:\\\/\\\/www.bbmnoticias.com\\\/labravaradiofm\\\/author\\\/redaccion\\\/\"}]}<\/script>\n<!-- \/ Yoast SEO plugin. -->","yoast_head_json":{"title":"Mexicana de Aviaci\u00f3n volar\u00e1 antes de que termine el a\u00f1o: AMLO - LA BRAVA RADIO","robots":{"index":"index","follow":"follow","max-snippet":"max-snippet:-1","max-image-preview":"max-image-preview:large","max-video-preview":"max-video-preview:-1"},"canonical":"https:\/\/www.bbmnoticias.com\/labravaradiofm\/2023\/02\/16\/mexicana-de-aviacion-volara-antes-de-que-termine-el-ano-amlo\/","og_locale":"es_MX","og_type":"article","og_title":"Mexicana de Aviaci\u00f3n volar\u00e1 antes de que termine el a\u00f1o: AMLO - LA BRAVA RADIO","og_description":"El presidente Andr\u00e9s Manuel L\u00f3pez Obrador inform\u00f3 que se avanza en la creaci\u00f3n de Mexicana de Aviaci\u00f3n, la nueva aerol\u00ednea p\u00fablica a cargo del Ej\u00e9rcito mexicano, y se busca que antes de que concluya este a\u00f1o ya est\u00e9 volando.\u00a0 En conferencia de prensa matutina en Palacio Nacional, L\u00f3pez Obrador detall\u00f3 que en un inicio la [&hellip;]","og_url":"https:\/\/www.bbmnoticias.com\/labravaradiofm\/2023\/02\/16\/mexicana-de-aviacion-volara-antes-de-que-termine-el-ano-amlo\/","og_site_name":"LA BRAVA RADIO","article_published_time":"2023-02-16T17:06:14+00:00","article_modified_time":"2023-02-16T17:06:15+00:00","og_image":[{"width":1200,"height":630,"url":"https:\/\/www.bbmnoticias.com\/labravaradiofm\/wp-content\/uploads\/sites\/5\/2023\/02\/Mexicana-de-Aviacion.jpg","type":"image\/jpeg"}],"author":"Staff","twitter_card":"summary_large_image","twitter_misc":{"Escrito por":"Staff","Tiempo de lectura":"1 minuto"},"schema":{"@context":"https:\/\/schema.org","@graph":[{"@type":"Article","@id":"https:\/\/www.bbmnoticias.com\/labravaradiofm\/2023\/02\/16\/mexicana-de-aviacion-volara-antes-de-que-termine-el-ano-amlo\/#article","isPartOf":{"@id":"https:\/\/www.bbmnoticias.com\/labravaradiofm\/2023\/02\/16\/mexicana-de-aviacion-volara-antes-de-que-termine-el-ano-amlo\/"},"author":{"name":"Staff","@id":"https:\/\/www.bbmnoticias.com\/labravaradiofm\/#\/schema\/person\/34b139c617a70ea5bef5678bffe4dd7b"},"headline":"Mexicana de Aviaci\u00f3n volar\u00e1 antes de que termine el a\u00f1o: AMLO","datePublished":"2023-02-16T17:06:14+00:00","dateModified":"2023-02-16T17:06:15+00:00","mainEntityOfPage":{"@id":"https:\/\/www.bbmnoticias.com\/labravaradiofm\/2023\/02\/16\/mexicana-de-aviacion-volara-antes-de-que-termine-el-ano-amlo\/"},"wordCount":204,"image":{"@id":"https:\/\/www.bbmnoticias.com\/labravaradiofm\/2023\/02\/16\/mexicana-de-aviacion-volara-antes-de-que-termine-el-ano-amlo\/#primaryimage"},"thumbnailUrl":"https:\/\/www.bbmnoticias.com\/labravaradiofm\/wp-content\/uploads\/sites\/5\/2023\/02\/Mexicana-de-Aviacion.jpg","articleSection":["NACIONAL"],"inLanguage":"es"},{"@type":"WebPage","@id":"https:\/\/www.bbmnoticias.com\/labravaradiofm\/2023\/02\/16\/mexicana-de-aviacion-volara-antes-de-que-termine-el-ano-amlo\/","url":"https:\/\/www.bbmnoticias.com\/labravaradiofm\/2023\/02\/16\/mexicana-de-aviacion-volara-antes-de-que-termine-el-ano-amlo\/","name":"Mexicana de Aviaci\u00f3n volar\u00e1 antes de que termine el a\u00f1o: AMLO - LA BRAVA RADIO","isPartOf":{"@id":"https:\/\/www.bbmnoticias.com\/labravaradiofm\/#website"},"primaryImageOfPage":{"@id":"https:\/\/www.bbmnoticias.com\/labravaradiofm\/2023\/02\/16\/mexicana-de-aviacion-volara-antes-de-que-termine-el-ano-amlo\/#primaryimage"},"image":{"@id":"https:\/\/www.bbmnoticias.com\/labravaradiofm\/2023\/02\/16\/mexicana-de-aviacion-volara-antes-de-que-termine-el-ano-amlo\/#primaryimage"},"thumbnailUrl":"https:\/\/www.bbmnoticias.com\/labravaradiofm\/wp-content\/uploads\/sites\/5\/2023\/02\/Mexicana-de-Aviacion.jpg","datePublished":"2023-02-16T17:06:14+00:00","dateModified":"2023-02-16T17:06:15+00:00","author":{"@id":"https:\/\/www.bbmnoticias.com\/labravaradiofm\/#\/schema\/person\/34b139c617a70ea5bef5678bffe4dd7b"},"breadcrumb":{"@id":"https:\/\/www.bbmnoticias.com\/labravaradiofm\/2023\/02\/16\/mexicana-de-aviacion-volara-antes-de-que-termine-el-ano-amlo\/#breadcrumb"},"inLanguage":"es","potentialAction":[{"@type":"ReadAction","target":["https:\/\/www.bbmnoticias.com\/labravaradiofm\/2023\/02\/16\/mexicana-de-aviacion-volara-antes-de-que-termine-el-ano-amlo\/"]}]},{"@type":"ImageObject","inLanguage":"es","@id":"https:\/\/www.bbmnoticias.com\/labravaradiofm\/2023\/02\/16\/mexicana-de-aviacion-volara-antes-de-que-termine-el-ano-amlo\/#primaryimage","url":"https:\/\/www.bbmnoticias.com\/labravaradiofm\/wp-content\/uploads\/sites\/5\/2023\/02\/Mexicana-de-Aviacion.jpg","contentUrl":"https:\/\/www.bbmnoticias.com\/labravaradiofm\/wp-content\/uploads\/sites\/5\/2023\/02\/Mexicana-de-Aviacion.jpg","width":1200,"height":630},{"@type":"BreadcrumbList","@id":"https:\/\/www.bbmnoticias.com\/labravaradiofm\/2023\/02\/16\/mexicana-de-aviacion-volara-antes-de-que-termine-el-ano-amlo\/#breadcrumb","itemListElement":[{"@type":"ListItem","position":1,"name":"Inicio","item":"https:\/\/www.bbmnoticias.com\/labravaradiofm\/"},{"@type":"ListItem","position":2,"name":"Mexicana de Aviaci\u00f3n volar\u00e1 antes de que termine el a\u00f1o: AMLO"}]},{"@type":"WebSite","@id":"https:\/\/www.bbmnoticias.com\/labravaradiofm\/#website","url":"https:\/\/www.bbmnoticias.com\/labravaradiofm\/","name":"LA BRAVA RADIO","description":"Empresa productora de medios, Radiodifusi\u00f3n, Noticias, tendencias y todo lo que necesitas saber de la pol\u00edtica mexicana e internacional; entretenimiento, espect\u00e1culos, salud y mucho m\u00e1s.","potentialAction":[{"@type":"SearchAction","target":{"@type":"EntryPoint","urlTemplate":"https:\/\/www.bbmnoticias.com\/labravaradiofm\/?s={search_term_string}"},"query-input":{"@type":"PropertyValueSpecification","valueRequired":true,"valueName":"search_term_string"}}],"inLanguage":"es"},{"@type":"Person","@id":"https:\/\/www.bbmnoticias.com\/labravaradiofm\/#\/schema\/person\/34b139c617a70ea5bef5678bffe4dd7b","name":"Staff","image":{"@type":"ImageObject","inLanguage":"es","@id":"https:\/\/secure.gravatar.com\/avatar\/fdd21ad66fd8b98c407f9dee5b5e588cfe7f0d8579ec20fa6527cd59bab7f0f0?s=96&d=mm&r=g","url":"https:\/\/secure.gravatar.com\/avatar\/fdd21ad66fd8b98c407f9dee5b5e588cfe7f0d8579ec20fa6527cd59bab7f0f0?s=96&d=mm&r=g","contentUrl":"https:\/\/secure.gravatar.com\/avatar\/fdd21ad66fd8b98c407f9dee5b5e588cfe7f0d8579ec20fa6527cd59bab7f0f0?s=96&d=mm&r=g","caption":"Staff"},"url":"https:\/\/www.bbmnoticias.com\/labravaradiofm\/author\/redaccion\/"}]}},"_links":{"self":[{"href":"https:\/\/www.bbmnoticias.com\/labravaradiofm\/wp-json\/wp\/v2\/posts\/23639","targetHints":{"allow":["GET"]}}],"collection":[{"href":"https:\/\/www.bbmnoticias.com\/labravaradiofm\/wp-json\/wp\/v2\/posts"}],"about":[{"href":"https:\/\/www.bbmnoticias.com\/labravaradiofm\/wp-json\/wp\/v2\/types\/post"}],"author":[{"embeddable":true,"href":"https:\/\/www.bbmnoticias.com\/labravaradiofm\/wp-json\/wp\/v2\/users\/2"}],"replies":[{"embeddable":true,"href":"https:\/\/www.bbmnoticias.com\/labravaradiofm\/wp-json\/wp\/v2\/comments?post=23639"}],"version-history":[{"count":0,"href":"https:\/\/www.bbmnoticias.com\/labravaradiofm\/wp-json\/wp\/v2\/posts\/23639\/revisions"}],"wp:featuredmedia":[{"embeddable":true,"href":"https:\/\/www.bbmnoticias.com\/labravaradiofm\/wp-json\/wp\/v2\/media\/23640"}],"wp:attachment":[{"href":"https:\/\/www.bbmnoticias.com\/labravaradiofm\/wp-json\/wp\/v2\/media?parent=23639"}],"wp:term":[{"taxonomy":"category","embeddable":true,"href":"https:\/\/www.bbmnoticias.com\/labravaradiofm\/wp-json\/wp\/v2\/categories?post=23639"},{"taxonomy":"post_tag","embeddable":true,"href":"https:\/\/www.bbmnoticias.com\/labravaradiofm\/wp-json\/wp\/v2\/tags?post=23639"}],"curies":[{"name":"wp","href":"https:\/\/api.w.org\/{rel}","templated":true}]}}