{"id":23636,"date":"2023-02-16T10:42:34","date_gmt":"2023-02-16T16:42:34","guid":{"rendered":"https:\/\/www.bbmnoticias.com\/labravaradiofm\/?p=23636"},"modified":"2023-02-16T10:42:35","modified_gmt":"2023-02-16T16:42:35","slug":"desarrollo-y-equilibrio-ejes-para-impulsar-las-infraestructuras-y-comunicaciones-en-las-ocho-regiones-de-oaxaca","status":"publish","type":"post","link":"https:\/\/www.bbmnoticias.com\/labravaradiofm\/2023\/02\/16\/desarrollo-y-equilibrio-ejes-para-impulsar-las-infraestructuras-y-comunicaciones-en-las-ocho-regiones-de-oaxaca\/","title":{"rendered":"Desarrollo y equilibrio, ejes para impulsar las infraestructuras y comunicaciones en las ocho regiones de Oaxaca"},"content":{"rendered":"<div style=\"margin-top: 0px; margin-bottom: 0px;\" class=\"sharethis-inline-share-buttons\" ><\/div>\n<p>Oaxaca de Ju\u00e1rez, Oax., 15 de febrero de 2023.- La Secretar\u00eda de Infraestructuras y Comunicaciones realiz\u00f3 el Foro Tem\u00e1tico Sectorial de Infraestructuras y Servicios P\u00fablicos encaminado a establecer las bases para la formulaci\u00f3n del Plan Estatal de Desarrollo (PED) 2022-2028 del gobierno que encabeza Salom\u00f3n Jara Cruz.<\/p>\n\n\n\n<p>Durante la inauguraci\u00f3n de este foro en el Centro Cultural y de Convenciones de Oaxaca, el titular de la dependencia, Netzahualc\u00f3yotl Salvatierra L\u00f3pez, se\u00f1al\u00f3 que el objetivo, como lo ha establecido el Mandatario estatal, es abordar diversos temas para el desarrollo de las infraestructuras y comunicaciones de la entidad, entre ellos proyectos que se han planteado como la construcci\u00f3n de la autopista Oaxaca-Tuxtepec, o la culminaci\u00f3n de las v\u00edas Barranca Larga-Ventanilla y Mitla-Tehuantepec.<\/p>\n\n\n\n<p>&#8220;Lo que buscamos es que exista un equilibrio en el desarrollo de las ocho regiones del estado, que se establezca un di\u00e1logo productivo entre el gobierno y la sociedad, obedecer el mandato del pueblo, abrir la brecha para abatir la desigualdad e impulsar la interculturalidad&#8221;, afirm\u00f3.<\/p>\n\n\n\n<p>En el encuentro se trabajaron cinco mesas con los siguientes temas: Agua y Saneamiento, Comunicaciones, Desarrollo Urbano, Infraestructura Educativa y Vivienda, a trav\u00e9s de los cuales se presentaron propuestas de pol\u00edticas p\u00fablicas, proyectos, reformas a la ley y todos aquellos planteamientos que desde la \u00f3ptica local y regional son del mayor inter\u00e9s para el desarrollo de Oaxaca.<\/p>\n\n\n\n<p>&#8220;Reitero mi agradecimiento a todas y todos aquellos que plantearon una propuesta en los foros regionales, as\u00ed como a los m\u00e1s de 20 colegios, c\u00e1maras y asociaciones vinculadas a la industria de la construcci\u00f3n, a las y los m\u00e1s de 250 presidentes municipales, y a las y los 800 asistentes que se registraron para este foro y que participaron con sus propuestas\u201d, expres\u00f3 Netzahualc\u00f3yotl Salvatierra.<\/p>\n","protected":false},"excerpt":{"rendered":"<p>Oaxaca de Ju\u00e1rez, Oax., 15 de febrero de 2023.- La Secretar\u00eda de Infraestructuras y Comunicaciones realiz\u00f3 el Foro Tem\u00e1tico Sectorial de Infraestructuras y Servicios P\u00fablicos encaminado a establecer las bases para la formulaci\u00f3n del Plan Estatal de Desarrollo (PED) 2022-2028 del gobierno que encabeza Salom\u00f3n Jara Cruz. Durante la inauguraci\u00f3n de este foro en el [&hellip;]<\/p>\n","protected":false},"author":2,"featured_media":23637,"comment_status":"closed","ping_status":"closed","sticky":false,"template":"","format":"standard","meta":{"footnotes":""},"categories":[2],"tags":[],"class_list":{"0":"post-23636","1":"post","2":"type-post","3":"status-publish","4":"format-standard","5":"has-post-thumbnail","7":"category-oaxaca"},"yoast_head":"<!-- This site is optimized with the Yoast SEO plugin v27.4 - https:\/\/yoast.com\/product\/yoast-seo-wordpress\/ -->\n<title>Desarrollo y equilibrio, ejes para impulsar las infraestructuras y comunicaciones en las ocho regiones de Oaxaca - LA BRAVA RADIO<\/title>\n<meta name=\"robots\" content=\"index, follow, max-snippet:-1, max-image-preview:large, max-video-preview:-1\" \/>\n<link rel=\"canonical\" href=\"https:\/\/www.bbmnoticias.com\/labravaradiofm\/2023\/02\/16\/desarrollo-y-equilibrio-ejes-para-impulsar-las-infraestructuras-y-comunicaciones-en-las-ocho-regiones-de-oaxaca\/\" \/>\n<meta property=\"og:locale\" content=\"es_MX\" \/>\n<meta property=\"og:type\" content=\"article\" \/>\n<meta property=\"og:title\" content=\"Desarrollo y equilibrio, ejes para impulsar las infraestructuras y comunicaciones en las ocho regiones de Oaxaca - LA BRAVA RADIO\" \/>\n<meta property=\"og:description\" content=\"Oaxaca de Ju\u00e1rez, Oax., 15 de febrero de 2023.- La Secretar\u00eda de Infraestructuras y Comunicaciones realiz\u00f3 el Foro Tem\u00e1tico Sectorial de Infraestructuras y Servicios P\u00fablicos encaminado a establecer las bases para la formulaci\u00f3n del Plan Estatal de Desarrollo (PED) 2022-2028 del gobierno que encabeza Salom\u00f3n Jara Cruz. Durante la inauguraci\u00f3n de este foro en el [&hellip;]\" \/>\n<meta property=\"og:url\" content=\"https:\/\/www.bbmnoticias.com\/labravaradiofm\/2023\/02\/16\/desarrollo-y-equilibrio-ejes-para-impulsar-las-infraestructuras-y-comunicaciones-en-las-ocho-regiones-de-oaxaca\/\" \/>\n<meta property=\"og:site_name\" content=\"LA BRAVA RADIO\" \/>\n<meta property=\"article:published_time\" content=\"2023-02-16T16:42:34+00:00\" \/>\n<meta property=\"article:modified_time\" content=\"2023-02-16T16:42:35+00:00\" \/>\n<meta property=\"og:image\" content=\"https:\/\/www.bbmnoticias.com\/labravaradiofm\/wp-content\/uploads\/sites\/5\/2023\/02\/infra-salvatierra.jpg\" \/>\n\t<meta property=\"og:image:width\" content=\"1280\" \/>\n\t<meta property=\"og:image:height\" content=\"852\" \/>\n\t<meta property=\"og:image:type\" content=\"image\/jpeg\" \/>\n<meta name=\"author\" content=\"Staff\" \/>\n<meta name=\"twitter:card\" content=\"summary_large_image\" \/>\n<meta name=\"twitter:label1\" content=\"Escrito por\" \/>\n\t<meta name=\"twitter:data1\" content=\"Staff\" \/>\n\t<meta name=\"twitter:label2\" content=\"Tiempo de lectura\" \/>\n\t<meta name=\"twitter:data2\" content=\"2 minutos\" \/>\n<script type=\"application\/ld+json\" class=\"yoast-schema-graph\">{\"@context\":\"https:\\\/\\\/schema.org\",\"@graph\":[{\"@type\":\"Article\",\"@id\":\"https:\\\/\\\/www.bbmnoticias.com\\\/labravaradiofm\\\/2023\\\/02\\\/16\\\/desarrollo-y-equilibrio-ejes-para-impulsar-las-infraestructuras-y-comunicaciones-en-las-ocho-regiones-de-oaxaca\\\/#article\",\"isPartOf\":{\"@id\":\"https:\\\/\\\/www.bbmnoticias.com\\\/labravaradiofm\\\/2023\\\/02\\\/16\\\/desarrollo-y-equilibrio-ejes-para-impulsar-las-infraestructuras-y-comunicaciones-en-las-ocho-regiones-de-oaxaca\\\/\"},\"author\":{\"name\":\"Staff\",\"@id\":\"https:\\\/\\\/www.bbmnoticias.com\\\/labravaradiofm\\\/#\\\/schema\\\/person\\\/68a9e9036ef3c5b55aeb2b71dc8bab45\"},\"headline\":\"Desarrollo y equilibrio, ejes para impulsar las infraestructuras y comunicaciones en las ocho regiones de Oaxaca\",\"datePublished\":\"2023-02-16T16:42:34+00:00\",\"dateModified\":\"2023-02-16T16:42:35+00:00\",\"mainEntityOfPage\":{\"@id\":\"https:\\\/\\\/www.bbmnoticias.com\\\/labravaradiofm\\\/2023\\\/02\\\/16\\\/desarrollo-y-equilibrio-ejes-para-impulsar-las-infraestructuras-y-comunicaciones-en-las-ocho-regiones-de-oaxaca\\\/\"},\"wordCount\":323,\"image\":{\"@id\":\"https:\\\/\\\/www.bbmnoticias.com\\\/labravaradiofm\\\/2023\\\/02\\\/16\\\/desarrollo-y-equilibrio-ejes-para-impulsar-las-infraestructuras-y-comunicaciones-en-las-ocho-regiones-de-oaxaca\\\/#primaryimage\"},\"thumbnailUrl\":\"https:\\\/\\\/www.bbmnoticias.com\\\/labravaradiofm\\\/wp-content\\\/uploads\\\/sites\\\/5\\\/2023\\\/02\\\/infra-salvatierra.jpg\",\"articleSection\":[\"LOCAL\"],\"inLanguage\":\"es\"},{\"@type\":\"WebPage\",\"@id\":\"https:\\\/\\\/www.bbmnoticias.com\\\/labravaradiofm\\\/2023\\\/02\\\/16\\\/desarrollo-y-equilibrio-ejes-para-impulsar-las-infraestructuras-y-comunicaciones-en-las-ocho-regiones-de-oaxaca\\\/\",\"url\":\"https:\\\/\\\/www.bbmnoticias.com\\\/labravaradiofm\\\/2023\\\/02\\\/16\\\/desarrollo-y-equilibrio-ejes-para-impulsar-las-infraestructuras-y-comunicaciones-en-las-ocho-regiones-de-oaxaca\\\/\",\"name\":\"Desarrollo y equilibrio, ejes para impulsar las infraestructuras y comunicaciones en las ocho regiones de Oaxaca - LA BRAVA RADIO\",\"isPartOf\":{\"@id\":\"https:\\\/\\\/www.bbmnoticias.com\\\/labravaradiofm\\\/#website\"},\"primaryImageOfPage\":{\"@id\":\"https:\\\/\\\/www.bbmnoticias.com\\\/labravaradiofm\\\/2023\\\/02\\\/16\\\/desarrollo-y-equilibrio-ejes-para-impulsar-las-infraestructuras-y-comunicaciones-en-las-ocho-regiones-de-oaxaca\\\/#primaryimage\"},\"image\":{\"@id\":\"https:\\\/\\\/www.bbmnoticias.com\\\/labravaradiofm\\\/2023\\\/02\\\/16\\\/desarrollo-y-equilibrio-ejes-para-impulsar-las-infraestructuras-y-comunicaciones-en-las-ocho-regiones-de-oaxaca\\\/#primaryimage\"},\"thumbnailUrl\":\"https:\\\/\\\/www.bbmnoticias.com\\\/labravaradiofm\\\/wp-content\\\/uploads\\\/sites\\\/5\\\/2023\\\/02\\\/infra-salvatierra.jpg\",\"datePublished\":\"2023-02-16T16:42:34+00:00\",\"dateModified\":\"2023-02-16T16:42:35+00:00\",\"author\":{\"@id\":\"https:\\\/\\\/www.bbmnoticias.com\\\/labravaradiofm\\\/#\\\/schema\\\/person\\\/68a9e9036ef3c5b55aeb2b71dc8bab45\"},\"breadcrumb\":{\"@id\":\"https:\\\/\\\/www.bbmnoticias.com\\\/labravaradiofm\\\/2023\\\/02\\\/16\\\/desarrollo-y-equilibrio-ejes-para-impulsar-las-infraestructuras-y-comunicaciones-en-las-ocho-regiones-de-oaxaca\\\/#breadcrumb\"},\"inLanguage\":\"es\",\"potentialAction\":[{\"@type\":\"ReadAction\",\"target\":[\"https:\\\/\\\/www.bbmnoticias.com\\\/labravaradiofm\\\/2023\\\/02\\\/16\\\/desarrollo-y-equilibrio-ejes-para-impulsar-las-infraestructuras-y-comunicaciones-en-las-ocho-regiones-de-oaxaca\\\/\"]}]},{\"@type\":\"ImageObject\",\"inLanguage\":\"es\",\"@id\":\"https:\\\/\\\/www.bbmnoticias.com\\\/labravaradiofm\\\/2023\\\/02\\\/16\\\/desarrollo-y-equilibrio-ejes-para-impulsar-las-infraestructuras-y-comunicaciones-en-las-ocho-regiones-de-oaxaca\\\/#primaryimage\",\"url\":\"https:\\\/\\\/www.bbmnoticias.com\\\/labravaradiofm\\\/wp-content\\\/uploads\\\/sites\\\/5\\\/2023\\\/02\\\/infra-salvatierra.jpg\",\"contentUrl\":\"https:\\\/\\\/www.bbmnoticias.com\\\/labravaradiofm\\\/wp-content\\\/uploads\\\/sites\\\/5\\\/2023\\\/02\\\/infra-salvatierra.jpg\",\"width\":1280,\"height\":852},{\"@type\":\"BreadcrumbList\",\"@id\":\"https:\\\/\\\/www.bbmnoticias.com\\\/labravaradiofm\\\/2023\\\/02\\\/16\\\/desarrollo-y-equilibrio-ejes-para-impulsar-las-infraestructuras-y-comunicaciones-en-las-ocho-regiones-de-oaxaca\\\/#breadcrumb\",\"itemListElement\":[{\"@type\":\"ListItem\",\"position\":1,\"name\":\"Inicio\",\"item\":\"https:\\\/\\\/www.bbmnoticias.com\\\/labravaradiofm\\\/\"},{\"@type\":\"ListItem\",\"position\":2,\"name\":\"Desarrollo y equilibrio, ejes para impulsar las infraestructuras y comunicaciones en las ocho regiones de Oaxaca\"}]},{\"@type\":\"WebSite\",\"@id\":\"https:\\\/\\\/www.bbmnoticias.com\\\/labravaradiofm\\\/#website\",\"url\":\"https:\\\/\\\/www.bbmnoticias.com\\\/labravaradiofm\\\/\",\"name\":\"LA BRAVA RADIO\",\"description\":\"Empresa productora de medios, Radiodifusi\u00f3n, Noticias, tendencias y todo lo que necesitas saber de la pol\u00edtica mexicana e internacional; entretenimiento, espect\u00e1culos, salud y mucho m\u00e1s.\",\"potentialAction\":[{\"@type\":\"SearchAction\",\"target\":{\"@type\":\"EntryPoint\",\"urlTemplate\":\"https:\\\/\\\/www.bbmnoticias.com\\\/labravaradiofm\\\/?s={search_term_string}\"},\"query-input\":{\"@type\":\"PropertyValueSpecification\",\"valueRequired\":true,\"valueName\":\"search_term_string\"}}],\"inLanguage\":\"es\"},{\"@type\":\"Person\",\"@id\":\"https:\\\/\\\/www.bbmnoticias.com\\\/labravaradiofm\\\/#\\\/schema\\\/person\\\/68a9e9036ef3c5b55aeb2b71dc8bab45\",\"name\":\"Staff\",\"image\":{\"@type\":\"ImageObject\",\"inLanguage\":\"es\",\"@id\":\"https:\\\/\\\/secure.gravatar.com\\\/avatar\\\/fdd21ad66fd8b98c407f9dee5b5e588cfe7f0d8579ec20fa6527cd59bab7f0f0?s=96&d=mm&r=g\",\"url\":\"https:\\\/\\\/secure.gravatar.com\\\/avatar\\\/fdd21ad66fd8b98c407f9dee5b5e588cfe7f0d8579ec20fa6527cd59bab7f0f0?s=96&d=mm&r=g\",\"contentUrl\":\"https:\\\/\\\/secure.gravatar.com\\\/avatar\\\/fdd21ad66fd8b98c407f9dee5b5e588cfe7f0d8579ec20fa6527cd59bab7f0f0?s=96&d=mm&r=g\",\"caption\":\"Staff\"},\"url\":\"https:\\\/\\\/www.bbmnoticias.com\\\/labravaradiofm\\\/author\\\/redaccion\\\/\"}]}<\/script>\n<!-- \/ Yoast SEO plugin. -->","yoast_head_json":{"title":"Desarrollo y equilibrio, ejes para impulsar las infraestructuras y comunicaciones en las ocho regiones de Oaxaca - LA BRAVA RADIO","robots":{"index":"index","follow":"follow","max-snippet":"max-snippet:-1","max-image-preview":"max-image-preview:large","max-video-preview":"max-video-preview:-1"},"canonical":"https:\/\/www.bbmnoticias.com\/labravaradiofm\/2023\/02\/16\/desarrollo-y-equilibrio-ejes-para-impulsar-las-infraestructuras-y-comunicaciones-en-las-ocho-regiones-de-oaxaca\/","og_locale":"es_MX","og_type":"article","og_title":"Desarrollo y equilibrio, ejes para impulsar las infraestructuras y comunicaciones en las ocho regiones de Oaxaca - LA BRAVA RADIO","og_description":"Oaxaca de Ju\u00e1rez, Oax., 15 de febrero de 2023.- La Secretar\u00eda de Infraestructuras y Comunicaciones realiz\u00f3 el Foro Tem\u00e1tico Sectorial de Infraestructuras y Servicios P\u00fablicos encaminado a establecer las bases para la formulaci\u00f3n del Plan Estatal de Desarrollo (PED) 2022-2028 del gobierno que encabeza Salom\u00f3n Jara Cruz. Durante la inauguraci\u00f3n de este foro en el [&hellip;]","og_url":"https:\/\/www.bbmnoticias.com\/labravaradiofm\/2023\/02\/16\/desarrollo-y-equilibrio-ejes-para-impulsar-las-infraestructuras-y-comunicaciones-en-las-ocho-regiones-de-oaxaca\/","og_site_name":"LA BRAVA RADIO","article_published_time":"2023-02-16T16:42:34+00:00","article_modified_time":"2023-02-16T16:42:35+00:00","og_image":[{"width":1280,"height":852,"url":"https:\/\/www.bbmnoticias.com\/labravaradiofm\/wp-content\/uploads\/sites\/5\/2023\/02\/infra-salvatierra.jpg","type":"image\/jpeg"}],"author":"Staff","twitter_card":"summary_large_image","twitter_misc":{"Escrito por":"Staff","Tiempo de lectura":"2 minutos"},"schema":{"@context":"https:\/\/schema.org","@graph":[{"@type":"Article","@id":"https:\/\/www.bbmnoticias.com\/labravaradiofm\/2023\/02\/16\/desarrollo-y-equilibrio-ejes-para-impulsar-las-infraestructuras-y-comunicaciones-en-las-ocho-regiones-de-oaxaca\/#article","isPartOf":{"@id":"https:\/\/www.bbmnoticias.com\/labravaradiofm\/2023\/02\/16\/desarrollo-y-equilibrio-ejes-para-impulsar-las-infraestructuras-y-comunicaciones-en-las-ocho-regiones-de-oaxaca\/"},"author":{"name":"Staff","@id":"https:\/\/www.bbmnoticias.com\/labravaradiofm\/#\/schema\/person\/68a9e9036ef3c5b55aeb2b71dc8bab45"},"headline":"Desarrollo y equilibrio, ejes para impulsar las infraestructuras y comunicaciones en las ocho regiones de Oaxaca","datePublished":"2023-02-16T16:42:34+00:00","dateModified":"2023-02-16T16:42:35+00:00","mainEntityOfPage":{"@id":"https:\/\/www.bbmnoticias.com\/labravaradiofm\/2023\/02\/16\/desarrollo-y-equilibrio-ejes-para-impulsar-las-infraestructuras-y-comunicaciones-en-las-ocho-regiones-de-oaxaca\/"},"wordCount":323,"image":{"@id":"https:\/\/www.bbmnoticias.com\/labravaradiofm\/2023\/02\/16\/desarrollo-y-equilibrio-ejes-para-impulsar-las-infraestructuras-y-comunicaciones-en-las-ocho-regiones-de-oaxaca\/#primaryimage"},"thumbnailUrl":"https:\/\/www.bbmnoticias.com\/labravaradiofm\/wp-content\/uploads\/sites\/5\/2023\/02\/infra-salvatierra.jpg","articleSection":["LOCAL"],"inLanguage":"es"},{"@type":"WebPage","@id":"https:\/\/www.bbmnoticias.com\/labravaradiofm\/2023\/02\/16\/desarrollo-y-equilibrio-ejes-para-impulsar-las-infraestructuras-y-comunicaciones-en-las-ocho-regiones-de-oaxaca\/","url":"https:\/\/www.bbmnoticias.com\/labravaradiofm\/2023\/02\/16\/desarrollo-y-equilibrio-ejes-para-impulsar-las-infraestructuras-y-comunicaciones-en-las-ocho-regiones-de-oaxaca\/","name":"Desarrollo y equilibrio, ejes para impulsar las infraestructuras y comunicaciones en las ocho regiones de Oaxaca - LA BRAVA RADIO","isPartOf":{"@id":"https:\/\/www.bbmnoticias.com\/labravaradiofm\/#website"},"primaryImageOfPage":{"@id":"https:\/\/www.bbmnoticias.com\/labravaradiofm\/2023\/02\/16\/desarrollo-y-equilibrio-ejes-para-impulsar-las-infraestructuras-y-comunicaciones-en-las-ocho-regiones-de-oaxaca\/#primaryimage"},"image":{"@id":"https:\/\/www.bbmnoticias.com\/labravaradiofm\/2023\/02\/16\/desarrollo-y-equilibrio-ejes-para-impulsar-las-infraestructuras-y-comunicaciones-en-las-ocho-regiones-de-oaxaca\/#primaryimage"},"thumbnailUrl":"https:\/\/www.bbmnoticias.com\/labravaradiofm\/wp-content\/uploads\/sites\/5\/2023\/02\/infra-salvatierra.jpg","datePublished":"2023-02-16T16:42:34+00:00","dateModified":"2023-02-16T16:42:35+00:00","author":{"@id":"https:\/\/www.bbmnoticias.com\/labravaradiofm\/#\/schema\/person\/68a9e9036ef3c5b55aeb2b71dc8bab45"},"breadcrumb":{"@id":"https:\/\/www.bbmnoticias.com\/labravaradiofm\/2023\/02\/16\/desarrollo-y-equilibrio-ejes-para-impulsar-las-infraestructuras-y-comunicaciones-en-las-ocho-regiones-de-oaxaca\/#breadcrumb"},"inLanguage":"es","potentialAction":[{"@type":"ReadAction","target":["https:\/\/www.bbmnoticias.com\/labravaradiofm\/2023\/02\/16\/desarrollo-y-equilibrio-ejes-para-impulsar-las-infraestructuras-y-comunicaciones-en-las-ocho-regiones-de-oaxaca\/"]}]},{"@type":"ImageObject","inLanguage":"es","@id":"https:\/\/www.bbmnoticias.com\/labravaradiofm\/2023\/02\/16\/desarrollo-y-equilibrio-ejes-para-impulsar-las-infraestructuras-y-comunicaciones-en-las-ocho-regiones-de-oaxaca\/#primaryimage","url":"https:\/\/www.bbmnoticias.com\/labravaradiofm\/wp-content\/uploads\/sites\/5\/2023\/02\/infra-salvatierra.jpg","contentUrl":"https:\/\/www.bbmnoticias.com\/labravaradiofm\/wp-content\/uploads\/sites\/5\/2023\/02\/infra-salvatierra.jpg","width":1280,"height":852},{"@type":"BreadcrumbList","@id":"https:\/\/www.bbmnoticias.com\/labravaradiofm\/2023\/02\/16\/desarrollo-y-equilibrio-ejes-para-impulsar-las-infraestructuras-y-comunicaciones-en-las-ocho-regiones-de-oaxaca\/#breadcrumb","itemListElement":[{"@type":"ListItem","position":1,"name":"Inicio","item":"https:\/\/www.bbmnoticias.com\/labravaradiofm\/"},{"@type":"ListItem","position":2,"name":"Desarrollo y equilibrio, ejes para impulsar las infraestructuras y comunicaciones en las ocho regiones de Oaxaca"}]},{"@type":"WebSite","@id":"https:\/\/www.bbmnoticias.com\/labravaradiofm\/#website","url":"https:\/\/www.bbmnoticias.com\/labravaradiofm\/","name":"LA BRAVA RADIO","description":"Empresa productora de medios, Radiodifusi\u00f3n, Noticias, tendencias y todo lo que necesitas saber de la pol\u00edtica mexicana e internacional; entretenimiento, espect\u00e1culos, salud y mucho m\u00e1s.","potentialAction":[{"@type":"SearchAction","target":{"@type":"EntryPoint","urlTemplate":"https:\/\/www.bbmnoticias.com\/labravaradiofm\/?s={search_term_string}"},"query-input":{"@type":"PropertyValueSpecification","valueRequired":true,"valueName":"search_term_string"}}],"inLanguage":"es"},{"@type":"Person","@id":"https:\/\/www.bbmnoticias.com\/labravaradiofm\/#\/schema\/person\/68a9e9036ef3c5b55aeb2b71dc8bab45","name":"Staff","image":{"@type":"ImageObject","inLanguage":"es","@id":"https:\/\/secure.gravatar.com\/avatar\/fdd21ad66fd8b98c407f9dee5b5e588cfe7f0d8579ec20fa6527cd59bab7f0f0?s=96&d=mm&r=g","url":"https:\/\/secure.gravatar.com\/avatar\/fdd21ad66fd8b98c407f9dee5b5e588cfe7f0d8579ec20fa6527cd59bab7f0f0?s=96&d=mm&r=g","contentUrl":"https:\/\/secure.gravatar.com\/avatar\/fdd21ad66fd8b98c407f9dee5b5e588cfe7f0d8579ec20fa6527cd59bab7f0f0?s=96&d=mm&r=g","caption":"Staff"},"url":"https:\/\/www.bbmnoticias.com\/labravaradiofm\/author\/redaccion\/"}]}},"_links":{"self":[{"href":"https:\/\/www.bbmnoticias.com\/labravaradiofm\/wp-json\/wp\/v2\/posts\/23636","targetHints":{"allow":["GET"]}}],"collection":[{"href":"https:\/\/www.bbmnoticias.com\/labravaradiofm\/wp-json\/wp\/v2\/posts"}],"about":[{"href":"https:\/\/www.bbmnoticias.com\/labravaradiofm\/wp-json\/wp\/v2\/types\/post"}],"author":[{"embeddable":true,"href":"https:\/\/www.bbmnoticias.com\/labravaradiofm\/wp-json\/wp\/v2\/users\/2"}],"replies":[{"embeddable":true,"href":"https:\/\/www.bbmnoticias.com\/labravaradiofm\/wp-json\/wp\/v2\/comments?post=23636"}],"version-history":[{"count":0,"href":"https:\/\/www.bbmnoticias.com\/labravaradiofm\/wp-json\/wp\/v2\/posts\/23636\/revisions"}],"wp:featuredmedia":[{"embeddable":true,"href":"https:\/\/www.bbmnoticias.com\/labravaradiofm\/wp-json\/wp\/v2\/media\/23637"}],"wp:attachment":[{"href":"https:\/\/www.bbmnoticias.com\/labravaradiofm\/wp-json\/wp\/v2\/media?parent=23636"}],"wp:term":[{"taxonomy":"category","embeddable":true,"href":"https:\/\/www.bbmnoticias.com\/labravaradiofm\/wp-json\/wp\/v2\/categories?post=23636"},{"taxonomy":"post_tag","embeddable":true,"href":"https:\/\/www.bbmnoticias.com\/labravaradiofm\/wp-json\/wp\/v2\/tags?post=23636"}],"curies":[{"name":"wp","href":"https:\/\/api.w.org\/{rel}","templated":true}]}}