{"id":23624,"date":"2023-02-15T19:36:42","date_gmt":"2023-02-16T01:36:42","guid":{"rendered":"https:\/\/www.bbmnoticias.com\/labravaradiofm\/?p=23624"},"modified":"2023-02-15T19:36:43","modified_gmt":"2023-02-16T01:36:43","slug":"fortalecer-estados-en-materia-de-seguridad-objetivo-de-proxima-reunion-de-conago-salomon-jara","status":"publish","type":"post","link":"https:\/\/www.bbmnoticias.com\/labravaradiofm\/2023\/02\/15\/fortalecer-estados-en-materia-de-seguridad-objetivo-de-proxima-reunion-de-conago-salomon-jara\/","title":{"rendered":"Fortalecer estados en materia de seguridad, objetivo de pr\u00f3xima reuni\u00f3n de Conago: Salom\u00f3n Jara"},"content":{"rendered":"<div style=\"margin-top: 0px; margin-bottom: 0px;\" class=\"sharethis-inline-share-buttons\" ><\/div>\n<p><strong>Tuxtla Guti\u00e9rrez, Chis., 15 de febrero de 2023. <\/strong>En el marco de la firma del Convenio del Fondo de Aportaciones para la Seguridad P\u00fablica (FASP), el Gobernador de Oaxaca y Presidente de la Conferencia Nacional de Gobernadores (Conago), Salom\u00f3n Jara Cruz celebr\u00f3 la decisi\u00f3n presidencial de aumentar en 10% los recursos del FASP, para apoyar m\u00e1s y beneficiar a los municipios.<\/p>\n\n\n\n<p>Se\u00f1al\u00f3 que las polic\u00edas municipales son un eslab\u00f3n clave para el \u00e9xito de la estrategia de seguridad, por lo que los gobiernos estatales est\u00e1n obligados a fortalecer el trabajo coordinado con la federaci\u00f3n en esta materia.<\/p>\n\n\n\n<p>\u201cEl Gobierno Federal no puede y no debe asumir toda la responsabilidad, a las gobernadoras, gobernadores y jefa de Gobierno de la Ciudad de M\u00e9xico, en el marco de nuestras atribuciones y responsabilidades nos corresponde coadyuvar con la Federaci\u00f3n\u201d, resalt\u00f3 el gobernante oaxaque\u00f1o.<\/p>\n\n\n\n<p>Por ello \u2013dijo- en la pr\u00f3xima reuni\u00f3n de la Conago, a realizarse en el mes de marzo en el estado de Oaxaca, se analizar\u00e1n buenas pr\u00e1cticas, acciones y propuestas para reforzar la Estrategia Nacional de Seguridad que est\u00e1 implementando el Gobierno de la Rep\u00fablica.<\/p>\n\n\n\n<p>Apunt\u00f3 que se tomar\u00e1n en cuenta las grandes prioridades nacionales aprobadas por el Consejo Nacional de Seguridad para a) Dignificar al personal de las instituciones de seguridad y procuraci\u00f3n de justicia; b) Promover la capacitaci\u00f3n, certificaci\u00f3n y profesionalizaci\u00f3n de los cuerpos policiales; c) Mejorar la infraestructura institucional; y, d) Aplicar est\u00e1ndares de trabajo y rendici\u00f3n de cuentas.<\/p>\n\n\n\n<p>Finalmente, invit\u00f3 a las y los gobernadores a una reuni\u00f3n nacional en el marco de la Conago, para fortalecer la Estrategia Nacional de Seguridad y contribuir a la consolidaci\u00f3n de la Guardia Nacional y del trabajo que realizan las Fuerzas Armadas como fuerzas de paz.<\/p>\n\n\n\n<p>\u201cComo Gobernador de Oaxaca y presidente de la Conago creo que este espacio de encuentro y representaci\u00f3n plural, nos ayudar\u00e1 a profundizar el trabajo coordinado entre la federaci\u00f3n y los estados en materia de seguridad. Ojal\u00e1 que podamos utilizarlo y ponerlo al servicio de M\u00e9xico, m\u00e1s all\u00e1 de coyunturas y diferencias pol\u00edticas\u201d, puntualiz\u00f3 Jara Cruz.<\/p>\n","protected":false},"excerpt":{"rendered":"<p>Tuxtla Guti\u00e9rrez, Chis., 15 de febrero de 2023. En el marco de la firma del Convenio del Fondo de Aportaciones para la Seguridad P\u00fablica (FASP), el Gobernador de Oaxaca y Presidente de la Conferencia Nacional de Gobernadores (Conago), Salom\u00f3n Jara Cruz celebr\u00f3 la decisi\u00f3n presidencial de aumentar en 10% los recursos del FASP, para apoyar [&hellip;]<\/p>\n","protected":false},"author":2,"featured_media":23625,"comment_status":"closed","ping_status":"closed","sticky":false,"template":"","format":"standard","meta":{"footnotes":""},"categories":[2],"tags":[],"class_list":{"0":"post-23624","1":"post","2":"type-post","3":"status-publish","4":"format-standard","5":"has-post-thumbnail","7":"category-oaxaca"},"yoast_head":"<!-- This site is optimized with the Yoast SEO plugin v27.4 - https:\/\/yoast.com\/product\/yoast-seo-wordpress\/ -->\n<title>Fortalecer estados en materia de seguridad, objetivo de pr\u00f3xima reuni\u00f3n de Conago: Salom\u00f3n Jara - LA BRAVA RADIO<\/title>\n<meta name=\"robots\" content=\"index, follow, max-snippet:-1, max-image-preview:large, max-video-preview:-1\" \/>\n<link rel=\"canonical\" href=\"https:\/\/www.bbmnoticias.com\/labravaradiofm\/2023\/02\/15\/fortalecer-estados-en-materia-de-seguridad-objetivo-de-proxima-reunion-de-conago-salomon-jara\/\" \/>\n<meta property=\"og:locale\" content=\"es_MX\" \/>\n<meta property=\"og:type\" content=\"article\" \/>\n<meta property=\"og:title\" content=\"Fortalecer estados en materia de seguridad, objetivo de pr\u00f3xima reuni\u00f3n de Conago: Salom\u00f3n Jara - LA BRAVA RADIO\" \/>\n<meta property=\"og:description\" content=\"Tuxtla Guti\u00e9rrez, Chis., 15 de febrero de 2023. En el marco de la firma del Convenio del Fondo de Aportaciones para la Seguridad P\u00fablica (FASP), el Gobernador de Oaxaca y Presidente de la Conferencia Nacional de Gobernadores (Conago), Salom\u00f3n Jara Cruz celebr\u00f3 la decisi\u00f3n presidencial de aumentar en 10% los recursos del FASP, para apoyar [&hellip;]\" \/>\n<meta property=\"og:url\" content=\"https:\/\/www.bbmnoticias.com\/labravaradiofm\/2023\/02\/15\/fortalecer-estados-en-materia-de-seguridad-objetivo-de-proxima-reunion-de-conago-salomon-jara\/\" \/>\n<meta property=\"og:site_name\" content=\"LA BRAVA RADIO\" \/>\n<meta property=\"article:published_time\" content=\"2023-02-16T01:36:42+00:00\" \/>\n<meta property=\"article:modified_time\" content=\"2023-02-16T01:36:43+00:00\" \/>\n<meta property=\"og:image\" content=\"https:\/\/www.bbmnoticias.com\/labravaradiofm\/wp-content\/uploads\/sites\/5\/2023\/02\/sjc-conago.jpg\" \/>\n\t<meta property=\"og:image:width\" content=\"1280\" \/>\n\t<meta property=\"og:image:height\" content=\"720\" \/>\n\t<meta property=\"og:image:type\" content=\"image\/jpeg\" \/>\n<meta name=\"author\" content=\"Staff\" \/>\n<meta name=\"twitter:card\" content=\"summary_large_image\" \/>\n<meta name=\"twitter:label1\" content=\"Escrito por\" \/>\n\t<meta name=\"twitter:data1\" content=\"Staff\" \/>\n\t<meta name=\"twitter:label2\" content=\"Tiempo de lectura\" \/>\n\t<meta name=\"twitter:data2\" content=\"2 minutos\" \/>\n<script type=\"application\/ld+json\" class=\"yoast-schema-graph\">{\"@context\":\"https:\\\/\\\/schema.org\",\"@graph\":[{\"@type\":\"Article\",\"@id\":\"https:\\\/\\\/www.bbmnoticias.com\\\/labravaradiofm\\\/2023\\\/02\\\/15\\\/fortalecer-estados-en-materia-de-seguridad-objetivo-de-proxima-reunion-de-conago-salomon-jara\\\/#article\",\"isPartOf\":{\"@id\":\"https:\\\/\\\/www.bbmnoticias.com\\\/labravaradiofm\\\/2023\\\/02\\\/15\\\/fortalecer-estados-en-materia-de-seguridad-objetivo-de-proxima-reunion-de-conago-salomon-jara\\\/\"},\"author\":{\"name\":\"Staff\",\"@id\":\"https:\\\/\\\/www.bbmnoticias.com\\\/labravaradiofm\\\/#\\\/schema\\\/person\\\/68a9e9036ef3c5b55aeb2b71dc8bab45\"},\"headline\":\"Fortalecer estados en materia de seguridad, objetivo de pr\u00f3xima reuni\u00f3n de Conago: Salom\u00f3n Jara\",\"datePublished\":\"2023-02-16T01:36:42+00:00\",\"dateModified\":\"2023-02-16T01:36:43+00:00\",\"mainEntityOfPage\":{\"@id\":\"https:\\\/\\\/www.bbmnoticias.com\\\/labravaradiofm\\\/2023\\\/02\\\/15\\\/fortalecer-estados-en-materia-de-seguridad-objetivo-de-proxima-reunion-de-conago-salomon-jara\\\/\"},\"wordCount\":387,\"image\":{\"@id\":\"https:\\\/\\\/www.bbmnoticias.com\\\/labravaradiofm\\\/2023\\\/02\\\/15\\\/fortalecer-estados-en-materia-de-seguridad-objetivo-de-proxima-reunion-de-conago-salomon-jara\\\/#primaryimage\"},\"thumbnailUrl\":\"https:\\\/\\\/www.bbmnoticias.com\\\/labravaradiofm\\\/wp-content\\\/uploads\\\/sites\\\/5\\\/2023\\\/02\\\/sjc-conago.jpg\",\"articleSection\":[\"LOCAL\"],\"inLanguage\":\"es\"},{\"@type\":\"WebPage\",\"@id\":\"https:\\\/\\\/www.bbmnoticias.com\\\/labravaradiofm\\\/2023\\\/02\\\/15\\\/fortalecer-estados-en-materia-de-seguridad-objetivo-de-proxima-reunion-de-conago-salomon-jara\\\/\",\"url\":\"https:\\\/\\\/www.bbmnoticias.com\\\/labravaradiofm\\\/2023\\\/02\\\/15\\\/fortalecer-estados-en-materia-de-seguridad-objetivo-de-proxima-reunion-de-conago-salomon-jara\\\/\",\"name\":\"Fortalecer estados en materia de seguridad, objetivo de pr\u00f3xima reuni\u00f3n de Conago: Salom\u00f3n Jara - LA BRAVA RADIO\",\"isPartOf\":{\"@id\":\"https:\\\/\\\/www.bbmnoticias.com\\\/labravaradiofm\\\/#website\"},\"primaryImageOfPage\":{\"@id\":\"https:\\\/\\\/www.bbmnoticias.com\\\/labravaradiofm\\\/2023\\\/02\\\/15\\\/fortalecer-estados-en-materia-de-seguridad-objetivo-de-proxima-reunion-de-conago-salomon-jara\\\/#primaryimage\"},\"image\":{\"@id\":\"https:\\\/\\\/www.bbmnoticias.com\\\/labravaradiofm\\\/2023\\\/02\\\/15\\\/fortalecer-estados-en-materia-de-seguridad-objetivo-de-proxima-reunion-de-conago-salomon-jara\\\/#primaryimage\"},\"thumbnailUrl\":\"https:\\\/\\\/www.bbmnoticias.com\\\/labravaradiofm\\\/wp-content\\\/uploads\\\/sites\\\/5\\\/2023\\\/02\\\/sjc-conago.jpg\",\"datePublished\":\"2023-02-16T01:36:42+00:00\",\"dateModified\":\"2023-02-16T01:36:43+00:00\",\"author\":{\"@id\":\"https:\\\/\\\/www.bbmnoticias.com\\\/labravaradiofm\\\/#\\\/schema\\\/person\\\/68a9e9036ef3c5b55aeb2b71dc8bab45\"},\"breadcrumb\":{\"@id\":\"https:\\\/\\\/www.bbmnoticias.com\\\/labravaradiofm\\\/2023\\\/02\\\/15\\\/fortalecer-estados-en-materia-de-seguridad-objetivo-de-proxima-reunion-de-conago-salomon-jara\\\/#breadcrumb\"},\"inLanguage\":\"es\",\"potentialAction\":[{\"@type\":\"ReadAction\",\"target\":[\"https:\\\/\\\/www.bbmnoticias.com\\\/labravaradiofm\\\/2023\\\/02\\\/15\\\/fortalecer-estados-en-materia-de-seguridad-objetivo-de-proxima-reunion-de-conago-salomon-jara\\\/\"]}]},{\"@type\":\"ImageObject\",\"inLanguage\":\"es\",\"@id\":\"https:\\\/\\\/www.bbmnoticias.com\\\/labravaradiofm\\\/2023\\\/02\\\/15\\\/fortalecer-estados-en-materia-de-seguridad-objetivo-de-proxima-reunion-de-conago-salomon-jara\\\/#primaryimage\",\"url\":\"https:\\\/\\\/www.bbmnoticias.com\\\/labravaradiofm\\\/wp-content\\\/uploads\\\/sites\\\/5\\\/2023\\\/02\\\/sjc-conago.jpg\",\"contentUrl\":\"https:\\\/\\\/www.bbmnoticias.com\\\/labravaradiofm\\\/wp-content\\\/uploads\\\/sites\\\/5\\\/2023\\\/02\\\/sjc-conago.jpg\",\"width\":1280,\"height\":720},{\"@type\":\"BreadcrumbList\",\"@id\":\"https:\\\/\\\/www.bbmnoticias.com\\\/labravaradiofm\\\/2023\\\/02\\\/15\\\/fortalecer-estados-en-materia-de-seguridad-objetivo-de-proxima-reunion-de-conago-salomon-jara\\\/#breadcrumb\",\"itemListElement\":[{\"@type\":\"ListItem\",\"position\":1,\"name\":\"Inicio\",\"item\":\"https:\\\/\\\/www.bbmnoticias.com\\\/labravaradiofm\\\/\"},{\"@type\":\"ListItem\",\"position\":2,\"name\":\"Fortalecer estados en materia de seguridad, objetivo de pr\u00f3xima reuni\u00f3n de Conago: Salom\u00f3n Jara\"}]},{\"@type\":\"WebSite\",\"@id\":\"https:\\\/\\\/www.bbmnoticias.com\\\/labravaradiofm\\\/#website\",\"url\":\"https:\\\/\\\/www.bbmnoticias.com\\\/labravaradiofm\\\/\",\"name\":\"LA BRAVA RADIO\",\"description\":\"Empresa productora de medios, Radiodifusi\u00f3n, Noticias, tendencias y todo lo que necesitas saber de la pol\u00edtica mexicana e internacional; entretenimiento, espect\u00e1culos, salud y mucho m\u00e1s.\",\"potentialAction\":[{\"@type\":\"SearchAction\",\"target\":{\"@type\":\"EntryPoint\",\"urlTemplate\":\"https:\\\/\\\/www.bbmnoticias.com\\\/labravaradiofm\\\/?s={search_term_string}\"},\"query-input\":{\"@type\":\"PropertyValueSpecification\",\"valueRequired\":true,\"valueName\":\"search_term_string\"}}],\"inLanguage\":\"es\"},{\"@type\":\"Person\",\"@id\":\"https:\\\/\\\/www.bbmnoticias.com\\\/labravaradiofm\\\/#\\\/schema\\\/person\\\/68a9e9036ef3c5b55aeb2b71dc8bab45\",\"name\":\"Staff\",\"image\":{\"@type\":\"ImageObject\",\"inLanguage\":\"es\",\"@id\":\"https:\\\/\\\/secure.gravatar.com\\\/avatar\\\/fdd21ad66fd8b98c407f9dee5b5e588cfe7f0d8579ec20fa6527cd59bab7f0f0?s=96&d=mm&r=g\",\"url\":\"https:\\\/\\\/secure.gravatar.com\\\/avatar\\\/fdd21ad66fd8b98c407f9dee5b5e588cfe7f0d8579ec20fa6527cd59bab7f0f0?s=96&d=mm&r=g\",\"contentUrl\":\"https:\\\/\\\/secure.gravatar.com\\\/avatar\\\/fdd21ad66fd8b98c407f9dee5b5e588cfe7f0d8579ec20fa6527cd59bab7f0f0?s=96&d=mm&r=g\",\"caption\":\"Staff\"},\"url\":\"https:\\\/\\\/www.bbmnoticias.com\\\/labravaradiofm\\\/author\\\/redaccion\\\/\"}]}<\/script>\n<!-- \/ Yoast SEO plugin. -->","yoast_head_json":{"title":"Fortalecer estados en materia de seguridad, objetivo de pr\u00f3xima reuni\u00f3n de Conago: Salom\u00f3n Jara - LA BRAVA RADIO","robots":{"index":"index","follow":"follow","max-snippet":"max-snippet:-1","max-image-preview":"max-image-preview:large","max-video-preview":"max-video-preview:-1"},"canonical":"https:\/\/www.bbmnoticias.com\/labravaradiofm\/2023\/02\/15\/fortalecer-estados-en-materia-de-seguridad-objetivo-de-proxima-reunion-de-conago-salomon-jara\/","og_locale":"es_MX","og_type":"article","og_title":"Fortalecer estados en materia de seguridad, objetivo de pr\u00f3xima reuni\u00f3n de Conago: Salom\u00f3n Jara - LA BRAVA RADIO","og_description":"Tuxtla Guti\u00e9rrez, Chis., 15 de febrero de 2023. En el marco de la firma del Convenio del Fondo de Aportaciones para la Seguridad P\u00fablica (FASP), el Gobernador de Oaxaca y Presidente de la Conferencia Nacional de Gobernadores (Conago), Salom\u00f3n Jara Cruz celebr\u00f3 la decisi\u00f3n presidencial de aumentar en 10% los recursos del FASP, para apoyar [&hellip;]","og_url":"https:\/\/www.bbmnoticias.com\/labravaradiofm\/2023\/02\/15\/fortalecer-estados-en-materia-de-seguridad-objetivo-de-proxima-reunion-de-conago-salomon-jara\/","og_site_name":"LA BRAVA RADIO","article_published_time":"2023-02-16T01:36:42+00:00","article_modified_time":"2023-02-16T01:36:43+00:00","og_image":[{"width":1280,"height":720,"url":"https:\/\/www.bbmnoticias.com\/labravaradiofm\/wp-content\/uploads\/sites\/5\/2023\/02\/sjc-conago.jpg","type":"image\/jpeg"}],"author":"Staff","twitter_card":"summary_large_image","twitter_misc":{"Escrito por":"Staff","Tiempo de lectura":"2 minutos"},"schema":{"@context":"https:\/\/schema.org","@graph":[{"@type":"Article","@id":"https:\/\/www.bbmnoticias.com\/labravaradiofm\/2023\/02\/15\/fortalecer-estados-en-materia-de-seguridad-objetivo-de-proxima-reunion-de-conago-salomon-jara\/#article","isPartOf":{"@id":"https:\/\/www.bbmnoticias.com\/labravaradiofm\/2023\/02\/15\/fortalecer-estados-en-materia-de-seguridad-objetivo-de-proxima-reunion-de-conago-salomon-jara\/"},"author":{"name":"Staff","@id":"https:\/\/www.bbmnoticias.com\/labravaradiofm\/#\/schema\/person\/68a9e9036ef3c5b55aeb2b71dc8bab45"},"headline":"Fortalecer estados en materia de seguridad, objetivo de pr\u00f3xima reuni\u00f3n de Conago: Salom\u00f3n Jara","datePublished":"2023-02-16T01:36:42+00:00","dateModified":"2023-02-16T01:36:43+00:00","mainEntityOfPage":{"@id":"https:\/\/www.bbmnoticias.com\/labravaradiofm\/2023\/02\/15\/fortalecer-estados-en-materia-de-seguridad-objetivo-de-proxima-reunion-de-conago-salomon-jara\/"},"wordCount":387,"image":{"@id":"https:\/\/www.bbmnoticias.com\/labravaradiofm\/2023\/02\/15\/fortalecer-estados-en-materia-de-seguridad-objetivo-de-proxima-reunion-de-conago-salomon-jara\/#primaryimage"},"thumbnailUrl":"https:\/\/www.bbmnoticias.com\/labravaradiofm\/wp-content\/uploads\/sites\/5\/2023\/02\/sjc-conago.jpg","articleSection":["LOCAL"],"inLanguage":"es"},{"@type":"WebPage","@id":"https:\/\/www.bbmnoticias.com\/labravaradiofm\/2023\/02\/15\/fortalecer-estados-en-materia-de-seguridad-objetivo-de-proxima-reunion-de-conago-salomon-jara\/","url":"https:\/\/www.bbmnoticias.com\/labravaradiofm\/2023\/02\/15\/fortalecer-estados-en-materia-de-seguridad-objetivo-de-proxima-reunion-de-conago-salomon-jara\/","name":"Fortalecer estados en materia de seguridad, objetivo de pr\u00f3xima reuni\u00f3n de Conago: Salom\u00f3n Jara - LA BRAVA RADIO","isPartOf":{"@id":"https:\/\/www.bbmnoticias.com\/labravaradiofm\/#website"},"primaryImageOfPage":{"@id":"https:\/\/www.bbmnoticias.com\/labravaradiofm\/2023\/02\/15\/fortalecer-estados-en-materia-de-seguridad-objetivo-de-proxima-reunion-de-conago-salomon-jara\/#primaryimage"},"image":{"@id":"https:\/\/www.bbmnoticias.com\/labravaradiofm\/2023\/02\/15\/fortalecer-estados-en-materia-de-seguridad-objetivo-de-proxima-reunion-de-conago-salomon-jara\/#primaryimage"},"thumbnailUrl":"https:\/\/www.bbmnoticias.com\/labravaradiofm\/wp-content\/uploads\/sites\/5\/2023\/02\/sjc-conago.jpg","datePublished":"2023-02-16T01:36:42+00:00","dateModified":"2023-02-16T01:36:43+00:00","author":{"@id":"https:\/\/www.bbmnoticias.com\/labravaradiofm\/#\/schema\/person\/68a9e9036ef3c5b55aeb2b71dc8bab45"},"breadcrumb":{"@id":"https:\/\/www.bbmnoticias.com\/labravaradiofm\/2023\/02\/15\/fortalecer-estados-en-materia-de-seguridad-objetivo-de-proxima-reunion-de-conago-salomon-jara\/#breadcrumb"},"inLanguage":"es","potentialAction":[{"@type":"ReadAction","target":["https:\/\/www.bbmnoticias.com\/labravaradiofm\/2023\/02\/15\/fortalecer-estados-en-materia-de-seguridad-objetivo-de-proxima-reunion-de-conago-salomon-jara\/"]}]},{"@type":"ImageObject","inLanguage":"es","@id":"https:\/\/www.bbmnoticias.com\/labravaradiofm\/2023\/02\/15\/fortalecer-estados-en-materia-de-seguridad-objetivo-de-proxima-reunion-de-conago-salomon-jara\/#primaryimage","url":"https:\/\/www.bbmnoticias.com\/labravaradiofm\/wp-content\/uploads\/sites\/5\/2023\/02\/sjc-conago.jpg","contentUrl":"https:\/\/www.bbmnoticias.com\/labravaradiofm\/wp-content\/uploads\/sites\/5\/2023\/02\/sjc-conago.jpg","width":1280,"height":720},{"@type":"BreadcrumbList","@id":"https:\/\/www.bbmnoticias.com\/labravaradiofm\/2023\/02\/15\/fortalecer-estados-en-materia-de-seguridad-objetivo-de-proxima-reunion-de-conago-salomon-jara\/#breadcrumb","itemListElement":[{"@type":"ListItem","position":1,"name":"Inicio","item":"https:\/\/www.bbmnoticias.com\/labravaradiofm\/"},{"@type":"ListItem","position":2,"name":"Fortalecer estados en materia de seguridad, objetivo de pr\u00f3xima reuni\u00f3n de Conago: Salom\u00f3n Jara"}]},{"@type":"WebSite","@id":"https:\/\/www.bbmnoticias.com\/labravaradiofm\/#website","url":"https:\/\/www.bbmnoticias.com\/labravaradiofm\/","name":"LA BRAVA RADIO","description":"Empresa productora de medios, Radiodifusi\u00f3n, Noticias, tendencias y todo lo que necesitas saber de la pol\u00edtica mexicana e internacional; entretenimiento, espect\u00e1culos, salud y mucho m\u00e1s.","potentialAction":[{"@type":"SearchAction","target":{"@type":"EntryPoint","urlTemplate":"https:\/\/www.bbmnoticias.com\/labravaradiofm\/?s={search_term_string}"},"query-input":{"@type":"PropertyValueSpecification","valueRequired":true,"valueName":"search_term_string"}}],"inLanguage":"es"},{"@type":"Person","@id":"https:\/\/www.bbmnoticias.com\/labravaradiofm\/#\/schema\/person\/68a9e9036ef3c5b55aeb2b71dc8bab45","name":"Staff","image":{"@type":"ImageObject","inLanguage":"es","@id":"https:\/\/secure.gravatar.com\/avatar\/fdd21ad66fd8b98c407f9dee5b5e588cfe7f0d8579ec20fa6527cd59bab7f0f0?s=96&d=mm&r=g","url":"https:\/\/secure.gravatar.com\/avatar\/fdd21ad66fd8b98c407f9dee5b5e588cfe7f0d8579ec20fa6527cd59bab7f0f0?s=96&d=mm&r=g","contentUrl":"https:\/\/secure.gravatar.com\/avatar\/fdd21ad66fd8b98c407f9dee5b5e588cfe7f0d8579ec20fa6527cd59bab7f0f0?s=96&d=mm&r=g","caption":"Staff"},"url":"https:\/\/www.bbmnoticias.com\/labravaradiofm\/author\/redaccion\/"}]}},"_links":{"self":[{"href":"https:\/\/www.bbmnoticias.com\/labravaradiofm\/wp-json\/wp\/v2\/posts\/23624","targetHints":{"allow":["GET"]}}],"collection":[{"href":"https:\/\/www.bbmnoticias.com\/labravaradiofm\/wp-json\/wp\/v2\/posts"}],"about":[{"href":"https:\/\/www.bbmnoticias.com\/labravaradiofm\/wp-json\/wp\/v2\/types\/post"}],"author":[{"embeddable":true,"href":"https:\/\/www.bbmnoticias.com\/labravaradiofm\/wp-json\/wp\/v2\/users\/2"}],"replies":[{"embeddable":true,"href":"https:\/\/www.bbmnoticias.com\/labravaradiofm\/wp-json\/wp\/v2\/comments?post=23624"}],"version-history":[{"count":0,"href":"https:\/\/www.bbmnoticias.com\/labravaradiofm\/wp-json\/wp\/v2\/posts\/23624\/revisions"}],"wp:featuredmedia":[{"embeddable":true,"href":"https:\/\/www.bbmnoticias.com\/labravaradiofm\/wp-json\/wp\/v2\/media\/23625"}],"wp:attachment":[{"href":"https:\/\/www.bbmnoticias.com\/labravaradiofm\/wp-json\/wp\/v2\/media?parent=23624"}],"wp:term":[{"taxonomy":"category","embeddable":true,"href":"https:\/\/www.bbmnoticias.com\/labravaradiofm\/wp-json\/wp\/v2\/categories?post=23624"},{"taxonomy":"post_tag","embeddable":true,"href":"https:\/\/www.bbmnoticias.com\/labravaradiofm\/wp-json\/wp\/v2\/tags?post=23624"}],"curies":[{"name":"wp","href":"https:\/\/api.w.org\/{rel}","templated":true}]}}