{"id":23621,"date":"2023-02-15T19:17:24","date_gmt":"2023-02-16T01:17:24","guid":{"rendered":"https:\/\/www.bbmnoticias.com\/labravaradiofm\/?p=23621"},"modified":"2023-02-16T09:49:23","modified_gmt":"2023-02-16T15:49:23","slug":"se-fortalecera-la-seguridad-en-oaxaca-con-242-millones","status":"publish","type":"post","link":"https:\/\/www.bbmnoticias.com\/labravaradiofm\/2023\/02\/15\/se-fortalecera-la-seguridad-en-oaxaca-con-242-millones\/","title":{"rendered":"Se fortalecer\u00e1 la seguridad en Oaxaca con 242 millones"},"content":{"rendered":"<div style=\"margin-top: 0px; margin-bottom: 0px;\" class=\"sharethis-inline-share-buttons\" ><\/div>\n<p><strong>Tuxtla Guti\u00e9rrez, Chis., 15 de febrero de 2023.<\/strong>&#8211; El Gobernador de Oaxaca Salom\u00f3n Jara Cruz firm\u00f3 el Convenio de Concertaci\u00f3n del Fondo de Aportaciones para la Seguridad P\u00fablica (FASP), mediante el cual se destinar\u00e1n 242 millones de pesos para la entidad en materia de seguridad a favor de las y los oaxaque\u00f1os.<\/p>\n\n\n\n<p>Adem\u00e1s, los gobiernos de otros nueve estados signaron el acuerdo, en un acto encabezado por el secretario de Gobernaci\u00f3n, Ad\u00e1n Augusto L\u00f3pez Hern\u00e1ndez, y la secretaria de Seguridad y Protecci\u00f3n Ciudadana, Rosa Icela Rodr\u00edguez, por el cual se destinan 8 mil 786 millones de pesos para fortalecer la seguridad de las y los mexicanos, cifra que significa un aumento de 10% respecto al a\u00f1o pasado.<\/p>\n\n\n\n<p>El Secretario de Gobernaci\u00f3n, Ad\u00e1n Augusto L\u00f3pez Hern\u00e1ndez afirm\u00f3 que la buena relaci\u00f3n del Gobierno Federal con las entidades federativas est\u00e1 dando resultados, prueba de ello es la coordinaci\u00f3n en materia de seguridad con los gobernadores. \u201cSe le va ganando la batalla a la delincuencia y se avanza en lograr la paz en todo el pa\u00eds\u201d, asegur\u00f3.<\/p>\n\n\n\n<p>Destac\u00f3 el trabajo de los titulares de las Gubernaturas para garantizar la seguridad, generar condiciones de desarrollo econ\u00f3mico, justicia e inclusi\u00f3n social. Adem\u00e1s, anunci\u00f3 que la Secretar\u00eda de Seguridad trabaja en una estrategia en contra del delito de extorsi\u00f3n con equipo avanzado para identificar equipos telef\u00f3nicos en los penales federales y locales de todo el pa\u00eds.<\/p>\n\n\n\n<p>En su intervenci\u00f3n, Rosa Icela Rodr\u00edguez destac\u00f3 que la estrategia nacional de seguridad del Gobierno del presidente Andr\u00e9s Manuel L\u00f3pez Obrador logra evitar que la pobreza y la marginaci\u00f3n sean un instrumento utilizado por la delincuencia organizada para reclutar a la juventud. Adem\u00e1s de dar prioridad nacional a la estrategia para la prevenci\u00f3n y atenci\u00f3n a la violencia contra las mujeres.<\/p>\n\n\n\n<p>Destac\u00f3 que con este convenio los estados pueden tener m\u00e1s recursos para fortalecer las acciones a favor de sus ciudadanos.<\/p>\n\n\n\n<p>Adelant\u00f3 que, en breve se dar\u00e1n a conocer las reglas de distribuci\u00f3n de un nuevo fondo de mil millones de pesos para otorgar m\u00e1s apoyo a los estados, de acuerdo con los avances que presenten en sus estrategias de combate a la inseguridad.<\/p>\n\n\n\n<p>En la firma del convenio, la secretaria Ejecutiva del Sistema Nacional de Seguridad P\u00fablica, Clara Luz Flores Carrales explic\u00f3 que el Fondo de Aportaciones para la Seguridad P\u00fablica con Entidades Federativas 2023 (FASP), es el recurso que la Federaci\u00f3n transfiere a los estados para garantizar la efectividad de la estrategia nacional de seguridad p\u00fablica con base en las ocho prioridades nacionales definidas en el Consejo Nacional de Seguridad, realizado en el mes de diciembre.<\/p>\n\n\n\n<p>Estas prioridades son: la dignificaci\u00f3n del personal de las instituciones de seguridad p\u00fablica y procuraci\u00f3n de justicia, la certificaci\u00f3n, capacitaci\u00f3n y profesionalizaci\u00f3n de los elementos policiales; la infraestructura de las instituciones; el sistema de est\u00e1ndares de trabajo y rendici\u00f3n de cuentas de las personas encargadas de la seguridad p\u00fablica; la prevenci\u00f3n de la violencia y el delito; la atenci\u00f3n y prevenci\u00f3n de la violencia contra las mujeres, con perspectiva de g\u00e9nero; el fortalecimiento del Sistema Penitenciario Nacional y de Ejecuci\u00f3n de Medidas para Adolescentes y el Sistema Nacional de Informaci\u00f3n.<\/p>\n\n\n\n<p>Para el titular de la Gubernatura de Oaxaca, Salom\u00f3n Jara Cruz, las Pol\u00edticas P\u00fablicas para Fomentar la Cultura de la Paz, la Seguridad, la Legalidad y la Gobernabilidad forman parte del eje estrat\u00e9gico para lograr Un Nuevo Pacto Social, el cual va de la mano con la pol\u00edtica nacional en materia de seguridad.&nbsp;<\/p>\n\n\n\n<p>El convenio fue firmado por Rutilio Escand\u00f3n Cadenas, Gobernador de Chiapas y anfitri\u00f3n del encuentro; Salom\u00f3n Jara Cruz, Gobernador de Oaxaca y presidente de la Conferencia Nacional de Gobernadores (Conago); as\u00ed como por Layda Sansores San Rom\u00e1n, Gobernadora de Campeche; &nbsp;y los gobernadores Diego Sinhue Rodr\u00edguez Vallejo, de Guanajuato; Alfredo Ram\u00edrez Bedolla, de Michoac\u00e1n; Miguel \u00c1ngel Navarro Quintero, de Nayarit; Mara Lezama Espinosa, de Quintana Roo; Carlos Manuel Merino Campos, de Tabasco; Cuitl\u00e1huac Garc\u00eda Jim\u00e9nez, de Veracruz; Mauricio Vila Dosal, de Yucat\u00e1n.<\/p>\n","protected":false},"excerpt":{"rendered":"<p>Tuxtla Guti\u00e9rrez, Chis., 15 de febrero de 2023.&#8211; El Gobernador de Oaxaca Salom\u00f3n Jara Cruz firm\u00f3 el Convenio de Concertaci\u00f3n del Fondo de Aportaciones para la Seguridad P\u00fablica (FASP), mediante el cual se destinar\u00e1n 242 millones de pesos para la entidad en materia de seguridad a favor de las y los oaxaque\u00f1os. Adem\u00e1s, los gobiernos [&hellip;]<\/p>\n","protected":false},"author":2,"featured_media":23622,"comment_status":"closed","ping_status":"closed","sticky":false,"template":"","format":"standard","meta":{"footnotes":""},"categories":[2],"tags":[],"class_list":{"0":"post-23621","1":"post","2":"type-post","3":"status-publish","4":"format-standard","5":"has-post-thumbnail","7":"category-oaxaca"},"yoast_head":"<!-- This site is optimized with the Yoast SEO plugin v27.4 - https:\/\/yoast.com\/product\/yoast-seo-wordpress\/ -->\n<title>Se fortalecer\u00e1 la seguridad en Oaxaca con 242 millones - LA BRAVA RADIO<\/title>\n<meta name=\"robots\" content=\"index, follow, max-snippet:-1, max-image-preview:large, max-video-preview:-1\" \/>\n<link rel=\"canonical\" href=\"https:\/\/www.bbmnoticias.com\/labravaradiofm\/2023\/02\/15\/se-fortalecera-la-seguridad-en-oaxaca-con-242-millones\/\" \/>\n<meta property=\"og:locale\" content=\"es_MX\" \/>\n<meta property=\"og:type\" content=\"article\" \/>\n<meta property=\"og:title\" content=\"Se fortalecer\u00e1 la seguridad en Oaxaca con 242 millones - LA BRAVA RADIO\" \/>\n<meta property=\"og:description\" content=\"Tuxtla Guti\u00e9rrez, Chis., 15 de febrero de 2023.&#8211; El Gobernador de Oaxaca Salom\u00f3n Jara Cruz firm\u00f3 el Convenio de Concertaci\u00f3n del Fondo de Aportaciones para la Seguridad P\u00fablica (FASP), mediante el cual se destinar\u00e1n 242 millones de pesos para la entidad en materia de seguridad a favor de las y los oaxaque\u00f1os. Adem\u00e1s, los gobiernos [&hellip;]\" \/>\n<meta property=\"og:url\" content=\"https:\/\/www.bbmnoticias.com\/labravaradiofm\/2023\/02\/15\/se-fortalecera-la-seguridad-en-oaxaca-con-242-millones\/\" \/>\n<meta property=\"og:site_name\" content=\"LA BRAVA RADIO\" \/>\n<meta property=\"article:published_time\" content=\"2023-02-16T01:17:24+00:00\" \/>\n<meta property=\"article:modified_time\" content=\"2023-02-16T15:49:23+00:00\" \/>\n<meta property=\"og:image\" content=\"https:\/\/www.bbmnoticias.com\/labravaradiofm\/wp-content\/uploads\/sites\/5\/2023\/02\/seguridad-inversion.jpg\" \/>\n\t<meta property=\"og:image:width\" content=\"800\" \/>\n\t<meta property=\"og:image:height\" content=\"470\" \/>\n\t<meta property=\"og:image:type\" content=\"image\/jpeg\" \/>\n<meta name=\"author\" content=\"Staff\" \/>\n<meta name=\"twitter:card\" content=\"summary_large_image\" \/>\n<meta name=\"twitter:label1\" content=\"Escrito por\" \/>\n\t<meta name=\"twitter:data1\" content=\"Staff\" \/>\n\t<meta name=\"twitter:label2\" content=\"Tiempo de lectura\" \/>\n\t<meta name=\"twitter:data2\" content=\"3 minutos\" \/>\n<script type=\"application\/ld+json\" class=\"yoast-schema-graph\">{\"@context\":\"https:\\\/\\\/schema.org\",\"@graph\":[{\"@type\":\"Article\",\"@id\":\"https:\\\/\\\/www.bbmnoticias.com\\\/labravaradiofm\\\/2023\\\/02\\\/15\\\/se-fortalecera-la-seguridad-en-oaxaca-con-242-millones\\\/#article\",\"isPartOf\":{\"@id\":\"https:\\\/\\\/www.bbmnoticias.com\\\/labravaradiofm\\\/2023\\\/02\\\/15\\\/se-fortalecera-la-seguridad-en-oaxaca-con-242-millones\\\/\"},\"author\":{\"name\":\"Staff\",\"@id\":\"https:\\\/\\\/www.bbmnoticias.com\\\/labravaradiofm\\\/#\\\/schema\\\/person\\\/68a9e9036ef3c5b55aeb2b71dc8bab45\"},\"headline\":\"Se fortalecer\u00e1 la seguridad en Oaxaca con 242 millones\",\"datePublished\":\"2023-02-16T01:17:24+00:00\",\"dateModified\":\"2023-02-16T15:49:23+00:00\",\"mainEntityOfPage\":{\"@id\":\"https:\\\/\\\/www.bbmnoticias.com\\\/labravaradiofm\\\/2023\\\/02\\\/15\\\/se-fortalecera-la-seguridad-en-oaxaca-con-242-millones\\\/\"},\"wordCount\":732,\"image\":{\"@id\":\"https:\\\/\\\/www.bbmnoticias.com\\\/labravaradiofm\\\/2023\\\/02\\\/15\\\/se-fortalecera-la-seguridad-en-oaxaca-con-242-millones\\\/#primaryimage\"},\"thumbnailUrl\":\"https:\\\/\\\/www.bbmnoticias.com\\\/labravaradiofm\\\/wp-content\\\/uploads\\\/sites\\\/5\\\/2023\\\/02\\\/seguridad-inversion.jpg\",\"articleSection\":[\"LOCAL\"],\"inLanguage\":\"es\"},{\"@type\":\"WebPage\",\"@id\":\"https:\\\/\\\/www.bbmnoticias.com\\\/labravaradiofm\\\/2023\\\/02\\\/15\\\/se-fortalecera-la-seguridad-en-oaxaca-con-242-millones\\\/\",\"url\":\"https:\\\/\\\/www.bbmnoticias.com\\\/labravaradiofm\\\/2023\\\/02\\\/15\\\/se-fortalecera-la-seguridad-en-oaxaca-con-242-millones\\\/\",\"name\":\"Se fortalecer\u00e1 la seguridad en Oaxaca con 242 millones - LA BRAVA RADIO\",\"isPartOf\":{\"@id\":\"https:\\\/\\\/www.bbmnoticias.com\\\/labravaradiofm\\\/#website\"},\"primaryImageOfPage\":{\"@id\":\"https:\\\/\\\/www.bbmnoticias.com\\\/labravaradiofm\\\/2023\\\/02\\\/15\\\/se-fortalecera-la-seguridad-en-oaxaca-con-242-millones\\\/#primaryimage\"},\"image\":{\"@id\":\"https:\\\/\\\/www.bbmnoticias.com\\\/labravaradiofm\\\/2023\\\/02\\\/15\\\/se-fortalecera-la-seguridad-en-oaxaca-con-242-millones\\\/#primaryimage\"},\"thumbnailUrl\":\"https:\\\/\\\/www.bbmnoticias.com\\\/labravaradiofm\\\/wp-content\\\/uploads\\\/sites\\\/5\\\/2023\\\/02\\\/seguridad-inversion.jpg\",\"datePublished\":\"2023-02-16T01:17:24+00:00\",\"dateModified\":\"2023-02-16T15:49:23+00:00\",\"author\":{\"@id\":\"https:\\\/\\\/www.bbmnoticias.com\\\/labravaradiofm\\\/#\\\/schema\\\/person\\\/68a9e9036ef3c5b55aeb2b71dc8bab45\"},\"breadcrumb\":{\"@id\":\"https:\\\/\\\/www.bbmnoticias.com\\\/labravaradiofm\\\/2023\\\/02\\\/15\\\/se-fortalecera-la-seguridad-en-oaxaca-con-242-millones\\\/#breadcrumb\"},\"inLanguage\":\"es\",\"potentialAction\":[{\"@type\":\"ReadAction\",\"target\":[\"https:\\\/\\\/www.bbmnoticias.com\\\/labravaradiofm\\\/2023\\\/02\\\/15\\\/se-fortalecera-la-seguridad-en-oaxaca-con-242-millones\\\/\"]}]},{\"@type\":\"ImageObject\",\"inLanguage\":\"es\",\"@id\":\"https:\\\/\\\/www.bbmnoticias.com\\\/labravaradiofm\\\/2023\\\/02\\\/15\\\/se-fortalecera-la-seguridad-en-oaxaca-con-242-millones\\\/#primaryimage\",\"url\":\"https:\\\/\\\/www.bbmnoticias.com\\\/labravaradiofm\\\/wp-content\\\/uploads\\\/sites\\\/5\\\/2023\\\/02\\\/seguridad-inversion.jpg\",\"contentUrl\":\"https:\\\/\\\/www.bbmnoticias.com\\\/labravaradiofm\\\/wp-content\\\/uploads\\\/sites\\\/5\\\/2023\\\/02\\\/seguridad-inversion.jpg\",\"width\":800,\"height\":470},{\"@type\":\"BreadcrumbList\",\"@id\":\"https:\\\/\\\/www.bbmnoticias.com\\\/labravaradiofm\\\/2023\\\/02\\\/15\\\/se-fortalecera-la-seguridad-en-oaxaca-con-242-millones\\\/#breadcrumb\",\"itemListElement\":[{\"@type\":\"ListItem\",\"position\":1,\"name\":\"Inicio\",\"item\":\"https:\\\/\\\/www.bbmnoticias.com\\\/labravaradiofm\\\/\"},{\"@type\":\"ListItem\",\"position\":2,\"name\":\"Se fortalecer\u00e1 la seguridad en Oaxaca con 242 millones\"}]},{\"@type\":\"WebSite\",\"@id\":\"https:\\\/\\\/www.bbmnoticias.com\\\/labravaradiofm\\\/#website\",\"url\":\"https:\\\/\\\/www.bbmnoticias.com\\\/labravaradiofm\\\/\",\"name\":\"LA BRAVA RADIO\",\"description\":\"Empresa productora de medios, Radiodifusi\u00f3n, Noticias, tendencias y todo lo que necesitas saber de la pol\u00edtica mexicana e internacional; entretenimiento, espect\u00e1culos, salud y mucho m\u00e1s.\",\"potentialAction\":[{\"@type\":\"SearchAction\",\"target\":{\"@type\":\"EntryPoint\",\"urlTemplate\":\"https:\\\/\\\/www.bbmnoticias.com\\\/labravaradiofm\\\/?s={search_term_string}\"},\"query-input\":{\"@type\":\"PropertyValueSpecification\",\"valueRequired\":true,\"valueName\":\"search_term_string\"}}],\"inLanguage\":\"es\"},{\"@type\":\"Person\",\"@id\":\"https:\\\/\\\/www.bbmnoticias.com\\\/labravaradiofm\\\/#\\\/schema\\\/person\\\/68a9e9036ef3c5b55aeb2b71dc8bab45\",\"name\":\"Staff\",\"image\":{\"@type\":\"ImageObject\",\"inLanguage\":\"es\",\"@id\":\"https:\\\/\\\/secure.gravatar.com\\\/avatar\\\/fdd21ad66fd8b98c407f9dee5b5e588cfe7f0d8579ec20fa6527cd59bab7f0f0?s=96&d=mm&r=g\",\"url\":\"https:\\\/\\\/secure.gravatar.com\\\/avatar\\\/fdd21ad66fd8b98c407f9dee5b5e588cfe7f0d8579ec20fa6527cd59bab7f0f0?s=96&d=mm&r=g\",\"contentUrl\":\"https:\\\/\\\/secure.gravatar.com\\\/avatar\\\/fdd21ad66fd8b98c407f9dee5b5e588cfe7f0d8579ec20fa6527cd59bab7f0f0?s=96&d=mm&r=g\",\"caption\":\"Staff\"},\"url\":\"https:\\\/\\\/www.bbmnoticias.com\\\/labravaradiofm\\\/author\\\/redaccion\\\/\"}]}<\/script>\n<!-- \/ Yoast SEO plugin. -->","yoast_head_json":{"title":"Se fortalecer\u00e1 la seguridad en Oaxaca con 242 millones - LA BRAVA RADIO","robots":{"index":"index","follow":"follow","max-snippet":"max-snippet:-1","max-image-preview":"max-image-preview:large","max-video-preview":"max-video-preview:-1"},"canonical":"https:\/\/www.bbmnoticias.com\/labravaradiofm\/2023\/02\/15\/se-fortalecera-la-seguridad-en-oaxaca-con-242-millones\/","og_locale":"es_MX","og_type":"article","og_title":"Se fortalecer\u00e1 la seguridad en Oaxaca con 242 millones - LA BRAVA RADIO","og_description":"Tuxtla Guti\u00e9rrez, Chis., 15 de febrero de 2023.&#8211; El Gobernador de Oaxaca Salom\u00f3n Jara Cruz firm\u00f3 el Convenio de Concertaci\u00f3n del Fondo de Aportaciones para la Seguridad P\u00fablica (FASP), mediante el cual se destinar\u00e1n 242 millones de pesos para la entidad en materia de seguridad a favor de las y los oaxaque\u00f1os. Adem\u00e1s, los gobiernos [&hellip;]","og_url":"https:\/\/www.bbmnoticias.com\/labravaradiofm\/2023\/02\/15\/se-fortalecera-la-seguridad-en-oaxaca-con-242-millones\/","og_site_name":"LA BRAVA RADIO","article_published_time":"2023-02-16T01:17:24+00:00","article_modified_time":"2023-02-16T15:49:23+00:00","og_image":[{"width":800,"height":470,"url":"https:\/\/www.bbmnoticias.com\/labravaradiofm\/wp-content\/uploads\/sites\/5\/2023\/02\/seguridad-inversion.jpg","type":"image\/jpeg"}],"author":"Staff","twitter_card":"summary_large_image","twitter_misc":{"Escrito por":"Staff","Tiempo de lectura":"3 minutos"},"schema":{"@context":"https:\/\/schema.org","@graph":[{"@type":"Article","@id":"https:\/\/www.bbmnoticias.com\/labravaradiofm\/2023\/02\/15\/se-fortalecera-la-seguridad-en-oaxaca-con-242-millones\/#article","isPartOf":{"@id":"https:\/\/www.bbmnoticias.com\/labravaradiofm\/2023\/02\/15\/se-fortalecera-la-seguridad-en-oaxaca-con-242-millones\/"},"author":{"name":"Staff","@id":"https:\/\/www.bbmnoticias.com\/labravaradiofm\/#\/schema\/person\/68a9e9036ef3c5b55aeb2b71dc8bab45"},"headline":"Se fortalecer\u00e1 la seguridad en Oaxaca con 242 millones","datePublished":"2023-02-16T01:17:24+00:00","dateModified":"2023-02-16T15:49:23+00:00","mainEntityOfPage":{"@id":"https:\/\/www.bbmnoticias.com\/labravaradiofm\/2023\/02\/15\/se-fortalecera-la-seguridad-en-oaxaca-con-242-millones\/"},"wordCount":732,"image":{"@id":"https:\/\/www.bbmnoticias.com\/labravaradiofm\/2023\/02\/15\/se-fortalecera-la-seguridad-en-oaxaca-con-242-millones\/#primaryimage"},"thumbnailUrl":"https:\/\/www.bbmnoticias.com\/labravaradiofm\/wp-content\/uploads\/sites\/5\/2023\/02\/seguridad-inversion.jpg","articleSection":["LOCAL"],"inLanguage":"es"},{"@type":"WebPage","@id":"https:\/\/www.bbmnoticias.com\/labravaradiofm\/2023\/02\/15\/se-fortalecera-la-seguridad-en-oaxaca-con-242-millones\/","url":"https:\/\/www.bbmnoticias.com\/labravaradiofm\/2023\/02\/15\/se-fortalecera-la-seguridad-en-oaxaca-con-242-millones\/","name":"Se fortalecer\u00e1 la seguridad en Oaxaca con 242 millones - LA BRAVA RADIO","isPartOf":{"@id":"https:\/\/www.bbmnoticias.com\/labravaradiofm\/#website"},"primaryImageOfPage":{"@id":"https:\/\/www.bbmnoticias.com\/labravaradiofm\/2023\/02\/15\/se-fortalecera-la-seguridad-en-oaxaca-con-242-millones\/#primaryimage"},"image":{"@id":"https:\/\/www.bbmnoticias.com\/labravaradiofm\/2023\/02\/15\/se-fortalecera-la-seguridad-en-oaxaca-con-242-millones\/#primaryimage"},"thumbnailUrl":"https:\/\/www.bbmnoticias.com\/labravaradiofm\/wp-content\/uploads\/sites\/5\/2023\/02\/seguridad-inversion.jpg","datePublished":"2023-02-16T01:17:24+00:00","dateModified":"2023-02-16T15:49:23+00:00","author":{"@id":"https:\/\/www.bbmnoticias.com\/labravaradiofm\/#\/schema\/person\/68a9e9036ef3c5b55aeb2b71dc8bab45"},"breadcrumb":{"@id":"https:\/\/www.bbmnoticias.com\/labravaradiofm\/2023\/02\/15\/se-fortalecera-la-seguridad-en-oaxaca-con-242-millones\/#breadcrumb"},"inLanguage":"es","potentialAction":[{"@type":"ReadAction","target":["https:\/\/www.bbmnoticias.com\/labravaradiofm\/2023\/02\/15\/se-fortalecera-la-seguridad-en-oaxaca-con-242-millones\/"]}]},{"@type":"ImageObject","inLanguage":"es","@id":"https:\/\/www.bbmnoticias.com\/labravaradiofm\/2023\/02\/15\/se-fortalecera-la-seguridad-en-oaxaca-con-242-millones\/#primaryimage","url":"https:\/\/www.bbmnoticias.com\/labravaradiofm\/wp-content\/uploads\/sites\/5\/2023\/02\/seguridad-inversion.jpg","contentUrl":"https:\/\/www.bbmnoticias.com\/labravaradiofm\/wp-content\/uploads\/sites\/5\/2023\/02\/seguridad-inversion.jpg","width":800,"height":470},{"@type":"BreadcrumbList","@id":"https:\/\/www.bbmnoticias.com\/labravaradiofm\/2023\/02\/15\/se-fortalecera-la-seguridad-en-oaxaca-con-242-millones\/#breadcrumb","itemListElement":[{"@type":"ListItem","position":1,"name":"Inicio","item":"https:\/\/www.bbmnoticias.com\/labravaradiofm\/"},{"@type":"ListItem","position":2,"name":"Se fortalecer\u00e1 la seguridad en Oaxaca con 242 millones"}]},{"@type":"WebSite","@id":"https:\/\/www.bbmnoticias.com\/labravaradiofm\/#website","url":"https:\/\/www.bbmnoticias.com\/labravaradiofm\/","name":"LA BRAVA RADIO","description":"Empresa productora de medios, Radiodifusi\u00f3n, Noticias, tendencias y todo lo que necesitas saber de la pol\u00edtica mexicana e internacional; entretenimiento, espect\u00e1culos, salud y mucho m\u00e1s.","potentialAction":[{"@type":"SearchAction","target":{"@type":"EntryPoint","urlTemplate":"https:\/\/www.bbmnoticias.com\/labravaradiofm\/?s={search_term_string}"},"query-input":{"@type":"PropertyValueSpecification","valueRequired":true,"valueName":"search_term_string"}}],"inLanguage":"es"},{"@type":"Person","@id":"https:\/\/www.bbmnoticias.com\/labravaradiofm\/#\/schema\/person\/68a9e9036ef3c5b55aeb2b71dc8bab45","name":"Staff","image":{"@type":"ImageObject","inLanguage":"es","@id":"https:\/\/secure.gravatar.com\/avatar\/fdd21ad66fd8b98c407f9dee5b5e588cfe7f0d8579ec20fa6527cd59bab7f0f0?s=96&d=mm&r=g","url":"https:\/\/secure.gravatar.com\/avatar\/fdd21ad66fd8b98c407f9dee5b5e588cfe7f0d8579ec20fa6527cd59bab7f0f0?s=96&d=mm&r=g","contentUrl":"https:\/\/secure.gravatar.com\/avatar\/fdd21ad66fd8b98c407f9dee5b5e588cfe7f0d8579ec20fa6527cd59bab7f0f0?s=96&d=mm&r=g","caption":"Staff"},"url":"https:\/\/www.bbmnoticias.com\/labravaradiofm\/author\/redaccion\/"}]}},"_links":{"self":[{"href":"https:\/\/www.bbmnoticias.com\/labravaradiofm\/wp-json\/wp\/v2\/posts\/23621","targetHints":{"allow":["GET"]}}],"collection":[{"href":"https:\/\/www.bbmnoticias.com\/labravaradiofm\/wp-json\/wp\/v2\/posts"}],"about":[{"href":"https:\/\/www.bbmnoticias.com\/labravaradiofm\/wp-json\/wp\/v2\/types\/post"}],"author":[{"embeddable":true,"href":"https:\/\/www.bbmnoticias.com\/labravaradiofm\/wp-json\/wp\/v2\/users\/2"}],"replies":[{"embeddable":true,"href":"https:\/\/www.bbmnoticias.com\/labravaradiofm\/wp-json\/wp\/v2\/comments?post=23621"}],"version-history":[{"count":0,"href":"https:\/\/www.bbmnoticias.com\/labravaradiofm\/wp-json\/wp\/v2\/posts\/23621\/revisions"}],"wp:featuredmedia":[{"embeddable":true,"href":"https:\/\/www.bbmnoticias.com\/labravaradiofm\/wp-json\/wp\/v2\/media\/23622"}],"wp:attachment":[{"href":"https:\/\/www.bbmnoticias.com\/labravaradiofm\/wp-json\/wp\/v2\/media?parent=23621"}],"wp:term":[{"taxonomy":"category","embeddable":true,"href":"https:\/\/www.bbmnoticias.com\/labravaradiofm\/wp-json\/wp\/v2\/categories?post=23621"},{"taxonomy":"post_tag","embeddable":true,"href":"https:\/\/www.bbmnoticias.com\/labravaradiofm\/wp-json\/wp\/v2\/tags?post=23621"}],"curies":[{"name":"wp","href":"https:\/\/api.w.org\/{rel}","templated":true}]}}