{"id":23615,"date":"2023-02-15T15:30:02","date_gmt":"2023-02-15T21:30:02","guid":{"rendered":"https:\/\/www.bbmnoticias.com\/labravaradiofm\/?p=23615"},"modified":"2023-02-15T15:30:04","modified_gmt":"2023-02-15T21:30:04","slug":"lleva-sso-jornada-ninas-y-ninos-agentes-de-la-salud-a-santiago-ixtaltepec","status":"publish","type":"post","link":"https:\/\/www.bbmnoticias.com\/labravaradiofm\/2023\/02\/15\/lleva-sso-jornada-ninas-y-ninos-agentes-de-la-salud-a-santiago-ixtaltepec\/","title":{"rendered":"Lleva SSO Jornada \u201cNi\u00f1as y ni\u00f1os agentes de la salud\u201d a Santiago Ixtaltepec"},"content":{"rendered":"<div style=\"margin-top: 0px; margin-bottom: 0px;\" class=\"sharethis-inline-share-buttons\" ><\/div>\n<p><strong>Teotitl\u00e1n del Valle, Oax., 15 de febrero de 2023<\/strong>.- El Gobierno del Estado a trav\u00e9s de los Servicios de Salud de Oaxaca (SSO) llev\u00f3 a cabo la segunda Jornada \u201cNi\u00f1as y ni\u00f1os agentes de la salud\u201d en la localidad de Santiago Ixtaltepec perteneciente a Teotitl\u00e1n del Valle.<\/p>\n\n\n\n<p>La salud, el correcto crecimiento y desarrollo escolar de las nuevas generaciones es una prioridad de la actual administraci\u00f3n, se\u00f1al\u00f3 la secretaria de Salud, Alma Lilia Velasco Hern\u00e1ndez durante la inauguraci\u00f3n del evento que se efectu\u00f3 en la \u201cCasa de Salud\u201d de este municipio.<\/p>\n\n\n\n<p>As\u00ed tambi\u00e9n, a fin de fomentar la imaginaci\u00f3n para el desarrollo de habilidades fundamentales para la vida, la titular de los SSO comparti\u00f3 la lectura del cuento \u201cEl monstruo de colores\u201d de la escritora Anna Llenas ante m\u00e1s de 90 ni\u00f1as y ni\u00f1os de la comunidad.<\/p>\n\n\n\n<p>Con esta acci\u00f3n se impulsa el programa Estatal de Fomento a la Lectura, la cual forma parte del Eje Estrat\u00e9gico de Pol\u00edticas P\u00fablicas para generar un Nuevo Pacto Social y la Reparaci\u00f3n Hist\u00f3rica de los Pueblos en la entidad.<\/p>\n\n\n\n<p>Acompa\u00f1ada del agente municipal, Rub\u00e9n M\u00e9ndez M\u00e9ndez, la funcionaria destac\u00f3 que el cuento \u201cEl monstruo de colores\u201d es una historia divertida, que introduce ni\u00f1as y ni\u00f1os en el fascinante lenguaje de las emociones, de ah\u00ed que destac\u00f3 la importancia de inculcarles el inter\u00e9s por la lectura, as\u00ed como la identificaci\u00f3n de los sentimientos para el adecuado desarrollo de la salud emocional y f\u00edsica.<\/p>\n\n\n\n<p>En este tenor, se realizaron m\u00e1s de 250 acciones con en esta Jornada, donde se aplicaron vacunas contra la influenza y COVID-19 a mayores de 18 a\u00f1os, se realiz\u00f3 la entrega de pabellones para evitar enfermedades transmitidas por vector, juegos did\u00e1cticos, abate, cloro, folletos de medidas preventivas, atenci\u00f3n m\u00e9dica y odontol\u00f3gica, as\u00ed como de nutrici\u00f3n.<\/p>\n\n\n\n<p>\u201cEn el territorio oaxaque\u00f1o acercamos servicios de prevenci\u00f3n y atenci\u00f3n a las localidades alejadas, efectuando acciones para que la poblaci\u00f3n infantil alcance sus metas y crezca en un entorno seguro y saludable\u201d, concluy\u00f3 Velasco Hern\u00e1ndez.<\/p>\n","protected":false},"excerpt":{"rendered":"<p>Teotitl\u00e1n del Valle, Oax., 15 de febrero de 2023.- El Gobierno del Estado a trav\u00e9s de los Servicios de Salud de Oaxaca (SSO) llev\u00f3 a cabo la segunda Jornada \u201cNi\u00f1as y ni\u00f1os agentes de la salud\u201d en la localidad de Santiago Ixtaltepec perteneciente a Teotitl\u00e1n del Valle. La salud, el correcto crecimiento y desarrollo escolar [&hellip;]<\/p>\n","protected":false},"author":2,"featured_media":23616,"comment_status":"closed","ping_status":"closed","sticky":false,"template":"","format":"standard","meta":{"footnotes":""},"categories":[2],"tags":[],"class_list":{"0":"post-23615","1":"post","2":"type-post","3":"status-publish","4":"format-standard","5":"has-post-thumbnail","7":"category-oaxaca"},"yoast_head":"<!-- This site is optimized with the Yoast SEO plugin v27.4 - https:\/\/yoast.com\/product\/yoast-seo-wordpress\/ -->\n<title>Lleva SSO Jornada \u201cNi\u00f1as y ni\u00f1os agentes de la salud\u201d a Santiago Ixtaltepec - LA BRAVA RADIO<\/title>\n<meta name=\"robots\" content=\"index, follow, max-snippet:-1, max-image-preview:large, max-video-preview:-1\" \/>\n<link rel=\"canonical\" href=\"https:\/\/www.bbmnoticias.com\/labravaradiofm\/2023\/02\/15\/lleva-sso-jornada-ninas-y-ninos-agentes-de-la-salud-a-santiago-ixtaltepec\/\" \/>\n<meta property=\"og:locale\" content=\"es_MX\" \/>\n<meta property=\"og:type\" content=\"article\" \/>\n<meta property=\"og:title\" content=\"Lleva SSO Jornada \u201cNi\u00f1as y ni\u00f1os agentes de la salud\u201d a Santiago Ixtaltepec - LA BRAVA RADIO\" \/>\n<meta property=\"og:description\" content=\"Teotitl\u00e1n del Valle, Oax., 15 de febrero de 2023.- El Gobierno del Estado a trav\u00e9s de los Servicios de Salud de Oaxaca (SSO) llev\u00f3 a cabo la segunda Jornada \u201cNi\u00f1as y ni\u00f1os agentes de la salud\u201d en la localidad de Santiago Ixtaltepec perteneciente a Teotitl\u00e1n del Valle. La salud, el correcto crecimiento y desarrollo escolar [&hellip;]\" \/>\n<meta property=\"og:url\" content=\"https:\/\/www.bbmnoticias.com\/labravaradiofm\/2023\/02\/15\/lleva-sso-jornada-ninas-y-ninos-agentes-de-la-salud-a-santiago-ixtaltepec\/\" \/>\n<meta property=\"og:site_name\" content=\"LA BRAVA RADIO\" \/>\n<meta property=\"article:published_time\" content=\"2023-02-15T21:30:02+00:00\" \/>\n<meta property=\"article:modified_time\" content=\"2023-02-15T21:30:04+00:00\" \/>\n<meta property=\"og:image\" content=\"https:\/\/www.bbmnoticias.com\/labravaradiofm\/wp-content\/uploads\/sites\/5\/2023\/02\/sso-oaxaca.jpg\" \/>\n\t<meta property=\"og:image:width\" content=\"800\" \/>\n\t<meta property=\"og:image:height\" content=\"450\" \/>\n\t<meta property=\"og:image:type\" content=\"image\/jpeg\" \/>\n<meta name=\"author\" content=\"Staff\" \/>\n<meta name=\"twitter:card\" content=\"summary_large_image\" \/>\n<meta name=\"twitter:label1\" content=\"Escrito por\" \/>\n\t<meta name=\"twitter:data1\" content=\"Staff\" \/>\n\t<meta name=\"twitter:label2\" content=\"Tiempo de lectura\" \/>\n\t<meta name=\"twitter:data2\" content=\"2 minutos\" \/>\n<script type=\"application\/ld+json\" class=\"yoast-schema-graph\">{\"@context\":\"https:\\\/\\\/schema.org\",\"@graph\":[{\"@type\":\"Article\",\"@id\":\"https:\\\/\\\/www.bbmnoticias.com\\\/labravaradiofm\\\/2023\\\/02\\\/15\\\/lleva-sso-jornada-ninas-y-ninos-agentes-de-la-salud-a-santiago-ixtaltepec\\\/#article\",\"isPartOf\":{\"@id\":\"https:\\\/\\\/www.bbmnoticias.com\\\/labravaradiofm\\\/2023\\\/02\\\/15\\\/lleva-sso-jornada-ninas-y-ninos-agentes-de-la-salud-a-santiago-ixtaltepec\\\/\"},\"author\":{\"name\":\"Staff\",\"@id\":\"https:\\\/\\\/www.bbmnoticias.com\\\/labravaradiofm\\\/#\\\/schema\\\/person\\\/68a9e9036ef3c5b55aeb2b71dc8bab45\"},\"headline\":\"Lleva SSO Jornada \u201cNi\u00f1as y ni\u00f1os agentes de la salud\u201d a Santiago Ixtaltepec\",\"datePublished\":\"2023-02-15T21:30:02+00:00\",\"dateModified\":\"2023-02-15T21:30:04+00:00\",\"mainEntityOfPage\":{\"@id\":\"https:\\\/\\\/www.bbmnoticias.com\\\/labravaradiofm\\\/2023\\\/02\\\/15\\\/lleva-sso-jornada-ninas-y-ninos-agentes-de-la-salud-a-santiago-ixtaltepec\\\/\"},\"wordCount\":381,\"image\":{\"@id\":\"https:\\\/\\\/www.bbmnoticias.com\\\/labravaradiofm\\\/2023\\\/02\\\/15\\\/lleva-sso-jornada-ninas-y-ninos-agentes-de-la-salud-a-santiago-ixtaltepec\\\/#primaryimage\"},\"thumbnailUrl\":\"https:\\\/\\\/www.bbmnoticias.com\\\/labravaradiofm\\\/wp-content\\\/uploads\\\/sites\\\/5\\\/2023\\\/02\\\/sso-oaxaca.jpg\",\"articleSection\":[\"LOCAL\"],\"inLanguage\":\"es\"},{\"@type\":\"WebPage\",\"@id\":\"https:\\\/\\\/www.bbmnoticias.com\\\/labravaradiofm\\\/2023\\\/02\\\/15\\\/lleva-sso-jornada-ninas-y-ninos-agentes-de-la-salud-a-santiago-ixtaltepec\\\/\",\"url\":\"https:\\\/\\\/www.bbmnoticias.com\\\/labravaradiofm\\\/2023\\\/02\\\/15\\\/lleva-sso-jornada-ninas-y-ninos-agentes-de-la-salud-a-santiago-ixtaltepec\\\/\",\"name\":\"Lleva SSO Jornada \u201cNi\u00f1as y ni\u00f1os agentes de la salud\u201d a Santiago Ixtaltepec - LA BRAVA RADIO\",\"isPartOf\":{\"@id\":\"https:\\\/\\\/www.bbmnoticias.com\\\/labravaradiofm\\\/#website\"},\"primaryImageOfPage\":{\"@id\":\"https:\\\/\\\/www.bbmnoticias.com\\\/labravaradiofm\\\/2023\\\/02\\\/15\\\/lleva-sso-jornada-ninas-y-ninos-agentes-de-la-salud-a-santiago-ixtaltepec\\\/#primaryimage\"},\"image\":{\"@id\":\"https:\\\/\\\/www.bbmnoticias.com\\\/labravaradiofm\\\/2023\\\/02\\\/15\\\/lleva-sso-jornada-ninas-y-ninos-agentes-de-la-salud-a-santiago-ixtaltepec\\\/#primaryimage\"},\"thumbnailUrl\":\"https:\\\/\\\/www.bbmnoticias.com\\\/labravaradiofm\\\/wp-content\\\/uploads\\\/sites\\\/5\\\/2023\\\/02\\\/sso-oaxaca.jpg\",\"datePublished\":\"2023-02-15T21:30:02+00:00\",\"dateModified\":\"2023-02-15T21:30:04+00:00\",\"author\":{\"@id\":\"https:\\\/\\\/www.bbmnoticias.com\\\/labravaradiofm\\\/#\\\/schema\\\/person\\\/68a9e9036ef3c5b55aeb2b71dc8bab45\"},\"breadcrumb\":{\"@id\":\"https:\\\/\\\/www.bbmnoticias.com\\\/labravaradiofm\\\/2023\\\/02\\\/15\\\/lleva-sso-jornada-ninas-y-ninos-agentes-de-la-salud-a-santiago-ixtaltepec\\\/#breadcrumb\"},\"inLanguage\":\"es\",\"potentialAction\":[{\"@type\":\"ReadAction\",\"target\":[\"https:\\\/\\\/www.bbmnoticias.com\\\/labravaradiofm\\\/2023\\\/02\\\/15\\\/lleva-sso-jornada-ninas-y-ninos-agentes-de-la-salud-a-santiago-ixtaltepec\\\/\"]}]},{\"@type\":\"ImageObject\",\"inLanguage\":\"es\",\"@id\":\"https:\\\/\\\/www.bbmnoticias.com\\\/labravaradiofm\\\/2023\\\/02\\\/15\\\/lleva-sso-jornada-ninas-y-ninos-agentes-de-la-salud-a-santiago-ixtaltepec\\\/#primaryimage\",\"url\":\"https:\\\/\\\/www.bbmnoticias.com\\\/labravaradiofm\\\/wp-content\\\/uploads\\\/sites\\\/5\\\/2023\\\/02\\\/sso-oaxaca.jpg\",\"contentUrl\":\"https:\\\/\\\/www.bbmnoticias.com\\\/labravaradiofm\\\/wp-content\\\/uploads\\\/sites\\\/5\\\/2023\\\/02\\\/sso-oaxaca.jpg\",\"width\":800,\"height\":450},{\"@type\":\"BreadcrumbList\",\"@id\":\"https:\\\/\\\/www.bbmnoticias.com\\\/labravaradiofm\\\/2023\\\/02\\\/15\\\/lleva-sso-jornada-ninas-y-ninos-agentes-de-la-salud-a-santiago-ixtaltepec\\\/#breadcrumb\",\"itemListElement\":[{\"@type\":\"ListItem\",\"position\":1,\"name\":\"Inicio\",\"item\":\"https:\\\/\\\/www.bbmnoticias.com\\\/labravaradiofm\\\/\"},{\"@type\":\"ListItem\",\"position\":2,\"name\":\"Lleva SSO Jornada \u201cNi\u00f1as y ni\u00f1os agentes de la salud\u201d a Santiago Ixtaltepec\"}]},{\"@type\":\"WebSite\",\"@id\":\"https:\\\/\\\/www.bbmnoticias.com\\\/labravaradiofm\\\/#website\",\"url\":\"https:\\\/\\\/www.bbmnoticias.com\\\/labravaradiofm\\\/\",\"name\":\"LA BRAVA RADIO\",\"description\":\"Empresa productora de medios, Radiodifusi\u00f3n, Noticias, tendencias y todo lo que necesitas saber de la pol\u00edtica mexicana e internacional; entretenimiento, espect\u00e1culos, salud y mucho m\u00e1s.\",\"potentialAction\":[{\"@type\":\"SearchAction\",\"target\":{\"@type\":\"EntryPoint\",\"urlTemplate\":\"https:\\\/\\\/www.bbmnoticias.com\\\/labravaradiofm\\\/?s={search_term_string}\"},\"query-input\":{\"@type\":\"PropertyValueSpecification\",\"valueRequired\":true,\"valueName\":\"search_term_string\"}}],\"inLanguage\":\"es\"},{\"@type\":\"Person\",\"@id\":\"https:\\\/\\\/www.bbmnoticias.com\\\/labravaradiofm\\\/#\\\/schema\\\/person\\\/68a9e9036ef3c5b55aeb2b71dc8bab45\",\"name\":\"Staff\",\"image\":{\"@type\":\"ImageObject\",\"inLanguage\":\"es\",\"@id\":\"https:\\\/\\\/secure.gravatar.com\\\/avatar\\\/fdd21ad66fd8b98c407f9dee5b5e588cfe7f0d8579ec20fa6527cd59bab7f0f0?s=96&d=mm&r=g\",\"url\":\"https:\\\/\\\/secure.gravatar.com\\\/avatar\\\/fdd21ad66fd8b98c407f9dee5b5e588cfe7f0d8579ec20fa6527cd59bab7f0f0?s=96&d=mm&r=g\",\"contentUrl\":\"https:\\\/\\\/secure.gravatar.com\\\/avatar\\\/fdd21ad66fd8b98c407f9dee5b5e588cfe7f0d8579ec20fa6527cd59bab7f0f0?s=96&d=mm&r=g\",\"caption\":\"Staff\"},\"url\":\"https:\\\/\\\/www.bbmnoticias.com\\\/labravaradiofm\\\/author\\\/redaccion\\\/\"}]}<\/script>\n<!-- \/ Yoast SEO plugin. -->","yoast_head_json":{"title":"Lleva SSO Jornada \u201cNi\u00f1as y ni\u00f1os agentes de la salud\u201d a Santiago Ixtaltepec - LA BRAVA RADIO","robots":{"index":"index","follow":"follow","max-snippet":"max-snippet:-1","max-image-preview":"max-image-preview:large","max-video-preview":"max-video-preview:-1"},"canonical":"https:\/\/www.bbmnoticias.com\/labravaradiofm\/2023\/02\/15\/lleva-sso-jornada-ninas-y-ninos-agentes-de-la-salud-a-santiago-ixtaltepec\/","og_locale":"es_MX","og_type":"article","og_title":"Lleva SSO Jornada \u201cNi\u00f1as y ni\u00f1os agentes de la salud\u201d a Santiago Ixtaltepec - LA BRAVA RADIO","og_description":"Teotitl\u00e1n del Valle, Oax., 15 de febrero de 2023.- El Gobierno del Estado a trav\u00e9s de los Servicios de Salud de Oaxaca (SSO) llev\u00f3 a cabo la segunda Jornada \u201cNi\u00f1as y ni\u00f1os agentes de la salud\u201d en la localidad de Santiago Ixtaltepec perteneciente a Teotitl\u00e1n del Valle. La salud, el correcto crecimiento y desarrollo escolar [&hellip;]","og_url":"https:\/\/www.bbmnoticias.com\/labravaradiofm\/2023\/02\/15\/lleva-sso-jornada-ninas-y-ninos-agentes-de-la-salud-a-santiago-ixtaltepec\/","og_site_name":"LA BRAVA RADIO","article_published_time":"2023-02-15T21:30:02+00:00","article_modified_time":"2023-02-15T21:30:04+00:00","og_image":[{"width":800,"height":450,"url":"https:\/\/www.bbmnoticias.com\/labravaradiofm\/wp-content\/uploads\/sites\/5\/2023\/02\/sso-oaxaca.jpg","type":"image\/jpeg"}],"author":"Staff","twitter_card":"summary_large_image","twitter_misc":{"Escrito por":"Staff","Tiempo de lectura":"2 minutos"},"schema":{"@context":"https:\/\/schema.org","@graph":[{"@type":"Article","@id":"https:\/\/www.bbmnoticias.com\/labravaradiofm\/2023\/02\/15\/lleva-sso-jornada-ninas-y-ninos-agentes-de-la-salud-a-santiago-ixtaltepec\/#article","isPartOf":{"@id":"https:\/\/www.bbmnoticias.com\/labravaradiofm\/2023\/02\/15\/lleva-sso-jornada-ninas-y-ninos-agentes-de-la-salud-a-santiago-ixtaltepec\/"},"author":{"name":"Staff","@id":"https:\/\/www.bbmnoticias.com\/labravaradiofm\/#\/schema\/person\/68a9e9036ef3c5b55aeb2b71dc8bab45"},"headline":"Lleva SSO Jornada \u201cNi\u00f1as y ni\u00f1os agentes de la salud\u201d a Santiago Ixtaltepec","datePublished":"2023-02-15T21:30:02+00:00","dateModified":"2023-02-15T21:30:04+00:00","mainEntityOfPage":{"@id":"https:\/\/www.bbmnoticias.com\/labravaradiofm\/2023\/02\/15\/lleva-sso-jornada-ninas-y-ninos-agentes-de-la-salud-a-santiago-ixtaltepec\/"},"wordCount":381,"image":{"@id":"https:\/\/www.bbmnoticias.com\/labravaradiofm\/2023\/02\/15\/lleva-sso-jornada-ninas-y-ninos-agentes-de-la-salud-a-santiago-ixtaltepec\/#primaryimage"},"thumbnailUrl":"https:\/\/www.bbmnoticias.com\/labravaradiofm\/wp-content\/uploads\/sites\/5\/2023\/02\/sso-oaxaca.jpg","articleSection":["LOCAL"],"inLanguage":"es"},{"@type":"WebPage","@id":"https:\/\/www.bbmnoticias.com\/labravaradiofm\/2023\/02\/15\/lleva-sso-jornada-ninas-y-ninos-agentes-de-la-salud-a-santiago-ixtaltepec\/","url":"https:\/\/www.bbmnoticias.com\/labravaradiofm\/2023\/02\/15\/lleva-sso-jornada-ninas-y-ninos-agentes-de-la-salud-a-santiago-ixtaltepec\/","name":"Lleva SSO Jornada \u201cNi\u00f1as y ni\u00f1os agentes de la salud\u201d a Santiago Ixtaltepec - LA BRAVA RADIO","isPartOf":{"@id":"https:\/\/www.bbmnoticias.com\/labravaradiofm\/#website"},"primaryImageOfPage":{"@id":"https:\/\/www.bbmnoticias.com\/labravaradiofm\/2023\/02\/15\/lleva-sso-jornada-ninas-y-ninos-agentes-de-la-salud-a-santiago-ixtaltepec\/#primaryimage"},"image":{"@id":"https:\/\/www.bbmnoticias.com\/labravaradiofm\/2023\/02\/15\/lleva-sso-jornada-ninas-y-ninos-agentes-de-la-salud-a-santiago-ixtaltepec\/#primaryimage"},"thumbnailUrl":"https:\/\/www.bbmnoticias.com\/labravaradiofm\/wp-content\/uploads\/sites\/5\/2023\/02\/sso-oaxaca.jpg","datePublished":"2023-02-15T21:30:02+00:00","dateModified":"2023-02-15T21:30:04+00:00","author":{"@id":"https:\/\/www.bbmnoticias.com\/labravaradiofm\/#\/schema\/person\/68a9e9036ef3c5b55aeb2b71dc8bab45"},"breadcrumb":{"@id":"https:\/\/www.bbmnoticias.com\/labravaradiofm\/2023\/02\/15\/lleva-sso-jornada-ninas-y-ninos-agentes-de-la-salud-a-santiago-ixtaltepec\/#breadcrumb"},"inLanguage":"es","potentialAction":[{"@type":"ReadAction","target":["https:\/\/www.bbmnoticias.com\/labravaradiofm\/2023\/02\/15\/lleva-sso-jornada-ninas-y-ninos-agentes-de-la-salud-a-santiago-ixtaltepec\/"]}]},{"@type":"ImageObject","inLanguage":"es","@id":"https:\/\/www.bbmnoticias.com\/labravaradiofm\/2023\/02\/15\/lleva-sso-jornada-ninas-y-ninos-agentes-de-la-salud-a-santiago-ixtaltepec\/#primaryimage","url":"https:\/\/www.bbmnoticias.com\/labravaradiofm\/wp-content\/uploads\/sites\/5\/2023\/02\/sso-oaxaca.jpg","contentUrl":"https:\/\/www.bbmnoticias.com\/labravaradiofm\/wp-content\/uploads\/sites\/5\/2023\/02\/sso-oaxaca.jpg","width":800,"height":450},{"@type":"BreadcrumbList","@id":"https:\/\/www.bbmnoticias.com\/labravaradiofm\/2023\/02\/15\/lleva-sso-jornada-ninas-y-ninos-agentes-de-la-salud-a-santiago-ixtaltepec\/#breadcrumb","itemListElement":[{"@type":"ListItem","position":1,"name":"Inicio","item":"https:\/\/www.bbmnoticias.com\/labravaradiofm\/"},{"@type":"ListItem","position":2,"name":"Lleva SSO Jornada \u201cNi\u00f1as y ni\u00f1os agentes de la salud\u201d a Santiago Ixtaltepec"}]},{"@type":"WebSite","@id":"https:\/\/www.bbmnoticias.com\/labravaradiofm\/#website","url":"https:\/\/www.bbmnoticias.com\/labravaradiofm\/","name":"LA BRAVA RADIO","description":"Empresa productora de medios, Radiodifusi\u00f3n, Noticias, tendencias y todo lo que necesitas saber de la pol\u00edtica mexicana e internacional; entretenimiento, espect\u00e1culos, salud y mucho m\u00e1s.","potentialAction":[{"@type":"SearchAction","target":{"@type":"EntryPoint","urlTemplate":"https:\/\/www.bbmnoticias.com\/labravaradiofm\/?s={search_term_string}"},"query-input":{"@type":"PropertyValueSpecification","valueRequired":true,"valueName":"search_term_string"}}],"inLanguage":"es"},{"@type":"Person","@id":"https:\/\/www.bbmnoticias.com\/labravaradiofm\/#\/schema\/person\/68a9e9036ef3c5b55aeb2b71dc8bab45","name":"Staff","image":{"@type":"ImageObject","inLanguage":"es","@id":"https:\/\/secure.gravatar.com\/avatar\/fdd21ad66fd8b98c407f9dee5b5e588cfe7f0d8579ec20fa6527cd59bab7f0f0?s=96&d=mm&r=g","url":"https:\/\/secure.gravatar.com\/avatar\/fdd21ad66fd8b98c407f9dee5b5e588cfe7f0d8579ec20fa6527cd59bab7f0f0?s=96&d=mm&r=g","contentUrl":"https:\/\/secure.gravatar.com\/avatar\/fdd21ad66fd8b98c407f9dee5b5e588cfe7f0d8579ec20fa6527cd59bab7f0f0?s=96&d=mm&r=g","caption":"Staff"},"url":"https:\/\/www.bbmnoticias.com\/labravaradiofm\/author\/redaccion\/"}]}},"_links":{"self":[{"href":"https:\/\/www.bbmnoticias.com\/labravaradiofm\/wp-json\/wp\/v2\/posts\/23615","targetHints":{"allow":["GET"]}}],"collection":[{"href":"https:\/\/www.bbmnoticias.com\/labravaradiofm\/wp-json\/wp\/v2\/posts"}],"about":[{"href":"https:\/\/www.bbmnoticias.com\/labravaradiofm\/wp-json\/wp\/v2\/types\/post"}],"author":[{"embeddable":true,"href":"https:\/\/www.bbmnoticias.com\/labravaradiofm\/wp-json\/wp\/v2\/users\/2"}],"replies":[{"embeddable":true,"href":"https:\/\/www.bbmnoticias.com\/labravaradiofm\/wp-json\/wp\/v2\/comments?post=23615"}],"version-history":[{"count":0,"href":"https:\/\/www.bbmnoticias.com\/labravaradiofm\/wp-json\/wp\/v2\/posts\/23615\/revisions"}],"wp:featuredmedia":[{"embeddable":true,"href":"https:\/\/www.bbmnoticias.com\/labravaradiofm\/wp-json\/wp\/v2\/media\/23616"}],"wp:attachment":[{"href":"https:\/\/www.bbmnoticias.com\/labravaradiofm\/wp-json\/wp\/v2\/media?parent=23615"}],"wp:term":[{"taxonomy":"category","embeddable":true,"href":"https:\/\/www.bbmnoticias.com\/labravaradiofm\/wp-json\/wp\/v2\/categories?post=23615"},{"taxonomy":"post_tag","embeddable":true,"href":"https:\/\/www.bbmnoticias.com\/labravaradiofm\/wp-json\/wp\/v2\/tags?post=23615"}],"curies":[{"name":"wp","href":"https:\/\/api.w.org\/{rel}","templated":true}]}}