{"id":23565,"date":"2023-02-14T11:43:06","date_gmt":"2023-02-14T17:43:06","guid":{"rendered":"https:\/\/www.bbmnoticias.com\/labravaradiofm\/?p=23565"},"modified":"2023-02-14T11:43:08","modified_gmt":"2023-02-14T17:43:08","slug":"egresan-exitosamente-especialistas-del-hospital-aurelio-valdivieso-sso","status":"publish","type":"post","link":"https:\/\/www.bbmnoticias.com\/labravaradiofm\/2023\/02\/14\/egresan-exitosamente-especialistas-del-hospital-aurelio-valdivieso-sso\/","title":{"rendered":"Egresan exitosamente especialistas del hospital \u201cAurelio Valdivieso\u201d: SSO"},"content":{"rendered":"<div style=\"margin-top: 0px; margin-bottom: 0px;\" class=\"sharethis-inline-share-buttons\" ><\/div>\n<ul class=\"wp-block-list\">\n<li><em>Se graduaron 22 personas en diferentes especialidades m\u00e9dicas, y por primera vez, dos de ellas en <\/em><em>neonatolog\u00eda<\/em><\/li>\n<\/ul>\n\n\n\n<p><strong>Oaxaca de Ju\u00e1rez, Oax. 14 de febrero de 2023<\/strong>.- Una nueva generaci\u00f3n conformada por 22 especialistas en distintas ramas de la medicina concluyeron exitosamente su etapa de formaci\u00f3n de especialidad en el hospital General \u201cDoctor Aurelio Valdivieso\u201d de los Servicios de Salud de Oaxaca (SSO),&nbsp;unidad m\u00e9dica que se ha consolidado como una instituci\u00f3n escuela, formadora de generaciones de profesionistas de alta calidad.<\/p>\n\n\n\n<p>En representaci\u00f3n de la titular de los SSO, Alma Lilia Velasco Hern\u00e1ndez, el director de Ense\u00f1anza, Innovaci\u00f3n y Calidad de la instituci\u00f3n, Alejandro Bautista L\u00f3pez, felicit\u00f3 a las y los egresados dese\u00e1ndoles \u00e9xito en su vida profesional, asimismo les invit\u00f3 a contribuir en el desarrollo y el cuidado del bienestar de las familias oaxaque\u00f1as.<\/p>\n\n\n\n<p>Destac\u00f3 que de las 22 personas egresadas, una concluy\u00f3 la especialidad en cirug\u00eda general,&nbsp;cinco en ginecolog\u00eda y obstetricia, una en medicina interna, una en traumatolog\u00eda y ortopedia, seis en anestesiolog\u00eda, cinco en pediatr\u00eda, dos en urgencias m\u00e9dico-quir\u00fargicas, y por primera vez el hospital celebra la graduaci\u00f3n de una nueva generaci\u00f3n de dos especialistas en neonatolog\u00eda.<\/p>\n\n\n\n<p>En este sentido, reconoci\u00f3 la gran aportaci\u00f3n que realiza el profesorado titular y adjunto de este centro m\u00e9dico, en la formaci\u00f3n de las y los profesionales de la medicina.<\/p>\n\n\n\n<p>Durante su intervenci\u00f3n, Bautista L\u00f3pez, les exhort\u00f3 a poner en alto el nombre de la instituci\u00f3n, pero sobre todo a ofrecer servicios m\u00e9dicos de calidad, seguridad y trata humano a la sociedad en general.<\/p>\n\n\n\n<p>Por su parte, la directora del hospital \u201cDoctor Aurelio Valdivieso\u201d, Concepci\u00f3n Roc\u00edo Arias Cruz, extern\u00f3 su benepl\u00e1cito por haber cumplido una vez m\u00e1s con el compromiso asumido con la poblaci\u00f3n, de forjar m\u00e9dicos especialistas comprometidos con su profesi\u00f3n, pero sobre todo altamente preparados para atender las necesidades de salud del pueblo de Oaxaca.&nbsp;<\/p>\n\n\n\n<p>A nombre de la generaci\u00f3n, el m\u00e9dico especialista egresado Esteban William Avenda\u00f1o Mart\u00ednez, agradeci\u00f3 el apoyo que recibi\u00f3 durante su formaci\u00f3n, as\u00ed como a todo el personal que d\u00eda a d\u00eda da su mayor esfuerzo en la unidad hospitalaria, y de la cual \u201cnos sentimos orgullosos\u201d.<\/p>\n\n\n\n<p>Finalmente, reconoci\u00f3 a las y los profesionales de la salud de esta unidad hospitalaria, \u201cpor su acto generoso de educarnos todos los d\u00edas, nuestro respeto y admiraci\u00f3n, no tengan duda de que pondremos en marcha las ense\u00f1anzas recibidas y sobre todo velaremos por la salud de la poblaci\u00f3n con los conocimientos adquiridos\u201d.<\/p>\n\n\n\n<p>Cabe destacar que durante la ceremonia se cont\u00f3 con la presencia de la directora de la Facultad de Medicina y Cirug\u00eda de la (UABJO), Martha Silvia Mart\u00ednez Luna, as\u00ed como familiares y amistades, quienes acompa\u00f1aron a la nueva generaci\u00f3n de profesionales de la salud.<\/p>\n","protected":false},"excerpt":{"rendered":"<p>Oaxaca de Ju\u00e1rez, Oax. 14 de febrero de 2023.- Una nueva generaci\u00f3n conformada por 22 especialistas en distintas ramas de la medicina concluyeron exitosamente su etapa de formaci\u00f3n de especialidad en el hospital General \u201cDoctor Aurelio Valdivieso\u201d de los Servicios de Salud de Oaxaca (SSO),&nbsp;unidad m\u00e9dica que se ha consolidado como una instituci\u00f3n escuela, formadora [&hellip;]<\/p>\n","protected":false},"author":2,"featured_media":23566,"comment_status":"closed","ping_status":"closed","sticky":false,"template":"","format":"standard","meta":{"footnotes":""},"categories":[2],"tags":[],"class_list":{"0":"post-23565","1":"post","2":"type-post","3":"status-publish","4":"format-standard","5":"has-post-thumbnail","7":"category-oaxaca"},"yoast_head":"<!-- This site is optimized with the Yoast SEO plugin v27.4 - https:\/\/yoast.com\/product\/yoast-seo-wordpress\/ -->\n<title>Egresan exitosamente especialistas del hospital \u201cAurelio Valdivieso\u201d: SSO - LA BRAVA RADIO<\/title>\n<meta name=\"robots\" content=\"index, follow, max-snippet:-1, max-image-preview:large, max-video-preview:-1\" \/>\n<link rel=\"canonical\" href=\"https:\/\/www.bbmnoticias.com\/labravaradiofm\/2023\/02\/14\/egresan-exitosamente-especialistas-del-hospital-aurelio-valdivieso-sso\/\" \/>\n<meta property=\"og:locale\" content=\"es_MX\" \/>\n<meta property=\"og:type\" content=\"article\" \/>\n<meta property=\"og:title\" content=\"Egresan exitosamente especialistas del hospital \u201cAurelio Valdivieso\u201d: SSO - LA BRAVA RADIO\" \/>\n<meta property=\"og:description\" content=\"Oaxaca de Ju\u00e1rez, Oax. 14 de febrero de 2023.- Una nueva generaci\u00f3n conformada por 22 especialistas en distintas ramas de la medicina concluyeron exitosamente su etapa de formaci\u00f3n de especialidad en el hospital General \u201cDoctor Aurelio Valdivieso\u201d de los Servicios de Salud de Oaxaca (SSO),&nbsp;unidad m\u00e9dica que se ha consolidado como una instituci\u00f3n escuela, formadora [&hellip;]\" \/>\n<meta property=\"og:url\" content=\"https:\/\/www.bbmnoticias.com\/labravaradiofm\/2023\/02\/14\/egresan-exitosamente-especialistas-del-hospital-aurelio-valdivieso-sso\/\" \/>\n<meta property=\"og:site_name\" content=\"LA BRAVA RADIO\" \/>\n<meta property=\"article:published_time\" content=\"2023-02-14T17:43:06+00:00\" \/>\n<meta property=\"article:modified_time\" content=\"2023-02-14T17:43:08+00:00\" \/>\n<meta property=\"og:image\" content=\"https:\/\/www.bbmnoticias.com\/labravaradiofm\/wp-content\/uploads\/sites\/5\/2023\/02\/especialistas-valdivieso.jpg\" \/>\n\t<meta property=\"og:image:width\" content=\"1280\" \/>\n\t<meta property=\"og:image:height\" content=\"636\" \/>\n\t<meta property=\"og:image:type\" content=\"image\/jpeg\" \/>\n<meta name=\"author\" content=\"Staff\" \/>\n<meta name=\"twitter:card\" content=\"summary_large_image\" \/>\n<meta name=\"twitter:label1\" content=\"Escrito por\" \/>\n\t<meta name=\"twitter:data1\" content=\"Staff\" \/>\n\t<meta name=\"twitter:label2\" content=\"Tiempo de lectura\" \/>\n\t<meta name=\"twitter:data2\" content=\"3 minutos\" \/>\n<script type=\"application\/ld+json\" class=\"yoast-schema-graph\">{\"@context\":\"https:\\\/\\\/schema.org\",\"@graph\":[{\"@type\":\"Article\",\"@id\":\"https:\\\/\\\/www.bbmnoticias.com\\\/labravaradiofm\\\/2023\\\/02\\\/14\\\/egresan-exitosamente-especialistas-del-hospital-aurelio-valdivieso-sso\\\/#article\",\"isPartOf\":{\"@id\":\"https:\\\/\\\/www.bbmnoticias.com\\\/labravaradiofm\\\/2023\\\/02\\\/14\\\/egresan-exitosamente-especialistas-del-hospital-aurelio-valdivieso-sso\\\/\"},\"author\":{\"name\":\"Staff\",\"@id\":\"https:\\\/\\\/www.bbmnoticias.com\\\/labravaradiofm\\\/#\\\/schema\\\/person\\\/68a9e9036ef3c5b55aeb2b71dc8bab45\"},\"headline\":\"Egresan exitosamente especialistas del hospital \u201cAurelio Valdivieso\u201d: SSO\",\"datePublished\":\"2023-02-14T17:43:06+00:00\",\"dateModified\":\"2023-02-14T17:43:08+00:00\",\"mainEntityOfPage\":{\"@id\":\"https:\\\/\\\/www.bbmnoticias.com\\\/labravaradiofm\\\/2023\\\/02\\\/14\\\/egresan-exitosamente-especialistas-del-hospital-aurelio-valdivieso-sso\\\/\"},\"wordCount\":509,\"image\":{\"@id\":\"https:\\\/\\\/www.bbmnoticias.com\\\/labravaradiofm\\\/2023\\\/02\\\/14\\\/egresan-exitosamente-especialistas-del-hospital-aurelio-valdivieso-sso\\\/#primaryimage\"},\"thumbnailUrl\":\"https:\\\/\\\/www.bbmnoticias.com\\\/labravaradiofm\\\/wp-content\\\/uploads\\\/sites\\\/5\\\/2023\\\/02\\\/especialistas-valdivieso.jpg\",\"articleSection\":[\"LOCAL\"],\"inLanguage\":\"es\"},{\"@type\":\"WebPage\",\"@id\":\"https:\\\/\\\/www.bbmnoticias.com\\\/labravaradiofm\\\/2023\\\/02\\\/14\\\/egresan-exitosamente-especialistas-del-hospital-aurelio-valdivieso-sso\\\/\",\"url\":\"https:\\\/\\\/www.bbmnoticias.com\\\/labravaradiofm\\\/2023\\\/02\\\/14\\\/egresan-exitosamente-especialistas-del-hospital-aurelio-valdivieso-sso\\\/\",\"name\":\"Egresan exitosamente especialistas del hospital \u201cAurelio Valdivieso\u201d: SSO - LA BRAVA RADIO\",\"isPartOf\":{\"@id\":\"https:\\\/\\\/www.bbmnoticias.com\\\/labravaradiofm\\\/#website\"},\"primaryImageOfPage\":{\"@id\":\"https:\\\/\\\/www.bbmnoticias.com\\\/labravaradiofm\\\/2023\\\/02\\\/14\\\/egresan-exitosamente-especialistas-del-hospital-aurelio-valdivieso-sso\\\/#primaryimage\"},\"image\":{\"@id\":\"https:\\\/\\\/www.bbmnoticias.com\\\/labravaradiofm\\\/2023\\\/02\\\/14\\\/egresan-exitosamente-especialistas-del-hospital-aurelio-valdivieso-sso\\\/#primaryimage\"},\"thumbnailUrl\":\"https:\\\/\\\/www.bbmnoticias.com\\\/labravaradiofm\\\/wp-content\\\/uploads\\\/sites\\\/5\\\/2023\\\/02\\\/especialistas-valdivieso.jpg\",\"datePublished\":\"2023-02-14T17:43:06+00:00\",\"dateModified\":\"2023-02-14T17:43:08+00:00\",\"author\":{\"@id\":\"https:\\\/\\\/www.bbmnoticias.com\\\/labravaradiofm\\\/#\\\/schema\\\/person\\\/68a9e9036ef3c5b55aeb2b71dc8bab45\"},\"breadcrumb\":{\"@id\":\"https:\\\/\\\/www.bbmnoticias.com\\\/labravaradiofm\\\/2023\\\/02\\\/14\\\/egresan-exitosamente-especialistas-del-hospital-aurelio-valdivieso-sso\\\/#breadcrumb\"},\"inLanguage\":\"es\",\"potentialAction\":[{\"@type\":\"ReadAction\",\"target\":[\"https:\\\/\\\/www.bbmnoticias.com\\\/labravaradiofm\\\/2023\\\/02\\\/14\\\/egresan-exitosamente-especialistas-del-hospital-aurelio-valdivieso-sso\\\/\"]}]},{\"@type\":\"ImageObject\",\"inLanguage\":\"es\",\"@id\":\"https:\\\/\\\/www.bbmnoticias.com\\\/labravaradiofm\\\/2023\\\/02\\\/14\\\/egresan-exitosamente-especialistas-del-hospital-aurelio-valdivieso-sso\\\/#primaryimage\",\"url\":\"https:\\\/\\\/www.bbmnoticias.com\\\/labravaradiofm\\\/wp-content\\\/uploads\\\/sites\\\/5\\\/2023\\\/02\\\/especialistas-valdivieso.jpg\",\"contentUrl\":\"https:\\\/\\\/www.bbmnoticias.com\\\/labravaradiofm\\\/wp-content\\\/uploads\\\/sites\\\/5\\\/2023\\\/02\\\/especialistas-valdivieso.jpg\",\"width\":1280,\"height\":636},{\"@type\":\"BreadcrumbList\",\"@id\":\"https:\\\/\\\/www.bbmnoticias.com\\\/labravaradiofm\\\/2023\\\/02\\\/14\\\/egresan-exitosamente-especialistas-del-hospital-aurelio-valdivieso-sso\\\/#breadcrumb\",\"itemListElement\":[{\"@type\":\"ListItem\",\"position\":1,\"name\":\"Inicio\",\"item\":\"https:\\\/\\\/www.bbmnoticias.com\\\/labravaradiofm\\\/\"},{\"@type\":\"ListItem\",\"position\":2,\"name\":\"Egresan exitosamente especialistas del hospital \u201cAurelio Valdivieso\u201d: SSO\"}]},{\"@type\":\"WebSite\",\"@id\":\"https:\\\/\\\/www.bbmnoticias.com\\\/labravaradiofm\\\/#website\",\"url\":\"https:\\\/\\\/www.bbmnoticias.com\\\/labravaradiofm\\\/\",\"name\":\"LA BRAVA RADIO\",\"description\":\"Empresa productora de medios, Radiodifusi\u00f3n, Noticias, tendencias y todo lo que necesitas saber de la pol\u00edtica mexicana e internacional; entretenimiento, espect\u00e1culos, salud y mucho m\u00e1s.\",\"potentialAction\":[{\"@type\":\"SearchAction\",\"target\":{\"@type\":\"EntryPoint\",\"urlTemplate\":\"https:\\\/\\\/www.bbmnoticias.com\\\/labravaradiofm\\\/?s={search_term_string}\"},\"query-input\":{\"@type\":\"PropertyValueSpecification\",\"valueRequired\":true,\"valueName\":\"search_term_string\"}}],\"inLanguage\":\"es\"},{\"@type\":\"Person\",\"@id\":\"https:\\\/\\\/www.bbmnoticias.com\\\/labravaradiofm\\\/#\\\/schema\\\/person\\\/68a9e9036ef3c5b55aeb2b71dc8bab45\",\"name\":\"Staff\",\"image\":{\"@type\":\"ImageObject\",\"inLanguage\":\"es\",\"@id\":\"https:\\\/\\\/secure.gravatar.com\\\/avatar\\\/fdd21ad66fd8b98c407f9dee5b5e588cfe7f0d8579ec20fa6527cd59bab7f0f0?s=96&d=mm&r=g\",\"url\":\"https:\\\/\\\/secure.gravatar.com\\\/avatar\\\/fdd21ad66fd8b98c407f9dee5b5e588cfe7f0d8579ec20fa6527cd59bab7f0f0?s=96&d=mm&r=g\",\"contentUrl\":\"https:\\\/\\\/secure.gravatar.com\\\/avatar\\\/fdd21ad66fd8b98c407f9dee5b5e588cfe7f0d8579ec20fa6527cd59bab7f0f0?s=96&d=mm&r=g\",\"caption\":\"Staff\"},\"url\":\"https:\\\/\\\/www.bbmnoticias.com\\\/labravaradiofm\\\/author\\\/redaccion\\\/\"}]}<\/script>\n<!-- \/ Yoast SEO plugin. -->","yoast_head_json":{"title":"Egresan exitosamente especialistas del hospital \u201cAurelio Valdivieso\u201d: SSO - LA BRAVA RADIO","robots":{"index":"index","follow":"follow","max-snippet":"max-snippet:-1","max-image-preview":"max-image-preview:large","max-video-preview":"max-video-preview:-1"},"canonical":"https:\/\/www.bbmnoticias.com\/labravaradiofm\/2023\/02\/14\/egresan-exitosamente-especialistas-del-hospital-aurelio-valdivieso-sso\/","og_locale":"es_MX","og_type":"article","og_title":"Egresan exitosamente especialistas del hospital \u201cAurelio Valdivieso\u201d: SSO - LA BRAVA RADIO","og_description":"Oaxaca de Ju\u00e1rez, Oax. 14 de febrero de 2023.- Una nueva generaci\u00f3n conformada por 22 especialistas en distintas ramas de la medicina concluyeron exitosamente su etapa de formaci\u00f3n de especialidad en el hospital General \u201cDoctor Aurelio Valdivieso\u201d de los Servicios de Salud de Oaxaca (SSO),&nbsp;unidad m\u00e9dica que se ha consolidado como una instituci\u00f3n escuela, formadora [&hellip;]","og_url":"https:\/\/www.bbmnoticias.com\/labravaradiofm\/2023\/02\/14\/egresan-exitosamente-especialistas-del-hospital-aurelio-valdivieso-sso\/","og_site_name":"LA BRAVA RADIO","article_published_time":"2023-02-14T17:43:06+00:00","article_modified_time":"2023-02-14T17:43:08+00:00","og_image":[{"width":1280,"height":636,"url":"https:\/\/www.bbmnoticias.com\/labravaradiofm\/wp-content\/uploads\/sites\/5\/2023\/02\/especialistas-valdivieso.jpg","type":"image\/jpeg"}],"author":"Staff","twitter_card":"summary_large_image","twitter_misc":{"Escrito por":"Staff","Tiempo de lectura":"3 minutos"},"schema":{"@context":"https:\/\/schema.org","@graph":[{"@type":"Article","@id":"https:\/\/www.bbmnoticias.com\/labravaradiofm\/2023\/02\/14\/egresan-exitosamente-especialistas-del-hospital-aurelio-valdivieso-sso\/#article","isPartOf":{"@id":"https:\/\/www.bbmnoticias.com\/labravaradiofm\/2023\/02\/14\/egresan-exitosamente-especialistas-del-hospital-aurelio-valdivieso-sso\/"},"author":{"name":"Staff","@id":"https:\/\/www.bbmnoticias.com\/labravaradiofm\/#\/schema\/person\/68a9e9036ef3c5b55aeb2b71dc8bab45"},"headline":"Egresan exitosamente especialistas del hospital \u201cAurelio Valdivieso\u201d: SSO","datePublished":"2023-02-14T17:43:06+00:00","dateModified":"2023-02-14T17:43:08+00:00","mainEntityOfPage":{"@id":"https:\/\/www.bbmnoticias.com\/labravaradiofm\/2023\/02\/14\/egresan-exitosamente-especialistas-del-hospital-aurelio-valdivieso-sso\/"},"wordCount":509,"image":{"@id":"https:\/\/www.bbmnoticias.com\/labravaradiofm\/2023\/02\/14\/egresan-exitosamente-especialistas-del-hospital-aurelio-valdivieso-sso\/#primaryimage"},"thumbnailUrl":"https:\/\/www.bbmnoticias.com\/labravaradiofm\/wp-content\/uploads\/sites\/5\/2023\/02\/especialistas-valdivieso.jpg","articleSection":["LOCAL"],"inLanguage":"es"},{"@type":"WebPage","@id":"https:\/\/www.bbmnoticias.com\/labravaradiofm\/2023\/02\/14\/egresan-exitosamente-especialistas-del-hospital-aurelio-valdivieso-sso\/","url":"https:\/\/www.bbmnoticias.com\/labravaradiofm\/2023\/02\/14\/egresan-exitosamente-especialistas-del-hospital-aurelio-valdivieso-sso\/","name":"Egresan exitosamente especialistas del hospital \u201cAurelio Valdivieso\u201d: SSO - LA BRAVA RADIO","isPartOf":{"@id":"https:\/\/www.bbmnoticias.com\/labravaradiofm\/#website"},"primaryImageOfPage":{"@id":"https:\/\/www.bbmnoticias.com\/labravaradiofm\/2023\/02\/14\/egresan-exitosamente-especialistas-del-hospital-aurelio-valdivieso-sso\/#primaryimage"},"image":{"@id":"https:\/\/www.bbmnoticias.com\/labravaradiofm\/2023\/02\/14\/egresan-exitosamente-especialistas-del-hospital-aurelio-valdivieso-sso\/#primaryimage"},"thumbnailUrl":"https:\/\/www.bbmnoticias.com\/labravaradiofm\/wp-content\/uploads\/sites\/5\/2023\/02\/especialistas-valdivieso.jpg","datePublished":"2023-02-14T17:43:06+00:00","dateModified":"2023-02-14T17:43:08+00:00","author":{"@id":"https:\/\/www.bbmnoticias.com\/labravaradiofm\/#\/schema\/person\/68a9e9036ef3c5b55aeb2b71dc8bab45"},"breadcrumb":{"@id":"https:\/\/www.bbmnoticias.com\/labravaradiofm\/2023\/02\/14\/egresan-exitosamente-especialistas-del-hospital-aurelio-valdivieso-sso\/#breadcrumb"},"inLanguage":"es","potentialAction":[{"@type":"ReadAction","target":["https:\/\/www.bbmnoticias.com\/labravaradiofm\/2023\/02\/14\/egresan-exitosamente-especialistas-del-hospital-aurelio-valdivieso-sso\/"]}]},{"@type":"ImageObject","inLanguage":"es","@id":"https:\/\/www.bbmnoticias.com\/labravaradiofm\/2023\/02\/14\/egresan-exitosamente-especialistas-del-hospital-aurelio-valdivieso-sso\/#primaryimage","url":"https:\/\/www.bbmnoticias.com\/labravaradiofm\/wp-content\/uploads\/sites\/5\/2023\/02\/especialistas-valdivieso.jpg","contentUrl":"https:\/\/www.bbmnoticias.com\/labravaradiofm\/wp-content\/uploads\/sites\/5\/2023\/02\/especialistas-valdivieso.jpg","width":1280,"height":636},{"@type":"BreadcrumbList","@id":"https:\/\/www.bbmnoticias.com\/labravaradiofm\/2023\/02\/14\/egresan-exitosamente-especialistas-del-hospital-aurelio-valdivieso-sso\/#breadcrumb","itemListElement":[{"@type":"ListItem","position":1,"name":"Inicio","item":"https:\/\/www.bbmnoticias.com\/labravaradiofm\/"},{"@type":"ListItem","position":2,"name":"Egresan exitosamente especialistas del hospital \u201cAurelio Valdivieso\u201d: SSO"}]},{"@type":"WebSite","@id":"https:\/\/www.bbmnoticias.com\/labravaradiofm\/#website","url":"https:\/\/www.bbmnoticias.com\/labravaradiofm\/","name":"LA BRAVA RADIO","description":"Empresa productora de medios, Radiodifusi\u00f3n, Noticias, tendencias y todo lo que necesitas saber de la pol\u00edtica mexicana e internacional; entretenimiento, espect\u00e1culos, salud y mucho m\u00e1s.","potentialAction":[{"@type":"SearchAction","target":{"@type":"EntryPoint","urlTemplate":"https:\/\/www.bbmnoticias.com\/labravaradiofm\/?s={search_term_string}"},"query-input":{"@type":"PropertyValueSpecification","valueRequired":true,"valueName":"search_term_string"}}],"inLanguage":"es"},{"@type":"Person","@id":"https:\/\/www.bbmnoticias.com\/labravaradiofm\/#\/schema\/person\/68a9e9036ef3c5b55aeb2b71dc8bab45","name":"Staff","image":{"@type":"ImageObject","inLanguage":"es","@id":"https:\/\/secure.gravatar.com\/avatar\/fdd21ad66fd8b98c407f9dee5b5e588cfe7f0d8579ec20fa6527cd59bab7f0f0?s=96&d=mm&r=g","url":"https:\/\/secure.gravatar.com\/avatar\/fdd21ad66fd8b98c407f9dee5b5e588cfe7f0d8579ec20fa6527cd59bab7f0f0?s=96&d=mm&r=g","contentUrl":"https:\/\/secure.gravatar.com\/avatar\/fdd21ad66fd8b98c407f9dee5b5e588cfe7f0d8579ec20fa6527cd59bab7f0f0?s=96&d=mm&r=g","caption":"Staff"},"url":"https:\/\/www.bbmnoticias.com\/labravaradiofm\/author\/redaccion\/"}]}},"_links":{"self":[{"href":"https:\/\/www.bbmnoticias.com\/labravaradiofm\/wp-json\/wp\/v2\/posts\/23565","targetHints":{"allow":["GET"]}}],"collection":[{"href":"https:\/\/www.bbmnoticias.com\/labravaradiofm\/wp-json\/wp\/v2\/posts"}],"about":[{"href":"https:\/\/www.bbmnoticias.com\/labravaradiofm\/wp-json\/wp\/v2\/types\/post"}],"author":[{"embeddable":true,"href":"https:\/\/www.bbmnoticias.com\/labravaradiofm\/wp-json\/wp\/v2\/users\/2"}],"replies":[{"embeddable":true,"href":"https:\/\/www.bbmnoticias.com\/labravaradiofm\/wp-json\/wp\/v2\/comments?post=23565"}],"version-history":[{"count":0,"href":"https:\/\/www.bbmnoticias.com\/labravaradiofm\/wp-json\/wp\/v2\/posts\/23565\/revisions"}],"wp:featuredmedia":[{"embeddable":true,"href":"https:\/\/www.bbmnoticias.com\/labravaradiofm\/wp-json\/wp\/v2\/media\/23566"}],"wp:attachment":[{"href":"https:\/\/www.bbmnoticias.com\/labravaradiofm\/wp-json\/wp\/v2\/media?parent=23565"}],"wp:term":[{"taxonomy":"category","embeddable":true,"href":"https:\/\/www.bbmnoticias.com\/labravaradiofm\/wp-json\/wp\/v2\/categories?post=23565"},{"taxonomy":"post_tag","embeddable":true,"href":"https:\/\/www.bbmnoticias.com\/labravaradiofm\/wp-json\/wp\/v2\/tags?post=23565"}],"curies":[{"name":"wp","href":"https:\/\/api.w.org\/{rel}","templated":true}]}}