{"id":23562,"date":"2023-02-14T11:38:29","date_gmt":"2023-02-14T17:38:29","guid":{"rendered":"https:\/\/www.bbmnoticias.com\/labravaradiofm\/?p=23562"},"modified":"2023-02-14T11:38:30","modified_gmt":"2023-02-14T17:38:30","slug":"reconoce-imss-oaxaca-a-su-personal-de-servicio-social-y-practicas-profesionales-2023","status":"publish","type":"post","link":"https:\/\/www.bbmnoticias.com\/labravaradiofm\/2023\/02\/14\/reconoce-imss-oaxaca-a-su-personal-de-servicio-social-y-practicas-profesionales-2023\/","title":{"rendered":"Reconoce IMSS Oaxaca a su personal de Servicio Social y Pr\u00e1cticas Profesionales 2023"},"content":{"rendered":"<div style=\"margin-top: 0px; margin-bottom: 0px;\" class=\"sharethis-inline-share-buttons\" ><\/div>\n<p>Con el objetivo de Impulsar y promover el programa de Servicio Social y Pr\u00e1cticas Profesionales 2023 para las \u00e1reas t\u00e9cnico &#8211; administrativas, entre las diferentes Instituciones Educativas de la ciudad y del interior del estado, para lograr la mayor cobertura posible de proyectos y espacios solicitados por cada una de las \u00e1reas usuarias Ordinario y Bienestar del OOAD Oaxaca, el IMSS hizo entrega de reconocimientos por desempe\u00f1o sobresaliente a 12 alumnos de Universidades.<\/p>\n\n\n\n<p>Durante una ceremonia efectuada en el auditorio del SNTSS, Secci\u00f3n XXVIII Oaxaca, se hizo extensivo el reconocimiento a los alumnos con calificaci\u00f3n sobresaliente por su desempe\u00f1o durante la realizaci\u00f3n de su Servicio Social y\/o Pr\u00e1cticas Profesionales 2022.<\/p>\n\n\n\n<p>De acuerdo con la titular de la Jefatura de Servicios de Desarrollo de Personal, Senorina Castro Moreno, se trata de establecer un acercamiento m\u00e1s efectivo con los directivos o personal de las Instituciones Educativas que son responsables del proceso de Servicio Social y\/o Pr\u00e1cticas Profesionales, lo que derivar\u00e1 en una mayor cobertura de espacios y proyectos solicitados por las jefaturas y coordinaciones del OOAD Oaxaca<\/p>\n\n\n\n<p>Con la representaci\u00f3n del titular del OOAD Oaxaca, doctor Julio Mercado Castruita, Castro Moreno, destac\u00f3 que se brindar\u00e1 todo el apoyo en las actividades diarias de las \u00e1reas usuarias de la delegaci\u00f3n Oaxaca, a trav\u00e9s de los prestadores de Servicio Social y Pr\u00e1cticas Profesionales.<\/p>\n\n\n\n<p>Asimismo, se motivar\u00e1 a que los alumnos a contin\u00faen realizando sus actividades con responsabilidad y compromiso a trav\u00e9s del reconocimiento por su buen desempe\u00f1o.<\/p>\n\n\n\n<p>Por su parte, Mar\u00eda del Pilar Ortega Garc\u00eda, encargada del Departamento de Capacitaci\u00f3n y Transparencia y Omar Arturo Santiago V\u00e1zquez, hicieron una exposici\u00f3n general del Programa y presentaci\u00f3n de resultados 2022, as\u00ed como el anuncio del programa 2023, en presencia de 17 representantes de instituciones educativas p\u00fablicas y privadas de nivel medio superior y superior.<\/p>\n\n\n\n<p>Finalmente, se hizo entrega de reconocimientos por desempe\u00f1o sobresaliente a 12 alumnos de las universidades: cinco del Centro de Bachillerato Tecnol\u00f3gico Industrial y de Servicios (CBTIS) No. 26; 3 de la Universidad Aut\u00f3noma Benito Ju\u00e1rez de Oaxaca (UABJO); 2 de la Universidad Vasconcelos (UNIVAS), 1 de la Universidad Regional del Sureste (URSE) y 1 de la Universidad de Estudios Superiores del Golfo de M\u00e9xico (UGMEX).<\/p>\n","protected":false},"excerpt":{"rendered":"<p>Con el objetivo de Impulsar y promover el programa de Servicio Social y Pr\u00e1cticas Profesionales 2023 para las \u00e1reas t\u00e9cnico &#8211; administrativas, entre las diferentes Instituciones Educativas de la ciudad y del interior del estado, para lograr la mayor cobertura posible de proyectos y espacios solicitados por cada una de las \u00e1reas usuarias Ordinario y [&hellip;]<\/p>\n","protected":false},"author":2,"featured_media":23563,"comment_status":"closed","ping_status":"closed","sticky":false,"template":"","format":"standard","meta":{"footnotes":""},"categories":[2],"tags":[],"class_list":{"0":"post-23562","1":"post","2":"type-post","3":"status-publish","4":"format-standard","5":"has-post-thumbnail","7":"category-oaxaca"},"yoast_head":"<!-- This site is optimized with the Yoast SEO plugin v27.4 - https:\/\/yoast.com\/product\/yoast-seo-wordpress\/ -->\n<title>Reconoce IMSS Oaxaca a su personal de Servicio Social y Pr\u00e1cticas Profesionales 2023 - LA BRAVA RADIO<\/title>\n<meta name=\"robots\" content=\"index, follow, max-snippet:-1, max-image-preview:large, max-video-preview:-1\" \/>\n<link rel=\"canonical\" href=\"https:\/\/www.bbmnoticias.com\/labravaradiofm\/2023\/02\/14\/reconoce-imss-oaxaca-a-su-personal-de-servicio-social-y-practicas-profesionales-2023\/\" \/>\n<meta property=\"og:locale\" content=\"es_MX\" \/>\n<meta property=\"og:type\" content=\"article\" \/>\n<meta property=\"og:title\" content=\"Reconoce IMSS Oaxaca a su personal de Servicio Social y Pr\u00e1cticas Profesionales 2023 - LA BRAVA RADIO\" \/>\n<meta property=\"og:description\" content=\"Con el objetivo de Impulsar y promover el programa de Servicio Social y Pr\u00e1cticas Profesionales 2023 para las \u00e1reas t\u00e9cnico &#8211; administrativas, entre las diferentes Instituciones Educativas de la ciudad y del interior del estado, para lograr la mayor cobertura posible de proyectos y espacios solicitados por cada una de las \u00e1reas usuarias Ordinario y [&hellip;]\" \/>\n<meta property=\"og:url\" content=\"https:\/\/www.bbmnoticias.com\/labravaradiofm\/2023\/02\/14\/reconoce-imss-oaxaca-a-su-personal-de-servicio-social-y-practicas-profesionales-2023\/\" \/>\n<meta property=\"og:site_name\" content=\"LA BRAVA RADIO\" \/>\n<meta property=\"article:published_time\" content=\"2023-02-14T17:38:29+00:00\" \/>\n<meta property=\"article:modified_time\" content=\"2023-02-14T17:38:30+00:00\" \/>\n<meta property=\"og:image\" content=\"https:\/\/www.bbmnoticias.com\/labravaradiofm\/wp-content\/uploads\/sites\/5\/2023\/02\/imss-oaxaca.jpg\" \/>\n\t<meta property=\"og:image:width\" content=\"764\" \/>\n\t<meta property=\"og:image:height\" content=\"433\" \/>\n\t<meta property=\"og:image:type\" content=\"image\/jpeg\" \/>\n<meta name=\"author\" content=\"Staff\" \/>\n<meta name=\"twitter:card\" content=\"summary_large_image\" \/>\n<meta name=\"twitter:label1\" content=\"Escrito por\" \/>\n\t<meta name=\"twitter:data1\" content=\"Staff\" \/>\n\t<meta name=\"twitter:label2\" content=\"Tiempo de lectura\" \/>\n\t<meta name=\"twitter:data2\" content=\"2 minutos\" \/>\n<script type=\"application\/ld+json\" class=\"yoast-schema-graph\">{\"@context\":\"https:\\\/\\\/schema.org\",\"@graph\":[{\"@type\":\"Article\",\"@id\":\"https:\\\/\\\/www.bbmnoticias.com\\\/labravaradiofm\\\/2023\\\/02\\\/14\\\/reconoce-imss-oaxaca-a-su-personal-de-servicio-social-y-practicas-profesionales-2023\\\/#article\",\"isPartOf\":{\"@id\":\"https:\\\/\\\/www.bbmnoticias.com\\\/labravaradiofm\\\/2023\\\/02\\\/14\\\/reconoce-imss-oaxaca-a-su-personal-de-servicio-social-y-practicas-profesionales-2023\\\/\"},\"author\":{\"name\":\"Staff\",\"@id\":\"https:\\\/\\\/www.bbmnoticias.com\\\/labravaradiofm\\\/#\\\/schema\\\/person\\\/68a9e9036ef3c5b55aeb2b71dc8bab45\"},\"headline\":\"Reconoce IMSS Oaxaca a su personal de Servicio Social y Pr\u00e1cticas Profesionales 2023\",\"datePublished\":\"2023-02-14T17:38:29+00:00\",\"dateModified\":\"2023-02-14T17:38:30+00:00\",\"mainEntityOfPage\":{\"@id\":\"https:\\\/\\\/www.bbmnoticias.com\\\/labravaradiofm\\\/2023\\\/02\\\/14\\\/reconoce-imss-oaxaca-a-su-personal-de-servicio-social-y-practicas-profesionales-2023\\\/\"},\"wordCount\":395,\"image\":{\"@id\":\"https:\\\/\\\/www.bbmnoticias.com\\\/labravaradiofm\\\/2023\\\/02\\\/14\\\/reconoce-imss-oaxaca-a-su-personal-de-servicio-social-y-practicas-profesionales-2023\\\/#primaryimage\"},\"thumbnailUrl\":\"https:\\\/\\\/www.bbmnoticias.com\\\/labravaradiofm\\\/wp-content\\\/uploads\\\/sites\\\/5\\\/2023\\\/02\\\/imss-oaxaca.jpg\",\"articleSection\":[\"LOCAL\"],\"inLanguage\":\"es\"},{\"@type\":\"WebPage\",\"@id\":\"https:\\\/\\\/www.bbmnoticias.com\\\/labravaradiofm\\\/2023\\\/02\\\/14\\\/reconoce-imss-oaxaca-a-su-personal-de-servicio-social-y-practicas-profesionales-2023\\\/\",\"url\":\"https:\\\/\\\/www.bbmnoticias.com\\\/labravaradiofm\\\/2023\\\/02\\\/14\\\/reconoce-imss-oaxaca-a-su-personal-de-servicio-social-y-practicas-profesionales-2023\\\/\",\"name\":\"Reconoce IMSS Oaxaca a su personal de Servicio Social y Pr\u00e1cticas Profesionales 2023 - LA BRAVA RADIO\",\"isPartOf\":{\"@id\":\"https:\\\/\\\/www.bbmnoticias.com\\\/labravaradiofm\\\/#website\"},\"primaryImageOfPage\":{\"@id\":\"https:\\\/\\\/www.bbmnoticias.com\\\/labravaradiofm\\\/2023\\\/02\\\/14\\\/reconoce-imss-oaxaca-a-su-personal-de-servicio-social-y-practicas-profesionales-2023\\\/#primaryimage\"},\"image\":{\"@id\":\"https:\\\/\\\/www.bbmnoticias.com\\\/labravaradiofm\\\/2023\\\/02\\\/14\\\/reconoce-imss-oaxaca-a-su-personal-de-servicio-social-y-practicas-profesionales-2023\\\/#primaryimage\"},\"thumbnailUrl\":\"https:\\\/\\\/www.bbmnoticias.com\\\/labravaradiofm\\\/wp-content\\\/uploads\\\/sites\\\/5\\\/2023\\\/02\\\/imss-oaxaca.jpg\",\"datePublished\":\"2023-02-14T17:38:29+00:00\",\"dateModified\":\"2023-02-14T17:38:30+00:00\",\"author\":{\"@id\":\"https:\\\/\\\/www.bbmnoticias.com\\\/labravaradiofm\\\/#\\\/schema\\\/person\\\/68a9e9036ef3c5b55aeb2b71dc8bab45\"},\"breadcrumb\":{\"@id\":\"https:\\\/\\\/www.bbmnoticias.com\\\/labravaradiofm\\\/2023\\\/02\\\/14\\\/reconoce-imss-oaxaca-a-su-personal-de-servicio-social-y-practicas-profesionales-2023\\\/#breadcrumb\"},\"inLanguage\":\"es\",\"potentialAction\":[{\"@type\":\"ReadAction\",\"target\":[\"https:\\\/\\\/www.bbmnoticias.com\\\/labravaradiofm\\\/2023\\\/02\\\/14\\\/reconoce-imss-oaxaca-a-su-personal-de-servicio-social-y-practicas-profesionales-2023\\\/\"]}]},{\"@type\":\"ImageObject\",\"inLanguage\":\"es\",\"@id\":\"https:\\\/\\\/www.bbmnoticias.com\\\/labravaradiofm\\\/2023\\\/02\\\/14\\\/reconoce-imss-oaxaca-a-su-personal-de-servicio-social-y-practicas-profesionales-2023\\\/#primaryimage\",\"url\":\"https:\\\/\\\/www.bbmnoticias.com\\\/labravaradiofm\\\/wp-content\\\/uploads\\\/sites\\\/5\\\/2023\\\/02\\\/imss-oaxaca.jpg\",\"contentUrl\":\"https:\\\/\\\/www.bbmnoticias.com\\\/labravaradiofm\\\/wp-content\\\/uploads\\\/sites\\\/5\\\/2023\\\/02\\\/imss-oaxaca.jpg\",\"width\":764,\"height\":433},{\"@type\":\"BreadcrumbList\",\"@id\":\"https:\\\/\\\/www.bbmnoticias.com\\\/labravaradiofm\\\/2023\\\/02\\\/14\\\/reconoce-imss-oaxaca-a-su-personal-de-servicio-social-y-practicas-profesionales-2023\\\/#breadcrumb\",\"itemListElement\":[{\"@type\":\"ListItem\",\"position\":1,\"name\":\"Inicio\",\"item\":\"https:\\\/\\\/www.bbmnoticias.com\\\/labravaradiofm\\\/\"},{\"@type\":\"ListItem\",\"position\":2,\"name\":\"Reconoce IMSS Oaxaca a su personal de Servicio Social y Pr\u00e1cticas Profesionales 2023\"}]},{\"@type\":\"WebSite\",\"@id\":\"https:\\\/\\\/www.bbmnoticias.com\\\/labravaradiofm\\\/#website\",\"url\":\"https:\\\/\\\/www.bbmnoticias.com\\\/labravaradiofm\\\/\",\"name\":\"LA BRAVA RADIO\",\"description\":\"Empresa productora de medios, Radiodifusi\u00f3n, Noticias, tendencias y todo lo que necesitas saber de la pol\u00edtica mexicana e internacional; entretenimiento, espect\u00e1culos, salud y mucho m\u00e1s.\",\"potentialAction\":[{\"@type\":\"SearchAction\",\"target\":{\"@type\":\"EntryPoint\",\"urlTemplate\":\"https:\\\/\\\/www.bbmnoticias.com\\\/labravaradiofm\\\/?s={search_term_string}\"},\"query-input\":{\"@type\":\"PropertyValueSpecification\",\"valueRequired\":true,\"valueName\":\"search_term_string\"}}],\"inLanguage\":\"es\"},{\"@type\":\"Person\",\"@id\":\"https:\\\/\\\/www.bbmnoticias.com\\\/labravaradiofm\\\/#\\\/schema\\\/person\\\/68a9e9036ef3c5b55aeb2b71dc8bab45\",\"name\":\"Staff\",\"image\":{\"@type\":\"ImageObject\",\"inLanguage\":\"es\",\"@id\":\"https:\\\/\\\/secure.gravatar.com\\\/avatar\\\/fdd21ad66fd8b98c407f9dee5b5e588cfe7f0d8579ec20fa6527cd59bab7f0f0?s=96&d=mm&r=g\",\"url\":\"https:\\\/\\\/secure.gravatar.com\\\/avatar\\\/fdd21ad66fd8b98c407f9dee5b5e588cfe7f0d8579ec20fa6527cd59bab7f0f0?s=96&d=mm&r=g\",\"contentUrl\":\"https:\\\/\\\/secure.gravatar.com\\\/avatar\\\/fdd21ad66fd8b98c407f9dee5b5e588cfe7f0d8579ec20fa6527cd59bab7f0f0?s=96&d=mm&r=g\",\"caption\":\"Staff\"},\"url\":\"https:\\\/\\\/www.bbmnoticias.com\\\/labravaradiofm\\\/author\\\/redaccion\\\/\"}]}<\/script>\n<!-- \/ Yoast SEO plugin. -->","yoast_head_json":{"title":"Reconoce IMSS Oaxaca a su personal de Servicio Social y Pr\u00e1cticas Profesionales 2023 - LA BRAVA RADIO","robots":{"index":"index","follow":"follow","max-snippet":"max-snippet:-1","max-image-preview":"max-image-preview:large","max-video-preview":"max-video-preview:-1"},"canonical":"https:\/\/www.bbmnoticias.com\/labravaradiofm\/2023\/02\/14\/reconoce-imss-oaxaca-a-su-personal-de-servicio-social-y-practicas-profesionales-2023\/","og_locale":"es_MX","og_type":"article","og_title":"Reconoce IMSS Oaxaca a su personal de Servicio Social y Pr\u00e1cticas Profesionales 2023 - LA BRAVA RADIO","og_description":"Con el objetivo de Impulsar y promover el programa de Servicio Social y Pr\u00e1cticas Profesionales 2023 para las \u00e1reas t\u00e9cnico &#8211; administrativas, entre las diferentes Instituciones Educativas de la ciudad y del interior del estado, para lograr la mayor cobertura posible de proyectos y espacios solicitados por cada una de las \u00e1reas usuarias Ordinario y [&hellip;]","og_url":"https:\/\/www.bbmnoticias.com\/labravaradiofm\/2023\/02\/14\/reconoce-imss-oaxaca-a-su-personal-de-servicio-social-y-practicas-profesionales-2023\/","og_site_name":"LA BRAVA RADIO","article_published_time":"2023-02-14T17:38:29+00:00","article_modified_time":"2023-02-14T17:38:30+00:00","og_image":[{"width":764,"height":433,"url":"https:\/\/www.bbmnoticias.com\/labravaradiofm\/wp-content\/uploads\/sites\/5\/2023\/02\/imss-oaxaca.jpg","type":"image\/jpeg"}],"author":"Staff","twitter_card":"summary_large_image","twitter_misc":{"Escrito por":"Staff","Tiempo de lectura":"2 minutos"},"schema":{"@context":"https:\/\/schema.org","@graph":[{"@type":"Article","@id":"https:\/\/www.bbmnoticias.com\/labravaradiofm\/2023\/02\/14\/reconoce-imss-oaxaca-a-su-personal-de-servicio-social-y-practicas-profesionales-2023\/#article","isPartOf":{"@id":"https:\/\/www.bbmnoticias.com\/labravaradiofm\/2023\/02\/14\/reconoce-imss-oaxaca-a-su-personal-de-servicio-social-y-practicas-profesionales-2023\/"},"author":{"name":"Staff","@id":"https:\/\/www.bbmnoticias.com\/labravaradiofm\/#\/schema\/person\/68a9e9036ef3c5b55aeb2b71dc8bab45"},"headline":"Reconoce IMSS Oaxaca a su personal de Servicio Social y Pr\u00e1cticas Profesionales 2023","datePublished":"2023-02-14T17:38:29+00:00","dateModified":"2023-02-14T17:38:30+00:00","mainEntityOfPage":{"@id":"https:\/\/www.bbmnoticias.com\/labravaradiofm\/2023\/02\/14\/reconoce-imss-oaxaca-a-su-personal-de-servicio-social-y-practicas-profesionales-2023\/"},"wordCount":395,"image":{"@id":"https:\/\/www.bbmnoticias.com\/labravaradiofm\/2023\/02\/14\/reconoce-imss-oaxaca-a-su-personal-de-servicio-social-y-practicas-profesionales-2023\/#primaryimage"},"thumbnailUrl":"https:\/\/www.bbmnoticias.com\/labravaradiofm\/wp-content\/uploads\/sites\/5\/2023\/02\/imss-oaxaca.jpg","articleSection":["LOCAL"],"inLanguage":"es"},{"@type":"WebPage","@id":"https:\/\/www.bbmnoticias.com\/labravaradiofm\/2023\/02\/14\/reconoce-imss-oaxaca-a-su-personal-de-servicio-social-y-practicas-profesionales-2023\/","url":"https:\/\/www.bbmnoticias.com\/labravaradiofm\/2023\/02\/14\/reconoce-imss-oaxaca-a-su-personal-de-servicio-social-y-practicas-profesionales-2023\/","name":"Reconoce IMSS Oaxaca a su personal de Servicio Social y Pr\u00e1cticas Profesionales 2023 - LA BRAVA RADIO","isPartOf":{"@id":"https:\/\/www.bbmnoticias.com\/labravaradiofm\/#website"},"primaryImageOfPage":{"@id":"https:\/\/www.bbmnoticias.com\/labravaradiofm\/2023\/02\/14\/reconoce-imss-oaxaca-a-su-personal-de-servicio-social-y-practicas-profesionales-2023\/#primaryimage"},"image":{"@id":"https:\/\/www.bbmnoticias.com\/labravaradiofm\/2023\/02\/14\/reconoce-imss-oaxaca-a-su-personal-de-servicio-social-y-practicas-profesionales-2023\/#primaryimage"},"thumbnailUrl":"https:\/\/www.bbmnoticias.com\/labravaradiofm\/wp-content\/uploads\/sites\/5\/2023\/02\/imss-oaxaca.jpg","datePublished":"2023-02-14T17:38:29+00:00","dateModified":"2023-02-14T17:38:30+00:00","author":{"@id":"https:\/\/www.bbmnoticias.com\/labravaradiofm\/#\/schema\/person\/68a9e9036ef3c5b55aeb2b71dc8bab45"},"breadcrumb":{"@id":"https:\/\/www.bbmnoticias.com\/labravaradiofm\/2023\/02\/14\/reconoce-imss-oaxaca-a-su-personal-de-servicio-social-y-practicas-profesionales-2023\/#breadcrumb"},"inLanguage":"es","potentialAction":[{"@type":"ReadAction","target":["https:\/\/www.bbmnoticias.com\/labravaradiofm\/2023\/02\/14\/reconoce-imss-oaxaca-a-su-personal-de-servicio-social-y-practicas-profesionales-2023\/"]}]},{"@type":"ImageObject","inLanguage":"es","@id":"https:\/\/www.bbmnoticias.com\/labravaradiofm\/2023\/02\/14\/reconoce-imss-oaxaca-a-su-personal-de-servicio-social-y-practicas-profesionales-2023\/#primaryimage","url":"https:\/\/www.bbmnoticias.com\/labravaradiofm\/wp-content\/uploads\/sites\/5\/2023\/02\/imss-oaxaca.jpg","contentUrl":"https:\/\/www.bbmnoticias.com\/labravaradiofm\/wp-content\/uploads\/sites\/5\/2023\/02\/imss-oaxaca.jpg","width":764,"height":433},{"@type":"BreadcrumbList","@id":"https:\/\/www.bbmnoticias.com\/labravaradiofm\/2023\/02\/14\/reconoce-imss-oaxaca-a-su-personal-de-servicio-social-y-practicas-profesionales-2023\/#breadcrumb","itemListElement":[{"@type":"ListItem","position":1,"name":"Inicio","item":"https:\/\/www.bbmnoticias.com\/labravaradiofm\/"},{"@type":"ListItem","position":2,"name":"Reconoce IMSS Oaxaca a su personal de Servicio Social y Pr\u00e1cticas Profesionales 2023"}]},{"@type":"WebSite","@id":"https:\/\/www.bbmnoticias.com\/labravaradiofm\/#website","url":"https:\/\/www.bbmnoticias.com\/labravaradiofm\/","name":"LA BRAVA RADIO","description":"Empresa productora de medios, Radiodifusi\u00f3n, Noticias, tendencias y todo lo que necesitas saber de la pol\u00edtica mexicana e internacional; entretenimiento, espect\u00e1culos, salud y mucho m\u00e1s.","potentialAction":[{"@type":"SearchAction","target":{"@type":"EntryPoint","urlTemplate":"https:\/\/www.bbmnoticias.com\/labravaradiofm\/?s={search_term_string}"},"query-input":{"@type":"PropertyValueSpecification","valueRequired":true,"valueName":"search_term_string"}}],"inLanguage":"es"},{"@type":"Person","@id":"https:\/\/www.bbmnoticias.com\/labravaradiofm\/#\/schema\/person\/68a9e9036ef3c5b55aeb2b71dc8bab45","name":"Staff","image":{"@type":"ImageObject","inLanguage":"es","@id":"https:\/\/secure.gravatar.com\/avatar\/fdd21ad66fd8b98c407f9dee5b5e588cfe7f0d8579ec20fa6527cd59bab7f0f0?s=96&d=mm&r=g","url":"https:\/\/secure.gravatar.com\/avatar\/fdd21ad66fd8b98c407f9dee5b5e588cfe7f0d8579ec20fa6527cd59bab7f0f0?s=96&d=mm&r=g","contentUrl":"https:\/\/secure.gravatar.com\/avatar\/fdd21ad66fd8b98c407f9dee5b5e588cfe7f0d8579ec20fa6527cd59bab7f0f0?s=96&d=mm&r=g","caption":"Staff"},"url":"https:\/\/www.bbmnoticias.com\/labravaradiofm\/author\/redaccion\/"}]}},"_links":{"self":[{"href":"https:\/\/www.bbmnoticias.com\/labravaradiofm\/wp-json\/wp\/v2\/posts\/23562","targetHints":{"allow":["GET"]}}],"collection":[{"href":"https:\/\/www.bbmnoticias.com\/labravaradiofm\/wp-json\/wp\/v2\/posts"}],"about":[{"href":"https:\/\/www.bbmnoticias.com\/labravaradiofm\/wp-json\/wp\/v2\/types\/post"}],"author":[{"embeddable":true,"href":"https:\/\/www.bbmnoticias.com\/labravaradiofm\/wp-json\/wp\/v2\/users\/2"}],"replies":[{"embeddable":true,"href":"https:\/\/www.bbmnoticias.com\/labravaradiofm\/wp-json\/wp\/v2\/comments?post=23562"}],"version-history":[{"count":0,"href":"https:\/\/www.bbmnoticias.com\/labravaradiofm\/wp-json\/wp\/v2\/posts\/23562\/revisions"}],"wp:featuredmedia":[{"embeddable":true,"href":"https:\/\/www.bbmnoticias.com\/labravaradiofm\/wp-json\/wp\/v2\/media\/23563"}],"wp:attachment":[{"href":"https:\/\/www.bbmnoticias.com\/labravaradiofm\/wp-json\/wp\/v2\/media?parent=23562"}],"wp:term":[{"taxonomy":"category","embeddable":true,"href":"https:\/\/www.bbmnoticias.com\/labravaradiofm\/wp-json\/wp\/v2\/categories?post=23562"},{"taxonomy":"post_tag","embeddable":true,"href":"https:\/\/www.bbmnoticias.com\/labravaradiofm\/wp-json\/wp\/v2\/tags?post=23562"}],"curies":[{"name":"wp","href":"https:\/\/api.w.org\/{rel}","templated":true}]}}