{"id":23559,"date":"2023-02-14T11:32:23","date_gmt":"2023-02-14T17:32:23","guid":{"rendered":"https:\/\/www.bbmnoticias.com\/labravaradiofm\/?p=23559"},"modified":"2023-02-14T11:32:24","modified_gmt":"2023-02-14T17:32:24","slug":"el-rey-zambada-rechaza-haber-dado-dinero-a-amlo-para-campana-contra-vicente-fox","status":"publish","type":"post","link":"https:\/\/www.bbmnoticias.com\/labravaradiofm\/2023\/02\/14\/el-rey-zambada-rechaza-haber-dado-dinero-a-amlo-para-campana-contra-vicente-fox\/","title":{"rendered":"\u201cEl Rey\u201d Zambada rechaza haber dado dinero a AMLO para campa\u00f1a contra Vicente Fox"},"content":{"rendered":"<div style=\"margin-top: 0px; margin-bottom: 0px;\" class=\"sharethis-inline-share-buttons\" ><\/div>\n<p><strong>Jes\u00fas \u201cEl Rey\u201d Zambada<\/strong> subi\u00f3 este martes de nuevo al estrado para una jornada intensa de interrogatorio de la defensa, que le pregunt\u00f3 directamente si el <strong>c\u00e1rtel de Sinaloa<\/strong> dio dinero al actual presidente, <strong>Andr\u00e9s Manuel L\u00f3pez Obrador<\/strong>, para una campa\u00f1a contra <strong>Vicente Fox,<\/strong>\u00a0a lo que Zambada dijo que no.<\/p>\n\n\n\n<p>La defensa record\u00f3 a Zambada que en julio de 2013 declar\u00f3 haber entregado <strong>7 millones de d\u00f3lares<\/strong> a <strong>Gabriel Regino<\/strong>, quien fuera subsecretario de Seguridad P\u00fablica del entonces&nbsp;<strong>Distrito Federal<\/strong>, para entreg\u00e1rselo a L\u00f3pez Obrador. \u201cNo pude haberlo dicho porque no es verdad\u201d.<\/p>\n\n\n\n<p>El abogado <strong>Rafael De Castro<\/strong> le insisti\u00f3 si no recordaba que a trav\u00e9s de Regino mand\u00f3 dinero a L\u00f3pez Obrador para su campa\u00f1a.<\/p>\n\n\n\n<p>Zambada dijo recordar que Regino recibi\u00f3 dinero se\u00f1alando que \u201cseg\u00fan era para una campa\u00f1a, pero no de L\u00f3pez Obrador\u201d. Y le reclam\u00f3 al abogado que lo quisiera forzar a decir algo que no hab\u00eda dicho.<\/p>\n\n\n\n<p>Cabe se\u00f1alar que durante el juicio contra <strong>Joaqu\u00edn Guzm\u00e1n Loera<\/strong>, alias \u201c<strong>El Chapo<\/strong>\u201d, se dio a conocer un documento de la corte, donde \u201cEl Rey\u201d Zambada, que fue un testigo clave, se\u00f1alaba haber pagado a una persona que trabaj\u00f3 en la fallida campa\u00f1a presidencial de 2006 (contra <strong>Felipe Calder\u00f3n<\/strong>).\u00a0<\/p>\n\n\n\n<h2 class=\"wp-block-heading\">Cuestionan veracidad de \u201cEl Rey\u201d Zambada<\/h2>\n\n\n\n<p>En aquel momento, un vocero de <strong>L\u00f3pez Obrador<\/strong> declin\u00f3 comentar, citando que las acusaciones ven\u00edan de un testigo protegido en un juicio que ten\u00eda lugar en otro pa\u00eds.<\/p>\n\n\n\n<p>Ante la insistencia de De Castro, quien dijo que mostrar\u00eda al testigo sus declaraciones de 2013 para \u201crefrescarle\u201d la memoria, la fiscal <strong>Saritha Komatireddy<\/strong> enfureci\u00f3 y comenz\u00f3 a gritar, hasta que el juez <strong>Brian Cogan<\/strong> los llam\u00f3 a ambos y ya no continu\u00f3 el interrogatorio sobre el tema.<\/p>\n\n\n\n<p>En cambio, la defensa cuestion\u00f3 la veracidad de las declaraciones de Zambada, se\u00f1alando los cambios de cifras de pagos a Garc\u00eda Luna y versiones.<\/p>\n\n\n\n<p>\u201c\u00bfEs cierto que usted no tiene nada para corroborar que le pagaba dinero a <strong>Garc\u00eda Luna<\/strong>?\u201d, interrog\u00f3 la defensa. &#8220;El Rey&#8221; reconoci\u00f3 que no ten\u00eda documentos.<\/p>\n\n\n\n<p>La fiscal revir\u00f3: \u201c\u00bfTiene usted duda de que pag\u00f3 sobornos a Garc\u00eda Luna?\u201d. &#8220;El Rey&#8221; asegur\u00f3: \u201cClaro que no, estoy seguro\u201d.<\/p>\n","protected":false},"excerpt":{"rendered":"<p>Jes\u00fas \u201cEl Rey\u201d Zambada subi\u00f3 este martes de nuevo al estrado para una jornada intensa de interrogatorio de la defensa, que le pregunt\u00f3 directamente si el c\u00e1rtel de Sinaloa dio dinero al actual presidente, Andr\u00e9s Manuel L\u00f3pez Obrador, para una campa\u00f1a contra Vicente Fox,\u00a0a lo que Zambada dijo que no. La defensa record\u00f3 a Zambada [&hellip;]<\/p>\n","protected":false},"author":10,"featured_media":23560,"comment_status":"closed","ping_status":"closed","sticky":false,"template":"","format":"standard","meta":{"footnotes":""},"categories":[19],"tags":[],"class_list":{"0":"post-23559","1":"post","2":"type-post","3":"status-publish","4":"format-standard","5":"has-post-thumbnail","7":"category-nacional"},"yoast_head":"<!-- This site is optimized with the Yoast SEO plugin v27.4 - https:\/\/yoast.com\/product\/yoast-seo-wordpress\/ -->\n<title>\u201cEl Rey\u201d Zambada rechaza haber dado dinero a AMLO para campa\u00f1a contra Vicente Fox - LA BRAVA RADIO<\/title>\n<meta name=\"robots\" content=\"index, follow, max-snippet:-1, max-image-preview:large, max-video-preview:-1\" \/>\n<link rel=\"canonical\" href=\"https:\/\/www.bbmnoticias.com\/labravaradiofm\/2023\/02\/14\/el-rey-zambada-rechaza-haber-dado-dinero-a-amlo-para-campana-contra-vicente-fox\/\" \/>\n<meta property=\"og:locale\" content=\"es_MX\" \/>\n<meta property=\"og:type\" content=\"article\" \/>\n<meta property=\"og:title\" content=\"\u201cEl Rey\u201d Zambada rechaza haber dado dinero a AMLO para campa\u00f1a contra Vicente Fox - LA BRAVA RADIO\" \/>\n<meta property=\"og:description\" content=\"Jes\u00fas \u201cEl Rey\u201d Zambada subi\u00f3 este martes de nuevo al estrado para una jornada intensa de interrogatorio de la defensa, que le pregunt\u00f3 directamente si el c\u00e1rtel de Sinaloa dio dinero al actual presidente, Andr\u00e9s Manuel L\u00f3pez Obrador, para una campa\u00f1a contra Vicente Fox,\u00a0a lo que Zambada dijo que no. La defensa record\u00f3 a Zambada [&hellip;]\" \/>\n<meta property=\"og:url\" content=\"https:\/\/www.bbmnoticias.com\/labravaradiofm\/2023\/02\/14\/el-rey-zambada-rechaza-haber-dado-dinero-a-amlo-para-campana-contra-vicente-fox\/\" \/>\n<meta property=\"og:site_name\" content=\"LA BRAVA RADIO\" \/>\n<meta property=\"article:published_time\" content=\"2023-02-14T17:32:23+00:00\" \/>\n<meta property=\"article:modified_time\" content=\"2023-02-14T17:32:24+00:00\" \/>\n<meta property=\"og:image\" content=\"https:\/\/www.bbmnoticias.com\/labravaradiofm\/wp-content\/uploads\/sites\/5\/2023\/02\/rey-zambada.jpg\" \/>\n\t<meta property=\"og:image:width\" content=\"1200\" \/>\n\t<meta property=\"og:image:height\" content=\"740\" \/>\n\t<meta property=\"og:image:type\" content=\"image\/jpeg\" \/>\n<meta name=\"author\" content=\"El Universal\" \/>\n<meta name=\"twitter:card\" content=\"summary_large_image\" \/>\n<meta name=\"twitter:label1\" content=\"Escrito por\" \/>\n\t<meta name=\"twitter:data1\" content=\"El Universal\" \/>\n\t<meta name=\"twitter:label2\" content=\"Tiempo de lectura\" \/>\n\t<meta name=\"twitter:data2\" content=\"2 minutos\" \/>\n<script type=\"application\/ld+json\" class=\"yoast-schema-graph\">{\"@context\":\"https:\\\/\\\/schema.org\",\"@graph\":[{\"@type\":\"Article\",\"@id\":\"https:\\\/\\\/www.bbmnoticias.com\\\/labravaradiofm\\\/2023\\\/02\\\/14\\\/el-rey-zambada-rechaza-haber-dado-dinero-a-amlo-para-campana-contra-vicente-fox\\\/#article\",\"isPartOf\":{\"@id\":\"https:\\\/\\\/www.bbmnoticias.com\\\/labravaradiofm\\\/2023\\\/02\\\/14\\\/el-rey-zambada-rechaza-haber-dado-dinero-a-amlo-para-campana-contra-vicente-fox\\\/\"},\"author\":{\"name\":\"El Universal\",\"@id\":\"https:\\\/\\\/www.bbmnoticias.com\\\/labravaradiofm\\\/#\\\/schema\\\/person\\\/2a5252389acf1e67397601bfd47df59b\"},\"headline\":\"\u201cEl Rey\u201d Zambada rechaza haber dado dinero a AMLO para campa\u00f1a contra Vicente Fox\",\"datePublished\":\"2023-02-14T17:32:23+00:00\",\"dateModified\":\"2023-02-14T17:32:24+00:00\",\"mainEntityOfPage\":{\"@id\":\"https:\\\/\\\/www.bbmnoticias.com\\\/labravaradiofm\\\/2023\\\/02\\\/14\\\/el-rey-zambada-rechaza-haber-dado-dinero-a-amlo-para-campana-contra-vicente-fox\\\/\"},\"wordCount\":399,\"image\":{\"@id\":\"https:\\\/\\\/www.bbmnoticias.com\\\/labravaradiofm\\\/2023\\\/02\\\/14\\\/el-rey-zambada-rechaza-haber-dado-dinero-a-amlo-para-campana-contra-vicente-fox\\\/#primaryimage\"},\"thumbnailUrl\":\"https:\\\/\\\/www.bbmnoticias.com\\\/labravaradiofm\\\/wp-content\\\/uploads\\\/sites\\\/5\\\/2023\\\/02\\\/rey-zambada.jpg\",\"articleSection\":[\"NACIONAL\"],\"inLanguage\":\"es\"},{\"@type\":\"WebPage\",\"@id\":\"https:\\\/\\\/www.bbmnoticias.com\\\/labravaradiofm\\\/2023\\\/02\\\/14\\\/el-rey-zambada-rechaza-haber-dado-dinero-a-amlo-para-campana-contra-vicente-fox\\\/\",\"url\":\"https:\\\/\\\/www.bbmnoticias.com\\\/labravaradiofm\\\/2023\\\/02\\\/14\\\/el-rey-zambada-rechaza-haber-dado-dinero-a-amlo-para-campana-contra-vicente-fox\\\/\",\"name\":\"\u201cEl Rey\u201d Zambada rechaza haber dado dinero a AMLO para campa\u00f1a contra Vicente Fox - LA BRAVA RADIO\",\"isPartOf\":{\"@id\":\"https:\\\/\\\/www.bbmnoticias.com\\\/labravaradiofm\\\/#website\"},\"primaryImageOfPage\":{\"@id\":\"https:\\\/\\\/www.bbmnoticias.com\\\/labravaradiofm\\\/2023\\\/02\\\/14\\\/el-rey-zambada-rechaza-haber-dado-dinero-a-amlo-para-campana-contra-vicente-fox\\\/#primaryimage\"},\"image\":{\"@id\":\"https:\\\/\\\/www.bbmnoticias.com\\\/labravaradiofm\\\/2023\\\/02\\\/14\\\/el-rey-zambada-rechaza-haber-dado-dinero-a-amlo-para-campana-contra-vicente-fox\\\/#primaryimage\"},\"thumbnailUrl\":\"https:\\\/\\\/www.bbmnoticias.com\\\/labravaradiofm\\\/wp-content\\\/uploads\\\/sites\\\/5\\\/2023\\\/02\\\/rey-zambada.jpg\",\"datePublished\":\"2023-02-14T17:32:23+00:00\",\"dateModified\":\"2023-02-14T17:32:24+00:00\",\"author\":{\"@id\":\"https:\\\/\\\/www.bbmnoticias.com\\\/labravaradiofm\\\/#\\\/schema\\\/person\\\/2a5252389acf1e67397601bfd47df59b\"},\"breadcrumb\":{\"@id\":\"https:\\\/\\\/www.bbmnoticias.com\\\/labravaradiofm\\\/2023\\\/02\\\/14\\\/el-rey-zambada-rechaza-haber-dado-dinero-a-amlo-para-campana-contra-vicente-fox\\\/#breadcrumb\"},\"inLanguage\":\"es\",\"potentialAction\":[{\"@type\":\"ReadAction\",\"target\":[\"https:\\\/\\\/www.bbmnoticias.com\\\/labravaradiofm\\\/2023\\\/02\\\/14\\\/el-rey-zambada-rechaza-haber-dado-dinero-a-amlo-para-campana-contra-vicente-fox\\\/\"]}]},{\"@type\":\"ImageObject\",\"inLanguage\":\"es\",\"@id\":\"https:\\\/\\\/www.bbmnoticias.com\\\/labravaradiofm\\\/2023\\\/02\\\/14\\\/el-rey-zambada-rechaza-haber-dado-dinero-a-amlo-para-campana-contra-vicente-fox\\\/#primaryimage\",\"url\":\"https:\\\/\\\/www.bbmnoticias.com\\\/labravaradiofm\\\/wp-content\\\/uploads\\\/sites\\\/5\\\/2023\\\/02\\\/rey-zambada.jpg\",\"contentUrl\":\"https:\\\/\\\/www.bbmnoticias.com\\\/labravaradiofm\\\/wp-content\\\/uploads\\\/sites\\\/5\\\/2023\\\/02\\\/rey-zambada.jpg\",\"width\":1200,\"height\":740},{\"@type\":\"BreadcrumbList\",\"@id\":\"https:\\\/\\\/www.bbmnoticias.com\\\/labravaradiofm\\\/2023\\\/02\\\/14\\\/el-rey-zambada-rechaza-haber-dado-dinero-a-amlo-para-campana-contra-vicente-fox\\\/#breadcrumb\",\"itemListElement\":[{\"@type\":\"ListItem\",\"position\":1,\"name\":\"Inicio\",\"item\":\"https:\\\/\\\/www.bbmnoticias.com\\\/labravaradiofm\\\/\"},{\"@type\":\"ListItem\",\"position\":2,\"name\":\"\u201cEl Rey\u201d Zambada rechaza haber dado dinero a AMLO para campa\u00f1a contra Vicente Fox\"}]},{\"@type\":\"WebSite\",\"@id\":\"https:\\\/\\\/www.bbmnoticias.com\\\/labravaradiofm\\\/#website\",\"url\":\"https:\\\/\\\/www.bbmnoticias.com\\\/labravaradiofm\\\/\",\"name\":\"LA BRAVA RADIO\",\"description\":\"Empresa productora de medios, Radiodifusi\u00f3n, Noticias, tendencias y todo lo que necesitas saber de la pol\u00edtica mexicana e internacional; entretenimiento, espect\u00e1culos, salud y mucho m\u00e1s.\",\"potentialAction\":[{\"@type\":\"SearchAction\",\"target\":{\"@type\":\"EntryPoint\",\"urlTemplate\":\"https:\\\/\\\/www.bbmnoticias.com\\\/labravaradiofm\\\/?s={search_term_string}\"},\"query-input\":{\"@type\":\"PropertyValueSpecification\",\"valueRequired\":true,\"valueName\":\"search_term_string\"}}],\"inLanguage\":\"es\"},{\"@type\":\"Person\",\"@id\":\"https:\\\/\\\/www.bbmnoticias.com\\\/labravaradiofm\\\/#\\\/schema\\\/person\\\/2a5252389acf1e67397601bfd47df59b\",\"name\":\"El Universal\",\"image\":{\"@type\":\"ImageObject\",\"inLanguage\":\"es\",\"@id\":\"https:\\\/\\\/secure.gravatar.com\\\/avatar\\\/71c770e6e00bd7cb8183e56d1c59f81601544fbe41d802d7c17d05c9e25f7d06?s=96&d=mm&r=g\",\"url\":\"https:\\\/\\\/secure.gravatar.com\\\/avatar\\\/71c770e6e00bd7cb8183e56d1c59f81601544fbe41d802d7c17d05c9e25f7d06?s=96&d=mm&r=g\",\"contentUrl\":\"https:\\\/\\\/secure.gravatar.com\\\/avatar\\\/71c770e6e00bd7cb8183e56d1c59f81601544fbe41d802d7c17d05c9e25f7d06?s=96&d=mm&r=g\",\"caption\":\"El Universal\"},\"url\":\"https:\\\/\\\/www.bbmnoticias.com\\\/labravaradiofm\\\/author\\\/eluniversal\\\/\"}]}<\/script>\n<!-- \/ Yoast SEO plugin. -->","yoast_head_json":{"title":"\u201cEl Rey\u201d Zambada rechaza haber dado dinero a AMLO para campa\u00f1a contra Vicente Fox - LA BRAVA RADIO","robots":{"index":"index","follow":"follow","max-snippet":"max-snippet:-1","max-image-preview":"max-image-preview:large","max-video-preview":"max-video-preview:-1"},"canonical":"https:\/\/www.bbmnoticias.com\/labravaradiofm\/2023\/02\/14\/el-rey-zambada-rechaza-haber-dado-dinero-a-amlo-para-campana-contra-vicente-fox\/","og_locale":"es_MX","og_type":"article","og_title":"\u201cEl Rey\u201d Zambada rechaza haber dado dinero a AMLO para campa\u00f1a contra Vicente Fox - LA BRAVA RADIO","og_description":"Jes\u00fas \u201cEl Rey\u201d Zambada subi\u00f3 este martes de nuevo al estrado para una jornada intensa de interrogatorio de la defensa, que le pregunt\u00f3 directamente si el c\u00e1rtel de Sinaloa dio dinero al actual presidente, Andr\u00e9s Manuel L\u00f3pez Obrador, para una campa\u00f1a contra Vicente Fox,\u00a0a lo que Zambada dijo que no. La defensa record\u00f3 a Zambada [&hellip;]","og_url":"https:\/\/www.bbmnoticias.com\/labravaradiofm\/2023\/02\/14\/el-rey-zambada-rechaza-haber-dado-dinero-a-amlo-para-campana-contra-vicente-fox\/","og_site_name":"LA BRAVA RADIO","article_published_time":"2023-02-14T17:32:23+00:00","article_modified_time":"2023-02-14T17:32:24+00:00","og_image":[{"width":1200,"height":740,"url":"https:\/\/www.bbmnoticias.com\/labravaradiofm\/wp-content\/uploads\/sites\/5\/2023\/02\/rey-zambada.jpg","type":"image\/jpeg"}],"author":"El Universal","twitter_card":"summary_large_image","twitter_misc":{"Escrito por":"El Universal","Tiempo de lectura":"2 minutos"},"schema":{"@context":"https:\/\/schema.org","@graph":[{"@type":"Article","@id":"https:\/\/www.bbmnoticias.com\/labravaradiofm\/2023\/02\/14\/el-rey-zambada-rechaza-haber-dado-dinero-a-amlo-para-campana-contra-vicente-fox\/#article","isPartOf":{"@id":"https:\/\/www.bbmnoticias.com\/labravaradiofm\/2023\/02\/14\/el-rey-zambada-rechaza-haber-dado-dinero-a-amlo-para-campana-contra-vicente-fox\/"},"author":{"name":"El Universal","@id":"https:\/\/www.bbmnoticias.com\/labravaradiofm\/#\/schema\/person\/2a5252389acf1e67397601bfd47df59b"},"headline":"\u201cEl Rey\u201d Zambada rechaza haber dado dinero a AMLO para campa\u00f1a contra Vicente Fox","datePublished":"2023-02-14T17:32:23+00:00","dateModified":"2023-02-14T17:32:24+00:00","mainEntityOfPage":{"@id":"https:\/\/www.bbmnoticias.com\/labravaradiofm\/2023\/02\/14\/el-rey-zambada-rechaza-haber-dado-dinero-a-amlo-para-campana-contra-vicente-fox\/"},"wordCount":399,"image":{"@id":"https:\/\/www.bbmnoticias.com\/labravaradiofm\/2023\/02\/14\/el-rey-zambada-rechaza-haber-dado-dinero-a-amlo-para-campana-contra-vicente-fox\/#primaryimage"},"thumbnailUrl":"https:\/\/www.bbmnoticias.com\/labravaradiofm\/wp-content\/uploads\/sites\/5\/2023\/02\/rey-zambada.jpg","articleSection":["NACIONAL"],"inLanguage":"es"},{"@type":"WebPage","@id":"https:\/\/www.bbmnoticias.com\/labravaradiofm\/2023\/02\/14\/el-rey-zambada-rechaza-haber-dado-dinero-a-amlo-para-campana-contra-vicente-fox\/","url":"https:\/\/www.bbmnoticias.com\/labravaradiofm\/2023\/02\/14\/el-rey-zambada-rechaza-haber-dado-dinero-a-amlo-para-campana-contra-vicente-fox\/","name":"\u201cEl Rey\u201d Zambada rechaza haber dado dinero a AMLO para campa\u00f1a contra Vicente Fox - LA BRAVA RADIO","isPartOf":{"@id":"https:\/\/www.bbmnoticias.com\/labravaradiofm\/#website"},"primaryImageOfPage":{"@id":"https:\/\/www.bbmnoticias.com\/labravaradiofm\/2023\/02\/14\/el-rey-zambada-rechaza-haber-dado-dinero-a-amlo-para-campana-contra-vicente-fox\/#primaryimage"},"image":{"@id":"https:\/\/www.bbmnoticias.com\/labravaradiofm\/2023\/02\/14\/el-rey-zambada-rechaza-haber-dado-dinero-a-amlo-para-campana-contra-vicente-fox\/#primaryimage"},"thumbnailUrl":"https:\/\/www.bbmnoticias.com\/labravaradiofm\/wp-content\/uploads\/sites\/5\/2023\/02\/rey-zambada.jpg","datePublished":"2023-02-14T17:32:23+00:00","dateModified":"2023-02-14T17:32:24+00:00","author":{"@id":"https:\/\/www.bbmnoticias.com\/labravaradiofm\/#\/schema\/person\/2a5252389acf1e67397601bfd47df59b"},"breadcrumb":{"@id":"https:\/\/www.bbmnoticias.com\/labravaradiofm\/2023\/02\/14\/el-rey-zambada-rechaza-haber-dado-dinero-a-amlo-para-campana-contra-vicente-fox\/#breadcrumb"},"inLanguage":"es","potentialAction":[{"@type":"ReadAction","target":["https:\/\/www.bbmnoticias.com\/labravaradiofm\/2023\/02\/14\/el-rey-zambada-rechaza-haber-dado-dinero-a-amlo-para-campana-contra-vicente-fox\/"]}]},{"@type":"ImageObject","inLanguage":"es","@id":"https:\/\/www.bbmnoticias.com\/labravaradiofm\/2023\/02\/14\/el-rey-zambada-rechaza-haber-dado-dinero-a-amlo-para-campana-contra-vicente-fox\/#primaryimage","url":"https:\/\/www.bbmnoticias.com\/labravaradiofm\/wp-content\/uploads\/sites\/5\/2023\/02\/rey-zambada.jpg","contentUrl":"https:\/\/www.bbmnoticias.com\/labravaradiofm\/wp-content\/uploads\/sites\/5\/2023\/02\/rey-zambada.jpg","width":1200,"height":740},{"@type":"BreadcrumbList","@id":"https:\/\/www.bbmnoticias.com\/labravaradiofm\/2023\/02\/14\/el-rey-zambada-rechaza-haber-dado-dinero-a-amlo-para-campana-contra-vicente-fox\/#breadcrumb","itemListElement":[{"@type":"ListItem","position":1,"name":"Inicio","item":"https:\/\/www.bbmnoticias.com\/labravaradiofm\/"},{"@type":"ListItem","position":2,"name":"\u201cEl Rey\u201d Zambada rechaza haber dado dinero a AMLO para campa\u00f1a contra Vicente Fox"}]},{"@type":"WebSite","@id":"https:\/\/www.bbmnoticias.com\/labravaradiofm\/#website","url":"https:\/\/www.bbmnoticias.com\/labravaradiofm\/","name":"LA BRAVA RADIO","description":"Empresa productora de medios, Radiodifusi\u00f3n, Noticias, tendencias y todo lo que necesitas saber de la pol\u00edtica mexicana e internacional; entretenimiento, espect\u00e1culos, salud y mucho m\u00e1s.","potentialAction":[{"@type":"SearchAction","target":{"@type":"EntryPoint","urlTemplate":"https:\/\/www.bbmnoticias.com\/labravaradiofm\/?s={search_term_string}"},"query-input":{"@type":"PropertyValueSpecification","valueRequired":true,"valueName":"search_term_string"}}],"inLanguage":"es"},{"@type":"Person","@id":"https:\/\/www.bbmnoticias.com\/labravaradiofm\/#\/schema\/person\/2a5252389acf1e67397601bfd47df59b","name":"El Universal","image":{"@type":"ImageObject","inLanguage":"es","@id":"https:\/\/secure.gravatar.com\/avatar\/71c770e6e00bd7cb8183e56d1c59f81601544fbe41d802d7c17d05c9e25f7d06?s=96&d=mm&r=g","url":"https:\/\/secure.gravatar.com\/avatar\/71c770e6e00bd7cb8183e56d1c59f81601544fbe41d802d7c17d05c9e25f7d06?s=96&d=mm&r=g","contentUrl":"https:\/\/secure.gravatar.com\/avatar\/71c770e6e00bd7cb8183e56d1c59f81601544fbe41d802d7c17d05c9e25f7d06?s=96&d=mm&r=g","caption":"El Universal"},"url":"https:\/\/www.bbmnoticias.com\/labravaradiofm\/author\/eluniversal\/"}]}},"_links":{"self":[{"href":"https:\/\/www.bbmnoticias.com\/labravaradiofm\/wp-json\/wp\/v2\/posts\/23559","targetHints":{"allow":["GET"]}}],"collection":[{"href":"https:\/\/www.bbmnoticias.com\/labravaradiofm\/wp-json\/wp\/v2\/posts"}],"about":[{"href":"https:\/\/www.bbmnoticias.com\/labravaradiofm\/wp-json\/wp\/v2\/types\/post"}],"author":[{"embeddable":true,"href":"https:\/\/www.bbmnoticias.com\/labravaradiofm\/wp-json\/wp\/v2\/users\/10"}],"replies":[{"embeddable":true,"href":"https:\/\/www.bbmnoticias.com\/labravaradiofm\/wp-json\/wp\/v2\/comments?post=23559"}],"version-history":[{"count":0,"href":"https:\/\/www.bbmnoticias.com\/labravaradiofm\/wp-json\/wp\/v2\/posts\/23559\/revisions"}],"wp:featuredmedia":[{"embeddable":true,"href":"https:\/\/www.bbmnoticias.com\/labravaradiofm\/wp-json\/wp\/v2\/media\/23560"}],"wp:attachment":[{"href":"https:\/\/www.bbmnoticias.com\/labravaradiofm\/wp-json\/wp\/v2\/media?parent=23559"}],"wp:term":[{"taxonomy":"category","embeddable":true,"href":"https:\/\/www.bbmnoticias.com\/labravaradiofm\/wp-json\/wp\/v2\/categories?post=23559"},{"taxonomy":"post_tag","embeddable":true,"href":"https:\/\/www.bbmnoticias.com\/labravaradiofm\/wp-json\/wp\/v2\/tags?post=23559"}],"curies":[{"name":"wp","href":"https:\/\/api.w.org\/{rel}","templated":true}]}}