{"id":23440,"date":"2023-02-10T09:28:38","date_gmt":"2023-02-10T15:28:38","guid":{"rendered":"https:\/\/www.bbmnoticias.com\/labravaradiofm\/?p=23440"},"modified":"2023-02-10T09:28:39","modified_gmt":"2023-02-10T15:28:39","slug":"reconoce-imss-oaxaca-trabajo-de-mujeres-medicas-en-su-dia","status":"publish","type":"post","link":"https:\/\/www.bbmnoticias.com\/labravaradiofm\/2023\/02\/10\/reconoce-imss-oaxaca-trabajo-de-mujeres-medicas-en-su-dia\/","title":{"rendered":"Reconoce IMSS Oaxaca trabajo de mujeres m\u00e9dicas en su d\u00eda"},"content":{"rendered":"<div style=\"margin-top: 0px; margin-bottom: 0px;\" class=\"sharethis-inline-share-buttons\" ><\/div>\n<p>En el marco del D\u00eda de la Mujer M\u00e9dica, que se conmemora el 11 de febrero, la representaci\u00f3n del Instituto Mexicano del Seguro Social (IMSS) en Oaxaca reconoce la importante labor que realizan tanto m\u00e9dicas del R\u00e9gimen Ordinario como de IMSS\u2013BIENESTAR.<\/p>\n\n\n\n<p>Esta conmemoraci\u00f3n surge como un tributo a la doctora de origen ingl\u00e9s Elizabeth Blackwell, quien fue la primera mujer en el mundo en recibir el t\u00edtulo en Estados Unidos y poder ejercer su profesi\u00f3n en beneficio de la humanidad.<\/p>\n\n\n\n<p>Sin duda, la participaci\u00f3n de las mujeres m\u00e9dicas ante las contingencias sanitarias de los \u00faltimos a\u00f1os ha sido de gran relevancia, pues gran parte de este personal fue quien estuvo al frente de la lucha contra el COVID-19.<\/p>\n\n\n\n<p>La jefa de Servicios de Prestaciones M\u00e9dicas, doctora Martha Escobar, reconoci\u00f3 la gran labor que realizan todos los d\u00edas dentro de los hospitales y Unidades de Medicina Familiar (UMF).<\/p>\n\n\n\n<p>\u201cSabemos que las mujeres m\u00e9dicas dedican gran parte de su tiempo en largas horas de trabajo, donde la mayor\u00eda no obtienen descanso, sino hasta al llegar a sus hogares\u201d.<\/p>\n\n\n\n<p>De igual manera, reconoci\u00f3 que la labor de las m\u00e9dicas puede llegar a ser dif\u00edcil y hasta extenuante, pues, adem\u00e1s de cumplir este rol dentro del campo de la salud, tambi\u00e9n tienen un rol dentro de su familia.<\/p>\n\n\n\n<p>Por ello, el IMSS en Oaxaca celebra a todas las mujeres m\u00e9dicas que contribuyen a cuidar y salvaguardar la salud de la poblaci\u00f3n derechohabiente. Gracias por su entrega, dedicaci\u00f3n, as\u00ed como por su loable labor m\u00e9dica.<\/p>\n","protected":false},"excerpt":{"rendered":"<p>En el marco del D\u00eda de la Mujer M\u00e9dica, que se conmemora el 11 de febrero, la representaci\u00f3n del Instituto Mexicano del Seguro Social (IMSS) en Oaxaca reconoce la importante labor que realizan tanto m\u00e9dicas del R\u00e9gimen Ordinario como de IMSS\u2013BIENESTAR. Esta conmemoraci\u00f3n surge como un tributo a la doctora de origen ingl\u00e9s Elizabeth Blackwell, [&hellip;]<\/p>\n","protected":false},"author":2,"featured_media":23441,"comment_status":"closed","ping_status":"closed","sticky":false,"template":"","format":"standard","meta":{"footnotes":""},"categories":[2],"tags":[],"class_list":{"0":"post-23440","1":"post","2":"type-post","3":"status-publish","4":"format-standard","5":"has-post-thumbnail","7":"category-oaxaca"},"yoast_head":"<!-- This site is optimized with the Yoast SEO plugin v27.4 - https:\/\/yoast.com\/product\/yoast-seo-wordpress\/ -->\n<title>Reconoce IMSS Oaxaca trabajo de mujeres m\u00e9dicas en su d\u00eda - LA BRAVA RADIO<\/title>\n<meta name=\"robots\" content=\"index, follow, max-snippet:-1, max-image-preview:large, max-video-preview:-1\" \/>\n<link rel=\"canonical\" href=\"https:\/\/www.bbmnoticias.com\/labravaradiofm\/2023\/02\/10\/reconoce-imss-oaxaca-trabajo-de-mujeres-medicas-en-su-dia\/\" \/>\n<meta property=\"og:locale\" content=\"es_MX\" \/>\n<meta property=\"og:type\" content=\"article\" \/>\n<meta property=\"og:title\" content=\"Reconoce IMSS Oaxaca trabajo de mujeres m\u00e9dicas en su d\u00eda - LA BRAVA RADIO\" \/>\n<meta property=\"og:description\" content=\"En el marco del D\u00eda de la Mujer M\u00e9dica, que se conmemora el 11 de febrero, la representaci\u00f3n del Instituto Mexicano del Seguro Social (IMSS) en Oaxaca reconoce la importante labor que realizan tanto m\u00e9dicas del R\u00e9gimen Ordinario como de IMSS\u2013BIENESTAR. Esta conmemoraci\u00f3n surge como un tributo a la doctora de origen ingl\u00e9s Elizabeth Blackwell, [&hellip;]\" \/>\n<meta property=\"og:url\" content=\"https:\/\/www.bbmnoticias.com\/labravaradiofm\/2023\/02\/10\/reconoce-imss-oaxaca-trabajo-de-mujeres-medicas-en-su-dia\/\" \/>\n<meta property=\"og:site_name\" content=\"LA BRAVA RADIO\" \/>\n<meta property=\"article:published_time\" content=\"2023-02-10T15:28:38+00:00\" \/>\n<meta property=\"article:modified_time\" content=\"2023-02-10T15:28:39+00:00\" \/>\n<meta property=\"og:image\" content=\"https:\/\/www.bbmnoticias.com\/labravaradiofm\/wp-content\/uploads\/sites\/5\/2023\/02\/mujeres-medicas.jpg\" \/>\n\t<meta property=\"og:image:width\" content=\"720\" \/>\n\t<meta property=\"og:image:height\" content=\"477\" \/>\n\t<meta property=\"og:image:type\" content=\"image\/jpeg\" \/>\n<meta name=\"author\" content=\"Staff\" \/>\n<meta name=\"twitter:card\" content=\"summary_large_image\" \/>\n<meta name=\"twitter:label1\" content=\"Escrito por\" \/>\n\t<meta name=\"twitter:data1\" content=\"Staff\" \/>\n\t<meta name=\"twitter:label2\" content=\"Tiempo de lectura\" \/>\n\t<meta name=\"twitter:data2\" content=\"2 minutos\" \/>\n<script type=\"application\/ld+json\" class=\"yoast-schema-graph\">{\"@context\":\"https:\\\/\\\/schema.org\",\"@graph\":[{\"@type\":\"Article\",\"@id\":\"https:\\\/\\\/www.bbmnoticias.com\\\/labravaradiofm\\\/2023\\\/02\\\/10\\\/reconoce-imss-oaxaca-trabajo-de-mujeres-medicas-en-su-dia\\\/#article\",\"isPartOf\":{\"@id\":\"https:\\\/\\\/www.bbmnoticias.com\\\/labravaradiofm\\\/2023\\\/02\\\/10\\\/reconoce-imss-oaxaca-trabajo-de-mujeres-medicas-en-su-dia\\\/\"},\"author\":{\"name\":\"Staff\",\"@id\":\"https:\\\/\\\/www.bbmnoticias.com\\\/labravaradiofm\\\/#\\\/schema\\\/person\\\/68a9e9036ef3c5b55aeb2b71dc8bab45\"},\"headline\":\"Reconoce IMSS Oaxaca trabajo de mujeres m\u00e9dicas en su d\u00eda\",\"datePublished\":\"2023-02-10T15:28:38+00:00\",\"dateModified\":\"2023-02-10T15:28:39+00:00\",\"mainEntityOfPage\":{\"@id\":\"https:\\\/\\\/www.bbmnoticias.com\\\/labravaradiofm\\\/2023\\\/02\\\/10\\\/reconoce-imss-oaxaca-trabajo-de-mujeres-medicas-en-su-dia\\\/\"},\"wordCount\":286,\"image\":{\"@id\":\"https:\\\/\\\/www.bbmnoticias.com\\\/labravaradiofm\\\/2023\\\/02\\\/10\\\/reconoce-imss-oaxaca-trabajo-de-mujeres-medicas-en-su-dia\\\/#primaryimage\"},\"thumbnailUrl\":\"https:\\\/\\\/www.bbmnoticias.com\\\/labravaradiofm\\\/wp-content\\\/uploads\\\/sites\\\/5\\\/2023\\\/02\\\/mujeres-medicas.jpg\",\"articleSection\":[\"LOCAL\"],\"inLanguage\":\"es\"},{\"@type\":\"WebPage\",\"@id\":\"https:\\\/\\\/www.bbmnoticias.com\\\/labravaradiofm\\\/2023\\\/02\\\/10\\\/reconoce-imss-oaxaca-trabajo-de-mujeres-medicas-en-su-dia\\\/\",\"url\":\"https:\\\/\\\/www.bbmnoticias.com\\\/labravaradiofm\\\/2023\\\/02\\\/10\\\/reconoce-imss-oaxaca-trabajo-de-mujeres-medicas-en-su-dia\\\/\",\"name\":\"Reconoce IMSS Oaxaca trabajo de mujeres m\u00e9dicas en su d\u00eda - LA BRAVA RADIO\",\"isPartOf\":{\"@id\":\"https:\\\/\\\/www.bbmnoticias.com\\\/labravaradiofm\\\/#website\"},\"primaryImageOfPage\":{\"@id\":\"https:\\\/\\\/www.bbmnoticias.com\\\/labravaradiofm\\\/2023\\\/02\\\/10\\\/reconoce-imss-oaxaca-trabajo-de-mujeres-medicas-en-su-dia\\\/#primaryimage\"},\"image\":{\"@id\":\"https:\\\/\\\/www.bbmnoticias.com\\\/labravaradiofm\\\/2023\\\/02\\\/10\\\/reconoce-imss-oaxaca-trabajo-de-mujeres-medicas-en-su-dia\\\/#primaryimage\"},\"thumbnailUrl\":\"https:\\\/\\\/www.bbmnoticias.com\\\/labravaradiofm\\\/wp-content\\\/uploads\\\/sites\\\/5\\\/2023\\\/02\\\/mujeres-medicas.jpg\",\"datePublished\":\"2023-02-10T15:28:38+00:00\",\"dateModified\":\"2023-02-10T15:28:39+00:00\",\"author\":{\"@id\":\"https:\\\/\\\/www.bbmnoticias.com\\\/labravaradiofm\\\/#\\\/schema\\\/person\\\/68a9e9036ef3c5b55aeb2b71dc8bab45\"},\"breadcrumb\":{\"@id\":\"https:\\\/\\\/www.bbmnoticias.com\\\/labravaradiofm\\\/2023\\\/02\\\/10\\\/reconoce-imss-oaxaca-trabajo-de-mujeres-medicas-en-su-dia\\\/#breadcrumb\"},\"inLanguage\":\"es\",\"potentialAction\":[{\"@type\":\"ReadAction\",\"target\":[\"https:\\\/\\\/www.bbmnoticias.com\\\/labravaradiofm\\\/2023\\\/02\\\/10\\\/reconoce-imss-oaxaca-trabajo-de-mujeres-medicas-en-su-dia\\\/\"]}]},{\"@type\":\"ImageObject\",\"inLanguage\":\"es\",\"@id\":\"https:\\\/\\\/www.bbmnoticias.com\\\/labravaradiofm\\\/2023\\\/02\\\/10\\\/reconoce-imss-oaxaca-trabajo-de-mujeres-medicas-en-su-dia\\\/#primaryimage\",\"url\":\"https:\\\/\\\/www.bbmnoticias.com\\\/labravaradiofm\\\/wp-content\\\/uploads\\\/sites\\\/5\\\/2023\\\/02\\\/mujeres-medicas.jpg\",\"contentUrl\":\"https:\\\/\\\/www.bbmnoticias.com\\\/labravaradiofm\\\/wp-content\\\/uploads\\\/sites\\\/5\\\/2023\\\/02\\\/mujeres-medicas.jpg\",\"width\":720,\"height\":477},{\"@type\":\"BreadcrumbList\",\"@id\":\"https:\\\/\\\/www.bbmnoticias.com\\\/labravaradiofm\\\/2023\\\/02\\\/10\\\/reconoce-imss-oaxaca-trabajo-de-mujeres-medicas-en-su-dia\\\/#breadcrumb\",\"itemListElement\":[{\"@type\":\"ListItem\",\"position\":1,\"name\":\"Inicio\",\"item\":\"https:\\\/\\\/www.bbmnoticias.com\\\/labravaradiofm\\\/\"},{\"@type\":\"ListItem\",\"position\":2,\"name\":\"Reconoce IMSS Oaxaca trabajo de mujeres m\u00e9dicas en su d\u00eda\"}]},{\"@type\":\"WebSite\",\"@id\":\"https:\\\/\\\/www.bbmnoticias.com\\\/labravaradiofm\\\/#website\",\"url\":\"https:\\\/\\\/www.bbmnoticias.com\\\/labravaradiofm\\\/\",\"name\":\"LA BRAVA RADIO\",\"description\":\"Empresa productora de medios, Radiodifusi\u00f3n, Noticias, tendencias y todo lo que necesitas saber de la pol\u00edtica mexicana e internacional; entretenimiento, espect\u00e1culos, salud y mucho m\u00e1s.\",\"potentialAction\":[{\"@type\":\"SearchAction\",\"target\":{\"@type\":\"EntryPoint\",\"urlTemplate\":\"https:\\\/\\\/www.bbmnoticias.com\\\/labravaradiofm\\\/?s={search_term_string}\"},\"query-input\":{\"@type\":\"PropertyValueSpecification\",\"valueRequired\":true,\"valueName\":\"search_term_string\"}}],\"inLanguage\":\"es\"},{\"@type\":\"Person\",\"@id\":\"https:\\\/\\\/www.bbmnoticias.com\\\/labravaradiofm\\\/#\\\/schema\\\/person\\\/68a9e9036ef3c5b55aeb2b71dc8bab45\",\"name\":\"Staff\",\"image\":{\"@type\":\"ImageObject\",\"inLanguage\":\"es\",\"@id\":\"https:\\\/\\\/secure.gravatar.com\\\/avatar\\\/fdd21ad66fd8b98c407f9dee5b5e588cfe7f0d8579ec20fa6527cd59bab7f0f0?s=96&d=mm&r=g\",\"url\":\"https:\\\/\\\/secure.gravatar.com\\\/avatar\\\/fdd21ad66fd8b98c407f9dee5b5e588cfe7f0d8579ec20fa6527cd59bab7f0f0?s=96&d=mm&r=g\",\"contentUrl\":\"https:\\\/\\\/secure.gravatar.com\\\/avatar\\\/fdd21ad66fd8b98c407f9dee5b5e588cfe7f0d8579ec20fa6527cd59bab7f0f0?s=96&d=mm&r=g\",\"caption\":\"Staff\"},\"url\":\"https:\\\/\\\/www.bbmnoticias.com\\\/labravaradiofm\\\/author\\\/redaccion\\\/\"}]}<\/script>\n<!-- \/ Yoast SEO plugin. -->","yoast_head_json":{"title":"Reconoce IMSS Oaxaca trabajo de mujeres m\u00e9dicas en su d\u00eda - LA BRAVA RADIO","robots":{"index":"index","follow":"follow","max-snippet":"max-snippet:-1","max-image-preview":"max-image-preview:large","max-video-preview":"max-video-preview:-1"},"canonical":"https:\/\/www.bbmnoticias.com\/labravaradiofm\/2023\/02\/10\/reconoce-imss-oaxaca-trabajo-de-mujeres-medicas-en-su-dia\/","og_locale":"es_MX","og_type":"article","og_title":"Reconoce IMSS Oaxaca trabajo de mujeres m\u00e9dicas en su d\u00eda - LA BRAVA RADIO","og_description":"En el marco del D\u00eda de la Mujer M\u00e9dica, que se conmemora el 11 de febrero, la representaci\u00f3n del Instituto Mexicano del Seguro Social (IMSS) en Oaxaca reconoce la importante labor que realizan tanto m\u00e9dicas del R\u00e9gimen Ordinario como de IMSS\u2013BIENESTAR. Esta conmemoraci\u00f3n surge como un tributo a la doctora de origen ingl\u00e9s Elizabeth Blackwell, [&hellip;]","og_url":"https:\/\/www.bbmnoticias.com\/labravaradiofm\/2023\/02\/10\/reconoce-imss-oaxaca-trabajo-de-mujeres-medicas-en-su-dia\/","og_site_name":"LA BRAVA RADIO","article_published_time":"2023-02-10T15:28:38+00:00","article_modified_time":"2023-02-10T15:28:39+00:00","og_image":[{"width":720,"height":477,"url":"https:\/\/www.bbmnoticias.com\/labravaradiofm\/wp-content\/uploads\/sites\/5\/2023\/02\/mujeres-medicas.jpg","type":"image\/jpeg"}],"author":"Staff","twitter_card":"summary_large_image","twitter_misc":{"Escrito por":"Staff","Tiempo de lectura":"2 minutos"},"schema":{"@context":"https:\/\/schema.org","@graph":[{"@type":"Article","@id":"https:\/\/www.bbmnoticias.com\/labravaradiofm\/2023\/02\/10\/reconoce-imss-oaxaca-trabajo-de-mujeres-medicas-en-su-dia\/#article","isPartOf":{"@id":"https:\/\/www.bbmnoticias.com\/labravaradiofm\/2023\/02\/10\/reconoce-imss-oaxaca-trabajo-de-mujeres-medicas-en-su-dia\/"},"author":{"name":"Staff","@id":"https:\/\/www.bbmnoticias.com\/labravaradiofm\/#\/schema\/person\/68a9e9036ef3c5b55aeb2b71dc8bab45"},"headline":"Reconoce IMSS Oaxaca trabajo de mujeres m\u00e9dicas en su d\u00eda","datePublished":"2023-02-10T15:28:38+00:00","dateModified":"2023-02-10T15:28:39+00:00","mainEntityOfPage":{"@id":"https:\/\/www.bbmnoticias.com\/labravaradiofm\/2023\/02\/10\/reconoce-imss-oaxaca-trabajo-de-mujeres-medicas-en-su-dia\/"},"wordCount":286,"image":{"@id":"https:\/\/www.bbmnoticias.com\/labravaradiofm\/2023\/02\/10\/reconoce-imss-oaxaca-trabajo-de-mujeres-medicas-en-su-dia\/#primaryimage"},"thumbnailUrl":"https:\/\/www.bbmnoticias.com\/labravaradiofm\/wp-content\/uploads\/sites\/5\/2023\/02\/mujeres-medicas.jpg","articleSection":["LOCAL"],"inLanguage":"es"},{"@type":"WebPage","@id":"https:\/\/www.bbmnoticias.com\/labravaradiofm\/2023\/02\/10\/reconoce-imss-oaxaca-trabajo-de-mujeres-medicas-en-su-dia\/","url":"https:\/\/www.bbmnoticias.com\/labravaradiofm\/2023\/02\/10\/reconoce-imss-oaxaca-trabajo-de-mujeres-medicas-en-su-dia\/","name":"Reconoce IMSS Oaxaca trabajo de mujeres m\u00e9dicas en su d\u00eda - LA BRAVA RADIO","isPartOf":{"@id":"https:\/\/www.bbmnoticias.com\/labravaradiofm\/#website"},"primaryImageOfPage":{"@id":"https:\/\/www.bbmnoticias.com\/labravaradiofm\/2023\/02\/10\/reconoce-imss-oaxaca-trabajo-de-mujeres-medicas-en-su-dia\/#primaryimage"},"image":{"@id":"https:\/\/www.bbmnoticias.com\/labravaradiofm\/2023\/02\/10\/reconoce-imss-oaxaca-trabajo-de-mujeres-medicas-en-su-dia\/#primaryimage"},"thumbnailUrl":"https:\/\/www.bbmnoticias.com\/labravaradiofm\/wp-content\/uploads\/sites\/5\/2023\/02\/mujeres-medicas.jpg","datePublished":"2023-02-10T15:28:38+00:00","dateModified":"2023-02-10T15:28:39+00:00","author":{"@id":"https:\/\/www.bbmnoticias.com\/labravaradiofm\/#\/schema\/person\/68a9e9036ef3c5b55aeb2b71dc8bab45"},"breadcrumb":{"@id":"https:\/\/www.bbmnoticias.com\/labravaradiofm\/2023\/02\/10\/reconoce-imss-oaxaca-trabajo-de-mujeres-medicas-en-su-dia\/#breadcrumb"},"inLanguage":"es","potentialAction":[{"@type":"ReadAction","target":["https:\/\/www.bbmnoticias.com\/labravaradiofm\/2023\/02\/10\/reconoce-imss-oaxaca-trabajo-de-mujeres-medicas-en-su-dia\/"]}]},{"@type":"ImageObject","inLanguage":"es","@id":"https:\/\/www.bbmnoticias.com\/labravaradiofm\/2023\/02\/10\/reconoce-imss-oaxaca-trabajo-de-mujeres-medicas-en-su-dia\/#primaryimage","url":"https:\/\/www.bbmnoticias.com\/labravaradiofm\/wp-content\/uploads\/sites\/5\/2023\/02\/mujeres-medicas.jpg","contentUrl":"https:\/\/www.bbmnoticias.com\/labravaradiofm\/wp-content\/uploads\/sites\/5\/2023\/02\/mujeres-medicas.jpg","width":720,"height":477},{"@type":"BreadcrumbList","@id":"https:\/\/www.bbmnoticias.com\/labravaradiofm\/2023\/02\/10\/reconoce-imss-oaxaca-trabajo-de-mujeres-medicas-en-su-dia\/#breadcrumb","itemListElement":[{"@type":"ListItem","position":1,"name":"Inicio","item":"https:\/\/www.bbmnoticias.com\/labravaradiofm\/"},{"@type":"ListItem","position":2,"name":"Reconoce IMSS Oaxaca trabajo de mujeres m\u00e9dicas en su d\u00eda"}]},{"@type":"WebSite","@id":"https:\/\/www.bbmnoticias.com\/labravaradiofm\/#website","url":"https:\/\/www.bbmnoticias.com\/labravaradiofm\/","name":"LA BRAVA RADIO","description":"Empresa productora de medios, Radiodifusi\u00f3n, Noticias, tendencias y todo lo que necesitas saber de la pol\u00edtica mexicana e internacional; entretenimiento, espect\u00e1culos, salud y mucho m\u00e1s.","potentialAction":[{"@type":"SearchAction","target":{"@type":"EntryPoint","urlTemplate":"https:\/\/www.bbmnoticias.com\/labravaradiofm\/?s={search_term_string}"},"query-input":{"@type":"PropertyValueSpecification","valueRequired":true,"valueName":"search_term_string"}}],"inLanguage":"es"},{"@type":"Person","@id":"https:\/\/www.bbmnoticias.com\/labravaradiofm\/#\/schema\/person\/68a9e9036ef3c5b55aeb2b71dc8bab45","name":"Staff","image":{"@type":"ImageObject","inLanguage":"es","@id":"https:\/\/secure.gravatar.com\/avatar\/fdd21ad66fd8b98c407f9dee5b5e588cfe7f0d8579ec20fa6527cd59bab7f0f0?s=96&d=mm&r=g","url":"https:\/\/secure.gravatar.com\/avatar\/fdd21ad66fd8b98c407f9dee5b5e588cfe7f0d8579ec20fa6527cd59bab7f0f0?s=96&d=mm&r=g","contentUrl":"https:\/\/secure.gravatar.com\/avatar\/fdd21ad66fd8b98c407f9dee5b5e588cfe7f0d8579ec20fa6527cd59bab7f0f0?s=96&d=mm&r=g","caption":"Staff"},"url":"https:\/\/www.bbmnoticias.com\/labravaradiofm\/author\/redaccion\/"}]}},"_links":{"self":[{"href":"https:\/\/www.bbmnoticias.com\/labravaradiofm\/wp-json\/wp\/v2\/posts\/23440","targetHints":{"allow":["GET"]}}],"collection":[{"href":"https:\/\/www.bbmnoticias.com\/labravaradiofm\/wp-json\/wp\/v2\/posts"}],"about":[{"href":"https:\/\/www.bbmnoticias.com\/labravaradiofm\/wp-json\/wp\/v2\/types\/post"}],"author":[{"embeddable":true,"href":"https:\/\/www.bbmnoticias.com\/labravaradiofm\/wp-json\/wp\/v2\/users\/2"}],"replies":[{"embeddable":true,"href":"https:\/\/www.bbmnoticias.com\/labravaradiofm\/wp-json\/wp\/v2\/comments?post=23440"}],"version-history":[{"count":0,"href":"https:\/\/www.bbmnoticias.com\/labravaradiofm\/wp-json\/wp\/v2\/posts\/23440\/revisions"}],"wp:featuredmedia":[{"embeddable":true,"href":"https:\/\/www.bbmnoticias.com\/labravaradiofm\/wp-json\/wp\/v2\/media\/23441"}],"wp:attachment":[{"href":"https:\/\/www.bbmnoticias.com\/labravaradiofm\/wp-json\/wp\/v2\/media?parent=23440"}],"wp:term":[{"taxonomy":"category","embeddable":true,"href":"https:\/\/www.bbmnoticias.com\/labravaradiofm\/wp-json\/wp\/v2\/categories?post=23440"},{"taxonomy":"post_tag","embeddable":true,"href":"https:\/\/www.bbmnoticias.com\/labravaradiofm\/wp-json\/wp\/v2\/tags?post=23440"}],"curies":[{"name":"wp","href":"https:\/\/api.w.org\/{rel}","templated":true}]}}