{"id":2315,"date":"2021-09-22T16:25:53","date_gmt":"2021-09-22T21:25:53","guid":{"rendered":"https:\/\/www.bbmnoticias.com\/labravaradiofm\/?p=2315"},"modified":"2021-09-22T16:26:48","modified_gmt":"2021-09-22T21:26:48","slug":"con-ambulancias-nuevas-y-equipadas-mejoramos-la-movilidad-de-personas-que-necesitan-ser-trasladadas-por-urgencia-medica-imm","status":"publish","type":"post","link":"https:\/\/www.bbmnoticias.com\/labravaradiofm\/2021\/09\/22\/con-ambulancias-nuevas-y-equipadas-mejoramos-la-movilidad-de-personas-que-necesitan-ser-trasladadas-por-urgencia-medica-imm\/","title":{"rendered":"Con ambulancias nuevas y equipadas, mejoramos la movilidad de personas que necesitan ser trasladadas por urgencia m\u00e9dica: IMM"},"content":{"rendered":"<div style=\"margin-top: 0px; margin-bottom: 0px;\" class=\"sharethis-inline-share-buttons\" ><\/div>\n<p>Con el objetivo de apoyar y facilitar los traslados m\u00e9dicos a las poblaciones que no cuentan con estas unidades, especialmente en estos tiempos de pandemia, la presidenta honoraria del Sistema DIF Oaxaca, Ivette Mor\u00e1n de Murat, en compa\u00f1\u00eda de Christian Holm Rodr\u00edguez, director general de este organismo asistencial, entreg\u00f3 una ambulancia nueva y equipada al municipio de Santiago Texcalcingo, ubicado en la regi\u00f3n de la ca\u00f1ada.<\/p>\n\n\n\n<p>La esposa del Mandatario Oaxaque\u00f1o destac\u00f3 que estas entregas son muy significativas, ya que se atiende la petici\u00f3n de las autoridades municipales en materia de salud, cumpliendo el compromiso de su esposo, el gobernador Alejandro Murat Hinojosa, de ser una administraci\u00f3n cercana a la gente.<\/p>\n\n\n\n<p>&#8220;No solo se trata de cumplir, sino de trabajar coordinadamente con las autoridades municipales para resolver los problemas que aquejan a su poblaci\u00f3n. Contar con herramientas que auxilien a la poblaci\u00f3n, sobre todo, en materia de salud, es una prioridad que debe ser atendida de manera r\u00e1pida y eficiente&#8221;, subray\u00f3 la presidenta del DIF Estatal.<\/p>\n\n\n\n<p>Rub\u00e9n Carrera L\u00f3pez, presidente municipal de Santiago Texcalcingo, expres\u00f3 sentirse contento con esta entrega, pues ser\u00e1 de mucha ayuda para su municipio, m\u00e1s en estos tiempos de contingencia ocasionado por la COVID-19.<\/p>\n\n\n\n<p>&#8220;Hoy Santiago Texcalcingo cuenta con una ambulancia de traslados nueva, equipada y funcional, como autoridad nos sentimos agradecidos por el apoyo y respaldo de usted se\u00f1ora Ivette, as\u00ed como el de su esposo, el gobernador Alejandro Murat Hinojosa&#8221;, recalc\u00f3 el presidente municipal.<\/p>\n\n\n\n<p>Para finalizar, Ivette Moran de Murat, recalc\u00f3 que, si bien la pandemia ha cambiado la forma de trabajar, acercar y entregar apoyos, estos no se han visto afectados.<\/p>\n\n\n\n<p>&#8220;Nos queda poco m\u00e1s de un a\u00f1o para concluir esta administraci\u00f3n, y el DIF Estatal redoblar\u00e1 esfuerzos para cumplir con las metas y compromisos trazados; Oaxaca seguir\u00e1 creciendo y brindando mejores oportunidades para sus habitantes&#8221;, finaliz\u00f3.<\/p>\n\n\n\n<p>Por otra parte, a trav\u00e9s de las unidades m\u00f3viles, llevamos servicios de medicina general, ginecolog\u00eda, odontolog\u00eda y prevenci\u00f3n infecciosa a todo el estado; en esta ocasi\u00f3n, visitamos el municipio de San Jer\u00f3nimo Taviche, en los valles centrales. El gobierno del maestro Alejandro Murat Hinojosa, reafirma su compromiso de salvaguardar la salud de las oaxaque\u00f1as y los oaxaque\u00f1os.<\/p>\n\n\n\n<p>Crear, Construir, Crecer.<\/p>\n","protected":false},"excerpt":{"rendered":"<p>Con el objetivo de apoyar y facilitar los traslados m\u00e9dicos a las poblaciones que no cuentan con estas unidades, especialmente en estos tiempos de pandemia, la presidenta honoraria del Sistema DIF Oaxaca, Ivette Mor\u00e1n de Murat, en compa\u00f1\u00eda de Christian Holm Rodr\u00edguez, director general de este organismo asistencial, entreg\u00f3 una ambulancia nueva y equipada al [&hellip;]<\/p>\n","protected":false},"author":2,"featured_media":2316,"comment_status":"closed","ping_status":"closed","sticky":false,"template":"","format":"standard","meta":{"footnotes":""},"categories":[2],"tags":[],"class_list":{"0":"post-2315","1":"post","2":"type-post","3":"status-publish","4":"format-standard","5":"has-post-thumbnail","7":"category-oaxaca"},"yoast_head":"<!-- This site is optimized with the Yoast SEO plugin v27.4 - https:\/\/yoast.com\/product\/yoast-seo-wordpress\/ -->\n<title>Con ambulancias nuevas y equipadas, mejoramos la movilidad de personas que necesitan ser trasladadas por urgencia m\u00e9dica: IMM - LA BRAVA RADIO<\/title>\n<meta name=\"robots\" content=\"index, follow, max-snippet:-1, max-image-preview:large, max-video-preview:-1\" \/>\n<link rel=\"canonical\" href=\"https:\/\/www.bbmnoticias.com\/labravaradiofm\/2021\/09\/22\/con-ambulancias-nuevas-y-equipadas-mejoramos-la-movilidad-de-personas-que-necesitan-ser-trasladadas-por-urgencia-medica-imm\/\" \/>\n<meta property=\"og:locale\" content=\"es_MX\" \/>\n<meta property=\"og:type\" content=\"article\" \/>\n<meta property=\"og:title\" content=\"Con ambulancias nuevas y equipadas, mejoramos la movilidad de personas que necesitan ser trasladadas por urgencia m\u00e9dica: IMM - LA BRAVA RADIO\" \/>\n<meta property=\"og:description\" content=\"Con el objetivo de apoyar y facilitar los traslados m\u00e9dicos a las poblaciones que no cuentan con estas unidades, especialmente en estos tiempos de pandemia, la presidenta honoraria del Sistema DIF Oaxaca, Ivette Mor\u00e1n de Murat, en compa\u00f1\u00eda de Christian Holm Rodr\u00edguez, director general de este organismo asistencial, entreg\u00f3 una ambulancia nueva y equipada al [&hellip;]\" \/>\n<meta property=\"og:url\" content=\"https:\/\/www.bbmnoticias.com\/labravaradiofm\/2021\/09\/22\/con-ambulancias-nuevas-y-equipadas-mejoramos-la-movilidad-de-personas-que-necesitan-ser-trasladadas-por-urgencia-medica-imm\/\" \/>\n<meta property=\"og:site_name\" content=\"LA BRAVA RADIO\" \/>\n<meta property=\"article:published_time\" content=\"2021-09-22T21:25:53+00:00\" \/>\n<meta property=\"article:modified_time\" content=\"2021-09-22T21:26:48+00:00\" \/>\n<meta property=\"og:image\" content=\"https:\/\/www.bbmnoticias.com\/labravaradiofm\/wp-content\/uploads\/sites\/5\/2021\/09\/Local1-22.09.21.jpg\" \/>\n\t<meta property=\"og:image:width\" content=\"1024\" \/>\n\t<meta property=\"og:image:height\" content=\"683\" \/>\n\t<meta property=\"og:image:type\" content=\"image\/jpeg\" \/>\n<meta name=\"author\" content=\"Staff\" \/>\n<meta name=\"twitter:card\" content=\"summary_large_image\" \/>\n<meta name=\"twitter:label1\" content=\"Escrito por\" \/>\n\t<meta name=\"twitter:data1\" content=\"Staff\" \/>\n\t<meta name=\"twitter:label2\" content=\"Tiempo de lectura\" \/>\n\t<meta name=\"twitter:data2\" content=\"2 minutos\" \/>\n<script type=\"application\/ld+json\" class=\"yoast-schema-graph\">{\"@context\":\"https:\\\/\\\/schema.org\",\"@graph\":[{\"@type\":\"Article\",\"@id\":\"https:\\\/\\\/www.bbmnoticias.com\\\/labravaradiofm\\\/2021\\\/09\\\/22\\\/con-ambulancias-nuevas-y-equipadas-mejoramos-la-movilidad-de-personas-que-necesitan-ser-trasladadas-por-urgencia-medica-imm\\\/#article\",\"isPartOf\":{\"@id\":\"https:\\\/\\\/www.bbmnoticias.com\\\/labravaradiofm\\\/2021\\\/09\\\/22\\\/con-ambulancias-nuevas-y-equipadas-mejoramos-la-movilidad-de-personas-que-necesitan-ser-trasladadas-por-urgencia-medica-imm\\\/\"},\"author\":{\"name\":\"Staff\",\"@id\":\"https:\\\/\\\/www.bbmnoticias.com\\\/labravaradiofm\\\/#\\\/schema\\\/person\\\/34b139c617a70ea5bef5678bffe4dd7b\"},\"headline\":\"Con ambulancias nuevas y equipadas, mejoramos la movilidad de personas que necesitan ser trasladadas por urgencia m\u00e9dica: IMM\",\"datePublished\":\"2021-09-22T21:25:53+00:00\",\"dateModified\":\"2021-09-22T21:26:48+00:00\",\"mainEntityOfPage\":{\"@id\":\"https:\\\/\\\/www.bbmnoticias.com\\\/labravaradiofm\\\/2021\\\/09\\\/22\\\/con-ambulancias-nuevas-y-equipadas-mejoramos-la-movilidad-de-personas-que-necesitan-ser-trasladadas-por-urgencia-medica-imm\\\/\"},\"wordCount\":411,\"image\":{\"@id\":\"https:\\\/\\\/www.bbmnoticias.com\\\/labravaradiofm\\\/2021\\\/09\\\/22\\\/con-ambulancias-nuevas-y-equipadas-mejoramos-la-movilidad-de-personas-que-necesitan-ser-trasladadas-por-urgencia-medica-imm\\\/#primaryimage\"},\"thumbnailUrl\":\"https:\\\/\\\/www.bbmnoticias.com\\\/labravaradiofm\\\/wp-content\\\/uploads\\\/sites\\\/5\\\/2021\\\/09\\\/Local1-22.09.21.jpg\",\"articleSection\":[\"LOCAL\"],\"inLanguage\":\"es\"},{\"@type\":\"WebPage\",\"@id\":\"https:\\\/\\\/www.bbmnoticias.com\\\/labravaradiofm\\\/2021\\\/09\\\/22\\\/con-ambulancias-nuevas-y-equipadas-mejoramos-la-movilidad-de-personas-que-necesitan-ser-trasladadas-por-urgencia-medica-imm\\\/\",\"url\":\"https:\\\/\\\/www.bbmnoticias.com\\\/labravaradiofm\\\/2021\\\/09\\\/22\\\/con-ambulancias-nuevas-y-equipadas-mejoramos-la-movilidad-de-personas-que-necesitan-ser-trasladadas-por-urgencia-medica-imm\\\/\",\"name\":\"Con ambulancias nuevas y equipadas, mejoramos la movilidad de personas que necesitan ser trasladadas por urgencia m\u00e9dica: IMM - LA BRAVA RADIO\",\"isPartOf\":{\"@id\":\"https:\\\/\\\/www.bbmnoticias.com\\\/labravaradiofm\\\/#website\"},\"primaryImageOfPage\":{\"@id\":\"https:\\\/\\\/www.bbmnoticias.com\\\/labravaradiofm\\\/2021\\\/09\\\/22\\\/con-ambulancias-nuevas-y-equipadas-mejoramos-la-movilidad-de-personas-que-necesitan-ser-trasladadas-por-urgencia-medica-imm\\\/#primaryimage\"},\"image\":{\"@id\":\"https:\\\/\\\/www.bbmnoticias.com\\\/labravaradiofm\\\/2021\\\/09\\\/22\\\/con-ambulancias-nuevas-y-equipadas-mejoramos-la-movilidad-de-personas-que-necesitan-ser-trasladadas-por-urgencia-medica-imm\\\/#primaryimage\"},\"thumbnailUrl\":\"https:\\\/\\\/www.bbmnoticias.com\\\/labravaradiofm\\\/wp-content\\\/uploads\\\/sites\\\/5\\\/2021\\\/09\\\/Local1-22.09.21.jpg\",\"datePublished\":\"2021-09-22T21:25:53+00:00\",\"dateModified\":\"2021-09-22T21:26:48+00:00\",\"author\":{\"@id\":\"https:\\\/\\\/www.bbmnoticias.com\\\/labravaradiofm\\\/#\\\/schema\\\/person\\\/34b139c617a70ea5bef5678bffe4dd7b\"},\"breadcrumb\":{\"@id\":\"https:\\\/\\\/www.bbmnoticias.com\\\/labravaradiofm\\\/2021\\\/09\\\/22\\\/con-ambulancias-nuevas-y-equipadas-mejoramos-la-movilidad-de-personas-que-necesitan-ser-trasladadas-por-urgencia-medica-imm\\\/#breadcrumb\"},\"inLanguage\":\"es\",\"potentialAction\":[{\"@type\":\"ReadAction\",\"target\":[\"https:\\\/\\\/www.bbmnoticias.com\\\/labravaradiofm\\\/2021\\\/09\\\/22\\\/con-ambulancias-nuevas-y-equipadas-mejoramos-la-movilidad-de-personas-que-necesitan-ser-trasladadas-por-urgencia-medica-imm\\\/\"]}]},{\"@type\":\"ImageObject\",\"inLanguage\":\"es\",\"@id\":\"https:\\\/\\\/www.bbmnoticias.com\\\/labravaradiofm\\\/2021\\\/09\\\/22\\\/con-ambulancias-nuevas-y-equipadas-mejoramos-la-movilidad-de-personas-que-necesitan-ser-trasladadas-por-urgencia-medica-imm\\\/#primaryimage\",\"url\":\"https:\\\/\\\/www.bbmnoticias.com\\\/labravaradiofm\\\/wp-content\\\/uploads\\\/sites\\\/5\\\/2021\\\/09\\\/Local1-22.09.21.jpg\",\"contentUrl\":\"https:\\\/\\\/www.bbmnoticias.com\\\/labravaradiofm\\\/wp-content\\\/uploads\\\/sites\\\/5\\\/2021\\\/09\\\/Local1-22.09.21.jpg\",\"width\":1024,\"height\":683},{\"@type\":\"BreadcrumbList\",\"@id\":\"https:\\\/\\\/www.bbmnoticias.com\\\/labravaradiofm\\\/2021\\\/09\\\/22\\\/con-ambulancias-nuevas-y-equipadas-mejoramos-la-movilidad-de-personas-que-necesitan-ser-trasladadas-por-urgencia-medica-imm\\\/#breadcrumb\",\"itemListElement\":[{\"@type\":\"ListItem\",\"position\":1,\"name\":\"Inicio\",\"item\":\"https:\\\/\\\/www.bbmnoticias.com\\\/labravaradiofm\\\/\"},{\"@type\":\"ListItem\",\"position\":2,\"name\":\"Con ambulancias nuevas y equipadas, mejoramos la movilidad de personas que necesitan ser trasladadas por urgencia m\u00e9dica: IMM\"}]},{\"@type\":\"WebSite\",\"@id\":\"https:\\\/\\\/www.bbmnoticias.com\\\/labravaradiofm\\\/#website\",\"url\":\"https:\\\/\\\/www.bbmnoticias.com\\\/labravaradiofm\\\/\",\"name\":\"LA BRAVA RADIO\",\"description\":\"Empresa productora de medios, Radiodifusi\u00f3n, Noticias, tendencias y todo lo que necesitas saber de la pol\u00edtica mexicana e internacional; entretenimiento, espect\u00e1culos, salud y mucho m\u00e1s.\",\"potentialAction\":[{\"@type\":\"SearchAction\",\"target\":{\"@type\":\"EntryPoint\",\"urlTemplate\":\"https:\\\/\\\/www.bbmnoticias.com\\\/labravaradiofm\\\/?s={search_term_string}\"},\"query-input\":{\"@type\":\"PropertyValueSpecification\",\"valueRequired\":true,\"valueName\":\"search_term_string\"}}],\"inLanguage\":\"es\"},{\"@type\":\"Person\",\"@id\":\"https:\\\/\\\/www.bbmnoticias.com\\\/labravaradiofm\\\/#\\\/schema\\\/person\\\/34b139c617a70ea5bef5678bffe4dd7b\",\"name\":\"Staff\",\"image\":{\"@type\":\"ImageObject\",\"inLanguage\":\"es\",\"@id\":\"https:\\\/\\\/secure.gravatar.com\\\/avatar\\\/fdd21ad66fd8b98c407f9dee5b5e588cfe7f0d8579ec20fa6527cd59bab7f0f0?s=96&d=mm&r=g\",\"url\":\"https:\\\/\\\/secure.gravatar.com\\\/avatar\\\/fdd21ad66fd8b98c407f9dee5b5e588cfe7f0d8579ec20fa6527cd59bab7f0f0?s=96&d=mm&r=g\",\"contentUrl\":\"https:\\\/\\\/secure.gravatar.com\\\/avatar\\\/fdd21ad66fd8b98c407f9dee5b5e588cfe7f0d8579ec20fa6527cd59bab7f0f0?s=96&d=mm&r=g\",\"caption\":\"Staff\"},\"url\":\"https:\\\/\\\/www.bbmnoticias.com\\\/labravaradiofm\\\/author\\\/redaccion\\\/\"}]}<\/script>\n<!-- \/ Yoast SEO plugin. -->","yoast_head_json":{"title":"Con ambulancias nuevas y equipadas, mejoramos la movilidad de personas que necesitan ser trasladadas por urgencia m\u00e9dica: IMM - LA BRAVA RADIO","robots":{"index":"index","follow":"follow","max-snippet":"max-snippet:-1","max-image-preview":"max-image-preview:large","max-video-preview":"max-video-preview:-1"},"canonical":"https:\/\/www.bbmnoticias.com\/labravaradiofm\/2021\/09\/22\/con-ambulancias-nuevas-y-equipadas-mejoramos-la-movilidad-de-personas-que-necesitan-ser-trasladadas-por-urgencia-medica-imm\/","og_locale":"es_MX","og_type":"article","og_title":"Con ambulancias nuevas y equipadas, mejoramos la movilidad de personas que necesitan ser trasladadas por urgencia m\u00e9dica: IMM - LA BRAVA RADIO","og_description":"Con el objetivo de apoyar y facilitar los traslados m\u00e9dicos a las poblaciones que no cuentan con estas unidades, especialmente en estos tiempos de pandemia, la presidenta honoraria del Sistema DIF Oaxaca, Ivette Mor\u00e1n de Murat, en compa\u00f1\u00eda de Christian Holm Rodr\u00edguez, director general de este organismo asistencial, entreg\u00f3 una ambulancia nueva y equipada al [&hellip;]","og_url":"https:\/\/www.bbmnoticias.com\/labravaradiofm\/2021\/09\/22\/con-ambulancias-nuevas-y-equipadas-mejoramos-la-movilidad-de-personas-que-necesitan-ser-trasladadas-por-urgencia-medica-imm\/","og_site_name":"LA BRAVA RADIO","article_published_time":"2021-09-22T21:25:53+00:00","article_modified_time":"2021-09-22T21:26:48+00:00","og_image":[{"width":1024,"height":683,"url":"https:\/\/www.bbmnoticias.com\/labravaradiofm\/wp-content\/uploads\/sites\/5\/2021\/09\/Local1-22.09.21.jpg","type":"image\/jpeg"}],"author":"Staff","twitter_card":"summary_large_image","twitter_misc":{"Escrito por":"Staff","Tiempo de lectura":"2 minutos"},"schema":{"@context":"https:\/\/schema.org","@graph":[{"@type":"Article","@id":"https:\/\/www.bbmnoticias.com\/labravaradiofm\/2021\/09\/22\/con-ambulancias-nuevas-y-equipadas-mejoramos-la-movilidad-de-personas-que-necesitan-ser-trasladadas-por-urgencia-medica-imm\/#article","isPartOf":{"@id":"https:\/\/www.bbmnoticias.com\/labravaradiofm\/2021\/09\/22\/con-ambulancias-nuevas-y-equipadas-mejoramos-la-movilidad-de-personas-que-necesitan-ser-trasladadas-por-urgencia-medica-imm\/"},"author":{"name":"Staff","@id":"https:\/\/www.bbmnoticias.com\/labravaradiofm\/#\/schema\/person\/34b139c617a70ea5bef5678bffe4dd7b"},"headline":"Con ambulancias nuevas y equipadas, mejoramos la movilidad de personas que necesitan ser trasladadas por urgencia m\u00e9dica: IMM","datePublished":"2021-09-22T21:25:53+00:00","dateModified":"2021-09-22T21:26:48+00:00","mainEntityOfPage":{"@id":"https:\/\/www.bbmnoticias.com\/labravaradiofm\/2021\/09\/22\/con-ambulancias-nuevas-y-equipadas-mejoramos-la-movilidad-de-personas-que-necesitan-ser-trasladadas-por-urgencia-medica-imm\/"},"wordCount":411,"image":{"@id":"https:\/\/www.bbmnoticias.com\/labravaradiofm\/2021\/09\/22\/con-ambulancias-nuevas-y-equipadas-mejoramos-la-movilidad-de-personas-que-necesitan-ser-trasladadas-por-urgencia-medica-imm\/#primaryimage"},"thumbnailUrl":"https:\/\/www.bbmnoticias.com\/labravaradiofm\/wp-content\/uploads\/sites\/5\/2021\/09\/Local1-22.09.21.jpg","articleSection":["LOCAL"],"inLanguage":"es"},{"@type":"WebPage","@id":"https:\/\/www.bbmnoticias.com\/labravaradiofm\/2021\/09\/22\/con-ambulancias-nuevas-y-equipadas-mejoramos-la-movilidad-de-personas-que-necesitan-ser-trasladadas-por-urgencia-medica-imm\/","url":"https:\/\/www.bbmnoticias.com\/labravaradiofm\/2021\/09\/22\/con-ambulancias-nuevas-y-equipadas-mejoramos-la-movilidad-de-personas-que-necesitan-ser-trasladadas-por-urgencia-medica-imm\/","name":"Con ambulancias nuevas y equipadas, mejoramos la movilidad de personas que necesitan ser trasladadas por urgencia m\u00e9dica: IMM - LA BRAVA RADIO","isPartOf":{"@id":"https:\/\/www.bbmnoticias.com\/labravaradiofm\/#website"},"primaryImageOfPage":{"@id":"https:\/\/www.bbmnoticias.com\/labravaradiofm\/2021\/09\/22\/con-ambulancias-nuevas-y-equipadas-mejoramos-la-movilidad-de-personas-que-necesitan-ser-trasladadas-por-urgencia-medica-imm\/#primaryimage"},"image":{"@id":"https:\/\/www.bbmnoticias.com\/labravaradiofm\/2021\/09\/22\/con-ambulancias-nuevas-y-equipadas-mejoramos-la-movilidad-de-personas-que-necesitan-ser-trasladadas-por-urgencia-medica-imm\/#primaryimage"},"thumbnailUrl":"https:\/\/www.bbmnoticias.com\/labravaradiofm\/wp-content\/uploads\/sites\/5\/2021\/09\/Local1-22.09.21.jpg","datePublished":"2021-09-22T21:25:53+00:00","dateModified":"2021-09-22T21:26:48+00:00","author":{"@id":"https:\/\/www.bbmnoticias.com\/labravaradiofm\/#\/schema\/person\/34b139c617a70ea5bef5678bffe4dd7b"},"breadcrumb":{"@id":"https:\/\/www.bbmnoticias.com\/labravaradiofm\/2021\/09\/22\/con-ambulancias-nuevas-y-equipadas-mejoramos-la-movilidad-de-personas-que-necesitan-ser-trasladadas-por-urgencia-medica-imm\/#breadcrumb"},"inLanguage":"es","potentialAction":[{"@type":"ReadAction","target":["https:\/\/www.bbmnoticias.com\/labravaradiofm\/2021\/09\/22\/con-ambulancias-nuevas-y-equipadas-mejoramos-la-movilidad-de-personas-que-necesitan-ser-trasladadas-por-urgencia-medica-imm\/"]}]},{"@type":"ImageObject","inLanguage":"es","@id":"https:\/\/www.bbmnoticias.com\/labravaradiofm\/2021\/09\/22\/con-ambulancias-nuevas-y-equipadas-mejoramos-la-movilidad-de-personas-que-necesitan-ser-trasladadas-por-urgencia-medica-imm\/#primaryimage","url":"https:\/\/www.bbmnoticias.com\/labravaradiofm\/wp-content\/uploads\/sites\/5\/2021\/09\/Local1-22.09.21.jpg","contentUrl":"https:\/\/www.bbmnoticias.com\/labravaradiofm\/wp-content\/uploads\/sites\/5\/2021\/09\/Local1-22.09.21.jpg","width":1024,"height":683},{"@type":"BreadcrumbList","@id":"https:\/\/www.bbmnoticias.com\/labravaradiofm\/2021\/09\/22\/con-ambulancias-nuevas-y-equipadas-mejoramos-la-movilidad-de-personas-que-necesitan-ser-trasladadas-por-urgencia-medica-imm\/#breadcrumb","itemListElement":[{"@type":"ListItem","position":1,"name":"Inicio","item":"https:\/\/www.bbmnoticias.com\/labravaradiofm\/"},{"@type":"ListItem","position":2,"name":"Con ambulancias nuevas y equipadas, mejoramos la movilidad de personas que necesitan ser trasladadas por urgencia m\u00e9dica: IMM"}]},{"@type":"WebSite","@id":"https:\/\/www.bbmnoticias.com\/labravaradiofm\/#website","url":"https:\/\/www.bbmnoticias.com\/labravaradiofm\/","name":"LA BRAVA RADIO","description":"Empresa productora de medios, Radiodifusi\u00f3n, Noticias, tendencias y todo lo que necesitas saber de la pol\u00edtica mexicana e internacional; entretenimiento, espect\u00e1culos, salud y mucho m\u00e1s.","potentialAction":[{"@type":"SearchAction","target":{"@type":"EntryPoint","urlTemplate":"https:\/\/www.bbmnoticias.com\/labravaradiofm\/?s={search_term_string}"},"query-input":{"@type":"PropertyValueSpecification","valueRequired":true,"valueName":"search_term_string"}}],"inLanguage":"es"},{"@type":"Person","@id":"https:\/\/www.bbmnoticias.com\/labravaradiofm\/#\/schema\/person\/34b139c617a70ea5bef5678bffe4dd7b","name":"Staff","image":{"@type":"ImageObject","inLanguage":"es","@id":"https:\/\/secure.gravatar.com\/avatar\/fdd21ad66fd8b98c407f9dee5b5e588cfe7f0d8579ec20fa6527cd59bab7f0f0?s=96&d=mm&r=g","url":"https:\/\/secure.gravatar.com\/avatar\/fdd21ad66fd8b98c407f9dee5b5e588cfe7f0d8579ec20fa6527cd59bab7f0f0?s=96&d=mm&r=g","contentUrl":"https:\/\/secure.gravatar.com\/avatar\/fdd21ad66fd8b98c407f9dee5b5e588cfe7f0d8579ec20fa6527cd59bab7f0f0?s=96&d=mm&r=g","caption":"Staff"},"url":"https:\/\/www.bbmnoticias.com\/labravaradiofm\/author\/redaccion\/"}]}},"_links":{"self":[{"href":"https:\/\/www.bbmnoticias.com\/labravaradiofm\/wp-json\/wp\/v2\/posts\/2315","targetHints":{"allow":["GET"]}}],"collection":[{"href":"https:\/\/www.bbmnoticias.com\/labravaradiofm\/wp-json\/wp\/v2\/posts"}],"about":[{"href":"https:\/\/www.bbmnoticias.com\/labravaradiofm\/wp-json\/wp\/v2\/types\/post"}],"author":[{"embeddable":true,"href":"https:\/\/www.bbmnoticias.com\/labravaradiofm\/wp-json\/wp\/v2\/users\/2"}],"replies":[{"embeddable":true,"href":"https:\/\/www.bbmnoticias.com\/labravaradiofm\/wp-json\/wp\/v2\/comments?post=2315"}],"version-history":[{"count":0,"href":"https:\/\/www.bbmnoticias.com\/labravaradiofm\/wp-json\/wp\/v2\/posts\/2315\/revisions"}],"wp:featuredmedia":[{"embeddable":true,"href":"https:\/\/www.bbmnoticias.com\/labravaradiofm\/wp-json\/wp\/v2\/media\/2316"}],"wp:attachment":[{"href":"https:\/\/www.bbmnoticias.com\/labravaradiofm\/wp-json\/wp\/v2\/media?parent=2315"}],"wp:term":[{"taxonomy":"category","embeddable":true,"href":"https:\/\/www.bbmnoticias.com\/labravaradiofm\/wp-json\/wp\/v2\/categories?post=2315"},{"taxonomy":"post_tag","embeddable":true,"href":"https:\/\/www.bbmnoticias.com\/labravaradiofm\/wp-json\/wp\/v2\/tags?post=2315"}],"curies":[{"name":"wp","href":"https:\/\/api.w.org\/{rel}","templated":true}]}}