{"id":2311,"date":"2021-09-22T14:16:50","date_gmt":"2021-09-22T19:16:50","guid":{"rendered":"https:\/\/www.bbmnoticias.com\/labravaradiofm\/?p=2311"},"modified":"2021-09-22T14:16:51","modified_gmt":"2021-09-22T19:16:51","slug":"garantiza-imss-atencion-integral-a-pacientes-con-covid-19-y-dengue","status":"publish","type":"post","link":"https:\/\/www.bbmnoticias.com\/labravaradiofm\/2021\/09\/22\/garantiza-imss-atencion-integral-a-pacientes-con-covid-19-y-dengue\/","title":{"rendered":"Garantiza IMSS atenci\u00f3n integral a pacientes con COVID-19 y Dengue"},"content":{"rendered":"<div style=\"margin-top: 0px; margin-bottom: 0px;\" class=\"sharethis-inline-share-buttons\" ><\/div>\n<p>En esta \u00e9poca de lluvias existe un alto riesgo de contraer los virus del COVID-19 y Dengue al mismo tiempo, por ello el Instituto Mexicano del Seguro Social (IMSS) cuenta con protocolos de atenci\u00f3n integral para garantizar a los pacientes con estos padecimientos infecciosos un diagn\u00f3stico, tratamiento y seguimiento a su enfermedad.<\/p>\n\n\n\n<p>El doctor Sergio Guti\u00e9rrez Hern\u00e1ndez del Hospital de Infectolog\u00eda del Centro M\u00e9dico Nacional (CMN) La Raza, se\u00f1al\u00f3 que los virus detonantes de ambas enfermedades provocan s\u00edntomas similares como fiebre, dolores musculares, de cabeza, garganta y en los ojos.<\/p>\n\n\n\n<p>Explic\u00f3 que los padecimientos virales pueden ocurrir de forma simult\u00e1nea e incrementar el riesgo de desarrollar complicaciones, respiratorias en el caso del virus del SARS-CoV-2, y\/o circulatorias si se trata del Dengue, agravar el estado de pacientes susceptibles, con colapso del sistema circulatorio, falla de diferentes \u00f3rganos y en conjunto provocar la muerte.<\/p>\n\n\n\n<p>Indic\u00f3 que a fin de prevenir esos escenarios, en el IMSS se implementan las medidas de soporte, tratamientos de emergencia m\u00e9dica, para ri\u00f1\u00f3n, h\u00edgado y aparato respiratorio, evitar alteraciones de la coagulaci\u00f3n, ya sea micro trombosis en COVID-19 y sangrado por baja de plaquetas en Dengue.<\/p>\n\n\n\n<p>El m\u00e9dico infect\u00f3logo abund\u00f3 que para pacientes con coronavirus se les otorga tratamiento antiinflamatorio con esteroides, y se les hospitaliza cuando requieren ox\u00edgeno o tienen factores de riesgo para evoluci\u00f3n desfavorable.<\/p>\n\n\n\n<p>En tanto, refiri\u00f3 que los afectados por Dengue requieren hospitalizaci\u00f3n cuando tienen signos de alarma: dolor abdominal intenso, v\u00f3mito persistente y evidencia cl\u00ednica de acumulaci\u00f3n de l\u00edquidos, hemorragia activa en mucosas, alteraciones neurol\u00f3gicas o de alerta, como letargia o inquietud; e insuficiencia hep\u00e1tica.<\/p>\n\n\n\n<p>Guti\u00e9rrez Hern\u00e1ndez agreg\u00f3 que menores de edad o pacientes con un evento previo de Dengue tambi\u00e9n necesitan vigilancia hospitalaria, por el riesgo de desarrollar choque, la forma grave de la enfermedad.<\/p>\n\n\n\n<p>Por su parte, la epidemi\u00f3loga M\u00f3nica Rivera Mahey, coordinadora de Programa M\u00e9dicos, subray\u00f3 que los s\u00edntomas de COVID-19 van de leves, como resfriado com\u00fan o secreci\u00f3n nasal, a graves, con tos, fiebre muy alta y dificultad respiratoria que se complica hasta iniciar s\u00edntomas de neumon\u00eda, lo cual requiere tratamiento ambulatorio u hospitalizaci\u00f3n.<\/p>\n\n\n\n<p>Expuso que algunas personas llegan a ser asintom\u00e1ticas y s\u00f3lo se percatan que tienen la enfermedad por la p\u00e9rdida del olfato o gusto, en otros casos se presenta dificultad respiratoria repentina, lo que hace urgente vigilar la oxigenaci\u00f3n de pulmones y debe ser atendida m\u00e9dicamente, adem\u00e1s de verificar si es diab\u00e9tica, hipertensa o tiene obesidad.<\/p>\n\n\n\n<p>En cuanto al Dengue, la doctora Rivera Mahey indic\u00f3 que se sospecha de una persona con el virus cuando presenta fiebre, dolor de cabeza muy agudo o intenso, sangrado por nariz o al momento de orinar, que se consideran graves&nbsp; y ameritan atenci\u00f3n de urgencia.<\/p>\n\n\n\n<p>La especialista adscrita a la Divisi\u00f3n de Vigilancia Epidemiol\u00f3gica de Enfermedades Transmisibles del IMSS reiter\u00f3 la recomendaci\u00f3n de no acumular agua en recipientes sin tapadera para evitar criaderos del mosquito transmisor de Dengue en zonas tropicales o subtropicales.<\/p>\n\n\n\n<p>Adem\u00e1s, en los lugares donde es \u00e9poca de lluvias no se debe salir al final de la tarde ni al iniciar la ma\u00f1ana, porque hay m\u00e1s presencia de este vector, evitar la ropa oscura, perfumes u olores muy fuertes; utilizar repelente corporal todo el tiempo que se est\u00e1 expuesto en lugares donde hay mosquitos; y por la noche usar mallas protectoras.<\/p>\n\n\n\n<p>La coordinadora de Programa M\u00e9dicos, M\u00f3nica Rivera Mahey, subray\u00f3 el llamado a la poblaci\u00f3n para que mantenga las medidas sanitarias contra el COVID-19: uso de cubrebocas, higiene de manos con agua y jab\u00f3n o con alcohol en gel, sana distancia, no acudir a reuniones numerosas.<\/p>\n","protected":false},"excerpt":{"rendered":"<p>En esta \u00e9poca de lluvias existe un alto riesgo de contraer los virus del COVID-19 y Dengue al mismo tiempo, por ello el Instituto Mexicano del Seguro Social (IMSS) cuenta con protocolos de atenci\u00f3n integral para garantizar a los pacientes con estos padecimientos infecciosos un diagn\u00f3stico, tratamiento y seguimiento a su enfermedad. El doctor Sergio [&hellip;]<\/p>\n","protected":false},"author":2,"featured_media":2312,"comment_status":"closed","ping_status":"closed","sticky":false,"template":"","format":"standard","meta":{"footnotes":""},"categories":[19],"tags":[],"class_list":{"0":"post-2311","1":"post","2":"type-post","3":"status-publish","4":"format-standard","5":"has-post-thumbnail","7":"category-nacional"},"yoast_head":"<!-- This site is optimized with the Yoast SEO plugin v27.4 - https:\/\/yoast.com\/product\/yoast-seo-wordpress\/ -->\n<title>Garantiza IMSS atenci\u00f3n integral a pacientes con COVID-19 y Dengue - LA BRAVA RADIO<\/title>\n<meta name=\"robots\" content=\"index, follow, max-snippet:-1, max-image-preview:large, max-video-preview:-1\" \/>\n<link rel=\"canonical\" href=\"https:\/\/www.bbmnoticias.com\/labravaradiofm\/2021\/09\/22\/garantiza-imss-atencion-integral-a-pacientes-con-covid-19-y-dengue\/\" \/>\n<meta property=\"og:locale\" content=\"es_MX\" \/>\n<meta property=\"og:type\" content=\"article\" \/>\n<meta property=\"og:title\" content=\"Garantiza IMSS atenci\u00f3n integral a pacientes con COVID-19 y Dengue - LA BRAVA RADIO\" \/>\n<meta property=\"og:description\" content=\"En esta \u00e9poca de lluvias existe un alto riesgo de contraer los virus del COVID-19 y Dengue al mismo tiempo, por ello el Instituto Mexicano del Seguro Social (IMSS) cuenta con protocolos de atenci\u00f3n integral para garantizar a los pacientes con estos padecimientos infecciosos un diagn\u00f3stico, tratamiento y seguimiento a su enfermedad. El doctor Sergio [&hellip;]\" \/>\n<meta property=\"og:url\" content=\"https:\/\/www.bbmnoticias.com\/labravaradiofm\/2021\/09\/22\/garantiza-imss-atencion-integral-a-pacientes-con-covid-19-y-dengue\/\" \/>\n<meta property=\"og:site_name\" content=\"LA BRAVA RADIO\" \/>\n<meta property=\"article:published_time\" content=\"2021-09-22T19:16:50+00:00\" \/>\n<meta property=\"article:modified_time\" content=\"2021-09-22T19:16:51+00:00\" \/>\n<meta property=\"og:image\" content=\"https:\/\/www.bbmnoticias.com\/labravaradiofm\/wp-content\/uploads\/sites\/5\/2021\/09\/nacional22092021-12.jpg\" \/>\n\t<meta property=\"og:image:width\" content=\"1280\" \/>\n\t<meta property=\"og:image:height\" content=\"847\" \/>\n\t<meta property=\"og:image:type\" content=\"image\/jpeg\" \/>\n<meta name=\"author\" content=\"Staff\" \/>\n<meta name=\"twitter:card\" content=\"summary_large_image\" \/>\n<meta name=\"twitter:label1\" content=\"Escrito por\" \/>\n\t<meta name=\"twitter:data1\" content=\"Staff\" \/>\n\t<meta name=\"twitter:label2\" content=\"Tiempo de lectura\" \/>\n\t<meta name=\"twitter:data2\" content=\"3 minutos\" \/>\n<script type=\"application\/ld+json\" class=\"yoast-schema-graph\">{\"@context\":\"https:\\\/\\\/schema.org\",\"@graph\":[{\"@type\":\"Article\",\"@id\":\"https:\\\/\\\/www.bbmnoticias.com\\\/labravaradiofm\\\/2021\\\/09\\\/22\\\/garantiza-imss-atencion-integral-a-pacientes-con-covid-19-y-dengue\\\/#article\",\"isPartOf\":{\"@id\":\"https:\\\/\\\/www.bbmnoticias.com\\\/labravaradiofm\\\/2021\\\/09\\\/22\\\/garantiza-imss-atencion-integral-a-pacientes-con-covid-19-y-dengue\\\/\"},\"author\":{\"name\":\"Staff\",\"@id\":\"https:\\\/\\\/www.bbmnoticias.com\\\/labravaradiofm\\\/#\\\/schema\\\/person\\\/34b139c617a70ea5bef5678bffe4dd7b\"},\"headline\":\"Garantiza IMSS atenci\u00f3n integral a pacientes con COVID-19 y Dengue\",\"datePublished\":\"2021-09-22T19:16:50+00:00\",\"dateModified\":\"2021-09-22T19:16:51+00:00\",\"mainEntityOfPage\":{\"@id\":\"https:\\\/\\\/www.bbmnoticias.com\\\/labravaradiofm\\\/2021\\\/09\\\/22\\\/garantiza-imss-atencion-integral-a-pacientes-con-covid-19-y-dengue\\\/\"},\"wordCount\":657,\"image\":{\"@id\":\"https:\\\/\\\/www.bbmnoticias.com\\\/labravaradiofm\\\/2021\\\/09\\\/22\\\/garantiza-imss-atencion-integral-a-pacientes-con-covid-19-y-dengue\\\/#primaryimage\"},\"thumbnailUrl\":\"https:\\\/\\\/www.bbmnoticias.com\\\/labravaradiofm\\\/wp-content\\\/uploads\\\/sites\\\/5\\\/2021\\\/09\\\/nacional22092021-12.jpg\",\"articleSection\":[\"NACIONAL\"],\"inLanguage\":\"es\"},{\"@type\":\"WebPage\",\"@id\":\"https:\\\/\\\/www.bbmnoticias.com\\\/labravaradiofm\\\/2021\\\/09\\\/22\\\/garantiza-imss-atencion-integral-a-pacientes-con-covid-19-y-dengue\\\/\",\"url\":\"https:\\\/\\\/www.bbmnoticias.com\\\/labravaradiofm\\\/2021\\\/09\\\/22\\\/garantiza-imss-atencion-integral-a-pacientes-con-covid-19-y-dengue\\\/\",\"name\":\"Garantiza IMSS atenci\u00f3n integral a pacientes con COVID-19 y Dengue - LA BRAVA RADIO\",\"isPartOf\":{\"@id\":\"https:\\\/\\\/www.bbmnoticias.com\\\/labravaradiofm\\\/#website\"},\"primaryImageOfPage\":{\"@id\":\"https:\\\/\\\/www.bbmnoticias.com\\\/labravaradiofm\\\/2021\\\/09\\\/22\\\/garantiza-imss-atencion-integral-a-pacientes-con-covid-19-y-dengue\\\/#primaryimage\"},\"image\":{\"@id\":\"https:\\\/\\\/www.bbmnoticias.com\\\/labravaradiofm\\\/2021\\\/09\\\/22\\\/garantiza-imss-atencion-integral-a-pacientes-con-covid-19-y-dengue\\\/#primaryimage\"},\"thumbnailUrl\":\"https:\\\/\\\/www.bbmnoticias.com\\\/labravaradiofm\\\/wp-content\\\/uploads\\\/sites\\\/5\\\/2021\\\/09\\\/nacional22092021-12.jpg\",\"datePublished\":\"2021-09-22T19:16:50+00:00\",\"dateModified\":\"2021-09-22T19:16:51+00:00\",\"author\":{\"@id\":\"https:\\\/\\\/www.bbmnoticias.com\\\/labravaradiofm\\\/#\\\/schema\\\/person\\\/34b139c617a70ea5bef5678bffe4dd7b\"},\"breadcrumb\":{\"@id\":\"https:\\\/\\\/www.bbmnoticias.com\\\/labravaradiofm\\\/2021\\\/09\\\/22\\\/garantiza-imss-atencion-integral-a-pacientes-con-covid-19-y-dengue\\\/#breadcrumb\"},\"inLanguage\":\"es\",\"potentialAction\":[{\"@type\":\"ReadAction\",\"target\":[\"https:\\\/\\\/www.bbmnoticias.com\\\/labravaradiofm\\\/2021\\\/09\\\/22\\\/garantiza-imss-atencion-integral-a-pacientes-con-covid-19-y-dengue\\\/\"]}]},{\"@type\":\"ImageObject\",\"inLanguage\":\"es\",\"@id\":\"https:\\\/\\\/www.bbmnoticias.com\\\/labravaradiofm\\\/2021\\\/09\\\/22\\\/garantiza-imss-atencion-integral-a-pacientes-con-covid-19-y-dengue\\\/#primaryimage\",\"url\":\"https:\\\/\\\/www.bbmnoticias.com\\\/labravaradiofm\\\/wp-content\\\/uploads\\\/sites\\\/5\\\/2021\\\/09\\\/nacional22092021-12.jpg\",\"contentUrl\":\"https:\\\/\\\/www.bbmnoticias.com\\\/labravaradiofm\\\/wp-content\\\/uploads\\\/sites\\\/5\\\/2021\\\/09\\\/nacional22092021-12.jpg\",\"width\":1280,\"height\":847},{\"@type\":\"BreadcrumbList\",\"@id\":\"https:\\\/\\\/www.bbmnoticias.com\\\/labravaradiofm\\\/2021\\\/09\\\/22\\\/garantiza-imss-atencion-integral-a-pacientes-con-covid-19-y-dengue\\\/#breadcrumb\",\"itemListElement\":[{\"@type\":\"ListItem\",\"position\":1,\"name\":\"Inicio\",\"item\":\"https:\\\/\\\/www.bbmnoticias.com\\\/labravaradiofm\\\/\"},{\"@type\":\"ListItem\",\"position\":2,\"name\":\"Garantiza IMSS atenci\u00f3n integral a pacientes con COVID-19 y Dengue\"}]},{\"@type\":\"WebSite\",\"@id\":\"https:\\\/\\\/www.bbmnoticias.com\\\/labravaradiofm\\\/#website\",\"url\":\"https:\\\/\\\/www.bbmnoticias.com\\\/labravaradiofm\\\/\",\"name\":\"LA BRAVA RADIO\",\"description\":\"Empresa productora de medios, Radiodifusi\u00f3n, Noticias, tendencias y todo lo que necesitas saber de la pol\u00edtica mexicana e internacional; entretenimiento, espect\u00e1culos, salud y mucho m\u00e1s.\",\"potentialAction\":[{\"@type\":\"SearchAction\",\"target\":{\"@type\":\"EntryPoint\",\"urlTemplate\":\"https:\\\/\\\/www.bbmnoticias.com\\\/labravaradiofm\\\/?s={search_term_string}\"},\"query-input\":{\"@type\":\"PropertyValueSpecification\",\"valueRequired\":true,\"valueName\":\"search_term_string\"}}],\"inLanguage\":\"es\"},{\"@type\":\"Person\",\"@id\":\"https:\\\/\\\/www.bbmnoticias.com\\\/labravaradiofm\\\/#\\\/schema\\\/person\\\/34b139c617a70ea5bef5678bffe4dd7b\",\"name\":\"Staff\",\"image\":{\"@type\":\"ImageObject\",\"inLanguage\":\"es\",\"@id\":\"https:\\\/\\\/secure.gravatar.com\\\/avatar\\\/fdd21ad66fd8b98c407f9dee5b5e588cfe7f0d8579ec20fa6527cd59bab7f0f0?s=96&d=mm&r=g\",\"url\":\"https:\\\/\\\/secure.gravatar.com\\\/avatar\\\/fdd21ad66fd8b98c407f9dee5b5e588cfe7f0d8579ec20fa6527cd59bab7f0f0?s=96&d=mm&r=g\",\"contentUrl\":\"https:\\\/\\\/secure.gravatar.com\\\/avatar\\\/fdd21ad66fd8b98c407f9dee5b5e588cfe7f0d8579ec20fa6527cd59bab7f0f0?s=96&d=mm&r=g\",\"caption\":\"Staff\"},\"url\":\"https:\\\/\\\/www.bbmnoticias.com\\\/labravaradiofm\\\/author\\\/redaccion\\\/\"}]}<\/script>\n<!-- \/ Yoast SEO plugin. -->","yoast_head_json":{"title":"Garantiza IMSS atenci\u00f3n integral a pacientes con COVID-19 y Dengue - LA BRAVA RADIO","robots":{"index":"index","follow":"follow","max-snippet":"max-snippet:-1","max-image-preview":"max-image-preview:large","max-video-preview":"max-video-preview:-1"},"canonical":"https:\/\/www.bbmnoticias.com\/labravaradiofm\/2021\/09\/22\/garantiza-imss-atencion-integral-a-pacientes-con-covid-19-y-dengue\/","og_locale":"es_MX","og_type":"article","og_title":"Garantiza IMSS atenci\u00f3n integral a pacientes con COVID-19 y Dengue - LA BRAVA RADIO","og_description":"En esta \u00e9poca de lluvias existe un alto riesgo de contraer los virus del COVID-19 y Dengue al mismo tiempo, por ello el Instituto Mexicano del Seguro Social (IMSS) cuenta con protocolos de atenci\u00f3n integral para garantizar a los pacientes con estos padecimientos infecciosos un diagn\u00f3stico, tratamiento y seguimiento a su enfermedad. El doctor Sergio [&hellip;]","og_url":"https:\/\/www.bbmnoticias.com\/labravaradiofm\/2021\/09\/22\/garantiza-imss-atencion-integral-a-pacientes-con-covid-19-y-dengue\/","og_site_name":"LA BRAVA RADIO","article_published_time":"2021-09-22T19:16:50+00:00","article_modified_time":"2021-09-22T19:16:51+00:00","og_image":[{"width":1280,"height":847,"url":"https:\/\/www.bbmnoticias.com\/labravaradiofm\/wp-content\/uploads\/sites\/5\/2021\/09\/nacional22092021-12.jpg","type":"image\/jpeg"}],"author":"Staff","twitter_card":"summary_large_image","twitter_misc":{"Escrito por":"Staff","Tiempo de lectura":"3 minutos"},"schema":{"@context":"https:\/\/schema.org","@graph":[{"@type":"Article","@id":"https:\/\/www.bbmnoticias.com\/labravaradiofm\/2021\/09\/22\/garantiza-imss-atencion-integral-a-pacientes-con-covid-19-y-dengue\/#article","isPartOf":{"@id":"https:\/\/www.bbmnoticias.com\/labravaradiofm\/2021\/09\/22\/garantiza-imss-atencion-integral-a-pacientes-con-covid-19-y-dengue\/"},"author":{"name":"Staff","@id":"https:\/\/www.bbmnoticias.com\/labravaradiofm\/#\/schema\/person\/34b139c617a70ea5bef5678bffe4dd7b"},"headline":"Garantiza IMSS atenci\u00f3n integral a pacientes con COVID-19 y Dengue","datePublished":"2021-09-22T19:16:50+00:00","dateModified":"2021-09-22T19:16:51+00:00","mainEntityOfPage":{"@id":"https:\/\/www.bbmnoticias.com\/labravaradiofm\/2021\/09\/22\/garantiza-imss-atencion-integral-a-pacientes-con-covid-19-y-dengue\/"},"wordCount":657,"image":{"@id":"https:\/\/www.bbmnoticias.com\/labravaradiofm\/2021\/09\/22\/garantiza-imss-atencion-integral-a-pacientes-con-covid-19-y-dengue\/#primaryimage"},"thumbnailUrl":"https:\/\/www.bbmnoticias.com\/labravaradiofm\/wp-content\/uploads\/sites\/5\/2021\/09\/nacional22092021-12.jpg","articleSection":["NACIONAL"],"inLanguage":"es"},{"@type":"WebPage","@id":"https:\/\/www.bbmnoticias.com\/labravaradiofm\/2021\/09\/22\/garantiza-imss-atencion-integral-a-pacientes-con-covid-19-y-dengue\/","url":"https:\/\/www.bbmnoticias.com\/labravaradiofm\/2021\/09\/22\/garantiza-imss-atencion-integral-a-pacientes-con-covid-19-y-dengue\/","name":"Garantiza IMSS atenci\u00f3n integral a pacientes con COVID-19 y Dengue - LA BRAVA RADIO","isPartOf":{"@id":"https:\/\/www.bbmnoticias.com\/labravaradiofm\/#website"},"primaryImageOfPage":{"@id":"https:\/\/www.bbmnoticias.com\/labravaradiofm\/2021\/09\/22\/garantiza-imss-atencion-integral-a-pacientes-con-covid-19-y-dengue\/#primaryimage"},"image":{"@id":"https:\/\/www.bbmnoticias.com\/labravaradiofm\/2021\/09\/22\/garantiza-imss-atencion-integral-a-pacientes-con-covid-19-y-dengue\/#primaryimage"},"thumbnailUrl":"https:\/\/www.bbmnoticias.com\/labravaradiofm\/wp-content\/uploads\/sites\/5\/2021\/09\/nacional22092021-12.jpg","datePublished":"2021-09-22T19:16:50+00:00","dateModified":"2021-09-22T19:16:51+00:00","author":{"@id":"https:\/\/www.bbmnoticias.com\/labravaradiofm\/#\/schema\/person\/34b139c617a70ea5bef5678bffe4dd7b"},"breadcrumb":{"@id":"https:\/\/www.bbmnoticias.com\/labravaradiofm\/2021\/09\/22\/garantiza-imss-atencion-integral-a-pacientes-con-covid-19-y-dengue\/#breadcrumb"},"inLanguage":"es","potentialAction":[{"@type":"ReadAction","target":["https:\/\/www.bbmnoticias.com\/labravaradiofm\/2021\/09\/22\/garantiza-imss-atencion-integral-a-pacientes-con-covid-19-y-dengue\/"]}]},{"@type":"ImageObject","inLanguage":"es","@id":"https:\/\/www.bbmnoticias.com\/labravaradiofm\/2021\/09\/22\/garantiza-imss-atencion-integral-a-pacientes-con-covid-19-y-dengue\/#primaryimage","url":"https:\/\/www.bbmnoticias.com\/labravaradiofm\/wp-content\/uploads\/sites\/5\/2021\/09\/nacional22092021-12.jpg","contentUrl":"https:\/\/www.bbmnoticias.com\/labravaradiofm\/wp-content\/uploads\/sites\/5\/2021\/09\/nacional22092021-12.jpg","width":1280,"height":847},{"@type":"BreadcrumbList","@id":"https:\/\/www.bbmnoticias.com\/labravaradiofm\/2021\/09\/22\/garantiza-imss-atencion-integral-a-pacientes-con-covid-19-y-dengue\/#breadcrumb","itemListElement":[{"@type":"ListItem","position":1,"name":"Inicio","item":"https:\/\/www.bbmnoticias.com\/labravaradiofm\/"},{"@type":"ListItem","position":2,"name":"Garantiza IMSS atenci\u00f3n integral a pacientes con COVID-19 y Dengue"}]},{"@type":"WebSite","@id":"https:\/\/www.bbmnoticias.com\/labravaradiofm\/#website","url":"https:\/\/www.bbmnoticias.com\/labravaradiofm\/","name":"LA BRAVA RADIO","description":"Empresa productora de medios, Radiodifusi\u00f3n, Noticias, tendencias y todo lo que necesitas saber de la pol\u00edtica mexicana e internacional; entretenimiento, espect\u00e1culos, salud y mucho m\u00e1s.","potentialAction":[{"@type":"SearchAction","target":{"@type":"EntryPoint","urlTemplate":"https:\/\/www.bbmnoticias.com\/labravaradiofm\/?s={search_term_string}"},"query-input":{"@type":"PropertyValueSpecification","valueRequired":true,"valueName":"search_term_string"}}],"inLanguage":"es"},{"@type":"Person","@id":"https:\/\/www.bbmnoticias.com\/labravaradiofm\/#\/schema\/person\/34b139c617a70ea5bef5678bffe4dd7b","name":"Staff","image":{"@type":"ImageObject","inLanguage":"es","@id":"https:\/\/secure.gravatar.com\/avatar\/fdd21ad66fd8b98c407f9dee5b5e588cfe7f0d8579ec20fa6527cd59bab7f0f0?s=96&d=mm&r=g","url":"https:\/\/secure.gravatar.com\/avatar\/fdd21ad66fd8b98c407f9dee5b5e588cfe7f0d8579ec20fa6527cd59bab7f0f0?s=96&d=mm&r=g","contentUrl":"https:\/\/secure.gravatar.com\/avatar\/fdd21ad66fd8b98c407f9dee5b5e588cfe7f0d8579ec20fa6527cd59bab7f0f0?s=96&d=mm&r=g","caption":"Staff"},"url":"https:\/\/www.bbmnoticias.com\/labravaradiofm\/author\/redaccion\/"}]}},"_links":{"self":[{"href":"https:\/\/www.bbmnoticias.com\/labravaradiofm\/wp-json\/wp\/v2\/posts\/2311","targetHints":{"allow":["GET"]}}],"collection":[{"href":"https:\/\/www.bbmnoticias.com\/labravaradiofm\/wp-json\/wp\/v2\/posts"}],"about":[{"href":"https:\/\/www.bbmnoticias.com\/labravaradiofm\/wp-json\/wp\/v2\/types\/post"}],"author":[{"embeddable":true,"href":"https:\/\/www.bbmnoticias.com\/labravaradiofm\/wp-json\/wp\/v2\/users\/2"}],"replies":[{"embeddable":true,"href":"https:\/\/www.bbmnoticias.com\/labravaradiofm\/wp-json\/wp\/v2\/comments?post=2311"}],"version-history":[{"count":0,"href":"https:\/\/www.bbmnoticias.com\/labravaradiofm\/wp-json\/wp\/v2\/posts\/2311\/revisions"}],"wp:featuredmedia":[{"embeddable":true,"href":"https:\/\/www.bbmnoticias.com\/labravaradiofm\/wp-json\/wp\/v2\/media\/2312"}],"wp:attachment":[{"href":"https:\/\/www.bbmnoticias.com\/labravaradiofm\/wp-json\/wp\/v2\/media?parent=2311"}],"wp:term":[{"taxonomy":"category","embeddable":true,"href":"https:\/\/www.bbmnoticias.com\/labravaradiofm\/wp-json\/wp\/v2\/categories?post=2311"},{"taxonomy":"post_tag","embeddable":true,"href":"https:\/\/www.bbmnoticias.com\/labravaradiofm\/wp-json\/wp\/v2\/tags?post=2311"}],"curies":[{"name":"wp","href":"https:\/\/api.w.org\/{rel}","templated":true}]}}