{"id":2308,"date":"2021-09-22T14:12:37","date_gmt":"2021-09-22T19:12:37","guid":{"rendered":"https:\/\/www.bbmnoticias.com\/labravaradiofm\/?p=2308"},"modified":"2021-09-22T14:12:38","modified_gmt":"2021-09-22T19:12:38","slug":"lo-condenan-a-7-anos-de-prision-por-transporte-de-migrantes","status":"publish","type":"post","link":"https:\/\/www.bbmnoticias.com\/labravaradiofm\/2021\/09\/22\/lo-condenan-a-7-anos-de-prision-por-transporte-de-migrantes\/","title":{"rendered":"Lo condenan a 7 a\u00f1os de prisi\u00f3n por transporte de migrantes"},"content":{"rendered":"<div style=\"margin-top: 0px; margin-bottom: 0px;\" class=\"sharethis-inline-share-buttons\" ><\/div>\n<p>OAXACA, Oax.- El Ministerio P\u00fablico de la Fiscal\u00eda General de la Rep\u00fablica (FGR) en Oaxaca, obtuvo del Juez de Control en procedimiento abreviado, una sentencia condenatoria en contra de una persona por el delito de transporte de migrantes por el territorio nacional, con el fin de obtener directa o indirectamente un lucro con las agravantes previstas en la Ley de Migraci\u00f3n y evasi\u00f3n de presos.<\/p>\n\n\n\n<p>Se\u00f1ala un comunicado que por lo anterior, se le impuso una pena de siete a\u00f1os con 15 d\u00edas de prisi\u00f3n y multa de 336 mil 75 pesos.<\/p>\n\n\n\n<p>De acuerdo a la carpeta de investigaci\u00f3n, el 03 de diciembre del a\u00f1o 2020 elementos de la Guardia Nacional detuvieron a una persona cuando realizaban inspecciones dentro del plan \u201cCarreteras Seguras\u201d, sobre el kil\u00f3metro 219+500, de la carretera Cuacnopalan \u2013 Oaxaca, en la poblaci\u00f3n de San Pablo Etla, Oaxaca, quien transportaba en un veh\u00edculo con placas de circulaci\u00f3n del Estado de Quintana Roo, a 13 personas extranjeras provenientes de Guatemala, de las cuales uno era menor de edad, quienes no pudieron acreditar su legal estancia en el pa\u00eds.<\/p>\n\n\n\n<p>Cabe se\u00f1alar que antes de poner a disposici\u00f3n al imputado ante el agente del Ministerio P\u00fablico de la Federaci\u00f3n, el hoy sentenciado sali\u00f3 de la patrulla para intentar darse a la fuga; sin embargo, fue nuevamente detenido por los elementos aprehensores.<\/p>\n\n\n\n<p>Por los hechos de referencia, el Ministerio P\u00fablico Federal (MPF) integr\u00f3 la carpeta de investigaci\u00f3n correspondiente y determin\u00f3 su judicializaci\u00f3n ante el Juez de Control, del Centro de Justicia Penal Federal en Oaxaca, qui\u00e9n mediante forma anticipada de terminaci\u00f3n del proceso, dict\u00f3 la sentencia de referencia, misma que compurgar\u00e1n en el Centro Federal de Readaptaci\u00f3n Social (CEFERESO) No. 13.<\/p>\n","protected":false},"excerpt":{"rendered":"<p>OAXACA, Oax.- El Ministerio P\u00fablico de la Fiscal\u00eda General de la Rep\u00fablica (FGR) en Oaxaca, obtuvo del Juez de Control en procedimiento abreviado, una sentencia condenatoria en contra de una persona por el delito de transporte de migrantes por el territorio nacional, con el fin de obtener directa o indirectamente un lucro con las agravantes [&hellip;]<\/p>\n","protected":false},"author":5,"featured_media":2309,"comment_status":"closed","ping_status":"closed","sticky":false,"template":"","format":"standard","meta":{"footnotes":""},"categories":[20],"tags":[],"class_list":{"0":"post-2308","1":"post","2":"type-post","3":"status-publish","4":"format-standard","5":"has-post-thumbnail","7":"category-policiaca"},"yoast_head":"<!-- This site is optimized with the Yoast SEO plugin v27.4 - https:\/\/yoast.com\/product\/yoast-seo-wordpress\/ -->\n<title>Lo condenan a 7 a\u00f1os de prisi\u00f3n por transporte de migrantes - LA BRAVA RADIO<\/title>\n<meta name=\"description\" content=\"Por los hechos de referencia, el Ministerio P\u00fablico Federal (MPF) integr\u00f3 la carpeta de investigaci\u00f3n correspondiente\" \/>\n<meta name=\"robots\" content=\"index, follow, max-snippet:-1, max-image-preview:large, max-video-preview:-1\" \/>\n<link rel=\"canonical\" href=\"https:\/\/www.bbmnoticias.com\/labravaradiofm\/2021\/09\/22\/lo-condenan-a-7-anos-de-prision-por-transporte-de-migrantes\/\" \/>\n<meta property=\"og:locale\" content=\"es_MX\" \/>\n<meta property=\"og:type\" content=\"article\" \/>\n<meta property=\"og:title\" content=\"Lo condenan a 7 a\u00f1os de prisi\u00f3n por transporte de migrantes - LA BRAVA RADIO\" \/>\n<meta property=\"og:description\" content=\"Por los hechos de referencia, el Ministerio P\u00fablico Federal (MPF) integr\u00f3 la carpeta de investigaci\u00f3n correspondiente\" \/>\n<meta property=\"og:url\" content=\"https:\/\/www.bbmnoticias.com\/labravaradiofm\/2021\/09\/22\/lo-condenan-a-7-anos-de-prision-por-transporte-de-migrantes\/\" \/>\n<meta property=\"og:site_name\" content=\"LA BRAVA RADIO\" \/>\n<meta property=\"article:published_time\" content=\"2021-09-22T19:12:37+00:00\" \/>\n<meta property=\"article:modified_time\" content=\"2021-09-22T19:12:38+00:00\" \/>\n<meta property=\"og:image\" content=\"https:\/\/www.bbmnoticias.com\/labravaradiofm\/wp-content\/uploads\/sites\/5\/2021\/09\/policiaca22092021-12.jpeg\" \/>\n\t<meta property=\"og:image:width\" content=\"1104\" \/>\n\t<meta property=\"og:image:height\" content=\"622\" \/>\n\t<meta property=\"og:image:type\" content=\"image\/jpeg\" \/>\n<meta name=\"author\" content=\"Quadratin\" \/>\n<meta name=\"twitter:card\" content=\"summary_large_image\" \/>\n<meta name=\"twitter:label1\" content=\"Escrito por\" \/>\n\t<meta name=\"twitter:data1\" content=\"Quadratin\" \/>\n\t<meta name=\"twitter:label2\" content=\"Tiempo de lectura\" \/>\n\t<meta name=\"twitter:data2\" content=\"2 minutos\" \/>\n<script type=\"application\/ld+json\" class=\"yoast-schema-graph\">{\"@context\":\"https:\\\/\\\/schema.org\",\"@graph\":[{\"@type\":\"Article\",\"@id\":\"https:\\\/\\\/www.bbmnoticias.com\\\/labravaradiofm\\\/2021\\\/09\\\/22\\\/lo-condenan-a-7-anos-de-prision-por-transporte-de-migrantes\\\/#article\",\"isPartOf\":{\"@id\":\"https:\\\/\\\/www.bbmnoticias.com\\\/labravaradiofm\\\/2021\\\/09\\\/22\\\/lo-condenan-a-7-anos-de-prision-por-transporte-de-migrantes\\\/\"},\"author\":{\"name\":\"Quadratin\",\"@id\":\"https:\\\/\\\/www.bbmnoticias.com\\\/labravaradiofm\\\/#\\\/schema\\\/person\\\/b7ad4658f4970d61499e84f6fe178160\"},\"headline\":\"Lo condenan a 7 a\u00f1os de prisi\u00f3n por transporte de migrantes\",\"datePublished\":\"2021-09-22T19:12:37+00:00\",\"dateModified\":\"2021-09-22T19:12:38+00:00\",\"mainEntityOfPage\":{\"@id\":\"https:\\\/\\\/www.bbmnoticias.com\\\/labravaradiofm\\\/2021\\\/09\\\/22\\\/lo-condenan-a-7-anos-de-prision-por-transporte-de-migrantes\\\/\"},\"wordCount\":311,\"image\":{\"@id\":\"https:\\\/\\\/www.bbmnoticias.com\\\/labravaradiofm\\\/2021\\\/09\\\/22\\\/lo-condenan-a-7-anos-de-prision-por-transporte-de-migrantes\\\/#primaryimage\"},\"thumbnailUrl\":\"https:\\\/\\\/www.bbmnoticias.com\\\/labravaradiofm\\\/wp-content\\\/uploads\\\/sites\\\/5\\\/2021\\\/09\\\/policiaca22092021-12.jpeg\",\"articleSection\":[\"POLICIACA\"],\"inLanguage\":\"es\"},{\"@type\":\"WebPage\",\"@id\":\"https:\\\/\\\/www.bbmnoticias.com\\\/labravaradiofm\\\/2021\\\/09\\\/22\\\/lo-condenan-a-7-anos-de-prision-por-transporte-de-migrantes\\\/\",\"url\":\"https:\\\/\\\/www.bbmnoticias.com\\\/labravaradiofm\\\/2021\\\/09\\\/22\\\/lo-condenan-a-7-anos-de-prision-por-transporte-de-migrantes\\\/\",\"name\":\"Lo condenan a 7 a\u00f1os de prisi\u00f3n por transporte de migrantes - LA BRAVA RADIO\",\"isPartOf\":{\"@id\":\"https:\\\/\\\/www.bbmnoticias.com\\\/labravaradiofm\\\/#website\"},\"primaryImageOfPage\":{\"@id\":\"https:\\\/\\\/www.bbmnoticias.com\\\/labravaradiofm\\\/2021\\\/09\\\/22\\\/lo-condenan-a-7-anos-de-prision-por-transporte-de-migrantes\\\/#primaryimage\"},\"image\":{\"@id\":\"https:\\\/\\\/www.bbmnoticias.com\\\/labravaradiofm\\\/2021\\\/09\\\/22\\\/lo-condenan-a-7-anos-de-prision-por-transporte-de-migrantes\\\/#primaryimage\"},\"thumbnailUrl\":\"https:\\\/\\\/www.bbmnoticias.com\\\/labravaradiofm\\\/wp-content\\\/uploads\\\/sites\\\/5\\\/2021\\\/09\\\/policiaca22092021-12.jpeg\",\"datePublished\":\"2021-09-22T19:12:37+00:00\",\"dateModified\":\"2021-09-22T19:12:38+00:00\",\"author\":{\"@id\":\"https:\\\/\\\/www.bbmnoticias.com\\\/labravaradiofm\\\/#\\\/schema\\\/person\\\/b7ad4658f4970d61499e84f6fe178160\"},\"description\":\"Por los hechos de referencia, el Ministerio P\u00fablico Federal (MPF) integr\u00f3 la carpeta de investigaci\u00f3n correspondiente\",\"breadcrumb\":{\"@id\":\"https:\\\/\\\/www.bbmnoticias.com\\\/labravaradiofm\\\/2021\\\/09\\\/22\\\/lo-condenan-a-7-anos-de-prision-por-transporte-de-migrantes\\\/#breadcrumb\"},\"inLanguage\":\"es\",\"potentialAction\":[{\"@type\":\"ReadAction\",\"target\":[\"https:\\\/\\\/www.bbmnoticias.com\\\/labravaradiofm\\\/2021\\\/09\\\/22\\\/lo-condenan-a-7-anos-de-prision-por-transporte-de-migrantes\\\/\"]}]},{\"@type\":\"ImageObject\",\"inLanguage\":\"es\",\"@id\":\"https:\\\/\\\/www.bbmnoticias.com\\\/labravaradiofm\\\/2021\\\/09\\\/22\\\/lo-condenan-a-7-anos-de-prision-por-transporte-de-migrantes\\\/#primaryimage\",\"url\":\"https:\\\/\\\/www.bbmnoticias.com\\\/labravaradiofm\\\/wp-content\\\/uploads\\\/sites\\\/5\\\/2021\\\/09\\\/policiaca22092021-12.jpeg\",\"contentUrl\":\"https:\\\/\\\/www.bbmnoticias.com\\\/labravaradiofm\\\/wp-content\\\/uploads\\\/sites\\\/5\\\/2021\\\/09\\\/policiaca22092021-12.jpeg\",\"width\":1104,\"height\":622},{\"@type\":\"BreadcrumbList\",\"@id\":\"https:\\\/\\\/www.bbmnoticias.com\\\/labravaradiofm\\\/2021\\\/09\\\/22\\\/lo-condenan-a-7-anos-de-prision-por-transporte-de-migrantes\\\/#breadcrumb\",\"itemListElement\":[{\"@type\":\"ListItem\",\"position\":1,\"name\":\"Inicio\",\"item\":\"https:\\\/\\\/www.bbmnoticias.com\\\/labravaradiofm\\\/\"},{\"@type\":\"ListItem\",\"position\":2,\"name\":\"Lo condenan a 7 a\u00f1os de prisi\u00f3n por transporte de migrantes\"}]},{\"@type\":\"WebSite\",\"@id\":\"https:\\\/\\\/www.bbmnoticias.com\\\/labravaradiofm\\\/#website\",\"url\":\"https:\\\/\\\/www.bbmnoticias.com\\\/labravaradiofm\\\/\",\"name\":\"LA BRAVA RADIO\",\"description\":\"Empresa productora de medios, Radiodifusi\u00f3n, Noticias, tendencias y todo lo que necesitas saber de la pol\u00edtica mexicana e internacional; entretenimiento, espect\u00e1culos, salud y mucho m\u00e1s.\",\"potentialAction\":[{\"@type\":\"SearchAction\",\"target\":{\"@type\":\"EntryPoint\",\"urlTemplate\":\"https:\\\/\\\/www.bbmnoticias.com\\\/labravaradiofm\\\/?s={search_term_string}\"},\"query-input\":{\"@type\":\"PropertyValueSpecification\",\"valueRequired\":true,\"valueName\":\"search_term_string\"}}],\"inLanguage\":\"es\"},{\"@type\":\"Person\",\"@id\":\"https:\\\/\\\/www.bbmnoticias.com\\\/labravaradiofm\\\/#\\\/schema\\\/person\\\/b7ad4658f4970d61499e84f6fe178160\",\"name\":\"Quadratin\",\"image\":{\"@type\":\"ImageObject\",\"inLanguage\":\"es\",\"@id\":\"https:\\\/\\\/secure.gravatar.com\\\/avatar\\\/34008d7d72488432d6a74f81e839efc9f754b118786ca32cf39d9d5508a68f63?s=96&d=mm&r=g\",\"url\":\"https:\\\/\\\/secure.gravatar.com\\\/avatar\\\/34008d7d72488432d6a74f81e839efc9f754b118786ca32cf39d9d5508a68f63?s=96&d=mm&r=g\",\"contentUrl\":\"https:\\\/\\\/secure.gravatar.com\\\/avatar\\\/34008d7d72488432d6a74f81e839efc9f754b118786ca32cf39d9d5508a68f63?s=96&d=mm&r=g\",\"caption\":\"Quadratin\"},\"url\":\"https:\\\/\\\/www.bbmnoticias.com\\\/labravaradiofm\\\/author\\\/quadratin\\\/\"}]}<\/script>\n<!-- \/ Yoast SEO plugin. -->","yoast_head_json":{"title":"Lo condenan a 7 a\u00f1os de prisi\u00f3n por transporte de migrantes - LA BRAVA RADIO","description":"Por los hechos de referencia, el Ministerio P\u00fablico Federal (MPF) integr\u00f3 la carpeta de investigaci\u00f3n correspondiente","robots":{"index":"index","follow":"follow","max-snippet":"max-snippet:-1","max-image-preview":"max-image-preview:large","max-video-preview":"max-video-preview:-1"},"canonical":"https:\/\/www.bbmnoticias.com\/labravaradiofm\/2021\/09\/22\/lo-condenan-a-7-anos-de-prision-por-transporte-de-migrantes\/","og_locale":"es_MX","og_type":"article","og_title":"Lo condenan a 7 a\u00f1os de prisi\u00f3n por transporte de migrantes - LA BRAVA RADIO","og_description":"Por los hechos de referencia, el Ministerio P\u00fablico Federal (MPF) integr\u00f3 la carpeta de investigaci\u00f3n correspondiente","og_url":"https:\/\/www.bbmnoticias.com\/labravaradiofm\/2021\/09\/22\/lo-condenan-a-7-anos-de-prision-por-transporte-de-migrantes\/","og_site_name":"LA BRAVA RADIO","article_published_time":"2021-09-22T19:12:37+00:00","article_modified_time":"2021-09-22T19:12:38+00:00","og_image":[{"width":1104,"height":622,"url":"https:\/\/www.bbmnoticias.com\/labravaradiofm\/wp-content\/uploads\/sites\/5\/2021\/09\/policiaca22092021-12.jpeg","type":"image\/jpeg"}],"author":"Quadratin","twitter_card":"summary_large_image","twitter_misc":{"Escrito por":"Quadratin","Tiempo de lectura":"2 minutos"},"schema":{"@context":"https:\/\/schema.org","@graph":[{"@type":"Article","@id":"https:\/\/www.bbmnoticias.com\/labravaradiofm\/2021\/09\/22\/lo-condenan-a-7-anos-de-prision-por-transporte-de-migrantes\/#article","isPartOf":{"@id":"https:\/\/www.bbmnoticias.com\/labravaradiofm\/2021\/09\/22\/lo-condenan-a-7-anos-de-prision-por-transporte-de-migrantes\/"},"author":{"name":"Quadratin","@id":"https:\/\/www.bbmnoticias.com\/labravaradiofm\/#\/schema\/person\/b7ad4658f4970d61499e84f6fe178160"},"headline":"Lo condenan a 7 a\u00f1os de prisi\u00f3n por transporte de migrantes","datePublished":"2021-09-22T19:12:37+00:00","dateModified":"2021-09-22T19:12:38+00:00","mainEntityOfPage":{"@id":"https:\/\/www.bbmnoticias.com\/labravaradiofm\/2021\/09\/22\/lo-condenan-a-7-anos-de-prision-por-transporte-de-migrantes\/"},"wordCount":311,"image":{"@id":"https:\/\/www.bbmnoticias.com\/labravaradiofm\/2021\/09\/22\/lo-condenan-a-7-anos-de-prision-por-transporte-de-migrantes\/#primaryimage"},"thumbnailUrl":"https:\/\/www.bbmnoticias.com\/labravaradiofm\/wp-content\/uploads\/sites\/5\/2021\/09\/policiaca22092021-12.jpeg","articleSection":["POLICIACA"],"inLanguage":"es"},{"@type":"WebPage","@id":"https:\/\/www.bbmnoticias.com\/labravaradiofm\/2021\/09\/22\/lo-condenan-a-7-anos-de-prision-por-transporte-de-migrantes\/","url":"https:\/\/www.bbmnoticias.com\/labravaradiofm\/2021\/09\/22\/lo-condenan-a-7-anos-de-prision-por-transporte-de-migrantes\/","name":"Lo condenan a 7 a\u00f1os de prisi\u00f3n por transporte de migrantes - LA BRAVA RADIO","isPartOf":{"@id":"https:\/\/www.bbmnoticias.com\/labravaradiofm\/#website"},"primaryImageOfPage":{"@id":"https:\/\/www.bbmnoticias.com\/labravaradiofm\/2021\/09\/22\/lo-condenan-a-7-anos-de-prision-por-transporte-de-migrantes\/#primaryimage"},"image":{"@id":"https:\/\/www.bbmnoticias.com\/labravaradiofm\/2021\/09\/22\/lo-condenan-a-7-anos-de-prision-por-transporte-de-migrantes\/#primaryimage"},"thumbnailUrl":"https:\/\/www.bbmnoticias.com\/labravaradiofm\/wp-content\/uploads\/sites\/5\/2021\/09\/policiaca22092021-12.jpeg","datePublished":"2021-09-22T19:12:37+00:00","dateModified":"2021-09-22T19:12:38+00:00","author":{"@id":"https:\/\/www.bbmnoticias.com\/labravaradiofm\/#\/schema\/person\/b7ad4658f4970d61499e84f6fe178160"},"description":"Por los hechos de referencia, el Ministerio P\u00fablico Federal (MPF) integr\u00f3 la carpeta de investigaci\u00f3n correspondiente","breadcrumb":{"@id":"https:\/\/www.bbmnoticias.com\/labravaradiofm\/2021\/09\/22\/lo-condenan-a-7-anos-de-prision-por-transporte-de-migrantes\/#breadcrumb"},"inLanguage":"es","potentialAction":[{"@type":"ReadAction","target":["https:\/\/www.bbmnoticias.com\/labravaradiofm\/2021\/09\/22\/lo-condenan-a-7-anos-de-prision-por-transporte-de-migrantes\/"]}]},{"@type":"ImageObject","inLanguage":"es","@id":"https:\/\/www.bbmnoticias.com\/labravaradiofm\/2021\/09\/22\/lo-condenan-a-7-anos-de-prision-por-transporte-de-migrantes\/#primaryimage","url":"https:\/\/www.bbmnoticias.com\/labravaradiofm\/wp-content\/uploads\/sites\/5\/2021\/09\/policiaca22092021-12.jpeg","contentUrl":"https:\/\/www.bbmnoticias.com\/labravaradiofm\/wp-content\/uploads\/sites\/5\/2021\/09\/policiaca22092021-12.jpeg","width":1104,"height":622},{"@type":"BreadcrumbList","@id":"https:\/\/www.bbmnoticias.com\/labravaradiofm\/2021\/09\/22\/lo-condenan-a-7-anos-de-prision-por-transporte-de-migrantes\/#breadcrumb","itemListElement":[{"@type":"ListItem","position":1,"name":"Inicio","item":"https:\/\/www.bbmnoticias.com\/labravaradiofm\/"},{"@type":"ListItem","position":2,"name":"Lo condenan a 7 a\u00f1os de prisi\u00f3n por transporte de migrantes"}]},{"@type":"WebSite","@id":"https:\/\/www.bbmnoticias.com\/labravaradiofm\/#website","url":"https:\/\/www.bbmnoticias.com\/labravaradiofm\/","name":"LA BRAVA RADIO","description":"Empresa productora de medios, Radiodifusi\u00f3n, Noticias, tendencias y todo lo que necesitas saber de la pol\u00edtica mexicana e internacional; entretenimiento, espect\u00e1culos, salud y mucho m\u00e1s.","potentialAction":[{"@type":"SearchAction","target":{"@type":"EntryPoint","urlTemplate":"https:\/\/www.bbmnoticias.com\/labravaradiofm\/?s={search_term_string}"},"query-input":{"@type":"PropertyValueSpecification","valueRequired":true,"valueName":"search_term_string"}}],"inLanguage":"es"},{"@type":"Person","@id":"https:\/\/www.bbmnoticias.com\/labravaradiofm\/#\/schema\/person\/b7ad4658f4970d61499e84f6fe178160","name":"Quadratin","image":{"@type":"ImageObject","inLanguage":"es","@id":"https:\/\/secure.gravatar.com\/avatar\/34008d7d72488432d6a74f81e839efc9f754b118786ca32cf39d9d5508a68f63?s=96&d=mm&r=g","url":"https:\/\/secure.gravatar.com\/avatar\/34008d7d72488432d6a74f81e839efc9f754b118786ca32cf39d9d5508a68f63?s=96&d=mm&r=g","contentUrl":"https:\/\/secure.gravatar.com\/avatar\/34008d7d72488432d6a74f81e839efc9f754b118786ca32cf39d9d5508a68f63?s=96&d=mm&r=g","caption":"Quadratin"},"url":"https:\/\/www.bbmnoticias.com\/labravaradiofm\/author\/quadratin\/"}]}},"_links":{"self":[{"href":"https:\/\/www.bbmnoticias.com\/labravaradiofm\/wp-json\/wp\/v2\/posts\/2308","targetHints":{"allow":["GET"]}}],"collection":[{"href":"https:\/\/www.bbmnoticias.com\/labravaradiofm\/wp-json\/wp\/v2\/posts"}],"about":[{"href":"https:\/\/www.bbmnoticias.com\/labravaradiofm\/wp-json\/wp\/v2\/types\/post"}],"author":[{"embeddable":true,"href":"https:\/\/www.bbmnoticias.com\/labravaradiofm\/wp-json\/wp\/v2\/users\/5"}],"replies":[{"embeddable":true,"href":"https:\/\/www.bbmnoticias.com\/labravaradiofm\/wp-json\/wp\/v2\/comments?post=2308"}],"version-history":[{"count":0,"href":"https:\/\/www.bbmnoticias.com\/labravaradiofm\/wp-json\/wp\/v2\/posts\/2308\/revisions"}],"wp:featuredmedia":[{"embeddable":true,"href":"https:\/\/www.bbmnoticias.com\/labravaradiofm\/wp-json\/wp\/v2\/media\/2309"}],"wp:attachment":[{"href":"https:\/\/www.bbmnoticias.com\/labravaradiofm\/wp-json\/wp\/v2\/media?parent=2308"}],"wp:term":[{"taxonomy":"category","embeddable":true,"href":"https:\/\/www.bbmnoticias.com\/labravaradiofm\/wp-json\/wp\/v2\/categories?post=2308"},{"taxonomy":"post_tag","embeddable":true,"href":"https:\/\/www.bbmnoticias.com\/labravaradiofm\/wp-json\/wp\/v2\/tags?post=2308"}],"curies":[{"name":"wp","href":"https:\/\/api.w.org\/{rel}","templated":true}]}}