{"id":23068,"date":"2023-01-30T19:17:02","date_gmt":"2023-01-31T01:17:02","guid":{"rendered":"https:\/\/www.bbmnoticias.com\/labravaradiofm\/?p=23068"},"modified":"2023-01-30T19:17:03","modified_gmt":"2023-01-31T01:17:03","slug":"inicia-cecyte-oaxaca-jornada-de-formacion-docente-semestre-2023-1","status":"publish","type":"post","link":"https:\/\/www.bbmnoticias.com\/labravaradiofm\/2023\/01\/30\/inicia-cecyte-oaxaca-jornada-de-formacion-docente-semestre-2023-1\/","title":{"rendered":"Inicia Cecyte Oaxaca Jornada de Formaci\u00f3n Docente semestre 2023-1"},"content":{"rendered":"<div style=\"margin-top: 0px; margin-bottom: 0px;\" class=\"sharethis-inline-share-buttons\" ><\/div>\n<ul class=\"wp-block-list\">\n<li><em>Participan m\u00e1s de 300 maestras y maestros de los 106 planteles pertenecientes a esta instituci\u00f3n.<\/em><\/li>\n<\/ul>\n\n\n\n<p><strong>Oaxaca de Ju\u00e1rez, Oax., 30 de enero de 2023.-<\/strong> El Colegio de Estudios Cient\u00edficos y Tecnol\u00f3gicos del Estado de Oaxaca (Cecyte), inici\u00f3 la Jornada de Formaci\u00f3n Docente del semestre 2023-1, para m\u00e1s de 300 maestras y maestros de los 106 planteles pertenecientes a esta instituci\u00f3n, la cual se lleva a cabo del 30 de enero al 3 de febrero.<\/p>\n\n\n\n<p>Esta acci\u00f3n se realiza en el marco del eje estrat\u00e9gico de pol\u00edticas p\u00fablicas para la Reparaci\u00f3n Hist\u00f3rica de los Pueblos a Trav\u00e9s de las Pol\u00edticas de Bienestar Transformador, en materia educativa, establecida por el Gobernador Salom\u00f3n Jara Cruz.<\/p>\n\n\n\n<p>La directora general del Cecyte Oaxaca, Blanca Luz Mart\u00ednez Guzm\u00e1n, dio a conocer que esta actividad fortalece el sector educativo de las ocho regiones, con el objetivo de mantener la excelencia acad\u00e9mica y brindar educaci\u00f3n de calidad en cada uno de los planteles y centros que conforman esta instituci\u00f3n.<\/p>\n\n\n\n<p>Destac\u00f3 que, con esta jornada la plantilla de docentes se prepara para brindar mejores herramientas educativas a favor del alumnado, que les permita enfrentar retos del d\u00eda a d\u00eda, siempre con el objetivo de otorgar servicios de calidad y vanguardista.<\/p>\n\n\n\n<p>Tambi\u00e9n, inform\u00f3 que se llevan a cabo 18 cursos y talleres como: El pensamiento matem\u00e1tico desde la Nueva Escuela Mexicana, Bienestar afectivo emocional en el estudiante y El curr\u00edculum ampliado en el nuevo marco curricular com\u00fan de la educaci\u00f3n media superior; adem\u00e1s de cursos que reforzar\u00e1n el aprendizaje colectivo de m\u00e1s de 15 mil estudiantes de educaci\u00f3n media superior en esta instituci\u00f3n.<\/p>\n\n\n\n<p>\u201cSiguiendo las indicaciones del Gobernador Salom\u00f3n Jara Cruz, se trabaja para que el profesorado tenga m\u00e1s herramientas que mejoren su desempe\u00f1o en las aulas, y logremos, en equipo, impulsar el desarrollo integral de la juventud\u201d dijo la directora General del Cecyte Oaxaca.<\/p>\n\n\n\n<p>Por \u00faltimo, Blanca Mart\u00ednez invit\u00f3 a las y los docentes de los 106 planteles y centros educativos a que participen con total responsabilidad, compromiso y dedicaci\u00f3n, para que sean las y los protagonistas de un modelo educativo en Oaxaca.<\/p>\n","protected":false},"excerpt":{"rendered":"<p>Oaxaca de Ju\u00e1rez, Oax., 30 de enero de 2023.- El Colegio de Estudios Cient\u00edficos y Tecnol\u00f3gicos del Estado de Oaxaca (Cecyte), inici\u00f3 la Jornada de Formaci\u00f3n Docente del semestre 2023-1, para m\u00e1s de 300 maestras y maestros de los 106 planteles pertenecientes a esta instituci\u00f3n, la cual se lleva a cabo del 30 de enero [&hellip;]<\/p>\n","protected":false},"author":2,"featured_media":23069,"comment_status":"closed","ping_status":"closed","sticky":false,"template":"","format":"standard","meta":{"footnotes":""},"categories":[2],"tags":[],"class_list":{"0":"post-23068","1":"post","2":"type-post","3":"status-publish","4":"format-standard","5":"has-post-thumbnail","7":"category-oaxaca"},"yoast_head":"<!-- This site is optimized with the Yoast SEO plugin v27.4 - https:\/\/yoast.com\/product\/yoast-seo-wordpress\/ -->\n<title>Inicia Cecyte Oaxaca Jornada de Formaci\u00f3n Docente semestre 2023-1 - LA BRAVA RADIO<\/title>\n<meta name=\"robots\" content=\"index, follow, max-snippet:-1, max-image-preview:large, max-video-preview:-1\" \/>\n<link rel=\"canonical\" href=\"https:\/\/www.bbmnoticias.com\/labravaradiofm\/2023\/01\/30\/inicia-cecyte-oaxaca-jornada-de-formacion-docente-semestre-2023-1\/\" \/>\n<meta property=\"og:locale\" content=\"es_MX\" \/>\n<meta property=\"og:type\" content=\"article\" \/>\n<meta property=\"og:title\" content=\"Inicia Cecyte Oaxaca Jornada de Formaci\u00f3n Docente semestre 2023-1 - LA BRAVA RADIO\" \/>\n<meta property=\"og:description\" content=\"Oaxaca de Ju\u00e1rez, Oax., 30 de enero de 2023.- El Colegio de Estudios Cient\u00edficos y Tecnol\u00f3gicos del Estado de Oaxaca (Cecyte), inici\u00f3 la Jornada de Formaci\u00f3n Docente del semestre 2023-1, para m\u00e1s de 300 maestras y maestros de los 106 planteles pertenecientes a esta instituci\u00f3n, la cual se lleva a cabo del 30 de enero [&hellip;]\" \/>\n<meta property=\"og:url\" content=\"https:\/\/www.bbmnoticias.com\/labravaradiofm\/2023\/01\/30\/inicia-cecyte-oaxaca-jornada-de-formacion-docente-semestre-2023-1\/\" \/>\n<meta property=\"og:site_name\" content=\"LA BRAVA RADIO\" \/>\n<meta property=\"article:published_time\" content=\"2023-01-31T01:17:02+00:00\" \/>\n<meta property=\"article:modified_time\" content=\"2023-01-31T01:17:03+00:00\" \/>\n<meta property=\"og:image\" content=\"https:\/\/www.bbmnoticias.com\/labravaradiofm\/wp-content\/uploads\/sites\/5\/2023\/01\/cecyte-oaxaca.jpg\" \/>\n\t<meta property=\"og:image:width\" content=\"1200\" \/>\n\t<meta property=\"og:image:height\" content=\"800\" \/>\n\t<meta property=\"og:image:type\" content=\"image\/jpeg\" \/>\n<meta name=\"author\" content=\"Staff\" \/>\n<meta name=\"twitter:card\" content=\"summary_large_image\" \/>\n<meta name=\"twitter:label1\" content=\"Escrito por\" \/>\n\t<meta name=\"twitter:data1\" content=\"Staff\" \/>\n\t<meta name=\"twitter:label2\" content=\"Tiempo de lectura\" \/>\n\t<meta name=\"twitter:data2\" content=\"2 minutos\" \/>\n<script type=\"application\/ld+json\" class=\"yoast-schema-graph\">{\"@context\":\"https:\\\/\\\/schema.org\",\"@graph\":[{\"@type\":\"Article\",\"@id\":\"https:\\\/\\\/www.bbmnoticias.com\\\/labravaradiofm\\\/2023\\\/01\\\/30\\\/inicia-cecyte-oaxaca-jornada-de-formacion-docente-semestre-2023-1\\\/#article\",\"isPartOf\":{\"@id\":\"https:\\\/\\\/www.bbmnoticias.com\\\/labravaradiofm\\\/2023\\\/01\\\/30\\\/inicia-cecyte-oaxaca-jornada-de-formacion-docente-semestre-2023-1\\\/\"},\"author\":{\"name\":\"Staff\",\"@id\":\"https:\\\/\\\/www.bbmnoticias.com\\\/labravaradiofm\\\/#\\\/schema\\\/person\\\/68a9e9036ef3c5b55aeb2b71dc8bab45\"},\"headline\":\"Inicia Cecyte Oaxaca Jornada de Formaci\u00f3n Docente semestre 2023-1\",\"datePublished\":\"2023-01-31T01:17:02+00:00\",\"dateModified\":\"2023-01-31T01:17:03+00:00\",\"mainEntityOfPage\":{\"@id\":\"https:\\\/\\\/www.bbmnoticias.com\\\/labravaradiofm\\\/2023\\\/01\\\/30\\\/inicia-cecyte-oaxaca-jornada-de-formacion-docente-semestre-2023-1\\\/\"},\"wordCount\":383,\"image\":{\"@id\":\"https:\\\/\\\/www.bbmnoticias.com\\\/labravaradiofm\\\/2023\\\/01\\\/30\\\/inicia-cecyte-oaxaca-jornada-de-formacion-docente-semestre-2023-1\\\/#primaryimage\"},\"thumbnailUrl\":\"https:\\\/\\\/www.bbmnoticias.com\\\/labravaradiofm\\\/wp-content\\\/uploads\\\/sites\\\/5\\\/2023\\\/01\\\/cecyte-oaxaca.jpg\",\"articleSection\":[\"LOCAL\"],\"inLanguage\":\"es\"},{\"@type\":\"WebPage\",\"@id\":\"https:\\\/\\\/www.bbmnoticias.com\\\/labravaradiofm\\\/2023\\\/01\\\/30\\\/inicia-cecyte-oaxaca-jornada-de-formacion-docente-semestre-2023-1\\\/\",\"url\":\"https:\\\/\\\/www.bbmnoticias.com\\\/labravaradiofm\\\/2023\\\/01\\\/30\\\/inicia-cecyte-oaxaca-jornada-de-formacion-docente-semestre-2023-1\\\/\",\"name\":\"Inicia Cecyte Oaxaca Jornada de Formaci\u00f3n Docente semestre 2023-1 - LA BRAVA RADIO\",\"isPartOf\":{\"@id\":\"https:\\\/\\\/www.bbmnoticias.com\\\/labravaradiofm\\\/#website\"},\"primaryImageOfPage\":{\"@id\":\"https:\\\/\\\/www.bbmnoticias.com\\\/labravaradiofm\\\/2023\\\/01\\\/30\\\/inicia-cecyte-oaxaca-jornada-de-formacion-docente-semestre-2023-1\\\/#primaryimage\"},\"image\":{\"@id\":\"https:\\\/\\\/www.bbmnoticias.com\\\/labravaradiofm\\\/2023\\\/01\\\/30\\\/inicia-cecyte-oaxaca-jornada-de-formacion-docente-semestre-2023-1\\\/#primaryimage\"},\"thumbnailUrl\":\"https:\\\/\\\/www.bbmnoticias.com\\\/labravaradiofm\\\/wp-content\\\/uploads\\\/sites\\\/5\\\/2023\\\/01\\\/cecyte-oaxaca.jpg\",\"datePublished\":\"2023-01-31T01:17:02+00:00\",\"dateModified\":\"2023-01-31T01:17:03+00:00\",\"author\":{\"@id\":\"https:\\\/\\\/www.bbmnoticias.com\\\/labravaradiofm\\\/#\\\/schema\\\/person\\\/68a9e9036ef3c5b55aeb2b71dc8bab45\"},\"breadcrumb\":{\"@id\":\"https:\\\/\\\/www.bbmnoticias.com\\\/labravaradiofm\\\/2023\\\/01\\\/30\\\/inicia-cecyte-oaxaca-jornada-de-formacion-docente-semestre-2023-1\\\/#breadcrumb\"},\"inLanguage\":\"es\",\"potentialAction\":[{\"@type\":\"ReadAction\",\"target\":[\"https:\\\/\\\/www.bbmnoticias.com\\\/labravaradiofm\\\/2023\\\/01\\\/30\\\/inicia-cecyte-oaxaca-jornada-de-formacion-docente-semestre-2023-1\\\/\"]}]},{\"@type\":\"ImageObject\",\"inLanguage\":\"es\",\"@id\":\"https:\\\/\\\/www.bbmnoticias.com\\\/labravaradiofm\\\/2023\\\/01\\\/30\\\/inicia-cecyte-oaxaca-jornada-de-formacion-docente-semestre-2023-1\\\/#primaryimage\",\"url\":\"https:\\\/\\\/www.bbmnoticias.com\\\/labravaradiofm\\\/wp-content\\\/uploads\\\/sites\\\/5\\\/2023\\\/01\\\/cecyte-oaxaca.jpg\",\"contentUrl\":\"https:\\\/\\\/www.bbmnoticias.com\\\/labravaradiofm\\\/wp-content\\\/uploads\\\/sites\\\/5\\\/2023\\\/01\\\/cecyte-oaxaca.jpg\",\"width\":1200,\"height\":800},{\"@type\":\"BreadcrumbList\",\"@id\":\"https:\\\/\\\/www.bbmnoticias.com\\\/labravaradiofm\\\/2023\\\/01\\\/30\\\/inicia-cecyte-oaxaca-jornada-de-formacion-docente-semestre-2023-1\\\/#breadcrumb\",\"itemListElement\":[{\"@type\":\"ListItem\",\"position\":1,\"name\":\"Inicio\",\"item\":\"https:\\\/\\\/www.bbmnoticias.com\\\/labravaradiofm\\\/\"},{\"@type\":\"ListItem\",\"position\":2,\"name\":\"Inicia Cecyte Oaxaca Jornada de Formaci\u00f3n Docente semestre 2023-1\"}]},{\"@type\":\"WebSite\",\"@id\":\"https:\\\/\\\/www.bbmnoticias.com\\\/labravaradiofm\\\/#website\",\"url\":\"https:\\\/\\\/www.bbmnoticias.com\\\/labravaradiofm\\\/\",\"name\":\"LA BRAVA RADIO\",\"description\":\"Empresa productora de medios, Radiodifusi\u00f3n, Noticias, tendencias y todo lo que necesitas saber de la pol\u00edtica mexicana e internacional; entretenimiento, espect\u00e1culos, salud y mucho m\u00e1s.\",\"potentialAction\":[{\"@type\":\"SearchAction\",\"target\":{\"@type\":\"EntryPoint\",\"urlTemplate\":\"https:\\\/\\\/www.bbmnoticias.com\\\/labravaradiofm\\\/?s={search_term_string}\"},\"query-input\":{\"@type\":\"PropertyValueSpecification\",\"valueRequired\":true,\"valueName\":\"search_term_string\"}}],\"inLanguage\":\"es\"},{\"@type\":\"Person\",\"@id\":\"https:\\\/\\\/www.bbmnoticias.com\\\/labravaradiofm\\\/#\\\/schema\\\/person\\\/68a9e9036ef3c5b55aeb2b71dc8bab45\",\"name\":\"Staff\",\"image\":{\"@type\":\"ImageObject\",\"inLanguage\":\"es\",\"@id\":\"https:\\\/\\\/secure.gravatar.com\\\/avatar\\\/fdd21ad66fd8b98c407f9dee5b5e588cfe7f0d8579ec20fa6527cd59bab7f0f0?s=96&d=mm&r=g\",\"url\":\"https:\\\/\\\/secure.gravatar.com\\\/avatar\\\/fdd21ad66fd8b98c407f9dee5b5e588cfe7f0d8579ec20fa6527cd59bab7f0f0?s=96&d=mm&r=g\",\"contentUrl\":\"https:\\\/\\\/secure.gravatar.com\\\/avatar\\\/fdd21ad66fd8b98c407f9dee5b5e588cfe7f0d8579ec20fa6527cd59bab7f0f0?s=96&d=mm&r=g\",\"caption\":\"Staff\"},\"url\":\"https:\\\/\\\/www.bbmnoticias.com\\\/labravaradiofm\\\/author\\\/redaccion\\\/\"}]}<\/script>\n<!-- \/ Yoast SEO plugin. -->","yoast_head_json":{"title":"Inicia Cecyte Oaxaca Jornada de Formaci\u00f3n Docente semestre 2023-1 - LA BRAVA RADIO","robots":{"index":"index","follow":"follow","max-snippet":"max-snippet:-1","max-image-preview":"max-image-preview:large","max-video-preview":"max-video-preview:-1"},"canonical":"https:\/\/www.bbmnoticias.com\/labravaradiofm\/2023\/01\/30\/inicia-cecyte-oaxaca-jornada-de-formacion-docente-semestre-2023-1\/","og_locale":"es_MX","og_type":"article","og_title":"Inicia Cecyte Oaxaca Jornada de Formaci\u00f3n Docente semestre 2023-1 - LA BRAVA RADIO","og_description":"Oaxaca de Ju\u00e1rez, Oax., 30 de enero de 2023.- El Colegio de Estudios Cient\u00edficos y Tecnol\u00f3gicos del Estado de Oaxaca (Cecyte), inici\u00f3 la Jornada de Formaci\u00f3n Docente del semestre 2023-1, para m\u00e1s de 300 maestras y maestros de los 106 planteles pertenecientes a esta instituci\u00f3n, la cual se lleva a cabo del 30 de enero [&hellip;]","og_url":"https:\/\/www.bbmnoticias.com\/labravaradiofm\/2023\/01\/30\/inicia-cecyte-oaxaca-jornada-de-formacion-docente-semestre-2023-1\/","og_site_name":"LA BRAVA RADIO","article_published_time":"2023-01-31T01:17:02+00:00","article_modified_time":"2023-01-31T01:17:03+00:00","og_image":[{"width":1200,"height":800,"url":"https:\/\/www.bbmnoticias.com\/labravaradiofm\/wp-content\/uploads\/sites\/5\/2023\/01\/cecyte-oaxaca.jpg","type":"image\/jpeg"}],"author":"Staff","twitter_card":"summary_large_image","twitter_misc":{"Escrito por":"Staff","Tiempo de lectura":"2 minutos"},"schema":{"@context":"https:\/\/schema.org","@graph":[{"@type":"Article","@id":"https:\/\/www.bbmnoticias.com\/labravaradiofm\/2023\/01\/30\/inicia-cecyte-oaxaca-jornada-de-formacion-docente-semestre-2023-1\/#article","isPartOf":{"@id":"https:\/\/www.bbmnoticias.com\/labravaradiofm\/2023\/01\/30\/inicia-cecyte-oaxaca-jornada-de-formacion-docente-semestre-2023-1\/"},"author":{"name":"Staff","@id":"https:\/\/www.bbmnoticias.com\/labravaradiofm\/#\/schema\/person\/68a9e9036ef3c5b55aeb2b71dc8bab45"},"headline":"Inicia Cecyte Oaxaca Jornada de Formaci\u00f3n Docente semestre 2023-1","datePublished":"2023-01-31T01:17:02+00:00","dateModified":"2023-01-31T01:17:03+00:00","mainEntityOfPage":{"@id":"https:\/\/www.bbmnoticias.com\/labravaradiofm\/2023\/01\/30\/inicia-cecyte-oaxaca-jornada-de-formacion-docente-semestre-2023-1\/"},"wordCount":383,"image":{"@id":"https:\/\/www.bbmnoticias.com\/labravaradiofm\/2023\/01\/30\/inicia-cecyte-oaxaca-jornada-de-formacion-docente-semestre-2023-1\/#primaryimage"},"thumbnailUrl":"https:\/\/www.bbmnoticias.com\/labravaradiofm\/wp-content\/uploads\/sites\/5\/2023\/01\/cecyte-oaxaca.jpg","articleSection":["LOCAL"],"inLanguage":"es"},{"@type":"WebPage","@id":"https:\/\/www.bbmnoticias.com\/labravaradiofm\/2023\/01\/30\/inicia-cecyte-oaxaca-jornada-de-formacion-docente-semestre-2023-1\/","url":"https:\/\/www.bbmnoticias.com\/labravaradiofm\/2023\/01\/30\/inicia-cecyte-oaxaca-jornada-de-formacion-docente-semestre-2023-1\/","name":"Inicia Cecyte Oaxaca Jornada de Formaci\u00f3n Docente semestre 2023-1 - LA BRAVA RADIO","isPartOf":{"@id":"https:\/\/www.bbmnoticias.com\/labravaradiofm\/#website"},"primaryImageOfPage":{"@id":"https:\/\/www.bbmnoticias.com\/labravaradiofm\/2023\/01\/30\/inicia-cecyte-oaxaca-jornada-de-formacion-docente-semestre-2023-1\/#primaryimage"},"image":{"@id":"https:\/\/www.bbmnoticias.com\/labravaradiofm\/2023\/01\/30\/inicia-cecyte-oaxaca-jornada-de-formacion-docente-semestre-2023-1\/#primaryimage"},"thumbnailUrl":"https:\/\/www.bbmnoticias.com\/labravaradiofm\/wp-content\/uploads\/sites\/5\/2023\/01\/cecyte-oaxaca.jpg","datePublished":"2023-01-31T01:17:02+00:00","dateModified":"2023-01-31T01:17:03+00:00","author":{"@id":"https:\/\/www.bbmnoticias.com\/labravaradiofm\/#\/schema\/person\/68a9e9036ef3c5b55aeb2b71dc8bab45"},"breadcrumb":{"@id":"https:\/\/www.bbmnoticias.com\/labravaradiofm\/2023\/01\/30\/inicia-cecyte-oaxaca-jornada-de-formacion-docente-semestre-2023-1\/#breadcrumb"},"inLanguage":"es","potentialAction":[{"@type":"ReadAction","target":["https:\/\/www.bbmnoticias.com\/labravaradiofm\/2023\/01\/30\/inicia-cecyte-oaxaca-jornada-de-formacion-docente-semestre-2023-1\/"]}]},{"@type":"ImageObject","inLanguage":"es","@id":"https:\/\/www.bbmnoticias.com\/labravaradiofm\/2023\/01\/30\/inicia-cecyte-oaxaca-jornada-de-formacion-docente-semestre-2023-1\/#primaryimage","url":"https:\/\/www.bbmnoticias.com\/labravaradiofm\/wp-content\/uploads\/sites\/5\/2023\/01\/cecyte-oaxaca.jpg","contentUrl":"https:\/\/www.bbmnoticias.com\/labravaradiofm\/wp-content\/uploads\/sites\/5\/2023\/01\/cecyte-oaxaca.jpg","width":1200,"height":800},{"@type":"BreadcrumbList","@id":"https:\/\/www.bbmnoticias.com\/labravaradiofm\/2023\/01\/30\/inicia-cecyte-oaxaca-jornada-de-formacion-docente-semestre-2023-1\/#breadcrumb","itemListElement":[{"@type":"ListItem","position":1,"name":"Inicio","item":"https:\/\/www.bbmnoticias.com\/labravaradiofm\/"},{"@type":"ListItem","position":2,"name":"Inicia Cecyte Oaxaca Jornada de Formaci\u00f3n Docente semestre 2023-1"}]},{"@type":"WebSite","@id":"https:\/\/www.bbmnoticias.com\/labravaradiofm\/#website","url":"https:\/\/www.bbmnoticias.com\/labravaradiofm\/","name":"LA BRAVA RADIO","description":"Empresa productora de medios, Radiodifusi\u00f3n, Noticias, tendencias y todo lo que necesitas saber de la pol\u00edtica mexicana e internacional; entretenimiento, espect\u00e1culos, salud y mucho m\u00e1s.","potentialAction":[{"@type":"SearchAction","target":{"@type":"EntryPoint","urlTemplate":"https:\/\/www.bbmnoticias.com\/labravaradiofm\/?s={search_term_string}"},"query-input":{"@type":"PropertyValueSpecification","valueRequired":true,"valueName":"search_term_string"}}],"inLanguage":"es"},{"@type":"Person","@id":"https:\/\/www.bbmnoticias.com\/labravaradiofm\/#\/schema\/person\/68a9e9036ef3c5b55aeb2b71dc8bab45","name":"Staff","image":{"@type":"ImageObject","inLanguage":"es","@id":"https:\/\/secure.gravatar.com\/avatar\/fdd21ad66fd8b98c407f9dee5b5e588cfe7f0d8579ec20fa6527cd59bab7f0f0?s=96&d=mm&r=g","url":"https:\/\/secure.gravatar.com\/avatar\/fdd21ad66fd8b98c407f9dee5b5e588cfe7f0d8579ec20fa6527cd59bab7f0f0?s=96&d=mm&r=g","contentUrl":"https:\/\/secure.gravatar.com\/avatar\/fdd21ad66fd8b98c407f9dee5b5e588cfe7f0d8579ec20fa6527cd59bab7f0f0?s=96&d=mm&r=g","caption":"Staff"},"url":"https:\/\/www.bbmnoticias.com\/labravaradiofm\/author\/redaccion\/"}]}},"_links":{"self":[{"href":"https:\/\/www.bbmnoticias.com\/labravaradiofm\/wp-json\/wp\/v2\/posts\/23068","targetHints":{"allow":["GET"]}}],"collection":[{"href":"https:\/\/www.bbmnoticias.com\/labravaradiofm\/wp-json\/wp\/v2\/posts"}],"about":[{"href":"https:\/\/www.bbmnoticias.com\/labravaradiofm\/wp-json\/wp\/v2\/types\/post"}],"author":[{"embeddable":true,"href":"https:\/\/www.bbmnoticias.com\/labravaradiofm\/wp-json\/wp\/v2\/users\/2"}],"replies":[{"embeddable":true,"href":"https:\/\/www.bbmnoticias.com\/labravaradiofm\/wp-json\/wp\/v2\/comments?post=23068"}],"version-history":[{"count":0,"href":"https:\/\/www.bbmnoticias.com\/labravaradiofm\/wp-json\/wp\/v2\/posts\/23068\/revisions"}],"wp:featuredmedia":[{"embeddable":true,"href":"https:\/\/www.bbmnoticias.com\/labravaradiofm\/wp-json\/wp\/v2\/media\/23069"}],"wp:attachment":[{"href":"https:\/\/www.bbmnoticias.com\/labravaradiofm\/wp-json\/wp\/v2\/media?parent=23068"}],"wp:term":[{"taxonomy":"category","embeddable":true,"href":"https:\/\/www.bbmnoticias.com\/labravaradiofm\/wp-json\/wp\/v2\/categories?post=23068"},{"taxonomy":"post_tag","embeddable":true,"href":"https:\/\/www.bbmnoticias.com\/labravaradiofm\/wp-json\/wp\/v2\/tags?post=23068"}],"curies":[{"name":"wp","href":"https:\/\/api.w.org\/{rel}","templated":true}]}}