{"id":23029,"date":"2023-01-30T09:47:20","date_gmt":"2023-01-30T15:47:20","guid":{"rendered":"https:\/\/www.bbmnoticias.com\/labravaradiofm\/?p=23029"},"modified":"2023-01-30T11:52:17","modified_gmt":"2023-01-30T17:52:17","slug":"mantienen-normalistas-su-planton-frente-a-la-seccion-22-de-la-cnte","status":"publish","type":"post","link":"https:\/\/www.bbmnoticias.com\/labravaradiofm\/2023\/01\/30\/mantienen-normalistas-su-planton-frente-a-la-seccion-22-de-la-cnte\/","title":{"rendered":"Mantienen normalistas su planton frente a la Secci\u00f3n 22 de la CNTE"},"content":{"rendered":"<div style=\"margin-top: 0px; margin-bottom: 0px;\" class=\"sharethis-inline-share-buttons\" ><\/div>\n<p><strong>Oaxaca, Oax.- <\/strong>Un grupo de egresados normalistas se mantienen frente al edificio hist\u00f3rico de la Secci\u00f3n 22 de la CNTE, donde se instalaron en plant\u00f3n la tarde del domingo.<\/p>\n\n\n\n<p>Los futuros maestros informaron que este plant\u00f3n se volvi\u00f3 indefinido, luego que no recibieron acercamiento ni por la Secci\u00f3n 22 de la CNTE, ni por representantes del gobierno del estado.<\/p>\n\n\n\n<p>En ese sentido, indicaron que se mantendr\u00e1n en ese punto de la Ciudad de Oaxaca, a pesar de las molestias que generen a la ciudadan\u00eda en general.<\/p>\n\n\n\n<p>Es de se\u00f1alar que una de las peticiones de los normalistas es que se d\u00e9 cumplimiento a su pliego de demandas, donde, entre otras cosas, exigen la contrataci\u00f3n autom\u00e1tica.<\/p>\n\n\n\n<p>Asimismo, piden participar en las mesas tripartitas entre el Gobierno del Estado, el gobierno federal y la Secci\u00f3n 22 de la CNTE.<\/p>\n\n\n\n<p>Hasta el momento se desconoce si se contempla una mesa de trabajo entre el gobierno estatal y este grupo de egresados normalistas.<\/p>\n","protected":false},"excerpt":{"rendered":"<p>Oaxaca, Oax.- Un grupo de egresados normalistas se mantienen frente al edificio hist\u00f3rico de la Secci\u00f3n 22 de la CNTE, donde se instalaron en plant\u00f3n la tarde del domingo. Los futuros maestros informaron que este plant\u00f3n se volvi\u00f3 indefinido, luego que no recibieron acercamiento ni por la Secci\u00f3n 22 de la CNTE, ni por representantes [&hellip;]<\/p>\n","protected":false},"author":2,"featured_media":23030,"comment_status":"closed","ping_status":"closed","sticky":false,"template":"","format":"standard","meta":{"footnotes":""},"categories":[2],"tags":[],"class_list":{"0":"post-23029","1":"post","2":"type-post","3":"status-publish","4":"format-standard","5":"has-post-thumbnail","7":"category-oaxaca"},"yoast_head":"<!-- This site is optimized with the Yoast SEO plugin v27.4 - https:\/\/yoast.com\/product\/yoast-seo-wordpress\/ -->\n<title>Mantienen normalistas su planton frente a la Secci\u00f3n 22 de la CNTE - LA BRAVA RADIO<\/title>\n<meta name=\"robots\" content=\"index, follow, max-snippet:-1, max-image-preview:large, max-video-preview:-1\" \/>\n<link rel=\"canonical\" href=\"https:\/\/www.bbmnoticias.com\/labravaradiofm\/2023\/01\/30\/mantienen-normalistas-su-planton-frente-a-la-seccion-22-de-la-cnte\/\" \/>\n<meta property=\"og:locale\" content=\"es_MX\" \/>\n<meta property=\"og:type\" content=\"article\" \/>\n<meta property=\"og:title\" content=\"Mantienen normalistas su planton frente a la Secci\u00f3n 22 de la CNTE - LA BRAVA RADIO\" \/>\n<meta property=\"og:description\" content=\"Oaxaca, Oax.- Un grupo de egresados normalistas se mantienen frente al edificio hist\u00f3rico de la Secci\u00f3n 22 de la CNTE, donde se instalaron en plant\u00f3n la tarde del domingo. Los futuros maestros informaron que este plant\u00f3n se volvi\u00f3 indefinido, luego que no recibieron acercamiento ni por la Secci\u00f3n 22 de la CNTE, ni por representantes [&hellip;]\" \/>\n<meta property=\"og:url\" content=\"https:\/\/www.bbmnoticias.com\/labravaradiofm\/2023\/01\/30\/mantienen-normalistas-su-planton-frente-a-la-seccion-22-de-la-cnte\/\" \/>\n<meta property=\"og:site_name\" content=\"LA BRAVA RADIO\" \/>\n<meta property=\"article:published_time\" content=\"2023-01-30T15:47:20+00:00\" \/>\n<meta property=\"article:modified_time\" content=\"2023-01-30T17:52:17+00:00\" \/>\n<meta property=\"og:image\" content=\"https:\/\/www.bbmnoticias.com\/labravaradiofm\/wp-content\/uploads\/sites\/5\/2023\/01\/normalistas-Oaxaca.jpg\" \/>\n\t<meta property=\"og:image:width\" content=\"1600\" \/>\n\t<meta property=\"og:image:height\" content=\"1200\" \/>\n\t<meta property=\"og:image:type\" content=\"image\/jpeg\" \/>\n<meta name=\"author\" content=\"Staff\" \/>\n<meta name=\"twitter:card\" content=\"summary_large_image\" \/>\n<meta name=\"twitter:label1\" content=\"Escrito por\" \/>\n\t<meta name=\"twitter:data1\" content=\"Staff\" \/>\n\t<meta name=\"twitter:label2\" content=\"Tiempo de lectura\" \/>\n\t<meta name=\"twitter:data2\" content=\"1 minuto\" \/>\n<script type=\"application\/ld+json\" class=\"yoast-schema-graph\">{\"@context\":\"https:\\\/\\\/schema.org\",\"@graph\":[{\"@type\":\"Article\",\"@id\":\"https:\\\/\\\/www.bbmnoticias.com\\\/labravaradiofm\\\/2023\\\/01\\\/30\\\/mantienen-normalistas-su-planton-frente-a-la-seccion-22-de-la-cnte\\\/#article\",\"isPartOf\":{\"@id\":\"https:\\\/\\\/www.bbmnoticias.com\\\/labravaradiofm\\\/2023\\\/01\\\/30\\\/mantienen-normalistas-su-planton-frente-a-la-seccion-22-de-la-cnte\\\/\"},\"author\":{\"name\":\"Staff\",\"@id\":\"https:\\\/\\\/www.bbmnoticias.com\\\/labravaradiofm\\\/#\\\/schema\\\/person\\\/68a9e9036ef3c5b55aeb2b71dc8bab45\"},\"headline\":\"Mantienen normalistas su planton frente a la Secci\u00f3n 22 de la CNTE\",\"datePublished\":\"2023-01-30T15:47:20+00:00\",\"dateModified\":\"2023-01-30T17:52:17+00:00\",\"mainEntityOfPage\":{\"@id\":\"https:\\\/\\\/www.bbmnoticias.com\\\/labravaradiofm\\\/2023\\\/01\\\/30\\\/mantienen-normalistas-su-planton-frente-a-la-seccion-22-de-la-cnte\\\/\"},\"wordCount\":180,\"image\":{\"@id\":\"https:\\\/\\\/www.bbmnoticias.com\\\/labravaradiofm\\\/2023\\\/01\\\/30\\\/mantienen-normalistas-su-planton-frente-a-la-seccion-22-de-la-cnte\\\/#primaryimage\"},\"thumbnailUrl\":\"https:\\\/\\\/www.bbmnoticias.com\\\/labravaradiofm\\\/wp-content\\\/uploads\\\/sites\\\/5\\\/2023\\\/01\\\/normalistas-Oaxaca.jpg\",\"articleSection\":[\"LOCAL\"],\"inLanguage\":\"es\"},{\"@type\":\"WebPage\",\"@id\":\"https:\\\/\\\/www.bbmnoticias.com\\\/labravaradiofm\\\/2023\\\/01\\\/30\\\/mantienen-normalistas-su-planton-frente-a-la-seccion-22-de-la-cnte\\\/\",\"url\":\"https:\\\/\\\/www.bbmnoticias.com\\\/labravaradiofm\\\/2023\\\/01\\\/30\\\/mantienen-normalistas-su-planton-frente-a-la-seccion-22-de-la-cnte\\\/\",\"name\":\"Mantienen normalistas su planton frente a la Secci\u00f3n 22 de la CNTE - LA BRAVA RADIO\",\"isPartOf\":{\"@id\":\"https:\\\/\\\/www.bbmnoticias.com\\\/labravaradiofm\\\/#website\"},\"primaryImageOfPage\":{\"@id\":\"https:\\\/\\\/www.bbmnoticias.com\\\/labravaradiofm\\\/2023\\\/01\\\/30\\\/mantienen-normalistas-su-planton-frente-a-la-seccion-22-de-la-cnte\\\/#primaryimage\"},\"image\":{\"@id\":\"https:\\\/\\\/www.bbmnoticias.com\\\/labravaradiofm\\\/2023\\\/01\\\/30\\\/mantienen-normalistas-su-planton-frente-a-la-seccion-22-de-la-cnte\\\/#primaryimage\"},\"thumbnailUrl\":\"https:\\\/\\\/www.bbmnoticias.com\\\/labravaradiofm\\\/wp-content\\\/uploads\\\/sites\\\/5\\\/2023\\\/01\\\/normalistas-Oaxaca.jpg\",\"datePublished\":\"2023-01-30T15:47:20+00:00\",\"dateModified\":\"2023-01-30T17:52:17+00:00\",\"author\":{\"@id\":\"https:\\\/\\\/www.bbmnoticias.com\\\/labravaradiofm\\\/#\\\/schema\\\/person\\\/68a9e9036ef3c5b55aeb2b71dc8bab45\"},\"breadcrumb\":{\"@id\":\"https:\\\/\\\/www.bbmnoticias.com\\\/labravaradiofm\\\/2023\\\/01\\\/30\\\/mantienen-normalistas-su-planton-frente-a-la-seccion-22-de-la-cnte\\\/#breadcrumb\"},\"inLanguage\":\"es\",\"potentialAction\":[{\"@type\":\"ReadAction\",\"target\":[\"https:\\\/\\\/www.bbmnoticias.com\\\/labravaradiofm\\\/2023\\\/01\\\/30\\\/mantienen-normalistas-su-planton-frente-a-la-seccion-22-de-la-cnte\\\/\"]}]},{\"@type\":\"ImageObject\",\"inLanguage\":\"es\",\"@id\":\"https:\\\/\\\/www.bbmnoticias.com\\\/labravaradiofm\\\/2023\\\/01\\\/30\\\/mantienen-normalistas-su-planton-frente-a-la-seccion-22-de-la-cnte\\\/#primaryimage\",\"url\":\"https:\\\/\\\/www.bbmnoticias.com\\\/labravaradiofm\\\/wp-content\\\/uploads\\\/sites\\\/5\\\/2023\\\/01\\\/normalistas-Oaxaca.jpg\",\"contentUrl\":\"https:\\\/\\\/www.bbmnoticias.com\\\/labravaradiofm\\\/wp-content\\\/uploads\\\/sites\\\/5\\\/2023\\\/01\\\/normalistas-Oaxaca.jpg\",\"width\":1600,\"height\":1200},{\"@type\":\"BreadcrumbList\",\"@id\":\"https:\\\/\\\/www.bbmnoticias.com\\\/labravaradiofm\\\/2023\\\/01\\\/30\\\/mantienen-normalistas-su-planton-frente-a-la-seccion-22-de-la-cnte\\\/#breadcrumb\",\"itemListElement\":[{\"@type\":\"ListItem\",\"position\":1,\"name\":\"Inicio\",\"item\":\"https:\\\/\\\/www.bbmnoticias.com\\\/labravaradiofm\\\/\"},{\"@type\":\"ListItem\",\"position\":2,\"name\":\"Mantienen normalistas su planton frente a la Secci\u00f3n 22 de la CNTE\"}]},{\"@type\":\"WebSite\",\"@id\":\"https:\\\/\\\/www.bbmnoticias.com\\\/labravaradiofm\\\/#website\",\"url\":\"https:\\\/\\\/www.bbmnoticias.com\\\/labravaradiofm\\\/\",\"name\":\"LA BRAVA RADIO\",\"description\":\"Empresa productora de medios, Radiodifusi\u00f3n, Noticias, tendencias y todo lo que necesitas saber de la pol\u00edtica mexicana e internacional; entretenimiento, espect\u00e1culos, salud y mucho m\u00e1s.\",\"potentialAction\":[{\"@type\":\"SearchAction\",\"target\":{\"@type\":\"EntryPoint\",\"urlTemplate\":\"https:\\\/\\\/www.bbmnoticias.com\\\/labravaradiofm\\\/?s={search_term_string}\"},\"query-input\":{\"@type\":\"PropertyValueSpecification\",\"valueRequired\":true,\"valueName\":\"search_term_string\"}}],\"inLanguage\":\"es\"},{\"@type\":\"Person\",\"@id\":\"https:\\\/\\\/www.bbmnoticias.com\\\/labravaradiofm\\\/#\\\/schema\\\/person\\\/68a9e9036ef3c5b55aeb2b71dc8bab45\",\"name\":\"Staff\",\"image\":{\"@type\":\"ImageObject\",\"inLanguage\":\"es\",\"@id\":\"https:\\\/\\\/secure.gravatar.com\\\/avatar\\\/fdd21ad66fd8b98c407f9dee5b5e588cfe7f0d8579ec20fa6527cd59bab7f0f0?s=96&d=mm&r=g\",\"url\":\"https:\\\/\\\/secure.gravatar.com\\\/avatar\\\/fdd21ad66fd8b98c407f9dee5b5e588cfe7f0d8579ec20fa6527cd59bab7f0f0?s=96&d=mm&r=g\",\"contentUrl\":\"https:\\\/\\\/secure.gravatar.com\\\/avatar\\\/fdd21ad66fd8b98c407f9dee5b5e588cfe7f0d8579ec20fa6527cd59bab7f0f0?s=96&d=mm&r=g\",\"caption\":\"Staff\"},\"url\":\"https:\\\/\\\/www.bbmnoticias.com\\\/labravaradiofm\\\/author\\\/redaccion\\\/\"}]}<\/script>\n<!-- \/ Yoast SEO plugin. -->","yoast_head_json":{"title":"Mantienen normalistas su planton frente a la Secci\u00f3n 22 de la CNTE - LA BRAVA RADIO","robots":{"index":"index","follow":"follow","max-snippet":"max-snippet:-1","max-image-preview":"max-image-preview:large","max-video-preview":"max-video-preview:-1"},"canonical":"https:\/\/www.bbmnoticias.com\/labravaradiofm\/2023\/01\/30\/mantienen-normalistas-su-planton-frente-a-la-seccion-22-de-la-cnte\/","og_locale":"es_MX","og_type":"article","og_title":"Mantienen normalistas su planton frente a la Secci\u00f3n 22 de la CNTE - LA BRAVA RADIO","og_description":"Oaxaca, Oax.- Un grupo de egresados normalistas se mantienen frente al edificio hist\u00f3rico de la Secci\u00f3n 22 de la CNTE, donde se instalaron en plant\u00f3n la tarde del domingo. Los futuros maestros informaron que este plant\u00f3n se volvi\u00f3 indefinido, luego que no recibieron acercamiento ni por la Secci\u00f3n 22 de la CNTE, ni por representantes [&hellip;]","og_url":"https:\/\/www.bbmnoticias.com\/labravaradiofm\/2023\/01\/30\/mantienen-normalistas-su-planton-frente-a-la-seccion-22-de-la-cnte\/","og_site_name":"LA BRAVA RADIO","article_published_time":"2023-01-30T15:47:20+00:00","article_modified_time":"2023-01-30T17:52:17+00:00","og_image":[{"width":1600,"height":1200,"url":"https:\/\/www.bbmnoticias.com\/labravaradiofm\/wp-content\/uploads\/sites\/5\/2023\/01\/normalistas-Oaxaca.jpg","type":"image\/jpeg"}],"author":"Staff","twitter_card":"summary_large_image","twitter_misc":{"Escrito por":"Staff","Tiempo de lectura":"1 minuto"},"schema":{"@context":"https:\/\/schema.org","@graph":[{"@type":"Article","@id":"https:\/\/www.bbmnoticias.com\/labravaradiofm\/2023\/01\/30\/mantienen-normalistas-su-planton-frente-a-la-seccion-22-de-la-cnte\/#article","isPartOf":{"@id":"https:\/\/www.bbmnoticias.com\/labravaradiofm\/2023\/01\/30\/mantienen-normalistas-su-planton-frente-a-la-seccion-22-de-la-cnte\/"},"author":{"name":"Staff","@id":"https:\/\/www.bbmnoticias.com\/labravaradiofm\/#\/schema\/person\/68a9e9036ef3c5b55aeb2b71dc8bab45"},"headline":"Mantienen normalistas su planton frente a la Secci\u00f3n 22 de la CNTE","datePublished":"2023-01-30T15:47:20+00:00","dateModified":"2023-01-30T17:52:17+00:00","mainEntityOfPage":{"@id":"https:\/\/www.bbmnoticias.com\/labravaradiofm\/2023\/01\/30\/mantienen-normalistas-su-planton-frente-a-la-seccion-22-de-la-cnte\/"},"wordCount":180,"image":{"@id":"https:\/\/www.bbmnoticias.com\/labravaradiofm\/2023\/01\/30\/mantienen-normalistas-su-planton-frente-a-la-seccion-22-de-la-cnte\/#primaryimage"},"thumbnailUrl":"https:\/\/www.bbmnoticias.com\/labravaradiofm\/wp-content\/uploads\/sites\/5\/2023\/01\/normalistas-Oaxaca.jpg","articleSection":["LOCAL"],"inLanguage":"es"},{"@type":"WebPage","@id":"https:\/\/www.bbmnoticias.com\/labravaradiofm\/2023\/01\/30\/mantienen-normalistas-su-planton-frente-a-la-seccion-22-de-la-cnte\/","url":"https:\/\/www.bbmnoticias.com\/labravaradiofm\/2023\/01\/30\/mantienen-normalistas-su-planton-frente-a-la-seccion-22-de-la-cnte\/","name":"Mantienen normalistas su planton frente a la Secci\u00f3n 22 de la CNTE - LA BRAVA RADIO","isPartOf":{"@id":"https:\/\/www.bbmnoticias.com\/labravaradiofm\/#website"},"primaryImageOfPage":{"@id":"https:\/\/www.bbmnoticias.com\/labravaradiofm\/2023\/01\/30\/mantienen-normalistas-su-planton-frente-a-la-seccion-22-de-la-cnte\/#primaryimage"},"image":{"@id":"https:\/\/www.bbmnoticias.com\/labravaradiofm\/2023\/01\/30\/mantienen-normalistas-su-planton-frente-a-la-seccion-22-de-la-cnte\/#primaryimage"},"thumbnailUrl":"https:\/\/www.bbmnoticias.com\/labravaradiofm\/wp-content\/uploads\/sites\/5\/2023\/01\/normalistas-Oaxaca.jpg","datePublished":"2023-01-30T15:47:20+00:00","dateModified":"2023-01-30T17:52:17+00:00","author":{"@id":"https:\/\/www.bbmnoticias.com\/labravaradiofm\/#\/schema\/person\/68a9e9036ef3c5b55aeb2b71dc8bab45"},"breadcrumb":{"@id":"https:\/\/www.bbmnoticias.com\/labravaradiofm\/2023\/01\/30\/mantienen-normalistas-su-planton-frente-a-la-seccion-22-de-la-cnte\/#breadcrumb"},"inLanguage":"es","potentialAction":[{"@type":"ReadAction","target":["https:\/\/www.bbmnoticias.com\/labravaradiofm\/2023\/01\/30\/mantienen-normalistas-su-planton-frente-a-la-seccion-22-de-la-cnte\/"]}]},{"@type":"ImageObject","inLanguage":"es","@id":"https:\/\/www.bbmnoticias.com\/labravaradiofm\/2023\/01\/30\/mantienen-normalistas-su-planton-frente-a-la-seccion-22-de-la-cnte\/#primaryimage","url":"https:\/\/www.bbmnoticias.com\/labravaradiofm\/wp-content\/uploads\/sites\/5\/2023\/01\/normalistas-Oaxaca.jpg","contentUrl":"https:\/\/www.bbmnoticias.com\/labravaradiofm\/wp-content\/uploads\/sites\/5\/2023\/01\/normalistas-Oaxaca.jpg","width":1600,"height":1200},{"@type":"BreadcrumbList","@id":"https:\/\/www.bbmnoticias.com\/labravaradiofm\/2023\/01\/30\/mantienen-normalistas-su-planton-frente-a-la-seccion-22-de-la-cnte\/#breadcrumb","itemListElement":[{"@type":"ListItem","position":1,"name":"Inicio","item":"https:\/\/www.bbmnoticias.com\/labravaradiofm\/"},{"@type":"ListItem","position":2,"name":"Mantienen normalistas su planton frente a la Secci\u00f3n 22 de la CNTE"}]},{"@type":"WebSite","@id":"https:\/\/www.bbmnoticias.com\/labravaradiofm\/#website","url":"https:\/\/www.bbmnoticias.com\/labravaradiofm\/","name":"LA BRAVA RADIO","description":"Empresa productora de medios, Radiodifusi\u00f3n, Noticias, tendencias y todo lo que necesitas saber de la pol\u00edtica mexicana e internacional; entretenimiento, espect\u00e1culos, salud y mucho m\u00e1s.","potentialAction":[{"@type":"SearchAction","target":{"@type":"EntryPoint","urlTemplate":"https:\/\/www.bbmnoticias.com\/labravaradiofm\/?s={search_term_string}"},"query-input":{"@type":"PropertyValueSpecification","valueRequired":true,"valueName":"search_term_string"}}],"inLanguage":"es"},{"@type":"Person","@id":"https:\/\/www.bbmnoticias.com\/labravaradiofm\/#\/schema\/person\/68a9e9036ef3c5b55aeb2b71dc8bab45","name":"Staff","image":{"@type":"ImageObject","inLanguage":"es","@id":"https:\/\/secure.gravatar.com\/avatar\/fdd21ad66fd8b98c407f9dee5b5e588cfe7f0d8579ec20fa6527cd59bab7f0f0?s=96&d=mm&r=g","url":"https:\/\/secure.gravatar.com\/avatar\/fdd21ad66fd8b98c407f9dee5b5e588cfe7f0d8579ec20fa6527cd59bab7f0f0?s=96&d=mm&r=g","contentUrl":"https:\/\/secure.gravatar.com\/avatar\/fdd21ad66fd8b98c407f9dee5b5e588cfe7f0d8579ec20fa6527cd59bab7f0f0?s=96&d=mm&r=g","caption":"Staff"},"url":"https:\/\/www.bbmnoticias.com\/labravaradiofm\/author\/redaccion\/"}]}},"_links":{"self":[{"href":"https:\/\/www.bbmnoticias.com\/labravaradiofm\/wp-json\/wp\/v2\/posts\/23029","targetHints":{"allow":["GET"]}}],"collection":[{"href":"https:\/\/www.bbmnoticias.com\/labravaradiofm\/wp-json\/wp\/v2\/posts"}],"about":[{"href":"https:\/\/www.bbmnoticias.com\/labravaradiofm\/wp-json\/wp\/v2\/types\/post"}],"author":[{"embeddable":true,"href":"https:\/\/www.bbmnoticias.com\/labravaradiofm\/wp-json\/wp\/v2\/users\/2"}],"replies":[{"embeddable":true,"href":"https:\/\/www.bbmnoticias.com\/labravaradiofm\/wp-json\/wp\/v2\/comments?post=23029"}],"version-history":[{"count":0,"href":"https:\/\/www.bbmnoticias.com\/labravaradiofm\/wp-json\/wp\/v2\/posts\/23029\/revisions"}],"wp:featuredmedia":[{"embeddable":true,"href":"https:\/\/www.bbmnoticias.com\/labravaradiofm\/wp-json\/wp\/v2\/media\/23030"}],"wp:attachment":[{"href":"https:\/\/www.bbmnoticias.com\/labravaradiofm\/wp-json\/wp\/v2\/media?parent=23029"}],"wp:term":[{"taxonomy":"category","embeddable":true,"href":"https:\/\/www.bbmnoticias.com\/labravaradiofm\/wp-json\/wp\/v2\/categories?post=23029"},{"taxonomy":"post_tag","embeddable":true,"href":"https:\/\/www.bbmnoticias.com\/labravaradiofm\/wp-json\/wp\/v2\/tags?post=23029"}],"curies":[{"name":"wp","href":"https:\/\/api.w.org\/{rel}","templated":true}]}}