{"id":2302,"date":"2021-09-22T13:22:43","date_gmt":"2021-09-22T18:22:43","guid":{"rendered":"https:\/\/www.bbmnoticias.com\/labravaradiofm\/?p=2302"},"modified":"2021-09-22T13:22:44","modified_gmt":"2021-09-22T18:22:44","slug":"fiscalia-vincula-a-proceso-a-dos-probables-responsables-de-violencia-familiar","status":"publish","type":"post","link":"https:\/\/www.bbmnoticias.com\/labravaradiofm\/2021\/09\/22\/fiscalia-vincula-a-proceso-a-dos-probables-responsables-de-violencia-familiar\/","title":{"rendered":"Fiscal\u00eda vincula a proceso a dos probables responsables de violencia familiar"},"content":{"rendered":"<div style=\"margin-top: 0px; margin-bottom: 0px;\" class=\"sharethis-inline-share-buttons\" ><\/div>\n<p><strong>Oaxaca de Ju\u00e1rez, Oax.-<\/strong> Gracias a la comprometida labor de la Fiscal\u00eda General del Estado de Oaxaca (FGEO) -a trav\u00e9s de la Fiscal\u00eda Especializada en Atenci\u00f3n a Delitos contra la Mujer por Raz\u00f3n de G\u00e9nero- el Juzgado de Control dict\u00f3 auto de vinculaci\u00f3n a proceso contra dos personas del sexo masculino, probables responsables del delito de violencia familiar, cometidos en diferentes municipios de la regi\u00f3n de Valles Centrales.<\/p>\n\n\n\n<p>Respecto a los hechos asentados en la causa penal 967\/2021, el 16 de septiembre de 2021, aproximadamente a las 08:30 horas, el imputado, identificado como D. I. L. G., agredi\u00f3 con un arma blanca a su esposa, identificada como B. V. S., adem\u00e1s de someter y violentar a sus dos hijos, cuando se encontraban en su domicilio particular ubicado en el Fraccionamiento \u201cVilla Alta\u201d, perteneciente al municipio de San Francisco Lachigol\u00f3.<\/p>\n\n\n\n<p>Ante este hecho y tras la denuncia presentada, la FGEO inici\u00f3 la investigaci\u00f3n correspondiente por el delito de violencia familiar y lesiones, logrando aprehender y presentar al imputado ante el Juez de Control, quien determin\u00f3 vincularlo a proceso, imponiendo la medida cautelar de prisi\u00f3n preventiva justificada y otorgando dos meses para el cierre de investigaci\u00f3n complementaria.<\/p>\n\n\n\n<p>En otro hecho distinto, el Juzgado de Control dict\u00f3 auto de vinculaci\u00f3n a proceso contra el masculino identificado como J. E. C. S., probable responsable del delito de violencia familiar en agravio de su propia madre, identificada como A. E. S. R., quien qued\u00f3 en prisi\u00f3n preventiva oficiosa y cuyo plazo de cierre de investigaci\u00f3n se fij\u00f3 en dos meses.&nbsp;<\/p>\n\n\n\n<p>De acuerdo con la causa penal 972\/2021, el 17 de septiembre de 2021, el imputado intent\u00f3 agredir de manera f\u00edsica a la v\u00edctima, cuando se encontraba en su domicilio particular, ubicado en inmediaciones de la colonia Am\u00e9rica Sur de la ciudad de Oaxaca de Ju\u00e1rez.<\/p>\n","protected":false},"excerpt":{"rendered":"<p>Oaxaca de Ju\u00e1rez, Oax.- Gracias a la comprometida labor de la Fiscal\u00eda General del Estado de Oaxaca (FGEO) -a trav\u00e9s de la Fiscal\u00eda Especializada en Atenci\u00f3n a Delitos contra la Mujer por Raz\u00f3n de G\u00e9nero- el Juzgado de Control dict\u00f3 auto de vinculaci\u00f3n a proceso contra dos personas del sexo masculino, probables responsables del delito [&hellip;]<\/p>\n","protected":false},"author":2,"featured_media":2303,"comment_status":"closed","ping_status":"closed","sticky":false,"template":"","format":"standard","meta":{"footnotes":""},"categories":[20],"tags":[],"class_list":{"0":"post-2302","1":"post","2":"type-post","3":"status-publish","4":"format-standard","5":"has-post-thumbnail","7":"category-policiaca"},"yoast_head":"<!-- This site is optimized with the Yoast SEO plugin v27.4 - https:\/\/yoast.com\/product\/yoast-seo-wordpress\/ -->\n<title>Fiscal\u00eda vincula a proceso a dos probables responsables de violencia familiar - LA BRAVA RADIO<\/title>\n<meta name=\"description\" content=\"El imputado, identificado como D. I. L. G., agredi\u00f3 con un arma blanca a su esposa, identificada como B. V. S\" \/>\n<meta name=\"robots\" content=\"index, follow, max-snippet:-1, max-image-preview:large, max-video-preview:-1\" \/>\n<link rel=\"canonical\" href=\"https:\/\/www.bbmnoticias.com\/labravaradiofm\/2021\/09\/22\/fiscalia-vincula-a-proceso-a-dos-probables-responsables-de-violencia-familiar\/\" \/>\n<meta property=\"og:locale\" content=\"es_MX\" \/>\n<meta property=\"og:type\" content=\"article\" \/>\n<meta property=\"og:title\" content=\"Fiscal\u00eda vincula a proceso a dos probables responsables de violencia familiar - LA BRAVA RADIO\" \/>\n<meta property=\"og:description\" content=\"El imputado, identificado como D. I. L. G., agredi\u00f3 con un arma blanca a su esposa, identificada como B. V. S\" \/>\n<meta property=\"og:url\" content=\"https:\/\/www.bbmnoticias.com\/labravaradiofm\/2021\/09\/22\/fiscalia-vincula-a-proceso-a-dos-probables-responsables-de-violencia-familiar\/\" \/>\n<meta property=\"og:site_name\" content=\"LA BRAVA RADIO\" \/>\n<meta property=\"article:published_time\" content=\"2021-09-22T18:22:43+00:00\" \/>\n<meta property=\"article:modified_time\" content=\"2021-09-22T18:22:44+00:00\" \/>\n<meta property=\"og:image\" content=\"https:\/\/www.bbmnoticias.com\/labravaradiofm\/wp-content\/uploads\/sites\/5\/2021\/09\/policiaca22092021-10.jpg\" \/>\n\t<meta property=\"og:image:width\" content=\"1024\" \/>\n\t<meta property=\"og:image:height\" content=\"512\" \/>\n\t<meta property=\"og:image:type\" content=\"image\/jpeg\" \/>\n<meta name=\"author\" content=\"Staff\" \/>\n<meta name=\"twitter:card\" content=\"summary_large_image\" \/>\n<meta name=\"twitter:label1\" content=\"Escrito por\" \/>\n\t<meta name=\"twitter:data1\" content=\"Staff\" \/>\n\t<meta name=\"twitter:label2\" content=\"Tiempo de lectura\" \/>\n\t<meta name=\"twitter:data2\" content=\"2 minutos\" \/>\n<script type=\"application\/ld+json\" class=\"yoast-schema-graph\">{\"@context\":\"https:\\\/\\\/schema.org\",\"@graph\":[{\"@type\":\"Article\",\"@id\":\"https:\\\/\\\/www.bbmnoticias.com\\\/labravaradiofm\\\/2021\\\/09\\\/22\\\/fiscalia-vincula-a-proceso-a-dos-probables-responsables-de-violencia-familiar\\\/#article\",\"isPartOf\":{\"@id\":\"https:\\\/\\\/www.bbmnoticias.com\\\/labravaradiofm\\\/2021\\\/09\\\/22\\\/fiscalia-vincula-a-proceso-a-dos-probables-responsables-de-violencia-familiar\\\/\"},\"author\":{\"name\":\"Staff\",\"@id\":\"https:\\\/\\\/www.bbmnoticias.com\\\/labravaradiofm\\\/#\\\/schema\\\/person\\\/34b139c617a70ea5bef5678bffe4dd7b\"},\"headline\":\"Fiscal\u00eda vincula a proceso a dos probables responsables de violencia familiar\",\"datePublished\":\"2021-09-22T18:22:43+00:00\",\"dateModified\":\"2021-09-22T18:22:44+00:00\",\"mainEntityOfPage\":{\"@id\":\"https:\\\/\\\/www.bbmnoticias.com\\\/labravaradiofm\\\/2021\\\/09\\\/22\\\/fiscalia-vincula-a-proceso-a-dos-probables-responsables-de-violencia-familiar\\\/\"},\"wordCount\":327,\"image\":{\"@id\":\"https:\\\/\\\/www.bbmnoticias.com\\\/labravaradiofm\\\/2021\\\/09\\\/22\\\/fiscalia-vincula-a-proceso-a-dos-probables-responsables-de-violencia-familiar\\\/#primaryimage\"},\"thumbnailUrl\":\"https:\\\/\\\/www.bbmnoticias.com\\\/labravaradiofm\\\/wp-content\\\/uploads\\\/sites\\\/5\\\/2021\\\/09\\\/policiaca22092021-10.jpg\",\"articleSection\":[\"POLICIACA\"],\"inLanguage\":\"es\"},{\"@type\":\"WebPage\",\"@id\":\"https:\\\/\\\/www.bbmnoticias.com\\\/labravaradiofm\\\/2021\\\/09\\\/22\\\/fiscalia-vincula-a-proceso-a-dos-probables-responsables-de-violencia-familiar\\\/\",\"url\":\"https:\\\/\\\/www.bbmnoticias.com\\\/labravaradiofm\\\/2021\\\/09\\\/22\\\/fiscalia-vincula-a-proceso-a-dos-probables-responsables-de-violencia-familiar\\\/\",\"name\":\"Fiscal\u00eda vincula a proceso a dos probables responsables de violencia familiar - LA BRAVA RADIO\",\"isPartOf\":{\"@id\":\"https:\\\/\\\/www.bbmnoticias.com\\\/labravaradiofm\\\/#website\"},\"primaryImageOfPage\":{\"@id\":\"https:\\\/\\\/www.bbmnoticias.com\\\/labravaradiofm\\\/2021\\\/09\\\/22\\\/fiscalia-vincula-a-proceso-a-dos-probables-responsables-de-violencia-familiar\\\/#primaryimage\"},\"image\":{\"@id\":\"https:\\\/\\\/www.bbmnoticias.com\\\/labravaradiofm\\\/2021\\\/09\\\/22\\\/fiscalia-vincula-a-proceso-a-dos-probables-responsables-de-violencia-familiar\\\/#primaryimage\"},\"thumbnailUrl\":\"https:\\\/\\\/www.bbmnoticias.com\\\/labravaradiofm\\\/wp-content\\\/uploads\\\/sites\\\/5\\\/2021\\\/09\\\/policiaca22092021-10.jpg\",\"datePublished\":\"2021-09-22T18:22:43+00:00\",\"dateModified\":\"2021-09-22T18:22:44+00:00\",\"author\":{\"@id\":\"https:\\\/\\\/www.bbmnoticias.com\\\/labravaradiofm\\\/#\\\/schema\\\/person\\\/34b139c617a70ea5bef5678bffe4dd7b\"},\"description\":\"El imputado, identificado como D. I. L. G., agredi\u00f3 con un arma blanca a su esposa, identificada como B. V. S\",\"breadcrumb\":{\"@id\":\"https:\\\/\\\/www.bbmnoticias.com\\\/labravaradiofm\\\/2021\\\/09\\\/22\\\/fiscalia-vincula-a-proceso-a-dos-probables-responsables-de-violencia-familiar\\\/#breadcrumb\"},\"inLanguage\":\"es\",\"potentialAction\":[{\"@type\":\"ReadAction\",\"target\":[\"https:\\\/\\\/www.bbmnoticias.com\\\/labravaradiofm\\\/2021\\\/09\\\/22\\\/fiscalia-vincula-a-proceso-a-dos-probables-responsables-de-violencia-familiar\\\/\"]}]},{\"@type\":\"ImageObject\",\"inLanguage\":\"es\",\"@id\":\"https:\\\/\\\/www.bbmnoticias.com\\\/labravaradiofm\\\/2021\\\/09\\\/22\\\/fiscalia-vincula-a-proceso-a-dos-probables-responsables-de-violencia-familiar\\\/#primaryimage\",\"url\":\"https:\\\/\\\/www.bbmnoticias.com\\\/labravaradiofm\\\/wp-content\\\/uploads\\\/sites\\\/5\\\/2021\\\/09\\\/policiaca22092021-10.jpg\",\"contentUrl\":\"https:\\\/\\\/www.bbmnoticias.com\\\/labravaradiofm\\\/wp-content\\\/uploads\\\/sites\\\/5\\\/2021\\\/09\\\/policiaca22092021-10.jpg\",\"width\":1024,\"height\":512},{\"@type\":\"BreadcrumbList\",\"@id\":\"https:\\\/\\\/www.bbmnoticias.com\\\/labravaradiofm\\\/2021\\\/09\\\/22\\\/fiscalia-vincula-a-proceso-a-dos-probables-responsables-de-violencia-familiar\\\/#breadcrumb\",\"itemListElement\":[{\"@type\":\"ListItem\",\"position\":1,\"name\":\"Inicio\",\"item\":\"https:\\\/\\\/www.bbmnoticias.com\\\/labravaradiofm\\\/\"},{\"@type\":\"ListItem\",\"position\":2,\"name\":\"Fiscal\u00eda vincula a proceso a dos probables responsables de violencia familiar\"}]},{\"@type\":\"WebSite\",\"@id\":\"https:\\\/\\\/www.bbmnoticias.com\\\/labravaradiofm\\\/#website\",\"url\":\"https:\\\/\\\/www.bbmnoticias.com\\\/labravaradiofm\\\/\",\"name\":\"LA BRAVA RADIO\",\"description\":\"Empresa productora de medios, Radiodifusi\u00f3n, Noticias, tendencias y todo lo que necesitas saber de la pol\u00edtica mexicana e internacional; entretenimiento, espect\u00e1culos, salud y mucho m\u00e1s.\",\"potentialAction\":[{\"@type\":\"SearchAction\",\"target\":{\"@type\":\"EntryPoint\",\"urlTemplate\":\"https:\\\/\\\/www.bbmnoticias.com\\\/labravaradiofm\\\/?s={search_term_string}\"},\"query-input\":{\"@type\":\"PropertyValueSpecification\",\"valueRequired\":true,\"valueName\":\"search_term_string\"}}],\"inLanguage\":\"es\"},{\"@type\":\"Person\",\"@id\":\"https:\\\/\\\/www.bbmnoticias.com\\\/labravaradiofm\\\/#\\\/schema\\\/person\\\/34b139c617a70ea5bef5678bffe4dd7b\",\"name\":\"Staff\",\"image\":{\"@type\":\"ImageObject\",\"inLanguage\":\"es\",\"@id\":\"https:\\\/\\\/secure.gravatar.com\\\/avatar\\\/fdd21ad66fd8b98c407f9dee5b5e588cfe7f0d8579ec20fa6527cd59bab7f0f0?s=96&d=mm&r=g\",\"url\":\"https:\\\/\\\/secure.gravatar.com\\\/avatar\\\/fdd21ad66fd8b98c407f9dee5b5e588cfe7f0d8579ec20fa6527cd59bab7f0f0?s=96&d=mm&r=g\",\"contentUrl\":\"https:\\\/\\\/secure.gravatar.com\\\/avatar\\\/fdd21ad66fd8b98c407f9dee5b5e588cfe7f0d8579ec20fa6527cd59bab7f0f0?s=96&d=mm&r=g\",\"caption\":\"Staff\"},\"url\":\"https:\\\/\\\/www.bbmnoticias.com\\\/labravaradiofm\\\/author\\\/redaccion\\\/\"}]}<\/script>\n<!-- \/ Yoast SEO plugin. -->","yoast_head_json":{"title":"Fiscal\u00eda vincula a proceso a dos probables responsables de violencia familiar - LA BRAVA RADIO","description":"El imputado, identificado como D. I. L. G., agredi\u00f3 con un arma blanca a su esposa, identificada como B. V. S","robots":{"index":"index","follow":"follow","max-snippet":"max-snippet:-1","max-image-preview":"max-image-preview:large","max-video-preview":"max-video-preview:-1"},"canonical":"https:\/\/www.bbmnoticias.com\/labravaradiofm\/2021\/09\/22\/fiscalia-vincula-a-proceso-a-dos-probables-responsables-de-violencia-familiar\/","og_locale":"es_MX","og_type":"article","og_title":"Fiscal\u00eda vincula a proceso a dos probables responsables de violencia familiar - LA BRAVA RADIO","og_description":"El imputado, identificado como D. I. L. G., agredi\u00f3 con un arma blanca a su esposa, identificada como B. V. S","og_url":"https:\/\/www.bbmnoticias.com\/labravaradiofm\/2021\/09\/22\/fiscalia-vincula-a-proceso-a-dos-probables-responsables-de-violencia-familiar\/","og_site_name":"LA BRAVA RADIO","article_published_time":"2021-09-22T18:22:43+00:00","article_modified_time":"2021-09-22T18:22:44+00:00","og_image":[{"width":1024,"height":512,"url":"https:\/\/www.bbmnoticias.com\/labravaradiofm\/wp-content\/uploads\/sites\/5\/2021\/09\/policiaca22092021-10.jpg","type":"image\/jpeg"}],"author":"Staff","twitter_card":"summary_large_image","twitter_misc":{"Escrito por":"Staff","Tiempo de lectura":"2 minutos"},"schema":{"@context":"https:\/\/schema.org","@graph":[{"@type":"Article","@id":"https:\/\/www.bbmnoticias.com\/labravaradiofm\/2021\/09\/22\/fiscalia-vincula-a-proceso-a-dos-probables-responsables-de-violencia-familiar\/#article","isPartOf":{"@id":"https:\/\/www.bbmnoticias.com\/labravaradiofm\/2021\/09\/22\/fiscalia-vincula-a-proceso-a-dos-probables-responsables-de-violencia-familiar\/"},"author":{"name":"Staff","@id":"https:\/\/www.bbmnoticias.com\/labravaradiofm\/#\/schema\/person\/34b139c617a70ea5bef5678bffe4dd7b"},"headline":"Fiscal\u00eda vincula a proceso a dos probables responsables de violencia familiar","datePublished":"2021-09-22T18:22:43+00:00","dateModified":"2021-09-22T18:22:44+00:00","mainEntityOfPage":{"@id":"https:\/\/www.bbmnoticias.com\/labravaradiofm\/2021\/09\/22\/fiscalia-vincula-a-proceso-a-dos-probables-responsables-de-violencia-familiar\/"},"wordCount":327,"image":{"@id":"https:\/\/www.bbmnoticias.com\/labravaradiofm\/2021\/09\/22\/fiscalia-vincula-a-proceso-a-dos-probables-responsables-de-violencia-familiar\/#primaryimage"},"thumbnailUrl":"https:\/\/www.bbmnoticias.com\/labravaradiofm\/wp-content\/uploads\/sites\/5\/2021\/09\/policiaca22092021-10.jpg","articleSection":["POLICIACA"],"inLanguage":"es"},{"@type":"WebPage","@id":"https:\/\/www.bbmnoticias.com\/labravaradiofm\/2021\/09\/22\/fiscalia-vincula-a-proceso-a-dos-probables-responsables-de-violencia-familiar\/","url":"https:\/\/www.bbmnoticias.com\/labravaradiofm\/2021\/09\/22\/fiscalia-vincula-a-proceso-a-dos-probables-responsables-de-violencia-familiar\/","name":"Fiscal\u00eda vincula a proceso a dos probables responsables de violencia familiar - LA BRAVA RADIO","isPartOf":{"@id":"https:\/\/www.bbmnoticias.com\/labravaradiofm\/#website"},"primaryImageOfPage":{"@id":"https:\/\/www.bbmnoticias.com\/labravaradiofm\/2021\/09\/22\/fiscalia-vincula-a-proceso-a-dos-probables-responsables-de-violencia-familiar\/#primaryimage"},"image":{"@id":"https:\/\/www.bbmnoticias.com\/labravaradiofm\/2021\/09\/22\/fiscalia-vincula-a-proceso-a-dos-probables-responsables-de-violencia-familiar\/#primaryimage"},"thumbnailUrl":"https:\/\/www.bbmnoticias.com\/labravaradiofm\/wp-content\/uploads\/sites\/5\/2021\/09\/policiaca22092021-10.jpg","datePublished":"2021-09-22T18:22:43+00:00","dateModified":"2021-09-22T18:22:44+00:00","author":{"@id":"https:\/\/www.bbmnoticias.com\/labravaradiofm\/#\/schema\/person\/34b139c617a70ea5bef5678bffe4dd7b"},"description":"El imputado, identificado como D. I. L. G., agredi\u00f3 con un arma blanca a su esposa, identificada como B. V. S","breadcrumb":{"@id":"https:\/\/www.bbmnoticias.com\/labravaradiofm\/2021\/09\/22\/fiscalia-vincula-a-proceso-a-dos-probables-responsables-de-violencia-familiar\/#breadcrumb"},"inLanguage":"es","potentialAction":[{"@type":"ReadAction","target":["https:\/\/www.bbmnoticias.com\/labravaradiofm\/2021\/09\/22\/fiscalia-vincula-a-proceso-a-dos-probables-responsables-de-violencia-familiar\/"]}]},{"@type":"ImageObject","inLanguage":"es","@id":"https:\/\/www.bbmnoticias.com\/labravaradiofm\/2021\/09\/22\/fiscalia-vincula-a-proceso-a-dos-probables-responsables-de-violencia-familiar\/#primaryimage","url":"https:\/\/www.bbmnoticias.com\/labravaradiofm\/wp-content\/uploads\/sites\/5\/2021\/09\/policiaca22092021-10.jpg","contentUrl":"https:\/\/www.bbmnoticias.com\/labravaradiofm\/wp-content\/uploads\/sites\/5\/2021\/09\/policiaca22092021-10.jpg","width":1024,"height":512},{"@type":"BreadcrumbList","@id":"https:\/\/www.bbmnoticias.com\/labravaradiofm\/2021\/09\/22\/fiscalia-vincula-a-proceso-a-dos-probables-responsables-de-violencia-familiar\/#breadcrumb","itemListElement":[{"@type":"ListItem","position":1,"name":"Inicio","item":"https:\/\/www.bbmnoticias.com\/labravaradiofm\/"},{"@type":"ListItem","position":2,"name":"Fiscal\u00eda vincula a proceso a dos probables responsables de violencia familiar"}]},{"@type":"WebSite","@id":"https:\/\/www.bbmnoticias.com\/labravaradiofm\/#website","url":"https:\/\/www.bbmnoticias.com\/labravaradiofm\/","name":"LA BRAVA RADIO","description":"Empresa productora de medios, Radiodifusi\u00f3n, Noticias, tendencias y todo lo que necesitas saber de la pol\u00edtica mexicana e internacional; entretenimiento, espect\u00e1culos, salud y mucho m\u00e1s.","potentialAction":[{"@type":"SearchAction","target":{"@type":"EntryPoint","urlTemplate":"https:\/\/www.bbmnoticias.com\/labravaradiofm\/?s={search_term_string}"},"query-input":{"@type":"PropertyValueSpecification","valueRequired":true,"valueName":"search_term_string"}}],"inLanguage":"es"},{"@type":"Person","@id":"https:\/\/www.bbmnoticias.com\/labravaradiofm\/#\/schema\/person\/34b139c617a70ea5bef5678bffe4dd7b","name":"Staff","image":{"@type":"ImageObject","inLanguage":"es","@id":"https:\/\/secure.gravatar.com\/avatar\/fdd21ad66fd8b98c407f9dee5b5e588cfe7f0d8579ec20fa6527cd59bab7f0f0?s=96&d=mm&r=g","url":"https:\/\/secure.gravatar.com\/avatar\/fdd21ad66fd8b98c407f9dee5b5e588cfe7f0d8579ec20fa6527cd59bab7f0f0?s=96&d=mm&r=g","contentUrl":"https:\/\/secure.gravatar.com\/avatar\/fdd21ad66fd8b98c407f9dee5b5e588cfe7f0d8579ec20fa6527cd59bab7f0f0?s=96&d=mm&r=g","caption":"Staff"},"url":"https:\/\/www.bbmnoticias.com\/labravaradiofm\/author\/redaccion\/"}]}},"_links":{"self":[{"href":"https:\/\/www.bbmnoticias.com\/labravaradiofm\/wp-json\/wp\/v2\/posts\/2302","targetHints":{"allow":["GET"]}}],"collection":[{"href":"https:\/\/www.bbmnoticias.com\/labravaradiofm\/wp-json\/wp\/v2\/posts"}],"about":[{"href":"https:\/\/www.bbmnoticias.com\/labravaradiofm\/wp-json\/wp\/v2\/types\/post"}],"author":[{"embeddable":true,"href":"https:\/\/www.bbmnoticias.com\/labravaradiofm\/wp-json\/wp\/v2\/users\/2"}],"replies":[{"embeddable":true,"href":"https:\/\/www.bbmnoticias.com\/labravaradiofm\/wp-json\/wp\/v2\/comments?post=2302"}],"version-history":[{"count":0,"href":"https:\/\/www.bbmnoticias.com\/labravaradiofm\/wp-json\/wp\/v2\/posts\/2302\/revisions"}],"wp:featuredmedia":[{"embeddable":true,"href":"https:\/\/www.bbmnoticias.com\/labravaradiofm\/wp-json\/wp\/v2\/media\/2303"}],"wp:attachment":[{"href":"https:\/\/www.bbmnoticias.com\/labravaradiofm\/wp-json\/wp\/v2\/media?parent=2302"}],"wp:term":[{"taxonomy":"category","embeddable":true,"href":"https:\/\/www.bbmnoticias.com\/labravaradiofm\/wp-json\/wp\/v2\/categories?post=2302"},{"taxonomy":"post_tag","embeddable":true,"href":"https:\/\/www.bbmnoticias.com\/labravaradiofm\/wp-json\/wp\/v2\/tags?post=2302"}],"curies":[{"name":"wp","href":"https:\/\/api.w.org\/{rel}","templated":true}]}}