{"id":23011,"date":"2023-01-29T02:39:00","date_gmt":"2023-01-29T08:39:00","guid":{"rendered":"https:\/\/www.bbmnoticias.com\/labravaradiofm\/?p=23011"},"modified":"2023-01-28T20:07:44","modified_gmt":"2023-01-29T02:07:44","slug":"jueves-de-gozona-el-canto-del-buho","status":"publish","type":"post","link":"https:\/\/www.bbmnoticias.com\/labravaradiofm\/2023\/01\/29\/jueves-de-gozona-el-canto-del-buho\/","title":{"rendered":"Jueves de Gozona &#8211; El Canto del B\u00faho"},"content":{"rendered":"<div style=\"margin-top: 0px; margin-bottom: 0px;\" class=\"sharethis-inline-share-buttons\" ><\/div>\n<p>\u00b7 Sindicatos si quieren trabajar deben sujetarse a lo que establece la normatividad en la materia, porque no cederemos al chantaje y la presi\u00f3n.<\/p>\n\n\n\n<p>\u00b7 Ricardo Aldana, confianza, fuerza y dignidad de STPRM.<\/p>\n\n\n\n<p>\u201cJueves de Gozona\u201d, lleg\u00f3 al Istmo de Tehuantepec. La \u201cCuna de la Inmortal Sandunga\u201d, fue el municipio elegido para que despu\u00e9s de la Capital del Estado, fuera quien recibiera al gobernador Salom\u00f3n Jara Cruz e invitados en la regi\u00f3n del Istmo.<\/p>\n\n\n\n<p>\u201cGozona\u201d, que significa en zapoteco, intercambio de conocimientos, riqueza cultural, gastronom\u00eda, costumbres y tradiciones de nuestra entidad, con su JUEVES \u201citinerante\u201d, lleg\u00f3 al municipio m\u00e1s morenista y quien le dio el mayor numero de votos a quien hoy gobierna y ordena en Oaxaca, Salom\u00f3n Jara Cruz.<\/p>\n\n\n\n<p>La Corporaci\u00f3n Oaxaque\u00f1a de Radio y Televisi\u00f3n (Cortv) , encabezada por su Director Daniel Hern\u00e1ndez Ju\u00e1rez y un equipo de profesionales, lograron llevar, magistralmente, a todo Oaxaca, resto del pa\u00eds y el mundo, la riqueza cultural, gastronom\u00eda, costumbres y tradiciones de nuestra entidad.<\/p>\n\n\n\n<figure class=\"wp-block-image size-full\"><img loading=\"lazy\" decoding=\"async\" width=\"800\" height=\"480\" src=\"https:\/\/www.bbmnoticias.com\/labravaradiofm\/wp-content\/uploads\/sites\/5\/2023\/01\/elcanto29012023-2.jpg\" alt=\"\" class=\"wp-image-23013\" srcset=\"https:\/\/www.bbmnoticias.com\/labravaradiofm\/wp-content\/uploads\/sites\/5\/2023\/01\/elcanto29012023-2.jpg 800w, https:\/\/www.bbmnoticias.com\/labravaradiofm\/wp-content\/uploads\/sites\/5\/2023\/01\/elcanto29012023-2-300x180.jpg 300w, https:\/\/www.bbmnoticias.com\/labravaradiofm\/wp-content\/uploads\/sites\/5\/2023\/01\/elcanto29012023-2-768x461.jpg 768w, https:\/\/www.bbmnoticias.com\/labravaradiofm\/wp-content\/uploads\/sites\/5\/2023\/01\/elcanto29012023-2-700x420.jpg 700w, https:\/\/www.bbmnoticias.com\/labravaradiofm\/wp-content\/uploads\/sites\/5\/2023\/01\/elcanto29012023-2-640x384.jpg 640w, https:\/\/www.bbmnoticias.com\/labravaradiofm\/wp-content\/uploads\/sites\/5\/2023\/01\/elcanto29012023-2-681x409.jpg 681w\" sizes=\"auto, (max-width: 800px) 100vw, 800px\" \/><\/figure>\n\n\n\n<p>El municipio Tehuantepec, con su presidenta municipal Vilma Mart\u00ednez Cort\u00e9s, reelecta por el voto popular de sus paisanos, y amiga personal del mandatario estatal, fue la anfitriona brind\u00f3 un c\u00e1lido y cari\u00f1oso recibimiento al Ing. Salom\u00f3n Jara e invitados.<\/p>\n\n\n\n<p>En el primer segmento de \u201cJueves de Gozona\u201d, el mandatario intermcabio puntos de vista con preguntas y respuestas a los periodistas Martha Izquierdo, directora de las estaciones 106.5, La Brava, en Salina Cruz y 100.7 BLN, en Ciudad Ixtepec; Alberto Fern\u00e1ndez Portilla, gerente de El Heraldo Istmo y director de BBM Noticias; Connie Baigorria, directora de Meganoticias del Istmo y Eduardo Gabriel Mart\u00ednez, director de los portales Istmo M\u00e1gico y Matutinazo Noticias; Jara Cruz, con quienes coincidi\u00f3 que el Corredor Interoce\u00e1nico del Istmo de Tehuantepec (CIIT), permitir\u00e1 la generaci\u00f3n de empleos, de oportunidades de desarrollo y de beneficios econ\u00f3micos para los habitantes del Istmo de Tehuantepec.<\/p>\n\n\n\n<figure class=\"wp-block-image size-full\"><img loading=\"lazy\" decoding=\"async\" width=\"800\" height=\"480\" src=\"https:\/\/www.bbmnoticias.com\/labravaradiofm\/wp-content\/uploads\/sites\/5\/2023\/01\/elcanto29012023-3.jpg\" alt=\"\" class=\"wp-image-23014\" srcset=\"https:\/\/www.bbmnoticias.com\/labravaradiofm\/wp-content\/uploads\/sites\/5\/2023\/01\/elcanto29012023-3.jpg 800w, https:\/\/www.bbmnoticias.com\/labravaradiofm\/wp-content\/uploads\/sites\/5\/2023\/01\/elcanto29012023-3-300x180.jpg 300w, https:\/\/www.bbmnoticias.com\/labravaradiofm\/wp-content\/uploads\/sites\/5\/2023\/01\/elcanto29012023-3-768x461.jpg 768w, https:\/\/www.bbmnoticias.com\/labravaradiofm\/wp-content\/uploads\/sites\/5\/2023\/01\/elcanto29012023-3-700x420.jpg 700w, https:\/\/www.bbmnoticias.com\/labravaradiofm\/wp-content\/uploads\/sites\/5\/2023\/01\/elcanto29012023-3-640x384.jpg 640w, https:\/\/www.bbmnoticias.com\/labravaradiofm\/wp-content\/uploads\/sites\/5\/2023\/01\/elcanto29012023-3-681x409.jpg 681w\" sizes=\"auto, (max-width: 800px) 100vw, 800px\" \/><\/figure>\n\n\n\n<p>A pegunta de Alberto Fern\u00e1ndez Portilla sobre el conflicto que viven los sindicatos, el gobernador adelant\u00f3 que un sector con el cual se mantendr\u00e1 un di\u00e1logo constante es con los diversos sindicatos, los cuales en gobiernos anteriores eran protegidos y solapados.<\/p>\n\n\n\n<p>Nosotros \u2013dijo- no vamos a privilegiar a nadie, tendremos di\u00e1logo con todos, no se permitir\u00e1 el cobro de moches o comisiones por otorgar obras, tampoco queremos que los sindicatos sigan crey\u00e9ndose due\u00f1os de territorios o de zonas, por el contrario, se tienen que sujetar a lo que establece la Ley Federal del Trabajo; hoy, si los sindicatos quieren trabajar deben sujetarse a lo que establece la normatividad en la materia, porque no cederemos al chantaje y la presi\u00f3n.<\/p>\n\n\n\n<p>Y es que en este tema, son los sindicatos CTM Y CATEM los que tienen los CONTRATOS de las obras Planta Coquizadora y Escollera respectivamente, y el CIT intenta chantajear v\u00eda presi\u00f3n y violencia algo que por ley no les corresponde, atrasando mediante bloqueos las obras prioritarias del presidente Andr\u00e9s Manuel L\u00f3pez Obrador.<\/p>\n\n\n\n<figure class=\"wp-block-image size-full\"><img loading=\"lazy\" decoding=\"async\" width=\"800\" height=\"480\" src=\"https:\/\/www.bbmnoticias.com\/labravaradiofm\/wp-content\/uploads\/sites\/5\/2023\/01\/elcanto29012023-4.jpg\" alt=\"\" class=\"wp-image-23015\" srcset=\"https:\/\/www.bbmnoticias.com\/labravaradiofm\/wp-content\/uploads\/sites\/5\/2023\/01\/elcanto29012023-4.jpg 800w, https:\/\/www.bbmnoticias.com\/labravaradiofm\/wp-content\/uploads\/sites\/5\/2023\/01\/elcanto29012023-4-300x180.jpg 300w, https:\/\/www.bbmnoticias.com\/labravaradiofm\/wp-content\/uploads\/sites\/5\/2023\/01\/elcanto29012023-4-768x461.jpg 768w, https:\/\/www.bbmnoticias.com\/labravaradiofm\/wp-content\/uploads\/sites\/5\/2023\/01\/elcanto29012023-4-700x420.jpg 700w, https:\/\/www.bbmnoticias.com\/labravaradiofm\/wp-content\/uploads\/sites\/5\/2023\/01\/elcanto29012023-4-640x384.jpg 640w, https:\/\/www.bbmnoticias.com\/labravaradiofm\/wp-content\/uploads\/sites\/5\/2023\/01\/elcanto29012023-4-681x409.jpg 681w\" sizes=\"auto, (max-width: 800px) 100vw, 800px\" \/><\/figure>\n\n\n\n<p>El Gobernador del Estado de Oaxaca, Salom\u00f3n Jara Cruz destac\u00f3 que los pr\u00f3ximos a\u00f1os ser\u00e1n fundamentales para el desarrollo del Istmo de Tehuantepec gracias a la serie de proyectos que impulsa el Gobierno del Presidente Andr\u00e9s Manuel L\u00f3pez Obrador y la actual administraci\u00f3n estatal.<\/p>\n\n\n\n<p>Adelant\u00f3 que, en abril pr\u00f3ximo, la Secretar\u00eda de Econom\u00eda del Gobierno federal lanzar\u00e1 la convocatoria para la licitaci\u00f3n de los parques industriales, y con ello los inversionistas inicien el proceso de adquisici\u00f3n.<\/p>\n\n\n\n<p>Despu\u00e9s de la \u201cmesa redonda\u201d con los periodistas, Salom\u00f3n Jara, pas\u00f3 a disfrutar de la gastronom\u00eda del Istmo, conoci\u00f3 el trabajo de las artesanas de los trajes de tehuana, y finaliz\u00f3 disfrutando de la m\u00fasica de los j\u00f3venes virtuosos y talentosos de la Banda Filarm\u00f3nica Sandunga que dirige y dirige muy BIEN el Maestro Gato Cartas, y su presidente del Patronato Dr. Alberto Garc\u00eda Escobar, y su maestro de ceremonia Carlos Rodriguez.<\/p>\n\n\n\n<figure class=\"wp-block-image size-full\"><img loading=\"lazy\" decoding=\"async\" width=\"800\" height=\"480\" src=\"https:\/\/www.bbmnoticias.com\/labravaradiofm\/wp-content\/uploads\/sites\/5\/2023\/01\/elcanto29012023-5.jpg\" alt=\"\" class=\"wp-image-23016\" srcset=\"https:\/\/www.bbmnoticias.com\/labravaradiofm\/wp-content\/uploads\/sites\/5\/2023\/01\/elcanto29012023-5.jpg 800w, https:\/\/www.bbmnoticias.com\/labravaradiofm\/wp-content\/uploads\/sites\/5\/2023\/01\/elcanto29012023-5-300x180.jpg 300w, https:\/\/www.bbmnoticias.com\/labravaradiofm\/wp-content\/uploads\/sites\/5\/2023\/01\/elcanto29012023-5-768x461.jpg 768w, https:\/\/www.bbmnoticias.com\/labravaradiofm\/wp-content\/uploads\/sites\/5\/2023\/01\/elcanto29012023-5-700x420.jpg 700w, https:\/\/www.bbmnoticias.com\/labravaradiofm\/wp-content\/uploads\/sites\/5\/2023\/01\/elcanto29012023-5-640x384.jpg 640w, https:\/\/www.bbmnoticias.com\/labravaradiofm\/wp-content\/uploads\/sites\/5\/2023\/01\/elcanto29012023-5-681x409.jpg 681w\" sizes=\"auto, (max-width: 800px) 100vw, 800px\" \/><\/figure>\n\n\n\n<p>Viernes y s\u00e1bado, el Gobernador, realiz\u00f3 una intensa y extensa gira por diversos municipios de la zona Oriente y h\u00fameda del Istmo. Atendi\u00f3 con personal de PEMEX a los afectados del derrame de amoniaco y visit\u00f3 a la zona naval para sostener una platica con mandos de la Armada de M\u00e9xico y de ASIPONA, entre otras actividades de la regi\u00f3n del Istmo.<\/p>\n\n\n\n<p>EL VERDE SUMA Y MULTIPLICA.<\/p>\n\n\n\n<p>Pian pianito, paso a pasito, el Diputado Federal y delegado estatal del Partido Verde Ecologista, Jos\u00e9 Estefan Guillissen, va sumando y multiplicando valiosos cuadros del PRI a su partido. Con todo y que Alejandro \u201cH-AVIL YA NO ES\u201d con tono m\u00e1s bien de ardor e impotencia, calific\u00f3 a quienes renuncian al PRITANIC como \u201cchalanes\u201d del tricolor. Y lo digo con ardor e impotencia, porque el pastor de la disminuida bancada pri\u00edsta, ya no sabe como parar la desbandada de los que a\u00fan quedan en el otrora partidazo en Oaxaca. Las ultimas sumas al Verde, la diputada<\/p>\n\n\n\n<figure class=\"wp-block-image size-full\"><img loading=\"lazy\" decoding=\"async\" width=\"800\" height=\"450\" src=\"https:\/\/www.bbmnoticias.com\/labravaradiofm\/wp-content\/uploads\/sites\/5\/2023\/01\/elcanto29012023-6.jpg\" alt=\"\" class=\"wp-image-23017\" srcset=\"https:\/\/www.bbmnoticias.com\/labravaradiofm\/wp-content\/uploads\/sites\/5\/2023\/01\/elcanto29012023-6.jpg 800w, https:\/\/www.bbmnoticias.com\/labravaradiofm\/wp-content\/uploads\/sites\/5\/2023\/01\/elcanto29012023-6-300x169.jpg 300w, https:\/\/www.bbmnoticias.com\/labravaradiofm\/wp-content\/uploads\/sites\/5\/2023\/01\/elcanto29012023-6-768x432.jpg 768w, https:\/\/www.bbmnoticias.com\/labravaradiofm\/wp-content\/uploads\/sites\/5\/2023\/01\/elcanto29012023-6-747x420.jpg 747w, https:\/\/www.bbmnoticias.com\/labravaradiofm\/wp-content\/uploads\/sites\/5\/2023\/01\/elcanto29012023-6-640x360.jpg 640w, https:\/\/www.bbmnoticias.com\/labravaradiofm\/wp-content\/uploads\/sites\/5\/2023\/01\/elcanto29012023-6-681x383.jpg 681w\" sizes=\"auto, (max-width: 800px) 100vw, 800px\" \/><\/figure>\n\n\n\n<p>Gaby P\u00e9rez, Rafa Vichido y Lino Vel\u00e1squez. M\u00e1s los que se sumen en los pr\u00f3ximos d\u00edas. No pierdan de vista al VERDE.<\/p>\n\n\n\n<p>El viernes pasado Pepe Estefan Guillessen, junto a sus compa\u00f1eras y compa\u00f1eros Diputados Locales y l\u00edderes del VERDE a acompa\u00f1o al Gobernador Salom\u00f3n Jara<\/p>\n\n\n\n<p>a la Inauguraci\u00f3n de la Empacadora de Mango \u201cDon Pancho\u201d en el Municipio de Chahuites el cual es presidido por Joaqu\u00edn Mart\u00ednez del cual preside el VERDE en CHAHUITES.<\/p>\n\n\n\n<p>Por cierto, si no hay cambios de ultima hora, el pr\u00f3ximo martes 31, se llevar\u00e1 a cabo la plenaria del VERDE donde desfilar\u00e1n por la pasarela las 4 \u201cCORCHOLOTAS\u201d DE MORENA, donde el diputado federal Pepe Estefan Guillessen, estar\u00e1 presente. La cita en el Hotel Sevilla Palace en la Ciudad de M\u00e9xico.<\/p>\n\n\n\n<figure class=\"wp-block-image size-full\"><img loading=\"lazy\" decoding=\"async\" width=\"800\" height=\"450\" src=\"https:\/\/www.bbmnoticias.com\/labravaradiofm\/wp-content\/uploads\/sites\/5\/2023\/01\/elcanto29012023-7.jpg\" alt=\"\" class=\"wp-image-23018\" srcset=\"https:\/\/www.bbmnoticias.com\/labravaradiofm\/wp-content\/uploads\/sites\/5\/2023\/01\/elcanto29012023-7.jpg 800w, https:\/\/www.bbmnoticias.com\/labravaradiofm\/wp-content\/uploads\/sites\/5\/2023\/01\/elcanto29012023-7-300x169.jpg 300w, https:\/\/www.bbmnoticias.com\/labravaradiofm\/wp-content\/uploads\/sites\/5\/2023\/01\/elcanto29012023-7-768x432.jpg 768w, https:\/\/www.bbmnoticias.com\/labravaradiofm\/wp-content\/uploads\/sites\/5\/2023\/01\/elcanto29012023-7-747x420.jpg 747w, https:\/\/www.bbmnoticias.com\/labravaradiofm\/wp-content\/uploads\/sites\/5\/2023\/01\/elcanto29012023-7-640x360.jpg 640w, https:\/\/www.bbmnoticias.com\/labravaradiofm\/wp-content\/uploads\/sites\/5\/2023\/01\/elcanto29012023-7-681x383.jpg 681w\" sizes=\"auto, (max-width: 800px) 100vw, 800px\" \/><\/figure>\n\n\n\n<p>\u2022 Ricardo Aldana, confianza, fuerza y dignidad de STPRM.<\/p>\n\n\n\n<p>El Frente Liberal Sindicalista 25 de Enero de la Secci\u00f3n 38 celebr\u00f3 su 34 Aniversario de existencia. Una celebraci\u00f3n donde qued\u00f3 CONFIRMADA la unidad, trabajo, poder de convocatoria, poder y fiesta de la familia petrolera en torno a sus l\u00edderes Ricardo Aldana Prieto, Secretario General del CEN del STPRM y del Secretario de la Secci\u00f3n 38 Carlos Cabello Moreno.<\/p>\n\n\n\n<p>La asistencia y presencia del Secretario General y l\u00edder del STPRM Ricardo Aldana Prieto, corrobor\u00f3 la sensibilidad y respeto por sus compa\u00f1eros agremiados, por su gratitud a quienes le brindaron su voto de confianza para llevarlo a la Secretar\u00eda General del CEN del STPRM<\/p>\n\n\n\n<figure class=\"wp-block-image size-full\"><img loading=\"lazy\" decoding=\"async\" width=\"800\" height=\"450\" src=\"https:\/\/www.bbmnoticias.com\/labravaradiofm\/wp-content\/uploads\/sites\/5\/2023\/01\/elcanto29012023-8.jpg\" alt=\"\" class=\"wp-image-23019\" srcset=\"https:\/\/www.bbmnoticias.com\/labravaradiofm\/wp-content\/uploads\/sites\/5\/2023\/01\/elcanto29012023-8.jpg 800w, https:\/\/www.bbmnoticias.com\/labravaradiofm\/wp-content\/uploads\/sites\/5\/2023\/01\/elcanto29012023-8-300x169.jpg 300w, https:\/\/www.bbmnoticias.com\/labravaradiofm\/wp-content\/uploads\/sites\/5\/2023\/01\/elcanto29012023-8-768x432.jpg 768w, https:\/\/www.bbmnoticias.com\/labravaradiofm\/wp-content\/uploads\/sites\/5\/2023\/01\/elcanto29012023-8-747x420.jpg 747w, https:\/\/www.bbmnoticias.com\/labravaradiofm\/wp-content\/uploads\/sites\/5\/2023\/01\/elcanto29012023-8-640x360.jpg 640w, https:\/\/www.bbmnoticias.com\/labravaradiofm\/wp-content\/uploads\/sites\/5\/2023\/01\/elcanto29012023-8-681x383.jpg 681w\" sizes=\"auto, (max-width: 800px) 100vw, 800px\" \/><\/figure>\n\n\n\n<p>As\u00ed como su total respaldo a su liderazgo, fuerza, constancia y trabajo ha devuelto a todos los trabajadores petroleros la confianza y la dignidad a su sindicato.<\/p>\n\n\n\n<p>El grupo fundado por Jos\u00e9 Romero Villalobos en el a\u00f1o de 1989 y que a partir de 1990 a\u00f1o con a\u00f1o se festeja cada uno de sus aniversarios, como una actividad festiva propia de los<\/p>\n\n\n\n<figure class=\"wp-block-image size-full\"><img loading=\"lazy\" decoding=\"async\" width=\"800\" height=\"450\" src=\"https:\/\/www.bbmnoticias.com\/labravaradiofm\/wp-content\/uploads\/sites\/5\/2023\/01\/elcanto29012023-9.jpg\" alt=\"\" class=\"wp-image-23020\" srcset=\"https:\/\/www.bbmnoticias.com\/labravaradiofm\/wp-content\/uploads\/sites\/5\/2023\/01\/elcanto29012023-9.jpg 800w, https:\/\/www.bbmnoticias.com\/labravaradiofm\/wp-content\/uploads\/sites\/5\/2023\/01\/elcanto29012023-9-300x169.jpg 300w, https:\/\/www.bbmnoticias.com\/labravaradiofm\/wp-content\/uploads\/sites\/5\/2023\/01\/elcanto29012023-9-768x432.jpg 768w, https:\/\/www.bbmnoticias.com\/labravaradiofm\/wp-content\/uploads\/sites\/5\/2023\/01\/elcanto29012023-9-747x420.jpg 747w, https:\/\/www.bbmnoticias.com\/labravaradiofm\/wp-content\/uploads\/sites\/5\/2023\/01\/elcanto29012023-9-640x360.jpg 640w, https:\/\/www.bbmnoticias.com\/labravaradiofm\/wp-content\/uploads\/sites\/5\/2023\/01\/elcanto29012023-9-681x383.jpg 681w\" sizes=\"auto, (max-width: 800px) 100vw, 800px\" \/><\/figure>\n\n\n\n<p>compromisos del Comit\u00e9 Ejecutivo Local de la Secci\u00f3n 38, es referente en las secciones que conforman el STPRM.<\/p>\n\n\n\n<p>La Vela 25 de Enero es un ambiente de idiosincrasia popular retomado y enaltecido por los trabajadores petroleros sindicalizados y sus familias, para materializarse ante el pasaje de la sociedad istme\u00f1a en sus usos y costumbres al que pertenecen.<\/p>\n\n\n\n<figure class=\"wp-block-image size-full\"><img loading=\"lazy\" decoding=\"async\" width=\"800\" height=\"450\" src=\"https:\/\/www.bbmnoticias.com\/labravaradiofm\/wp-content\/uploads\/sites\/5\/2023\/01\/elcanto29012023-10.jpg\" alt=\"\" class=\"wp-image-23022\" srcset=\"https:\/\/www.bbmnoticias.com\/labravaradiofm\/wp-content\/uploads\/sites\/5\/2023\/01\/elcanto29012023-10.jpg 800w, https:\/\/www.bbmnoticias.com\/labravaradiofm\/wp-content\/uploads\/sites\/5\/2023\/01\/elcanto29012023-10-300x169.jpg 300w, https:\/\/www.bbmnoticias.com\/labravaradiofm\/wp-content\/uploads\/sites\/5\/2023\/01\/elcanto29012023-10-768x432.jpg 768w, https:\/\/www.bbmnoticias.com\/labravaradiofm\/wp-content\/uploads\/sites\/5\/2023\/01\/elcanto29012023-10-747x420.jpg 747w, https:\/\/www.bbmnoticias.com\/labravaradiofm\/wp-content\/uploads\/sites\/5\/2023\/01\/elcanto29012023-10-640x360.jpg 640w, https:\/\/www.bbmnoticias.com\/labravaradiofm\/wp-content\/uploads\/sites\/5\/2023\/01\/elcanto29012023-10-681x383.jpg 681w\" sizes=\"auto, (max-width: 800px) 100vw, 800px\" \/><\/figure>\n\n\n\n<p>En este festejo del 34 aniversario no pudo ser diferente a los a\u00f1os anteriores, en un ambiente de festividad, colorido, unidad y convocatoria, los socios del FLS 25 de Enero, celebraron su conmemoraci\u00f3n.<\/p>\n\n\n\n<p>Una semana de eventos deportivos, Misa, su tradicional calenda, la premiaci\u00f3n de 11 autom\u00f3viles 2023 cerrando sus festejos con su majestuosa vela en donde hizo acto de presencia el l\u00edder nacional Ricardo Aldana Prieto y secretarios generales de diversas secciones hermanas del STPRM atendiendo la invitaci\u00f3n del Secretario General y Presidente del FLS Carlos Cabello Moreno.<\/p>\n\n\n\n<p>Carlos Cabello Moreno, en su mensaje, exhort\u00f3 a los trabajadores sindicalizados, a mantener la unidad que prevalece en la Secci\u00f3n 38 en torno al Secretario General del STPRM Ricardo Aldana Prieto, as\u00ed como su total respaldo a su liderazgo, fuerza, constancia y trabajo ha devuelto a todos los trabajadores petroleros la confianza y la dignidad a su sindicato.<\/p>\n\n\n\n<figure class=\"wp-block-image size-full\"><img loading=\"lazy\" decoding=\"async\" width=\"800\" height=\"450\" src=\"https:\/\/www.bbmnoticias.com\/labravaradiofm\/wp-content\/uploads\/sites\/5\/2023\/01\/elcanto29012023-11.jpg\" alt=\"\" class=\"wp-image-23021\" srcset=\"https:\/\/www.bbmnoticias.com\/labravaradiofm\/wp-content\/uploads\/sites\/5\/2023\/01\/elcanto29012023-11.jpg 800w, https:\/\/www.bbmnoticias.com\/labravaradiofm\/wp-content\/uploads\/sites\/5\/2023\/01\/elcanto29012023-11-300x169.jpg 300w, https:\/\/www.bbmnoticias.com\/labravaradiofm\/wp-content\/uploads\/sites\/5\/2023\/01\/elcanto29012023-11-768x432.jpg 768w, https:\/\/www.bbmnoticias.com\/labravaradiofm\/wp-content\/uploads\/sites\/5\/2023\/01\/elcanto29012023-11-747x420.jpg 747w, https:\/\/www.bbmnoticias.com\/labravaradiofm\/wp-content\/uploads\/sites\/5\/2023\/01\/elcanto29012023-11-640x360.jpg 640w, https:\/\/www.bbmnoticias.com\/labravaradiofm\/wp-content\/uploads\/sites\/5\/2023\/01\/elcanto29012023-11-681x383.jpg 681w\" sizes=\"auto, (max-width: 800px) 100vw, 800px\" \/><\/figure>\n\n\n\n<p>La unidad, trabajo, poder de convocatoria y mando de Carlos Cabello Moreno, como Secretario General de la Secci\u00f3n 38 y Presidente del Frente Liberal Sindicalista 25 de Enero, qued\u00f3 confirmada. As\u00ed se escribe la historia.<\/p>\n\n\n\n<p>Por hoy es tocho, recuerden, cuando el B\u00faho canta el indio muere. Pd.- \u00a1\u00a1\u00a1 Funcionarios \u201cpatito\u201d!!!&#8230; El titular de la Secretar\u00eda de Gobierno del Estado, Jes\u00fas Romero, tendr\u00e1 que observar detenidamente a sus \u201cSub\u201d, ya que lejos de ayudarlo a atender los diversos conflictos en las regiones, est\u00e1n m\u00e1s dedicados a promover su imagen y a inclinarse a favor de grupos o sindicatos enemigos del progreso de Oaxaca y de los proyectos del presidente Andr\u00e9s Manuel L\u00f3pez Obrador. Como dice AMLO, andan haciendo politiquer\u00eda utilizando el cargo, del que por cierto, no tienen nombramiento oficial. Institucional!&#8230; La CTM Confederaci\u00f3n de sindicatos es INSTITUCIONAL. Es el sindicato con mayor numero de afiliados en el pa\u00eds, y el que responde al progreso del pa\u00eds con el mandato del presidente Andr\u00e9s Manuel L\u00f3pez Obrador. En la entidad oaxaque\u00f1a Carlos Aceves del Olmo y en el Istmo, Remigio G\u00f3mez Manubes, Secretario General en Oaxaca y Secretario de Organizaci\u00f3n del CDE y l\u00edder regional respectivamente, bajo su liderazgo, son garant\u00eda para que las obras de la 4T tengan vialidad y continuidad con el Gobernador Salom\u00f3n Jara.<\/p>\n\n\n\n<p class=\"has-text-align-center\"><strong>Noticieros: 08:00 a 09:00 horas de lunes a viernes y 15:00 a 16:00 horas. <br>1 Edici\u00f3n BBM Noticias y 2 Edici\u00f3n HERALDO RADIO ISTMO 106.5 FM XHSCCK<br>Lo puede escuchar tambi\u00e9n en www.labravaradiofm.com y<br>www.bbmnoticias.com\/labravaradiofm<br>Facebook Bbmnoticias Oaxaca<br>Mant\u00e9ngase informados las 24 horas del d\u00eda!<br>Twitter @buho_botero @bbmnoticias1<\/strong><\/p>\n","protected":false},"excerpt":{"rendered":"<p>\u00b7 Sindicatos si quieren trabajar deben sujetarse a lo que establece la normatividad en la materia, porque no cederemos al chantaje y la presi\u00f3n. \u00b7 Ricardo Aldana, confianza, fuerza y dignidad de STPRM. \u201cJueves de Gozona\u201d, lleg\u00f3 al Istmo de Tehuantepec. La \u201cCuna de la Inmortal Sandunga\u201d, fue el municipio elegido para que despu\u00e9s de [&hellip;]<\/p>\n","protected":false},"author":18,"featured_media":23012,"comment_status":"closed","ping_status":"closed","sticky":false,"template":"","format":"standard","meta":{"footnotes":""},"categories":[1],"tags":[],"class_list":{"0":"post-23011","1":"post","2":"type-post","3":"status-publish","4":"format-standard","5":"has-post-thumbnail","7":"category-sin-categoria"},"yoast_head":"<!-- This site is optimized with the Yoast SEO plugin v27.4 - https:\/\/yoast.com\/product\/yoast-seo-wordpress\/ -->\n<title>Jueves de Gozona - El Canto del B\u00faho - LA BRAVA RADIO<\/title>\n<meta name=\"robots\" content=\"index, follow, max-snippet:-1, max-image-preview:large, max-video-preview:-1\" \/>\n<link rel=\"canonical\" href=\"https:\/\/www.bbmnoticias.com\/labravaradiofm\/2023\/01\/29\/jueves-de-gozona-el-canto-del-buho\/\" \/>\n<meta property=\"og:locale\" content=\"es_MX\" \/>\n<meta property=\"og:type\" content=\"article\" \/>\n<meta property=\"og:title\" content=\"Jueves de Gozona - El Canto del B\u00faho - LA BRAVA RADIO\" \/>\n<meta property=\"og:description\" content=\"\u00b7 Sindicatos si quieren trabajar deben sujetarse a lo que establece la normatividad en la materia, porque no cederemos al chantaje y la presi\u00f3n. \u00b7 Ricardo Aldana, confianza, fuerza y dignidad de STPRM. \u201cJueves de Gozona\u201d, lleg\u00f3 al Istmo de Tehuantepec. La \u201cCuna de la Inmortal Sandunga\u201d, fue el municipio elegido para que despu\u00e9s de [&hellip;]\" \/>\n<meta property=\"og:url\" content=\"https:\/\/www.bbmnoticias.com\/labravaradiofm\/2023\/01\/29\/jueves-de-gozona-el-canto-del-buho\/\" \/>\n<meta property=\"og:site_name\" content=\"LA BRAVA RADIO\" \/>\n<meta property=\"article:published_time\" content=\"2023-01-29T08:39:00+00:00\" \/>\n<meta property=\"og:image\" content=\"https:\/\/www.bbmnoticias.com\/labravaradiofm\/wp-content\/uploads\/sites\/5\/2023\/01\/elcanto29012023.jpg\" \/>\n\t<meta property=\"og:image:width\" content=\"650\" \/>\n\t<meta property=\"og:image:height\" content=\"360\" \/>\n\t<meta property=\"og:image:type\" content=\"image\/jpeg\" \/>\n<meta name=\"author\" content=\"Pedro Botero\" \/>\n<meta name=\"twitter:card\" content=\"summary_large_image\" \/>\n<meta name=\"twitter:label1\" content=\"Escrito por\" \/>\n\t<meta name=\"twitter:data1\" content=\"Pedro Botero\" \/>\n\t<meta name=\"twitter:label2\" content=\"Tiempo de lectura\" \/>\n\t<meta name=\"twitter:data2\" content=\"10 minutos\" \/>\n<script type=\"application\/ld+json\" class=\"yoast-schema-graph\">{\"@context\":\"https:\\\/\\\/schema.org\",\"@graph\":[{\"@type\":\"Article\",\"@id\":\"https:\\\/\\\/www.bbmnoticias.com\\\/labravaradiofm\\\/2023\\\/01\\\/29\\\/jueves-de-gozona-el-canto-del-buho\\\/#article\",\"isPartOf\":{\"@id\":\"https:\\\/\\\/www.bbmnoticias.com\\\/labravaradiofm\\\/2023\\\/01\\\/29\\\/jueves-de-gozona-el-canto-del-buho\\\/\"},\"author\":{\"name\":\"Pedro Botero\",\"@id\":\"https:\\\/\\\/www.bbmnoticias.com\\\/labravaradiofm\\\/#\\\/schema\\\/person\\\/b1f24ff43a407a5f7093af0d867e2717\"},\"headline\":\"Jueves de Gozona &#8211; El Canto del B\u00faho\",\"datePublished\":\"2023-01-29T08:39:00+00:00\",\"mainEntityOfPage\":{\"@id\":\"https:\\\/\\\/www.bbmnoticias.com\\\/labravaradiofm\\\/2023\\\/01\\\/29\\\/jueves-de-gozona-el-canto-del-buho\\\/\"},\"wordCount\":1661,\"image\":{\"@id\":\"https:\\\/\\\/www.bbmnoticias.com\\\/labravaradiofm\\\/2023\\\/01\\\/29\\\/jueves-de-gozona-el-canto-del-buho\\\/#primaryimage\"},\"thumbnailUrl\":\"https:\\\/\\\/www.bbmnoticias.com\\\/labravaradiofm\\\/wp-content\\\/uploads\\\/sites\\\/5\\\/2023\\\/01\\\/elcanto29012023.jpg\",\"inLanguage\":\"es\"},{\"@type\":\"WebPage\",\"@id\":\"https:\\\/\\\/www.bbmnoticias.com\\\/labravaradiofm\\\/2023\\\/01\\\/29\\\/jueves-de-gozona-el-canto-del-buho\\\/\",\"url\":\"https:\\\/\\\/www.bbmnoticias.com\\\/labravaradiofm\\\/2023\\\/01\\\/29\\\/jueves-de-gozona-el-canto-del-buho\\\/\",\"name\":\"Jueves de Gozona - El Canto del B\u00faho - LA BRAVA RADIO\",\"isPartOf\":{\"@id\":\"https:\\\/\\\/www.bbmnoticias.com\\\/labravaradiofm\\\/#website\"},\"primaryImageOfPage\":{\"@id\":\"https:\\\/\\\/www.bbmnoticias.com\\\/labravaradiofm\\\/2023\\\/01\\\/29\\\/jueves-de-gozona-el-canto-del-buho\\\/#primaryimage\"},\"image\":{\"@id\":\"https:\\\/\\\/www.bbmnoticias.com\\\/labravaradiofm\\\/2023\\\/01\\\/29\\\/jueves-de-gozona-el-canto-del-buho\\\/#primaryimage\"},\"thumbnailUrl\":\"https:\\\/\\\/www.bbmnoticias.com\\\/labravaradiofm\\\/wp-content\\\/uploads\\\/sites\\\/5\\\/2023\\\/01\\\/elcanto29012023.jpg\",\"datePublished\":\"2023-01-29T08:39:00+00:00\",\"author\":{\"@id\":\"https:\\\/\\\/www.bbmnoticias.com\\\/labravaradiofm\\\/#\\\/schema\\\/person\\\/b1f24ff43a407a5f7093af0d867e2717\"},\"breadcrumb\":{\"@id\":\"https:\\\/\\\/www.bbmnoticias.com\\\/labravaradiofm\\\/2023\\\/01\\\/29\\\/jueves-de-gozona-el-canto-del-buho\\\/#breadcrumb\"},\"inLanguage\":\"es\",\"potentialAction\":[{\"@type\":\"ReadAction\",\"target\":[\"https:\\\/\\\/www.bbmnoticias.com\\\/labravaradiofm\\\/2023\\\/01\\\/29\\\/jueves-de-gozona-el-canto-del-buho\\\/\"]}]},{\"@type\":\"ImageObject\",\"inLanguage\":\"es\",\"@id\":\"https:\\\/\\\/www.bbmnoticias.com\\\/labravaradiofm\\\/2023\\\/01\\\/29\\\/jueves-de-gozona-el-canto-del-buho\\\/#primaryimage\",\"url\":\"https:\\\/\\\/www.bbmnoticias.com\\\/labravaradiofm\\\/wp-content\\\/uploads\\\/sites\\\/5\\\/2023\\\/01\\\/elcanto29012023.jpg\",\"contentUrl\":\"https:\\\/\\\/www.bbmnoticias.com\\\/labravaradiofm\\\/wp-content\\\/uploads\\\/sites\\\/5\\\/2023\\\/01\\\/elcanto29012023.jpg\",\"width\":650,\"height\":360},{\"@type\":\"BreadcrumbList\",\"@id\":\"https:\\\/\\\/www.bbmnoticias.com\\\/labravaradiofm\\\/2023\\\/01\\\/29\\\/jueves-de-gozona-el-canto-del-buho\\\/#breadcrumb\",\"itemListElement\":[{\"@type\":\"ListItem\",\"position\":1,\"name\":\"Inicio\",\"item\":\"https:\\\/\\\/www.bbmnoticias.com\\\/labravaradiofm\\\/\"},{\"@type\":\"ListItem\",\"position\":2,\"name\":\"Jueves de Gozona &#8211; El Canto del B\u00faho\"}]},{\"@type\":\"WebSite\",\"@id\":\"https:\\\/\\\/www.bbmnoticias.com\\\/labravaradiofm\\\/#website\",\"url\":\"https:\\\/\\\/www.bbmnoticias.com\\\/labravaradiofm\\\/\",\"name\":\"LA BRAVA RADIO\",\"description\":\"Empresa productora de medios, Radiodifusi\u00f3n, Noticias, tendencias y todo lo que necesitas saber de la pol\u00edtica mexicana e internacional; entretenimiento, espect\u00e1culos, salud y mucho m\u00e1s.\",\"potentialAction\":[{\"@type\":\"SearchAction\",\"target\":{\"@type\":\"EntryPoint\",\"urlTemplate\":\"https:\\\/\\\/www.bbmnoticias.com\\\/labravaradiofm\\\/?s={search_term_string}\"},\"query-input\":{\"@type\":\"PropertyValueSpecification\",\"valueRequired\":true,\"valueName\":\"search_term_string\"}}],\"inLanguage\":\"es\"},{\"@type\":\"Person\",\"@id\":\"https:\\\/\\\/www.bbmnoticias.com\\\/labravaradiofm\\\/#\\\/schema\\\/person\\\/b1f24ff43a407a5f7093af0d867e2717\",\"name\":\"Pedro Botero\",\"image\":{\"@type\":\"ImageObject\",\"inLanguage\":\"es\",\"@id\":\"https:\\\/\\\/secure.gravatar.com\\\/avatar\\\/3e1604f74223697b158b4f0509f030050c1609806bd1c24b9ac5d9759b30b353?s=96&d=mm&r=g\",\"url\":\"https:\\\/\\\/secure.gravatar.com\\\/avatar\\\/3e1604f74223697b158b4f0509f030050c1609806bd1c24b9ac5d9759b30b353?s=96&d=mm&r=g\",\"contentUrl\":\"https:\\\/\\\/secure.gravatar.com\\\/avatar\\\/3e1604f74223697b158b4f0509f030050c1609806bd1c24b9ac5d9759b30b353?s=96&d=mm&r=g\",\"caption\":\"Pedro Botero\"},\"sameAs\":[\"http:\\\/\\\/www.bbmnoticias.com\"],\"url\":\"https:\\\/\\\/www.bbmnoticias.com\\\/labravaradiofm\\\/author\\\/pedrobotero\\\/\"}]}<\/script>\n<!-- \/ Yoast SEO plugin. -->","yoast_head_json":{"title":"Jueves de Gozona - El Canto del B\u00faho - LA BRAVA RADIO","robots":{"index":"index","follow":"follow","max-snippet":"max-snippet:-1","max-image-preview":"max-image-preview:large","max-video-preview":"max-video-preview:-1"},"canonical":"https:\/\/www.bbmnoticias.com\/labravaradiofm\/2023\/01\/29\/jueves-de-gozona-el-canto-del-buho\/","og_locale":"es_MX","og_type":"article","og_title":"Jueves de Gozona - El Canto del B\u00faho - LA BRAVA RADIO","og_description":"\u00b7 Sindicatos si quieren trabajar deben sujetarse a lo que establece la normatividad en la materia, porque no cederemos al chantaje y la presi\u00f3n. \u00b7 Ricardo Aldana, confianza, fuerza y dignidad de STPRM. \u201cJueves de Gozona\u201d, lleg\u00f3 al Istmo de Tehuantepec. La \u201cCuna de la Inmortal Sandunga\u201d, fue el municipio elegido para que despu\u00e9s de [&hellip;]","og_url":"https:\/\/www.bbmnoticias.com\/labravaradiofm\/2023\/01\/29\/jueves-de-gozona-el-canto-del-buho\/","og_site_name":"LA BRAVA RADIO","article_published_time":"2023-01-29T08:39:00+00:00","og_image":[{"width":650,"height":360,"url":"https:\/\/www.bbmnoticias.com\/labravaradiofm\/wp-content\/uploads\/sites\/5\/2023\/01\/elcanto29012023.jpg","type":"image\/jpeg"}],"author":"Pedro Botero","twitter_card":"summary_large_image","twitter_misc":{"Escrito por":"Pedro Botero","Tiempo de lectura":"10 minutos"},"schema":{"@context":"https:\/\/schema.org","@graph":[{"@type":"Article","@id":"https:\/\/www.bbmnoticias.com\/labravaradiofm\/2023\/01\/29\/jueves-de-gozona-el-canto-del-buho\/#article","isPartOf":{"@id":"https:\/\/www.bbmnoticias.com\/labravaradiofm\/2023\/01\/29\/jueves-de-gozona-el-canto-del-buho\/"},"author":{"name":"Pedro Botero","@id":"https:\/\/www.bbmnoticias.com\/labravaradiofm\/#\/schema\/person\/b1f24ff43a407a5f7093af0d867e2717"},"headline":"Jueves de Gozona &#8211; El Canto del B\u00faho","datePublished":"2023-01-29T08:39:00+00:00","mainEntityOfPage":{"@id":"https:\/\/www.bbmnoticias.com\/labravaradiofm\/2023\/01\/29\/jueves-de-gozona-el-canto-del-buho\/"},"wordCount":1661,"image":{"@id":"https:\/\/www.bbmnoticias.com\/labravaradiofm\/2023\/01\/29\/jueves-de-gozona-el-canto-del-buho\/#primaryimage"},"thumbnailUrl":"https:\/\/www.bbmnoticias.com\/labravaradiofm\/wp-content\/uploads\/sites\/5\/2023\/01\/elcanto29012023.jpg","inLanguage":"es"},{"@type":"WebPage","@id":"https:\/\/www.bbmnoticias.com\/labravaradiofm\/2023\/01\/29\/jueves-de-gozona-el-canto-del-buho\/","url":"https:\/\/www.bbmnoticias.com\/labravaradiofm\/2023\/01\/29\/jueves-de-gozona-el-canto-del-buho\/","name":"Jueves de Gozona - El Canto del B\u00faho - LA BRAVA RADIO","isPartOf":{"@id":"https:\/\/www.bbmnoticias.com\/labravaradiofm\/#website"},"primaryImageOfPage":{"@id":"https:\/\/www.bbmnoticias.com\/labravaradiofm\/2023\/01\/29\/jueves-de-gozona-el-canto-del-buho\/#primaryimage"},"image":{"@id":"https:\/\/www.bbmnoticias.com\/labravaradiofm\/2023\/01\/29\/jueves-de-gozona-el-canto-del-buho\/#primaryimage"},"thumbnailUrl":"https:\/\/www.bbmnoticias.com\/labravaradiofm\/wp-content\/uploads\/sites\/5\/2023\/01\/elcanto29012023.jpg","datePublished":"2023-01-29T08:39:00+00:00","author":{"@id":"https:\/\/www.bbmnoticias.com\/labravaradiofm\/#\/schema\/person\/b1f24ff43a407a5f7093af0d867e2717"},"breadcrumb":{"@id":"https:\/\/www.bbmnoticias.com\/labravaradiofm\/2023\/01\/29\/jueves-de-gozona-el-canto-del-buho\/#breadcrumb"},"inLanguage":"es","potentialAction":[{"@type":"ReadAction","target":["https:\/\/www.bbmnoticias.com\/labravaradiofm\/2023\/01\/29\/jueves-de-gozona-el-canto-del-buho\/"]}]},{"@type":"ImageObject","inLanguage":"es","@id":"https:\/\/www.bbmnoticias.com\/labravaradiofm\/2023\/01\/29\/jueves-de-gozona-el-canto-del-buho\/#primaryimage","url":"https:\/\/www.bbmnoticias.com\/labravaradiofm\/wp-content\/uploads\/sites\/5\/2023\/01\/elcanto29012023.jpg","contentUrl":"https:\/\/www.bbmnoticias.com\/labravaradiofm\/wp-content\/uploads\/sites\/5\/2023\/01\/elcanto29012023.jpg","width":650,"height":360},{"@type":"BreadcrumbList","@id":"https:\/\/www.bbmnoticias.com\/labravaradiofm\/2023\/01\/29\/jueves-de-gozona-el-canto-del-buho\/#breadcrumb","itemListElement":[{"@type":"ListItem","position":1,"name":"Inicio","item":"https:\/\/www.bbmnoticias.com\/labravaradiofm\/"},{"@type":"ListItem","position":2,"name":"Jueves de Gozona &#8211; El Canto del B\u00faho"}]},{"@type":"WebSite","@id":"https:\/\/www.bbmnoticias.com\/labravaradiofm\/#website","url":"https:\/\/www.bbmnoticias.com\/labravaradiofm\/","name":"LA BRAVA RADIO","description":"Empresa productora de medios, Radiodifusi\u00f3n, Noticias, tendencias y todo lo que necesitas saber de la pol\u00edtica mexicana e internacional; entretenimiento, espect\u00e1culos, salud y mucho m\u00e1s.","potentialAction":[{"@type":"SearchAction","target":{"@type":"EntryPoint","urlTemplate":"https:\/\/www.bbmnoticias.com\/labravaradiofm\/?s={search_term_string}"},"query-input":{"@type":"PropertyValueSpecification","valueRequired":true,"valueName":"search_term_string"}}],"inLanguage":"es"},{"@type":"Person","@id":"https:\/\/www.bbmnoticias.com\/labravaradiofm\/#\/schema\/person\/b1f24ff43a407a5f7093af0d867e2717","name":"Pedro Botero","image":{"@type":"ImageObject","inLanguage":"es","@id":"https:\/\/secure.gravatar.com\/avatar\/3e1604f74223697b158b4f0509f030050c1609806bd1c24b9ac5d9759b30b353?s=96&d=mm&r=g","url":"https:\/\/secure.gravatar.com\/avatar\/3e1604f74223697b158b4f0509f030050c1609806bd1c24b9ac5d9759b30b353?s=96&d=mm&r=g","contentUrl":"https:\/\/secure.gravatar.com\/avatar\/3e1604f74223697b158b4f0509f030050c1609806bd1c24b9ac5d9759b30b353?s=96&d=mm&r=g","caption":"Pedro Botero"},"sameAs":["http:\/\/www.bbmnoticias.com"],"url":"https:\/\/www.bbmnoticias.com\/labravaradiofm\/author\/pedrobotero\/"}]}},"_links":{"self":[{"href":"https:\/\/www.bbmnoticias.com\/labravaradiofm\/wp-json\/wp\/v2\/posts\/23011","targetHints":{"allow":["GET"]}}],"collection":[{"href":"https:\/\/www.bbmnoticias.com\/labravaradiofm\/wp-json\/wp\/v2\/posts"}],"about":[{"href":"https:\/\/www.bbmnoticias.com\/labravaradiofm\/wp-json\/wp\/v2\/types\/post"}],"author":[{"embeddable":true,"href":"https:\/\/www.bbmnoticias.com\/labravaradiofm\/wp-json\/wp\/v2\/users\/18"}],"replies":[{"embeddable":true,"href":"https:\/\/www.bbmnoticias.com\/labravaradiofm\/wp-json\/wp\/v2\/comments?post=23011"}],"version-history":[{"count":0,"href":"https:\/\/www.bbmnoticias.com\/labravaradiofm\/wp-json\/wp\/v2\/posts\/23011\/revisions"}],"wp:featuredmedia":[{"embeddable":true,"href":"https:\/\/www.bbmnoticias.com\/labravaradiofm\/wp-json\/wp\/v2\/media\/23012"}],"wp:attachment":[{"href":"https:\/\/www.bbmnoticias.com\/labravaradiofm\/wp-json\/wp\/v2\/media?parent=23011"}],"wp:term":[{"taxonomy":"category","embeddable":true,"href":"https:\/\/www.bbmnoticias.com\/labravaradiofm\/wp-json\/wp\/v2\/categories?post=23011"},{"taxonomy":"post_tag","embeddable":true,"href":"https:\/\/www.bbmnoticias.com\/labravaradiofm\/wp-json\/wp\/v2\/tags?post=23011"}],"curies":[{"name":"wp","href":"https:\/\/api.w.org\/{rel}","templated":true}]}}