{"id":22726,"date":"2023-01-19T11:14:57","date_gmt":"2023-01-19T17:14:57","guid":{"rendered":"https:\/\/www.bbmnoticias.com\/labravaradiofm\/?p=22726"},"modified":"2023-01-19T11:14:58","modified_gmt":"2023-01-19T17:14:58","slug":"afirma-amlo-que-abasto-de-medicamentos-esta-asegurado-hasta-2024","status":"publish","type":"post","link":"https:\/\/www.bbmnoticias.com\/labravaradiofm\/2023\/01\/19\/afirma-amlo-que-abasto-de-medicamentos-esta-asegurado-hasta-2024\/","title":{"rendered":"Afirma AMLO que abasto de medicamentos est\u00e1 asegurado hasta 2024"},"content":{"rendered":"<div style=\"margin-top: 0px; margin-bottom: 0px;\" class=\"sharethis-inline-share-buttons\" ><\/div>\n<p>El <strong>presidente Andr\u00e9s Manuel L\u00f3pez Obrador<\/strong> asegur\u00f3 que ya se resolvi\u00f3 el <strong>desabasto de medicamentos<\/strong> en el <strong>IMSS<\/strong>, por lo que se tienen <strong>medicamentos garantizados<\/strong> hasta <strong>2024<\/strong> y reiter\u00f3 que para finales de este a\u00f1o se contar\u00e1 con uno de los mejores sistemas de salud a nivel federal.<\/p>\n\n\n\n<p>En la ceremonia por los 80 a\u00f1os del IMSS, el jefe del Ejecutivo federal acus\u00f3 que el desabasto era un problema complejo donde hab\u00eda mucha corrupci\u00f3n y muchos intereses.<\/p>\n\n\n\n<p>\u201cVamos avanzando, superando obst\u00e1culos, ya resolvimos el problema del abasto de medicamentos, ya puedo informar que tenemos medicamento adquiridos para este a\u00f1o y para el 2024, que era un problema complejo y adem\u00e1s con muchos intereses, muy afectado por la corrupci\u00f3n y eso ya lo hemos resuelto\u201d, dijo.<\/p>\n\n\n\n<p>En Palacio Nacional, el presidente L\u00f3pez Obrador asegur\u00f3 que se est\u00e1n mejorando la infraestructura y equipo de hospitales, centros de salud rurales \u201ccomo nunca se hab\u00eda hecho.<\/p>\n\n\n\n<p>Destac\u00f3 que tambi\u00e9n se esta resolviendo el problema del d\u00e9ficit de m\u00e9dicos y especialistas.<\/p>\n\n\n\n<p>\u201cSe est\u00e1n mejorando centros de salud, unidades medicas rurales, se est\u00e1 invirtiendo en mejorar toda la infraestructura de salud, estamos equipando como nunca se hab\u00eda hecho\u201d, dijo.<\/p>\n","protected":false},"excerpt":{"rendered":"<p>El presidente Andr\u00e9s Manuel L\u00f3pez Obrador asegur\u00f3 que ya se resolvi\u00f3 el desabasto de medicamentos en el IMSS, por lo que se tienen medicamentos garantizados hasta 2024 y reiter\u00f3 que para finales de este a\u00f1o se contar\u00e1 con uno de los mejores sistemas de salud a nivel federal. En la ceremonia por los 80 a\u00f1os [&hellip;]<\/p>\n","protected":false},"author":2,"featured_media":22727,"comment_status":"closed","ping_status":"closed","sticky":false,"template":"","format":"standard","meta":{"footnotes":""},"categories":[19],"tags":[],"class_list":{"0":"post-22726","1":"post","2":"type-post","3":"status-publish","4":"format-standard","5":"has-post-thumbnail","7":"category-nacional"},"yoast_head":"<!-- This site is optimized with the Yoast SEO plugin v27.4 - https:\/\/yoast.com\/product\/yoast-seo-wordpress\/ -->\n<title>Afirma AMLO que abasto de medicamentos est\u00e1 asegurado hasta 2024 - LA BRAVA RADIO<\/title>\n<meta name=\"robots\" content=\"index, follow, max-snippet:-1, max-image-preview:large, max-video-preview:-1\" \/>\n<link rel=\"canonical\" href=\"https:\/\/www.bbmnoticias.com\/labravaradiofm\/2023\/01\/19\/afirma-amlo-que-abasto-de-medicamentos-esta-asegurado-hasta-2024\/\" \/>\n<meta property=\"og:locale\" content=\"es_MX\" \/>\n<meta property=\"og:type\" content=\"article\" \/>\n<meta property=\"og:title\" content=\"Afirma AMLO que abasto de medicamentos est\u00e1 asegurado hasta 2024 - LA BRAVA RADIO\" \/>\n<meta property=\"og:description\" content=\"El presidente Andr\u00e9s Manuel L\u00f3pez Obrador asegur\u00f3 que ya se resolvi\u00f3 el desabasto de medicamentos en el IMSS, por lo que se tienen medicamentos garantizados hasta 2024 y reiter\u00f3 que para finales de este a\u00f1o se contar\u00e1 con uno de los mejores sistemas de salud a nivel federal. En la ceremonia por los 80 a\u00f1os [&hellip;]\" \/>\n<meta property=\"og:url\" content=\"https:\/\/www.bbmnoticias.com\/labravaradiofm\/2023\/01\/19\/afirma-amlo-que-abasto-de-medicamentos-esta-asegurado-hasta-2024\/\" \/>\n<meta property=\"og:site_name\" content=\"LA BRAVA RADIO\" \/>\n<meta property=\"article:published_time\" content=\"2023-01-19T17:14:57+00:00\" \/>\n<meta property=\"article:modified_time\" content=\"2023-01-19T17:14:58+00:00\" \/>\n<meta property=\"og:image\" content=\"https:\/\/www.bbmnoticias.com\/labravaradiofm\/wp-content\/uploads\/sites\/5\/2023\/01\/conferencia-amlo.webp\" \/>\n\t<meta property=\"og:image:width\" content=\"1201\" \/>\n\t<meta property=\"og:image:height\" content=\"702\" \/>\n\t<meta property=\"og:image:type\" content=\"image\/webp\" \/>\n<meta name=\"author\" content=\"Staff\" \/>\n<meta name=\"twitter:card\" content=\"summary_large_image\" \/>\n<meta name=\"twitter:label1\" content=\"Escrito por\" \/>\n\t<meta name=\"twitter:data1\" content=\"Staff\" \/>\n\t<meta name=\"twitter:label2\" content=\"Tiempo de lectura\" \/>\n\t<meta name=\"twitter:data2\" content=\"1 minuto\" \/>\n<script type=\"application\/ld+json\" class=\"yoast-schema-graph\">{\"@context\":\"https:\\\/\\\/schema.org\",\"@graph\":[{\"@type\":\"Article\",\"@id\":\"https:\\\/\\\/www.bbmnoticias.com\\\/labravaradiofm\\\/2023\\\/01\\\/19\\\/afirma-amlo-que-abasto-de-medicamentos-esta-asegurado-hasta-2024\\\/#article\",\"isPartOf\":{\"@id\":\"https:\\\/\\\/www.bbmnoticias.com\\\/labravaradiofm\\\/2023\\\/01\\\/19\\\/afirma-amlo-que-abasto-de-medicamentos-esta-asegurado-hasta-2024\\\/\"},\"author\":{\"name\":\"Staff\",\"@id\":\"https:\\\/\\\/www.bbmnoticias.com\\\/labravaradiofm\\\/#\\\/schema\\\/person\\\/68a9e9036ef3c5b55aeb2b71dc8bab45\"},\"headline\":\"Afirma AMLO que abasto de medicamentos est\u00e1 asegurado hasta 2024\",\"datePublished\":\"2023-01-19T17:14:57+00:00\",\"dateModified\":\"2023-01-19T17:14:58+00:00\",\"mainEntityOfPage\":{\"@id\":\"https:\\\/\\\/www.bbmnoticias.com\\\/labravaradiofm\\\/2023\\\/01\\\/19\\\/afirma-amlo-que-abasto-de-medicamentos-esta-asegurado-hasta-2024\\\/\"},\"wordCount\":217,\"image\":{\"@id\":\"https:\\\/\\\/www.bbmnoticias.com\\\/labravaradiofm\\\/2023\\\/01\\\/19\\\/afirma-amlo-que-abasto-de-medicamentos-esta-asegurado-hasta-2024\\\/#primaryimage\"},\"thumbnailUrl\":\"https:\\\/\\\/www.bbmnoticias.com\\\/labravaradiofm\\\/wp-content\\\/uploads\\\/sites\\\/5\\\/2023\\\/01\\\/conferencia-amlo.webp\",\"articleSection\":[\"NACIONAL\"],\"inLanguage\":\"es\"},{\"@type\":\"WebPage\",\"@id\":\"https:\\\/\\\/www.bbmnoticias.com\\\/labravaradiofm\\\/2023\\\/01\\\/19\\\/afirma-amlo-que-abasto-de-medicamentos-esta-asegurado-hasta-2024\\\/\",\"url\":\"https:\\\/\\\/www.bbmnoticias.com\\\/labravaradiofm\\\/2023\\\/01\\\/19\\\/afirma-amlo-que-abasto-de-medicamentos-esta-asegurado-hasta-2024\\\/\",\"name\":\"Afirma AMLO que abasto de medicamentos est\u00e1 asegurado hasta 2024 - LA BRAVA RADIO\",\"isPartOf\":{\"@id\":\"https:\\\/\\\/www.bbmnoticias.com\\\/labravaradiofm\\\/#website\"},\"primaryImageOfPage\":{\"@id\":\"https:\\\/\\\/www.bbmnoticias.com\\\/labravaradiofm\\\/2023\\\/01\\\/19\\\/afirma-amlo-que-abasto-de-medicamentos-esta-asegurado-hasta-2024\\\/#primaryimage\"},\"image\":{\"@id\":\"https:\\\/\\\/www.bbmnoticias.com\\\/labravaradiofm\\\/2023\\\/01\\\/19\\\/afirma-amlo-que-abasto-de-medicamentos-esta-asegurado-hasta-2024\\\/#primaryimage\"},\"thumbnailUrl\":\"https:\\\/\\\/www.bbmnoticias.com\\\/labravaradiofm\\\/wp-content\\\/uploads\\\/sites\\\/5\\\/2023\\\/01\\\/conferencia-amlo.webp\",\"datePublished\":\"2023-01-19T17:14:57+00:00\",\"dateModified\":\"2023-01-19T17:14:58+00:00\",\"author\":{\"@id\":\"https:\\\/\\\/www.bbmnoticias.com\\\/labravaradiofm\\\/#\\\/schema\\\/person\\\/68a9e9036ef3c5b55aeb2b71dc8bab45\"},\"breadcrumb\":{\"@id\":\"https:\\\/\\\/www.bbmnoticias.com\\\/labravaradiofm\\\/2023\\\/01\\\/19\\\/afirma-amlo-que-abasto-de-medicamentos-esta-asegurado-hasta-2024\\\/#breadcrumb\"},\"inLanguage\":\"es\",\"potentialAction\":[{\"@type\":\"ReadAction\",\"target\":[\"https:\\\/\\\/www.bbmnoticias.com\\\/labravaradiofm\\\/2023\\\/01\\\/19\\\/afirma-amlo-que-abasto-de-medicamentos-esta-asegurado-hasta-2024\\\/\"]}]},{\"@type\":\"ImageObject\",\"inLanguage\":\"es\",\"@id\":\"https:\\\/\\\/www.bbmnoticias.com\\\/labravaradiofm\\\/2023\\\/01\\\/19\\\/afirma-amlo-que-abasto-de-medicamentos-esta-asegurado-hasta-2024\\\/#primaryimage\",\"url\":\"https:\\\/\\\/www.bbmnoticias.com\\\/labravaradiofm\\\/wp-content\\\/uploads\\\/sites\\\/5\\\/2023\\\/01\\\/conferencia-amlo.webp\",\"contentUrl\":\"https:\\\/\\\/www.bbmnoticias.com\\\/labravaradiofm\\\/wp-content\\\/uploads\\\/sites\\\/5\\\/2023\\\/01\\\/conferencia-amlo.webp\",\"width\":1201,\"height\":702},{\"@type\":\"BreadcrumbList\",\"@id\":\"https:\\\/\\\/www.bbmnoticias.com\\\/labravaradiofm\\\/2023\\\/01\\\/19\\\/afirma-amlo-que-abasto-de-medicamentos-esta-asegurado-hasta-2024\\\/#breadcrumb\",\"itemListElement\":[{\"@type\":\"ListItem\",\"position\":1,\"name\":\"Inicio\",\"item\":\"https:\\\/\\\/www.bbmnoticias.com\\\/labravaradiofm\\\/\"},{\"@type\":\"ListItem\",\"position\":2,\"name\":\"Afirma AMLO que abasto de medicamentos est\u00e1 asegurado hasta 2024\"}]},{\"@type\":\"WebSite\",\"@id\":\"https:\\\/\\\/www.bbmnoticias.com\\\/labravaradiofm\\\/#website\",\"url\":\"https:\\\/\\\/www.bbmnoticias.com\\\/labravaradiofm\\\/\",\"name\":\"LA BRAVA RADIO\",\"description\":\"Empresa productora de medios, Radiodifusi\u00f3n, Noticias, tendencias y todo lo que necesitas saber de la pol\u00edtica mexicana e internacional; entretenimiento, espect\u00e1culos, salud y mucho m\u00e1s.\",\"potentialAction\":[{\"@type\":\"SearchAction\",\"target\":{\"@type\":\"EntryPoint\",\"urlTemplate\":\"https:\\\/\\\/www.bbmnoticias.com\\\/labravaradiofm\\\/?s={search_term_string}\"},\"query-input\":{\"@type\":\"PropertyValueSpecification\",\"valueRequired\":true,\"valueName\":\"search_term_string\"}}],\"inLanguage\":\"es\"},{\"@type\":\"Person\",\"@id\":\"https:\\\/\\\/www.bbmnoticias.com\\\/labravaradiofm\\\/#\\\/schema\\\/person\\\/68a9e9036ef3c5b55aeb2b71dc8bab45\",\"name\":\"Staff\",\"image\":{\"@type\":\"ImageObject\",\"inLanguage\":\"es\",\"@id\":\"https:\\\/\\\/secure.gravatar.com\\\/avatar\\\/fdd21ad66fd8b98c407f9dee5b5e588cfe7f0d8579ec20fa6527cd59bab7f0f0?s=96&d=mm&r=g\",\"url\":\"https:\\\/\\\/secure.gravatar.com\\\/avatar\\\/fdd21ad66fd8b98c407f9dee5b5e588cfe7f0d8579ec20fa6527cd59bab7f0f0?s=96&d=mm&r=g\",\"contentUrl\":\"https:\\\/\\\/secure.gravatar.com\\\/avatar\\\/fdd21ad66fd8b98c407f9dee5b5e588cfe7f0d8579ec20fa6527cd59bab7f0f0?s=96&d=mm&r=g\",\"caption\":\"Staff\"},\"url\":\"https:\\\/\\\/www.bbmnoticias.com\\\/labravaradiofm\\\/author\\\/redaccion\\\/\"}]}<\/script>\n<!-- \/ Yoast SEO plugin. -->","yoast_head_json":{"title":"Afirma AMLO que abasto de medicamentos est\u00e1 asegurado hasta 2024 - LA BRAVA RADIO","robots":{"index":"index","follow":"follow","max-snippet":"max-snippet:-1","max-image-preview":"max-image-preview:large","max-video-preview":"max-video-preview:-1"},"canonical":"https:\/\/www.bbmnoticias.com\/labravaradiofm\/2023\/01\/19\/afirma-amlo-que-abasto-de-medicamentos-esta-asegurado-hasta-2024\/","og_locale":"es_MX","og_type":"article","og_title":"Afirma AMLO que abasto de medicamentos est\u00e1 asegurado hasta 2024 - LA BRAVA RADIO","og_description":"El presidente Andr\u00e9s Manuel L\u00f3pez Obrador asegur\u00f3 que ya se resolvi\u00f3 el desabasto de medicamentos en el IMSS, por lo que se tienen medicamentos garantizados hasta 2024 y reiter\u00f3 que para finales de este a\u00f1o se contar\u00e1 con uno de los mejores sistemas de salud a nivel federal. En la ceremonia por los 80 a\u00f1os [&hellip;]","og_url":"https:\/\/www.bbmnoticias.com\/labravaradiofm\/2023\/01\/19\/afirma-amlo-que-abasto-de-medicamentos-esta-asegurado-hasta-2024\/","og_site_name":"LA BRAVA RADIO","article_published_time":"2023-01-19T17:14:57+00:00","article_modified_time":"2023-01-19T17:14:58+00:00","og_image":[{"width":1201,"height":702,"url":"https:\/\/www.bbmnoticias.com\/labravaradiofm\/wp-content\/uploads\/sites\/5\/2023\/01\/conferencia-amlo.webp","type":"image\/webp"}],"author":"Staff","twitter_card":"summary_large_image","twitter_misc":{"Escrito por":"Staff","Tiempo de lectura":"1 minuto"},"schema":{"@context":"https:\/\/schema.org","@graph":[{"@type":"Article","@id":"https:\/\/www.bbmnoticias.com\/labravaradiofm\/2023\/01\/19\/afirma-amlo-que-abasto-de-medicamentos-esta-asegurado-hasta-2024\/#article","isPartOf":{"@id":"https:\/\/www.bbmnoticias.com\/labravaradiofm\/2023\/01\/19\/afirma-amlo-que-abasto-de-medicamentos-esta-asegurado-hasta-2024\/"},"author":{"name":"Staff","@id":"https:\/\/www.bbmnoticias.com\/labravaradiofm\/#\/schema\/person\/68a9e9036ef3c5b55aeb2b71dc8bab45"},"headline":"Afirma AMLO que abasto de medicamentos est\u00e1 asegurado hasta 2024","datePublished":"2023-01-19T17:14:57+00:00","dateModified":"2023-01-19T17:14:58+00:00","mainEntityOfPage":{"@id":"https:\/\/www.bbmnoticias.com\/labravaradiofm\/2023\/01\/19\/afirma-amlo-que-abasto-de-medicamentos-esta-asegurado-hasta-2024\/"},"wordCount":217,"image":{"@id":"https:\/\/www.bbmnoticias.com\/labravaradiofm\/2023\/01\/19\/afirma-amlo-que-abasto-de-medicamentos-esta-asegurado-hasta-2024\/#primaryimage"},"thumbnailUrl":"https:\/\/www.bbmnoticias.com\/labravaradiofm\/wp-content\/uploads\/sites\/5\/2023\/01\/conferencia-amlo.webp","articleSection":["NACIONAL"],"inLanguage":"es"},{"@type":"WebPage","@id":"https:\/\/www.bbmnoticias.com\/labravaradiofm\/2023\/01\/19\/afirma-amlo-que-abasto-de-medicamentos-esta-asegurado-hasta-2024\/","url":"https:\/\/www.bbmnoticias.com\/labravaradiofm\/2023\/01\/19\/afirma-amlo-que-abasto-de-medicamentos-esta-asegurado-hasta-2024\/","name":"Afirma AMLO que abasto de medicamentos est\u00e1 asegurado hasta 2024 - LA BRAVA RADIO","isPartOf":{"@id":"https:\/\/www.bbmnoticias.com\/labravaradiofm\/#website"},"primaryImageOfPage":{"@id":"https:\/\/www.bbmnoticias.com\/labravaradiofm\/2023\/01\/19\/afirma-amlo-que-abasto-de-medicamentos-esta-asegurado-hasta-2024\/#primaryimage"},"image":{"@id":"https:\/\/www.bbmnoticias.com\/labravaradiofm\/2023\/01\/19\/afirma-amlo-que-abasto-de-medicamentos-esta-asegurado-hasta-2024\/#primaryimage"},"thumbnailUrl":"https:\/\/www.bbmnoticias.com\/labravaradiofm\/wp-content\/uploads\/sites\/5\/2023\/01\/conferencia-amlo.webp","datePublished":"2023-01-19T17:14:57+00:00","dateModified":"2023-01-19T17:14:58+00:00","author":{"@id":"https:\/\/www.bbmnoticias.com\/labravaradiofm\/#\/schema\/person\/68a9e9036ef3c5b55aeb2b71dc8bab45"},"breadcrumb":{"@id":"https:\/\/www.bbmnoticias.com\/labravaradiofm\/2023\/01\/19\/afirma-amlo-que-abasto-de-medicamentos-esta-asegurado-hasta-2024\/#breadcrumb"},"inLanguage":"es","potentialAction":[{"@type":"ReadAction","target":["https:\/\/www.bbmnoticias.com\/labravaradiofm\/2023\/01\/19\/afirma-amlo-que-abasto-de-medicamentos-esta-asegurado-hasta-2024\/"]}]},{"@type":"ImageObject","inLanguage":"es","@id":"https:\/\/www.bbmnoticias.com\/labravaradiofm\/2023\/01\/19\/afirma-amlo-que-abasto-de-medicamentos-esta-asegurado-hasta-2024\/#primaryimage","url":"https:\/\/www.bbmnoticias.com\/labravaradiofm\/wp-content\/uploads\/sites\/5\/2023\/01\/conferencia-amlo.webp","contentUrl":"https:\/\/www.bbmnoticias.com\/labravaradiofm\/wp-content\/uploads\/sites\/5\/2023\/01\/conferencia-amlo.webp","width":1201,"height":702},{"@type":"BreadcrumbList","@id":"https:\/\/www.bbmnoticias.com\/labravaradiofm\/2023\/01\/19\/afirma-amlo-que-abasto-de-medicamentos-esta-asegurado-hasta-2024\/#breadcrumb","itemListElement":[{"@type":"ListItem","position":1,"name":"Inicio","item":"https:\/\/www.bbmnoticias.com\/labravaradiofm\/"},{"@type":"ListItem","position":2,"name":"Afirma AMLO que abasto de medicamentos est\u00e1 asegurado hasta 2024"}]},{"@type":"WebSite","@id":"https:\/\/www.bbmnoticias.com\/labravaradiofm\/#website","url":"https:\/\/www.bbmnoticias.com\/labravaradiofm\/","name":"LA BRAVA RADIO","description":"Empresa productora de medios, Radiodifusi\u00f3n, Noticias, tendencias y todo lo que necesitas saber de la pol\u00edtica mexicana e internacional; entretenimiento, espect\u00e1culos, salud y mucho m\u00e1s.","potentialAction":[{"@type":"SearchAction","target":{"@type":"EntryPoint","urlTemplate":"https:\/\/www.bbmnoticias.com\/labravaradiofm\/?s={search_term_string}"},"query-input":{"@type":"PropertyValueSpecification","valueRequired":true,"valueName":"search_term_string"}}],"inLanguage":"es"},{"@type":"Person","@id":"https:\/\/www.bbmnoticias.com\/labravaradiofm\/#\/schema\/person\/68a9e9036ef3c5b55aeb2b71dc8bab45","name":"Staff","image":{"@type":"ImageObject","inLanguage":"es","@id":"https:\/\/secure.gravatar.com\/avatar\/fdd21ad66fd8b98c407f9dee5b5e588cfe7f0d8579ec20fa6527cd59bab7f0f0?s=96&d=mm&r=g","url":"https:\/\/secure.gravatar.com\/avatar\/fdd21ad66fd8b98c407f9dee5b5e588cfe7f0d8579ec20fa6527cd59bab7f0f0?s=96&d=mm&r=g","contentUrl":"https:\/\/secure.gravatar.com\/avatar\/fdd21ad66fd8b98c407f9dee5b5e588cfe7f0d8579ec20fa6527cd59bab7f0f0?s=96&d=mm&r=g","caption":"Staff"},"url":"https:\/\/www.bbmnoticias.com\/labravaradiofm\/author\/redaccion\/"}]}},"_links":{"self":[{"href":"https:\/\/www.bbmnoticias.com\/labravaradiofm\/wp-json\/wp\/v2\/posts\/22726","targetHints":{"allow":["GET"]}}],"collection":[{"href":"https:\/\/www.bbmnoticias.com\/labravaradiofm\/wp-json\/wp\/v2\/posts"}],"about":[{"href":"https:\/\/www.bbmnoticias.com\/labravaradiofm\/wp-json\/wp\/v2\/types\/post"}],"author":[{"embeddable":true,"href":"https:\/\/www.bbmnoticias.com\/labravaradiofm\/wp-json\/wp\/v2\/users\/2"}],"replies":[{"embeddable":true,"href":"https:\/\/www.bbmnoticias.com\/labravaradiofm\/wp-json\/wp\/v2\/comments?post=22726"}],"version-history":[{"count":0,"href":"https:\/\/www.bbmnoticias.com\/labravaradiofm\/wp-json\/wp\/v2\/posts\/22726\/revisions"}],"wp:featuredmedia":[{"embeddable":true,"href":"https:\/\/www.bbmnoticias.com\/labravaradiofm\/wp-json\/wp\/v2\/media\/22727"}],"wp:attachment":[{"href":"https:\/\/www.bbmnoticias.com\/labravaradiofm\/wp-json\/wp\/v2\/media?parent=22726"}],"wp:term":[{"taxonomy":"category","embeddable":true,"href":"https:\/\/www.bbmnoticias.com\/labravaradiofm\/wp-json\/wp\/v2\/categories?post=22726"},{"taxonomy":"post_tag","embeddable":true,"href":"https:\/\/www.bbmnoticias.com\/labravaradiofm\/wp-json\/wp\/v2\/tags?post=22726"}],"curies":[{"name":"wp","href":"https:\/\/api.w.org\/{rel}","templated":true}]}}