{"id":22719,"date":"2023-01-19T11:04:32","date_gmt":"2023-01-19T17:04:32","guid":{"rendered":"https:\/\/www.bbmnoticias.com\/labravaradiofm\/?p=22719"},"modified":"2023-01-19T11:04:33","modified_gmt":"2023-01-19T17:04:33","slug":"el-ano-de-picasso-celebracion-picasso-1973-2023-tema-de-malaga-en-el-fitur-2023","status":"publish","type":"post","link":"https:\/\/www.bbmnoticias.com\/labravaradiofm\/2023\/01\/19\/el-ano-de-picasso-celebracion-picasso-1973-2023-tema-de-malaga-en-el-fitur-2023\/","title":{"rendered":"El A\u00f1o de Picasso, Celebraci\u00f3n Picasso 1973-2023 tema de M\u00e1laga en el Fitur 2023"},"content":{"rendered":"<div style=\"margin-top: 0px; margin-bottom: 0px;\" class=\"sharethis-inline-share-buttons\" ><\/div>\n<p><strong>Espa\u00f1a.- <\/strong>Una de las ferias m\u00e1s importantes que se celebran en Espa\u00f1a es&nbsp; la Feria Internacional de Turismo que se celebra&nbsp; en el recinto ferial Ifema. Este a\u00f1o, el stand de M\u00e1laga&nbsp; cuenta con el protagonismo del<em> A\u00f1o Picasso,Celebraci\u00f3n Picasso 1973-2023, <\/em>&nbsp;y&nbsp; la candidatura de M\u00e1laga a la Expo 2027. Con motivo del cincuentenario del fallecimiento del malague\u00f1o universal, el pasillo que une los dos m\u00f3dulos se encuentra decorado por una intervenci\u00f3n del artista Doger, que ha interpretado en su obra a la ciudad de M\u00e1laga desde la \u00f3ptica y el mundo visual propio de Picasso. La obra cubre el suelo en una superficie de 17 metros de largo por casi 6 de ancho.<\/p>\n\n\n\n<p>El alcalde de M\u00e1laga, Francisco de la Torre, acompa\u00f1ado del concejal de Turismo, Jacobo Florido, ha inaugurado el expositor de M\u00e1laga.&nbsp;<\/p>\n\n\n\n<figure class=\"wp-block-image size-full\"><img loading=\"lazy\" decoding=\"async\" width=\"800\" height=\"535\" src=\"https:\/\/www.bbmnoticias.com\/labravaradiofm\/wp-content\/uploads\/sites\/5\/2023\/01\/fitur-mexico2.jpg\" alt=\"\" class=\"wp-image-22721\" srcset=\"https:\/\/www.bbmnoticias.com\/labravaradiofm\/wp-content\/uploads\/sites\/5\/2023\/01\/fitur-mexico2.jpg 800w, https:\/\/www.bbmnoticias.com\/labravaradiofm\/wp-content\/uploads\/sites\/5\/2023\/01\/fitur-mexico2-300x201.jpg 300w, https:\/\/www.bbmnoticias.com\/labravaradiofm\/wp-content\/uploads\/sites\/5\/2023\/01\/fitur-mexico2-768x514.jpg 768w, https:\/\/www.bbmnoticias.com\/labravaradiofm\/wp-content\/uploads\/sites\/5\/2023\/01\/fitur-mexico2-628x420.jpg 628w, https:\/\/www.bbmnoticias.com\/labravaradiofm\/wp-content\/uploads\/sites\/5\/2023\/01\/fitur-mexico2-537x360.jpg 537w, https:\/\/www.bbmnoticias.com\/labravaradiofm\/wp-content\/uploads\/sites\/5\/2023\/01\/fitur-mexico2-640x428.jpg 640w, https:\/\/www.bbmnoticias.com\/labravaradiofm\/wp-content\/uploads\/sites\/5\/2023\/01\/fitur-mexico2-681x455.jpg 681w\" sizes=\"auto, (max-width: 800px) 100vw, 800px\" \/><\/figure>\n\n\n\n<p>El director de la Agencia P\u00fablica para la gesti\u00f3n de la Casa Natal de Pablo Ruiz Picasso y otros equipamientos muse\u00edsticos y culturales, Jos\u00e9 Mar\u00eda Luna, ha desgranado el programa de este enclave de la plaza de la Merced, que se conforma de las exposiciones <em>Bernard\u00ed Roig: El \u00faltimo rostro<\/em> <em>y La Afon\u00eda del Minotauro<\/em>, (del 19 de octubre de 2022 al 28 de mayo de 2023), <em>Las edades de Pablo<\/em>(del 21 de junio al 1 de octubre) y <em>La imagen de Picasso<\/em> (del 18 de octubre de 2023 al 3 marzo 2024). Adem\u00e1s, ha desgranado las otras acciones del Museo Casa Natal que incluyen publicaciones, promoci\u00f3n cultural y actividades de mediaci\u00f3n.<\/p>\n\n\n\n<p>En el mismo marco de la feria madrile\u00f1a, ha sido presentada la M\u00e1laga Picasso Card, una tarjeta espec\u00edfica para los lugares, recursos tur\u00edsticos y museos relacionados con la figura del pintor malague\u00f1o. Ser\u00e1 posible gracias a un acuerdo entre el Ayuntamiento y City Sightseeing.<\/p>\n\n\n\n<figure class=\"wp-block-image size-full\"><img loading=\"lazy\" decoding=\"async\" width=\"800\" height=\"534\" src=\"https:\/\/www.bbmnoticias.com\/labravaradiofm\/wp-content\/uploads\/sites\/5\/2023\/01\/fitur-mexico3.jpg\" alt=\"\" class=\"wp-image-22722\" srcset=\"https:\/\/www.bbmnoticias.com\/labravaradiofm\/wp-content\/uploads\/sites\/5\/2023\/01\/fitur-mexico3.jpg 800w, https:\/\/www.bbmnoticias.com\/labravaradiofm\/wp-content\/uploads\/sites\/5\/2023\/01\/fitur-mexico3-300x200.jpg 300w, https:\/\/www.bbmnoticias.com\/labravaradiofm\/wp-content\/uploads\/sites\/5\/2023\/01\/fitur-mexico3-768x513.jpg 768w, https:\/\/www.bbmnoticias.com\/labravaradiofm\/wp-content\/uploads\/sites\/5\/2023\/01\/fitur-mexico3-629x420.jpg 629w, https:\/\/www.bbmnoticias.com\/labravaradiofm\/wp-content\/uploads\/sites\/5\/2023\/01\/fitur-mexico3-640x427.jpg 640w, https:\/\/www.bbmnoticias.com\/labravaradiofm\/wp-content\/uploads\/sites\/5\/2023\/01\/fitur-mexico3-681x455.jpg 681w\" sizes=\"auto, (max-width: 800px) 100vw, 800px\" \/><\/figure>\n\n\n\n<p>Iberia y Renfe han firmado un acuerdo por el que se convierten en medios de transporte oficiales del A\u00f1o Picasso 2023, lo que implica una colaboraci\u00f3n en materia de visibilidad y promoci\u00f3n de las actividades organizadas con motivo de la celebraci\u00f3n.<\/p>\n\n\n\n<p>Adem\u00e1s, la marca de lentes fotogr\u00e1ficas e instrumentos \u00f3pticos de precisi\u00f3n Leica organizar\u00e1 un concurso internacional de fotograf\u00eda, con posterior exposici\u00f3n p\u00fablica de una selecci\u00f3n de las im\u00e1genes participantes. Esta exposici\u00f3n cuenta con la peculiaridad de que rotar\u00e1 por distintas sedes de la OETs y del Instituto Cervantes de todo el mundo.<\/p>\n\n\n\n<figure class=\"wp-block-image size-full\"><img loading=\"lazy\" decoding=\"async\" width=\"800\" height=\"534\" src=\"https:\/\/www.bbmnoticias.com\/labravaradiofm\/wp-content\/uploads\/sites\/5\/2023\/01\/fitur-mexico4.jpg\" alt=\"\" class=\"wp-image-22723\" srcset=\"https:\/\/www.bbmnoticias.com\/labravaradiofm\/wp-content\/uploads\/sites\/5\/2023\/01\/fitur-mexico4.jpg 800w, https:\/\/www.bbmnoticias.com\/labravaradiofm\/wp-content\/uploads\/sites\/5\/2023\/01\/fitur-mexico4-300x200.jpg 300w, https:\/\/www.bbmnoticias.com\/labravaradiofm\/wp-content\/uploads\/sites\/5\/2023\/01\/fitur-mexico4-768x513.jpg 768w, https:\/\/www.bbmnoticias.com\/labravaradiofm\/wp-content\/uploads\/sites\/5\/2023\/01\/fitur-mexico4-629x420.jpg 629w, https:\/\/www.bbmnoticias.com\/labravaradiofm\/wp-content\/uploads\/sites\/5\/2023\/01\/fitur-mexico4-640x427.jpg 640w, https:\/\/www.bbmnoticias.com\/labravaradiofm\/wp-content\/uploads\/sites\/5\/2023\/01\/fitur-mexico4-681x455.jpg 681w\" sizes=\"auto, (max-width: 800px) 100vw, 800px\" \/><\/figure>\n\n\n\n<p>La ciudad de M\u00e1laga acoger\u00e1 el \u2018Workshop Meet M\u00e1laga 2023\u2019, un evento a celebrar entre el 14 y el 17 de septiembre, que contar\u00e1 con una participaci\u00f3n estimada de 200 profesionales, y que incluir\u00e1 un famtrip de gran alcance y un workshop con empresas locales. La cita contar\u00e1 con la participaci\u00f3n de Turespa\u00f1a y Turismo Andaluz.<\/p>\n\n\n\n<p>El presupuesto de la participaci\u00f3n de M\u00e1laga en esta edici\u00f3n es de 181.820 euros. La delegaci\u00f3n de M\u00e1laga acude al recinto de Ifema acompa\u00f1ada de 45 empresas malague\u00f1as en calidad de co-expositoras, que van desde agencias de viajes, servicios tur\u00edsticos, transportes y alojamientos, a otras compa\u00f1\u00edas e instituciones asociadas a la cultura, los congresos y eventos o el deporte. Estas empresas podr\u00e1n desarrollar su actividad de networking gracias a la configuraci\u00f3n del expositor, que vuelve a contar con un espacio espec\u00edfico para estos encuentros.<\/p>\n\n\n\n<figure class=\"wp-block-image size-full\"><img loading=\"lazy\" decoding=\"async\" width=\"800\" height=\"534\" src=\"https:\/\/www.bbmnoticias.com\/labravaradiofm\/wp-content\/uploads\/sites\/5\/2023\/01\/fitur-mexico5.jpg\" alt=\"\" class=\"wp-image-22724\" srcset=\"https:\/\/www.bbmnoticias.com\/labravaradiofm\/wp-content\/uploads\/sites\/5\/2023\/01\/fitur-mexico5.jpg 800w, https:\/\/www.bbmnoticias.com\/labravaradiofm\/wp-content\/uploads\/sites\/5\/2023\/01\/fitur-mexico5-300x200.jpg 300w, https:\/\/www.bbmnoticias.com\/labravaradiofm\/wp-content\/uploads\/sites\/5\/2023\/01\/fitur-mexico5-768x513.jpg 768w, https:\/\/www.bbmnoticias.com\/labravaradiofm\/wp-content\/uploads\/sites\/5\/2023\/01\/fitur-mexico5-629x420.jpg 629w, https:\/\/www.bbmnoticias.com\/labravaradiofm\/wp-content\/uploads\/sites\/5\/2023\/01\/fitur-mexico5-640x427.jpg 640w, https:\/\/www.bbmnoticias.com\/labravaradiofm\/wp-content\/uploads\/sites\/5\/2023\/01\/fitur-mexico5-681x455.jpg 681w\" sizes=\"auto, (max-width: 800px) 100vw, 800px\" \/><\/figure>\n\n\n\n<p>La amplia agenda t\u00e9cnica e institucional contar\u00e1 con m\u00e1s de 80 citas, incluyendo los 58 encuentros profesionales con Oficinas Espa\u00f1olas de Turismo en el Extranjero de varios pa\u00edses de Europa; agencias de viajes offline y online; aerol\u00edneas y compa\u00f1\u00edas de cruceros; turoperadores y metabuscadores,&nbsp; periodistas y asociaciones del sector.<\/p>\n\n\n\n<p>Entre otros eventos que se difunden son: la World Padel Tour, la Marat\u00f3n de M\u00e1laga, el IX Seminario Internacional Ciudad de M\u00e1laga o las pr\u00f3ximas fiestas de Carnaval y Semana Santa, estas dos de la mano de la Fundaci\u00f3n Carnaval de M\u00e1laga y la Agrupaci\u00f3n de Cofrad\u00edas de Semana Santa, respectivamente; y junto con Derechos Sociales y la Agrupaci\u00f3n de Desarrollo M\u00e1laga Accesible, el Plan de Turismo Accesible.<\/p>\n","protected":false},"excerpt":{"rendered":"<p>Espa\u00f1a.- Una de las ferias m\u00e1s importantes que se celebran en Espa\u00f1a es&nbsp; la Feria Internacional de Turismo que se celebra&nbsp; en el recinto ferial Ifema. Este a\u00f1o, el stand de M\u00e1laga&nbsp; cuenta con el protagonismo del A\u00f1o Picasso,Celebraci\u00f3n Picasso 1973-2023, &nbsp;y&nbsp; la candidatura de M\u00e1laga a la Expo 2027. Con motivo del cincuentenario del [&hellip;]<\/p>\n","protected":false},"author":6,"featured_media":22720,"comment_status":"closed","ping_status":"closed","sticky":false,"template":"","format":"standard","meta":{"footnotes":""},"categories":[1],"tags":[],"class_list":{"0":"post-22719","1":"post","2":"type-post","3":"status-publish","4":"format-standard","5":"has-post-thumbnail","7":"category-sin-categoria"},"yoast_head":"<!-- This site is optimized with the Yoast SEO plugin v27.4 - https:\/\/yoast.com\/product\/yoast-seo-wordpress\/ -->\n<title>El A\u00f1o de Picasso, Celebraci\u00f3n Picasso 1973-2023 tema de M\u00e1laga en el Fitur 2023 - LA BRAVA RADIO<\/title>\n<meta name=\"robots\" content=\"index, follow, max-snippet:-1, max-image-preview:large, max-video-preview:-1\" \/>\n<link rel=\"canonical\" href=\"https:\/\/www.bbmnoticias.com\/labravaradiofm\/2023\/01\/19\/el-ano-de-picasso-celebracion-picasso-1973-2023-tema-de-malaga-en-el-fitur-2023\/\" \/>\n<meta property=\"og:locale\" content=\"es_MX\" \/>\n<meta property=\"og:type\" content=\"article\" \/>\n<meta property=\"og:title\" content=\"El A\u00f1o de Picasso, Celebraci\u00f3n Picasso 1973-2023 tema de M\u00e1laga en el Fitur 2023 - LA BRAVA RADIO\" \/>\n<meta property=\"og:description\" content=\"Espa\u00f1a.- Una de las ferias m\u00e1s importantes que se celebran en Espa\u00f1a es&nbsp; la Feria Internacional de Turismo que se celebra&nbsp; en el recinto ferial Ifema. Este a\u00f1o, el stand de M\u00e1laga&nbsp; cuenta con el protagonismo del A\u00f1o Picasso,Celebraci\u00f3n Picasso 1973-2023, &nbsp;y&nbsp; la candidatura de M\u00e1laga a la Expo 2027. Con motivo del cincuentenario del [&hellip;]\" \/>\n<meta property=\"og:url\" content=\"https:\/\/www.bbmnoticias.com\/labravaradiofm\/2023\/01\/19\/el-ano-de-picasso-celebracion-picasso-1973-2023-tema-de-malaga-en-el-fitur-2023\/\" \/>\n<meta property=\"og:site_name\" content=\"LA BRAVA RADIO\" \/>\n<meta property=\"article:published_time\" content=\"2023-01-19T17:04:32+00:00\" \/>\n<meta property=\"article:modified_time\" content=\"2023-01-19T17:04:33+00:00\" \/>\n<meta property=\"og:image\" content=\"https:\/\/www.bbmnoticias.com\/labravaradiofm\/wp-content\/uploads\/sites\/5\/2023\/01\/fitur-mexico.jpg\" \/>\n\t<meta property=\"og:image:width\" content=\"800\" \/>\n\t<meta property=\"og:image:height\" content=\"535\" \/>\n\t<meta property=\"og:image:type\" content=\"image\/jpeg\" \/>\n<meta name=\"author\" content=\"Mar\u00eda Esther Beltr\u00e1n Mart\u00ednez\" \/>\n<meta name=\"twitter:card\" content=\"summary_large_image\" \/>\n<meta name=\"twitter:label1\" content=\"Escrito por\" \/>\n\t<meta name=\"twitter:data1\" content=\"Mar\u00eda Esther Beltr\u00e1n Mart\u00ednez\" \/>\n\t<meta name=\"twitter:label2\" content=\"Tiempo de lectura\" \/>\n\t<meta name=\"twitter:data2\" content=\"4 minutos\" \/>\n<script type=\"application\/ld+json\" class=\"yoast-schema-graph\">{\"@context\":\"https:\\\/\\\/schema.org\",\"@graph\":[{\"@type\":\"Article\",\"@id\":\"https:\\\/\\\/www.bbmnoticias.com\\\/labravaradiofm\\\/2023\\\/01\\\/19\\\/el-ano-de-picasso-celebracion-picasso-1973-2023-tema-de-malaga-en-el-fitur-2023\\\/#article\",\"isPartOf\":{\"@id\":\"https:\\\/\\\/www.bbmnoticias.com\\\/labravaradiofm\\\/2023\\\/01\\\/19\\\/el-ano-de-picasso-celebracion-picasso-1973-2023-tema-de-malaga-en-el-fitur-2023\\\/\"},\"author\":{\"name\":\"Mar\u00eda Esther Beltr\u00e1n Mart\u00ednez\",\"@id\":\"https:\\\/\\\/www.bbmnoticias.com\\\/labravaradiofm\\\/#\\\/schema\\\/person\\\/ff037dabcc375d1b25289b6fd3902bd6\"},\"headline\":\"El A\u00f1o de Picasso, Celebraci\u00f3n Picasso 1973-2023 tema de M\u00e1laga en el Fitur 2023\",\"datePublished\":\"2023-01-19T17:04:32+00:00\",\"dateModified\":\"2023-01-19T17:04:33+00:00\",\"mainEntityOfPage\":{\"@id\":\"https:\\\/\\\/www.bbmnoticias.com\\\/labravaradiofm\\\/2023\\\/01\\\/19\\\/el-ano-de-picasso-celebracion-picasso-1973-2023-tema-de-malaga-en-el-fitur-2023\\\/\"},\"wordCount\":719,\"image\":{\"@id\":\"https:\\\/\\\/www.bbmnoticias.com\\\/labravaradiofm\\\/2023\\\/01\\\/19\\\/el-ano-de-picasso-celebracion-picasso-1973-2023-tema-de-malaga-en-el-fitur-2023\\\/#primaryimage\"},\"thumbnailUrl\":\"https:\\\/\\\/www.bbmnoticias.com\\\/labravaradiofm\\\/wp-content\\\/uploads\\\/sites\\\/5\\\/2023\\\/01\\\/fitur-mexico.jpg\",\"inLanguage\":\"es\"},{\"@type\":\"WebPage\",\"@id\":\"https:\\\/\\\/www.bbmnoticias.com\\\/labravaradiofm\\\/2023\\\/01\\\/19\\\/el-ano-de-picasso-celebracion-picasso-1973-2023-tema-de-malaga-en-el-fitur-2023\\\/\",\"url\":\"https:\\\/\\\/www.bbmnoticias.com\\\/labravaradiofm\\\/2023\\\/01\\\/19\\\/el-ano-de-picasso-celebracion-picasso-1973-2023-tema-de-malaga-en-el-fitur-2023\\\/\",\"name\":\"El A\u00f1o de Picasso, Celebraci\u00f3n Picasso 1973-2023 tema de M\u00e1laga en el Fitur 2023 - LA BRAVA RADIO\",\"isPartOf\":{\"@id\":\"https:\\\/\\\/www.bbmnoticias.com\\\/labravaradiofm\\\/#website\"},\"primaryImageOfPage\":{\"@id\":\"https:\\\/\\\/www.bbmnoticias.com\\\/labravaradiofm\\\/2023\\\/01\\\/19\\\/el-ano-de-picasso-celebracion-picasso-1973-2023-tema-de-malaga-en-el-fitur-2023\\\/#primaryimage\"},\"image\":{\"@id\":\"https:\\\/\\\/www.bbmnoticias.com\\\/labravaradiofm\\\/2023\\\/01\\\/19\\\/el-ano-de-picasso-celebracion-picasso-1973-2023-tema-de-malaga-en-el-fitur-2023\\\/#primaryimage\"},\"thumbnailUrl\":\"https:\\\/\\\/www.bbmnoticias.com\\\/labravaradiofm\\\/wp-content\\\/uploads\\\/sites\\\/5\\\/2023\\\/01\\\/fitur-mexico.jpg\",\"datePublished\":\"2023-01-19T17:04:32+00:00\",\"dateModified\":\"2023-01-19T17:04:33+00:00\",\"author\":{\"@id\":\"https:\\\/\\\/www.bbmnoticias.com\\\/labravaradiofm\\\/#\\\/schema\\\/person\\\/ff037dabcc375d1b25289b6fd3902bd6\"},\"breadcrumb\":{\"@id\":\"https:\\\/\\\/www.bbmnoticias.com\\\/labravaradiofm\\\/2023\\\/01\\\/19\\\/el-ano-de-picasso-celebracion-picasso-1973-2023-tema-de-malaga-en-el-fitur-2023\\\/#breadcrumb\"},\"inLanguage\":\"es\",\"potentialAction\":[{\"@type\":\"ReadAction\",\"target\":[\"https:\\\/\\\/www.bbmnoticias.com\\\/labravaradiofm\\\/2023\\\/01\\\/19\\\/el-ano-de-picasso-celebracion-picasso-1973-2023-tema-de-malaga-en-el-fitur-2023\\\/\"]}]},{\"@type\":\"ImageObject\",\"inLanguage\":\"es\",\"@id\":\"https:\\\/\\\/www.bbmnoticias.com\\\/labravaradiofm\\\/2023\\\/01\\\/19\\\/el-ano-de-picasso-celebracion-picasso-1973-2023-tema-de-malaga-en-el-fitur-2023\\\/#primaryimage\",\"url\":\"https:\\\/\\\/www.bbmnoticias.com\\\/labravaradiofm\\\/wp-content\\\/uploads\\\/sites\\\/5\\\/2023\\\/01\\\/fitur-mexico.jpg\",\"contentUrl\":\"https:\\\/\\\/www.bbmnoticias.com\\\/labravaradiofm\\\/wp-content\\\/uploads\\\/sites\\\/5\\\/2023\\\/01\\\/fitur-mexico.jpg\",\"width\":800,\"height\":535},{\"@type\":\"BreadcrumbList\",\"@id\":\"https:\\\/\\\/www.bbmnoticias.com\\\/labravaradiofm\\\/2023\\\/01\\\/19\\\/el-ano-de-picasso-celebracion-picasso-1973-2023-tema-de-malaga-en-el-fitur-2023\\\/#breadcrumb\",\"itemListElement\":[{\"@type\":\"ListItem\",\"position\":1,\"name\":\"Inicio\",\"item\":\"https:\\\/\\\/www.bbmnoticias.com\\\/labravaradiofm\\\/\"},{\"@type\":\"ListItem\",\"position\":2,\"name\":\"El A\u00f1o de Picasso, Celebraci\u00f3n Picasso 1973-2023 tema de M\u00e1laga en el Fitur 2023\"}]},{\"@type\":\"WebSite\",\"@id\":\"https:\\\/\\\/www.bbmnoticias.com\\\/labravaradiofm\\\/#website\",\"url\":\"https:\\\/\\\/www.bbmnoticias.com\\\/labravaradiofm\\\/\",\"name\":\"LA BRAVA RADIO\",\"description\":\"Empresa productora de medios, Radiodifusi\u00f3n, Noticias, tendencias y todo lo que necesitas saber de la pol\u00edtica mexicana e internacional; entretenimiento, espect\u00e1culos, salud y mucho m\u00e1s.\",\"potentialAction\":[{\"@type\":\"SearchAction\",\"target\":{\"@type\":\"EntryPoint\",\"urlTemplate\":\"https:\\\/\\\/www.bbmnoticias.com\\\/labravaradiofm\\\/?s={search_term_string}\"},\"query-input\":{\"@type\":\"PropertyValueSpecification\",\"valueRequired\":true,\"valueName\":\"search_term_string\"}}],\"inLanguage\":\"es\"},{\"@type\":\"Person\",\"@id\":\"https:\\\/\\\/www.bbmnoticias.com\\\/labravaradiofm\\\/#\\\/schema\\\/person\\\/ff037dabcc375d1b25289b6fd3902bd6\",\"name\":\"Mar\u00eda Esther Beltr\u00e1n Mart\u00ednez\",\"image\":{\"@type\":\"ImageObject\",\"inLanguage\":\"es\",\"@id\":\"https:\\\/\\\/secure.gravatar.com\\\/avatar\\\/50efe5915c3eac137dcc550ff1c590bc6054705eb482a33520c9501c8eec550f?s=96&d=mm&r=g\",\"url\":\"https:\\\/\\\/secure.gravatar.com\\\/avatar\\\/50efe5915c3eac137dcc550ff1c590bc6054705eb482a33520c9501c8eec550f?s=96&d=mm&r=g\",\"contentUrl\":\"https:\\\/\\\/secure.gravatar.com\\\/avatar\\\/50efe5915c3eac137dcc550ff1c590bc6054705eb482a33520c9501c8eec550f?s=96&d=mm&r=g\",\"caption\":\"Mar\u00eda Esther Beltr\u00e1n Mart\u00ednez\"},\"url\":\"https:\\\/\\\/www.bbmnoticias.com\\\/labravaradiofm\\\/author\\\/maria\\\/\"}]}<\/script>\n<!-- \/ Yoast SEO plugin. -->","yoast_head_json":{"title":"El A\u00f1o de Picasso, Celebraci\u00f3n Picasso 1973-2023 tema de M\u00e1laga en el Fitur 2023 - LA BRAVA RADIO","robots":{"index":"index","follow":"follow","max-snippet":"max-snippet:-1","max-image-preview":"max-image-preview:large","max-video-preview":"max-video-preview:-1"},"canonical":"https:\/\/www.bbmnoticias.com\/labravaradiofm\/2023\/01\/19\/el-ano-de-picasso-celebracion-picasso-1973-2023-tema-de-malaga-en-el-fitur-2023\/","og_locale":"es_MX","og_type":"article","og_title":"El A\u00f1o de Picasso, Celebraci\u00f3n Picasso 1973-2023 tema de M\u00e1laga en el Fitur 2023 - LA BRAVA RADIO","og_description":"Espa\u00f1a.- Una de las ferias m\u00e1s importantes que se celebran en Espa\u00f1a es&nbsp; la Feria Internacional de Turismo que se celebra&nbsp; en el recinto ferial Ifema. Este a\u00f1o, el stand de M\u00e1laga&nbsp; cuenta con el protagonismo del A\u00f1o Picasso,Celebraci\u00f3n Picasso 1973-2023, &nbsp;y&nbsp; la candidatura de M\u00e1laga a la Expo 2027. Con motivo del cincuentenario del [&hellip;]","og_url":"https:\/\/www.bbmnoticias.com\/labravaradiofm\/2023\/01\/19\/el-ano-de-picasso-celebracion-picasso-1973-2023-tema-de-malaga-en-el-fitur-2023\/","og_site_name":"LA BRAVA RADIO","article_published_time":"2023-01-19T17:04:32+00:00","article_modified_time":"2023-01-19T17:04:33+00:00","og_image":[{"width":800,"height":535,"url":"https:\/\/www.bbmnoticias.com\/labravaradiofm\/wp-content\/uploads\/sites\/5\/2023\/01\/fitur-mexico.jpg","type":"image\/jpeg"}],"author":"Mar\u00eda Esther Beltr\u00e1n Mart\u00ednez","twitter_card":"summary_large_image","twitter_misc":{"Escrito por":"Mar\u00eda Esther Beltr\u00e1n Mart\u00ednez","Tiempo de lectura":"4 minutos"},"schema":{"@context":"https:\/\/schema.org","@graph":[{"@type":"Article","@id":"https:\/\/www.bbmnoticias.com\/labravaradiofm\/2023\/01\/19\/el-ano-de-picasso-celebracion-picasso-1973-2023-tema-de-malaga-en-el-fitur-2023\/#article","isPartOf":{"@id":"https:\/\/www.bbmnoticias.com\/labravaradiofm\/2023\/01\/19\/el-ano-de-picasso-celebracion-picasso-1973-2023-tema-de-malaga-en-el-fitur-2023\/"},"author":{"name":"Mar\u00eda Esther Beltr\u00e1n Mart\u00ednez","@id":"https:\/\/www.bbmnoticias.com\/labravaradiofm\/#\/schema\/person\/ff037dabcc375d1b25289b6fd3902bd6"},"headline":"El A\u00f1o de Picasso, Celebraci\u00f3n Picasso 1973-2023 tema de M\u00e1laga en el Fitur 2023","datePublished":"2023-01-19T17:04:32+00:00","dateModified":"2023-01-19T17:04:33+00:00","mainEntityOfPage":{"@id":"https:\/\/www.bbmnoticias.com\/labravaradiofm\/2023\/01\/19\/el-ano-de-picasso-celebracion-picasso-1973-2023-tema-de-malaga-en-el-fitur-2023\/"},"wordCount":719,"image":{"@id":"https:\/\/www.bbmnoticias.com\/labravaradiofm\/2023\/01\/19\/el-ano-de-picasso-celebracion-picasso-1973-2023-tema-de-malaga-en-el-fitur-2023\/#primaryimage"},"thumbnailUrl":"https:\/\/www.bbmnoticias.com\/labravaradiofm\/wp-content\/uploads\/sites\/5\/2023\/01\/fitur-mexico.jpg","inLanguage":"es"},{"@type":"WebPage","@id":"https:\/\/www.bbmnoticias.com\/labravaradiofm\/2023\/01\/19\/el-ano-de-picasso-celebracion-picasso-1973-2023-tema-de-malaga-en-el-fitur-2023\/","url":"https:\/\/www.bbmnoticias.com\/labravaradiofm\/2023\/01\/19\/el-ano-de-picasso-celebracion-picasso-1973-2023-tema-de-malaga-en-el-fitur-2023\/","name":"El A\u00f1o de Picasso, Celebraci\u00f3n Picasso 1973-2023 tema de M\u00e1laga en el Fitur 2023 - LA BRAVA RADIO","isPartOf":{"@id":"https:\/\/www.bbmnoticias.com\/labravaradiofm\/#website"},"primaryImageOfPage":{"@id":"https:\/\/www.bbmnoticias.com\/labravaradiofm\/2023\/01\/19\/el-ano-de-picasso-celebracion-picasso-1973-2023-tema-de-malaga-en-el-fitur-2023\/#primaryimage"},"image":{"@id":"https:\/\/www.bbmnoticias.com\/labravaradiofm\/2023\/01\/19\/el-ano-de-picasso-celebracion-picasso-1973-2023-tema-de-malaga-en-el-fitur-2023\/#primaryimage"},"thumbnailUrl":"https:\/\/www.bbmnoticias.com\/labravaradiofm\/wp-content\/uploads\/sites\/5\/2023\/01\/fitur-mexico.jpg","datePublished":"2023-01-19T17:04:32+00:00","dateModified":"2023-01-19T17:04:33+00:00","author":{"@id":"https:\/\/www.bbmnoticias.com\/labravaradiofm\/#\/schema\/person\/ff037dabcc375d1b25289b6fd3902bd6"},"breadcrumb":{"@id":"https:\/\/www.bbmnoticias.com\/labravaradiofm\/2023\/01\/19\/el-ano-de-picasso-celebracion-picasso-1973-2023-tema-de-malaga-en-el-fitur-2023\/#breadcrumb"},"inLanguage":"es","potentialAction":[{"@type":"ReadAction","target":["https:\/\/www.bbmnoticias.com\/labravaradiofm\/2023\/01\/19\/el-ano-de-picasso-celebracion-picasso-1973-2023-tema-de-malaga-en-el-fitur-2023\/"]}]},{"@type":"ImageObject","inLanguage":"es","@id":"https:\/\/www.bbmnoticias.com\/labravaradiofm\/2023\/01\/19\/el-ano-de-picasso-celebracion-picasso-1973-2023-tema-de-malaga-en-el-fitur-2023\/#primaryimage","url":"https:\/\/www.bbmnoticias.com\/labravaradiofm\/wp-content\/uploads\/sites\/5\/2023\/01\/fitur-mexico.jpg","contentUrl":"https:\/\/www.bbmnoticias.com\/labravaradiofm\/wp-content\/uploads\/sites\/5\/2023\/01\/fitur-mexico.jpg","width":800,"height":535},{"@type":"BreadcrumbList","@id":"https:\/\/www.bbmnoticias.com\/labravaradiofm\/2023\/01\/19\/el-ano-de-picasso-celebracion-picasso-1973-2023-tema-de-malaga-en-el-fitur-2023\/#breadcrumb","itemListElement":[{"@type":"ListItem","position":1,"name":"Inicio","item":"https:\/\/www.bbmnoticias.com\/labravaradiofm\/"},{"@type":"ListItem","position":2,"name":"El A\u00f1o de Picasso, Celebraci\u00f3n Picasso 1973-2023 tema de M\u00e1laga en el Fitur 2023"}]},{"@type":"WebSite","@id":"https:\/\/www.bbmnoticias.com\/labravaradiofm\/#website","url":"https:\/\/www.bbmnoticias.com\/labravaradiofm\/","name":"LA BRAVA RADIO","description":"Empresa productora de medios, Radiodifusi\u00f3n, Noticias, tendencias y todo lo que necesitas saber de la pol\u00edtica mexicana e internacional; entretenimiento, espect\u00e1culos, salud y mucho m\u00e1s.","potentialAction":[{"@type":"SearchAction","target":{"@type":"EntryPoint","urlTemplate":"https:\/\/www.bbmnoticias.com\/labravaradiofm\/?s={search_term_string}"},"query-input":{"@type":"PropertyValueSpecification","valueRequired":true,"valueName":"search_term_string"}}],"inLanguage":"es"},{"@type":"Person","@id":"https:\/\/www.bbmnoticias.com\/labravaradiofm\/#\/schema\/person\/ff037dabcc375d1b25289b6fd3902bd6","name":"Mar\u00eda Esther Beltr\u00e1n Mart\u00ednez","image":{"@type":"ImageObject","inLanguage":"es","@id":"https:\/\/secure.gravatar.com\/avatar\/50efe5915c3eac137dcc550ff1c590bc6054705eb482a33520c9501c8eec550f?s=96&d=mm&r=g","url":"https:\/\/secure.gravatar.com\/avatar\/50efe5915c3eac137dcc550ff1c590bc6054705eb482a33520c9501c8eec550f?s=96&d=mm&r=g","contentUrl":"https:\/\/secure.gravatar.com\/avatar\/50efe5915c3eac137dcc550ff1c590bc6054705eb482a33520c9501c8eec550f?s=96&d=mm&r=g","caption":"Mar\u00eda Esther Beltr\u00e1n Mart\u00ednez"},"url":"https:\/\/www.bbmnoticias.com\/labravaradiofm\/author\/maria\/"}]}},"_links":{"self":[{"href":"https:\/\/www.bbmnoticias.com\/labravaradiofm\/wp-json\/wp\/v2\/posts\/22719","targetHints":{"allow":["GET"]}}],"collection":[{"href":"https:\/\/www.bbmnoticias.com\/labravaradiofm\/wp-json\/wp\/v2\/posts"}],"about":[{"href":"https:\/\/www.bbmnoticias.com\/labravaradiofm\/wp-json\/wp\/v2\/types\/post"}],"author":[{"embeddable":true,"href":"https:\/\/www.bbmnoticias.com\/labravaradiofm\/wp-json\/wp\/v2\/users\/6"}],"replies":[{"embeddable":true,"href":"https:\/\/www.bbmnoticias.com\/labravaradiofm\/wp-json\/wp\/v2\/comments?post=22719"}],"version-history":[{"count":0,"href":"https:\/\/www.bbmnoticias.com\/labravaradiofm\/wp-json\/wp\/v2\/posts\/22719\/revisions"}],"wp:featuredmedia":[{"embeddable":true,"href":"https:\/\/www.bbmnoticias.com\/labravaradiofm\/wp-json\/wp\/v2\/media\/22720"}],"wp:attachment":[{"href":"https:\/\/www.bbmnoticias.com\/labravaradiofm\/wp-json\/wp\/v2\/media?parent=22719"}],"wp:term":[{"taxonomy":"category","embeddable":true,"href":"https:\/\/www.bbmnoticias.com\/labravaradiofm\/wp-json\/wp\/v2\/categories?post=22719"},{"taxonomy":"post_tag","embeddable":true,"href":"https:\/\/www.bbmnoticias.com\/labravaradiofm\/wp-json\/wp\/v2\/tags?post=22719"}],"curies":[{"name":"wp","href":"https:\/\/api.w.org\/{rel}","templated":true}]}}