{"id":22714,"date":"2023-01-19T09:11:57","date_gmt":"2023-01-19T15:11:57","guid":{"rendered":"https:\/\/www.bbmnoticias.com\/labravaradiofm\/?p=22714"},"modified":"2023-01-19T11:12:45","modified_gmt":"2023-01-19T17:12:45","slug":"nombra-gobernador-del-estado-a-rectora-interina-del-suneo","status":"publish","type":"post","link":"https:\/\/www.bbmnoticias.com\/labravaradiofm\/2023\/01\/19\/nombra-gobernador-del-estado-a-rectora-interina-del-suneo\/","title":{"rendered":"Nombra Gobernador del Estado a Rectora Interina del Suneo"},"content":{"rendered":"<div style=\"margin-top: 0px; margin-bottom: 0px;\" class=\"sharethis-inline-share-buttons\" ><\/div>\n<p>\u2022 Ser\u00e1 Mar\u00eda de los \u00c1ngeles Peralta Arias la encargada de coordinar y garantizar la calidad del sistema universitario.<\/p>\n\n\n\n<p>Oaxaca de Ju\u00e1rez, Oax., 19 de enero de 2023.- El Gobernador de Oaxaca, Salom\u00f3n Jara Cruz design\u00f3 como Rectora Interina del Sistema de Universidades del Estado de Oaxaca (Suneo), a Mar\u00eda de los \u00c1ngeles Peralta Arias, quien se encargar\u00e1 de coordinar las labores del sistema.<\/p>\n\n\n\n<p>Durante la actividad realizada en el patio central de Palacio de Gobierno, el titular del Poder Ejecutivo estatal ratific\u00f3 el compromiso de la administraci\u00f3n p\u00fablica, en mantener y reforzar la operaci\u00f3n del Suneo, para conservar la calidad, mejores oportunidades y alternativas a favor de la juventud en las diferentes regiones de Oaxaca.<\/p>\n\n\n\n<p>\u201cUno de los principales objetivos de este gobierno es la transformaci\u00f3n del sistema educativo, por eso es necesario avanzar en el fortalecimiento del proceso educativo y el mejoramiento de las condiciones para los educandos y docentes en todos los niveles\u201d, dijo.<\/p>\n\n\n\n<p>Para consolidar los ejes, pol\u00edticas y estrategias gubernamentales orientadas a la Reparaci\u00f3n Hist\u00f3rica de los Pueblos, y respetando la interculturalidad, Jara Cruz adelant\u00f3 que, se buscar\u00e1 ampliar la cobertura territorial y la oferta curricular impartida por este Sistema de universidades, adaptarlo a las tendencias globales y atender las necesidades espec\u00edficas derivadas de las nuevas exigencias econ\u00f3micas, cient\u00edficas y tecnol\u00f3gicas.<\/p>\n\n\n\n<p>Abund\u00f3 que se buscar\u00e1 adaptar el modelo industrial y el modelo educativo para crear la sinergia que permita generar empleos, atraer mayor inversi\u00f3n extranjera y generar mayor infraestructura, desarrollo y bienestar.<\/p>\n\n\n\n<p>\u201cEl Suneo est\u00e1 llamado a jugar un papel importante ante la construcci\u00f3n del Corredor Interoce\u00e1nico en el Istmo de Tehuantepec, con el que se tiene la oportunidad hist\u00f3rica de crear empleos y mayor inversi\u00f3n.<\/p>\n\n\n\n<p>Convoc\u00f3 a quienes integran el sistema a mantener el trabajo en unidad a favor del estado de Oaxaca, para hacer posible que las pr\u00f3ximas generaciones tengan acceso a un mejor futuro.<\/p>\n\n\n\n<p>En su intervenci\u00f3n la Rectora Interina, reconoci\u00f3 que la comunidad del Suneo enfrenta el reto de adaptarse al cambio, a las demandas del entorno econ\u00f3mico que reacomoda el papel de M\u00e9xico en la alianza con los pa\u00edses vecinos del norte, adem\u00e1s de mantener la calidad educativa y buen funcionamiento del actual modelo y sistema educativo.<\/p>\n\n\n\n<p>Afirm\u00f3 que, el Suneo caminar\u00e1 junto a las instituciones educativas y las distintas \u00e1reas del Gobierno del Estado con el prop\u00f3sito de coincidir y apoyar en los objetivos y metas del nuevo Plan Estatal de Desarrollo, por lo que redoblar\u00e1n esfuerzos, el conocimiento generado por su cuerpo acad\u00e9mico, la creatividad con apertura, di\u00e1logo.<\/p>\n\n\n\n<p>El Suneo est\u00e1 conformado por 10 universidades, 19 planteles y 10 institutos en los cuales se imparten 85 licenciaturas, 35 maestr\u00edas y 12 doctorados, a cargo de m\u00e1s de mil profesores e investigadores a favor de nueve mil estudiantes.<\/p>\n","protected":false},"excerpt":{"rendered":"<p>\u2022 Ser\u00e1 Mar\u00eda de los \u00c1ngeles Peralta Arias la encargada de coordinar y garantizar la calidad del sistema universitario. Oaxaca de Ju\u00e1rez, Oax., 19 de enero de 2023.- El Gobernador de Oaxaca, Salom\u00f3n Jara Cruz design\u00f3 como Rectora Interina del Sistema de Universidades del Estado de Oaxaca (Suneo), a Mar\u00eda de los \u00c1ngeles Peralta Arias, [&hellip;]<\/p>\n","protected":false},"author":2,"featured_media":22715,"comment_status":"closed","ping_status":"closed","sticky":false,"template":"","format":"standard","meta":{"footnotes":""},"categories":[2],"tags":[],"class_list":{"0":"post-22714","1":"post","2":"type-post","3":"status-publish","4":"format-standard","5":"has-post-thumbnail","7":"category-oaxaca"},"yoast_head":"<!-- This site is optimized with the Yoast SEO plugin v27.4 - https:\/\/yoast.com\/product\/yoast-seo-wordpress\/ -->\n<title>Nombra Gobernador del Estado a Rectora Interina del Suneo - LA BRAVA RADIO<\/title>\n<meta name=\"robots\" content=\"index, follow, max-snippet:-1, max-image-preview:large, max-video-preview:-1\" \/>\n<link rel=\"canonical\" href=\"https:\/\/www.bbmnoticias.com\/labravaradiofm\/2023\/01\/19\/nombra-gobernador-del-estado-a-rectora-interina-del-suneo\/\" \/>\n<meta property=\"og:locale\" content=\"es_MX\" \/>\n<meta property=\"og:type\" content=\"article\" \/>\n<meta property=\"og:title\" content=\"Nombra Gobernador del Estado a Rectora Interina del Suneo - LA BRAVA RADIO\" \/>\n<meta property=\"og:description\" content=\"\u2022 Ser\u00e1 Mar\u00eda de los \u00c1ngeles Peralta Arias la encargada de coordinar y garantizar la calidad del sistema universitario. Oaxaca de Ju\u00e1rez, Oax., 19 de enero de 2023.- El Gobernador de Oaxaca, Salom\u00f3n Jara Cruz design\u00f3 como Rectora Interina del Sistema de Universidades del Estado de Oaxaca (Suneo), a Mar\u00eda de los \u00c1ngeles Peralta Arias, [&hellip;]\" \/>\n<meta property=\"og:url\" content=\"https:\/\/www.bbmnoticias.com\/labravaradiofm\/2023\/01\/19\/nombra-gobernador-del-estado-a-rectora-interina-del-suneo\/\" \/>\n<meta property=\"og:site_name\" content=\"LA BRAVA RADIO\" \/>\n<meta property=\"article:published_time\" content=\"2023-01-19T15:11:57+00:00\" \/>\n<meta property=\"article:modified_time\" content=\"2023-01-19T17:12:45+00:00\" \/>\n<meta property=\"og:image\" content=\"https:\/\/www.bbmnoticias.com\/labravaradiofm\/wp-content\/uploads\/sites\/5\/2023\/01\/rectora-interina.jpg\" \/>\n\t<meta property=\"og:image:width\" content=\"1368\" \/>\n\t<meta property=\"og:image:height\" content=\"912\" \/>\n\t<meta property=\"og:image:type\" content=\"image\/jpeg\" \/>\n<meta name=\"author\" content=\"Staff\" \/>\n<meta name=\"twitter:card\" content=\"summary_large_image\" \/>\n<meta name=\"twitter:label1\" content=\"Escrito por\" \/>\n\t<meta name=\"twitter:data1\" content=\"Staff\" \/>\n\t<meta name=\"twitter:label2\" content=\"Tiempo de lectura\" \/>\n\t<meta name=\"twitter:data2\" content=\"3 minutos\" \/>\n<script type=\"application\/ld+json\" class=\"yoast-schema-graph\">{\"@context\":\"https:\\\/\\\/schema.org\",\"@graph\":[{\"@type\":\"Article\",\"@id\":\"https:\\\/\\\/www.bbmnoticias.com\\\/labravaradiofm\\\/2023\\\/01\\\/19\\\/nombra-gobernador-del-estado-a-rectora-interina-del-suneo\\\/#article\",\"isPartOf\":{\"@id\":\"https:\\\/\\\/www.bbmnoticias.com\\\/labravaradiofm\\\/2023\\\/01\\\/19\\\/nombra-gobernador-del-estado-a-rectora-interina-del-suneo\\\/\"},\"author\":{\"name\":\"Staff\",\"@id\":\"https:\\\/\\\/www.bbmnoticias.com\\\/labravaradiofm\\\/#\\\/schema\\\/person\\\/68a9e9036ef3c5b55aeb2b71dc8bab45\"},\"headline\":\"Nombra Gobernador del Estado a Rectora Interina del Suneo\",\"datePublished\":\"2023-01-19T15:11:57+00:00\",\"dateModified\":\"2023-01-19T17:12:45+00:00\",\"mainEntityOfPage\":{\"@id\":\"https:\\\/\\\/www.bbmnoticias.com\\\/labravaradiofm\\\/2023\\\/01\\\/19\\\/nombra-gobernador-del-estado-a-rectora-interina-del-suneo\\\/\"},\"wordCount\":492,\"image\":{\"@id\":\"https:\\\/\\\/www.bbmnoticias.com\\\/labravaradiofm\\\/2023\\\/01\\\/19\\\/nombra-gobernador-del-estado-a-rectora-interina-del-suneo\\\/#primaryimage\"},\"thumbnailUrl\":\"https:\\\/\\\/www.bbmnoticias.com\\\/labravaradiofm\\\/wp-content\\\/uploads\\\/sites\\\/5\\\/2023\\\/01\\\/rectora-interina.jpg\",\"articleSection\":[\"LOCAL\"],\"inLanguage\":\"es\"},{\"@type\":\"WebPage\",\"@id\":\"https:\\\/\\\/www.bbmnoticias.com\\\/labravaradiofm\\\/2023\\\/01\\\/19\\\/nombra-gobernador-del-estado-a-rectora-interina-del-suneo\\\/\",\"url\":\"https:\\\/\\\/www.bbmnoticias.com\\\/labravaradiofm\\\/2023\\\/01\\\/19\\\/nombra-gobernador-del-estado-a-rectora-interina-del-suneo\\\/\",\"name\":\"Nombra Gobernador del Estado a Rectora Interina del Suneo - LA BRAVA RADIO\",\"isPartOf\":{\"@id\":\"https:\\\/\\\/www.bbmnoticias.com\\\/labravaradiofm\\\/#website\"},\"primaryImageOfPage\":{\"@id\":\"https:\\\/\\\/www.bbmnoticias.com\\\/labravaradiofm\\\/2023\\\/01\\\/19\\\/nombra-gobernador-del-estado-a-rectora-interina-del-suneo\\\/#primaryimage\"},\"image\":{\"@id\":\"https:\\\/\\\/www.bbmnoticias.com\\\/labravaradiofm\\\/2023\\\/01\\\/19\\\/nombra-gobernador-del-estado-a-rectora-interina-del-suneo\\\/#primaryimage\"},\"thumbnailUrl\":\"https:\\\/\\\/www.bbmnoticias.com\\\/labravaradiofm\\\/wp-content\\\/uploads\\\/sites\\\/5\\\/2023\\\/01\\\/rectora-interina.jpg\",\"datePublished\":\"2023-01-19T15:11:57+00:00\",\"dateModified\":\"2023-01-19T17:12:45+00:00\",\"author\":{\"@id\":\"https:\\\/\\\/www.bbmnoticias.com\\\/labravaradiofm\\\/#\\\/schema\\\/person\\\/68a9e9036ef3c5b55aeb2b71dc8bab45\"},\"breadcrumb\":{\"@id\":\"https:\\\/\\\/www.bbmnoticias.com\\\/labravaradiofm\\\/2023\\\/01\\\/19\\\/nombra-gobernador-del-estado-a-rectora-interina-del-suneo\\\/#breadcrumb\"},\"inLanguage\":\"es\",\"potentialAction\":[{\"@type\":\"ReadAction\",\"target\":[\"https:\\\/\\\/www.bbmnoticias.com\\\/labravaradiofm\\\/2023\\\/01\\\/19\\\/nombra-gobernador-del-estado-a-rectora-interina-del-suneo\\\/\"]}]},{\"@type\":\"ImageObject\",\"inLanguage\":\"es\",\"@id\":\"https:\\\/\\\/www.bbmnoticias.com\\\/labravaradiofm\\\/2023\\\/01\\\/19\\\/nombra-gobernador-del-estado-a-rectora-interina-del-suneo\\\/#primaryimage\",\"url\":\"https:\\\/\\\/www.bbmnoticias.com\\\/labravaradiofm\\\/wp-content\\\/uploads\\\/sites\\\/5\\\/2023\\\/01\\\/rectora-interina.jpg\",\"contentUrl\":\"https:\\\/\\\/www.bbmnoticias.com\\\/labravaradiofm\\\/wp-content\\\/uploads\\\/sites\\\/5\\\/2023\\\/01\\\/rectora-interina.jpg\",\"width\":1368,\"height\":912},{\"@type\":\"BreadcrumbList\",\"@id\":\"https:\\\/\\\/www.bbmnoticias.com\\\/labravaradiofm\\\/2023\\\/01\\\/19\\\/nombra-gobernador-del-estado-a-rectora-interina-del-suneo\\\/#breadcrumb\",\"itemListElement\":[{\"@type\":\"ListItem\",\"position\":1,\"name\":\"Inicio\",\"item\":\"https:\\\/\\\/www.bbmnoticias.com\\\/labravaradiofm\\\/\"},{\"@type\":\"ListItem\",\"position\":2,\"name\":\"Nombra Gobernador del Estado a Rectora Interina del Suneo\"}]},{\"@type\":\"WebSite\",\"@id\":\"https:\\\/\\\/www.bbmnoticias.com\\\/labravaradiofm\\\/#website\",\"url\":\"https:\\\/\\\/www.bbmnoticias.com\\\/labravaradiofm\\\/\",\"name\":\"LA BRAVA RADIO\",\"description\":\"Empresa productora de medios, Radiodifusi\u00f3n, Noticias, tendencias y todo lo que necesitas saber de la pol\u00edtica mexicana e internacional; entretenimiento, espect\u00e1culos, salud y mucho m\u00e1s.\",\"potentialAction\":[{\"@type\":\"SearchAction\",\"target\":{\"@type\":\"EntryPoint\",\"urlTemplate\":\"https:\\\/\\\/www.bbmnoticias.com\\\/labravaradiofm\\\/?s={search_term_string}\"},\"query-input\":{\"@type\":\"PropertyValueSpecification\",\"valueRequired\":true,\"valueName\":\"search_term_string\"}}],\"inLanguage\":\"es\"},{\"@type\":\"Person\",\"@id\":\"https:\\\/\\\/www.bbmnoticias.com\\\/labravaradiofm\\\/#\\\/schema\\\/person\\\/68a9e9036ef3c5b55aeb2b71dc8bab45\",\"name\":\"Staff\",\"image\":{\"@type\":\"ImageObject\",\"inLanguage\":\"es\",\"@id\":\"https:\\\/\\\/secure.gravatar.com\\\/avatar\\\/fdd21ad66fd8b98c407f9dee5b5e588cfe7f0d8579ec20fa6527cd59bab7f0f0?s=96&d=mm&r=g\",\"url\":\"https:\\\/\\\/secure.gravatar.com\\\/avatar\\\/fdd21ad66fd8b98c407f9dee5b5e588cfe7f0d8579ec20fa6527cd59bab7f0f0?s=96&d=mm&r=g\",\"contentUrl\":\"https:\\\/\\\/secure.gravatar.com\\\/avatar\\\/fdd21ad66fd8b98c407f9dee5b5e588cfe7f0d8579ec20fa6527cd59bab7f0f0?s=96&d=mm&r=g\",\"caption\":\"Staff\"},\"url\":\"https:\\\/\\\/www.bbmnoticias.com\\\/labravaradiofm\\\/author\\\/redaccion\\\/\"}]}<\/script>\n<!-- \/ Yoast SEO plugin. -->","yoast_head_json":{"title":"Nombra Gobernador del Estado a Rectora Interina del Suneo - LA BRAVA RADIO","robots":{"index":"index","follow":"follow","max-snippet":"max-snippet:-1","max-image-preview":"max-image-preview:large","max-video-preview":"max-video-preview:-1"},"canonical":"https:\/\/www.bbmnoticias.com\/labravaradiofm\/2023\/01\/19\/nombra-gobernador-del-estado-a-rectora-interina-del-suneo\/","og_locale":"es_MX","og_type":"article","og_title":"Nombra Gobernador del Estado a Rectora Interina del Suneo - LA BRAVA RADIO","og_description":"\u2022 Ser\u00e1 Mar\u00eda de los \u00c1ngeles Peralta Arias la encargada de coordinar y garantizar la calidad del sistema universitario. Oaxaca de Ju\u00e1rez, Oax., 19 de enero de 2023.- El Gobernador de Oaxaca, Salom\u00f3n Jara Cruz design\u00f3 como Rectora Interina del Sistema de Universidades del Estado de Oaxaca (Suneo), a Mar\u00eda de los \u00c1ngeles Peralta Arias, [&hellip;]","og_url":"https:\/\/www.bbmnoticias.com\/labravaradiofm\/2023\/01\/19\/nombra-gobernador-del-estado-a-rectora-interina-del-suneo\/","og_site_name":"LA BRAVA RADIO","article_published_time":"2023-01-19T15:11:57+00:00","article_modified_time":"2023-01-19T17:12:45+00:00","og_image":[{"width":1368,"height":912,"url":"https:\/\/www.bbmnoticias.com\/labravaradiofm\/wp-content\/uploads\/sites\/5\/2023\/01\/rectora-interina.jpg","type":"image\/jpeg"}],"author":"Staff","twitter_card":"summary_large_image","twitter_misc":{"Escrito por":"Staff","Tiempo de lectura":"3 minutos"},"schema":{"@context":"https:\/\/schema.org","@graph":[{"@type":"Article","@id":"https:\/\/www.bbmnoticias.com\/labravaradiofm\/2023\/01\/19\/nombra-gobernador-del-estado-a-rectora-interina-del-suneo\/#article","isPartOf":{"@id":"https:\/\/www.bbmnoticias.com\/labravaradiofm\/2023\/01\/19\/nombra-gobernador-del-estado-a-rectora-interina-del-suneo\/"},"author":{"name":"Staff","@id":"https:\/\/www.bbmnoticias.com\/labravaradiofm\/#\/schema\/person\/68a9e9036ef3c5b55aeb2b71dc8bab45"},"headline":"Nombra Gobernador del Estado a Rectora Interina del Suneo","datePublished":"2023-01-19T15:11:57+00:00","dateModified":"2023-01-19T17:12:45+00:00","mainEntityOfPage":{"@id":"https:\/\/www.bbmnoticias.com\/labravaradiofm\/2023\/01\/19\/nombra-gobernador-del-estado-a-rectora-interina-del-suneo\/"},"wordCount":492,"image":{"@id":"https:\/\/www.bbmnoticias.com\/labravaradiofm\/2023\/01\/19\/nombra-gobernador-del-estado-a-rectora-interina-del-suneo\/#primaryimage"},"thumbnailUrl":"https:\/\/www.bbmnoticias.com\/labravaradiofm\/wp-content\/uploads\/sites\/5\/2023\/01\/rectora-interina.jpg","articleSection":["LOCAL"],"inLanguage":"es"},{"@type":"WebPage","@id":"https:\/\/www.bbmnoticias.com\/labravaradiofm\/2023\/01\/19\/nombra-gobernador-del-estado-a-rectora-interina-del-suneo\/","url":"https:\/\/www.bbmnoticias.com\/labravaradiofm\/2023\/01\/19\/nombra-gobernador-del-estado-a-rectora-interina-del-suneo\/","name":"Nombra Gobernador del Estado a Rectora Interina del Suneo - LA BRAVA RADIO","isPartOf":{"@id":"https:\/\/www.bbmnoticias.com\/labravaradiofm\/#website"},"primaryImageOfPage":{"@id":"https:\/\/www.bbmnoticias.com\/labravaradiofm\/2023\/01\/19\/nombra-gobernador-del-estado-a-rectora-interina-del-suneo\/#primaryimage"},"image":{"@id":"https:\/\/www.bbmnoticias.com\/labravaradiofm\/2023\/01\/19\/nombra-gobernador-del-estado-a-rectora-interina-del-suneo\/#primaryimage"},"thumbnailUrl":"https:\/\/www.bbmnoticias.com\/labravaradiofm\/wp-content\/uploads\/sites\/5\/2023\/01\/rectora-interina.jpg","datePublished":"2023-01-19T15:11:57+00:00","dateModified":"2023-01-19T17:12:45+00:00","author":{"@id":"https:\/\/www.bbmnoticias.com\/labravaradiofm\/#\/schema\/person\/68a9e9036ef3c5b55aeb2b71dc8bab45"},"breadcrumb":{"@id":"https:\/\/www.bbmnoticias.com\/labravaradiofm\/2023\/01\/19\/nombra-gobernador-del-estado-a-rectora-interina-del-suneo\/#breadcrumb"},"inLanguage":"es","potentialAction":[{"@type":"ReadAction","target":["https:\/\/www.bbmnoticias.com\/labravaradiofm\/2023\/01\/19\/nombra-gobernador-del-estado-a-rectora-interina-del-suneo\/"]}]},{"@type":"ImageObject","inLanguage":"es","@id":"https:\/\/www.bbmnoticias.com\/labravaradiofm\/2023\/01\/19\/nombra-gobernador-del-estado-a-rectora-interina-del-suneo\/#primaryimage","url":"https:\/\/www.bbmnoticias.com\/labravaradiofm\/wp-content\/uploads\/sites\/5\/2023\/01\/rectora-interina.jpg","contentUrl":"https:\/\/www.bbmnoticias.com\/labravaradiofm\/wp-content\/uploads\/sites\/5\/2023\/01\/rectora-interina.jpg","width":1368,"height":912},{"@type":"BreadcrumbList","@id":"https:\/\/www.bbmnoticias.com\/labravaradiofm\/2023\/01\/19\/nombra-gobernador-del-estado-a-rectora-interina-del-suneo\/#breadcrumb","itemListElement":[{"@type":"ListItem","position":1,"name":"Inicio","item":"https:\/\/www.bbmnoticias.com\/labravaradiofm\/"},{"@type":"ListItem","position":2,"name":"Nombra Gobernador del Estado a Rectora Interina del Suneo"}]},{"@type":"WebSite","@id":"https:\/\/www.bbmnoticias.com\/labravaradiofm\/#website","url":"https:\/\/www.bbmnoticias.com\/labravaradiofm\/","name":"LA BRAVA RADIO","description":"Empresa productora de medios, Radiodifusi\u00f3n, Noticias, tendencias y todo lo que necesitas saber de la pol\u00edtica mexicana e internacional; entretenimiento, espect\u00e1culos, salud y mucho m\u00e1s.","potentialAction":[{"@type":"SearchAction","target":{"@type":"EntryPoint","urlTemplate":"https:\/\/www.bbmnoticias.com\/labravaradiofm\/?s={search_term_string}"},"query-input":{"@type":"PropertyValueSpecification","valueRequired":true,"valueName":"search_term_string"}}],"inLanguage":"es"},{"@type":"Person","@id":"https:\/\/www.bbmnoticias.com\/labravaradiofm\/#\/schema\/person\/68a9e9036ef3c5b55aeb2b71dc8bab45","name":"Staff","image":{"@type":"ImageObject","inLanguage":"es","@id":"https:\/\/secure.gravatar.com\/avatar\/fdd21ad66fd8b98c407f9dee5b5e588cfe7f0d8579ec20fa6527cd59bab7f0f0?s=96&d=mm&r=g","url":"https:\/\/secure.gravatar.com\/avatar\/fdd21ad66fd8b98c407f9dee5b5e588cfe7f0d8579ec20fa6527cd59bab7f0f0?s=96&d=mm&r=g","contentUrl":"https:\/\/secure.gravatar.com\/avatar\/fdd21ad66fd8b98c407f9dee5b5e588cfe7f0d8579ec20fa6527cd59bab7f0f0?s=96&d=mm&r=g","caption":"Staff"},"url":"https:\/\/www.bbmnoticias.com\/labravaradiofm\/author\/redaccion\/"}]}},"_links":{"self":[{"href":"https:\/\/www.bbmnoticias.com\/labravaradiofm\/wp-json\/wp\/v2\/posts\/22714","targetHints":{"allow":["GET"]}}],"collection":[{"href":"https:\/\/www.bbmnoticias.com\/labravaradiofm\/wp-json\/wp\/v2\/posts"}],"about":[{"href":"https:\/\/www.bbmnoticias.com\/labravaradiofm\/wp-json\/wp\/v2\/types\/post"}],"author":[{"embeddable":true,"href":"https:\/\/www.bbmnoticias.com\/labravaradiofm\/wp-json\/wp\/v2\/users\/2"}],"replies":[{"embeddable":true,"href":"https:\/\/www.bbmnoticias.com\/labravaradiofm\/wp-json\/wp\/v2\/comments?post=22714"}],"version-history":[{"count":0,"href":"https:\/\/www.bbmnoticias.com\/labravaradiofm\/wp-json\/wp\/v2\/posts\/22714\/revisions"}],"wp:featuredmedia":[{"embeddable":true,"href":"https:\/\/www.bbmnoticias.com\/labravaradiofm\/wp-json\/wp\/v2\/media\/22715"}],"wp:attachment":[{"href":"https:\/\/www.bbmnoticias.com\/labravaradiofm\/wp-json\/wp\/v2\/media?parent=22714"}],"wp:term":[{"taxonomy":"category","embeddable":true,"href":"https:\/\/www.bbmnoticias.com\/labravaradiofm\/wp-json\/wp\/v2\/categories?post=22714"},{"taxonomy":"post_tag","embeddable":true,"href":"https:\/\/www.bbmnoticias.com\/labravaradiofm\/wp-json\/wp\/v2\/tags?post=22714"}],"curies":[{"name":"wp","href":"https:\/\/api.w.org\/{rel}","templated":true}]}}