{"id":22102,"date":"2022-12-31T16:49:51","date_gmt":"2022-12-31T22:49:51","guid":{"rendered":"https:\/\/www.bbmnoticias.com\/labravaradiofm\/?p=22102"},"modified":"2023-01-02T08:16:55","modified_gmt":"2023-01-02T14:16:55","slug":"instala-gobernador-salomon-jara-comite-estatal-de-planeacion-para-el-bienestar","status":"publish","type":"post","link":"https:\/\/www.bbmnoticias.com\/labravaradiofm\/2022\/12\/31\/instala-gobernador-salomon-jara-comite-estatal-de-planeacion-para-el-bienestar\/","title":{"rendered":"Instala Gobernador Salom\u00f3n Jara Comit\u00e9 Estatal de Planeaci\u00f3n para el Bienestar"},"content":{"rendered":"<div style=\"margin-top: 0px; margin-bottom: 0px;\" class=\"sharethis-inline-share-buttons\" ><\/div>\n<ul class=\"wp-block-list\">\n<li><em>Este Organismo ser\u00e1 responsable de conformar el PED 2022-2028<\/em><\/li>\n\n\n\n<li><em>Ante fracaso del denominado \u201cModelo Oaxaca\u201d, resulta impostergable construir una alternativa que permita a la entidad, abandonar los \u00faltimos lugares en materia de pobreza, marginaci\u00f3n y rezago econ\u00f3mico<\/em><\/li>\n<\/ul>\n\n\n\n<p><strong>Oaxaca de Ju\u00e1rez, Oax. 31 de diciembre de 2022<\/strong>.- El Gobernador del Estado de Oaxaca, Salom\u00f3n Jara Cruz, instal\u00f3 el Comit\u00e9 Estatal de Planeaci\u00f3n para el Bienestar, con el cual inicia formalmente el proceso de elaboraci\u00f3n del Plan Estatal de Desarrollo para el per\u00edodo 2022-2028, que se basar\u00e1 en cinco ejes principales.<\/p>\n\n\n\n<p>Los ejes son:<\/p>\n\n\n\n<p>1.- Gobierno Popular, Honesto, Austero, Eficiente y Transparente, donde el gobierno sea cercano a la gente y el poder \u00e9ste al servicio de los pueblos y comunidades.<\/p>\n\n\n\n<p>2.- Estado de Derechos y de Bienestar para todas y todos los oaxaque\u00f1os, el cual busca rescatar lo mejor del sistema social comunitario y donde por el bien de todos primero se atienda a los pobres.<\/p>\n\n\n\n<p>3.- Seguridad y Paz con Justicia, que promover\u00e1 un nuevo pacto social para la convivencia y gobernabilidad.<\/p>\n\n\n\n<p>4.- Infraestructura y Servicios P\u00fablicos, que pretende estimular la conectividad y el acceso de las y los oaxaque\u00f1os al transporte, la salud, la educaci\u00f3n y el trabajo.<\/p>\n\n\n\n<p>5.- Desarrollo Econ\u00f3mico Integral y Sostenible que impulsar\u00e1 un desarrollo econ\u00f3mico integral de las ocho regiones del estado de Oaxaca.<\/p>\n\n\n\n<p>Durante la instalaci\u00f3n del Comit\u00e9 Estatal de Planeaci\u00f3n para el Bienestar celebrado en el patio central del Palacio de Gobierno, el mandatario oaxaque\u00f1o destac\u00f3 que ante la nueva realidad pol\u00edtica del pa\u00eds y del estado, y frente al evidente fracaso del mal denominado \u201cModelo Oaxaca\u201d, resulta impostergable construir una alternativa que permita a la entidad, abandonar los \u00faltimos lugares en materia de pobreza, marginaci\u00f3n y rezago econ\u00f3mico.<\/p>\n\n\n\n<p>Afirm\u00f3 que su gobierno pone en marcha un nuevo modelo democr\u00e1tico y popular de planeaci\u00f3n para el Desarrollo y Bienestar de los pueblos y de las comunidades de la entidad.<\/p>\n\n\n\n<p>Record\u00f3 que los gobiernos del pasado siempre fueron ajenos a las necesidades del pueblo de Oaxaca y se dedicaron exclusivamente a replicar las pol\u00edticas neoliberales que tanto da\u00f1o le han hecho al pueblo.<\/p>\n\n\n\n<p>\u201cDurante mi gobierno, vamos a implementar un estado de derechos derivado de un modelo de desarrollo y bienestar incluyente, tomaremos en cuenta las necesidades de todas y todos los oaxaque\u00f1os, priorizaremos la atenci\u00f3n a los m\u00e1s pobres y buscaremos saldar la deuda hist\u00f3rica con los pueblos y comunidades originarios. Nosotros no vamos a construir, ni a manipular indicadores ficticios como se hizo en el pasado\u201d, declar\u00f3.<\/p>\n\n\n\n<p>Dijo que ahora para transformar a Oaxaca, se debe conocer al pueblo, a la gente y entender las necesidades que hay en cada una de las regiones.<\/p>\n\n\n\n<p>Adelant\u00f3 que su administraci\u00f3n construir\u00e1 un modelo donde siempre se consulte al pueblo.<\/p>\n\n\n\n<p>\u201cNosotros conocemos el estado y sus 570 municipios, las ocho regiones y sabemos lo que se necesita y se requiere con el pueblo, pero indudablemente hay que seguir consultando porque para nosotros con el pueblo todo, sin el pueblo nada\u201d, sentenci\u00f3.<\/p>\n\n\n\n<p>Jara Cruz manifest\u00f3 que el Instituto de Planeaci\u00f3n para el Bienestar y el Comit\u00e9 Estatal de Planeaci\u00f3n para el Bienestar planificar\u00e1n con precisi\u00f3n las actividades, programas y pol\u00edticas p\u00fablicas que se habr\u00e1n de desarrollar en el Plan Estatal de Desarrollo 2022-2028.<\/p>\n\n\n\n<p>Rechaz\u00f3 que como en el pasado, se vayan a realizar obras que solo eran caprichos personales, no planificadas.<\/p>\n\n\n\n<p>De esta manera convoc\u00f3 a las y los servidores p\u00fablicos integrantes de este Comit\u00e9 a construir un modelo de planeaci\u00f3n estrat\u00e9gica desde el territorio con la participaci\u00f3n y el acompa\u00f1amiento social.<\/p>\n\n\n\n<p>Plante\u00f3 tomar como referente el Plan Nacional de Desarrollo del Presidente de la Rep\u00fablica, Andr\u00e9s Manuel L\u00f3pez Obrador y el proyecto de transformaci\u00f3n que encabeza.<\/p>\n\n\n\n<p>En su oportunidad, la directora general del Instituto de Planeaci\u00f3n para el Bienestar, Juanita Cruz Cruz explic\u00f3 que con la instalaci\u00f3n del Comit\u00e9 Estatal de Planeaci\u00f3n para el Bienestar, inicia la conformaci\u00f3n del Plan Estatal de Desarrollo hecho en la realidad, que se construir\u00e1 a partir del di\u00e1logo cercano a la gente y no desde el escritorio.<\/p>\n\n\n\n<p>El Comit\u00e9 Estatal de Planeaci\u00f3n para el Bienestar est\u00e1 integrado por los titulares del Instituto de Planeaci\u00f3n para el Bienestar, la Oficina de la Gubernatura, la Secretar\u00eda de Gobierno, la Secretar\u00eda de Seguridad P\u00fablica y Protecci\u00f3n Ciudadana, los Servicios de Salud de Oaxaca, y la Secretar\u00eda de las Infraestructuras y Comunicaciones.<\/p>\n\n\n\n<p>Asimismo, por la Secretar\u00eda de Movilidad, la Secretar\u00eda de Interculturalidad, Pueblos y Comunidades Ind\u00edgenas y Afromexicana, la Secretar\u00eda de Fomento Agroalimentario y Desarrollo Rural, la Secretar\u00eda de Finanzas, la Secretar\u00eda de Honestidad, Transparencia y Funci\u00f3n P\u00fablica, la Secretar\u00eda de Desarrollo Econ\u00f3mico, la Consejer\u00eda Jur\u00eddica de la Gubernatura, el Instituto Estatal de Educaci\u00f3n P\u00fablica de Oaxaca, y el Instituto Oaxaque\u00f1o Constructor de Infraestructura F\u00edsica Educativa.<\/p>\n\n\n\n<p>Tambi\u00e9n por Caminos Bienestar, la Comisi\u00f3n Estatal del Agua para el Bienestar, integrantes de la Iniciativa Privada, entre otros.<\/p>\n","protected":false},"excerpt":{"rendered":"<p>Oaxaca de Ju\u00e1rez, Oax. 31 de diciembre de 2022.- El Gobernador del Estado de Oaxaca, Salom\u00f3n Jara Cruz, instal\u00f3 el Comit\u00e9 Estatal de Planeaci\u00f3n para el Bienestar, con el cual inicia formalmente el proceso de elaboraci\u00f3n del Plan Estatal de Desarrollo para el per\u00edodo 2022-2028, que se basar\u00e1 en cinco ejes principales. Los ejes son: [&hellip;]<\/p>\n","protected":false},"author":2,"featured_media":22103,"comment_status":"closed","ping_status":"closed","sticky":false,"template":"","format":"standard","meta":{"footnotes":""},"categories":[2],"tags":[],"class_list":{"0":"post-22102","1":"post","2":"type-post","3":"status-publish","4":"format-standard","5":"has-post-thumbnail","7":"category-oaxaca"},"yoast_head":"<!-- This site is optimized with the Yoast SEO plugin v27.4 - https:\/\/yoast.com\/product\/yoast-seo-wordpress\/ -->\n<title>Instala Gobernador Salom\u00f3n Jara Comit\u00e9 Estatal de Planeaci\u00f3n para el Bienestar - LA BRAVA RADIO<\/title>\n<meta name=\"robots\" content=\"index, follow, max-snippet:-1, max-image-preview:large, max-video-preview:-1\" \/>\n<link rel=\"canonical\" href=\"https:\/\/www.bbmnoticias.com\/labravaradiofm\/2022\/12\/31\/instala-gobernador-salomon-jara-comite-estatal-de-planeacion-para-el-bienestar\/\" \/>\n<meta property=\"og:locale\" content=\"es_MX\" \/>\n<meta property=\"og:type\" content=\"article\" \/>\n<meta property=\"og:title\" content=\"Instala Gobernador Salom\u00f3n Jara Comit\u00e9 Estatal de Planeaci\u00f3n para el Bienestar - LA BRAVA RADIO\" \/>\n<meta property=\"og:description\" content=\"Oaxaca de Ju\u00e1rez, Oax. 31 de diciembre de 2022.- El Gobernador del Estado de Oaxaca, Salom\u00f3n Jara Cruz, instal\u00f3 el Comit\u00e9 Estatal de Planeaci\u00f3n para el Bienestar, con el cual inicia formalmente el proceso de elaboraci\u00f3n del Plan Estatal de Desarrollo para el per\u00edodo 2022-2028, que se basar\u00e1 en cinco ejes principales. Los ejes son: [&hellip;]\" \/>\n<meta property=\"og:url\" content=\"https:\/\/www.bbmnoticias.com\/labravaradiofm\/2022\/12\/31\/instala-gobernador-salomon-jara-comite-estatal-de-planeacion-para-el-bienestar\/\" \/>\n<meta property=\"og:site_name\" content=\"LA BRAVA RADIO\" \/>\n<meta property=\"article:published_time\" content=\"2022-12-31T22:49:51+00:00\" \/>\n<meta property=\"article:modified_time\" content=\"2023-01-02T14:16:55+00:00\" \/>\n<meta property=\"og:image\" content=\"https:\/\/www.bbmnoticias.com\/labravaradiofm\/wp-content\/uploads\/sites\/5\/2022\/12\/sjc-instala.jpg\" \/>\n\t<meta property=\"og:image:width\" content=\"1280\" \/>\n\t<meta property=\"og:image:height\" content=\"852\" \/>\n\t<meta property=\"og:image:type\" content=\"image\/jpeg\" \/>\n<meta name=\"author\" content=\"Staff\" \/>\n<meta name=\"twitter:card\" content=\"summary_large_image\" \/>\n<meta name=\"twitter:label1\" content=\"Escrito por\" \/>\n\t<meta name=\"twitter:data1\" content=\"Staff\" \/>\n\t<meta name=\"twitter:label2\" content=\"Tiempo de lectura\" \/>\n\t<meta name=\"twitter:data2\" content=\"4 minutos\" \/>\n<script type=\"application\/ld+json\" class=\"yoast-schema-graph\">{\"@context\":\"https:\\\/\\\/schema.org\",\"@graph\":[{\"@type\":\"Article\",\"@id\":\"https:\\\/\\\/www.bbmnoticias.com\\\/labravaradiofm\\\/2022\\\/12\\\/31\\\/instala-gobernador-salomon-jara-comite-estatal-de-planeacion-para-el-bienestar\\\/#article\",\"isPartOf\":{\"@id\":\"https:\\\/\\\/www.bbmnoticias.com\\\/labravaradiofm\\\/2022\\\/12\\\/31\\\/instala-gobernador-salomon-jara-comite-estatal-de-planeacion-para-el-bienestar\\\/\"},\"author\":{\"name\":\"Staff\",\"@id\":\"https:\\\/\\\/www.bbmnoticias.com\\\/labravaradiofm\\\/#\\\/schema\\\/person\\\/68a9e9036ef3c5b55aeb2b71dc8bab45\"},\"headline\":\"Instala Gobernador Salom\u00f3n Jara Comit\u00e9 Estatal de Planeaci\u00f3n para el Bienestar\",\"datePublished\":\"2022-12-31T22:49:51+00:00\",\"dateModified\":\"2023-01-02T14:16:55+00:00\",\"mainEntityOfPage\":{\"@id\":\"https:\\\/\\\/www.bbmnoticias.com\\\/labravaradiofm\\\/2022\\\/12\\\/31\\\/instala-gobernador-salomon-jara-comite-estatal-de-planeacion-para-el-bienestar\\\/\"},\"wordCount\":888,\"image\":{\"@id\":\"https:\\\/\\\/www.bbmnoticias.com\\\/labravaradiofm\\\/2022\\\/12\\\/31\\\/instala-gobernador-salomon-jara-comite-estatal-de-planeacion-para-el-bienestar\\\/#primaryimage\"},\"thumbnailUrl\":\"https:\\\/\\\/www.bbmnoticias.com\\\/labravaradiofm\\\/wp-content\\\/uploads\\\/sites\\\/5\\\/2022\\\/12\\\/sjc-instala.jpg\",\"articleSection\":[\"LOCAL\"],\"inLanguage\":\"es\"},{\"@type\":\"WebPage\",\"@id\":\"https:\\\/\\\/www.bbmnoticias.com\\\/labravaradiofm\\\/2022\\\/12\\\/31\\\/instala-gobernador-salomon-jara-comite-estatal-de-planeacion-para-el-bienestar\\\/\",\"url\":\"https:\\\/\\\/www.bbmnoticias.com\\\/labravaradiofm\\\/2022\\\/12\\\/31\\\/instala-gobernador-salomon-jara-comite-estatal-de-planeacion-para-el-bienestar\\\/\",\"name\":\"Instala Gobernador Salom\u00f3n Jara Comit\u00e9 Estatal de Planeaci\u00f3n para el Bienestar - LA BRAVA RADIO\",\"isPartOf\":{\"@id\":\"https:\\\/\\\/www.bbmnoticias.com\\\/labravaradiofm\\\/#website\"},\"primaryImageOfPage\":{\"@id\":\"https:\\\/\\\/www.bbmnoticias.com\\\/labravaradiofm\\\/2022\\\/12\\\/31\\\/instala-gobernador-salomon-jara-comite-estatal-de-planeacion-para-el-bienestar\\\/#primaryimage\"},\"image\":{\"@id\":\"https:\\\/\\\/www.bbmnoticias.com\\\/labravaradiofm\\\/2022\\\/12\\\/31\\\/instala-gobernador-salomon-jara-comite-estatal-de-planeacion-para-el-bienestar\\\/#primaryimage\"},\"thumbnailUrl\":\"https:\\\/\\\/www.bbmnoticias.com\\\/labravaradiofm\\\/wp-content\\\/uploads\\\/sites\\\/5\\\/2022\\\/12\\\/sjc-instala.jpg\",\"datePublished\":\"2022-12-31T22:49:51+00:00\",\"dateModified\":\"2023-01-02T14:16:55+00:00\",\"author\":{\"@id\":\"https:\\\/\\\/www.bbmnoticias.com\\\/labravaradiofm\\\/#\\\/schema\\\/person\\\/68a9e9036ef3c5b55aeb2b71dc8bab45\"},\"breadcrumb\":{\"@id\":\"https:\\\/\\\/www.bbmnoticias.com\\\/labravaradiofm\\\/2022\\\/12\\\/31\\\/instala-gobernador-salomon-jara-comite-estatal-de-planeacion-para-el-bienestar\\\/#breadcrumb\"},\"inLanguage\":\"es\",\"potentialAction\":[{\"@type\":\"ReadAction\",\"target\":[\"https:\\\/\\\/www.bbmnoticias.com\\\/labravaradiofm\\\/2022\\\/12\\\/31\\\/instala-gobernador-salomon-jara-comite-estatal-de-planeacion-para-el-bienestar\\\/\"]}]},{\"@type\":\"ImageObject\",\"inLanguage\":\"es\",\"@id\":\"https:\\\/\\\/www.bbmnoticias.com\\\/labravaradiofm\\\/2022\\\/12\\\/31\\\/instala-gobernador-salomon-jara-comite-estatal-de-planeacion-para-el-bienestar\\\/#primaryimage\",\"url\":\"https:\\\/\\\/www.bbmnoticias.com\\\/labravaradiofm\\\/wp-content\\\/uploads\\\/sites\\\/5\\\/2022\\\/12\\\/sjc-instala.jpg\",\"contentUrl\":\"https:\\\/\\\/www.bbmnoticias.com\\\/labravaradiofm\\\/wp-content\\\/uploads\\\/sites\\\/5\\\/2022\\\/12\\\/sjc-instala.jpg\",\"width\":1280,\"height\":852},{\"@type\":\"BreadcrumbList\",\"@id\":\"https:\\\/\\\/www.bbmnoticias.com\\\/labravaradiofm\\\/2022\\\/12\\\/31\\\/instala-gobernador-salomon-jara-comite-estatal-de-planeacion-para-el-bienestar\\\/#breadcrumb\",\"itemListElement\":[{\"@type\":\"ListItem\",\"position\":1,\"name\":\"Inicio\",\"item\":\"https:\\\/\\\/www.bbmnoticias.com\\\/labravaradiofm\\\/\"},{\"@type\":\"ListItem\",\"position\":2,\"name\":\"Instala Gobernador Salom\u00f3n Jara Comit\u00e9 Estatal de Planeaci\u00f3n para el Bienestar\"}]},{\"@type\":\"WebSite\",\"@id\":\"https:\\\/\\\/www.bbmnoticias.com\\\/labravaradiofm\\\/#website\",\"url\":\"https:\\\/\\\/www.bbmnoticias.com\\\/labravaradiofm\\\/\",\"name\":\"LA BRAVA RADIO\",\"description\":\"Empresa productora de medios, Radiodifusi\u00f3n, Noticias, tendencias y todo lo que necesitas saber de la pol\u00edtica mexicana e internacional; entretenimiento, espect\u00e1culos, salud y mucho m\u00e1s.\",\"potentialAction\":[{\"@type\":\"SearchAction\",\"target\":{\"@type\":\"EntryPoint\",\"urlTemplate\":\"https:\\\/\\\/www.bbmnoticias.com\\\/labravaradiofm\\\/?s={search_term_string}\"},\"query-input\":{\"@type\":\"PropertyValueSpecification\",\"valueRequired\":true,\"valueName\":\"search_term_string\"}}],\"inLanguage\":\"es\"},{\"@type\":\"Person\",\"@id\":\"https:\\\/\\\/www.bbmnoticias.com\\\/labravaradiofm\\\/#\\\/schema\\\/person\\\/68a9e9036ef3c5b55aeb2b71dc8bab45\",\"name\":\"Staff\",\"image\":{\"@type\":\"ImageObject\",\"inLanguage\":\"es\",\"@id\":\"https:\\\/\\\/secure.gravatar.com\\\/avatar\\\/fdd21ad66fd8b98c407f9dee5b5e588cfe7f0d8579ec20fa6527cd59bab7f0f0?s=96&d=mm&r=g\",\"url\":\"https:\\\/\\\/secure.gravatar.com\\\/avatar\\\/fdd21ad66fd8b98c407f9dee5b5e588cfe7f0d8579ec20fa6527cd59bab7f0f0?s=96&d=mm&r=g\",\"contentUrl\":\"https:\\\/\\\/secure.gravatar.com\\\/avatar\\\/fdd21ad66fd8b98c407f9dee5b5e588cfe7f0d8579ec20fa6527cd59bab7f0f0?s=96&d=mm&r=g\",\"caption\":\"Staff\"},\"url\":\"https:\\\/\\\/www.bbmnoticias.com\\\/labravaradiofm\\\/author\\\/redaccion\\\/\"}]}<\/script>\n<!-- \/ Yoast SEO plugin. -->","yoast_head_json":{"title":"Instala Gobernador Salom\u00f3n Jara Comit\u00e9 Estatal de Planeaci\u00f3n para el Bienestar - LA BRAVA RADIO","robots":{"index":"index","follow":"follow","max-snippet":"max-snippet:-1","max-image-preview":"max-image-preview:large","max-video-preview":"max-video-preview:-1"},"canonical":"https:\/\/www.bbmnoticias.com\/labravaradiofm\/2022\/12\/31\/instala-gobernador-salomon-jara-comite-estatal-de-planeacion-para-el-bienestar\/","og_locale":"es_MX","og_type":"article","og_title":"Instala Gobernador Salom\u00f3n Jara Comit\u00e9 Estatal de Planeaci\u00f3n para el Bienestar - LA BRAVA RADIO","og_description":"Oaxaca de Ju\u00e1rez, Oax. 31 de diciembre de 2022.- El Gobernador del Estado de Oaxaca, Salom\u00f3n Jara Cruz, instal\u00f3 el Comit\u00e9 Estatal de Planeaci\u00f3n para el Bienestar, con el cual inicia formalmente el proceso de elaboraci\u00f3n del Plan Estatal de Desarrollo para el per\u00edodo 2022-2028, que se basar\u00e1 en cinco ejes principales. Los ejes son: [&hellip;]","og_url":"https:\/\/www.bbmnoticias.com\/labravaradiofm\/2022\/12\/31\/instala-gobernador-salomon-jara-comite-estatal-de-planeacion-para-el-bienestar\/","og_site_name":"LA BRAVA RADIO","article_published_time":"2022-12-31T22:49:51+00:00","article_modified_time":"2023-01-02T14:16:55+00:00","og_image":[{"width":1280,"height":852,"url":"https:\/\/www.bbmnoticias.com\/labravaradiofm\/wp-content\/uploads\/sites\/5\/2022\/12\/sjc-instala.jpg","type":"image\/jpeg"}],"author":"Staff","twitter_card":"summary_large_image","twitter_misc":{"Escrito por":"Staff","Tiempo de lectura":"4 minutos"},"schema":{"@context":"https:\/\/schema.org","@graph":[{"@type":"Article","@id":"https:\/\/www.bbmnoticias.com\/labravaradiofm\/2022\/12\/31\/instala-gobernador-salomon-jara-comite-estatal-de-planeacion-para-el-bienestar\/#article","isPartOf":{"@id":"https:\/\/www.bbmnoticias.com\/labravaradiofm\/2022\/12\/31\/instala-gobernador-salomon-jara-comite-estatal-de-planeacion-para-el-bienestar\/"},"author":{"name":"Staff","@id":"https:\/\/www.bbmnoticias.com\/labravaradiofm\/#\/schema\/person\/68a9e9036ef3c5b55aeb2b71dc8bab45"},"headline":"Instala Gobernador Salom\u00f3n Jara Comit\u00e9 Estatal de Planeaci\u00f3n para el Bienestar","datePublished":"2022-12-31T22:49:51+00:00","dateModified":"2023-01-02T14:16:55+00:00","mainEntityOfPage":{"@id":"https:\/\/www.bbmnoticias.com\/labravaradiofm\/2022\/12\/31\/instala-gobernador-salomon-jara-comite-estatal-de-planeacion-para-el-bienestar\/"},"wordCount":888,"image":{"@id":"https:\/\/www.bbmnoticias.com\/labravaradiofm\/2022\/12\/31\/instala-gobernador-salomon-jara-comite-estatal-de-planeacion-para-el-bienestar\/#primaryimage"},"thumbnailUrl":"https:\/\/www.bbmnoticias.com\/labravaradiofm\/wp-content\/uploads\/sites\/5\/2022\/12\/sjc-instala.jpg","articleSection":["LOCAL"],"inLanguage":"es"},{"@type":"WebPage","@id":"https:\/\/www.bbmnoticias.com\/labravaradiofm\/2022\/12\/31\/instala-gobernador-salomon-jara-comite-estatal-de-planeacion-para-el-bienestar\/","url":"https:\/\/www.bbmnoticias.com\/labravaradiofm\/2022\/12\/31\/instala-gobernador-salomon-jara-comite-estatal-de-planeacion-para-el-bienestar\/","name":"Instala Gobernador Salom\u00f3n Jara Comit\u00e9 Estatal de Planeaci\u00f3n para el Bienestar - LA BRAVA RADIO","isPartOf":{"@id":"https:\/\/www.bbmnoticias.com\/labravaradiofm\/#website"},"primaryImageOfPage":{"@id":"https:\/\/www.bbmnoticias.com\/labravaradiofm\/2022\/12\/31\/instala-gobernador-salomon-jara-comite-estatal-de-planeacion-para-el-bienestar\/#primaryimage"},"image":{"@id":"https:\/\/www.bbmnoticias.com\/labravaradiofm\/2022\/12\/31\/instala-gobernador-salomon-jara-comite-estatal-de-planeacion-para-el-bienestar\/#primaryimage"},"thumbnailUrl":"https:\/\/www.bbmnoticias.com\/labravaradiofm\/wp-content\/uploads\/sites\/5\/2022\/12\/sjc-instala.jpg","datePublished":"2022-12-31T22:49:51+00:00","dateModified":"2023-01-02T14:16:55+00:00","author":{"@id":"https:\/\/www.bbmnoticias.com\/labravaradiofm\/#\/schema\/person\/68a9e9036ef3c5b55aeb2b71dc8bab45"},"breadcrumb":{"@id":"https:\/\/www.bbmnoticias.com\/labravaradiofm\/2022\/12\/31\/instala-gobernador-salomon-jara-comite-estatal-de-planeacion-para-el-bienestar\/#breadcrumb"},"inLanguage":"es","potentialAction":[{"@type":"ReadAction","target":["https:\/\/www.bbmnoticias.com\/labravaradiofm\/2022\/12\/31\/instala-gobernador-salomon-jara-comite-estatal-de-planeacion-para-el-bienestar\/"]}]},{"@type":"ImageObject","inLanguage":"es","@id":"https:\/\/www.bbmnoticias.com\/labravaradiofm\/2022\/12\/31\/instala-gobernador-salomon-jara-comite-estatal-de-planeacion-para-el-bienestar\/#primaryimage","url":"https:\/\/www.bbmnoticias.com\/labravaradiofm\/wp-content\/uploads\/sites\/5\/2022\/12\/sjc-instala.jpg","contentUrl":"https:\/\/www.bbmnoticias.com\/labravaradiofm\/wp-content\/uploads\/sites\/5\/2022\/12\/sjc-instala.jpg","width":1280,"height":852},{"@type":"BreadcrumbList","@id":"https:\/\/www.bbmnoticias.com\/labravaradiofm\/2022\/12\/31\/instala-gobernador-salomon-jara-comite-estatal-de-planeacion-para-el-bienestar\/#breadcrumb","itemListElement":[{"@type":"ListItem","position":1,"name":"Inicio","item":"https:\/\/www.bbmnoticias.com\/labravaradiofm\/"},{"@type":"ListItem","position":2,"name":"Instala Gobernador Salom\u00f3n Jara Comit\u00e9 Estatal de Planeaci\u00f3n para el Bienestar"}]},{"@type":"WebSite","@id":"https:\/\/www.bbmnoticias.com\/labravaradiofm\/#website","url":"https:\/\/www.bbmnoticias.com\/labravaradiofm\/","name":"LA BRAVA RADIO","description":"Empresa productora de medios, Radiodifusi\u00f3n, Noticias, tendencias y todo lo que necesitas saber de la pol\u00edtica mexicana e internacional; entretenimiento, espect\u00e1culos, salud y mucho m\u00e1s.","potentialAction":[{"@type":"SearchAction","target":{"@type":"EntryPoint","urlTemplate":"https:\/\/www.bbmnoticias.com\/labravaradiofm\/?s={search_term_string}"},"query-input":{"@type":"PropertyValueSpecification","valueRequired":true,"valueName":"search_term_string"}}],"inLanguage":"es"},{"@type":"Person","@id":"https:\/\/www.bbmnoticias.com\/labravaradiofm\/#\/schema\/person\/68a9e9036ef3c5b55aeb2b71dc8bab45","name":"Staff","image":{"@type":"ImageObject","inLanguage":"es","@id":"https:\/\/secure.gravatar.com\/avatar\/fdd21ad66fd8b98c407f9dee5b5e588cfe7f0d8579ec20fa6527cd59bab7f0f0?s=96&d=mm&r=g","url":"https:\/\/secure.gravatar.com\/avatar\/fdd21ad66fd8b98c407f9dee5b5e588cfe7f0d8579ec20fa6527cd59bab7f0f0?s=96&d=mm&r=g","contentUrl":"https:\/\/secure.gravatar.com\/avatar\/fdd21ad66fd8b98c407f9dee5b5e588cfe7f0d8579ec20fa6527cd59bab7f0f0?s=96&d=mm&r=g","caption":"Staff"},"url":"https:\/\/www.bbmnoticias.com\/labravaradiofm\/author\/redaccion\/"}]}},"_links":{"self":[{"href":"https:\/\/www.bbmnoticias.com\/labravaradiofm\/wp-json\/wp\/v2\/posts\/22102","targetHints":{"allow":["GET"]}}],"collection":[{"href":"https:\/\/www.bbmnoticias.com\/labravaradiofm\/wp-json\/wp\/v2\/posts"}],"about":[{"href":"https:\/\/www.bbmnoticias.com\/labravaradiofm\/wp-json\/wp\/v2\/types\/post"}],"author":[{"embeddable":true,"href":"https:\/\/www.bbmnoticias.com\/labravaradiofm\/wp-json\/wp\/v2\/users\/2"}],"replies":[{"embeddable":true,"href":"https:\/\/www.bbmnoticias.com\/labravaradiofm\/wp-json\/wp\/v2\/comments?post=22102"}],"version-history":[{"count":0,"href":"https:\/\/www.bbmnoticias.com\/labravaradiofm\/wp-json\/wp\/v2\/posts\/22102\/revisions"}],"wp:featuredmedia":[{"embeddable":true,"href":"https:\/\/www.bbmnoticias.com\/labravaradiofm\/wp-json\/wp\/v2\/media\/22103"}],"wp:attachment":[{"href":"https:\/\/www.bbmnoticias.com\/labravaradiofm\/wp-json\/wp\/v2\/media?parent=22102"}],"wp:term":[{"taxonomy":"category","embeddable":true,"href":"https:\/\/www.bbmnoticias.com\/labravaradiofm\/wp-json\/wp\/v2\/categories?post=22102"},{"taxonomy":"post_tag","embeddable":true,"href":"https:\/\/www.bbmnoticias.com\/labravaradiofm\/wp-json\/wp\/v2\/tags?post=22102"}],"curies":[{"name":"wp","href":"https:\/\/api.w.org\/{rel}","templated":true}]}}