{"id":22098,"date":"2022-12-30T19:16:01","date_gmt":"2022-12-31T01:16:01","guid":{"rendered":"https:\/\/www.bbmnoticias.com\/labravaradiofm\/?p=22098"},"modified":"2022-12-30T19:16:02","modified_gmt":"2022-12-31T01:16:02","slug":"impulsa-gobierno-de-oaxaca-la-capacitacion-del-sector-turistico-para-mejorar-su-productividad-y-competitividad","status":"publish","type":"post","link":"https:\/\/www.bbmnoticias.com\/labravaradiofm\/2022\/12\/30\/impulsa-gobierno-de-oaxaca-la-capacitacion-del-sector-turistico-para-mejorar-su-productividad-y-competitividad\/","title":{"rendered":"Impulsa Gobierno de Oaxaca la capacitaci\u00f3n del sector tur\u00edstico para mejorar su productividad y competitividad"},"content":{"rendered":"<div style=\"margin-top: 0px; margin-bottom: 0px;\" class=\"sharethis-inline-share-buttons\" ><\/div>\n<p>\u2022 Por conducto de un convenio signado entre la Sectur Oaxaca y el Icapet, brindar\u00e1 capacitaciones y certificaciones a prestadores de servicios tur\u00edsticos<\/p>\n\n\n\n<p>Oaxaca de Ju\u00e1rez, Oax. 30 de diciembre de 2022. Como parte de la estrategia de desarrollo econ\u00f3mico a trav\u00e9s del sector tur\u00edstico que impulsa el Gobierno de Oaxaca, la Secretar\u00eda de Turismo del Gobierno del Estado y el Instituto de Capacitaci\u00f3n y Productividad para el Trabajo del Estado de Oaxaca firmaron un convenio de colaboraci\u00f3n para fortalecer la productividad y la competitividad tur\u00edstica de la entidad.<\/p>\n\n\n\n<p>Mediante este acuerdo firmado por los titulares de ambas dependencias de gobierno, se desarrollar\u00e1n programas, acciones y proyectos de capacitaci\u00f3n y certificaci\u00f3n dirigidos a las y los colaboradores de la Sectur, as\u00ed como a prestadores y prestadoras de servicios tur\u00edsticos.<\/p>\n\n\n\n<p>La secretaria de Turismo, Saymi Pineda Velasco destac\u00f3 que la firma de este convenio es un compromiso con todo el sector de la entidad; por lo que se implementar\u00e1n capacitaciones en las ocho regiones, principalmente en los 65 municipios de vocaci\u00f3n tur\u00edstica. Tambi\u00e9n, al personal que labora en esta dependencia, donde se reforzar\u00e1 la atenci\u00f3n que brindan a la ciudadan\u00eda y el trabajo en equipo.<\/p>\n\n\n\n<p>Este acuerdo tambi\u00e9n permitir\u00e1 alinearse a las Normas Oficiales Mexicanas 08 y 09 de gu\u00edas generales y especializadas, para impulsar la certificaci\u00f3n de esta parte del sector.<\/p>\n\n\n\n<p>En tanto, el director general del Icapet, Giovanni Jahir Rojas Pacheco, destac\u00f3 que un sector tur\u00edstico capacitado influye en el desarrollo y en el crecimiento del estado, por lo que se coordinar\u00e1n esfuerzos para brindar preparaci\u00f3n y asesor\u00eda t\u00e9cnica de calidad, y de esta forma impactar en el mejoramiento de la productividad y competitividad de las y los oaxaque\u00f1os que trabajan en este sector econ\u00f3mico.<\/p>\n\n\n\n<p>Cabe se\u00f1alar que, luego de la signar del acuerdo se establecieron las acciones a seguir y se designaron al funcionariado de la Secretar\u00eda y el Instituto, los cuales se encargar\u00e1n de hacer cumplir los compromisos y dar seguimiento a lo establecido.<\/p>\n","protected":false},"excerpt":{"rendered":"<p>\u2022 Por conducto de un convenio signado entre la Sectur Oaxaca y el Icapet, brindar\u00e1 capacitaciones y certificaciones a prestadores de servicios tur\u00edsticos Oaxaca de Ju\u00e1rez, Oax. 30 de diciembre de 2022. Como parte de la estrategia de desarrollo econ\u00f3mico a trav\u00e9s del sector tur\u00edstico que impulsa el Gobierno de Oaxaca, la Secretar\u00eda de Turismo [&hellip;]<\/p>\n","protected":false},"author":2,"featured_media":22099,"comment_status":"closed","ping_status":"closed","sticky":false,"template":"","format":"standard","meta":{"footnotes":""},"categories":[2],"tags":[],"class_list":{"0":"post-22098","1":"post","2":"type-post","3":"status-publish","4":"format-standard","5":"has-post-thumbnail","7":"category-oaxaca"},"yoast_head":"<!-- This site is optimized with the Yoast SEO plugin v27.4 - https:\/\/yoast.com\/product\/yoast-seo-wordpress\/ -->\n<title>Impulsa Gobierno de Oaxaca la capacitaci\u00f3n del sector tur\u00edstico para mejorar su productividad y competitividad - LA BRAVA RADIO<\/title>\n<meta name=\"robots\" content=\"index, follow, max-snippet:-1, max-image-preview:large, max-video-preview:-1\" \/>\n<link rel=\"canonical\" href=\"https:\/\/www.bbmnoticias.com\/labravaradiofm\/2022\/12\/30\/impulsa-gobierno-de-oaxaca-la-capacitacion-del-sector-turistico-para-mejorar-su-productividad-y-competitividad\/\" \/>\n<meta property=\"og:locale\" content=\"es_MX\" \/>\n<meta property=\"og:type\" content=\"article\" \/>\n<meta property=\"og:title\" content=\"Impulsa Gobierno de Oaxaca la capacitaci\u00f3n del sector tur\u00edstico para mejorar su productividad y competitividad - LA BRAVA RADIO\" \/>\n<meta property=\"og:description\" content=\"\u2022 Por conducto de un convenio signado entre la Sectur Oaxaca y el Icapet, brindar\u00e1 capacitaciones y certificaciones a prestadores de servicios tur\u00edsticos Oaxaca de Ju\u00e1rez, Oax. 30 de diciembre de 2022. Como parte de la estrategia de desarrollo econ\u00f3mico a trav\u00e9s del sector tur\u00edstico que impulsa el Gobierno de Oaxaca, la Secretar\u00eda de Turismo [&hellip;]\" \/>\n<meta property=\"og:url\" content=\"https:\/\/www.bbmnoticias.com\/labravaradiofm\/2022\/12\/30\/impulsa-gobierno-de-oaxaca-la-capacitacion-del-sector-turistico-para-mejorar-su-productividad-y-competitividad\/\" \/>\n<meta property=\"og:site_name\" content=\"LA BRAVA RADIO\" \/>\n<meta property=\"article:published_time\" content=\"2022-12-31T01:16:01+00:00\" \/>\n<meta property=\"article:modified_time\" content=\"2022-12-31T01:16:02+00:00\" \/>\n<meta property=\"og:image\" content=\"https:\/\/www.bbmnoticias.com\/labravaradiofm\/wp-content\/uploads\/sites\/5\/2022\/12\/sectur-oaxaca.jpg\" \/>\n\t<meta property=\"og:image:width\" content=\"1280\" \/>\n\t<meta property=\"og:image:height\" content=\"756\" \/>\n\t<meta property=\"og:image:type\" content=\"image\/jpeg\" \/>\n<meta name=\"author\" content=\"Staff\" \/>\n<meta name=\"twitter:card\" content=\"summary_large_image\" \/>\n<meta name=\"twitter:label1\" content=\"Escrito por\" \/>\n\t<meta name=\"twitter:data1\" content=\"Staff\" \/>\n\t<meta name=\"twitter:label2\" content=\"Tiempo de lectura\" \/>\n\t<meta name=\"twitter:data2\" content=\"2 minutos\" \/>\n<script type=\"application\/ld+json\" class=\"yoast-schema-graph\">{\"@context\":\"https:\\\/\\\/schema.org\",\"@graph\":[{\"@type\":\"Article\",\"@id\":\"https:\\\/\\\/www.bbmnoticias.com\\\/labravaradiofm\\\/2022\\\/12\\\/30\\\/impulsa-gobierno-de-oaxaca-la-capacitacion-del-sector-turistico-para-mejorar-su-productividad-y-competitividad\\\/#article\",\"isPartOf\":{\"@id\":\"https:\\\/\\\/www.bbmnoticias.com\\\/labravaradiofm\\\/2022\\\/12\\\/30\\\/impulsa-gobierno-de-oaxaca-la-capacitacion-del-sector-turistico-para-mejorar-su-productividad-y-competitividad\\\/\"},\"author\":{\"name\":\"Staff\",\"@id\":\"https:\\\/\\\/www.bbmnoticias.com\\\/labravaradiofm\\\/#\\\/schema\\\/person\\\/68a9e9036ef3c5b55aeb2b71dc8bab45\"},\"headline\":\"Impulsa Gobierno de Oaxaca la capacitaci\u00f3n del sector tur\u00edstico para mejorar su productividad y competitividad\",\"datePublished\":\"2022-12-31T01:16:01+00:00\",\"dateModified\":\"2022-12-31T01:16:02+00:00\",\"mainEntityOfPage\":{\"@id\":\"https:\\\/\\\/www.bbmnoticias.com\\\/labravaradiofm\\\/2022\\\/12\\\/30\\\/impulsa-gobierno-de-oaxaca-la-capacitacion-del-sector-turistico-para-mejorar-su-productividad-y-competitividad\\\/\"},\"wordCount\":370,\"image\":{\"@id\":\"https:\\\/\\\/www.bbmnoticias.com\\\/labravaradiofm\\\/2022\\\/12\\\/30\\\/impulsa-gobierno-de-oaxaca-la-capacitacion-del-sector-turistico-para-mejorar-su-productividad-y-competitividad\\\/#primaryimage\"},\"thumbnailUrl\":\"https:\\\/\\\/www.bbmnoticias.com\\\/labravaradiofm\\\/wp-content\\\/uploads\\\/sites\\\/5\\\/2022\\\/12\\\/sectur-oaxaca.jpg\",\"articleSection\":[\"LOCAL\"],\"inLanguage\":\"es\"},{\"@type\":\"WebPage\",\"@id\":\"https:\\\/\\\/www.bbmnoticias.com\\\/labravaradiofm\\\/2022\\\/12\\\/30\\\/impulsa-gobierno-de-oaxaca-la-capacitacion-del-sector-turistico-para-mejorar-su-productividad-y-competitividad\\\/\",\"url\":\"https:\\\/\\\/www.bbmnoticias.com\\\/labravaradiofm\\\/2022\\\/12\\\/30\\\/impulsa-gobierno-de-oaxaca-la-capacitacion-del-sector-turistico-para-mejorar-su-productividad-y-competitividad\\\/\",\"name\":\"Impulsa Gobierno de Oaxaca la capacitaci\u00f3n del sector tur\u00edstico para mejorar su productividad y competitividad - LA BRAVA RADIO\",\"isPartOf\":{\"@id\":\"https:\\\/\\\/www.bbmnoticias.com\\\/labravaradiofm\\\/#website\"},\"primaryImageOfPage\":{\"@id\":\"https:\\\/\\\/www.bbmnoticias.com\\\/labravaradiofm\\\/2022\\\/12\\\/30\\\/impulsa-gobierno-de-oaxaca-la-capacitacion-del-sector-turistico-para-mejorar-su-productividad-y-competitividad\\\/#primaryimage\"},\"image\":{\"@id\":\"https:\\\/\\\/www.bbmnoticias.com\\\/labravaradiofm\\\/2022\\\/12\\\/30\\\/impulsa-gobierno-de-oaxaca-la-capacitacion-del-sector-turistico-para-mejorar-su-productividad-y-competitividad\\\/#primaryimage\"},\"thumbnailUrl\":\"https:\\\/\\\/www.bbmnoticias.com\\\/labravaradiofm\\\/wp-content\\\/uploads\\\/sites\\\/5\\\/2022\\\/12\\\/sectur-oaxaca.jpg\",\"datePublished\":\"2022-12-31T01:16:01+00:00\",\"dateModified\":\"2022-12-31T01:16:02+00:00\",\"author\":{\"@id\":\"https:\\\/\\\/www.bbmnoticias.com\\\/labravaradiofm\\\/#\\\/schema\\\/person\\\/68a9e9036ef3c5b55aeb2b71dc8bab45\"},\"breadcrumb\":{\"@id\":\"https:\\\/\\\/www.bbmnoticias.com\\\/labravaradiofm\\\/2022\\\/12\\\/30\\\/impulsa-gobierno-de-oaxaca-la-capacitacion-del-sector-turistico-para-mejorar-su-productividad-y-competitividad\\\/#breadcrumb\"},\"inLanguage\":\"es\",\"potentialAction\":[{\"@type\":\"ReadAction\",\"target\":[\"https:\\\/\\\/www.bbmnoticias.com\\\/labravaradiofm\\\/2022\\\/12\\\/30\\\/impulsa-gobierno-de-oaxaca-la-capacitacion-del-sector-turistico-para-mejorar-su-productividad-y-competitividad\\\/\"]}]},{\"@type\":\"ImageObject\",\"inLanguage\":\"es\",\"@id\":\"https:\\\/\\\/www.bbmnoticias.com\\\/labravaradiofm\\\/2022\\\/12\\\/30\\\/impulsa-gobierno-de-oaxaca-la-capacitacion-del-sector-turistico-para-mejorar-su-productividad-y-competitividad\\\/#primaryimage\",\"url\":\"https:\\\/\\\/www.bbmnoticias.com\\\/labravaradiofm\\\/wp-content\\\/uploads\\\/sites\\\/5\\\/2022\\\/12\\\/sectur-oaxaca.jpg\",\"contentUrl\":\"https:\\\/\\\/www.bbmnoticias.com\\\/labravaradiofm\\\/wp-content\\\/uploads\\\/sites\\\/5\\\/2022\\\/12\\\/sectur-oaxaca.jpg\",\"width\":1280,\"height\":756},{\"@type\":\"BreadcrumbList\",\"@id\":\"https:\\\/\\\/www.bbmnoticias.com\\\/labravaradiofm\\\/2022\\\/12\\\/30\\\/impulsa-gobierno-de-oaxaca-la-capacitacion-del-sector-turistico-para-mejorar-su-productividad-y-competitividad\\\/#breadcrumb\",\"itemListElement\":[{\"@type\":\"ListItem\",\"position\":1,\"name\":\"Inicio\",\"item\":\"https:\\\/\\\/www.bbmnoticias.com\\\/labravaradiofm\\\/\"},{\"@type\":\"ListItem\",\"position\":2,\"name\":\"Impulsa Gobierno de Oaxaca la capacitaci\u00f3n del sector tur\u00edstico para mejorar su productividad y competitividad\"}]},{\"@type\":\"WebSite\",\"@id\":\"https:\\\/\\\/www.bbmnoticias.com\\\/labravaradiofm\\\/#website\",\"url\":\"https:\\\/\\\/www.bbmnoticias.com\\\/labravaradiofm\\\/\",\"name\":\"LA BRAVA RADIO\",\"description\":\"Empresa productora de medios, Radiodifusi\u00f3n, Noticias, tendencias y todo lo que necesitas saber de la pol\u00edtica mexicana e internacional; entretenimiento, espect\u00e1culos, salud y mucho m\u00e1s.\",\"potentialAction\":[{\"@type\":\"SearchAction\",\"target\":{\"@type\":\"EntryPoint\",\"urlTemplate\":\"https:\\\/\\\/www.bbmnoticias.com\\\/labravaradiofm\\\/?s={search_term_string}\"},\"query-input\":{\"@type\":\"PropertyValueSpecification\",\"valueRequired\":true,\"valueName\":\"search_term_string\"}}],\"inLanguage\":\"es\"},{\"@type\":\"Person\",\"@id\":\"https:\\\/\\\/www.bbmnoticias.com\\\/labravaradiofm\\\/#\\\/schema\\\/person\\\/68a9e9036ef3c5b55aeb2b71dc8bab45\",\"name\":\"Staff\",\"image\":{\"@type\":\"ImageObject\",\"inLanguage\":\"es\",\"@id\":\"https:\\\/\\\/secure.gravatar.com\\\/avatar\\\/fdd21ad66fd8b98c407f9dee5b5e588cfe7f0d8579ec20fa6527cd59bab7f0f0?s=96&d=mm&r=g\",\"url\":\"https:\\\/\\\/secure.gravatar.com\\\/avatar\\\/fdd21ad66fd8b98c407f9dee5b5e588cfe7f0d8579ec20fa6527cd59bab7f0f0?s=96&d=mm&r=g\",\"contentUrl\":\"https:\\\/\\\/secure.gravatar.com\\\/avatar\\\/fdd21ad66fd8b98c407f9dee5b5e588cfe7f0d8579ec20fa6527cd59bab7f0f0?s=96&d=mm&r=g\",\"caption\":\"Staff\"},\"url\":\"https:\\\/\\\/www.bbmnoticias.com\\\/labravaradiofm\\\/author\\\/redaccion\\\/\"}]}<\/script>\n<!-- \/ Yoast SEO plugin. -->","yoast_head_json":{"title":"Impulsa Gobierno de Oaxaca la capacitaci\u00f3n del sector tur\u00edstico para mejorar su productividad y competitividad - LA BRAVA RADIO","robots":{"index":"index","follow":"follow","max-snippet":"max-snippet:-1","max-image-preview":"max-image-preview:large","max-video-preview":"max-video-preview:-1"},"canonical":"https:\/\/www.bbmnoticias.com\/labravaradiofm\/2022\/12\/30\/impulsa-gobierno-de-oaxaca-la-capacitacion-del-sector-turistico-para-mejorar-su-productividad-y-competitividad\/","og_locale":"es_MX","og_type":"article","og_title":"Impulsa Gobierno de Oaxaca la capacitaci\u00f3n del sector tur\u00edstico para mejorar su productividad y competitividad - LA BRAVA RADIO","og_description":"\u2022 Por conducto de un convenio signado entre la Sectur Oaxaca y el Icapet, brindar\u00e1 capacitaciones y certificaciones a prestadores de servicios tur\u00edsticos Oaxaca de Ju\u00e1rez, Oax. 30 de diciembre de 2022. Como parte de la estrategia de desarrollo econ\u00f3mico a trav\u00e9s del sector tur\u00edstico que impulsa el Gobierno de Oaxaca, la Secretar\u00eda de Turismo [&hellip;]","og_url":"https:\/\/www.bbmnoticias.com\/labravaradiofm\/2022\/12\/30\/impulsa-gobierno-de-oaxaca-la-capacitacion-del-sector-turistico-para-mejorar-su-productividad-y-competitividad\/","og_site_name":"LA BRAVA RADIO","article_published_time":"2022-12-31T01:16:01+00:00","article_modified_time":"2022-12-31T01:16:02+00:00","og_image":[{"width":1280,"height":756,"url":"https:\/\/www.bbmnoticias.com\/labravaradiofm\/wp-content\/uploads\/sites\/5\/2022\/12\/sectur-oaxaca.jpg","type":"image\/jpeg"}],"author":"Staff","twitter_card":"summary_large_image","twitter_misc":{"Escrito por":"Staff","Tiempo de lectura":"2 minutos"},"schema":{"@context":"https:\/\/schema.org","@graph":[{"@type":"Article","@id":"https:\/\/www.bbmnoticias.com\/labravaradiofm\/2022\/12\/30\/impulsa-gobierno-de-oaxaca-la-capacitacion-del-sector-turistico-para-mejorar-su-productividad-y-competitividad\/#article","isPartOf":{"@id":"https:\/\/www.bbmnoticias.com\/labravaradiofm\/2022\/12\/30\/impulsa-gobierno-de-oaxaca-la-capacitacion-del-sector-turistico-para-mejorar-su-productividad-y-competitividad\/"},"author":{"name":"Staff","@id":"https:\/\/www.bbmnoticias.com\/labravaradiofm\/#\/schema\/person\/68a9e9036ef3c5b55aeb2b71dc8bab45"},"headline":"Impulsa Gobierno de Oaxaca la capacitaci\u00f3n del sector tur\u00edstico para mejorar su productividad y competitividad","datePublished":"2022-12-31T01:16:01+00:00","dateModified":"2022-12-31T01:16:02+00:00","mainEntityOfPage":{"@id":"https:\/\/www.bbmnoticias.com\/labravaradiofm\/2022\/12\/30\/impulsa-gobierno-de-oaxaca-la-capacitacion-del-sector-turistico-para-mejorar-su-productividad-y-competitividad\/"},"wordCount":370,"image":{"@id":"https:\/\/www.bbmnoticias.com\/labravaradiofm\/2022\/12\/30\/impulsa-gobierno-de-oaxaca-la-capacitacion-del-sector-turistico-para-mejorar-su-productividad-y-competitividad\/#primaryimage"},"thumbnailUrl":"https:\/\/www.bbmnoticias.com\/labravaradiofm\/wp-content\/uploads\/sites\/5\/2022\/12\/sectur-oaxaca.jpg","articleSection":["LOCAL"],"inLanguage":"es"},{"@type":"WebPage","@id":"https:\/\/www.bbmnoticias.com\/labravaradiofm\/2022\/12\/30\/impulsa-gobierno-de-oaxaca-la-capacitacion-del-sector-turistico-para-mejorar-su-productividad-y-competitividad\/","url":"https:\/\/www.bbmnoticias.com\/labravaradiofm\/2022\/12\/30\/impulsa-gobierno-de-oaxaca-la-capacitacion-del-sector-turistico-para-mejorar-su-productividad-y-competitividad\/","name":"Impulsa Gobierno de Oaxaca la capacitaci\u00f3n del sector tur\u00edstico para mejorar su productividad y competitividad - LA BRAVA RADIO","isPartOf":{"@id":"https:\/\/www.bbmnoticias.com\/labravaradiofm\/#website"},"primaryImageOfPage":{"@id":"https:\/\/www.bbmnoticias.com\/labravaradiofm\/2022\/12\/30\/impulsa-gobierno-de-oaxaca-la-capacitacion-del-sector-turistico-para-mejorar-su-productividad-y-competitividad\/#primaryimage"},"image":{"@id":"https:\/\/www.bbmnoticias.com\/labravaradiofm\/2022\/12\/30\/impulsa-gobierno-de-oaxaca-la-capacitacion-del-sector-turistico-para-mejorar-su-productividad-y-competitividad\/#primaryimage"},"thumbnailUrl":"https:\/\/www.bbmnoticias.com\/labravaradiofm\/wp-content\/uploads\/sites\/5\/2022\/12\/sectur-oaxaca.jpg","datePublished":"2022-12-31T01:16:01+00:00","dateModified":"2022-12-31T01:16:02+00:00","author":{"@id":"https:\/\/www.bbmnoticias.com\/labravaradiofm\/#\/schema\/person\/68a9e9036ef3c5b55aeb2b71dc8bab45"},"breadcrumb":{"@id":"https:\/\/www.bbmnoticias.com\/labravaradiofm\/2022\/12\/30\/impulsa-gobierno-de-oaxaca-la-capacitacion-del-sector-turistico-para-mejorar-su-productividad-y-competitividad\/#breadcrumb"},"inLanguage":"es","potentialAction":[{"@type":"ReadAction","target":["https:\/\/www.bbmnoticias.com\/labravaradiofm\/2022\/12\/30\/impulsa-gobierno-de-oaxaca-la-capacitacion-del-sector-turistico-para-mejorar-su-productividad-y-competitividad\/"]}]},{"@type":"ImageObject","inLanguage":"es","@id":"https:\/\/www.bbmnoticias.com\/labravaradiofm\/2022\/12\/30\/impulsa-gobierno-de-oaxaca-la-capacitacion-del-sector-turistico-para-mejorar-su-productividad-y-competitividad\/#primaryimage","url":"https:\/\/www.bbmnoticias.com\/labravaradiofm\/wp-content\/uploads\/sites\/5\/2022\/12\/sectur-oaxaca.jpg","contentUrl":"https:\/\/www.bbmnoticias.com\/labravaradiofm\/wp-content\/uploads\/sites\/5\/2022\/12\/sectur-oaxaca.jpg","width":1280,"height":756},{"@type":"BreadcrumbList","@id":"https:\/\/www.bbmnoticias.com\/labravaradiofm\/2022\/12\/30\/impulsa-gobierno-de-oaxaca-la-capacitacion-del-sector-turistico-para-mejorar-su-productividad-y-competitividad\/#breadcrumb","itemListElement":[{"@type":"ListItem","position":1,"name":"Inicio","item":"https:\/\/www.bbmnoticias.com\/labravaradiofm\/"},{"@type":"ListItem","position":2,"name":"Impulsa Gobierno de Oaxaca la capacitaci\u00f3n del sector tur\u00edstico para mejorar su productividad y competitividad"}]},{"@type":"WebSite","@id":"https:\/\/www.bbmnoticias.com\/labravaradiofm\/#website","url":"https:\/\/www.bbmnoticias.com\/labravaradiofm\/","name":"LA BRAVA RADIO","description":"Empresa productora de medios, Radiodifusi\u00f3n, Noticias, tendencias y todo lo que necesitas saber de la pol\u00edtica mexicana e internacional; entretenimiento, espect\u00e1culos, salud y mucho m\u00e1s.","potentialAction":[{"@type":"SearchAction","target":{"@type":"EntryPoint","urlTemplate":"https:\/\/www.bbmnoticias.com\/labravaradiofm\/?s={search_term_string}"},"query-input":{"@type":"PropertyValueSpecification","valueRequired":true,"valueName":"search_term_string"}}],"inLanguage":"es"},{"@type":"Person","@id":"https:\/\/www.bbmnoticias.com\/labravaradiofm\/#\/schema\/person\/68a9e9036ef3c5b55aeb2b71dc8bab45","name":"Staff","image":{"@type":"ImageObject","inLanguage":"es","@id":"https:\/\/secure.gravatar.com\/avatar\/fdd21ad66fd8b98c407f9dee5b5e588cfe7f0d8579ec20fa6527cd59bab7f0f0?s=96&d=mm&r=g","url":"https:\/\/secure.gravatar.com\/avatar\/fdd21ad66fd8b98c407f9dee5b5e588cfe7f0d8579ec20fa6527cd59bab7f0f0?s=96&d=mm&r=g","contentUrl":"https:\/\/secure.gravatar.com\/avatar\/fdd21ad66fd8b98c407f9dee5b5e588cfe7f0d8579ec20fa6527cd59bab7f0f0?s=96&d=mm&r=g","caption":"Staff"},"url":"https:\/\/www.bbmnoticias.com\/labravaradiofm\/author\/redaccion\/"}]}},"_links":{"self":[{"href":"https:\/\/www.bbmnoticias.com\/labravaradiofm\/wp-json\/wp\/v2\/posts\/22098","targetHints":{"allow":["GET"]}}],"collection":[{"href":"https:\/\/www.bbmnoticias.com\/labravaradiofm\/wp-json\/wp\/v2\/posts"}],"about":[{"href":"https:\/\/www.bbmnoticias.com\/labravaradiofm\/wp-json\/wp\/v2\/types\/post"}],"author":[{"embeddable":true,"href":"https:\/\/www.bbmnoticias.com\/labravaradiofm\/wp-json\/wp\/v2\/users\/2"}],"replies":[{"embeddable":true,"href":"https:\/\/www.bbmnoticias.com\/labravaradiofm\/wp-json\/wp\/v2\/comments?post=22098"}],"version-history":[{"count":0,"href":"https:\/\/www.bbmnoticias.com\/labravaradiofm\/wp-json\/wp\/v2\/posts\/22098\/revisions"}],"wp:featuredmedia":[{"embeddable":true,"href":"https:\/\/www.bbmnoticias.com\/labravaradiofm\/wp-json\/wp\/v2\/media\/22099"}],"wp:attachment":[{"href":"https:\/\/www.bbmnoticias.com\/labravaradiofm\/wp-json\/wp\/v2\/media?parent=22098"}],"wp:term":[{"taxonomy":"category","embeddable":true,"href":"https:\/\/www.bbmnoticias.com\/labravaradiofm\/wp-json\/wp\/v2\/categories?post=22098"},{"taxonomy":"post_tag","embeddable":true,"href":"https:\/\/www.bbmnoticias.com\/labravaradiofm\/wp-json\/wp\/v2\/tags?post=22098"}],"curies":[{"name":"wp","href":"https:\/\/api.w.org\/{rel}","templated":true}]}}