{"id":22095,"date":"2022-12-30T19:15:19","date_gmt":"2022-12-31T01:15:19","guid":{"rendered":"https:\/\/www.bbmnoticias.com\/labravaradiofm\/?p=22095"},"modified":"2022-12-30T19:15:19","modified_gmt":"2022-12-31T01:15:19","slug":"inicia-juntos-transformemos-la-comunidad-programa-de-mejoramiento-urbano-impulsado-por-el-gobierno-del-estado","status":"publish","type":"post","link":"https:\/\/www.bbmnoticias.com\/labravaradiofm\/2022\/12\/30\/inicia-juntos-transformemos-la-comunidad-programa-de-mejoramiento-urbano-impulsado-por-el-gobierno-del-estado\/","title":{"rendered":"Inicia \u201cJuntos Transformemos la Comunidad\u201d, programa de mejoramiento urbano impulsado por el Gobierno del Estado"},"content":{"rendered":"<div style=\"margin-top: 0px; margin-bottom: 0px;\" class=\"sharethis-inline-share-buttons\" ><\/div>\n<ul class=\"wp-block-list\">\n<li><em>La Secretar\u00eda de Infraestructuras y Comunicaciones realiza trabajos de remozamiento en el marco de los primeros 100 d\u00edas de la administraci\u00f3n que encabeza el Salom\u00f3n Jara Cruz<\/em><\/li>\n<\/ul>\n\n\n\n<p><strong>Oaxaca de Ju\u00e1rez, Oax. 30 de diciembre de 2022.-<\/strong> El Gobierno del Estado de Oaxaca que encabeza Salom\u00f3n Jara Cruz, puso en marcha el programa \u201cJuntos Transformemos la Comunidad\u201d, con el cual se realizan trabajos de mejoramiento urbano.<\/p>\n\n\n\n<p>Este programa que realiza la Secretar\u00eda de Infraestructuras y Comunicaciones se desarrollar\u00e1 en las ocho regiones del estado, comenzando en los Valles Centrales en donde ya se desarrollan labores de bacheo, limpieza y reparaci\u00f3n de banquetas en el perif\u00e9rico de la Ciudad de Oaxaca, tramo comprendido entre Cinco Se\u00f1ores y S\u00edmbolos Patrios, as\u00ed lo inform\u00f3 el titular de la dependencia, Nezahualc\u00f3yotl Salvatierra L\u00f3pez.<\/p>\n\n\n\n<p>Salvatierra L\u00f3pez detall\u00f3 que estas labores se desarrollar\u00e1n a lo largo de 5 kil\u00f3metros, desde la Calzada Madero hasta el estadio de b\u00e9isbol \u201cEduardo Vasconcelos\u201d, y en las cuales, adem\u00e1s de trabajos de bacheo, se pintar\u00e1n las guarniciones y l\u00edneas peatonales; se colocar\u00e1n se\u00f1al\u00e9ticas, se har\u00e1 la limpieza de jardineras y camellones, se llevar\u00e1 a cabo la poda de \u00e1rboles, se reparar\u00e1n luminarias fundidas, as\u00ed como el mejoramiento de fachadas sucias y grafiteadas.<\/p>\n\n\n\n<p>Como parte de estas acciones que se efect\u00faan en el marco de los primeros 100 d\u00edas de la administraci\u00f3n del Gobernador Salom\u00f3n Jara Cruz, se invitar\u00e1 a la sociedad para que participe en labores sencillas como la limpieza y barrido de sus jardines. Tambi\u00e9n, se fomentar\u00e1 la conservaci\u00f3n y funcionalidad de la infraestructura urbana de la entidad, teniendo como prioridad el bienestar de la ciudadan\u00eda.<\/p>\n","protected":false},"excerpt":{"rendered":"<p>Oaxaca de Ju\u00e1rez, Oax. 30 de diciembre de 2022.- El Gobierno del Estado de Oaxaca que encabeza Salom\u00f3n Jara Cruz, puso en marcha el programa \u201cJuntos Transformemos la Comunidad\u201d, con el cual se realizan trabajos de mejoramiento urbano. Este programa que realiza la Secretar\u00eda de Infraestructuras y Comunicaciones se desarrollar\u00e1 en las ocho regiones del [&hellip;]<\/p>\n","protected":false},"author":2,"featured_media":22096,"comment_status":"closed","ping_status":"closed","sticky":false,"template":"","format":"standard","meta":{"footnotes":""},"categories":[2],"tags":[],"class_list":{"0":"post-22095","1":"post","2":"type-post","3":"status-publish","4":"format-standard","5":"has-post-thumbnail","7":"category-oaxaca"},"yoast_head":"<!-- This site is optimized with the Yoast SEO plugin v27.4 - https:\/\/yoast.com\/product\/yoast-seo-wordpress\/ -->\n<title>Inicia \u201cJuntos Transformemos la Comunidad\u201d, programa de mejoramiento urbano impulsado por el Gobierno del Estado - LA BRAVA RADIO<\/title>\n<meta name=\"robots\" content=\"index, follow, max-snippet:-1, max-image-preview:large, max-video-preview:-1\" \/>\n<link rel=\"canonical\" href=\"https:\/\/www.bbmnoticias.com\/labravaradiofm\/2022\/12\/30\/inicia-juntos-transformemos-la-comunidad-programa-de-mejoramiento-urbano-impulsado-por-el-gobierno-del-estado\/\" \/>\n<meta property=\"og:locale\" content=\"es_MX\" \/>\n<meta property=\"og:type\" content=\"article\" \/>\n<meta property=\"og:title\" content=\"Inicia \u201cJuntos Transformemos la Comunidad\u201d, programa de mejoramiento urbano impulsado por el Gobierno del Estado - LA BRAVA RADIO\" \/>\n<meta property=\"og:description\" content=\"Oaxaca de Ju\u00e1rez, Oax. 30 de diciembre de 2022.- El Gobierno del Estado de Oaxaca que encabeza Salom\u00f3n Jara Cruz, puso en marcha el programa \u201cJuntos Transformemos la Comunidad\u201d, con el cual se realizan trabajos de mejoramiento urbano. Este programa que realiza la Secretar\u00eda de Infraestructuras y Comunicaciones se desarrollar\u00e1 en las ocho regiones del [&hellip;]\" \/>\n<meta property=\"og:url\" content=\"https:\/\/www.bbmnoticias.com\/labravaradiofm\/2022\/12\/30\/inicia-juntos-transformemos-la-comunidad-programa-de-mejoramiento-urbano-impulsado-por-el-gobierno-del-estado\/\" \/>\n<meta property=\"og:site_name\" content=\"LA BRAVA RADIO\" \/>\n<meta property=\"article:published_time\" content=\"2022-12-31T01:15:19+00:00\" \/>\n<meta property=\"og:image\" content=\"https:\/\/www.bbmnoticias.com\/labravaradiofm\/wp-content\/uploads\/sites\/5\/2022\/12\/mejoramiento-urbano.jpg\" \/>\n\t<meta property=\"og:image:width\" content=\"1500\" \/>\n\t<meta property=\"og:image:height\" content=\"1000\" \/>\n\t<meta property=\"og:image:type\" content=\"image\/jpeg\" \/>\n<meta name=\"author\" content=\"Staff\" \/>\n<meta name=\"twitter:card\" content=\"summary_large_image\" \/>\n<meta name=\"twitter:label1\" content=\"Escrito por\" \/>\n\t<meta name=\"twitter:data1\" content=\"Staff\" \/>\n\t<meta name=\"twitter:label2\" content=\"Tiempo de lectura\" \/>\n\t<meta name=\"twitter:data2\" content=\"1 minuto\" \/>\n<script type=\"application\/ld+json\" class=\"yoast-schema-graph\">{\"@context\":\"https:\\\/\\\/schema.org\",\"@graph\":[{\"@type\":\"Article\",\"@id\":\"https:\\\/\\\/www.bbmnoticias.com\\\/labravaradiofm\\\/2022\\\/12\\\/30\\\/inicia-juntos-transformemos-la-comunidad-programa-de-mejoramiento-urbano-impulsado-por-el-gobierno-del-estado\\\/#article\",\"isPartOf\":{\"@id\":\"https:\\\/\\\/www.bbmnoticias.com\\\/labravaradiofm\\\/2022\\\/12\\\/30\\\/inicia-juntos-transformemos-la-comunidad-programa-de-mejoramiento-urbano-impulsado-por-el-gobierno-del-estado\\\/\"},\"author\":{\"name\":\"Staff\",\"@id\":\"https:\\\/\\\/www.bbmnoticias.com\\\/labravaradiofm\\\/#\\\/schema\\\/person\\\/68a9e9036ef3c5b55aeb2b71dc8bab45\"},\"headline\":\"Inicia \u201cJuntos Transformemos la Comunidad\u201d, programa de mejoramiento urbano impulsado por el Gobierno del Estado\",\"datePublished\":\"2022-12-31T01:15:19+00:00\",\"mainEntityOfPage\":{\"@id\":\"https:\\\/\\\/www.bbmnoticias.com\\\/labravaradiofm\\\/2022\\\/12\\\/30\\\/inicia-juntos-transformemos-la-comunidad-programa-de-mejoramiento-urbano-impulsado-por-el-gobierno-del-estado\\\/\"},\"wordCount\":308,\"image\":{\"@id\":\"https:\\\/\\\/www.bbmnoticias.com\\\/labravaradiofm\\\/2022\\\/12\\\/30\\\/inicia-juntos-transformemos-la-comunidad-programa-de-mejoramiento-urbano-impulsado-por-el-gobierno-del-estado\\\/#primaryimage\"},\"thumbnailUrl\":\"https:\\\/\\\/www.bbmnoticias.com\\\/labravaradiofm\\\/wp-content\\\/uploads\\\/sites\\\/5\\\/2022\\\/12\\\/mejoramiento-urbano.jpg\",\"articleSection\":[\"LOCAL\"],\"inLanguage\":\"es\"},{\"@type\":\"WebPage\",\"@id\":\"https:\\\/\\\/www.bbmnoticias.com\\\/labravaradiofm\\\/2022\\\/12\\\/30\\\/inicia-juntos-transformemos-la-comunidad-programa-de-mejoramiento-urbano-impulsado-por-el-gobierno-del-estado\\\/\",\"url\":\"https:\\\/\\\/www.bbmnoticias.com\\\/labravaradiofm\\\/2022\\\/12\\\/30\\\/inicia-juntos-transformemos-la-comunidad-programa-de-mejoramiento-urbano-impulsado-por-el-gobierno-del-estado\\\/\",\"name\":\"Inicia \u201cJuntos Transformemos la Comunidad\u201d, programa de mejoramiento urbano impulsado por el Gobierno del Estado - LA BRAVA RADIO\",\"isPartOf\":{\"@id\":\"https:\\\/\\\/www.bbmnoticias.com\\\/labravaradiofm\\\/#website\"},\"primaryImageOfPage\":{\"@id\":\"https:\\\/\\\/www.bbmnoticias.com\\\/labravaradiofm\\\/2022\\\/12\\\/30\\\/inicia-juntos-transformemos-la-comunidad-programa-de-mejoramiento-urbano-impulsado-por-el-gobierno-del-estado\\\/#primaryimage\"},\"image\":{\"@id\":\"https:\\\/\\\/www.bbmnoticias.com\\\/labravaradiofm\\\/2022\\\/12\\\/30\\\/inicia-juntos-transformemos-la-comunidad-programa-de-mejoramiento-urbano-impulsado-por-el-gobierno-del-estado\\\/#primaryimage\"},\"thumbnailUrl\":\"https:\\\/\\\/www.bbmnoticias.com\\\/labravaradiofm\\\/wp-content\\\/uploads\\\/sites\\\/5\\\/2022\\\/12\\\/mejoramiento-urbano.jpg\",\"datePublished\":\"2022-12-31T01:15:19+00:00\",\"author\":{\"@id\":\"https:\\\/\\\/www.bbmnoticias.com\\\/labravaradiofm\\\/#\\\/schema\\\/person\\\/68a9e9036ef3c5b55aeb2b71dc8bab45\"},\"breadcrumb\":{\"@id\":\"https:\\\/\\\/www.bbmnoticias.com\\\/labravaradiofm\\\/2022\\\/12\\\/30\\\/inicia-juntos-transformemos-la-comunidad-programa-de-mejoramiento-urbano-impulsado-por-el-gobierno-del-estado\\\/#breadcrumb\"},\"inLanguage\":\"es\",\"potentialAction\":[{\"@type\":\"ReadAction\",\"target\":[\"https:\\\/\\\/www.bbmnoticias.com\\\/labravaradiofm\\\/2022\\\/12\\\/30\\\/inicia-juntos-transformemos-la-comunidad-programa-de-mejoramiento-urbano-impulsado-por-el-gobierno-del-estado\\\/\"]}]},{\"@type\":\"ImageObject\",\"inLanguage\":\"es\",\"@id\":\"https:\\\/\\\/www.bbmnoticias.com\\\/labravaradiofm\\\/2022\\\/12\\\/30\\\/inicia-juntos-transformemos-la-comunidad-programa-de-mejoramiento-urbano-impulsado-por-el-gobierno-del-estado\\\/#primaryimage\",\"url\":\"https:\\\/\\\/www.bbmnoticias.com\\\/labravaradiofm\\\/wp-content\\\/uploads\\\/sites\\\/5\\\/2022\\\/12\\\/mejoramiento-urbano.jpg\",\"contentUrl\":\"https:\\\/\\\/www.bbmnoticias.com\\\/labravaradiofm\\\/wp-content\\\/uploads\\\/sites\\\/5\\\/2022\\\/12\\\/mejoramiento-urbano.jpg\",\"width\":1500,\"height\":1000},{\"@type\":\"BreadcrumbList\",\"@id\":\"https:\\\/\\\/www.bbmnoticias.com\\\/labravaradiofm\\\/2022\\\/12\\\/30\\\/inicia-juntos-transformemos-la-comunidad-programa-de-mejoramiento-urbano-impulsado-por-el-gobierno-del-estado\\\/#breadcrumb\",\"itemListElement\":[{\"@type\":\"ListItem\",\"position\":1,\"name\":\"Inicio\",\"item\":\"https:\\\/\\\/www.bbmnoticias.com\\\/labravaradiofm\\\/\"},{\"@type\":\"ListItem\",\"position\":2,\"name\":\"Inicia \u201cJuntos Transformemos la Comunidad\u201d, programa de mejoramiento urbano impulsado por el Gobierno del Estado\"}]},{\"@type\":\"WebSite\",\"@id\":\"https:\\\/\\\/www.bbmnoticias.com\\\/labravaradiofm\\\/#website\",\"url\":\"https:\\\/\\\/www.bbmnoticias.com\\\/labravaradiofm\\\/\",\"name\":\"LA BRAVA RADIO\",\"description\":\"Empresa productora de medios, Radiodifusi\u00f3n, Noticias, tendencias y todo lo que necesitas saber de la pol\u00edtica mexicana e internacional; entretenimiento, espect\u00e1culos, salud y mucho m\u00e1s.\",\"potentialAction\":[{\"@type\":\"SearchAction\",\"target\":{\"@type\":\"EntryPoint\",\"urlTemplate\":\"https:\\\/\\\/www.bbmnoticias.com\\\/labravaradiofm\\\/?s={search_term_string}\"},\"query-input\":{\"@type\":\"PropertyValueSpecification\",\"valueRequired\":true,\"valueName\":\"search_term_string\"}}],\"inLanguage\":\"es\"},{\"@type\":\"Person\",\"@id\":\"https:\\\/\\\/www.bbmnoticias.com\\\/labravaradiofm\\\/#\\\/schema\\\/person\\\/68a9e9036ef3c5b55aeb2b71dc8bab45\",\"name\":\"Staff\",\"image\":{\"@type\":\"ImageObject\",\"inLanguage\":\"es\",\"@id\":\"https:\\\/\\\/secure.gravatar.com\\\/avatar\\\/fdd21ad66fd8b98c407f9dee5b5e588cfe7f0d8579ec20fa6527cd59bab7f0f0?s=96&d=mm&r=g\",\"url\":\"https:\\\/\\\/secure.gravatar.com\\\/avatar\\\/fdd21ad66fd8b98c407f9dee5b5e588cfe7f0d8579ec20fa6527cd59bab7f0f0?s=96&d=mm&r=g\",\"contentUrl\":\"https:\\\/\\\/secure.gravatar.com\\\/avatar\\\/fdd21ad66fd8b98c407f9dee5b5e588cfe7f0d8579ec20fa6527cd59bab7f0f0?s=96&d=mm&r=g\",\"caption\":\"Staff\"},\"url\":\"https:\\\/\\\/www.bbmnoticias.com\\\/labravaradiofm\\\/author\\\/redaccion\\\/\"}]}<\/script>\n<!-- \/ Yoast SEO plugin. -->","yoast_head_json":{"title":"Inicia \u201cJuntos Transformemos la Comunidad\u201d, programa de mejoramiento urbano impulsado por el Gobierno del Estado - LA BRAVA RADIO","robots":{"index":"index","follow":"follow","max-snippet":"max-snippet:-1","max-image-preview":"max-image-preview:large","max-video-preview":"max-video-preview:-1"},"canonical":"https:\/\/www.bbmnoticias.com\/labravaradiofm\/2022\/12\/30\/inicia-juntos-transformemos-la-comunidad-programa-de-mejoramiento-urbano-impulsado-por-el-gobierno-del-estado\/","og_locale":"es_MX","og_type":"article","og_title":"Inicia \u201cJuntos Transformemos la Comunidad\u201d, programa de mejoramiento urbano impulsado por el Gobierno del Estado - LA BRAVA RADIO","og_description":"Oaxaca de Ju\u00e1rez, Oax. 30 de diciembre de 2022.- El Gobierno del Estado de Oaxaca que encabeza Salom\u00f3n Jara Cruz, puso en marcha el programa \u201cJuntos Transformemos la Comunidad\u201d, con el cual se realizan trabajos de mejoramiento urbano. Este programa que realiza la Secretar\u00eda de Infraestructuras y Comunicaciones se desarrollar\u00e1 en las ocho regiones del [&hellip;]","og_url":"https:\/\/www.bbmnoticias.com\/labravaradiofm\/2022\/12\/30\/inicia-juntos-transformemos-la-comunidad-programa-de-mejoramiento-urbano-impulsado-por-el-gobierno-del-estado\/","og_site_name":"LA BRAVA RADIO","article_published_time":"2022-12-31T01:15:19+00:00","og_image":[{"width":1500,"height":1000,"url":"https:\/\/www.bbmnoticias.com\/labravaradiofm\/wp-content\/uploads\/sites\/5\/2022\/12\/mejoramiento-urbano.jpg","type":"image\/jpeg"}],"author":"Staff","twitter_card":"summary_large_image","twitter_misc":{"Escrito por":"Staff","Tiempo de lectura":"1 minuto"},"schema":{"@context":"https:\/\/schema.org","@graph":[{"@type":"Article","@id":"https:\/\/www.bbmnoticias.com\/labravaradiofm\/2022\/12\/30\/inicia-juntos-transformemos-la-comunidad-programa-de-mejoramiento-urbano-impulsado-por-el-gobierno-del-estado\/#article","isPartOf":{"@id":"https:\/\/www.bbmnoticias.com\/labravaradiofm\/2022\/12\/30\/inicia-juntos-transformemos-la-comunidad-programa-de-mejoramiento-urbano-impulsado-por-el-gobierno-del-estado\/"},"author":{"name":"Staff","@id":"https:\/\/www.bbmnoticias.com\/labravaradiofm\/#\/schema\/person\/68a9e9036ef3c5b55aeb2b71dc8bab45"},"headline":"Inicia \u201cJuntos Transformemos la Comunidad\u201d, programa de mejoramiento urbano impulsado por el Gobierno del Estado","datePublished":"2022-12-31T01:15:19+00:00","mainEntityOfPage":{"@id":"https:\/\/www.bbmnoticias.com\/labravaradiofm\/2022\/12\/30\/inicia-juntos-transformemos-la-comunidad-programa-de-mejoramiento-urbano-impulsado-por-el-gobierno-del-estado\/"},"wordCount":308,"image":{"@id":"https:\/\/www.bbmnoticias.com\/labravaradiofm\/2022\/12\/30\/inicia-juntos-transformemos-la-comunidad-programa-de-mejoramiento-urbano-impulsado-por-el-gobierno-del-estado\/#primaryimage"},"thumbnailUrl":"https:\/\/www.bbmnoticias.com\/labravaradiofm\/wp-content\/uploads\/sites\/5\/2022\/12\/mejoramiento-urbano.jpg","articleSection":["LOCAL"],"inLanguage":"es"},{"@type":"WebPage","@id":"https:\/\/www.bbmnoticias.com\/labravaradiofm\/2022\/12\/30\/inicia-juntos-transformemos-la-comunidad-programa-de-mejoramiento-urbano-impulsado-por-el-gobierno-del-estado\/","url":"https:\/\/www.bbmnoticias.com\/labravaradiofm\/2022\/12\/30\/inicia-juntos-transformemos-la-comunidad-programa-de-mejoramiento-urbano-impulsado-por-el-gobierno-del-estado\/","name":"Inicia \u201cJuntos Transformemos la Comunidad\u201d, programa de mejoramiento urbano impulsado por el Gobierno del Estado - LA BRAVA RADIO","isPartOf":{"@id":"https:\/\/www.bbmnoticias.com\/labravaradiofm\/#website"},"primaryImageOfPage":{"@id":"https:\/\/www.bbmnoticias.com\/labravaradiofm\/2022\/12\/30\/inicia-juntos-transformemos-la-comunidad-programa-de-mejoramiento-urbano-impulsado-por-el-gobierno-del-estado\/#primaryimage"},"image":{"@id":"https:\/\/www.bbmnoticias.com\/labravaradiofm\/2022\/12\/30\/inicia-juntos-transformemos-la-comunidad-programa-de-mejoramiento-urbano-impulsado-por-el-gobierno-del-estado\/#primaryimage"},"thumbnailUrl":"https:\/\/www.bbmnoticias.com\/labravaradiofm\/wp-content\/uploads\/sites\/5\/2022\/12\/mejoramiento-urbano.jpg","datePublished":"2022-12-31T01:15:19+00:00","author":{"@id":"https:\/\/www.bbmnoticias.com\/labravaradiofm\/#\/schema\/person\/68a9e9036ef3c5b55aeb2b71dc8bab45"},"breadcrumb":{"@id":"https:\/\/www.bbmnoticias.com\/labravaradiofm\/2022\/12\/30\/inicia-juntos-transformemos-la-comunidad-programa-de-mejoramiento-urbano-impulsado-por-el-gobierno-del-estado\/#breadcrumb"},"inLanguage":"es","potentialAction":[{"@type":"ReadAction","target":["https:\/\/www.bbmnoticias.com\/labravaradiofm\/2022\/12\/30\/inicia-juntos-transformemos-la-comunidad-programa-de-mejoramiento-urbano-impulsado-por-el-gobierno-del-estado\/"]}]},{"@type":"ImageObject","inLanguage":"es","@id":"https:\/\/www.bbmnoticias.com\/labravaradiofm\/2022\/12\/30\/inicia-juntos-transformemos-la-comunidad-programa-de-mejoramiento-urbano-impulsado-por-el-gobierno-del-estado\/#primaryimage","url":"https:\/\/www.bbmnoticias.com\/labravaradiofm\/wp-content\/uploads\/sites\/5\/2022\/12\/mejoramiento-urbano.jpg","contentUrl":"https:\/\/www.bbmnoticias.com\/labravaradiofm\/wp-content\/uploads\/sites\/5\/2022\/12\/mejoramiento-urbano.jpg","width":1500,"height":1000},{"@type":"BreadcrumbList","@id":"https:\/\/www.bbmnoticias.com\/labravaradiofm\/2022\/12\/30\/inicia-juntos-transformemos-la-comunidad-programa-de-mejoramiento-urbano-impulsado-por-el-gobierno-del-estado\/#breadcrumb","itemListElement":[{"@type":"ListItem","position":1,"name":"Inicio","item":"https:\/\/www.bbmnoticias.com\/labravaradiofm\/"},{"@type":"ListItem","position":2,"name":"Inicia \u201cJuntos Transformemos la Comunidad\u201d, programa de mejoramiento urbano impulsado por el Gobierno del Estado"}]},{"@type":"WebSite","@id":"https:\/\/www.bbmnoticias.com\/labravaradiofm\/#website","url":"https:\/\/www.bbmnoticias.com\/labravaradiofm\/","name":"LA BRAVA RADIO","description":"Empresa productora de medios, Radiodifusi\u00f3n, Noticias, tendencias y todo lo que necesitas saber de la pol\u00edtica mexicana e internacional; entretenimiento, espect\u00e1culos, salud y mucho m\u00e1s.","potentialAction":[{"@type":"SearchAction","target":{"@type":"EntryPoint","urlTemplate":"https:\/\/www.bbmnoticias.com\/labravaradiofm\/?s={search_term_string}"},"query-input":{"@type":"PropertyValueSpecification","valueRequired":true,"valueName":"search_term_string"}}],"inLanguage":"es"},{"@type":"Person","@id":"https:\/\/www.bbmnoticias.com\/labravaradiofm\/#\/schema\/person\/68a9e9036ef3c5b55aeb2b71dc8bab45","name":"Staff","image":{"@type":"ImageObject","inLanguage":"es","@id":"https:\/\/secure.gravatar.com\/avatar\/fdd21ad66fd8b98c407f9dee5b5e588cfe7f0d8579ec20fa6527cd59bab7f0f0?s=96&d=mm&r=g","url":"https:\/\/secure.gravatar.com\/avatar\/fdd21ad66fd8b98c407f9dee5b5e588cfe7f0d8579ec20fa6527cd59bab7f0f0?s=96&d=mm&r=g","contentUrl":"https:\/\/secure.gravatar.com\/avatar\/fdd21ad66fd8b98c407f9dee5b5e588cfe7f0d8579ec20fa6527cd59bab7f0f0?s=96&d=mm&r=g","caption":"Staff"},"url":"https:\/\/www.bbmnoticias.com\/labravaradiofm\/author\/redaccion\/"}]}},"_links":{"self":[{"href":"https:\/\/www.bbmnoticias.com\/labravaradiofm\/wp-json\/wp\/v2\/posts\/22095","targetHints":{"allow":["GET"]}}],"collection":[{"href":"https:\/\/www.bbmnoticias.com\/labravaradiofm\/wp-json\/wp\/v2\/posts"}],"about":[{"href":"https:\/\/www.bbmnoticias.com\/labravaradiofm\/wp-json\/wp\/v2\/types\/post"}],"author":[{"embeddable":true,"href":"https:\/\/www.bbmnoticias.com\/labravaradiofm\/wp-json\/wp\/v2\/users\/2"}],"replies":[{"embeddable":true,"href":"https:\/\/www.bbmnoticias.com\/labravaradiofm\/wp-json\/wp\/v2\/comments?post=22095"}],"version-history":[{"count":0,"href":"https:\/\/www.bbmnoticias.com\/labravaradiofm\/wp-json\/wp\/v2\/posts\/22095\/revisions"}],"wp:featuredmedia":[{"embeddable":true,"href":"https:\/\/www.bbmnoticias.com\/labravaradiofm\/wp-json\/wp\/v2\/media\/22096"}],"wp:attachment":[{"href":"https:\/\/www.bbmnoticias.com\/labravaradiofm\/wp-json\/wp\/v2\/media?parent=22095"}],"wp:term":[{"taxonomy":"category","embeddable":true,"href":"https:\/\/www.bbmnoticias.com\/labravaradiofm\/wp-json\/wp\/v2\/categories?post=22095"},{"taxonomy":"post_tag","embeddable":true,"href":"https:\/\/www.bbmnoticias.com\/labravaradiofm\/wp-json\/wp\/v2\/tags?post=22095"}],"curies":[{"name":"wp","href":"https:\/\/api.w.org\/{rel}","templated":true}]}}