{"id":22093,"date":"2022-12-30T19:06:22","date_gmt":"2022-12-31T01:06:22","guid":{"rendered":"https:\/\/www.bbmnoticias.com\/labravaradiofm\/?p=22093"},"modified":"2022-12-30T19:06:23","modified_gmt":"2022-12-31T01:06:23","slug":"oaxaca-reporta-532-casos-nuevos-confirmados-de-covid-19","status":"publish","type":"post","link":"https:\/\/www.bbmnoticias.com\/labravaradiofm\/2022\/12\/30\/oaxaca-reporta-532-casos-nuevos-confirmados-de-covid-19\/","title":{"rendered":"Oaxaca reporta 532 casos nuevos confirmados de COVID-19\u00a0"},"content":{"rendered":"<div style=\"margin-top: 0px; margin-bottom: 0px;\" class=\"sharethis-inline-share-buttons\" ><\/div>\n<ul class=\"wp-block-list\">\n<li><em>A la misma fecha, se registraron cinco defunciones por esta patolog\u00eda<\/em><\/li>\n<\/ul>\n\n\n\n<ul class=\"wp-block-list\">\n<li><em>Recomiendan SSO a la poblaci\u00f3n a priorizar el uso de cubrebocas en espacios cerrados<\/em><\/li>\n<\/ul>\n\n\n\n<p>Oaxaca de Ju\u00e1rez, Oax., 30 de diciembre de 2022.-Los Servicios de Salud de Oaxaca (SSO) informaron que, durante el per\u00edodo comprendido del 23 al 29 de diciembre, la entidad registr\u00f3 un acumulado de 151 mil 354 casos confirmados del virus SARS-CoV-2, de los cuales 532 se contabilizaron en los \u00faltimos siete d\u00edas.<\/p>\n\n\n\n<p>De acuerdo al nivel nacional, Oaxaca se ubica en el lugar n\u00famero 25, seg\u00fan la tasa de casos activos y por debajo de la media nacional, detall\u00f3 la dependencia.<\/p>\n\n\n\n<p>Ante este panorama, los SSO hacen un llamado a la poblaci\u00f3n a reforzar las medidas de prevenci\u00f3n con el uso del cubrebocas, especialmente en espacios cerrados; lavado de manos con agua y jab\u00f3n de manera constante; priorizar los lugares con ventilaci\u00f3n, practicar la etiqueta respiratoria al toser o estornudar.<\/p>\n\n\n\n<p>Del global de defunciones por COVID-19 desde el inicio de la pandemia a la fecha, de seis mil 363, en el \u00faltimo corte se notificaron cinco decesos a causa de esta patolog\u00eda respiratoria. Cabe destacar que, de los cinco fallecimientos, cuatro de los pacientes presentaban comorbilidades como: diabetes, obesidad, asma y enfermedad renal cr\u00f3nica.<\/p>\n\n\n\n<p>Por Jurisdicci\u00f3n Sanitaria, Valles Centrales contabiliza 366 casos activos, Istmo 216, Costa 87, Tuxtepec 47, Mixteca 12 y Sierra siete; para un total de 735 casos activos, distribuidos en 80 municipios de la entidad.<\/p>\n","protected":false},"excerpt":{"rendered":"<p>Oaxaca de Ju\u00e1rez, Oax., 30 de diciembre de 2022.-Los Servicios de Salud de Oaxaca (SSO) informaron que, durante el per\u00edodo comprendido del 23 al 29 de diciembre, la entidad registr\u00f3 un acumulado de 151 mil 354 casos confirmados del virus SARS-CoV-2, de los cuales 532 se contabilizaron en los \u00faltimos siete d\u00edas. De acuerdo al [&hellip;]<\/p>\n","protected":false},"author":2,"featured_media":15515,"comment_status":"closed","ping_status":"closed","sticky":false,"template":"","format":"standard","meta":{"footnotes":""},"categories":[2],"tags":[],"class_list":{"0":"post-22093","1":"post","2":"type-post","3":"status-publish","4":"format-standard","5":"has-post-thumbnail","7":"category-oaxaca"},"yoast_head":"<!-- This site is optimized with the Yoast SEO plugin v27.4 - https:\/\/yoast.com\/product\/yoast-seo-wordpress\/ -->\n<title>Oaxaca reporta 532 casos nuevos confirmados de COVID-19\u00a0 - LA BRAVA RADIO<\/title>\n<meta name=\"robots\" content=\"index, follow, max-snippet:-1, max-image-preview:large, max-video-preview:-1\" \/>\n<link rel=\"canonical\" href=\"https:\/\/www.bbmnoticias.com\/labravaradiofm\/2022\/12\/30\/oaxaca-reporta-532-casos-nuevos-confirmados-de-covid-19\/\" \/>\n<meta property=\"og:locale\" content=\"es_MX\" \/>\n<meta property=\"og:type\" content=\"article\" \/>\n<meta property=\"og:title\" content=\"Oaxaca reporta 532 casos nuevos confirmados de COVID-19\u00a0 - LA BRAVA RADIO\" \/>\n<meta property=\"og:description\" content=\"Oaxaca de Ju\u00e1rez, Oax., 30 de diciembre de 2022.-Los Servicios de Salud de Oaxaca (SSO) informaron que, durante el per\u00edodo comprendido del 23 al 29 de diciembre, la entidad registr\u00f3 un acumulado de 151 mil 354 casos confirmados del virus SARS-CoV-2, de los cuales 532 se contabilizaron en los \u00faltimos siete d\u00edas. De acuerdo al [&hellip;]\" \/>\n<meta property=\"og:url\" content=\"https:\/\/www.bbmnoticias.com\/labravaradiofm\/2022\/12\/30\/oaxaca-reporta-532-casos-nuevos-confirmados-de-covid-19\/\" \/>\n<meta property=\"og:site_name\" content=\"LA BRAVA RADIO\" \/>\n<meta property=\"article:published_time\" content=\"2022-12-31T01:06:22+00:00\" \/>\n<meta property=\"article:modified_time\" content=\"2022-12-31T01:06:23+00:00\" \/>\n<meta property=\"og:image\" content=\"https:\/\/www.bbmnoticias.com\/labravaradiofm\/wp-content\/uploads\/sites\/5\/2022\/07\/nacional-covid.png\" \/>\n\t<meta property=\"og:image:width\" content=\"768\" \/>\n\t<meta property=\"og:image:height\" content=\"512\" \/>\n\t<meta property=\"og:image:type\" content=\"image\/png\" \/>\n<meta name=\"author\" content=\"Staff\" \/>\n<meta name=\"twitter:card\" content=\"summary_large_image\" \/>\n<meta name=\"twitter:label1\" content=\"Escrito por\" \/>\n\t<meta name=\"twitter:data1\" content=\"Staff\" \/>\n\t<meta name=\"twitter:label2\" content=\"Tiempo de lectura\" \/>\n\t<meta name=\"twitter:data2\" content=\"1 minuto\" \/>\n<script type=\"application\/ld+json\" class=\"yoast-schema-graph\">{\"@context\":\"https:\\\/\\\/schema.org\",\"@graph\":[{\"@type\":\"Article\",\"@id\":\"https:\\\/\\\/www.bbmnoticias.com\\\/labravaradiofm\\\/2022\\\/12\\\/30\\\/oaxaca-reporta-532-casos-nuevos-confirmados-de-covid-19\\\/#article\",\"isPartOf\":{\"@id\":\"https:\\\/\\\/www.bbmnoticias.com\\\/labravaradiofm\\\/2022\\\/12\\\/30\\\/oaxaca-reporta-532-casos-nuevos-confirmados-de-covid-19\\\/\"},\"author\":{\"name\":\"Staff\",\"@id\":\"https:\\\/\\\/www.bbmnoticias.com\\\/labravaradiofm\\\/#\\\/schema\\\/person\\\/68a9e9036ef3c5b55aeb2b71dc8bab45\"},\"headline\":\"Oaxaca reporta 532 casos nuevos confirmados de COVID-19\u00a0\",\"datePublished\":\"2022-12-31T01:06:22+00:00\",\"dateModified\":\"2022-12-31T01:06:23+00:00\",\"mainEntityOfPage\":{\"@id\":\"https:\\\/\\\/www.bbmnoticias.com\\\/labravaradiofm\\\/2022\\\/12\\\/30\\\/oaxaca-reporta-532-casos-nuevos-confirmados-de-covid-19\\\/\"},\"wordCount\":249,\"image\":{\"@id\":\"https:\\\/\\\/www.bbmnoticias.com\\\/labravaradiofm\\\/2022\\\/12\\\/30\\\/oaxaca-reporta-532-casos-nuevos-confirmados-de-covid-19\\\/#primaryimage\"},\"thumbnailUrl\":\"https:\\\/\\\/www.bbmnoticias.com\\\/labravaradiofm\\\/wp-content\\\/uploads\\\/sites\\\/5\\\/2022\\\/07\\\/nacional-covid.png\",\"articleSection\":[\"LOCAL\"],\"inLanguage\":\"es\"},{\"@type\":\"WebPage\",\"@id\":\"https:\\\/\\\/www.bbmnoticias.com\\\/labravaradiofm\\\/2022\\\/12\\\/30\\\/oaxaca-reporta-532-casos-nuevos-confirmados-de-covid-19\\\/\",\"url\":\"https:\\\/\\\/www.bbmnoticias.com\\\/labravaradiofm\\\/2022\\\/12\\\/30\\\/oaxaca-reporta-532-casos-nuevos-confirmados-de-covid-19\\\/\",\"name\":\"Oaxaca reporta 532 casos nuevos confirmados de COVID-19\u00a0 - LA BRAVA RADIO\",\"isPartOf\":{\"@id\":\"https:\\\/\\\/www.bbmnoticias.com\\\/labravaradiofm\\\/#website\"},\"primaryImageOfPage\":{\"@id\":\"https:\\\/\\\/www.bbmnoticias.com\\\/labravaradiofm\\\/2022\\\/12\\\/30\\\/oaxaca-reporta-532-casos-nuevos-confirmados-de-covid-19\\\/#primaryimage\"},\"image\":{\"@id\":\"https:\\\/\\\/www.bbmnoticias.com\\\/labravaradiofm\\\/2022\\\/12\\\/30\\\/oaxaca-reporta-532-casos-nuevos-confirmados-de-covid-19\\\/#primaryimage\"},\"thumbnailUrl\":\"https:\\\/\\\/www.bbmnoticias.com\\\/labravaradiofm\\\/wp-content\\\/uploads\\\/sites\\\/5\\\/2022\\\/07\\\/nacional-covid.png\",\"datePublished\":\"2022-12-31T01:06:22+00:00\",\"dateModified\":\"2022-12-31T01:06:23+00:00\",\"author\":{\"@id\":\"https:\\\/\\\/www.bbmnoticias.com\\\/labravaradiofm\\\/#\\\/schema\\\/person\\\/68a9e9036ef3c5b55aeb2b71dc8bab45\"},\"breadcrumb\":{\"@id\":\"https:\\\/\\\/www.bbmnoticias.com\\\/labravaradiofm\\\/2022\\\/12\\\/30\\\/oaxaca-reporta-532-casos-nuevos-confirmados-de-covid-19\\\/#breadcrumb\"},\"inLanguage\":\"es\",\"potentialAction\":[{\"@type\":\"ReadAction\",\"target\":[\"https:\\\/\\\/www.bbmnoticias.com\\\/labravaradiofm\\\/2022\\\/12\\\/30\\\/oaxaca-reporta-532-casos-nuevos-confirmados-de-covid-19\\\/\"]}]},{\"@type\":\"ImageObject\",\"inLanguage\":\"es\",\"@id\":\"https:\\\/\\\/www.bbmnoticias.com\\\/labravaradiofm\\\/2022\\\/12\\\/30\\\/oaxaca-reporta-532-casos-nuevos-confirmados-de-covid-19\\\/#primaryimage\",\"url\":\"https:\\\/\\\/www.bbmnoticias.com\\\/labravaradiofm\\\/wp-content\\\/uploads\\\/sites\\\/5\\\/2022\\\/07\\\/nacional-covid.png\",\"contentUrl\":\"https:\\\/\\\/www.bbmnoticias.com\\\/labravaradiofm\\\/wp-content\\\/uploads\\\/sites\\\/5\\\/2022\\\/07\\\/nacional-covid.png\",\"width\":768,\"height\":512},{\"@type\":\"BreadcrumbList\",\"@id\":\"https:\\\/\\\/www.bbmnoticias.com\\\/labravaradiofm\\\/2022\\\/12\\\/30\\\/oaxaca-reporta-532-casos-nuevos-confirmados-de-covid-19\\\/#breadcrumb\",\"itemListElement\":[{\"@type\":\"ListItem\",\"position\":1,\"name\":\"Inicio\",\"item\":\"https:\\\/\\\/www.bbmnoticias.com\\\/labravaradiofm\\\/\"},{\"@type\":\"ListItem\",\"position\":2,\"name\":\"Oaxaca reporta 532 casos nuevos confirmados de COVID-19\u00a0\"}]},{\"@type\":\"WebSite\",\"@id\":\"https:\\\/\\\/www.bbmnoticias.com\\\/labravaradiofm\\\/#website\",\"url\":\"https:\\\/\\\/www.bbmnoticias.com\\\/labravaradiofm\\\/\",\"name\":\"LA BRAVA RADIO\",\"description\":\"Empresa productora de medios, Radiodifusi\u00f3n, Noticias, tendencias y todo lo que necesitas saber de la pol\u00edtica mexicana e internacional; entretenimiento, espect\u00e1culos, salud y mucho m\u00e1s.\",\"potentialAction\":[{\"@type\":\"SearchAction\",\"target\":{\"@type\":\"EntryPoint\",\"urlTemplate\":\"https:\\\/\\\/www.bbmnoticias.com\\\/labravaradiofm\\\/?s={search_term_string}\"},\"query-input\":{\"@type\":\"PropertyValueSpecification\",\"valueRequired\":true,\"valueName\":\"search_term_string\"}}],\"inLanguage\":\"es\"},{\"@type\":\"Person\",\"@id\":\"https:\\\/\\\/www.bbmnoticias.com\\\/labravaradiofm\\\/#\\\/schema\\\/person\\\/68a9e9036ef3c5b55aeb2b71dc8bab45\",\"name\":\"Staff\",\"image\":{\"@type\":\"ImageObject\",\"inLanguage\":\"es\",\"@id\":\"https:\\\/\\\/secure.gravatar.com\\\/avatar\\\/fdd21ad66fd8b98c407f9dee5b5e588cfe7f0d8579ec20fa6527cd59bab7f0f0?s=96&d=mm&r=g\",\"url\":\"https:\\\/\\\/secure.gravatar.com\\\/avatar\\\/fdd21ad66fd8b98c407f9dee5b5e588cfe7f0d8579ec20fa6527cd59bab7f0f0?s=96&d=mm&r=g\",\"contentUrl\":\"https:\\\/\\\/secure.gravatar.com\\\/avatar\\\/fdd21ad66fd8b98c407f9dee5b5e588cfe7f0d8579ec20fa6527cd59bab7f0f0?s=96&d=mm&r=g\",\"caption\":\"Staff\"},\"url\":\"https:\\\/\\\/www.bbmnoticias.com\\\/labravaradiofm\\\/author\\\/redaccion\\\/\"}]}<\/script>\n<!-- \/ Yoast SEO plugin. -->","yoast_head_json":{"title":"Oaxaca reporta 532 casos nuevos confirmados de COVID-19\u00a0 - LA BRAVA RADIO","robots":{"index":"index","follow":"follow","max-snippet":"max-snippet:-1","max-image-preview":"max-image-preview:large","max-video-preview":"max-video-preview:-1"},"canonical":"https:\/\/www.bbmnoticias.com\/labravaradiofm\/2022\/12\/30\/oaxaca-reporta-532-casos-nuevos-confirmados-de-covid-19\/","og_locale":"es_MX","og_type":"article","og_title":"Oaxaca reporta 532 casos nuevos confirmados de COVID-19\u00a0 - LA BRAVA RADIO","og_description":"Oaxaca de Ju\u00e1rez, Oax., 30 de diciembre de 2022.-Los Servicios de Salud de Oaxaca (SSO) informaron que, durante el per\u00edodo comprendido del 23 al 29 de diciembre, la entidad registr\u00f3 un acumulado de 151 mil 354 casos confirmados del virus SARS-CoV-2, de los cuales 532 se contabilizaron en los \u00faltimos siete d\u00edas. De acuerdo al [&hellip;]","og_url":"https:\/\/www.bbmnoticias.com\/labravaradiofm\/2022\/12\/30\/oaxaca-reporta-532-casos-nuevos-confirmados-de-covid-19\/","og_site_name":"LA BRAVA RADIO","article_published_time":"2022-12-31T01:06:22+00:00","article_modified_time":"2022-12-31T01:06:23+00:00","og_image":[{"width":768,"height":512,"url":"https:\/\/www.bbmnoticias.com\/labravaradiofm\/wp-content\/uploads\/sites\/5\/2022\/07\/nacional-covid.png","type":"image\/png"}],"author":"Staff","twitter_card":"summary_large_image","twitter_misc":{"Escrito por":"Staff","Tiempo de lectura":"1 minuto"},"schema":{"@context":"https:\/\/schema.org","@graph":[{"@type":"Article","@id":"https:\/\/www.bbmnoticias.com\/labravaradiofm\/2022\/12\/30\/oaxaca-reporta-532-casos-nuevos-confirmados-de-covid-19\/#article","isPartOf":{"@id":"https:\/\/www.bbmnoticias.com\/labravaradiofm\/2022\/12\/30\/oaxaca-reporta-532-casos-nuevos-confirmados-de-covid-19\/"},"author":{"name":"Staff","@id":"https:\/\/www.bbmnoticias.com\/labravaradiofm\/#\/schema\/person\/68a9e9036ef3c5b55aeb2b71dc8bab45"},"headline":"Oaxaca reporta 532 casos nuevos confirmados de COVID-19\u00a0","datePublished":"2022-12-31T01:06:22+00:00","dateModified":"2022-12-31T01:06:23+00:00","mainEntityOfPage":{"@id":"https:\/\/www.bbmnoticias.com\/labravaradiofm\/2022\/12\/30\/oaxaca-reporta-532-casos-nuevos-confirmados-de-covid-19\/"},"wordCount":249,"image":{"@id":"https:\/\/www.bbmnoticias.com\/labravaradiofm\/2022\/12\/30\/oaxaca-reporta-532-casos-nuevos-confirmados-de-covid-19\/#primaryimage"},"thumbnailUrl":"https:\/\/www.bbmnoticias.com\/labravaradiofm\/wp-content\/uploads\/sites\/5\/2022\/07\/nacional-covid.png","articleSection":["LOCAL"],"inLanguage":"es"},{"@type":"WebPage","@id":"https:\/\/www.bbmnoticias.com\/labravaradiofm\/2022\/12\/30\/oaxaca-reporta-532-casos-nuevos-confirmados-de-covid-19\/","url":"https:\/\/www.bbmnoticias.com\/labravaradiofm\/2022\/12\/30\/oaxaca-reporta-532-casos-nuevos-confirmados-de-covid-19\/","name":"Oaxaca reporta 532 casos nuevos confirmados de COVID-19\u00a0 - LA BRAVA RADIO","isPartOf":{"@id":"https:\/\/www.bbmnoticias.com\/labravaradiofm\/#website"},"primaryImageOfPage":{"@id":"https:\/\/www.bbmnoticias.com\/labravaradiofm\/2022\/12\/30\/oaxaca-reporta-532-casos-nuevos-confirmados-de-covid-19\/#primaryimage"},"image":{"@id":"https:\/\/www.bbmnoticias.com\/labravaradiofm\/2022\/12\/30\/oaxaca-reporta-532-casos-nuevos-confirmados-de-covid-19\/#primaryimage"},"thumbnailUrl":"https:\/\/www.bbmnoticias.com\/labravaradiofm\/wp-content\/uploads\/sites\/5\/2022\/07\/nacional-covid.png","datePublished":"2022-12-31T01:06:22+00:00","dateModified":"2022-12-31T01:06:23+00:00","author":{"@id":"https:\/\/www.bbmnoticias.com\/labravaradiofm\/#\/schema\/person\/68a9e9036ef3c5b55aeb2b71dc8bab45"},"breadcrumb":{"@id":"https:\/\/www.bbmnoticias.com\/labravaradiofm\/2022\/12\/30\/oaxaca-reporta-532-casos-nuevos-confirmados-de-covid-19\/#breadcrumb"},"inLanguage":"es","potentialAction":[{"@type":"ReadAction","target":["https:\/\/www.bbmnoticias.com\/labravaradiofm\/2022\/12\/30\/oaxaca-reporta-532-casos-nuevos-confirmados-de-covid-19\/"]}]},{"@type":"ImageObject","inLanguage":"es","@id":"https:\/\/www.bbmnoticias.com\/labravaradiofm\/2022\/12\/30\/oaxaca-reporta-532-casos-nuevos-confirmados-de-covid-19\/#primaryimage","url":"https:\/\/www.bbmnoticias.com\/labravaradiofm\/wp-content\/uploads\/sites\/5\/2022\/07\/nacional-covid.png","contentUrl":"https:\/\/www.bbmnoticias.com\/labravaradiofm\/wp-content\/uploads\/sites\/5\/2022\/07\/nacional-covid.png","width":768,"height":512},{"@type":"BreadcrumbList","@id":"https:\/\/www.bbmnoticias.com\/labravaradiofm\/2022\/12\/30\/oaxaca-reporta-532-casos-nuevos-confirmados-de-covid-19\/#breadcrumb","itemListElement":[{"@type":"ListItem","position":1,"name":"Inicio","item":"https:\/\/www.bbmnoticias.com\/labravaradiofm\/"},{"@type":"ListItem","position":2,"name":"Oaxaca reporta 532 casos nuevos confirmados de COVID-19\u00a0"}]},{"@type":"WebSite","@id":"https:\/\/www.bbmnoticias.com\/labravaradiofm\/#website","url":"https:\/\/www.bbmnoticias.com\/labravaradiofm\/","name":"LA BRAVA RADIO","description":"Empresa productora de medios, Radiodifusi\u00f3n, Noticias, tendencias y todo lo que necesitas saber de la pol\u00edtica mexicana e internacional; entretenimiento, espect\u00e1culos, salud y mucho m\u00e1s.","potentialAction":[{"@type":"SearchAction","target":{"@type":"EntryPoint","urlTemplate":"https:\/\/www.bbmnoticias.com\/labravaradiofm\/?s={search_term_string}"},"query-input":{"@type":"PropertyValueSpecification","valueRequired":true,"valueName":"search_term_string"}}],"inLanguage":"es"},{"@type":"Person","@id":"https:\/\/www.bbmnoticias.com\/labravaradiofm\/#\/schema\/person\/68a9e9036ef3c5b55aeb2b71dc8bab45","name":"Staff","image":{"@type":"ImageObject","inLanguage":"es","@id":"https:\/\/secure.gravatar.com\/avatar\/fdd21ad66fd8b98c407f9dee5b5e588cfe7f0d8579ec20fa6527cd59bab7f0f0?s=96&d=mm&r=g","url":"https:\/\/secure.gravatar.com\/avatar\/fdd21ad66fd8b98c407f9dee5b5e588cfe7f0d8579ec20fa6527cd59bab7f0f0?s=96&d=mm&r=g","contentUrl":"https:\/\/secure.gravatar.com\/avatar\/fdd21ad66fd8b98c407f9dee5b5e588cfe7f0d8579ec20fa6527cd59bab7f0f0?s=96&d=mm&r=g","caption":"Staff"},"url":"https:\/\/www.bbmnoticias.com\/labravaradiofm\/author\/redaccion\/"}]}},"_links":{"self":[{"href":"https:\/\/www.bbmnoticias.com\/labravaradiofm\/wp-json\/wp\/v2\/posts\/22093","targetHints":{"allow":["GET"]}}],"collection":[{"href":"https:\/\/www.bbmnoticias.com\/labravaradiofm\/wp-json\/wp\/v2\/posts"}],"about":[{"href":"https:\/\/www.bbmnoticias.com\/labravaradiofm\/wp-json\/wp\/v2\/types\/post"}],"author":[{"embeddable":true,"href":"https:\/\/www.bbmnoticias.com\/labravaradiofm\/wp-json\/wp\/v2\/users\/2"}],"replies":[{"embeddable":true,"href":"https:\/\/www.bbmnoticias.com\/labravaradiofm\/wp-json\/wp\/v2\/comments?post=22093"}],"version-history":[{"count":0,"href":"https:\/\/www.bbmnoticias.com\/labravaradiofm\/wp-json\/wp\/v2\/posts\/22093\/revisions"}],"wp:featuredmedia":[{"embeddable":true,"href":"https:\/\/www.bbmnoticias.com\/labravaradiofm\/wp-json\/wp\/v2\/media\/15515"}],"wp:attachment":[{"href":"https:\/\/www.bbmnoticias.com\/labravaradiofm\/wp-json\/wp\/v2\/media?parent=22093"}],"wp:term":[{"taxonomy":"category","embeddable":true,"href":"https:\/\/www.bbmnoticias.com\/labravaradiofm\/wp-json\/wp\/v2\/categories?post=22093"},{"taxonomy":"post_tag","embeddable":true,"href":"https:\/\/www.bbmnoticias.com\/labravaradiofm\/wp-json\/wp\/v2\/tags?post=22093"}],"curies":[{"name":"wp","href":"https:\/\/api.w.org\/{rel}","templated":true}]}}