{"id":22091,"date":"2022-12-30T15:45:41","date_gmt":"2022-12-30T21:45:41","guid":{"rendered":"https:\/\/www.bbmnoticias.com\/labravaradiofm\/?p=22091"},"modified":"2022-12-30T15:45:42","modified_gmt":"2022-12-30T21:45:42","slug":"dan-alta-medica-a-nina-de-dos-anos-mordida-por-murcielago","status":"publish","type":"post","link":"https:\/\/www.bbmnoticias.com\/labravaradiofm\/2022\/12\/30\/dan-alta-medica-a-nina-de-dos-anos-mordida-por-murcielago\/","title":{"rendered":"Dan alta m\u00e9dica a ni\u00f1a de dos a\u00f1os mordida por murci\u00e9lago"},"content":{"rendered":"<div style=\"margin-top: 0px; margin-bottom: 0px;\" class=\"sharethis-inline-share-buttons\" ><\/div>\n<p><strong>Oaxaca de Ju\u00e1rez, Oax., 30 de diciembre de 2022<\/strong>. Tras nueve d\u00edas de haber estado en observaci\u00f3n m\u00e9dica, la ni\u00f1a de dos a\u00f1os de edad originaria de la localidad de Palo de Lima, municipio de San Lorenzo Texmel\u00facan, quien fue ingresada al hospital General \u201cDoctor Aurelio Valdivieso\u201d, de Oaxaca de Ju\u00e1rez, al presentar herida por mordedura de un animal silvestre en d\u00edas pasados, fue dada de alta m\u00e9dica esta tarde.<\/p>\n\n\n\n<p>La dependencia inform\u00f3 que la paciente presentaba una lesi\u00f3n en el brazo derecho a nivel del codo,&nbsp;por lo cual se le otorg\u00f3 valoraci\u00f3n m\u00e9dica por las especialidades de infectolog\u00eda, pediatr\u00eda y neurolog\u00eda, adem\u00e1s se le realizaron estudios epidemiol\u00f3gicos, as\u00ed como profilaxis post exposici\u00f3n con vacuna antirr\u00e1bica e inmunoglobulina.&nbsp;<\/p>\n\n\n\n<p>Durante su estancia en el nosocomio se mantuvo en aislamiento y vigilancia m\u00e9dica, sin presentar sintomatolog\u00eda asociada al virus r\u00e1bico.<\/p>\n\n\n\n<p>Por tal raz\u00f3n, al no presentar da\u00f1os a su salud, continuar\u00e1 su vigilancia ambulatoria con datos de alarma, hasta completar el esquema de vacunaci\u00f3n correspondiente, como medida preventiva, el cual se le aplicar\u00e1 en su comunidad.<\/p>\n","protected":false},"excerpt":{"rendered":"<p>Oaxaca de Ju\u00e1rez, Oax., 30 de diciembre de 2022. Tras nueve d\u00edas de haber estado en observaci\u00f3n m\u00e9dica, la ni\u00f1a de dos a\u00f1os de edad originaria de la localidad de Palo de Lima, municipio de San Lorenzo Texmel\u00facan, quien fue ingresada al hospital General \u201cDoctor Aurelio Valdivieso\u201d, de Oaxaca de Ju\u00e1rez, al presentar herida por [&hellip;]<\/p>\n","protected":false},"author":2,"featured_media":22041,"comment_status":"closed","ping_status":"closed","sticky":false,"template":"","format":"standard","meta":{"footnotes":""},"categories":[2],"tags":[],"class_list":{"0":"post-22091","1":"post","2":"type-post","3":"status-publish","4":"format-standard","5":"has-post-thumbnail","7":"category-oaxaca"},"yoast_head":"<!-- This site is optimized with the Yoast SEO plugin v27.4 - https:\/\/yoast.com\/product\/yoast-seo-wordpress\/ -->\n<title>Dan alta m\u00e9dica a ni\u00f1a de dos a\u00f1os mordida por murci\u00e9lago - LA BRAVA RADIO<\/title>\n<meta name=\"robots\" content=\"index, follow, max-snippet:-1, max-image-preview:large, max-video-preview:-1\" \/>\n<link rel=\"canonical\" href=\"https:\/\/www.bbmnoticias.com\/labravaradiofm\/2022\/12\/30\/dan-alta-medica-a-nina-de-dos-anos-mordida-por-murcielago\/\" \/>\n<meta property=\"og:locale\" content=\"es_MX\" \/>\n<meta property=\"og:type\" content=\"article\" \/>\n<meta property=\"og:title\" content=\"Dan alta m\u00e9dica a ni\u00f1a de dos a\u00f1os mordida por murci\u00e9lago - LA BRAVA RADIO\" \/>\n<meta property=\"og:description\" content=\"Oaxaca de Ju\u00e1rez, Oax., 30 de diciembre de 2022. Tras nueve d\u00edas de haber estado en observaci\u00f3n m\u00e9dica, la ni\u00f1a de dos a\u00f1os de edad originaria de la localidad de Palo de Lima, municipio de San Lorenzo Texmel\u00facan, quien fue ingresada al hospital General \u201cDoctor Aurelio Valdivieso\u201d, de Oaxaca de Ju\u00e1rez, al presentar herida por [&hellip;]\" \/>\n<meta property=\"og:url\" content=\"https:\/\/www.bbmnoticias.com\/labravaradiofm\/2022\/12\/30\/dan-alta-medica-a-nina-de-dos-anos-mordida-por-murcielago\/\" \/>\n<meta property=\"og:site_name\" content=\"LA BRAVA RADIO\" \/>\n<meta property=\"article:published_time\" content=\"2022-12-30T21:45:41+00:00\" \/>\n<meta property=\"article:modified_time\" content=\"2022-12-30T21:45:42+00:00\" \/>\n<meta property=\"og:image\" content=\"https:\/\/www.bbmnoticias.com\/labravaradiofm\/wp-content\/uploads\/sites\/5\/2022\/12\/nino-rabia-oaxaca.jpg\" \/>\n\t<meta property=\"og:image:width\" content=\"1024\" \/>\n\t<meta property=\"og:image:height\" content=\"612\" \/>\n\t<meta property=\"og:image:type\" content=\"image\/jpeg\" \/>\n<meta name=\"author\" content=\"Staff\" \/>\n<meta name=\"twitter:card\" content=\"summary_large_image\" \/>\n<meta name=\"twitter:label1\" content=\"Escrito por\" \/>\n\t<meta name=\"twitter:data1\" content=\"Staff\" \/>\n\t<meta name=\"twitter:label2\" content=\"Tiempo de lectura\" \/>\n\t<meta name=\"twitter:data2\" content=\"1 minuto\" \/>\n<script type=\"application\/ld+json\" class=\"yoast-schema-graph\">{\"@context\":\"https:\\\/\\\/schema.org\",\"@graph\":[{\"@type\":\"Article\",\"@id\":\"https:\\\/\\\/www.bbmnoticias.com\\\/labravaradiofm\\\/2022\\\/12\\\/30\\\/dan-alta-medica-a-nina-de-dos-anos-mordida-por-murcielago\\\/#article\",\"isPartOf\":{\"@id\":\"https:\\\/\\\/www.bbmnoticias.com\\\/labravaradiofm\\\/2022\\\/12\\\/30\\\/dan-alta-medica-a-nina-de-dos-anos-mordida-por-murcielago\\\/\"},\"author\":{\"name\":\"Staff\",\"@id\":\"https:\\\/\\\/www.bbmnoticias.com\\\/labravaradiofm\\\/#\\\/schema\\\/person\\\/68a9e9036ef3c5b55aeb2b71dc8bab45\"},\"headline\":\"Dan alta m\u00e9dica a ni\u00f1a de dos a\u00f1os mordida por murci\u00e9lago\",\"datePublished\":\"2022-12-30T21:45:41+00:00\",\"dateModified\":\"2022-12-30T21:45:42+00:00\",\"mainEntityOfPage\":{\"@id\":\"https:\\\/\\\/www.bbmnoticias.com\\\/labravaradiofm\\\/2022\\\/12\\\/30\\\/dan-alta-medica-a-nina-de-dos-anos-mordida-por-murcielago\\\/\"},\"wordCount\":216,\"image\":{\"@id\":\"https:\\\/\\\/www.bbmnoticias.com\\\/labravaradiofm\\\/2022\\\/12\\\/30\\\/dan-alta-medica-a-nina-de-dos-anos-mordida-por-murcielago\\\/#primaryimage\"},\"thumbnailUrl\":\"https:\\\/\\\/www.bbmnoticias.com\\\/labravaradiofm\\\/wp-content\\\/uploads\\\/sites\\\/5\\\/2022\\\/12\\\/nino-rabia-oaxaca.jpg\",\"articleSection\":[\"LOCAL\"],\"inLanguage\":\"es\"},{\"@type\":\"WebPage\",\"@id\":\"https:\\\/\\\/www.bbmnoticias.com\\\/labravaradiofm\\\/2022\\\/12\\\/30\\\/dan-alta-medica-a-nina-de-dos-anos-mordida-por-murcielago\\\/\",\"url\":\"https:\\\/\\\/www.bbmnoticias.com\\\/labravaradiofm\\\/2022\\\/12\\\/30\\\/dan-alta-medica-a-nina-de-dos-anos-mordida-por-murcielago\\\/\",\"name\":\"Dan alta m\u00e9dica a ni\u00f1a de dos a\u00f1os mordida por murci\u00e9lago - LA BRAVA RADIO\",\"isPartOf\":{\"@id\":\"https:\\\/\\\/www.bbmnoticias.com\\\/labravaradiofm\\\/#website\"},\"primaryImageOfPage\":{\"@id\":\"https:\\\/\\\/www.bbmnoticias.com\\\/labravaradiofm\\\/2022\\\/12\\\/30\\\/dan-alta-medica-a-nina-de-dos-anos-mordida-por-murcielago\\\/#primaryimage\"},\"image\":{\"@id\":\"https:\\\/\\\/www.bbmnoticias.com\\\/labravaradiofm\\\/2022\\\/12\\\/30\\\/dan-alta-medica-a-nina-de-dos-anos-mordida-por-murcielago\\\/#primaryimage\"},\"thumbnailUrl\":\"https:\\\/\\\/www.bbmnoticias.com\\\/labravaradiofm\\\/wp-content\\\/uploads\\\/sites\\\/5\\\/2022\\\/12\\\/nino-rabia-oaxaca.jpg\",\"datePublished\":\"2022-12-30T21:45:41+00:00\",\"dateModified\":\"2022-12-30T21:45:42+00:00\",\"author\":{\"@id\":\"https:\\\/\\\/www.bbmnoticias.com\\\/labravaradiofm\\\/#\\\/schema\\\/person\\\/68a9e9036ef3c5b55aeb2b71dc8bab45\"},\"breadcrumb\":{\"@id\":\"https:\\\/\\\/www.bbmnoticias.com\\\/labravaradiofm\\\/2022\\\/12\\\/30\\\/dan-alta-medica-a-nina-de-dos-anos-mordida-por-murcielago\\\/#breadcrumb\"},\"inLanguage\":\"es\",\"potentialAction\":[{\"@type\":\"ReadAction\",\"target\":[\"https:\\\/\\\/www.bbmnoticias.com\\\/labravaradiofm\\\/2022\\\/12\\\/30\\\/dan-alta-medica-a-nina-de-dos-anos-mordida-por-murcielago\\\/\"]}]},{\"@type\":\"ImageObject\",\"inLanguage\":\"es\",\"@id\":\"https:\\\/\\\/www.bbmnoticias.com\\\/labravaradiofm\\\/2022\\\/12\\\/30\\\/dan-alta-medica-a-nina-de-dos-anos-mordida-por-murcielago\\\/#primaryimage\",\"url\":\"https:\\\/\\\/www.bbmnoticias.com\\\/labravaradiofm\\\/wp-content\\\/uploads\\\/sites\\\/5\\\/2022\\\/12\\\/nino-rabia-oaxaca.jpg\",\"contentUrl\":\"https:\\\/\\\/www.bbmnoticias.com\\\/labravaradiofm\\\/wp-content\\\/uploads\\\/sites\\\/5\\\/2022\\\/12\\\/nino-rabia-oaxaca.jpg\",\"width\":1024,\"height\":612},{\"@type\":\"BreadcrumbList\",\"@id\":\"https:\\\/\\\/www.bbmnoticias.com\\\/labravaradiofm\\\/2022\\\/12\\\/30\\\/dan-alta-medica-a-nina-de-dos-anos-mordida-por-murcielago\\\/#breadcrumb\",\"itemListElement\":[{\"@type\":\"ListItem\",\"position\":1,\"name\":\"Inicio\",\"item\":\"https:\\\/\\\/www.bbmnoticias.com\\\/labravaradiofm\\\/\"},{\"@type\":\"ListItem\",\"position\":2,\"name\":\"Dan alta m\u00e9dica a ni\u00f1a de dos a\u00f1os mordida por murci\u00e9lago\"}]},{\"@type\":\"WebSite\",\"@id\":\"https:\\\/\\\/www.bbmnoticias.com\\\/labravaradiofm\\\/#website\",\"url\":\"https:\\\/\\\/www.bbmnoticias.com\\\/labravaradiofm\\\/\",\"name\":\"LA BRAVA RADIO\",\"description\":\"Empresa productora de medios, Radiodifusi\u00f3n, Noticias, tendencias y todo lo que necesitas saber de la pol\u00edtica mexicana e internacional; entretenimiento, espect\u00e1culos, salud y mucho m\u00e1s.\",\"potentialAction\":[{\"@type\":\"SearchAction\",\"target\":{\"@type\":\"EntryPoint\",\"urlTemplate\":\"https:\\\/\\\/www.bbmnoticias.com\\\/labravaradiofm\\\/?s={search_term_string}\"},\"query-input\":{\"@type\":\"PropertyValueSpecification\",\"valueRequired\":true,\"valueName\":\"search_term_string\"}}],\"inLanguage\":\"es\"},{\"@type\":\"Person\",\"@id\":\"https:\\\/\\\/www.bbmnoticias.com\\\/labravaradiofm\\\/#\\\/schema\\\/person\\\/68a9e9036ef3c5b55aeb2b71dc8bab45\",\"name\":\"Staff\",\"image\":{\"@type\":\"ImageObject\",\"inLanguage\":\"es\",\"@id\":\"https:\\\/\\\/secure.gravatar.com\\\/avatar\\\/fdd21ad66fd8b98c407f9dee5b5e588cfe7f0d8579ec20fa6527cd59bab7f0f0?s=96&d=mm&r=g\",\"url\":\"https:\\\/\\\/secure.gravatar.com\\\/avatar\\\/fdd21ad66fd8b98c407f9dee5b5e588cfe7f0d8579ec20fa6527cd59bab7f0f0?s=96&d=mm&r=g\",\"contentUrl\":\"https:\\\/\\\/secure.gravatar.com\\\/avatar\\\/fdd21ad66fd8b98c407f9dee5b5e588cfe7f0d8579ec20fa6527cd59bab7f0f0?s=96&d=mm&r=g\",\"caption\":\"Staff\"},\"url\":\"https:\\\/\\\/www.bbmnoticias.com\\\/labravaradiofm\\\/author\\\/redaccion\\\/\"}]}<\/script>\n<!-- \/ Yoast SEO plugin. -->","yoast_head_json":{"title":"Dan alta m\u00e9dica a ni\u00f1a de dos a\u00f1os mordida por murci\u00e9lago - LA BRAVA RADIO","robots":{"index":"index","follow":"follow","max-snippet":"max-snippet:-1","max-image-preview":"max-image-preview:large","max-video-preview":"max-video-preview:-1"},"canonical":"https:\/\/www.bbmnoticias.com\/labravaradiofm\/2022\/12\/30\/dan-alta-medica-a-nina-de-dos-anos-mordida-por-murcielago\/","og_locale":"es_MX","og_type":"article","og_title":"Dan alta m\u00e9dica a ni\u00f1a de dos a\u00f1os mordida por murci\u00e9lago - LA BRAVA RADIO","og_description":"Oaxaca de Ju\u00e1rez, Oax., 30 de diciembre de 2022. Tras nueve d\u00edas de haber estado en observaci\u00f3n m\u00e9dica, la ni\u00f1a de dos a\u00f1os de edad originaria de la localidad de Palo de Lima, municipio de San Lorenzo Texmel\u00facan, quien fue ingresada al hospital General \u201cDoctor Aurelio Valdivieso\u201d, de Oaxaca de Ju\u00e1rez, al presentar herida por [&hellip;]","og_url":"https:\/\/www.bbmnoticias.com\/labravaradiofm\/2022\/12\/30\/dan-alta-medica-a-nina-de-dos-anos-mordida-por-murcielago\/","og_site_name":"LA BRAVA RADIO","article_published_time":"2022-12-30T21:45:41+00:00","article_modified_time":"2022-12-30T21:45:42+00:00","og_image":[{"width":1024,"height":612,"url":"https:\/\/www.bbmnoticias.com\/labravaradiofm\/wp-content\/uploads\/sites\/5\/2022\/12\/nino-rabia-oaxaca.jpg","type":"image\/jpeg"}],"author":"Staff","twitter_card":"summary_large_image","twitter_misc":{"Escrito por":"Staff","Tiempo de lectura":"1 minuto"},"schema":{"@context":"https:\/\/schema.org","@graph":[{"@type":"Article","@id":"https:\/\/www.bbmnoticias.com\/labravaradiofm\/2022\/12\/30\/dan-alta-medica-a-nina-de-dos-anos-mordida-por-murcielago\/#article","isPartOf":{"@id":"https:\/\/www.bbmnoticias.com\/labravaradiofm\/2022\/12\/30\/dan-alta-medica-a-nina-de-dos-anos-mordida-por-murcielago\/"},"author":{"name":"Staff","@id":"https:\/\/www.bbmnoticias.com\/labravaradiofm\/#\/schema\/person\/68a9e9036ef3c5b55aeb2b71dc8bab45"},"headline":"Dan alta m\u00e9dica a ni\u00f1a de dos a\u00f1os mordida por murci\u00e9lago","datePublished":"2022-12-30T21:45:41+00:00","dateModified":"2022-12-30T21:45:42+00:00","mainEntityOfPage":{"@id":"https:\/\/www.bbmnoticias.com\/labravaradiofm\/2022\/12\/30\/dan-alta-medica-a-nina-de-dos-anos-mordida-por-murcielago\/"},"wordCount":216,"image":{"@id":"https:\/\/www.bbmnoticias.com\/labravaradiofm\/2022\/12\/30\/dan-alta-medica-a-nina-de-dos-anos-mordida-por-murcielago\/#primaryimage"},"thumbnailUrl":"https:\/\/www.bbmnoticias.com\/labravaradiofm\/wp-content\/uploads\/sites\/5\/2022\/12\/nino-rabia-oaxaca.jpg","articleSection":["LOCAL"],"inLanguage":"es"},{"@type":"WebPage","@id":"https:\/\/www.bbmnoticias.com\/labravaradiofm\/2022\/12\/30\/dan-alta-medica-a-nina-de-dos-anos-mordida-por-murcielago\/","url":"https:\/\/www.bbmnoticias.com\/labravaradiofm\/2022\/12\/30\/dan-alta-medica-a-nina-de-dos-anos-mordida-por-murcielago\/","name":"Dan alta m\u00e9dica a ni\u00f1a de dos a\u00f1os mordida por murci\u00e9lago - LA BRAVA RADIO","isPartOf":{"@id":"https:\/\/www.bbmnoticias.com\/labravaradiofm\/#website"},"primaryImageOfPage":{"@id":"https:\/\/www.bbmnoticias.com\/labravaradiofm\/2022\/12\/30\/dan-alta-medica-a-nina-de-dos-anos-mordida-por-murcielago\/#primaryimage"},"image":{"@id":"https:\/\/www.bbmnoticias.com\/labravaradiofm\/2022\/12\/30\/dan-alta-medica-a-nina-de-dos-anos-mordida-por-murcielago\/#primaryimage"},"thumbnailUrl":"https:\/\/www.bbmnoticias.com\/labravaradiofm\/wp-content\/uploads\/sites\/5\/2022\/12\/nino-rabia-oaxaca.jpg","datePublished":"2022-12-30T21:45:41+00:00","dateModified":"2022-12-30T21:45:42+00:00","author":{"@id":"https:\/\/www.bbmnoticias.com\/labravaradiofm\/#\/schema\/person\/68a9e9036ef3c5b55aeb2b71dc8bab45"},"breadcrumb":{"@id":"https:\/\/www.bbmnoticias.com\/labravaradiofm\/2022\/12\/30\/dan-alta-medica-a-nina-de-dos-anos-mordida-por-murcielago\/#breadcrumb"},"inLanguage":"es","potentialAction":[{"@type":"ReadAction","target":["https:\/\/www.bbmnoticias.com\/labravaradiofm\/2022\/12\/30\/dan-alta-medica-a-nina-de-dos-anos-mordida-por-murcielago\/"]}]},{"@type":"ImageObject","inLanguage":"es","@id":"https:\/\/www.bbmnoticias.com\/labravaradiofm\/2022\/12\/30\/dan-alta-medica-a-nina-de-dos-anos-mordida-por-murcielago\/#primaryimage","url":"https:\/\/www.bbmnoticias.com\/labravaradiofm\/wp-content\/uploads\/sites\/5\/2022\/12\/nino-rabia-oaxaca.jpg","contentUrl":"https:\/\/www.bbmnoticias.com\/labravaradiofm\/wp-content\/uploads\/sites\/5\/2022\/12\/nino-rabia-oaxaca.jpg","width":1024,"height":612},{"@type":"BreadcrumbList","@id":"https:\/\/www.bbmnoticias.com\/labravaradiofm\/2022\/12\/30\/dan-alta-medica-a-nina-de-dos-anos-mordida-por-murcielago\/#breadcrumb","itemListElement":[{"@type":"ListItem","position":1,"name":"Inicio","item":"https:\/\/www.bbmnoticias.com\/labravaradiofm\/"},{"@type":"ListItem","position":2,"name":"Dan alta m\u00e9dica a ni\u00f1a de dos a\u00f1os mordida por murci\u00e9lago"}]},{"@type":"WebSite","@id":"https:\/\/www.bbmnoticias.com\/labravaradiofm\/#website","url":"https:\/\/www.bbmnoticias.com\/labravaradiofm\/","name":"LA BRAVA RADIO","description":"Empresa productora de medios, Radiodifusi\u00f3n, Noticias, tendencias y todo lo que necesitas saber de la pol\u00edtica mexicana e internacional; entretenimiento, espect\u00e1culos, salud y mucho m\u00e1s.","potentialAction":[{"@type":"SearchAction","target":{"@type":"EntryPoint","urlTemplate":"https:\/\/www.bbmnoticias.com\/labravaradiofm\/?s={search_term_string}"},"query-input":{"@type":"PropertyValueSpecification","valueRequired":true,"valueName":"search_term_string"}}],"inLanguage":"es"},{"@type":"Person","@id":"https:\/\/www.bbmnoticias.com\/labravaradiofm\/#\/schema\/person\/68a9e9036ef3c5b55aeb2b71dc8bab45","name":"Staff","image":{"@type":"ImageObject","inLanguage":"es","@id":"https:\/\/secure.gravatar.com\/avatar\/fdd21ad66fd8b98c407f9dee5b5e588cfe7f0d8579ec20fa6527cd59bab7f0f0?s=96&d=mm&r=g","url":"https:\/\/secure.gravatar.com\/avatar\/fdd21ad66fd8b98c407f9dee5b5e588cfe7f0d8579ec20fa6527cd59bab7f0f0?s=96&d=mm&r=g","contentUrl":"https:\/\/secure.gravatar.com\/avatar\/fdd21ad66fd8b98c407f9dee5b5e588cfe7f0d8579ec20fa6527cd59bab7f0f0?s=96&d=mm&r=g","caption":"Staff"},"url":"https:\/\/www.bbmnoticias.com\/labravaradiofm\/author\/redaccion\/"}]}},"_links":{"self":[{"href":"https:\/\/www.bbmnoticias.com\/labravaradiofm\/wp-json\/wp\/v2\/posts\/22091","targetHints":{"allow":["GET"]}}],"collection":[{"href":"https:\/\/www.bbmnoticias.com\/labravaradiofm\/wp-json\/wp\/v2\/posts"}],"about":[{"href":"https:\/\/www.bbmnoticias.com\/labravaradiofm\/wp-json\/wp\/v2\/types\/post"}],"author":[{"embeddable":true,"href":"https:\/\/www.bbmnoticias.com\/labravaradiofm\/wp-json\/wp\/v2\/users\/2"}],"replies":[{"embeddable":true,"href":"https:\/\/www.bbmnoticias.com\/labravaradiofm\/wp-json\/wp\/v2\/comments?post=22091"}],"version-history":[{"count":0,"href":"https:\/\/www.bbmnoticias.com\/labravaradiofm\/wp-json\/wp\/v2\/posts\/22091\/revisions"}],"wp:featuredmedia":[{"embeddable":true,"href":"https:\/\/www.bbmnoticias.com\/labravaradiofm\/wp-json\/wp\/v2\/media\/22041"}],"wp:attachment":[{"href":"https:\/\/www.bbmnoticias.com\/labravaradiofm\/wp-json\/wp\/v2\/media?parent=22091"}],"wp:term":[{"taxonomy":"category","embeddable":true,"href":"https:\/\/www.bbmnoticias.com\/labravaradiofm\/wp-json\/wp\/v2\/categories?post=22091"},{"taxonomy":"post_tag","embeddable":true,"href":"https:\/\/www.bbmnoticias.com\/labravaradiofm\/wp-json\/wp\/v2\/tags?post=22091"}],"curies":[{"name":"wp","href":"https:\/\/api.w.org\/{rel}","templated":true}]}}