{"id":22088,"date":"2022-12-30T15:08:15","date_gmt":"2022-12-30T21:08:15","guid":{"rendered":"https:\/\/www.bbmnoticias.com\/labravaradiofm\/?p=22088"},"modified":"2022-12-31T16:54:32","modified_gmt":"2022-12-31T22:54:32","slug":"instala-gobierno-estatal-organismo-protector-de-derechos-de-ninas-ninos-y-adolescentes-de-oaxaca","status":"publish","type":"post","link":"https:\/\/www.bbmnoticias.com\/labravaradiofm\/2022\/12\/30\/instala-gobierno-estatal-organismo-protector-de-derechos-de-ninas-ninos-y-adolescentes-de-oaxaca\/","title":{"rendered":"Instala Gobierno estatal organismo protector de Derechos de Ni\u00f1as, Ni\u00f1os y Adolescentes de Oaxaca"},"content":{"rendered":"<div style=\"margin-top: 0px; margin-bottom: 0px;\" class=\"sharethis-inline-share-buttons\" ><\/div>\n<p>\u2022 \u201cLos ni\u00f1os, las ni\u00f1as y las adolescentes nunca m\u00e1s estar\u00e1n solos en Oaxaca\u201d: Salom\u00f3n Jara<\/p>\n\n\n\n<p>\u2022 Garantizar\u00e1 de manera integral y plena todos sus derechos<\/p>\n\n\n\n<p>Oaxaca de Ju\u00e1rez, Oax., 30 de diciembre de 2022.- El Gobierno del Estado de Oaxaca instal\u00f3 el Sistema Local de Protecci\u00f3n Integral de los Derechos de las Ni\u00f1as, Ni\u00f1os y Adolescentes, mediante el cual desarrollar\u00e1 mecanismos que garanticen la participaci\u00f3n de este sector poblacional como titulares y sujetos plenos de derecho.<\/p>\n\n\n\n<p>Como presidente del Sistema, el Gobernador de la entidad, Salom\u00f3n Jara Cruz afirm\u00f3 que el \u201cGobierno del Pueblo\u201d garantizar\u00e1 de manera integral y plena todos los derechos de las ni\u00f1as, ni\u00f1os y adolescentes, de la mano de gobiernos municipales, \u00f3rganos aut\u00f3nomos y los dem\u00e1s Poderes del Estado.<\/p>\n\n\n\n<p>Afirm\u00f3 que \u201clos ni\u00f1os, las ni\u00f1as y las adolescentes nunca m\u00e1s estar\u00e1n solos en Oaxaca, siempre habr\u00e1 acompa\u00f1amiento, trabajaremos coordinadamente y sumaremos esfuerzos para no perder de vista el futuro que debemos construir\u201d.<\/p>\n\n\n\n<p>Mediante estas acciones, el Gobierno del Estado cumplir\u00e1 sus ejes trasversales y de pol\u00edticas p\u00fablicas para proteger el Inter\u00e9s Superior de los Ni\u00f1os, Ni\u00f1as y Adolescentes, la Construcci\u00f3n de la Paz con Justicia, Un Nuevo Pacto Social y la Reparaci\u00f3n Hist\u00f3rica de los Pueblos a trav\u00e9s de las Pol\u00edticas de Bienestar Transformador.<\/p>\n\n\n\n<p>Prueba del compromiso por parte de esta administraci\u00f3n estatal, es que el primer acto de Gobierno consisti\u00f3 en la lectura de un cuento con ni\u00f1os y ni\u00f1as, mediante el programa \u201cMinutos para Imaginar\u201d.<\/p>\n\n\n\n<p>Por ello, en adelante todas las personas titulares de las dependencias de gobierno participar\u00e1n en este programa con las ni\u00f1as, los ni\u00f1os y adolescentes en todo el estado.<\/p>\n\n\n\n<p>El titular del Ejecutivo estatal lament\u00f3 que Oaxaca registre altas estad\u00edsticas en materia de trabajo infantil y ocupaci\u00f3n peligrosa, matrimonios correspondientes a ni\u00f1as y mujeres adolescentes, embarazos prematuros y casos de abuso, agresiones y violencia sexual contra menores.<\/p>\n\n\n\n<p>Lo anterior como producto de problemas estructurales de acceso a la educaci\u00f3n, a la salud y la insensibilidad e indiferencia de los malos gobiernos que perpetuaron estos males.<\/p>\n\n\n\n<p>Al respecto anunci\u00f3, que las reuniones del Sistema Local de Protecci\u00f3n Integral de los Derechos de las Ni\u00f1as, Ni\u00f1os y Adolescentes del Estado de Oaxaca, que durante la administraci\u00f3n anterior sesion\u00f3 solo en una ocasi\u00f3n en todo el sexenio, ahora buscar\u00e1 sesionar cada trimestre.<\/p>\n\n\n\n<p>En tanto la menor Valentina, en representaci\u00f3n de las ni\u00f1as, ni\u00f1os y j\u00f3venes de la entidad, refiri\u00f3 que tambi\u00e9n son personas sujetas del derecho a emitir sus opiniones, merecedoras de la atenci\u00f3n y de participar.<\/p>\n\n\n\n<p>Agradeci\u00f3 al Gobernador oaxaque\u00f1o por convocarlos y tomarlos en cuenta. Tambi\u00e9n, solicit\u00f3 que el Estado tenga acercamiento de manera constante con este grupo poblacional para conocer sus necesidades.<\/p>\n\n\n\n<p>Durante este acto tomaron protesta como integrantes del Sistema Local: Jes\u00fas Romero L\u00f3pez, secretario de Gobierno; Elisa Zepeda Lagunas, secretaria de las Mujeres; Laura Estrada Mauro, secretaria de Bienestar, Tequio e Inclusi\u00f3n; Alma Lilia Velasco Hern\u00e1ndez, secretaria de Salud de Oaxaca; Bertha Ruth Arreola, secretaria de Interculturalidad, Pueblos Ind\u00edgenas y Afromexicano; Ra\u00fal Ruiz Robles, secretario de Econom\u00eda y Farid Acevedo L\u00f3pez, secretario de Finanzas.<\/p>\n\n\n\n<p>Asimismo, Silverio \u00c1vila Mart\u00ednez, director del Instituto de Atenci\u00f3n Integral al Migrante Oaxaque\u00f1o; Maribel Salina Velasco, directora General del Sistema DIF Estatal y Jos\u00e9 Bernardo Rodr\u00edguez Alamilla, titular de la Defensor\u00eda de los Derechos Humanos del Pueblo de Oaxaca.<\/p>\n\n\n\n<p>Alejandro Alfonso Ram\u00edrez Hern\u00e1ndez, encargado de despacho de la Fiscal\u00eda General del Estado de Oaxaca; Flor Estela Morales Hern\u00e1ndez, Coordinadora para la Atenci\u00f3n a los Derechos Humanos y Alma Deysi Bautista Ramos, Secretaria Ejecutiva del Sistema Local de Protecci\u00f3n Integral de los Derechos de las Ni\u00f1as, Ni\u00f1os y Adolescentes del Estado de Oaxaca, asumieron su encargo en este organismo.<\/p>\n\n\n\n<p>Tambi\u00e9n tomaron protesta Luis Alfonso Silva Romo, presidente de la Junta de Coordinaci\u00f3n Pol\u00edtica de la LXV Legislatura del Congreso Local y el magistrado Eduardo Pinacho S\u00e1nchez, presidente del Tribunal Superior de Justicia de Oaxaca y del Consejo de la Judicatura.<\/p>\n\n\n\n<p>Como invitados especiales estuvo presente la presidenta honoraria del Sistema para el Desarrollo Integral de la Familia (DIF) Oaxaca, Irma Bola\u00f1os Quijano; Cristian Eder Carre\u00f1o L\u00f3pez, en representaci\u00f3n del sector acad\u00e9mico; Mar\u00eda Elena Marrufo Tenorio, como representante de la sociedad civil y Mario Camacho Hern\u00e1ndez, en representaci\u00f3n de la asociaci\u00f3n civil Sikanda.<\/p>\n","protected":false},"excerpt":{"rendered":"<p>\u2022 \u201cLos ni\u00f1os, las ni\u00f1as y las adolescentes nunca m\u00e1s estar\u00e1n solos en Oaxaca\u201d: Salom\u00f3n Jara \u2022 Garantizar\u00e1 de manera integral y plena todos sus derechos Oaxaca de Ju\u00e1rez, Oax., 30 de diciembre de 2022.- El Gobierno del Estado de Oaxaca instal\u00f3 el Sistema Local de Protecci\u00f3n Integral de los Derechos de las Ni\u00f1as, Ni\u00f1os [&hellip;]<\/p>\n","protected":false},"author":2,"featured_media":22089,"comment_status":"closed","ping_status":"closed","sticky":false,"template":"","format":"standard","meta":{"footnotes":""},"categories":[2],"tags":[],"class_list":{"0":"post-22088","1":"post","2":"type-post","3":"status-publish","4":"format-standard","5":"has-post-thumbnail","7":"category-oaxaca"},"yoast_head":"<!-- This site is optimized with the Yoast SEO plugin v27.4 - https:\/\/yoast.com\/product\/yoast-seo-wordpress\/ -->\n<title>Instala Gobierno estatal organismo protector de Derechos de Ni\u00f1as, Ni\u00f1os y Adolescentes de Oaxaca - LA BRAVA RADIO<\/title>\n<meta name=\"robots\" content=\"index, follow, max-snippet:-1, max-image-preview:large, max-video-preview:-1\" \/>\n<link rel=\"canonical\" href=\"https:\/\/www.bbmnoticias.com\/labravaradiofm\/2022\/12\/30\/instala-gobierno-estatal-organismo-protector-de-derechos-de-ninas-ninos-y-adolescentes-de-oaxaca\/\" \/>\n<meta property=\"og:locale\" content=\"es_MX\" \/>\n<meta property=\"og:type\" content=\"article\" \/>\n<meta property=\"og:title\" content=\"Instala Gobierno estatal organismo protector de Derechos de Ni\u00f1as, Ni\u00f1os y Adolescentes de Oaxaca - LA BRAVA RADIO\" \/>\n<meta property=\"og:description\" content=\"\u2022 \u201cLos ni\u00f1os, las ni\u00f1as y las adolescentes nunca m\u00e1s estar\u00e1n solos en Oaxaca\u201d: Salom\u00f3n Jara \u2022 Garantizar\u00e1 de manera integral y plena todos sus derechos Oaxaca de Ju\u00e1rez, Oax., 30 de diciembre de 2022.- El Gobierno del Estado de Oaxaca instal\u00f3 el Sistema Local de Protecci\u00f3n Integral de los Derechos de las Ni\u00f1as, Ni\u00f1os [&hellip;]\" \/>\n<meta property=\"og:url\" content=\"https:\/\/www.bbmnoticias.com\/labravaradiofm\/2022\/12\/30\/instala-gobierno-estatal-organismo-protector-de-derechos-de-ninas-ninos-y-adolescentes-de-oaxaca\/\" \/>\n<meta property=\"og:site_name\" content=\"LA BRAVA RADIO\" \/>\n<meta property=\"article:published_time\" content=\"2022-12-30T21:08:15+00:00\" \/>\n<meta property=\"article:modified_time\" content=\"2022-12-31T22:54:32+00:00\" \/>\n<meta property=\"og:image\" content=\"https:\/\/www.bbmnoticias.com\/labravaradiofm\/wp-content\/uploads\/sites\/5\/2022\/12\/instalacion-derechos.jpg\" \/>\n\t<meta property=\"og:image:width\" content=\"1024\" \/>\n\t<meta property=\"og:image:height\" content=\"683\" \/>\n\t<meta property=\"og:image:type\" content=\"image\/jpeg\" \/>\n<meta name=\"author\" content=\"Staff\" \/>\n<meta name=\"twitter:card\" content=\"summary_large_image\" \/>\n<meta name=\"twitter:label1\" content=\"Escrito por\" \/>\n\t<meta name=\"twitter:data1\" content=\"Staff\" \/>\n\t<meta name=\"twitter:label2\" content=\"Tiempo de lectura\" \/>\n\t<meta name=\"twitter:data2\" content=\"4 minutos\" \/>\n<script type=\"application\/ld+json\" class=\"yoast-schema-graph\">{\"@context\":\"https:\\\/\\\/schema.org\",\"@graph\":[{\"@type\":\"Article\",\"@id\":\"https:\\\/\\\/www.bbmnoticias.com\\\/labravaradiofm\\\/2022\\\/12\\\/30\\\/instala-gobierno-estatal-organismo-protector-de-derechos-de-ninas-ninos-y-adolescentes-de-oaxaca\\\/#article\",\"isPartOf\":{\"@id\":\"https:\\\/\\\/www.bbmnoticias.com\\\/labravaradiofm\\\/2022\\\/12\\\/30\\\/instala-gobierno-estatal-organismo-protector-de-derechos-de-ninas-ninos-y-adolescentes-de-oaxaca\\\/\"},\"author\":{\"name\":\"Staff\",\"@id\":\"https:\\\/\\\/www.bbmnoticias.com\\\/labravaradiofm\\\/#\\\/schema\\\/person\\\/68a9e9036ef3c5b55aeb2b71dc8bab45\"},\"headline\":\"Instala Gobierno estatal organismo protector de Derechos de Ni\u00f1as, Ni\u00f1os y Adolescentes de Oaxaca\",\"datePublished\":\"2022-12-30T21:08:15+00:00\",\"dateModified\":\"2022-12-31T22:54:32+00:00\",\"mainEntityOfPage\":{\"@id\":\"https:\\\/\\\/www.bbmnoticias.com\\\/labravaradiofm\\\/2022\\\/12\\\/30\\\/instala-gobierno-estatal-organismo-protector-de-derechos-de-ninas-ninos-y-adolescentes-de-oaxaca\\\/\"},\"wordCount\":798,\"image\":{\"@id\":\"https:\\\/\\\/www.bbmnoticias.com\\\/labravaradiofm\\\/2022\\\/12\\\/30\\\/instala-gobierno-estatal-organismo-protector-de-derechos-de-ninas-ninos-y-adolescentes-de-oaxaca\\\/#primaryimage\"},\"thumbnailUrl\":\"https:\\\/\\\/www.bbmnoticias.com\\\/labravaradiofm\\\/wp-content\\\/uploads\\\/sites\\\/5\\\/2022\\\/12\\\/instalacion-derechos.jpg\",\"articleSection\":[\"LOCAL\"],\"inLanguage\":\"es\"},{\"@type\":\"WebPage\",\"@id\":\"https:\\\/\\\/www.bbmnoticias.com\\\/labravaradiofm\\\/2022\\\/12\\\/30\\\/instala-gobierno-estatal-organismo-protector-de-derechos-de-ninas-ninos-y-adolescentes-de-oaxaca\\\/\",\"url\":\"https:\\\/\\\/www.bbmnoticias.com\\\/labravaradiofm\\\/2022\\\/12\\\/30\\\/instala-gobierno-estatal-organismo-protector-de-derechos-de-ninas-ninos-y-adolescentes-de-oaxaca\\\/\",\"name\":\"Instala Gobierno estatal organismo protector de Derechos de Ni\u00f1as, Ni\u00f1os y Adolescentes de Oaxaca - LA BRAVA RADIO\",\"isPartOf\":{\"@id\":\"https:\\\/\\\/www.bbmnoticias.com\\\/labravaradiofm\\\/#website\"},\"primaryImageOfPage\":{\"@id\":\"https:\\\/\\\/www.bbmnoticias.com\\\/labravaradiofm\\\/2022\\\/12\\\/30\\\/instala-gobierno-estatal-organismo-protector-de-derechos-de-ninas-ninos-y-adolescentes-de-oaxaca\\\/#primaryimage\"},\"image\":{\"@id\":\"https:\\\/\\\/www.bbmnoticias.com\\\/labravaradiofm\\\/2022\\\/12\\\/30\\\/instala-gobierno-estatal-organismo-protector-de-derechos-de-ninas-ninos-y-adolescentes-de-oaxaca\\\/#primaryimage\"},\"thumbnailUrl\":\"https:\\\/\\\/www.bbmnoticias.com\\\/labravaradiofm\\\/wp-content\\\/uploads\\\/sites\\\/5\\\/2022\\\/12\\\/instalacion-derechos.jpg\",\"datePublished\":\"2022-12-30T21:08:15+00:00\",\"dateModified\":\"2022-12-31T22:54:32+00:00\",\"author\":{\"@id\":\"https:\\\/\\\/www.bbmnoticias.com\\\/labravaradiofm\\\/#\\\/schema\\\/person\\\/68a9e9036ef3c5b55aeb2b71dc8bab45\"},\"breadcrumb\":{\"@id\":\"https:\\\/\\\/www.bbmnoticias.com\\\/labravaradiofm\\\/2022\\\/12\\\/30\\\/instala-gobierno-estatal-organismo-protector-de-derechos-de-ninas-ninos-y-adolescentes-de-oaxaca\\\/#breadcrumb\"},\"inLanguage\":\"es\",\"potentialAction\":[{\"@type\":\"ReadAction\",\"target\":[\"https:\\\/\\\/www.bbmnoticias.com\\\/labravaradiofm\\\/2022\\\/12\\\/30\\\/instala-gobierno-estatal-organismo-protector-de-derechos-de-ninas-ninos-y-adolescentes-de-oaxaca\\\/\"]}]},{\"@type\":\"ImageObject\",\"inLanguage\":\"es\",\"@id\":\"https:\\\/\\\/www.bbmnoticias.com\\\/labravaradiofm\\\/2022\\\/12\\\/30\\\/instala-gobierno-estatal-organismo-protector-de-derechos-de-ninas-ninos-y-adolescentes-de-oaxaca\\\/#primaryimage\",\"url\":\"https:\\\/\\\/www.bbmnoticias.com\\\/labravaradiofm\\\/wp-content\\\/uploads\\\/sites\\\/5\\\/2022\\\/12\\\/instalacion-derechos.jpg\",\"contentUrl\":\"https:\\\/\\\/www.bbmnoticias.com\\\/labravaradiofm\\\/wp-content\\\/uploads\\\/sites\\\/5\\\/2022\\\/12\\\/instalacion-derechos.jpg\",\"width\":1024,\"height\":683},{\"@type\":\"BreadcrumbList\",\"@id\":\"https:\\\/\\\/www.bbmnoticias.com\\\/labravaradiofm\\\/2022\\\/12\\\/30\\\/instala-gobierno-estatal-organismo-protector-de-derechos-de-ninas-ninos-y-adolescentes-de-oaxaca\\\/#breadcrumb\",\"itemListElement\":[{\"@type\":\"ListItem\",\"position\":1,\"name\":\"Inicio\",\"item\":\"https:\\\/\\\/www.bbmnoticias.com\\\/labravaradiofm\\\/\"},{\"@type\":\"ListItem\",\"position\":2,\"name\":\"Instala Gobierno estatal organismo protector de Derechos de Ni\u00f1as, Ni\u00f1os y Adolescentes de Oaxaca\"}]},{\"@type\":\"WebSite\",\"@id\":\"https:\\\/\\\/www.bbmnoticias.com\\\/labravaradiofm\\\/#website\",\"url\":\"https:\\\/\\\/www.bbmnoticias.com\\\/labravaradiofm\\\/\",\"name\":\"LA BRAVA RADIO\",\"description\":\"Empresa productora de medios, Radiodifusi\u00f3n, Noticias, tendencias y todo lo que necesitas saber de la pol\u00edtica mexicana e internacional; entretenimiento, espect\u00e1culos, salud y mucho m\u00e1s.\",\"potentialAction\":[{\"@type\":\"SearchAction\",\"target\":{\"@type\":\"EntryPoint\",\"urlTemplate\":\"https:\\\/\\\/www.bbmnoticias.com\\\/labravaradiofm\\\/?s={search_term_string}\"},\"query-input\":{\"@type\":\"PropertyValueSpecification\",\"valueRequired\":true,\"valueName\":\"search_term_string\"}}],\"inLanguage\":\"es\"},{\"@type\":\"Person\",\"@id\":\"https:\\\/\\\/www.bbmnoticias.com\\\/labravaradiofm\\\/#\\\/schema\\\/person\\\/68a9e9036ef3c5b55aeb2b71dc8bab45\",\"name\":\"Staff\",\"image\":{\"@type\":\"ImageObject\",\"inLanguage\":\"es\",\"@id\":\"https:\\\/\\\/secure.gravatar.com\\\/avatar\\\/fdd21ad66fd8b98c407f9dee5b5e588cfe7f0d8579ec20fa6527cd59bab7f0f0?s=96&d=mm&r=g\",\"url\":\"https:\\\/\\\/secure.gravatar.com\\\/avatar\\\/fdd21ad66fd8b98c407f9dee5b5e588cfe7f0d8579ec20fa6527cd59bab7f0f0?s=96&d=mm&r=g\",\"contentUrl\":\"https:\\\/\\\/secure.gravatar.com\\\/avatar\\\/fdd21ad66fd8b98c407f9dee5b5e588cfe7f0d8579ec20fa6527cd59bab7f0f0?s=96&d=mm&r=g\",\"caption\":\"Staff\"},\"url\":\"https:\\\/\\\/www.bbmnoticias.com\\\/labravaradiofm\\\/author\\\/redaccion\\\/\"}]}<\/script>\n<!-- \/ Yoast SEO plugin. -->","yoast_head_json":{"title":"Instala Gobierno estatal organismo protector de Derechos de Ni\u00f1as, Ni\u00f1os y Adolescentes de Oaxaca - LA BRAVA RADIO","robots":{"index":"index","follow":"follow","max-snippet":"max-snippet:-1","max-image-preview":"max-image-preview:large","max-video-preview":"max-video-preview:-1"},"canonical":"https:\/\/www.bbmnoticias.com\/labravaradiofm\/2022\/12\/30\/instala-gobierno-estatal-organismo-protector-de-derechos-de-ninas-ninos-y-adolescentes-de-oaxaca\/","og_locale":"es_MX","og_type":"article","og_title":"Instala Gobierno estatal organismo protector de Derechos de Ni\u00f1as, Ni\u00f1os y Adolescentes de Oaxaca - LA BRAVA RADIO","og_description":"\u2022 \u201cLos ni\u00f1os, las ni\u00f1as y las adolescentes nunca m\u00e1s estar\u00e1n solos en Oaxaca\u201d: Salom\u00f3n Jara \u2022 Garantizar\u00e1 de manera integral y plena todos sus derechos Oaxaca de Ju\u00e1rez, Oax., 30 de diciembre de 2022.- El Gobierno del Estado de Oaxaca instal\u00f3 el Sistema Local de Protecci\u00f3n Integral de los Derechos de las Ni\u00f1as, Ni\u00f1os [&hellip;]","og_url":"https:\/\/www.bbmnoticias.com\/labravaradiofm\/2022\/12\/30\/instala-gobierno-estatal-organismo-protector-de-derechos-de-ninas-ninos-y-adolescentes-de-oaxaca\/","og_site_name":"LA BRAVA RADIO","article_published_time":"2022-12-30T21:08:15+00:00","article_modified_time":"2022-12-31T22:54:32+00:00","og_image":[{"width":1024,"height":683,"url":"https:\/\/www.bbmnoticias.com\/labravaradiofm\/wp-content\/uploads\/sites\/5\/2022\/12\/instalacion-derechos.jpg","type":"image\/jpeg"}],"author":"Staff","twitter_card":"summary_large_image","twitter_misc":{"Escrito por":"Staff","Tiempo de lectura":"4 minutos"},"schema":{"@context":"https:\/\/schema.org","@graph":[{"@type":"Article","@id":"https:\/\/www.bbmnoticias.com\/labravaradiofm\/2022\/12\/30\/instala-gobierno-estatal-organismo-protector-de-derechos-de-ninas-ninos-y-adolescentes-de-oaxaca\/#article","isPartOf":{"@id":"https:\/\/www.bbmnoticias.com\/labravaradiofm\/2022\/12\/30\/instala-gobierno-estatal-organismo-protector-de-derechos-de-ninas-ninos-y-adolescentes-de-oaxaca\/"},"author":{"name":"Staff","@id":"https:\/\/www.bbmnoticias.com\/labravaradiofm\/#\/schema\/person\/68a9e9036ef3c5b55aeb2b71dc8bab45"},"headline":"Instala Gobierno estatal organismo protector de Derechos de Ni\u00f1as, Ni\u00f1os y Adolescentes de Oaxaca","datePublished":"2022-12-30T21:08:15+00:00","dateModified":"2022-12-31T22:54:32+00:00","mainEntityOfPage":{"@id":"https:\/\/www.bbmnoticias.com\/labravaradiofm\/2022\/12\/30\/instala-gobierno-estatal-organismo-protector-de-derechos-de-ninas-ninos-y-adolescentes-de-oaxaca\/"},"wordCount":798,"image":{"@id":"https:\/\/www.bbmnoticias.com\/labravaradiofm\/2022\/12\/30\/instala-gobierno-estatal-organismo-protector-de-derechos-de-ninas-ninos-y-adolescentes-de-oaxaca\/#primaryimage"},"thumbnailUrl":"https:\/\/www.bbmnoticias.com\/labravaradiofm\/wp-content\/uploads\/sites\/5\/2022\/12\/instalacion-derechos.jpg","articleSection":["LOCAL"],"inLanguage":"es"},{"@type":"WebPage","@id":"https:\/\/www.bbmnoticias.com\/labravaradiofm\/2022\/12\/30\/instala-gobierno-estatal-organismo-protector-de-derechos-de-ninas-ninos-y-adolescentes-de-oaxaca\/","url":"https:\/\/www.bbmnoticias.com\/labravaradiofm\/2022\/12\/30\/instala-gobierno-estatal-organismo-protector-de-derechos-de-ninas-ninos-y-adolescentes-de-oaxaca\/","name":"Instala Gobierno estatal organismo protector de Derechos de Ni\u00f1as, Ni\u00f1os y Adolescentes de Oaxaca - LA BRAVA RADIO","isPartOf":{"@id":"https:\/\/www.bbmnoticias.com\/labravaradiofm\/#website"},"primaryImageOfPage":{"@id":"https:\/\/www.bbmnoticias.com\/labravaradiofm\/2022\/12\/30\/instala-gobierno-estatal-organismo-protector-de-derechos-de-ninas-ninos-y-adolescentes-de-oaxaca\/#primaryimage"},"image":{"@id":"https:\/\/www.bbmnoticias.com\/labravaradiofm\/2022\/12\/30\/instala-gobierno-estatal-organismo-protector-de-derechos-de-ninas-ninos-y-adolescentes-de-oaxaca\/#primaryimage"},"thumbnailUrl":"https:\/\/www.bbmnoticias.com\/labravaradiofm\/wp-content\/uploads\/sites\/5\/2022\/12\/instalacion-derechos.jpg","datePublished":"2022-12-30T21:08:15+00:00","dateModified":"2022-12-31T22:54:32+00:00","author":{"@id":"https:\/\/www.bbmnoticias.com\/labravaradiofm\/#\/schema\/person\/68a9e9036ef3c5b55aeb2b71dc8bab45"},"breadcrumb":{"@id":"https:\/\/www.bbmnoticias.com\/labravaradiofm\/2022\/12\/30\/instala-gobierno-estatal-organismo-protector-de-derechos-de-ninas-ninos-y-adolescentes-de-oaxaca\/#breadcrumb"},"inLanguage":"es","potentialAction":[{"@type":"ReadAction","target":["https:\/\/www.bbmnoticias.com\/labravaradiofm\/2022\/12\/30\/instala-gobierno-estatal-organismo-protector-de-derechos-de-ninas-ninos-y-adolescentes-de-oaxaca\/"]}]},{"@type":"ImageObject","inLanguage":"es","@id":"https:\/\/www.bbmnoticias.com\/labravaradiofm\/2022\/12\/30\/instala-gobierno-estatal-organismo-protector-de-derechos-de-ninas-ninos-y-adolescentes-de-oaxaca\/#primaryimage","url":"https:\/\/www.bbmnoticias.com\/labravaradiofm\/wp-content\/uploads\/sites\/5\/2022\/12\/instalacion-derechos.jpg","contentUrl":"https:\/\/www.bbmnoticias.com\/labravaradiofm\/wp-content\/uploads\/sites\/5\/2022\/12\/instalacion-derechos.jpg","width":1024,"height":683},{"@type":"BreadcrumbList","@id":"https:\/\/www.bbmnoticias.com\/labravaradiofm\/2022\/12\/30\/instala-gobierno-estatal-organismo-protector-de-derechos-de-ninas-ninos-y-adolescentes-de-oaxaca\/#breadcrumb","itemListElement":[{"@type":"ListItem","position":1,"name":"Inicio","item":"https:\/\/www.bbmnoticias.com\/labravaradiofm\/"},{"@type":"ListItem","position":2,"name":"Instala Gobierno estatal organismo protector de Derechos de Ni\u00f1as, Ni\u00f1os y Adolescentes de Oaxaca"}]},{"@type":"WebSite","@id":"https:\/\/www.bbmnoticias.com\/labravaradiofm\/#website","url":"https:\/\/www.bbmnoticias.com\/labravaradiofm\/","name":"LA BRAVA RADIO","description":"Empresa productora de medios, Radiodifusi\u00f3n, Noticias, tendencias y todo lo que necesitas saber de la pol\u00edtica mexicana e internacional; entretenimiento, espect\u00e1culos, salud y mucho m\u00e1s.","potentialAction":[{"@type":"SearchAction","target":{"@type":"EntryPoint","urlTemplate":"https:\/\/www.bbmnoticias.com\/labravaradiofm\/?s={search_term_string}"},"query-input":{"@type":"PropertyValueSpecification","valueRequired":true,"valueName":"search_term_string"}}],"inLanguage":"es"},{"@type":"Person","@id":"https:\/\/www.bbmnoticias.com\/labravaradiofm\/#\/schema\/person\/68a9e9036ef3c5b55aeb2b71dc8bab45","name":"Staff","image":{"@type":"ImageObject","inLanguage":"es","@id":"https:\/\/secure.gravatar.com\/avatar\/fdd21ad66fd8b98c407f9dee5b5e588cfe7f0d8579ec20fa6527cd59bab7f0f0?s=96&d=mm&r=g","url":"https:\/\/secure.gravatar.com\/avatar\/fdd21ad66fd8b98c407f9dee5b5e588cfe7f0d8579ec20fa6527cd59bab7f0f0?s=96&d=mm&r=g","contentUrl":"https:\/\/secure.gravatar.com\/avatar\/fdd21ad66fd8b98c407f9dee5b5e588cfe7f0d8579ec20fa6527cd59bab7f0f0?s=96&d=mm&r=g","caption":"Staff"},"url":"https:\/\/www.bbmnoticias.com\/labravaradiofm\/author\/redaccion\/"}]}},"_links":{"self":[{"href":"https:\/\/www.bbmnoticias.com\/labravaradiofm\/wp-json\/wp\/v2\/posts\/22088","targetHints":{"allow":["GET"]}}],"collection":[{"href":"https:\/\/www.bbmnoticias.com\/labravaradiofm\/wp-json\/wp\/v2\/posts"}],"about":[{"href":"https:\/\/www.bbmnoticias.com\/labravaradiofm\/wp-json\/wp\/v2\/types\/post"}],"author":[{"embeddable":true,"href":"https:\/\/www.bbmnoticias.com\/labravaradiofm\/wp-json\/wp\/v2\/users\/2"}],"replies":[{"embeddable":true,"href":"https:\/\/www.bbmnoticias.com\/labravaradiofm\/wp-json\/wp\/v2\/comments?post=22088"}],"version-history":[{"count":0,"href":"https:\/\/www.bbmnoticias.com\/labravaradiofm\/wp-json\/wp\/v2\/posts\/22088\/revisions"}],"wp:featuredmedia":[{"embeddable":true,"href":"https:\/\/www.bbmnoticias.com\/labravaradiofm\/wp-json\/wp\/v2\/media\/22089"}],"wp:attachment":[{"href":"https:\/\/www.bbmnoticias.com\/labravaradiofm\/wp-json\/wp\/v2\/media?parent=22088"}],"wp:term":[{"taxonomy":"category","embeddable":true,"href":"https:\/\/www.bbmnoticias.com\/labravaradiofm\/wp-json\/wp\/v2\/categories?post=22088"},{"taxonomy":"post_tag","embeddable":true,"href":"https:\/\/www.bbmnoticias.com\/labravaradiofm\/wp-json\/wp\/v2\/tags?post=22088"}],"curies":[{"name":"wp","href":"https:\/\/api.w.org\/{rel}","templated":true}]}}