{"id":2201,"date":"2021-09-21T14:29:14","date_gmt":"2021-09-21T19:29:14","guid":{"rendered":"https:\/\/www.bbmnoticias.com\/labravaradiofm\/?p=2201"},"modified":"2021-09-21T14:29:15","modified_gmt":"2021-09-21T19:29:15","slug":"obtiene-fiscalia-condena-de-50-anos-contra-secuestrador-en-zaachila","status":"publish","type":"post","link":"https:\/\/www.bbmnoticias.com\/labravaradiofm\/2021\/09\/21\/obtiene-fiscalia-condena-de-50-anos-contra-secuestrador-en-zaachila\/","title":{"rendered":"Obtiene Fiscal\u00eda condena de 50 a\u00f1os contra secuestrador; en Zaachila"},"content":{"rendered":"<div style=\"margin-top: 0px; margin-bottom: 0px;\" class=\"sharethis-inline-share-buttons\" ><\/div>\n<p><strong>Oaxaca de Ju\u00e1rez, Oax.-<\/strong> La comprometida labor de resoluci\u00f3n de casos de la Fiscal\u00eda General del Estado de Oaxaca (FGEO) obtuvo, del Tribunal de Enjuiciamiento, sentencia condenatoria de 50 a\u00f1os de prisi\u00f3n contra la persona del sexo masculino identificado como H. R., responsable del delito de secuestro agravado en contra de H. A. A., cometido en julio de 2016 en la Villa de Zaachila, en la regi\u00f3n de Valles Centrales.<\/p>\n\n\n\n<p>Cabe se\u00f1alar que el il\u00edcito fue planeado y ejecutado por integrantes de una organizaci\u00f3n social con presencia en Valles Centrales.&nbsp;&nbsp;<\/p>\n\n\n\n<p>De acuerdo con los hechos asentados en la carpeta de investigaci\u00f3n 197(FEDAI) 2016, el 19 de julio de 2016, aproximadamente a las 14:50 horas, el imputado y otros sujetos sometieron y condujeron a la v\u00edctima a una galera ubicada en inmediaciones de la colonia Bicentenario de Zaachila, lugar en donde lo privaron de su libertad.<\/p>\n\n\n\n<p>Posteriormente, los plagiarios se contactaron con familiares de la v\u00edctima, a quienes exigieron la entrega de diversos t\u00edtulos de propiedad, pagar\u00e9s y la factura de un veh\u00edculo de motor a cambio de su liberaci\u00f3n.<\/p>\n\n\n\n<p>Ante este hecho y tras la denuncia presentada, la Instituci\u00f3n de procuraci\u00f3n de justicia inici\u00f3 una diligente y exhaustiva investigaci\u00f3n -a cargo de la Fiscal\u00eda Especializada en Atenci\u00f3n a Delitos de Alto Impacto-, logrando identificar, aprehender y presentar al imputado ante el Juez de la causa, quien determin\u00f3 vincularlo a proceso.<\/p>\n\n\n\n<p>En audiencia, el Tribunal de Enjuiciamiento dict\u00f3 sentencia de 50 a\u00f1os de prisi\u00f3n contra H. R., as\u00ed como el pago de la reparaci\u00f3n del da\u00f1o en abstracto.<\/p>\n","protected":false},"excerpt":{"rendered":"<p>Oaxaca de Ju\u00e1rez, Oax.- La comprometida labor de resoluci\u00f3n de casos de la Fiscal\u00eda General del Estado de Oaxaca (FGEO) obtuvo, del Tribunal de Enjuiciamiento, sentencia condenatoria de 50 a\u00f1os de prisi\u00f3n contra la persona del sexo masculino identificado como H. R., responsable del delito de secuestro agravado en contra de H. A. A., cometido [&hellip;]<\/p>\n","protected":false},"author":2,"featured_media":2202,"comment_status":"closed","ping_status":"closed","sticky":false,"template":"","format":"standard","meta":{"footnotes":""},"categories":[20],"tags":[],"class_list":{"0":"post-2201","1":"post","2":"type-post","3":"status-publish","4":"format-standard","5":"has-post-thumbnail","7":"category-policiaca"},"yoast_head":"<!-- This site is optimized with the Yoast SEO plugin v27.4 - https:\/\/yoast.com\/product\/yoast-seo-wordpress\/ -->\n<title>Obtiene Fiscal\u00eda condena de 50 a\u00f1os contra secuestrador; en Zaachila - LA BRAVA RADIO<\/title>\n<meta name=\"description\" content=\"Cabe se\u00f1alar que el il\u00edcito fue planeado y ejecutado por integrantes de una organizaci\u00f3n social con presencia en Valles Centrales.\u00a0\u00a0\" \/>\n<meta name=\"robots\" content=\"index, follow, max-snippet:-1, max-image-preview:large, max-video-preview:-1\" \/>\n<link rel=\"canonical\" href=\"https:\/\/www.bbmnoticias.com\/labravaradiofm\/2021\/09\/21\/obtiene-fiscalia-condena-de-50-anos-contra-secuestrador-en-zaachila\/\" \/>\n<meta property=\"og:locale\" content=\"es_MX\" \/>\n<meta property=\"og:type\" content=\"article\" \/>\n<meta property=\"og:title\" content=\"Obtiene Fiscal\u00eda condena de 50 a\u00f1os contra secuestrador; en Zaachila - LA BRAVA RADIO\" \/>\n<meta property=\"og:description\" content=\"Cabe se\u00f1alar que el il\u00edcito fue planeado y ejecutado por integrantes de una organizaci\u00f3n social con presencia en Valles Centrales.\u00a0\u00a0\" \/>\n<meta property=\"og:url\" content=\"https:\/\/www.bbmnoticias.com\/labravaradiofm\/2021\/09\/21\/obtiene-fiscalia-condena-de-50-anos-contra-secuestrador-en-zaachila\/\" \/>\n<meta property=\"og:site_name\" content=\"LA BRAVA RADIO\" \/>\n<meta property=\"article:published_time\" content=\"2021-09-21T19:29:14+00:00\" \/>\n<meta property=\"article:modified_time\" content=\"2021-09-21T19:29:15+00:00\" \/>\n<meta property=\"og:image\" content=\"https:\/\/www.bbmnoticias.com\/labravaradiofm\/wp-content\/uploads\/sites\/5\/2021\/09\/policiaca21092021-5.jpg\" \/>\n\t<meta property=\"og:image:width\" content=\"1000\" \/>\n\t<meta property=\"og:image:height\" content=\"586\" \/>\n\t<meta property=\"og:image:type\" content=\"image\/jpeg\" \/>\n<meta name=\"author\" content=\"Staff\" \/>\n<meta name=\"twitter:card\" content=\"summary_large_image\" \/>\n<meta name=\"twitter:label1\" content=\"Escrito por\" \/>\n\t<meta name=\"twitter:data1\" content=\"Staff\" \/>\n\t<meta name=\"twitter:label2\" content=\"Tiempo de lectura\" \/>\n\t<meta name=\"twitter:data2\" content=\"2 minutos\" \/>\n<script type=\"application\/ld+json\" class=\"yoast-schema-graph\">{\"@context\":\"https:\\\/\\\/schema.org\",\"@graph\":[{\"@type\":\"Article\",\"@id\":\"https:\\\/\\\/www.bbmnoticias.com\\\/labravaradiofm\\\/2021\\\/09\\\/21\\\/obtiene-fiscalia-condena-de-50-anos-contra-secuestrador-en-zaachila\\\/#article\",\"isPartOf\":{\"@id\":\"https:\\\/\\\/www.bbmnoticias.com\\\/labravaradiofm\\\/2021\\\/09\\\/21\\\/obtiene-fiscalia-condena-de-50-anos-contra-secuestrador-en-zaachila\\\/\"},\"author\":{\"name\":\"Staff\",\"@id\":\"https:\\\/\\\/www.bbmnoticias.com\\\/labravaradiofm\\\/#\\\/schema\\\/person\\\/34b139c617a70ea5bef5678bffe4dd7b\"},\"headline\":\"Obtiene Fiscal\u00eda condena de 50 a\u00f1os contra secuestrador; en Zaachila\",\"datePublished\":\"2021-09-21T19:29:14+00:00\",\"dateModified\":\"2021-09-21T19:29:15+00:00\",\"mainEntityOfPage\":{\"@id\":\"https:\\\/\\\/www.bbmnoticias.com\\\/labravaradiofm\\\/2021\\\/09\\\/21\\\/obtiene-fiscalia-condena-de-50-anos-contra-secuestrador-en-zaachila\\\/\"},\"wordCount\":289,\"image\":{\"@id\":\"https:\\\/\\\/www.bbmnoticias.com\\\/labravaradiofm\\\/2021\\\/09\\\/21\\\/obtiene-fiscalia-condena-de-50-anos-contra-secuestrador-en-zaachila\\\/#primaryimage\"},\"thumbnailUrl\":\"https:\\\/\\\/www.bbmnoticias.com\\\/labravaradiofm\\\/wp-content\\\/uploads\\\/sites\\\/5\\\/2021\\\/09\\\/policiaca21092021-5.jpg\",\"articleSection\":[\"POLICIACA\"],\"inLanguage\":\"es\"},{\"@type\":\"WebPage\",\"@id\":\"https:\\\/\\\/www.bbmnoticias.com\\\/labravaradiofm\\\/2021\\\/09\\\/21\\\/obtiene-fiscalia-condena-de-50-anos-contra-secuestrador-en-zaachila\\\/\",\"url\":\"https:\\\/\\\/www.bbmnoticias.com\\\/labravaradiofm\\\/2021\\\/09\\\/21\\\/obtiene-fiscalia-condena-de-50-anos-contra-secuestrador-en-zaachila\\\/\",\"name\":\"Obtiene Fiscal\u00eda condena de 50 a\u00f1os contra secuestrador; en Zaachila - LA BRAVA RADIO\",\"isPartOf\":{\"@id\":\"https:\\\/\\\/www.bbmnoticias.com\\\/labravaradiofm\\\/#website\"},\"primaryImageOfPage\":{\"@id\":\"https:\\\/\\\/www.bbmnoticias.com\\\/labravaradiofm\\\/2021\\\/09\\\/21\\\/obtiene-fiscalia-condena-de-50-anos-contra-secuestrador-en-zaachila\\\/#primaryimage\"},\"image\":{\"@id\":\"https:\\\/\\\/www.bbmnoticias.com\\\/labravaradiofm\\\/2021\\\/09\\\/21\\\/obtiene-fiscalia-condena-de-50-anos-contra-secuestrador-en-zaachila\\\/#primaryimage\"},\"thumbnailUrl\":\"https:\\\/\\\/www.bbmnoticias.com\\\/labravaradiofm\\\/wp-content\\\/uploads\\\/sites\\\/5\\\/2021\\\/09\\\/policiaca21092021-5.jpg\",\"datePublished\":\"2021-09-21T19:29:14+00:00\",\"dateModified\":\"2021-09-21T19:29:15+00:00\",\"author\":{\"@id\":\"https:\\\/\\\/www.bbmnoticias.com\\\/labravaradiofm\\\/#\\\/schema\\\/person\\\/34b139c617a70ea5bef5678bffe4dd7b\"},\"description\":\"Cabe se\u00f1alar que el il\u00edcito fue planeado y ejecutado por integrantes de una organizaci\u00f3n social con presencia en Valles Centrales.\u00a0\u00a0\",\"breadcrumb\":{\"@id\":\"https:\\\/\\\/www.bbmnoticias.com\\\/labravaradiofm\\\/2021\\\/09\\\/21\\\/obtiene-fiscalia-condena-de-50-anos-contra-secuestrador-en-zaachila\\\/#breadcrumb\"},\"inLanguage\":\"es\",\"potentialAction\":[{\"@type\":\"ReadAction\",\"target\":[\"https:\\\/\\\/www.bbmnoticias.com\\\/labravaradiofm\\\/2021\\\/09\\\/21\\\/obtiene-fiscalia-condena-de-50-anos-contra-secuestrador-en-zaachila\\\/\"]}]},{\"@type\":\"ImageObject\",\"inLanguage\":\"es\",\"@id\":\"https:\\\/\\\/www.bbmnoticias.com\\\/labravaradiofm\\\/2021\\\/09\\\/21\\\/obtiene-fiscalia-condena-de-50-anos-contra-secuestrador-en-zaachila\\\/#primaryimage\",\"url\":\"https:\\\/\\\/www.bbmnoticias.com\\\/labravaradiofm\\\/wp-content\\\/uploads\\\/sites\\\/5\\\/2021\\\/09\\\/policiaca21092021-5.jpg\",\"contentUrl\":\"https:\\\/\\\/www.bbmnoticias.com\\\/labravaradiofm\\\/wp-content\\\/uploads\\\/sites\\\/5\\\/2021\\\/09\\\/policiaca21092021-5.jpg\",\"width\":1000,\"height\":586},{\"@type\":\"BreadcrumbList\",\"@id\":\"https:\\\/\\\/www.bbmnoticias.com\\\/labravaradiofm\\\/2021\\\/09\\\/21\\\/obtiene-fiscalia-condena-de-50-anos-contra-secuestrador-en-zaachila\\\/#breadcrumb\",\"itemListElement\":[{\"@type\":\"ListItem\",\"position\":1,\"name\":\"Inicio\",\"item\":\"https:\\\/\\\/www.bbmnoticias.com\\\/labravaradiofm\\\/\"},{\"@type\":\"ListItem\",\"position\":2,\"name\":\"Obtiene Fiscal\u00eda condena de 50 a\u00f1os contra secuestrador; en Zaachila\"}]},{\"@type\":\"WebSite\",\"@id\":\"https:\\\/\\\/www.bbmnoticias.com\\\/labravaradiofm\\\/#website\",\"url\":\"https:\\\/\\\/www.bbmnoticias.com\\\/labravaradiofm\\\/\",\"name\":\"LA BRAVA RADIO\",\"description\":\"Empresa productora de medios, Radiodifusi\u00f3n, Noticias, tendencias y todo lo que necesitas saber de la pol\u00edtica mexicana e internacional; entretenimiento, espect\u00e1culos, salud y mucho m\u00e1s.\",\"potentialAction\":[{\"@type\":\"SearchAction\",\"target\":{\"@type\":\"EntryPoint\",\"urlTemplate\":\"https:\\\/\\\/www.bbmnoticias.com\\\/labravaradiofm\\\/?s={search_term_string}\"},\"query-input\":{\"@type\":\"PropertyValueSpecification\",\"valueRequired\":true,\"valueName\":\"search_term_string\"}}],\"inLanguage\":\"es\"},{\"@type\":\"Person\",\"@id\":\"https:\\\/\\\/www.bbmnoticias.com\\\/labravaradiofm\\\/#\\\/schema\\\/person\\\/34b139c617a70ea5bef5678bffe4dd7b\",\"name\":\"Staff\",\"image\":{\"@type\":\"ImageObject\",\"inLanguage\":\"es\",\"@id\":\"https:\\\/\\\/secure.gravatar.com\\\/avatar\\\/fdd21ad66fd8b98c407f9dee5b5e588cfe7f0d8579ec20fa6527cd59bab7f0f0?s=96&d=mm&r=g\",\"url\":\"https:\\\/\\\/secure.gravatar.com\\\/avatar\\\/fdd21ad66fd8b98c407f9dee5b5e588cfe7f0d8579ec20fa6527cd59bab7f0f0?s=96&d=mm&r=g\",\"contentUrl\":\"https:\\\/\\\/secure.gravatar.com\\\/avatar\\\/fdd21ad66fd8b98c407f9dee5b5e588cfe7f0d8579ec20fa6527cd59bab7f0f0?s=96&d=mm&r=g\",\"caption\":\"Staff\"},\"url\":\"https:\\\/\\\/www.bbmnoticias.com\\\/labravaradiofm\\\/author\\\/redaccion\\\/\"}]}<\/script>\n<!-- \/ Yoast SEO plugin. -->","yoast_head_json":{"title":"Obtiene Fiscal\u00eda condena de 50 a\u00f1os contra secuestrador; en Zaachila - LA BRAVA RADIO","description":"Cabe se\u00f1alar que el il\u00edcito fue planeado y ejecutado por integrantes de una organizaci\u00f3n social con presencia en Valles Centrales.\u00a0\u00a0","robots":{"index":"index","follow":"follow","max-snippet":"max-snippet:-1","max-image-preview":"max-image-preview:large","max-video-preview":"max-video-preview:-1"},"canonical":"https:\/\/www.bbmnoticias.com\/labravaradiofm\/2021\/09\/21\/obtiene-fiscalia-condena-de-50-anos-contra-secuestrador-en-zaachila\/","og_locale":"es_MX","og_type":"article","og_title":"Obtiene Fiscal\u00eda condena de 50 a\u00f1os contra secuestrador; en Zaachila - LA BRAVA RADIO","og_description":"Cabe se\u00f1alar que el il\u00edcito fue planeado y ejecutado por integrantes de una organizaci\u00f3n social con presencia en Valles Centrales.\u00a0\u00a0","og_url":"https:\/\/www.bbmnoticias.com\/labravaradiofm\/2021\/09\/21\/obtiene-fiscalia-condena-de-50-anos-contra-secuestrador-en-zaachila\/","og_site_name":"LA BRAVA RADIO","article_published_time":"2021-09-21T19:29:14+00:00","article_modified_time":"2021-09-21T19:29:15+00:00","og_image":[{"width":1000,"height":586,"url":"https:\/\/www.bbmnoticias.com\/labravaradiofm\/wp-content\/uploads\/sites\/5\/2021\/09\/policiaca21092021-5.jpg","type":"image\/jpeg"}],"author":"Staff","twitter_card":"summary_large_image","twitter_misc":{"Escrito por":"Staff","Tiempo de lectura":"2 minutos"},"schema":{"@context":"https:\/\/schema.org","@graph":[{"@type":"Article","@id":"https:\/\/www.bbmnoticias.com\/labravaradiofm\/2021\/09\/21\/obtiene-fiscalia-condena-de-50-anos-contra-secuestrador-en-zaachila\/#article","isPartOf":{"@id":"https:\/\/www.bbmnoticias.com\/labravaradiofm\/2021\/09\/21\/obtiene-fiscalia-condena-de-50-anos-contra-secuestrador-en-zaachila\/"},"author":{"name":"Staff","@id":"https:\/\/www.bbmnoticias.com\/labravaradiofm\/#\/schema\/person\/34b139c617a70ea5bef5678bffe4dd7b"},"headline":"Obtiene Fiscal\u00eda condena de 50 a\u00f1os contra secuestrador; en Zaachila","datePublished":"2021-09-21T19:29:14+00:00","dateModified":"2021-09-21T19:29:15+00:00","mainEntityOfPage":{"@id":"https:\/\/www.bbmnoticias.com\/labravaradiofm\/2021\/09\/21\/obtiene-fiscalia-condena-de-50-anos-contra-secuestrador-en-zaachila\/"},"wordCount":289,"image":{"@id":"https:\/\/www.bbmnoticias.com\/labravaradiofm\/2021\/09\/21\/obtiene-fiscalia-condena-de-50-anos-contra-secuestrador-en-zaachila\/#primaryimage"},"thumbnailUrl":"https:\/\/www.bbmnoticias.com\/labravaradiofm\/wp-content\/uploads\/sites\/5\/2021\/09\/policiaca21092021-5.jpg","articleSection":["POLICIACA"],"inLanguage":"es"},{"@type":"WebPage","@id":"https:\/\/www.bbmnoticias.com\/labravaradiofm\/2021\/09\/21\/obtiene-fiscalia-condena-de-50-anos-contra-secuestrador-en-zaachila\/","url":"https:\/\/www.bbmnoticias.com\/labravaradiofm\/2021\/09\/21\/obtiene-fiscalia-condena-de-50-anos-contra-secuestrador-en-zaachila\/","name":"Obtiene Fiscal\u00eda condena de 50 a\u00f1os contra secuestrador; en Zaachila - LA BRAVA RADIO","isPartOf":{"@id":"https:\/\/www.bbmnoticias.com\/labravaradiofm\/#website"},"primaryImageOfPage":{"@id":"https:\/\/www.bbmnoticias.com\/labravaradiofm\/2021\/09\/21\/obtiene-fiscalia-condena-de-50-anos-contra-secuestrador-en-zaachila\/#primaryimage"},"image":{"@id":"https:\/\/www.bbmnoticias.com\/labravaradiofm\/2021\/09\/21\/obtiene-fiscalia-condena-de-50-anos-contra-secuestrador-en-zaachila\/#primaryimage"},"thumbnailUrl":"https:\/\/www.bbmnoticias.com\/labravaradiofm\/wp-content\/uploads\/sites\/5\/2021\/09\/policiaca21092021-5.jpg","datePublished":"2021-09-21T19:29:14+00:00","dateModified":"2021-09-21T19:29:15+00:00","author":{"@id":"https:\/\/www.bbmnoticias.com\/labravaradiofm\/#\/schema\/person\/34b139c617a70ea5bef5678bffe4dd7b"},"description":"Cabe se\u00f1alar que el il\u00edcito fue planeado y ejecutado por integrantes de una organizaci\u00f3n social con presencia en Valles Centrales.\u00a0\u00a0","breadcrumb":{"@id":"https:\/\/www.bbmnoticias.com\/labravaradiofm\/2021\/09\/21\/obtiene-fiscalia-condena-de-50-anos-contra-secuestrador-en-zaachila\/#breadcrumb"},"inLanguage":"es","potentialAction":[{"@type":"ReadAction","target":["https:\/\/www.bbmnoticias.com\/labravaradiofm\/2021\/09\/21\/obtiene-fiscalia-condena-de-50-anos-contra-secuestrador-en-zaachila\/"]}]},{"@type":"ImageObject","inLanguage":"es","@id":"https:\/\/www.bbmnoticias.com\/labravaradiofm\/2021\/09\/21\/obtiene-fiscalia-condena-de-50-anos-contra-secuestrador-en-zaachila\/#primaryimage","url":"https:\/\/www.bbmnoticias.com\/labravaradiofm\/wp-content\/uploads\/sites\/5\/2021\/09\/policiaca21092021-5.jpg","contentUrl":"https:\/\/www.bbmnoticias.com\/labravaradiofm\/wp-content\/uploads\/sites\/5\/2021\/09\/policiaca21092021-5.jpg","width":1000,"height":586},{"@type":"BreadcrumbList","@id":"https:\/\/www.bbmnoticias.com\/labravaradiofm\/2021\/09\/21\/obtiene-fiscalia-condena-de-50-anos-contra-secuestrador-en-zaachila\/#breadcrumb","itemListElement":[{"@type":"ListItem","position":1,"name":"Inicio","item":"https:\/\/www.bbmnoticias.com\/labravaradiofm\/"},{"@type":"ListItem","position":2,"name":"Obtiene Fiscal\u00eda condena de 50 a\u00f1os contra secuestrador; en Zaachila"}]},{"@type":"WebSite","@id":"https:\/\/www.bbmnoticias.com\/labravaradiofm\/#website","url":"https:\/\/www.bbmnoticias.com\/labravaradiofm\/","name":"LA BRAVA RADIO","description":"Empresa productora de medios, Radiodifusi\u00f3n, Noticias, tendencias y todo lo que necesitas saber de la pol\u00edtica mexicana e internacional; entretenimiento, espect\u00e1culos, salud y mucho m\u00e1s.","potentialAction":[{"@type":"SearchAction","target":{"@type":"EntryPoint","urlTemplate":"https:\/\/www.bbmnoticias.com\/labravaradiofm\/?s={search_term_string}"},"query-input":{"@type":"PropertyValueSpecification","valueRequired":true,"valueName":"search_term_string"}}],"inLanguage":"es"},{"@type":"Person","@id":"https:\/\/www.bbmnoticias.com\/labravaradiofm\/#\/schema\/person\/34b139c617a70ea5bef5678bffe4dd7b","name":"Staff","image":{"@type":"ImageObject","inLanguage":"es","@id":"https:\/\/secure.gravatar.com\/avatar\/fdd21ad66fd8b98c407f9dee5b5e588cfe7f0d8579ec20fa6527cd59bab7f0f0?s=96&d=mm&r=g","url":"https:\/\/secure.gravatar.com\/avatar\/fdd21ad66fd8b98c407f9dee5b5e588cfe7f0d8579ec20fa6527cd59bab7f0f0?s=96&d=mm&r=g","contentUrl":"https:\/\/secure.gravatar.com\/avatar\/fdd21ad66fd8b98c407f9dee5b5e588cfe7f0d8579ec20fa6527cd59bab7f0f0?s=96&d=mm&r=g","caption":"Staff"},"url":"https:\/\/www.bbmnoticias.com\/labravaradiofm\/author\/redaccion\/"}]}},"_links":{"self":[{"href":"https:\/\/www.bbmnoticias.com\/labravaradiofm\/wp-json\/wp\/v2\/posts\/2201","targetHints":{"allow":["GET"]}}],"collection":[{"href":"https:\/\/www.bbmnoticias.com\/labravaradiofm\/wp-json\/wp\/v2\/posts"}],"about":[{"href":"https:\/\/www.bbmnoticias.com\/labravaradiofm\/wp-json\/wp\/v2\/types\/post"}],"author":[{"embeddable":true,"href":"https:\/\/www.bbmnoticias.com\/labravaradiofm\/wp-json\/wp\/v2\/users\/2"}],"replies":[{"embeddable":true,"href":"https:\/\/www.bbmnoticias.com\/labravaradiofm\/wp-json\/wp\/v2\/comments?post=2201"}],"version-history":[{"count":0,"href":"https:\/\/www.bbmnoticias.com\/labravaradiofm\/wp-json\/wp\/v2\/posts\/2201\/revisions"}],"wp:featuredmedia":[{"embeddable":true,"href":"https:\/\/www.bbmnoticias.com\/labravaradiofm\/wp-json\/wp\/v2\/media\/2202"}],"wp:attachment":[{"href":"https:\/\/www.bbmnoticias.com\/labravaradiofm\/wp-json\/wp\/v2\/media?parent=2201"}],"wp:term":[{"taxonomy":"category","embeddable":true,"href":"https:\/\/www.bbmnoticias.com\/labravaradiofm\/wp-json\/wp\/v2\/categories?post=2201"},{"taxonomy":"post_tag","embeddable":true,"href":"https:\/\/www.bbmnoticias.com\/labravaradiofm\/wp-json\/wp\/v2\/tags?post=2201"}],"curies":[{"name":"wp","href":"https:\/\/api.w.org\/{rel}","templated":true}]}}