{"id":2198,"date":"2021-09-21T13:12:57","date_gmt":"2021-09-21T18:12:57","guid":{"rendered":"https:\/\/www.bbmnoticias.com\/labravaradiofm\/?p=2198"},"modified":"2021-09-21T13:13:20","modified_gmt":"2021-09-21T18:13:20","slug":"pension-bienestar-2021-paso-a-paso-las-fechas-y-requisitos-para-recibir-el-apoyo","status":"publish","type":"post","link":"https:\/\/www.bbmnoticias.com\/labravaradiofm\/2021\/09\/21\/pension-bienestar-2021-paso-a-paso-las-fechas-y-requisitos-para-recibir-el-apoyo\/","title":{"rendered":"Pensi\u00f3n Bienestar 2021: Paso a paso las fechas y requisitos para recibir el apoyo"},"content":{"rendered":"<div style=\"margin-top: 0px; margin-bottom: 0px;\" class=\"sharethis-inline-share-buttons\" ><\/div>\n<p>Conoce cu\u00e1les son los <strong>pasos<\/strong> para la Pensi\u00f3n Bienestar 2021, en cuanto a <strong>fechas<\/strong> y <strong>requisitos<\/strong> para que los adultos mayores reciban el <strong>apoyo<\/strong> en M\u00e9xico.<\/p>\n\n\n\n<p>Si bien, el pago del bimestre septiembre-octubre ya tuvo lugar la <strong>Pensi\u00f3n Bienestar 2021<\/strong>, los adultos mayores que est\u00e9n interesados en recibir esta ayuda, a\u00fan pueden registrarse.<\/p>\n\n\n\n<h2 class=\"wp-block-heading\">\u00bfQu\u00e9 es la Pensi\u00f3n Bienestar 2021?<\/h2>\n\n\n\n<p>Para el registro a la <strong>Pensi\u00f3n Bienestar 2021<\/strong>, te decimos cu\u00e1les son los requisitos y fechas paso a paso para que las personas de la tercera edad reciban el apoyo.<\/p>\n\n\n\n<p>La Pensi\u00f3n Bienestar es un <strong>apoyo<\/strong> econ\u00f3mico que da la administraci\u00f3n del presidente Andr\u00e9s Manuel L\u00f3pez Obrador (AMLO) a los adultos mayores.<\/p>\n\n\n\n<p>El prop\u00f3sito del apoyo es mejorar la calidad de vida de las personas adultas mayores y el apoyo econ\u00f3mico consta de 3 mil 100 pesos cada dos meses.<\/p>\n\n\n\n<h2 class=\"wp-block-heading\">Paso a paso las fechas y requisitos para la Pensi\u00f3n Bienestar 2021<\/h2>\n\n\n\n<p>Te dejamos aqu\u00ed los pasos para el registro a la Pensi\u00f3n Bienestar 2021, con el que se mejora la calidad de los adultos mayores en el pa\u00eds.<\/p>\n\n\n\n<p>Las inscripciones se encuentran abiertas para los adultos mayores y los pasos son:<\/p>\n\n\n\n<ul class=\"wp-block-list\"><li>Como solicitar la Pensi\u00f3n Bienestar<\/li><li>Ubicar el m\u00f3dulo de registro en la p\u00e1gina oficial<\/li><li>Acudir al m\u00f3dulo que corresponda en d\u00eda y hora<\/li><li><strong>Requisitos<\/strong> para la Pensi\u00f3n Bienestar 2021<\/li><li><strong>Fechas<\/strong> de cobro<\/li><\/ul>\n\n\n\n<h2 class=\"wp-block-heading\">\u00bfC\u00f3mo solicitar la Pensi\u00f3n del Bienestar?<\/h2>\n\n\n\n<p>La <strong>Pensi\u00f3n del Bienestar 2021<\/strong> se puede solicitar en la L\u00ednea del Bienestar (800-639-42-64), con un horario de atenci\u00f3n que es de lunes a viernes de 8:00 a 21:00 horas.<\/p>\n\n\n\n<p>Los fines de semana y d\u00edas festivos el horario de atenci\u00f3n es de de 9:00 a 13:00 horas.<\/p>\n\n\n\n<p>Si bien ya se pag\u00f3 la Pensi\u00f3n del Bienestar 2021 del bimestre septiembre-octubre ya tuvo lugar, los adultos mayores que est\u00e9n interesados en recibir esta ayuda, pueden registrarse.<\/p>\n\n\n\n<p>Para el registro los interesados&nbsp;tienen que acudir a cualquiera de los m\u00f3dulos que se encuentran en todas las alcald\u00edas de la CDMX y en el pa\u00eds-<\/p>\n\n\n\n<p>Si quieres saber d\u00f3nde se encuentran los m\u00f3dulos, se pueden ubicar en la p\u00e1gina ubicatumodulo.bienestar.gob.mx o al tel\u00e9fono 800 639 42 64.<\/p>\n\n\n\n<p>Para la Pensi\u00f3n del Bienestar 2021 que beneficia a los adultos mayores, los interesados deben ubicar el m\u00f3dulo de registro.<\/p>\n\n\n\n<p>El d\u00eda para acudir al registro es determinado a partir de la primera letra del primer apellido para e reducir el aforo y afluencia de personas para evitar contagios de Covid-19.<\/p>\n\n\n\n<ul class=\"wp-block-list\"><li>La edad m\u00ednima para inscribirse a la Pensi\u00f3n del Bienestar es de 65 a\u00f1os.<\/li><li>Lunes: A, B, C.<\/li><li>Martes: D, E, F, G.<\/li><li>Mi\u00e9rcoles: H, I, J, K, L.<\/li><li>Jueves: M, N, \u00d1, O.<\/li><li>Viernes: P, Q, R.<\/li><\/ul>\n\n\n\n<h2 class=\"wp-block-heading\">Requisitos para la Pensi\u00f3n Bienestar 2021<\/h2>\n\n\n\n<p>Para la Pensi\u00f3n del Bienestar 2021 que beneficia a adultos mayores en el pa\u00eds se debe contar con los siguientes requisitos:<\/p>\n\n\n\n<ul class=\"wp-block-list\"><li>Comprobante de domicilio<\/li><li>Identificaci\u00f3n oficial vigente<\/li><li>Acta de nacimiento<\/li><li>Clave \u00danica de Registro de Poblaci\u00f3n (CURP)<\/li><li>Tel\u00e9fono de contacto<\/li><\/ul>\n\n\n\n<h2 class=\"wp-block-heading\">Fechas de cobro para la Pensi\u00f3n Bienestar 2021<\/h2>\n\n\n\n<p>La Pensi\u00f3n Bienestar tiene el prop\u00f3sito de apoyar a los adultos mayores m\u00e1s afectados.<\/p>\n\n\n\n<p>El pago bimestral de la Pensi\u00f3n del Bienestar es de 3 mil 100 pesos y falta por pagar el bimestre noviembre-diciembre en 2021.<\/p>\n\n\n\n<p>El dep\u00f3sito se realizar\u00e1 en los primeros d\u00edas de noviembre y se depositar\u00e1 en su Tarjeta Bienestar y el retiro del dinero es en el Banco del Bienestar.<\/p>\n\n\n\n<p>El adulto mayor deber\u00e1 acudir con su Tarjeta Bienestar y el NIP de activaci\u00f3n.<\/p>\n","protected":false},"excerpt":{"rendered":"<p>Conoce cu\u00e1les son los pasos para la Pensi\u00f3n Bienestar 2021, en cuanto a fechas y requisitos para que los adultos mayores reciban el apoyo en M\u00e9xico. Si bien, el pago del bimestre septiembre-octubre ya tuvo lugar la Pensi\u00f3n Bienestar 2021, los adultos mayores que est\u00e9n interesados en recibir esta ayuda, a\u00fan pueden registrarse. \u00bfQu\u00e9 es [&hellip;]<\/p>\n","protected":false},"author":4,"featured_media":2199,"comment_status":"closed","ping_status":"closed","sticky":false,"template":"","format":"standard","meta":{"footnotes":""},"categories":[19],"tags":[],"class_list":{"0":"post-2198","1":"post","2":"type-post","3":"status-publish","4":"format-standard","5":"has-post-thumbnail","7":"category-nacional"},"yoast_head":"<!-- This site is optimized with the Yoast SEO plugin v27.4 - https:\/\/yoast.com\/product\/yoast-seo-wordpress\/ -->\n<title>Pensi\u00f3n Bienestar 2021: Paso a paso las fechas y requisitos para recibir el apoyo - LA BRAVA RADIO<\/title>\n<meta name=\"description\" content=\"La Pensi\u00f3n Bienestar es un apoyo econ\u00f3mico que da la administraci\u00f3n del presidente Andr\u00e9s Manuel L\u00f3pez Obrador\" \/>\n<meta name=\"robots\" content=\"index, follow, max-snippet:-1, max-image-preview:large, max-video-preview:-1\" \/>\n<link rel=\"canonical\" href=\"https:\/\/www.bbmnoticias.com\/labravaradiofm\/2021\/09\/21\/pension-bienestar-2021-paso-a-paso-las-fechas-y-requisitos-para-recibir-el-apoyo\/\" \/>\n<meta property=\"og:locale\" content=\"es_MX\" \/>\n<meta property=\"og:type\" content=\"article\" \/>\n<meta property=\"og:title\" content=\"Pensi\u00f3n Bienestar 2021: Paso a paso las fechas y requisitos para recibir el apoyo - LA BRAVA RADIO\" \/>\n<meta property=\"og:description\" content=\"La Pensi\u00f3n Bienestar es un apoyo econ\u00f3mico que da la administraci\u00f3n del presidente Andr\u00e9s Manuel L\u00f3pez Obrador\" \/>\n<meta property=\"og:url\" content=\"https:\/\/www.bbmnoticias.com\/labravaradiofm\/2021\/09\/21\/pension-bienestar-2021-paso-a-paso-las-fechas-y-requisitos-para-recibir-el-apoyo\/\" \/>\n<meta property=\"og:site_name\" content=\"LA BRAVA RADIO\" \/>\n<meta property=\"article:published_time\" content=\"2021-09-21T18:12:57+00:00\" \/>\n<meta property=\"article:modified_time\" content=\"2021-09-21T18:13:20+00:00\" \/>\n<meta property=\"og:image\" content=\"https:\/\/www.bbmnoticias.com\/labravaradiofm\/wp-content\/uploads\/sites\/5\/2021\/09\/nacional21092021-5.jpg\" \/>\n\t<meta property=\"og:image:width\" content=\"640\" \/>\n\t<meta property=\"og:image:height\" content=\"360\" \/>\n\t<meta property=\"og:image:type\" content=\"image\/jpeg\" \/>\n<meta name=\"author\" content=\"Agencias\" \/>\n<meta name=\"twitter:card\" content=\"summary_large_image\" \/>\n<meta name=\"twitter:label1\" content=\"Escrito por\" \/>\n\t<meta name=\"twitter:data1\" content=\"Agencias\" \/>\n\t<meta name=\"twitter:label2\" content=\"Tiempo de lectura\" \/>\n\t<meta name=\"twitter:data2\" content=\"3 minutos\" \/>\n<script type=\"application\/ld+json\" class=\"yoast-schema-graph\">{\"@context\":\"https:\\\/\\\/schema.org\",\"@graph\":[{\"@type\":\"Article\",\"@id\":\"https:\\\/\\\/www.bbmnoticias.com\\\/labravaradiofm\\\/2021\\\/09\\\/21\\\/pension-bienestar-2021-paso-a-paso-las-fechas-y-requisitos-para-recibir-el-apoyo\\\/#article\",\"isPartOf\":{\"@id\":\"https:\\\/\\\/www.bbmnoticias.com\\\/labravaradiofm\\\/2021\\\/09\\\/21\\\/pension-bienestar-2021-paso-a-paso-las-fechas-y-requisitos-para-recibir-el-apoyo\\\/\"},\"author\":{\"name\":\"Agencias\",\"@id\":\"https:\\\/\\\/www.bbmnoticias.com\\\/labravaradiofm\\\/#\\\/schema\\\/person\\\/857a3daf5c8142f29919023f377fbfad\"},\"headline\":\"Pensi\u00f3n Bienestar 2021: Paso a paso las fechas y requisitos para recibir el apoyo\",\"datePublished\":\"2021-09-21T18:12:57+00:00\",\"dateModified\":\"2021-09-21T18:13:20+00:00\",\"mainEntityOfPage\":{\"@id\":\"https:\\\/\\\/www.bbmnoticias.com\\\/labravaradiofm\\\/2021\\\/09\\\/21\\\/pension-bienestar-2021-paso-a-paso-las-fechas-y-requisitos-para-recibir-el-apoyo\\\/\"},\"wordCount\":630,\"image\":{\"@id\":\"https:\\\/\\\/www.bbmnoticias.com\\\/labravaradiofm\\\/2021\\\/09\\\/21\\\/pension-bienestar-2021-paso-a-paso-las-fechas-y-requisitos-para-recibir-el-apoyo\\\/#primaryimage\"},\"thumbnailUrl\":\"https:\\\/\\\/www.bbmnoticias.com\\\/labravaradiofm\\\/wp-content\\\/uploads\\\/sites\\\/5\\\/2021\\\/09\\\/nacional21092021-5.jpg\",\"articleSection\":[\"NACIONAL\"],\"inLanguage\":\"es\"},{\"@type\":\"WebPage\",\"@id\":\"https:\\\/\\\/www.bbmnoticias.com\\\/labravaradiofm\\\/2021\\\/09\\\/21\\\/pension-bienestar-2021-paso-a-paso-las-fechas-y-requisitos-para-recibir-el-apoyo\\\/\",\"url\":\"https:\\\/\\\/www.bbmnoticias.com\\\/labravaradiofm\\\/2021\\\/09\\\/21\\\/pension-bienestar-2021-paso-a-paso-las-fechas-y-requisitos-para-recibir-el-apoyo\\\/\",\"name\":\"Pensi\u00f3n Bienestar 2021: Paso a paso las fechas y requisitos para recibir el apoyo - LA BRAVA RADIO\",\"isPartOf\":{\"@id\":\"https:\\\/\\\/www.bbmnoticias.com\\\/labravaradiofm\\\/#website\"},\"primaryImageOfPage\":{\"@id\":\"https:\\\/\\\/www.bbmnoticias.com\\\/labravaradiofm\\\/2021\\\/09\\\/21\\\/pension-bienestar-2021-paso-a-paso-las-fechas-y-requisitos-para-recibir-el-apoyo\\\/#primaryimage\"},\"image\":{\"@id\":\"https:\\\/\\\/www.bbmnoticias.com\\\/labravaradiofm\\\/2021\\\/09\\\/21\\\/pension-bienestar-2021-paso-a-paso-las-fechas-y-requisitos-para-recibir-el-apoyo\\\/#primaryimage\"},\"thumbnailUrl\":\"https:\\\/\\\/www.bbmnoticias.com\\\/labravaradiofm\\\/wp-content\\\/uploads\\\/sites\\\/5\\\/2021\\\/09\\\/nacional21092021-5.jpg\",\"datePublished\":\"2021-09-21T18:12:57+00:00\",\"dateModified\":\"2021-09-21T18:13:20+00:00\",\"author\":{\"@id\":\"https:\\\/\\\/www.bbmnoticias.com\\\/labravaradiofm\\\/#\\\/schema\\\/person\\\/857a3daf5c8142f29919023f377fbfad\"},\"description\":\"La Pensi\u00f3n Bienestar es un apoyo econ\u00f3mico que da la administraci\u00f3n del presidente Andr\u00e9s Manuel L\u00f3pez Obrador\",\"breadcrumb\":{\"@id\":\"https:\\\/\\\/www.bbmnoticias.com\\\/labravaradiofm\\\/2021\\\/09\\\/21\\\/pension-bienestar-2021-paso-a-paso-las-fechas-y-requisitos-para-recibir-el-apoyo\\\/#breadcrumb\"},\"inLanguage\":\"es\",\"potentialAction\":[{\"@type\":\"ReadAction\",\"target\":[\"https:\\\/\\\/www.bbmnoticias.com\\\/labravaradiofm\\\/2021\\\/09\\\/21\\\/pension-bienestar-2021-paso-a-paso-las-fechas-y-requisitos-para-recibir-el-apoyo\\\/\"]}]},{\"@type\":\"ImageObject\",\"inLanguage\":\"es\",\"@id\":\"https:\\\/\\\/www.bbmnoticias.com\\\/labravaradiofm\\\/2021\\\/09\\\/21\\\/pension-bienestar-2021-paso-a-paso-las-fechas-y-requisitos-para-recibir-el-apoyo\\\/#primaryimage\",\"url\":\"https:\\\/\\\/www.bbmnoticias.com\\\/labravaradiofm\\\/wp-content\\\/uploads\\\/sites\\\/5\\\/2021\\\/09\\\/nacional21092021-5.jpg\",\"contentUrl\":\"https:\\\/\\\/www.bbmnoticias.com\\\/labravaradiofm\\\/wp-content\\\/uploads\\\/sites\\\/5\\\/2021\\\/09\\\/nacional21092021-5.jpg\",\"width\":640,\"height\":360},{\"@type\":\"BreadcrumbList\",\"@id\":\"https:\\\/\\\/www.bbmnoticias.com\\\/labravaradiofm\\\/2021\\\/09\\\/21\\\/pension-bienestar-2021-paso-a-paso-las-fechas-y-requisitos-para-recibir-el-apoyo\\\/#breadcrumb\",\"itemListElement\":[{\"@type\":\"ListItem\",\"position\":1,\"name\":\"Inicio\",\"item\":\"https:\\\/\\\/www.bbmnoticias.com\\\/labravaradiofm\\\/\"},{\"@type\":\"ListItem\",\"position\":2,\"name\":\"Pensi\u00f3n Bienestar 2021: Paso a paso las fechas y requisitos para recibir el apoyo\"}]},{\"@type\":\"WebSite\",\"@id\":\"https:\\\/\\\/www.bbmnoticias.com\\\/labravaradiofm\\\/#website\",\"url\":\"https:\\\/\\\/www.bbmnoticias.com\\\/labravaradiofm\\\/\",\"name\":\"LA BRAVA RADIO\",\"description\":\"Empresa productora de medios, Radiodifusi\u00f3n, Noticias, tendencias y todo lo que necesitas saber de la pol\u00edtica mexicana e internacional; entretenimiento, espect\u00e1culos, salud y mucho m\u00e1s.\",\"potentialAction\":[{\"@type\":\"SearchAction\",\"target\":{\"@type\":\"EntryPoint\",\"urlTemplate\":\"https:\\\/\\\/www.bbmnoticias.com\\\/labravaradiofm\\\/?s={search_term_string}\"},\"query-input\":{\"@type\":\"PropertyValueSpecification\",\"valueRequired\":true,\"valueName\":\"search_term_string\"}}],\"inLanguage\":\"es\"},{\"@type\":\"Person\",\"@id\":\"https:\\\/\\\/www.bbmnoticias.com\\\/labravaradiofm\\\/#\\\/schema\\\/person\\\/857a3daf5c8142f29919023f377fbfad\",\"name\":\"Agencias\",\"image\":{\"@type\":\"ImageObject\",\"inLanguage\":\"es\",\"@id\":\"https:\\\/\\\/secure.gravatar.com\\\/avatar\\\/739e0b61adf9e398b425c36718c8752286da0e8cd90f20ce9a86678abc26aa0d?s=96&d=mm&r=g\",\"url\":\"https:\\\/\\\/secure.gravatar.com\\\/avatar\\\/739e0b61adf9e398b425c36718c8752286da0e8cd90f20ce9a86678abc26aa0d?s=96&d=mm&r=g\",\"contentUrl\":\"https:\\\/\\\/secure.gravatar.com\\\/avatar\\\/739e0b61adf9e398b425c36718c8752286da0e8cd90f20ce9a86678abc26aa0d?s=96&d=mm&r=g\",\"caption\":\"Agencias\"},\"url\":\"https:\\\/\\\/www.bbmnoticias.com\\\/labravaradiofm\\\/author\\\/agencias\\\/\"}]}<\/script>\n<!-- \/ Yoast SEO plugin. -->","yoast_head_json":{"title":"Pensi\u00f3n Bienestar 2021: Paso a paso las fechas y requisitos para recibir el apoyo - LA BRAVA RADIO","description":"La Pensi\u00f3n Bienestar es un apoyo econ\u00f3mico que da la administraci\u00f3n del presidente Andr\u00e9s Manuel L\u00f3pez Obrador","robots":{"index":"index","follow":"follow","max-snippet":"max-snippet:-1","max-image-preview":"max-image-preview:large","max-video-preview":"max-video-preview:-1"},"canonical":"https:\/\/www.bbmnoticias.com\/labravaradiofm\/2021\/09\/21\/pension-bienestar-2021-paso-a-paso-las-fechas-y-requisitos-para-recibir-el-apoyo\/","og_locale":"es_MX","og_type":"article","og_title":"Pensi\u00f3n Bienestar 2021: Paso a paso las fechas y requisitos para recibir el apoyo - LA BRAVA RADIO","og_description":"La Pensi\u00f3n Bienestar es un apoyo econ\u00f3mico que da la administraci\u00f3n del presidente Andr\u00e9s Manuel L\u00f3pez Obrador","og_url":"https:\/\/www.bbmnoticias.com\/labravaradiofm\/2021\/09\/21\/pension-bienestar-2021-paso-a-paso-las-fechas-y-requisitos-para-recibir-el-apoyo\/","og_site_name":"LA BRAVA RADIO","article_published_time":"2021-09-21T18:12:57+00:00","article_modified_time":"2021-09-21T18:13:20+00:00","og_image":[{"width":640,"height":360,"url":"https:\/\/www.bbmnoticias.com\/labravaradiofm\/wp-content\/uploads\/sites\/5\/2021\/09\/nacional21092021-5.jpg","type":"image\/jpeg"}],"author":"Agencias","twitter_card":"summary_large_image","twitter_misc":{"Escrito por":"Agencias","Tiempo de lectura":"3 minutos"},"schema":{"@context":"https:\/\/schema.org","@graph":[{"@type":"Article","@id":"https:\/\/www.bbmnoticias.com\/labravaradiofm\/2021\/09\/21\/pension-bienestar-2021-paso-a-paso-las-fechas-y-requisitos-para-recibir-el-apoyo\/#article","isPartOf":{"@id":"https:\/\/www.bbmnoticias.com\/labravaradiofm\/2021\/09\/21\/pension-bienestar-2021-paso-a-paso-las-fechas-y-requisitos-para-recibir-el-apoyo\/"},"author":{"name":"Agencias","@id":"https:\/\/www.bbmnoticias.com\/labravaradiofm\/#\/schema\/person\/857a3daf5c8142f29919023f377fbfad"},"headline":"Pensi\u00f3n Bienestar 2021: Paso a paso las fechas y requisitos para recibir el apoyo","datePublished":"2021-09-21T18:12:57+00:00","dateModified":"2021-09-21T18:13:20+00:00","mainEntityOfPage":{"@id":"https:\/\/www.bbmnoticias.com\/labravaradiofm\/2021\/09\/21\/pension-bienestar-2021-paso-a-paso-las-fechas-y-requisitos-para-recibir-el-apoyo\/"},"wordCount":630,"image":{"@id":"https:\/\/www.bbmnoticias.com\/labravaradiofm\/2021\/09\/21\/pension-bienestar-2021-paso-a-paso-las-fechas-y-requisitos-para-recibir-el-apoyo\/#primaryimage"},"thumbnailUrl":"https:\/\/www.bbmnoticias.com\/labravaradiofm\/wp-content\/uploads\/sites\/5\/2021\/09\/nacional21092021-5.jpg","articleSection":["NACIONAL"],"inLanguage":"es"},{"@type":"WebPage","@id":"https:\/\/www.bbmnoticias.com\/labravaradiofm\/2021\/09\/21\/pension-bienestar-2021-paso-a-paso-las-fechas-y-requisitos-para-recibir-el-apoyo\/","url":"https:\/\/www.bbmnoticias.com\/labravaradiofm\/2021\/09\/21\/pension-bienestar-2021-paso-a-paso-las-fechas-y-requisitos-para-recibir-el-apoyo\/","name":"Pensi\u00f3n Bienestar 2021: Paso a paso las fechas y requisitos para recibir el apoyo - LA BRAVA RADIO","isPartOf":{"@id":"https:\/\/www.bbmnoticias.com\/labravaradiofm\/#website"},"primaryImageOfPage":{"@id":"https:\/\/www.bbmnoticias.com\/labravaradiofm\/2021\/09\/21\/pension-bienestar-2021-paso-a-paso-las-fechas-y-requisitos-para-recibir-el-apoyo\/#primaryimage"},"image":{"@id":"https:\/\/www.bbmnoticias.com\/labravaradiofm\/2021\/09\/21\/pension-bienestar-2021-paso-a-paso-las-fechas-y-requisitos-para-recibir-el-apoyo\/#primaryimage"},"thumbnailUrl":"https:\/\/www.bbmnoticias.com\/labravaradiofm\/wp-content\/uploads\/sites\/5\/2021\/09\/nacional21092021-5.jpg","datePublished":"2021-09-21T18:12:57+00:00","dateModified":"2021-09-21T18:13:20+00:00","author":{"@id":"https:\/\/www.bbmnoticias.com\/labravaradiofm\/#\/schema\/person\/857a3daf5c8142f29919023f377fbfad"},"description":"La Pensi\u00f3n Bienestar es un apoyo econ\u00f3mico que da la administraci\u00f3n del presidente Andr\u00e9s Manuel L\u00f3pez Obrador","breadcrumb":{"@id":"https:\/\/www.bbmnoticias.com\/labravaradiofm\/2021\/09\/21\/pension-bienestar-2021-paso-a-paso-las-fechas-y-requisitos-para-recibir-el-apoyo\/#breadcrumb"},"inLanguage":"es","potentialAction":[{"@type":"ReadAction","target":["https:\/\/www.bbmnoticias.com\/labravaradiofm\/2021\/09\/21\/pension-bienestar-2021-paso-a-paso-las-fechas-y-requisitos-para-recibir-el-apoyo\/"]}]},{"@type":"ImageObject","inLanguage":"es","@id":"https:\/\/www.bbmnoticias.com\/labravaradiofm\/2021\/09\/21\/pension-bienestar-2021-paso-a-paso-las-fechas-y-requisitos-para-recibir-el-apoyo\/#primaryimage","url":"https:\/\/www.bbmnoticias.com\/labravaradiofm\/wp-content\/uploads\/sites\/5\/2021\/09\/nacional21092021-5.jpg","contentUrl":"https:\/\/www.bbmnoticias.com\/labravaradiofm\/wp-content\/uploads\/sites\/5\/2021\/09\/nacional21092021-5.jpg","width":640,"height":360},{"@type":"BreadcrumbList","@id":"https:\/\/www.bbmnoticias.com\/labravaradiofm\/2021\/09\/21\/pension-bienestar-2021-paso-a-paso-las-fechas-y-requisitos-para-recibir-el-apoyo\/#breadcrumb","itemListElement":[{"@type":"ListItem","position":1,"name":"Inicio","item":"https:\/\/www.bbmnoticias.com\/labravaradiofm\/"},{"@type":"ListItem","position":2,"name":"Pensi\u00f3n Bienestar 2021: Paso a paso las fechas y requisitos para recibir el apoyo"}]},{"@type":"WebSite","@id":"https:\/\/www.bbmnoticias.com\/labravaradiofm\/#website","url":"https:\/\/www.bbmnoticias.com\/labravaradiofm\/","name":"LA BRAVA RADIO","description":"Empresa productora de medios, Radiodifusi\u00f3n, Noticias, tendencias y todo lo que necesitas saber de la pol\u00edtica mexicana e internacional; entretenimiento, espect\u00e1culos, salud y mucho m\u00e1s.","potentialAction":[{"@type":"SearchAction","target":{"@type":"EntryPoint","urlTemplate":"https:\/\/www.bbmnoticias.com\/labravaradiofm\/?s={search_term_string}"},"query-input":{"@type":"PropertyValueSpecification","valueRequired":true,"valueName":"search_term_string"}}],"inLanguage":"es"},{"@type":"Person","@id":"https:\/\/www.bbmnoticias.com\/labravaradiofm\/#\/schema\/person\/857a3daf5c8142f29919023f377fbfad","name":"Agencias","image":{"@type":"ImageObject","inLanguage":"es","@id":"https:\/\/secure.gravatar.com\/avatar\/739e0b61adf9e398b425c36718c8752286da0e8cd90f20ce9a86678abc26aa0d?s=96&d=mm&r=g","url":"https:\/\/secure.gravatar.com\/avatar\/739e0b61adf9e398b425c36718c8752286da0e8cd90f20ce9a86678abc26aa0d?s=96&d=mm&r=g","contentUrl":"https:\/\/secure.gravatar.com\/avatar\/739e0b61adf9e398b425c36718c8752286da0e8cd90f20ce9a86678abc26aa0d?s=96&d=mm&r=g","caption":"Agencias"},"url":"https:\/\/www.bbmnoticias.com\/labravaradiofm\/author\/agencias\/"}]}},"_links":{"self":[{"href":"https:\/\/www.bbmnoticias.com\/labravaradiofm\/wp-json\/wp\/v2\/posts\/2198","targetHints":{"allow":["GET"]}}],"collection":[{"href":"https:\/\/www.bbmnoticias.com\/labravaradiofm\/wp-json\/wp\/v2\/posts"}],"about":[{"href":"https:\/\/www.bbmnoticias.com\/labravaradiofm\/wp-json\/wp\/v2\/types\/post"}],"author":[{"embeddable":true,"href":"https:\/\/www.bbmnoticias.com\/labravaradiofm\/wp-json\/wp\/v2\/users\/4"}],"replies":[{"embeddable":true,"href":"https:\/\/www.bbmnoticias.com\/labravaradiofm\/wp-json\/wp\/v2\/comments?post=2198"}],"version-history":[{"count":0,"href":"https:\/\/www.bbmnoticias.com\/labravaradiofm\/wp-json\/wp\/v2\/posts\/2198\/revisions"}],"wp:featuredmedia":[{"embeddable":true,"href":"https:\/\/www.bbmnoticias.com\/labravaradiofm\/wp-json\/wp\/v2\/media\/2199"}],"wp:attachment":[{"href":"https:\/\/www.bbmnoticias.com\/labravaradiofm\/wp-json\/wp\/v2\/media?parent=2198"}],"wp:term":[{"taxonomy":"category","embeddable":true,"href":"https:\/\/www.bbmnoticias.com\/labravaradiofm\/wp-json\/wp\/v2\/categories?post=2198"},{"taxonomy":"post_tag","embeddable":true,"href":"https:\/\/www.bbmnoticias.com\/labravaradiofm\/wp-json\/wp\/v2\/tags?post=2198"}],"curies":[{"name":"wp","href":"https:\/\/api.w.org\/{rel}","templated":true}]}}