{"id":21894,"date":"2022-12-22T18:08:42","date_gmt":"2022-12-23T00:08:42","guid":{"rendered":"https:\/\/www.bbmnoticias.com\/labravaradiofm\/?p=21894"},"modified":"2022-12-22T20:40:43","modified_gmt":"2022-12-23T02:40:43","slug":"presupuesto-de-egresos-2023-fortalecera-acciones-orientadas-al-desarrollo-y-la-transformacion-de-oaxaca","status":"publish","type":"post","link":"https:\/\/www.bbmnoticias.com\/labravaradiofm\/2022\/12\/22\/presupuesto-de-egresos-2023-fortalecera-acciones-orientadas-al-desarrollo-y-la-transformacion-de-oaxaca\/","title":{"rendered":"Presupuesto de Egresos 2023 fortalecer\u00e1 acciones orientadas al desarrollo y la transformaci\u00f3n de Oaxaca"},"content":{"rendered":"<div style=\"margin-top: 0px; margin-bottom: 0px;\" class=\"sharethis-inline-share-buttons\" ><\/div>\n<ul class=\"wp-block-list\">\n<li><em>Con la finalidad de reforzar programas encaminados al bienestar de las y los oaxaque\u00f1os, el Gobierno de Oaxaca a trav\u00e9s de la Secretar\u00eda de Finanzas, realiz\u00f3 ajustes al Presupuesto del Paquete Econ\u00f3mico para el Ejercicio Fiscal 2023<\/em><\/li>\n<\/ul>\n\n\n\n<p><strong>Oaxaca de Ju\u00e1rez, Oax. 22 de diciembre de 2022.-<\/strong> El Presupuesto de Egresos 2023 para el Estado sentar\u00e1 las bases para impulsar el crecimiento y desarrollo econ\u00f3mico de Oaxaca al destinar recursos para programas de car\u00e1cter social e infraestructura, como la pavimentaci\u00f3n de caminos de las agencias municipales.<\/p>\n\n\n\n<p>Al respecto el secretario de Finanzas, Farid Acevedo L\u00f3pez, explic\u00f3 que el Presupuesto de Egresos para el ejercicio 2023 aprobado por la LXV Legislatura del Congreso del Estado de Oaxaca, asciende a $92,229,479,717.00 (Noventa y dos mil doscientos veintinueve millones cuatrocientos setenta y nueve mil setecientos diecisiete pesos 00\/100 M.N.), est\u00e1 dise\u00f1ado para atender a los sectores m\u00e1s vulnerables de la poblaci\u00f3n.<\/p>\n\n\n\n<p>Acevedo L\u00f3pez detall\u00f3 que el Paquete Fiscal 2023 fue presentado por la anterior administraci\u00f3n, sin embargo, se realizaron ajustes con compromiso y responsabilidad, lo que deriv\u00f3 en un aumento de 8 mil millones de pesos m\u00e1s en los recursos aprobados.<\/p>\n\n\n\n<p>De esta manera, el Presupuesto 2023 destinar\u00e1 recursos en congruencia y responsabilidad con la austeridad mandatada por el Gobernador Salom\u00f3n Jara Cruz, tal es el caso de los recursos para atender contingencias el cual ascienden a $34,520,798.30 (Treinta y cuatro millones quinientos veinte mil setecientos noventa y ocho pesos 30\/100 M.N.), que corresponde a la aportaci\u00f3n al Fondo Estatal para la Atenci\u00f3n de Desastres Naturales; as\u00edmismo, para atender el mantenimiento de los Sistemas de Alertamiento S\u00edsmico y la contrataci\u00f3n del Seguro de Riesgos Catastr\u00f3ficos se consideraron $112,500,000.00 (Ciento doce millones quinientos mil pesos 00\/100 M.N.)<\/p>\n\n\n\n<p>Dando prioridad a uno de los sectores m\u00e1s importantes, como el de la salud y en atenci\u00f3n a las demandas de las familias que cuentan con pacientes en el Hospital de la Ni\u00f1ez Oaxaque\u00f1a, se prev\u00e9 un importe adicional de 30 millones de pesos que ser\u00e1 destinado para la adquisici\u00f3n de medicamentos e insumos para ni\u00f1as y ni\u00f1os con padecimientos oncol\u00f3gicos.<\/p>\n\n\n\n<p>En un acto de justicia social, el gobierno que encabeza Salom\u00f3n Jara, prev\u00e9 una reasignaci\u00f3n clara de los recursos para dignificar el poder del pueblo y con la finalidad de mejorar la productividad, impulsar el desarrollo social y econ\u00f3mico, y coadyuvar en la preservaci\u00f3n del medio ambiente y recursos naturales.<\/p>\n\n\n\n<p>De esta manera, se destinar\u00e1n por primera vez en la historia de Oaxaca recursos por el orden de los $2,274,743,971.41 (Dos mil doscientos setenta y cuatro millones setecientos cuarenta y tres mil novecientos setenta y un pesos 41\/100 M.N.) para los siguientes programas:<\/p>\n\n\n\n<ul class=\"wp-block-list\">\n<li>Pavimentaci\u00f3n de caminos a agencias municipales (1,000 MDP)<\/li>\n\n\n\n<li>Reforesta Oaxaca (329.99 MDP)<\/li>\n\n\n\n<li>Agronegocios (86.24 MDP)<\/li>\n\n\n\n<li>Autosuficiencia alimentaria (283.76 MDP)<\/li>\n\n\n\n<li>Abasto Seguro de Ma\u00edz (335.73 MDP)<\/li>\n<\/ul>\n\n\n\n<p>Derivado de un trabajo coordinado y en un ejercicio responsable y analizado en conjunto con la C\u00e1mara de Diputados, se prev\u00e9n reasignaciones presupuestarias por un monto de hasta $576,713,637.00 (Quinientos setenta y seis millones setecientos trece mil seiscientos treinta y siete pesos 00\/100 M.N) para temas relacionados con la prevenci\u00f3n y atenci\u00f3n de incendios y plagas forestales; para solucionar el problema de la basura; en materia de Derechos Humanos; proyectos de agua potable y drenaje; y apoyo a damnificados del sismo 2017 del municipio de Juchit\u00e1n de Zaragoza, entre otros.<\/p>\n\n\n\n<p>De igual forma, el Secretario de Finanzas anticip\u00f3 que en enero pr\u00f3ximo, el Gobernador Salom\u00f3n Jara Cruz presentar\u00e1 la Ley de Austeridad, que reforzar\u00e1 la Ley de Disciplina Financiera, y garantizar\u00e1 el ejercicio responsable y adecuado de los recursos, los cuales pertenecen a todo el pueblo de Oaxaca.<\/p>\n","protected":false},"excerpt":{"rendered":"<p>Oaxaca de Ju\u00e1rez, Oax. 22 de diciembre de 2022.- El Presupuesto de Egresos 2023 para el Estado sentar\u00e1 las bases para impulsar el crecimiento y desarrollo econ\u00f3mico de Oaxaca al destinar recursos para programas de car\u00e1cter social e infraestructura, como la pavimentaci\u00f3n de caminos de las agencias municipales. Al respecto el secretario de Finanzas, Farid [&hellip;]<\/p>\n","protected":false},"author":2,"featured_media":21895,"comment_status":"closed","ping_status":"closed","sticky":false,"template":"","format":"standard","meta":{"footnotes":""},"categories":[2],"tags":[],"class_list":{"0":"post-21894","1":"post","2":"type-post","3":"status-publish","4":"format-standard","5":"has-post-thumbnail","7":"category-oaxaca"},"yoast_head":"<!-- This site is optimized with the Yoast SEO plugin v27.4 - https:\/\/yoast.com\/product\/yoast-seo-wordpress\/ -->\n<title>Presupuesto de Egresos 2023 fortalecer\u00e1 acciones orientadas al desarrollo y la transformaci\u00f3n de Oaxaca - LA BRAVA RADIO<\/title>\n<meta name=\"robots\" content=\"index, follow, max-snippet:-1, max-image-preview:large, max-video-preview:-1\" \/>\n<link rel=\"canonical\" href=\"https:\/\/www.bbmnoticias.com\/labravaradiofm\/2022\/12\/22\/presupuesto-de-egresos-2023-fortalecera-acciones-orientadas-al-desarrollo-y-la-transformacion-de-oaxaca\/\" \/>\n<meta property=\"og:locale\" content=\"es_MX\" \/>\n<meta property=\"og:type\" content=\"article\" \/>\n<meta property=\"og:title\" content=\"Presupuesto de Egresos 2023 fortalecer\u00e1 acciones orientadas al desarrollo y la transformaci\u00f3n de Oaxaca - LA BRAVA RADIO\" \/>\n<meta property=\"og:description\" content=\"Oaxaca de Ju\u00e1rez, Oax. 22 de diciembre de 2022.- El Presupuesto de Egresos 2023 para el Estado sentar\u00e1 las bases para impulsar el crecimiento y desarrollo econ\u00f3mico de Oaxaca al destinar recursos para programas de car\u00e1cter social e infraestructura, como la pavimentaci\u00f3n de caminos de las agencias municipales. Al respecto el secretario de Finanzas, Farid [&hellip;]\" \/>\n<meta property=\"og:url\" content=\"https:\/\/www.bbmnoticias.com\/labravaradiofm\/2022\/12\/22\/presupuesto-de-egresos-2023-fortalecera-acciones-orientadas-al-desarrollo-y-la-transformacion-de-oaxaca\/\" \/>\n<meta property=\"og:site_name\" content=\"LA BRAVA RADIO\" \/>\n<meta property=\"article:published_time\" content=\"2022-12-23T00:08:42+00:00\" \/>\n<meta property=\"article:modified_time\" content=\"2022-12-23T02:40:43+00:00\" \/>\n<meta property=\"og:image\" content=\"https:\/\/www.bbmnoticias.com\/labravaradiofm\/wp-content\/uploads\/sites\/5\/2022\/12\/farid-acevedo.jpg\" \/>\n\t<meta property=\"og:image:width\" content=\"800\" \/>\n\t<meta property=\"og:image:height\" content=\"530\" \/>\n\t<meta property=\"og:image:type\" content=\"image\/jpeg\" \/>\n<meta name=\"author\" content=\"Staff\" \/>\n<meta name=\"twitter:card\" content=\"summary_large_image\" \/>\n<meta name=\"twitter:label1\" content=\"Escrito por\" \/>\n\t<meta name=\"twitter:data1\" content=\"Staff\" \/>\n\t<meta name=\"twitter:label2\" content=\"Tiempo de lectura\" \/>\n\t<meta name=\"twitter:data2\" content=\"3 minutos\" \/>\n<script type=\"application\/ld+json\" class=\"yoast-schema-graph\">{\"@context\":\"https:\\\/\\\/schema.org\",\"@graph\":[{\"@type\":\"Article\",\"@id\":\"https:\\\/\\\/www.bbmnoticias.com\\\/labravaradiofm\\\/2022\\\/12\\\/22\\\/presupuesto-de-egresos-2023-fortalecera-acciones-orientadas-al-desarrollo-y-la-transformacion-de-oaxaca\\\/#article\",\"isPartOf\":{\"@id\":\"https:\\\/\\\/www.bbmnoticias.com\\\/labravaradiofm\\\/2022\\\/12\\\/22\\\/presupuesto-de-egresos-2023-fortalecera-acciones-orientadas-al-desarrollo-y-la-transformacion-de-oaxaca\\\/\"},\"author\":{\"name\":\"Staff\",\"@id\":\"https:\\\/\\\/www.bbmnoticias.com\\\/labravaradiofm\\\/#\\\/schema\\\/person\\\/68a9e9036ef3c5b55aeb2b71dc8bab45\"},\"headline\":\"Presupuesto de Egresos 2023 fortalecer\u00e1 acciones orientadas al desarrollo y la transformaci\u00f3n de Oaxaca\",\"datePublished\":\"2022-12-23T00:08:42+00:00\",\"dateModified\":\"2022-12-23T02:40:43+00:00\",\"mainEntityOfPage\":{\"@id\":\"https:\\\/\\\/www.bbmnoticias.com\\\/labravaradiofm\\\/2022\\\/12\\\/22\\\/presupuesto-de-egresos-2023-fortalecera-acciones-orientadas-al-desarrollo-y-la-transformacion-de-oaxaca\\\/\"},\"wordCount\":638,\"image\":{\"@id\":\"https:\\\/\\\/www.bbmnoticias.com\\\/labravaradiofm\\\/2022\\\/12\\\/22\\\/presupuesto-de-egresos-2023-fortalecera-acciones-orientadas-al-desarrollo-y-la-transformacion-de-oaxaca\\\/#primaryimage\"},\"thumbnailUrl\":\"https:\\\/\\\/www.bbmnoticias.com\\\/labravaradiofm\\\/wp-content\\\/uploads\\\/sites\\\/5\\\/2022\\\/12\\\/farid-acevedo.jpg\",\"articleSection\":[\"LOCAL\"],\"inLanguage\":\"es\"},{\"@type\":\"WebPage\",\"@id\":\"https:\\\/\\\/www.bbmnoticias.com\\\/labravaradiofm\\\/2022\\\/12\\\/22\\\/presupuesto-de-egresos-2023-fortalecera-acciones-orientadas-al-desarrollo-y-la-transformacion-de-oaxaca\\\/\",\"url\":\"https:\\\/\\\/www.bbmnoticias.com\\\/labravaradiofm\\\/2022\\\/12\\\/22\\\/presupuesto-de-egresos-2023-fortalecera-acciones-orientadas-al-desarrollo-y-la-transformacion-de-oaxaca\\\/\",\"name\":\"Presupuesto de Egresos 2023 fortalecer\u00e1 acciones orientadas al desarrollo y la transformaci\u00f3n de Oaxaca - LA BRAVA RADIO\",\"isPartOf\":{\"@id\":\"https:\\\/\\\/www.bbmnoticias.com\\\/labravaradiofm\\\/#website\"},\"primaryImageOfPage\":{\"@id\":\"https:\\\/\\\/www.bbmnoticias.com\\\/labravaradiofm\\\/2022\\\/12\\\/22\\\/presupuesto-de-egresos-2023-fortalecera-acciones-orientadas-al-desarrollo-y-la-transformacion-de-oaxaca\\\/#primaryimage\"},\"image\":{\"@id\":\"https:\\\/\\\/www.bbmnoticias.com\\\/labravaradiofm\\\/2022\\\/12\\\/22\\\/presupuesto-de-egresos-2023-fortalecera-acciones-orientadas-al-desarrollo-y-la-transformacion-de-oaxaca\\\/#primaryimage\"},\"thumbnailUrl\":\"https:\\\/\\\/www.bbmnoticias.com\\\/labravaradiofm\\\/wp-content\\\/uploads\\\/sites\\\/5\\\/2022\\\/12\\\/farid-acevedo.jpg\",\"datePublished\":\"2022-12-23T00:08:42+00:00\",\"dateModified\":\"2022-12-23T02:40:43+00:00\",\"author\":{\"@id\":\"https:\\\/\\\/www.bbmnoticias.com\\\/labravaradiofm\\\/#\\\/schema\\\/person\\\/68a9e9036ef3c5b55aeb2b71dc8bab45\"},\"breadcrumb\":{\"@id\":\"https:\\\/\\\/www.bbmnoticias.com\\\/labravaradiofm\\\/2022\\\/12\\\/22\\\/presupuesto-de-egresos-2023-fortalecera-acciones-orientadas-al-desarrollo-y-la-transformacion-de-oaxaca\\\/#breadcrumb\"},\"inLanguage\":\"es\",\"potentialAction\":[{\"@type\":\"ReadAction\",\"target\":[\"https:\\\/\\\/www.bbmnoticias.com\\\/labravaradiofm\\\/2022\\\/12\\\/22\\\/presupuesto-de-egresos-2023-fortalecera-acciones-orientadas-al-desarrollo-y-la-transformacion-de-oaxaca\\\/\"]}]},{\"@type\":\"ImageObject\",\"inLanguage\":\"es\",\"@id\":\"https:\\\/\\\/www.bbmnoticias.com\\\/labravaradiofm\\\/2022\\\/12\\\/22\\\/presupuesto-de-egresos-2023-fortalecera-acciones-orientadas-al-desarrollo-y-la-transformacion-de-oaxaca\\\/#primaryimage\",\"url\":\"https:\\\/\\\/www.bbmnoticias.com\\\/labravaradiofm\\\/wp-content\\\/uploads\\\/sites\\\/5\\\/2022\\\/12\\\/farid-acevedo.jpg\",\"contentUrl\":\"https:\\\/\\\/www.bbmnoticias.com\\\/labravaradiofm\\\/wp-content\\\/uploads\\\/sites\\\/5\\\/2022\\\/12\\\/farid-acevedo.jpg\",\"width\":800,\"height\":530},{\"@type\":\"BreadcrumbList\",\"@id\":\"https:\\\/\\\/www.bbmnoticias.com\\\/labravaradiofm\\\/2022\\\/12\\\/22\\\/presupuesto-de-egresos-2023-fortalecera-acciones-orientadas-al-desarrollo-y-la-transformacion-de-oaxaca\\\/#breadcrumb\",\"itemListElement\":[{\"@type\":\"ListItem\",\"position\":1,\"name\":\"Inicio\",\"item\":\"https:\\\/\\\/www.bbmnoticias.com\\\/labravaradiofm\\\/\"},{\"@type\":\"ListItem\",\"position\":2,\"name\":\"Presupuesto de Egresos 2023 fortalecer\u00e1 acciones orientadas al desarrollo y la transformaci\u00f3n de Oaxaca\"}]},{\"@type\":\"WebSite\",\"@id\":\"https:\\\/\\\/www.bbmnoticias.com\\\/labravaradiofm\\\/#website\",\"url\":\"https:\\\/\\\/www.bbmnoticias.com\\\/labravaradiofm\\\/\",\"name\":\"LA BRAVA RADIO\",\"description\":\"Empresa productora de medios, Radiodifusi\u00f3n, Noticias, tendencias y todo lo que necesitas saber de la pol\u00edtica mexicana e internacional; entretenimiento, espect\u00e1culos, salud y mucho m\u00e1s.\",\"potentialAction\":[{\"@type\":\"SearchAction\",\"target\":{\"@type\":\"EntryPoint\",\"urlTemplate\":\"https:\\\/\\\/www.bbmnoticias.com\\\/labravaradiofm\\\/?s={search_term_string}\"},\"query-input\":{\"@type\":\"PropertyValueSpecification\",\"valueRequired\":true,\"valueName\":\"search_term_string\"}}],\"inLanguage\":\"es\"},{\"@type\":\"Person\",\"@id\":\"https:\\\/\\\/www.bbmnoticias.com\\\/labravaradiofm\\\/#\\\/schema\\\/person\\\/68a9e9036ef3c5b55aeb2b71dc8bab45\",\"name\":\"Staff\",\"image\":{\"@type\":\"ImageObject\",\"inLanguage\":\"es\",\"@id\":\"https:\\\/\\\/secure.gravatar.com\\\/avatar\\\/fdd21ad66fd8b98c407f9dee5b5e588cfe7f0d8579ec20fa6527cd59bab7f0f0?s=96&d=mm&r=g\",\"url\":\"https:\\\/\\\/secure.gravatar.com\\\/avatar\\\/fdd21ad66fd8b98c407f9dee5b5e588cfe7f0d8579ec20fa6527cd59bab7f0f0?s=96&d=mm&r=g\",\"contentUrl\":\"https:\\\/\\\/secure.gravatar.com\\\/avatar\\\/fdd21ad66fd8b98c407f9dee5b5e588cfe7f0d8579ec20fa6527cd59bab7f0f0?s=96&d=mm&r=g\",\"caption\":\"Staff\"},\"url\":\"https:\\\/\\\/www.bbmnoticias.com\\\/labravaradiofm\\\/author\\\/redaccion\\\/\"}]}<\/script>\n<!-- \/ Yoast SEO plugin. -->","yoast_head_json":{"title":"Presupuesto de Egresos 2023 fortalecer\u00e1 acciones orientadas al desarrollo y la transformaci\u00f3n de Oaxaca - LA BRAVA RADIO","robots":{"index":"index","follow":"follow","max-snippet":"max-snippet:-1","max-image-preview":"max-image-preview:large","max-video-preview":"max-video-preview:-1"},"canonical":"https:\/\/www.bbmnoticias.com\/labravaradiofm\/2022\/12\/22\/presupuesto-de-egresos-2023-fortalecera-acciones-orientadas-al-desarrollo-y-la-transformacion-de-oaxaca\/","og_locale":"es_MX","og_type":"article","og_title":"Presupuesto de Egresos 2023 fortalecer\u00e1 acciones orientadas al desarrollo y la transformaci\u00f3n de Oaxaca - LA BRAVA RADIO","og_description":"Oaxaca de Ju\u00e1rez, Oax. 22 de diciembre de 2022.- El Presupuesto de Egresos 2023 para el Estado sentar\u00e1 las bases para impulsar el crecimiento y desarrollo econ\u00f3mico de Oaxaca al destinar recursos para programas de car\u00e1cter social e infraestructura, como la pavimentaci\u00f3n de caminos de las agencias municipales. Al respecto el secretario de Finanzas, Farid [&hellip;]","og_url":"https:\/\/www.bbmnoticias.com\/labravaradiofm\/2022\/12\/22\/presupuesto-de-egresos-2023-fortalecera-acciones-orientadas-al-desarrollo-y-la-transformacion-de-oaxaca\/","og_site_name":"LA BRAVA RADIO","article_published_time":"2022-12-23T00:08:42+00:00","article_modified_time":"2022-12-23T02:40:43+00:00","og_image":[{"width":800,"height":530,"url":"https:\/\/www.bbmnoticias.com\/labravaradiofm\/wp-content\/uploads\/sites\/5\/2022\/12\/farid-acevedo.jpg","type":"image\/jpeg"}],"author":"Staff","twitter_card":"summary_large_image","twitter_misc":{"Escrito por":"Staff","Tiempo de lectura":"3 minutos"},"schema":{"@context":"https:\/\/schema.org","@graph":[{"@type":"Article","@id":"https:\/\/www.bbmnoticias.com\/labravaradiofm\/2022\/12\/22\/presupuesto-de-egresos-2023-fortalecera-acciones-orientadas-al-desarrollo-y-la-transformacion-de-oaxaca\/#article","isPartOf":{"@id":"https:\/\/www.bbmnoticias.com\/labravaradiofm\/2022\/12\/22\/presupuesto-de-egresos-2023-fortalecera-acciones-orientadas-al-desarrollo-y-la-transformacion-de-oaxaca\/"},"author":{"name":"Staff","@id":"https:\/\/www.bbmnoticias.com\/labravaradiofm\/#\/schema\/person\/68a9e9036ef3c5b55aeb2b71dc8bab45"},"headline":"Presupuesto de Egresos 2023 fortalecer\u00e1 acciones orientadas al desarrollo y la transformaci\u00f3n de Oaxaca","datePublished":"2022-12-23T00:08:42+00:00","dateModified":"2022-12-23T02:40:43+00:00","mainEntityOfPage":{"@id":"https:\/\/www.bbmnoticias.com\/labravaradiofm\/2022\/12\/22\/presupuesto-de-egresos-2023-fortalecera-acciones-orientadas-al-desarrollo-y-la-transformacion-de-oaxaca\/"},"wordCount":638,"image":{"@id":"https:\/\/www.bbmnoticias.com\/labravaradiofm\/2022\/12\/22\/presupuesto-de-egresos-2023-fortalecera-acciones-orientadas-al-desarrollo-y-la-transformacion-de-oaxaca\/#primaryimage"},"thumbnailUrl":"https:\/\/www.bbmnoticias.com\/labravaradiofm\/wp-content\/uploads\/sites\/5\/2022\/12\/farid-acevedo.jpg","articleSection":["LOCAL"],"inLanguage":"es"},{"@type":"WebPage","@id":"https:\/\/www.bbmnoticias.com\/labravaradiofm\/2022\/12\/22\/presupuesto-de-egresos-2023-fortalecera-acciones-orientadas-al-desarrollo-y-la-transformacion-de-oaxaca\/","url":"https:\/\/www.bbmnoticias.com\/labravaradiofm\/2022\/12\/22\/presupuesto-de-egresos-2023-fortalecera-acciones-orientadas-al-desarrollo-y-la-transformacion-de-oaxaca\/","name":"Presupuesto de Egresos 2023 fortalecer\u00e1 acciones orientadas al desarrollo y la transformaci\u00f3n de Oaxaca - LA BRAVA RADIO","isPartOf":{"@id":"https:\/\/www.bbmnoticias.com\/labravaradiofm\/#website"},"primaryImageOfPage":{"@id":"https:\/\/www.bbmnoticias.com\/labravaradiofm\/2022\/12\/22\/presupuesto-de-egresos-2023-fortalecera-acciones-orientadas-al-desarrollo-y-la-transformacion-de-oaxaca\/#primaryimage"},"image":{"@id":"https:\/\/www.bbmnoticias.com\/labravaradiofm\/2022\/12\/22\/presupuesto-de-egresos-2023-fortalecera-acciones-orientadas-al-desarrollo-y-la-transformacion-de-oaxaca\/#primaryimage"},"thumbnailUrl":"https:\/\/www.bbmnoticias.com\/labravaradiofm\/wp-content\/uploads\/sites\/5\/2022\/12\/farid-acevedo.jpg","datePublished":"2022-12-23T00:08:42+00:00","dateModified":"2022-12-23T02:40:43+00:00","author":{"@id":"https:\/\/www.bbmnoticias.com\/labravaradiofm\/#\/schema\/person\/68a9e9036ef3c5b55aeb2b71dc8bab45"},"breadcrumb":{"@id":"https:\/\/www.bbmnoticias.com\/labravaradiofm\/2022\/12\/22\/presupuesto-de-egresos-2023-fortalecera-acciones-orientadas-al-desarrollo-y-la-transformacion-de-oaxaca\/#breadcrumb"},"inLanguage":"es","potentialAction":[{"@type":"ReadAction","target":["https:\/\/www.bbmnoticias.com\/labravaradiofm\/2022\/12\/22\/presupuesto-de-egresos-2023-fortalecera-acciones-orientadas-al-desarrollo-y-la-transformacion-de-oaxaca\/"]}]},{"@type":"ImageObject","inLanguage":"es","@id":"https:\/\/www.bbmnoticias.com\/labravaradiofm\/2022\/12\/22\/presupuesto-de-egresos-2023-fortalecera-acciones-orientadas-al-desarrollo-y-la-transformacion-de-oaxaca\/#primaryimage","url":"https:\/\/www.bbmnoticias.com\/labravaradiofm\/wp-content\/uploads\/sites\/5\/2022\/12\/farid-acevedo.jpg","contentUrl":"https:\/\/www.bbmnoticias.com\/labravaradiofm\/wp-content\/uploads\/sites\/5\/2022\/12\/farid-acevedo.jpg","width":800,"height":530},{"@type":"BreadcrumbList","@id":"https:\/\/www.bbmnoticias.com\/labravaradiofm\/2022\/12\/22\/presupuesto-de-egresos-2023-fortalecera-acciones-orientadas-al-desarrollo-y-la-transformacion-de-oaxaca\/#breadcrumb","itemListElement":[{"@type":"ListItem","position":1,"name":"Inicio","item":"https:\/\/www.bbmnoticias.com\/labravaradiofm\/"},{"@type":"ListItem","position":2,"name":"Presupuesto de Egresos 2023 fortalecer\u00e1 acciones orientadas al desarrollo y la transformaci\u00f3n de Oaxaca"}]},{"@type":"WebSite","@id":"https:\/\/www.bbmnoticias.com\/labravaradiofm\/#website","url":"https:\/\/www.bbmnoticias.com\/labravaradiofm\/","name":"LA BRAVA RADIO","description":"Empresa productora de medios, Radiodifusi\u00f3n, Noticias, tendencias y todo lo que necesitas saber de la pol\u00edtica mexicana e internacional; entretenimiento, espect\u00e1culos, salud y mucho m\u00e1s.","potentialAction":[{"@type":"SearchAction","target":{"@type":"EntryPoint","urlTemplate":"https:\/\/www.bbmnoticias.com\/labravaradiofm\/?s={search_term_string}"},"query-input":{"@type":"PropertyValueSpecification","valueRequired":true,"valueName":"search_term_string"}}],"inLanguage":"es"},{"@type":"Person","@id":"https:\/\/www.bbmnoticias.com\/labravaradiofm\/#\/schema\/person\/68a9e9036ef3c5b55aeb2b71dc8bab45","name":"Staff","image":{"@type":"ImageObject","inLanguage":"es","@id":"https:\/\/secure.gravatar.com\/avatar\/fdd21ad66fd8b98c407f9dee5b5e588cfe7f0d8579ec20fa6527cd59bab7f0f0?s=96&d=mm&r=g","url":"https:\/\/secure.gravatar.com\/avatar\/fdd21ad66fd8b98c407f9dee5b5e588cfe7f0d8579ec20fa6527cd59bab7f0f0?s=96&d=mm&r=g","contentUrl":"https:\/\/secure.gravatar.com\/avatar\/fdd21ad66fd8b98c407f9dee5b5e588cfe7f0d8579ec20fa6527cd59bab7f0f0?s=96&d=mm&r=g","caption":"Staff"},"url":"https:\/\/www.bbmnoticias.com\/labravaradiofm\/author\/redaccion\/"}]}},"_links":{"self":[{"href":"https:\/\/www.bbmnoticias.com\/labravaradiofm\/wp-json\/wp\/v2\/posts\/21894","targetHints":{"allow":["GET"]}}],"collection":[{"href":"https:\/\/www.bbmnoticias.com\/labravaradiofm\/wp-json\/wp\/v2\/posts"}],"about":[{"href":"https:\/\/www.bbmnoticias.com\/labravaradiofm\/wp-json\/wp\/v2\/types\/post"}],"author":[{"embeddable":true,"href":"https:\/\/www.bbmnoticias.com\/labravaradiofm\/wp-json\/wp\/v2\/users\/2"}],"replies":[{"embeddable":true,"href":"https:\/\/www.bbmnoticias.com\/labravaradiofm\/wp-json\/wp\/v2\/comments?post=21894"}],"version-history":[{"count":0,"href":"https:\/\/www.bbmnoticias.com\/labravaradiofm\/wp-json\/wp\/v2\/posts\/21894\/revisions"}],"wp:featuredmedia":[{"embeddable":true,"href":"https:\/\/www.bbmnoticias.com\/labravaradiofm\/wp-json\/wp\/v2\/media\/21895"}],"wp:attachment":[{"href":"https:\/\/www.bbmnoticias.com\/labravaradiofm\/wp-json\/wp\/v2\/media?parent=21894"}],"wp:term":[{"taxonomy":"category","embeddable":true,"href":"https:\/\/www.bbmnoticias.com\/labravaradiofm\/wp-json\/wp\/v2\/categories?post=21894"},{"taxonomy":"post_tag","embeddable":true,"href":"https:\/\/www.bbmnoticias.com\/labravaradiofm\/wp-json\/wp\/v2\/tags?post=21894"}],"curies":[{"name":"wp","href":"https:\/\/api.w.org\/{rel}","templated":true}]}}