{"id":2189,"date":"2021-09-21T09:34:57","date_gmt":"2021-09-21T14:34:57","guid":{"rendered":"https:\/\/www.bbmnoticias.com\/labravaradiofm\/?p=2189"},"modified":"2021-09-21T09:34:58","modified_gmt":"2021-09-21T14:34:58","slug":"guterres-abre-asamblea-de-la-onu-el-mundo-nunca-ha-estado-tan-amenazado","status":"publish","type":"post","link":"https:\/\/www.bbmnoticias.com\/labravaradiofm\/2021\/09\/21\/guterres-abre-asamblea-de-la-onu-el-mundo-nunca-ha-estado-tan-amenazado\/","title":{"rendered":"Guterres abre Asamblea de la ONU: El mundo nunca ha estado tan amenazado"},"content":{"rendered":"<div style=\"margin-top: 0px; margin-bottom: 0px;\" class=\"sharethis-inline-share-buttons\" ><\/div>\n<p>El secretario general de la <strong>ONU, Ant\u00f3nio Guterres<\/strong>, abri\u00f3 este martes la <strong>Asamblea General<\/strong> de la organizaci\u00f3n haciendo sonar la se\u00f1al de &#8220;<strong>alarma<\/strong>&#8221; ante un <strong>mundo <\/strong>que &#8220;nunca ha estado tan amenazado ni tan dividido&#8221;.<\/p>\n\n\n\n<p>&#8220;El mundo debe despertar. Estamos al borde de un abismo y movi\u00e9ndonos en la direcci\u00f3n equivocada&#8221;, dijo Guterres a los l\u00edderes internacionales reunidos en<strong> Nueva York.<\/strong><\/p>\n\n\n\n<p>El diplom\u00e1tico portugu\u00e9s present\u00f3 un sombr\u00edo an\u00e1lisis de la coyuntura internacional, marcada a su juicio por la falta de uni\u00f3n en la respuesta a la pandemia, los pocos avances en la lucha contra el cambio clim\u00e1tico, las crecientes desigualdades y las crisis en pa\u00edses como <strong>Afganist\u00e1n, Yemen y Etiop\u00eda.<\/strong><\/p>\n\n\n\n<p>Adem\u00e1s,&nbsp; el secretario general de la ONU advirti\u00f3 a Estados Unidos y China de una nueva degradaci\u00f3n del mundo que ya est\u00e1 al &#8220;borde del precipicio&#8221;, inst\u00e1ndolos al di\u00e1logo y &#8220;comprensi\u00f3n&#8221; en la apertura de la Asamblea General anual de Naciones Unidas.<br>&nbsp;<\/p>\n\n\n\n<p>&#8220;Nos enfrentamos a la mayor cascada de crisis de nuestra vida&#8221;, manifest\u00f3 antes de alertar: &#8220;temo que nuestro mundo se dirige hacia dos conjuntos diferentes de reglas econ\u00f3micas, comerciales, financieras y tecnol\u00f3gicas, dos enfoques divergentes en el desarrollo de la inteligencia artificial y finalmente dos estrategias militares y geopol\u00edticas diferentes&#8221;.<\/p>\n\n\n\n<p>En persona y en pantalla, los l\u00edderes mundiales regresaron el martes a la sede de Naciones Unidas por primera vez en dos a\u00f1os con una enorme agenda de crisis para abordar, incluyendo la pandemia del coronavirus y el imparable calentamiento del planeta.<\/p>\n\n\n\n<p>Otros asuntos acuciantes son las crecientes tensiones entre <strong>Estados Unidos y China<\/strong>, el incierto futuro de Afganist\u00e1n con el nuevo liderazgo del Talib\u00e1n y los conflictos activos en Yemen, Siria y en la regi\u00f3n et\u00edope de Tigray.<\/p>\n\n\n\n<p>El a\u00f1o pasado, ning\u00fan l\u00edder viaj\u00f3 a la sede de la <strong>ONU <\/strong>por el azote del coronavirus en todo el mundo y todos los discursos fueron grabados con antelaci\u00f3n. Este a\u00f1o, la Asamblea General ofreci\u00f3 a los mandatarios la opci\u00f3n de viajar a Nueva York o intervenir online, y m\u00e1s de 100 jefes de Estado y de gobierno han confirmado que estar\u00e1n en el sal\u00f3n.<br>&nbsp;<\/p>\n\n\n\n<p>Por tradici\u00f3n, la primera naci\u00f3n en intervenir es Brasil, cuyo presidente, Jair Bolsonaro, no est\u00e1 vacunado contra el coronavirus. El pasado jueves reiter\u00f3 que no tiene previsto hacerlo pronto y se justific\u00f3 alegando que pas\u00f3 el Covid-19 y que tiene un elevado nivel de anticuerpos.<\/p>\n\n\n\n<p>Un asunto clave en v\u00edsperas de la Asamblea fueron los requisitos de entrada a Estados Unidos \u2014 y a la propia sede de la instituci\u00f3n \u2014 para los l\u00edderes mundiales. Estados Unidos exige estar vacunado o presentar un test negativo al Covid-19 reciente, y la <strong>ONU <\/strong>operar\u00e1 con un sistema de honor por el que cualquiera que entre al complejo certifica que no tiene s\u00edntomas y que no arroj\u00f3 positivo en los \u00faltimos 10 d\u00edas.<\/p>\n\n\n\n<p>Los tres discursos m\u00e1s esperados del martes por la ma\u00f1ana ser\u00e1n los del presidente de Estados Unidos, Joe Biden, que se estrena en la reuni\u00f3n tras derrotar a Donald Trump en las elecciones de noviembre; el del presidente de China, Xi Jinping, quien en una sorpresiva decisi\u00f3n aparecer\u00e1 en video, y el reci\u00e9n elegido presidente de Ir\u00e1n, el conservador Ebrahim Raisi.<\/p>\n\n\n\n<p><em>Con informaci\u00f3n de AFP<\/em><\/p>\n","protected":false},"excerpt":{"rendered":"<p>El secretario general de la ONU, Ant\u00f3nio Guterres, abri\u00f3 este martes la Asamblea General de la organizaci\u00f3n haciendo sonar la se\u00f1al de &#8220;alarma&#8221; ante un mundo que &#8220;nunca ha estado tan amenazado ni tan dividido&#8221;. &#8220;El mundo debe despertar. Estamos al borde de un abismo y movi\u00e9ndonos en la direcci\u00f3n equivocada&#8221;, dijo Guterres a los [&hellip;]<\/p>\n","protected":false},"author":4,"featured_media":2190,"comment_status":"closed","ping_status":"closed","sticky":false,"template":"","format":"standard","meta":{"footnotes":""},"categories":[1],"tags":[],"class_list":{"0":"post-2189","1":"post","2":"type-post","3":"status-publish","4":"format-standard","5":"has-post-thumbnail","7":"category-sin-categoria"},"yoast_head":"<!-- This site is optimized with the Yoast SEO plugin v27.4 - https:\/\/yoast.com\/product\/yoast-seo-wordpress\/ -->\n<title>Guterres abre Asamblea de la ONU: El mundo nunca ha estado tan amenazado - LA BRAVA RADIO<\/title>\n<meta name=\"description\" content=\"El mundo debe despertar. Estamos al borde de un abismo y movi\u00e9ndonos en la direcci\u00f3n equivocada\" \/>\n<meta name=\"robots\" content=\"index, follow, max-snippet:-1, max-image-preview:large, max-video-preview:-1\" \/>\n<link rel=\"canonical\" href=\"https:\/\/www.bbmnoticias.com\/labravaradiofm\/2021\/09\/21\/guterres-abre-asamblea-de-la-onu-el-mundo-nunca-ha-estado-tan-amenazado\/\" \/>\n<meta property=\"og:locale\" content=\"es_MX\" \/>\n<meta property=\"og:type\" content=\"article\" \/>\n<meta property=\"og:title\" content=\"Guterres abre Asamblea de la ONU: El mundo nunca ha estado tan amenazado - LA BRAVA RADIO\" \/>\n<meta property=\"og:description\" content=\"El mundo debe despertar. Estamos al borde de un abismo y movi\u00e9ndonos en la direcci\u00f3n equivocada\" \/>\n<meta property=\"og:url\" content=\"https:\/\/www.bbmnoticias.com\/labravaradiofm\/2021\/09\/21\/guterres-abre-asamblea-de-la-onu-el-mundo-nunca-ha-estado-tan-amenazado\/\" \/>\n<meta property=\"og:site_name\" content=\"LA BRAVA RADIO\" \/>\n<meta property=\"article:published_time\" content=\"2021-09-21T14:34:57+00:00\" \/>\n<meta property=\"article:modified_time\" content=\"2021-09-21T14:34:58+00:00\" \/>\n<meta property=\"og:image\" content=\"https:\/\/www.bbmnoticias.com\/labravaradiofm\/wp-content\/uploads\/sites\/5\/2021\/09\/internacional21092021-2.jpg\" \/>\n\t<meta property=\"og:image:width\" content=\"1201\" \/>\n\t<meta property=\"og:image:height\" content=\"740\" \/>\n\t<meta property=\"og:image:type\" content=\"image\/jpeg\" \/>\n<meta name=\"author\" content=\"Agencias\" \/>\n<meta name=\"twitter:card\" content=\"summary_large_image\" \/>\n<meta name=\"twitter:label1\" content=\"Escrito por\" \/>\n\t<meta name=\"twitter:data1\" content=\"Agencias\" \/>\n\t<meta name=\"twitter:label2\" content=\"Tiempo de lectura\" \/>\n\t<meta name=\"twitter:data2\" content=\"3 minutos\" \/>\n<script type=\"application\/ld+json\" class=\"yoast-schema-graph\">{\"@context\":\"https:\\\/\\\/schema.org\",\"@graph\":[{\"@type\":\"Article\",\"@id\":\"https:\\\/\\\/www.bbmnoticias.com\\\/labravaradiofm\\\/2021\\\/09\\\/21\\\/guterres-abre-asamblea-de-la-onu-el-mundo-nunca-ha-estado-tan-amenazado\\\/#article\",\"isPartOf\":{\"@id\":\"https:\\\/\\\/www.bbmnoticias.com\\\/labravaradiofm\\\/2021\\\/09\\\/21\\\/guterres-abre-asamblea-de-la-onu-el-mundo-nunca-ha-estado-tan-amenazado\\\/\"},\"author\":{\"name\":\"Agencias\",\"@id\":\"https:\\\/\\\/www.bbmnoticias.com\\\/labravaradiofm\\\/#\\\/schema\\\/person\\\/857a3daf5c8142f29919023f377fbfad\"},\"headline\":\"Guterres abre Asamblea de la ONU: El mundo nunca ha estado tan amenazado\",\"datePublished\":\"2021-09-21T14:34:57+00:00\",\"dateModified\":\"2021-09-21T14:34:58+00:00\",\"mainEntityOfPage\":{\"@id\":\"https:\\\/\\\/www.bbmnoticias.com\\\/labravaradiofm\\\/2021\\\/09\\\/21\\\/guterres-abre-asamblea-de-la-onu-el-mundo-nunca-ha-estado-tan-amenazado\\\/\"},\"wordCount\":596,\"image\":{\"@id\":\"https:\\\/\\\/www.bbmnoticias.com\\\/labravaradiofm\\\/2021\\\/09\\\/21\\\/guterres-abre-asamblea-de-la-onu-el-mundo-nunca-ha-estado-tan-amenazado\\\/#primaryimage\"},\"thumbnailUrl\":\"https:\\\/\\\/www.bbmnoticias.com\\\/labravaradiofm\\\/wp-content\\\/uploads\\\/sites\\\/5\\\/2021\\\/09\\\/internacional21092021-2.jpg\",\"inLanguage\":\"es\"},{\"@type\":\"WebPage\",\"@id\":\"https:\\\/\\\/www.bbmnoticias.com\\\/labravaradiofm\\\/2021\\\/09\\\/21\\\/guterres-abre-asamblea-de-la-onu-el-mundo-nunca-ha-estado-tan-amenazado\\\/\",\"url\":\"https:\\\/\\\/www.bbmnoticias.com\\\/labravaradiofm\\\/2021\\\/09\\\/21\\\/guterres-abre-asamblea-de-la-onu-el-mundo-nunca-ha-estado-tan-amenazado\\\/\",\"name\":\"Guterres abre Asamblea de la ONU: El mundo nunca ha estado tan amenazado - LA BRAVA RADIO\",\"isPartOf\":{\"@id\":\"https:\\\/\\\/www.bbmnoticias.com\\\/labravaradiofm\\\/#website\"},\"primaryImageOfPage\":{\"@id\":\"https:\\\/\\\/www.bbmnoticias.com\\\/labravaradiofm\\\/2021\\\/09\\\/21\\\/guterres-abre-asamblea-de-la-onu-el-mundo-nunca-ha-estado-tan-amenazado\\\/#primaryimage\"},\"image\":{\"@id\":\"https:\\\/\\\/www.bbmnoticias.com\\\/labravaradiofm\\\/2021\\\/09\\\/21\\\/guterres-abre-asamblea-de-la-onu-el-mundo-nunca-ha-estado-tan-amenazado\\\/#primaryimage\"},\"thumbnailUrl\":\"https:\\\/\\\/www.bbmnoticias.com\\\/labravaradiofm\\\/wp-content\\\/uploads\\\/sites\\\/5\\\/2021\\\/09\\\/internacional21092021-2.jpg\",\"datePublished\":\"2021-09-21T14:34:57+00:00\",\"dateModified\":\"2021-09-21T14:34:58+00:00\",\"author\":{\"@id\":\"https:\\\/\\\/www.bbmnoticias.com\\\/labravaradiofm\\\/#\\\/schema\\\/person\\\/857a3daf5c8142f29919023f377fbfad\"},\"description\":\"El mundo debe despertar. Estamos al borde de un abismo y movi\u00e9ndonos en la direcci\u00f3n equivocada\",\"breadcrumb\":{\"@id\":\"https:\\\/\\\/www.bbmnoticias.com\\\/labravaradiofm\\\/2021\\\/09\\\/21\\\/guterres-abre-asamblea-de-la-onu-el-mundo-nunca-ha-estado-tan-amenazado\\\/#breadcrumb\"},\"inLanguage\":\"es\",\"potentialAction\":[{\"@type\":\"ReadAction\",\"target\":[\"https:\\\/\\\/www.bbmnoticias.com\\\/labravaradiofm\\\/2021\\\/09\\\/21\\\/guterres-abre-asamblea-de-la-onu-el-mundo-nunca-ha-estado-tan-amenazado\\\/\"]}]},{\"@type\":\"ImageObject\",\"inLanguage\":\"es\",\"@id\":\"https:\\\/\\\/www.bbmnoticias.com\\\/labravaradiofm\\\/2021\\\/09\\\/21\\\/guterres-abre-asamblea-de-la-onu-el-mundo-nunca-ha-estado-tan-amenazado\\\/#primaryimage\",\"url\":\"https:\\\/\\\/www.bbmnoticias.com\\\/labravaradiofm\\\/wp-content\\\/uploads\\\/sites\\\/5\\\/2021\\\/09\\\/internacional21092021-2.jpg\",\"contentUrl\":\"https:\\\/\\\/www.bbmnoticias.com\\\/labravaradiofm\\\/wp-content\\\/uploads\\\/sites\\\/5\\\/2021\\\/09\\\/internacional21092021-2.jpg\",\"width\":1201,\"height\":740},{\"@type\":\"BreadcrumbList\",\"@id\":\"https:\\\/\\\/www.bbmnoticias.com\\\/labravaradiofm\\\/2021\\\/09\\\/21\\\/guterres-abre-asamblea-de-la-onu-el-mundo-nunca-ha-estado-tan-amenazado\\\/#breadcrumb\",\"itemListElement\":[{\"@type\":\"ListItem\",\"position\":1,\"name\":\"Inicio\",\"item\":\"https:\\\/\\\/www.bbmnoticias.com\\\/labravaradiofm\\\/\"},{\"@type\":\"ListItem\",\"position\":2,\"name\":\"Guterres abre Asamblea de la ONU: El mundo nunca ha estado tan amenazado\"}]},{\"@type\":\"WebSite\",\"@id\":\"https:\\\/\\\/www.bbmnoticias.com\\\/labravaradiofm\\\/#website\",\"url\":\"https:\\\/\\\/www.bbmnoticias.com\\\/labravaradiofm\\\/\",\"name\":\"LA BRAVA RADIO\",\"description\":\"Empresa productora de medios, Radiodifusi\u00f3n, Noticias, tendencias y todo lo que necesitas saber de la pol\u00edtica mexicana e internacional; entretenimiento, espect\u00e1culos, salud y mucho m\u00e1s.\",\"potentialAction\":[{\"@type\":\"SearchAction\",\"target\":{\"@type\":\"EntryPoint\",\"urlTemplate\":\"https:\\\/\\\/www.bbmnoticias.com\\\/labravaradiofm\\\/?s={search_term_string}\"},\"query-input\":{\"@type\":\"PropertyValueSpecification\",\"valueRequired\":true,\"valueName\":\"search_term_string\"}}],\"inLanguage\":\"es\"},{\"@type\":\"Person\",\"@id\":\"https:\\\/\\\/www.bbmnoticias.com\\\/labravaradiofm\\\/#\\\/schema\\\/person\\\/857a3daf5c8142f29919023f377fbfad\",\"name\":\"Agencias\",\"image\":{\"@type\":\"ImageObject\",\"inLanguage\":\"es\",\"@id\":\"https:\\\/\\\/secure.gravatar.com\\\/avatar\\\/739e0b61adf9e398b425c36718c8752286da0e8cd90f20ce9a86678abc26aa0d?s=96&d=mm&r=g\",\"url\":\"https:\\\/\\\/secure.gravatar.com\\\/avatar\\\/739e0b61adf9e398b425c36718c8752286da0e8cd90f20ce9a86678abc26aa0d?s=96&d=mm&r=g\",\"contentUrl\":\"https:\\\/\\\/secure.gravatar.com\\\/avatar\\\/739e0b61adf9e398b425c36718c8752286da0e8cd90f20ce9a86678abc26aa0d?s=96&d=mm&r=g\",\"caption\":\"Agencias\"},\"url\":\"https:\\\/\\\/www.bbmnoticias.com\\\/labravaradiofm\\\/author\\\/agencias\\\/\"}]}<\/script>\n<!-- \/ Yoast SEO plugin. -->","yoast_head_json":{"title":"Guterres abre Asamblea de la ONU: El mundo nunca ha estado tan amenazado - LA BRAVA RADIO","description":"El mundo debe despertar. Estamos al borde de un abismo y movi\u00e9ndonos en la direcci\u00f3n equivocada","robots":{"index":"index","follow":"follow","max-snippet":"max-snippet:-1","max-image-preview":"max-image-preview:large","max-video-preview":"max-video-preview:-1"},"canonical":"https:\/\/www.bbmnoticias.com\/labravaradiofm\/2021\/09\/21\/guterres-abre-asamblea-de-la-onu-el-mundo-nunca-ha-estado-tan-amenazado\/","og_locale":"es_MX","og_type":"article","og_title":"Guterres abre Asamblea de la ONU: El mundo nunca ha estado tan amenazado - LA BRAVA RADIO","og_description":"El mundo debe despertar. Estamos al borde de un abismo y movi\u00e9ndonos en la direcci\u00f3n equivocada","og_url":"https:\/\/www.bbmnoticias.com\/labravaradiofm\/2021\/09\/21\/guterres-abre-asamblea-de-la-onu-el-mundo-nunca-ha-estado-tan-amenazado\/","og_site_name":"LA BRAVA RADIO","article_published_time":"2021-09-21T14:34:57+00:00","article_modified_time":"2021-09-21T14:34:58+00:00","og_image":[{"width":1201,"height":740,"url":"https:\/\/www.bbmnoticias.com\/labravaradiofm\/wp-content\/uploads\/sites\/5\/2021\/09\/internacional21092021-2.jpg","type":"image\/jpeg"}],"author":"Agencias","twitter_card":"summary_large_image","twitter_misc":{"Escrito por":"Agencias","Tiempo de lectura":"3 minutos"},"schema":{"@context":"https:\/\/schema.org","@graph":[{"@type":"Article","@id":"https:\/\/www.bbmnoticias.com\/labravaradiofm\/2021\/09\/21\/guterres-abre-asamblea-de-la-onu-el-mundo-nunca-ha-estado-tan-amenazado\/#article","isPartOf":{"@id":"https:\/\/www.bbmnoticias.com\/labravaradiofm\/2021\/09\/21\/guterres-abre-asamblea-de-la-onu-el-mundo-nunca-ha-estado-tan-amenazado\/"},"author":{"name":"Agencias","@id":"https:\/\/www.bbmnoticias.com\/labravaradiofm\/#\/schema\/person\/857a3daf5c8142f29919023f377fbfad"},"headline":"Guterres abre Asamblea de la ONU: El mundo nunca ha estado tan amenazado","datePublished":"2021-09-21T14:34:57+00:00","dateModified":"2021-09-21T14:34:58+00:00","mainEntityOfPage":{"@id":"https:\/\/www.bbmnoticias.com\/labravaradiofm\/2021\/09\/21\/guterres-abre-asamblea-de-la-onu-el-mundo-nunca-ha-estado-tan-amenazado\/"},"wordCount":596,"image":{"@id":"https:\/\/www.bbmnoticias.com\/labravaradiofm\/2021\/09\/21\/guterres-abre-asamblea-de-la-onu-el-mundo-nunca-ha-estado-tan-amenazado\/#primaryimage"},"thumbnailUrl":"https:\/\/www.bbmnoticias.com\/labravaradiofm\/wp-content\/uploads\/sites\/5\/2021\/09\/internacional21092021-2.jpg","inLanguage":"es"},{"@type":"WebPage","@id":"https:\/\/www.bbmnoticias.com\/labravaradiofm\/2021\/09\/21\/guterres-abre-asamblea-de-la-onu-el-mundo-nunca-ha-estado-tan-amenazado\/","url":"https:\/\/www.bbmnoticias.com\/labravaradiofm\/2021\/09\/21\/guterres-abre-asamblea-de-la-onu-el-mundo-nunca-ha-estado-tan-amenazado\/","name":"Guterres abre Asamblea de la ONU: El mundo nunca ha estado tan amenazado - LA BRAVA RADIO","isPartOf":{"@id":"https:\/\/www.bbmnoticias.com\/labravaradiofm\/#website"},"primaryImageOfPage":{"@id":"https:\/\/www.bbmnoticias.com\/labravaradiofm\/2021\/09\/21\/guterres-abre-asamblea-de-la-onu-el-mundo-nunca-ha-estado-tan-amenazado\/#primaryimage"},"image":{"@id":"https:\/\/www.bbmnoticias.com\/labravaradiofm\/2021\/09\/21\/guterres-abre-asamblea-de-la-onu-el-mundo-nunca-ha-estado-tan-amenazado\/#primaryimage"},"thumbnailUrl":"https:\/\/www.bbmnoticias.com\/labravaradiofm\/wp-content\/uploads\/sites\/5\/2021\/09\/internacional21092021-2.jpg","datePublished":"2021-09-21T14:34:57+00:00","dateModified":"2021-09-21T14:34:58+00:00","author":{"@id":"https:\/\/www.bbmnoticias.com\/labravaradiofm\/#\/schema\/person\/857a3daf5c8142f29919023f377fbfad"},"description":"El mundo debe despertar. Estamos al borde de un abismo y movi\u00e9ndonos en la direcci\u00f3n equivocada","breadcrumb":{"@id":"https:\/\/www.bbmnoticias.com\/labravaradiofm\/2021\/09\/21\/guterres-abre-asamblea-de-la-onu-el-mundo-nunca-ha-estado-tan-amenazado\/#breadcrumb"},"inLanguage":"es","potentialAction":[{"@type":"ReadAction","target":["https:\/\/www.bbmnoticias.com\/labravaradiofm\/2021\/09\/21\/guterres-abre-asamblea-de-la-onu-el-mundo-nunca-ha-estado-tan-amenazado\/"]}]},{"@type":"ImageObject","inLanguage":"es","@id":"https:\/\/www.bbmnoticias.com\/labravaradiofm\/2021\/09\/21\/guterres-abre-asamblea-de-la-onu-el-mundo-nunca-ha-estado-tan-amenazado\/#primaryimage","url":"https:\/\/www.bbmnoticias.com\/labravaradiofm\/wp-content\/uploads\/sites\/5\/2021\/09\/internacional21092021-2.jpg","contentUrl":"https:\/\/www.bbmnoticias.com\/labravaradiofm\/wp-content\/uploads\/sites\/5\/2021\/09\/internacional21092021-2.jpg","width":1201,"height":740},{"@type":"BreadcrumbList","@id":"https:\/\/www.bbmnoticias.com\/labravaradiofm\/2021\/09\/21\/guterres-abre-asamblea-de-la-onu-el-mundo-nunca-ha-estado-tan-amenazado\/#breadcrumb","itemListElement":[{"@type":"ListItem","position":1,"name":"Inicio","item":"https:\/\/www.bbmnoticias.com\/labravaradiofm\/"},{"@type":"ListItem","position":2,"name":"Guterres abre Asamblea de la ONU: El mundo nunca ha estado tan amenazado"}]},{"@type":"WebSite","@id":"https:\/\/www.bbmnoticias.com\/labravaradiofm\/#website","url":"https:\/\/www.bbmnoticias.com\/labravaradiofm\/","name":"LA BRAVA RADIO","description":"Empresa productora de medios, Radiodifusi\u00f3n, Noticias, tendencias y todo lo que necesitas saber de la pol\u00edtica mexicana e internacional; entretenimiento, espect\u00e1culos, salud y mucho m\u00e1s.","potentialAction":[{"@type":"SearchAction","target":{"@type":"EntryPoint","urlTemplate":"https:\/\/www.bbmnoticias.com\/labravaradiofm\/?s={search_term_string}"},"query-input":{"@type":"PropertyValueSpecification","valueRequired":true,"valueName":"search_term_string"}}],"inLanguage":"es"},{"@type":"Person","@id":"https:\/\/www.bbmnoticias.com\/labravaradiofm\/#\/schema\/person\/857a3daf5c8142f29919023f377fbfad","name":"Agencias","image":{"@type":"ImageObject","inLanguage":"es","@id":"https:\/\/secure.gravatar.com\/avatar\/739e0b61adf9e398b425c36718c8752286da0e8cd90f20ce9a86678abc26aa0d?s=96&d=mm&r=g","url":"https:\/\/secure.gravatar.com\/avatar\/739e0b61adf9e398b425c36718c8752286da0e8cd90f20ce9a86678abc26aa0d?s=96&d=mm&r=g","contentUrl":"https:\/\/secure.gravatar.com\/avatar\/739e0b61adf9e398b425c36718c8752286da0e8cd90f20ce9a86678abc26aa0d?s=96&d=mm&r=g","caption":"Agencias"},"url":"https:\/\/www.bbmnoticias.com\/labravaradiofm\/author\/agencias\/"}]}},"_links":{"self":[{"href":"https:\/\/www.bbmnoticias.com\/labravaradiofm\/wp-json\/wp\/v2\/posts\/2189","targetHints":{"allow":["GET"]}}],"collection":[{"href":"https:\/\/www.bbmnoticias.com\/labravaradiofm\/wp-json\/wp\/v2\/posts"}],"about":[{"href":"https:\/\/www.bbmnoticias.com\/labravaradiofm\/wp-json\/wp\/v2\/types\/post"}],"author":[{"embeddable":true,"href":"https:\/\/www.bbmnoticias.com\/labravaradiofm\/wp-json\/wp\/v2\/users\/4"}],"replies":[{"embeddable":true,"href":"https:\/\/www.bbmnoticias.com\/labravaradiofm\/wp-json\/wp\/v2\/comments?post=2189"}],"version-history":[{"count":0,"href":"https:\/\/www.bbmnoticias.com\/labravaradiofm\/wp-json\/wp\/v2\/posts\/2189\/revisions"}],"wp:featuredmedia":[{"embeddable":true,"href":"https:\/\/www.bbmnoticias.com\/labravaradiofm\/wp-json\/wp\/v2\/media\/2190"}],"wp:attachment":[{"href":"https:\/\/www.bbmnoticias.com\/labravaradiofm\/wp-json\/wp\/v2\/media?parent=2189"}],"wp:term":[{"taxonomy":"category","embeddable":true,"href":"https:\/\/www.bbmnoticias.com\/labravaradiofm\/wp-json\/wp\/v2\/categories?post=2189"},{"taxonomy":"post_tag","embeddable":true,"href":"https:\/\/www.bbmnoticias.com\/labravaradiofm\/wp-json\/wp\/v2\/tags?post=2189"}],"curies":[{"name":"wp","href":"https:\/\/api.w.org\/{rel}","templated":true}]}}