{"id":21872,"date":"2022-12-22T11:01:32","date_gmt":"2022-12-22T17:01:32","guid":{"rendered":"https:\/\/www.bbmnoticias.com\/labravaradiofm\/?p=21872"},"modified":"2022-12-22T11:01:33","modified_gmt":"2022-12-22T17:01:33","slug":"el-seguro-social-brinda-atencion-a-pacientes-con-depresion-estacional","status":"publish","type":"post","link":"https:\/\/www.bbmnoticias.com\/labravaradiofm\/2022\/12\/22\/el-seguro-social-brinda-atencion-a-pacientes-con-depresion-estacional\/","title":{"rendered":"El Seguro Social brinda atenci\u00f3n a pacientes con depresi\u00f3n estacional"},"content":{"rendered":"<div style=\"margin-top: 0px; margin-bottom: 0px;\" class=\"sharethis-inline-share-buttons\" ><\/div>\n<ul class=\"wp-block-list\">\n<li><strong>Mucho <\/strong><strong>sue\u00f1o, tristeza, fatiga y desesperanza son algunos de los s\u00edntomas.<\/strong><\/li>\n\n\n\n<li><strong>El IMSS brinda atenci\u00f3n en algunas unidades, por medio de m\u00e9dicos. psiquiatras y psic\u00f3logos las 24 horas del d\u00eda, los 365 d\u00edas del a\u00f1o en caso de una crisis.<\/strong><\/li>\n<\/ul>\n\n\n\n<p>Especialistas del Instituto Mexicano del Seguro Social (IMSS) recomiendan a la poblaci\u00f3n acudir a consulta ante s\u00edntomas que pueden incluir mucho sue\u00f1o, aumento en el apetito, tristeza, fatiga o desesperanza (entre otros), ya que podr\u00eda tratarse de depresi\u00f3n estacional, una condici\u00f3n de salud mental que repercute en la convivencia familiar, el desempe\u00f1o laboral, escolar y actividades cotidianas.<\/p>\n\n\n\n<p>Al respecto, la doctora Martha Alicia L\u00f3pez Jaime, subdirectora M\u00e9dica del Hospital de Psiquiatr\u00eda con Unidad de Medicina Familiar (HP\/UMF) No. 10 del IMSS, explic\u00f3 que la depresi\u00f3n estacional es un tipo de padecimiento que se presenta con mayor frecuencia durante oto\u00f1o e invierno.<\/p>\n\n\n\n<p>\u201cSe da principalmente, seg\u00fan algunos estudios, porque hay menos cantidad de exposici\u00f3n a la luz, provocando que muchos de los pacientes tengan el \u00e1nimo bajo, otro factor es la cuesti\u00f3n social, las fiestas decembrinas o la uni\u00f3n de las familias, ya que no es percibida por todos de la misma manera\u201d, explic\u00f3 la especialista. <strong><\/strong><\/p>\n\n\n\n<p>Refiri\u00f3 que de no atender estos trastornos tienden a volverse cr\u00f3nicos y el estado de \u00e1nimo puede empeorar, hasta que la persona sea totalmente disfuncional en su d\u00eda a d\u00eda y en un extremo llegar al suicidio.<\/p>\n\n\n\n<p>La doctora L\u00f3pez Jaime se\u00f1al\u00f3 que es muy importante que si el paciente detecta que tiene estos s\u00edntomas, acuda con su m\u00e9dico familiar para que los env\u00eden al servicio de psiquiatr\u00eda, para iniciar un tratamiento oportuno y evitar que puedan llegar a ideas de minusval\u00eda, culpa y en casos extremos suicidio.<\/p>\n\n\n\n<p>Dijo que si la persona afectada no tiene la voluntad de acudir, es recomendable que los familiares est\u00e9n atentos a los cambios de \u00e1nimo para buscar ayuda de un experto.<\/p>\n\n\n\n<p>La m\u00e9dico especialista asegur\u00f3 que el IMSS brinda atenci\u00f3n por medio de m\u00e9dicos psiquiatras y psic\u00f3logos para atender a los derechohabientes, asimismo subray\u00f3 que hay urgencias de psiquiatr\u00eda las 24 horas del d\u00eda, los 365 d\u00edas del a\u00f1o en caso de una crisis.<\/p>\n\n\n\n<p>Tambi\u00e9n el IMSS cuenta con una l\u00ednea de Orientaci\u00f3n M\u00e9dica Telef\u00f3nica en el 800 22 22 668 donde se cuenta con una opci\u00f3n para apoyo en salud mental.<\/p>\n","protected":false},"excerpt":{"rendered":"<p>Especialistas del Instituto Mexicano del Seguro Social (IMSS) recomiendan a la poblaci\u00f3n acudir a consulta ante s\u00edntomas que pueden incluir mucho sue\u00f1o, aumento en el apetito, tristeza, fatiga o desesperanza (entre otros), ya que podr\u00eda tratarse de depresi\u00f3n estacional, una condici\u00f3n de salud mental que repercute en la convivencia familiar, el desempe\u00f1o laboral, escolar y [&hellip;]<\/p>\n","protected":false},"author":2,"featured_media":21873,"comment_status":"closed","ping_status":"closed","sticky":false,"template":"","format":"standard","meta":{"footnotes":""},"categories":[2],"tags":[],"class_list":{"0":"post-21872","1":"post","2":"type-post","3":"status-publish","4":"format-standard","5":"has-post-thumbnail","7":"category-oaxaca"},"yoast_head":"<!-- This site is optimized with the Yoast SEO plugin v27.4 - https:\/\/yoast.com\/product\/yoast-seo-wordpress\/ -->\n<title>El Seguro Social brinda atenci\u00f3n a pacientes con depresi\u00f3n estacional - LA BRAVA RADIO<\/title>\n<meta name=\"robots\" content=\"index, follow, max-snippet:-1, max-image-preview:large, max-video-preview:-1\" \/>\n<link rel=\"canonical\" href=\"https:\/\/www.bbmnoticias.com\/labravaradiofm\/2022\/12\/22\/el-seguro-social-brinda-atencion-a-pacientes-con-depresion-estacional\/\" \/>\n<meta property=\"og:locale\" content=\"es_MX\" \/>\n<meta property=\"og:type\" content=\"article\" \/>\n<meta property=\"og:title\" content=\"El Seguro Social brinda atenci\u00f3n a pacientes con depresi\u00f3n estacional - LA BRAVA RADIO\" \/>\n<meta property=\"og:description\" content=\"Especialistas del Instituto Mexicano del Seguro Social (IMSS) recomiendan a la poblaci\u00f3n acudir a consulta ante s\u00edntomas que pueden incluir mucho sue\u00f1o, aumento en el apetito, tristeza, fatiga o desesperanza (entre otros), ya que podr\u00eda tratarse de depresi\u00f3n estacional, una condici\u00f3n de salud mental que repercute en la convivencia familiar, el desempe\u00f1o laboral, escolar y [&hellip;]\" \/>\n<meta property=\"og:url\" content=\"https:\/\/www.bbmnoticias.com\/labravaradiofm\/2022\/12\/22\/el-seguro-social-brinda-atencion-a-pacientes-con-depresion-estacional\/\" \/>\n<meta property=\"og:site_name\" content=\"LA BRAVA RADIO\" \/>\n<meta property=\"article:published_time\" content=\"2022-12-22T17:01:32+00:00\" \/>\n<meta property=\"article:modified_time\" content=\"2022-12-22T17:01:33+00:00\" \/>\n<meta property=\"og:image\" content=\"https:\/\/www.bbmnoticias.com\/labravaradiofm\/wp-content\/uploads\/sites\/5\/2022\/12\/imss-oaxaca.jpg\" \/>\n\t<meta property=\"og:image:width\" content=\"615\" \/>\n\t<meta property=\"og:image:height\" content=\"384\" \/>\n\t<meta property=\"og:image:type\" content=\"image\/jpeg\" \/>\n<meta name=\"author\" content=\"Staff\" \/>\n<meta name=\"twitter:card\" content=\"summary_large_image\" \/>\n<meta name=\"twitter:label1\" content=\"Escrito por\" \/>\n\t<meta name=\"twitter:data1\" content=\"Staff\" \/>\n\t<meta name=\"twitter:label2\" content=\"Tiempo de lectura\" \/>\n\t<meta name=\"twitter:data2\" content=\"2 minutos\" \/>\n<script type=\"application\/ld+json\" class=\"yoast-schema-graph\">{\"@context\":\"https:\\\/\\\/schema.org\",\"@graph\":[{\"@type\":\"Article\",\"@id\":\"https:\\\/\\\/www.bbmnoticias.com\\\/labravaradiofm\\\/2022\\\/12\\\/22\\\/el-seguro-social-brinda-atencion-a-pacientes-con-depresion-estacional\\\/#article\",\"isPartOf\":{\"@id\":\"https:\\\/\\\/www.bbmnoticias.com\\\/labravaradiofm\\\/2022\\\/12\\\/22\\\/el-seguro-social-brinda-atencion-a-pacientes-con-depresion-estacional\\\/\"},\"author\":{\"name\":\"Staff\",\"@id\":\"https:\\\/\\\/www.bbmnoticias.com\\\/labravaradiofm\\\/#\\\/schema\\\/person\\\/68a9e9036ef3c5b55aeb2b71dc8bab45\"},\"headline\":\"El Seguro Social brinda atenci\u00f3n a pacientes con depresi\u00f3n estacional\",\"datePublished\":\"2022-12-22T17:01:32+00:00\",\"dateModified\":\"2022-12-22T17:01:33+00:00\",\"mainEntityOfPage\":{\"@id\":\"https:\\\/\\\/www.bbmnoticias.com\\\/labravaradiofm\\\/2022\\\/12\\\/22\\\/el-seguro-social-brinda-atencion-a-pacientes-con-depresion-estacional\\\/\"},\"wordCount\":437,\"image\":{\"@id\":\"https:\\\/\\\/www.bbmnoticias.com\\\/labravaradiofm\\\/2022\\\/12\\\/22\\\/el-seguro-social-brinda-atencion-a-pacientes-con-depresion-estacional\\\/#primaryimage\"},\"thumbnailUrl\":\"https:\\\/\\\/www.bbmnoticias.com\\\/labravaradiofm\\\/wp-content\\\/uploads\\\/sites\\\/5\\\/2022\\\/12\\\/imss-oaxaca.jpg\",\"articleSection\":[\"LOCAL\"],\"inLanguage\":\"es\"},{\"@type\":\"WebPage\",\"@id\":\"https:\\\/\\\/www.bbmnoticias.com\\\/labravaradiofm\\\/2022\\\/12\\\/22\\\/el-seguro-social-brinda-atencion-a-pacientes-con-depresion-estacional\\\/\",\"url\":\"https:\\\/\\\/www.bbmnoticias.com\\\/labravaradiofm\\\/2022\\\/12\\\/22\\\/el-seguro-social-brinda-atencion-a-pacientes-con-depresion-estacional\\\/\",\"name\":\"El Seguro Social brinda atenci\u00f3n a pacientes con depresi\u00f3n estacional - LA BRAVA RADIO\",\"isPartOf\":{\"@id\":\"https:\\\/\\\/www.bbmnoticias.com\\\/labravaradiofm\\\/#website\"},\"primaryImageOfPage\":{\"@id\":\"https:\\\/\\\/www.bbmnoticias.com\\\/labravaradiofm\\\/2022\\\/12\\\/22\\\/el-seguro-social-brinda-atencion-a-pacientes-con-depresion-estacional\\\/#primaryimage\"},\"image\":{\"@id\":\"https:\\\/\\\/www.bbmnoticias.com\\\/labravaradiofm\\\/2022\\\/12\\\/22\\\/el-seguro-social-brinda-atencion-a-pacientes-con-depresion-estacional\\\/#primaryimage\"},\"thumbnailUrl\":\"https:\\\/\\\/www.bbmnoticias.com\\\/labravaradiofm\\\/wp-content\\\/uploads\\\/sites\\\/5\\\/2022\\\/12\\\/imss-oaxaca.jpg\",\"datePublished\":\"2022-12-22T17:01:32+00:00\",\"dateModified\":\"2022-12-22T17:01:33+00:00\",\"author\":{\"@id\":\"https:\\\/\\\/www.bbmnoticias.com\\\/labravaradiofm\\\/#\\\/schema\\\/person\\\/68a9e9036ef3c5b55aeb2b71dc8bab45\"},\"breadcrumb\":{\"@id\":\"https:\\\/\\\/www.bbmnoticias.com\\\/labravaradiofm\\\/2022\\\/12\\\/22\\\/el-seguro-social-brinda-atencion-a-pacientes-con-depresion-estacional\\\/#breadcrumb\"},\"inLanguage\":\"es\",\"potentialAction\":[{\"@type\":\"ReadAction\",\"target\":[\"https:\\\/\\\/www.bbmnoticias.com\\\/labravaradiofm\\\/2022\\\/12\\\/22\\\/el-seguro-social-brinda-atencion-a-pacientes-con-depresion-estacional\\\/\"]}]},{\"@type\":\"ImageObject\",\"inLanguage\":\"es\",\"@id\":\"https:\\\/\\\/www.bbmnoticias.com\\\/labravaradiofm\\\/2022\\\/12\\\/22\\\/el-seguro-social-brinda-atencion-a-pacientes-con-depresion-estacional\\\/#primaryimage\",\"url\":\"https:\\\/\\\/www.bbmnoticias.com\\\/labravaradiofm\\\/wp-content\\\/uploads\\\/sites\\\/5\\\/2022\\\/12\\\/imss-oaxaca.jpg\",\"contentUrl\":\"https:\\\/\\\/www.bbmnoticias.com\\\/labravaradiofm\\\/wp-content\\\/uploads\\\/sites\\\/5\\\/2022\\\/12\\\/imss-oaxaca.jpg\",\"width\":615,\"height\":384},{\"@type\":\"BreadcrumbList\",\"@id\":\"https:\\\/\\\/www.bbmnoticias.com\\\/labravaradiofm\\\/2022\\\/12\\\/22\\\/el-seguro-social-brinda-atencion-a-pacientes-con-depresion-estacional\\\/#breadcrumb\",\"itemListElement\":[{\"@type\":\"ListItem\",\"position\":1,\"name\":\"Inicio\",\"item\":\"https:\\\/\\\/www.bbmnoticias.com\\\/labravaradiofm\\\/\"},{\"@type\":\"ListItem\",\"position\":2,\"name\":\"El Seguro Social brinda atenci\u00f3n a pacientes con depresi\u00f3n estacional\"}]},{\"@type\":\"WebSite\",\"@id\":\"https:\\\/\\\/www.bbmnoticias.com\\\/labravaradiofm\\\/#website\",\"url\":\"https:\\\/\\\/www.bbmnoticias.com\\\/labravaradiofm\\\/\",\"name\":\"LA BRAVA RADIO\",\"description\":\"Empresa productora de medios, Radiodifusi\u00f3n, Noticias, tendencias y todo lo que necesitas saber de la pol\u00edtica mexicana e internacional; entretenimiento, espect\u00e1culos, salud y mucho m\u00e1s.\",\"potentialAction\":[{\"@type\":\"SearchAction\",\"target\":{\"@type\":\"EntryPoint\",\"urlTemplate\":\"https:\\\/\\\/www.bbmnoticias.com\\\/labravaradiofm\\\/?s={search_term_string}\"},\"query-input\":{\"@type\":\"PropertyValueSpecification\",\"valueRequired\":true,\"valueName\":\"search_term_string\"}}],\"inLanguage\":\"es\"},{\"@type\":\"Person\",\"@id\":\"https:\\\/\\\/www.bbmnoticias.com\\\/labravaradiofm\\\/#\\\/schema\\\/person\\\/68a9e9036ef3c5b55aeb2b71dc8bab45\",\"name\":\"Staff\",\"image\":{\"@type\":\"ImageObject\",\"inLanguage\":\"es\",\"@id\":\"https:\\\/\\\/secure.gravatar.com\\\/avatar\\\/fdd21ad66fd8b98c407f9dee5b5e588cfe7f0d8579ec20fa6527cd59bab7f0f0?s=96&d=mm&r=g\",\"url\":\"https:\\\/\\\/secure.gravatar.com\\\/avatar\\\/fdd21ad66fd8b98c407f9dee5b5e588cfe7f0d8579ec20fa6527cd59bab7f0f0?s=96&d=mm&r=g\",\"contentUrl\":\"https:\\\/\\\/secure.gravatar.com\\\/avatar\\\/fdd21ad66fd8b98c407f9dee5b5e588cfe7f0d8579ec20fa6527cd59bab7f0f0?s=96&d=mm&r=g\",\"caption\":\"Staff\"},\"url\":\"https:\\\/\\\/www.bbmnoticias.com\\\/labravaradiofm\\\/author\\\/redaccion\\\/\"}]}<\/script>\n<!-- \/ Yoast SEO plugin. -->","yoast_head_json":{"title":"El Seguro Social brinda atenci\u00f3n a pacientes con depresi\u00f3n estacional - LA BRAVA RADIO","robots":{"index":"index","follow":"follow","max-snippet":"max-snippet:-1","max-image-preview":"max-image-preview:large","max-video-preview":"max-video-preview:-1"},"canonical":"https:\/\/www.bbmnoticias.com\/labravaradiofm\/2022\/12\/22\/el-seguro-social-brinda-atencion-a-pacientes-con-depresion-estacional\/","og_locale":"es_MX","og_type":"article","og_title":"El Seguro Social brinda atenci\u00f3n a pacientes con depresi\u00f3n estacional - LA BRAVA RADIO","og_description":"Especialistas del Instituto Mexicano del Seguro Social (IMSS) recomiendan a la poblaci\u00f3n acudir a consulta ante s\u00edntomas que pueden incluir mucho sue\u00f1o, aumento en el apetito, tristeza, fatiga o desesperanza (entre otros), ya que podr\u00eda tratarse de depresi\u00f3n estacional, una condici\u00f3n de salud mental que repercute en la convivencia familiar, el desempe\u00f1o laboral, escolar y [&hellip;]","og_url":"https:\/\/www.bbmnoticias.com\/labravaradiofm\/2022\/12\/22\/el-seguro-social-brinda-atencion-a-pacientes-con-depresion-estacional\/","og_site_name":"LA BRAVA RADIO","article_published_time":"2022-12-22T17:01:32+00:00","article_modified_time":"2022-12-22T17:01:33+00:00","og_image":[{"width":615,"height":384,"url":"https:\/\/www.bbmnoticias.com\/labravaradiofm\/wp-content\/uploads\/sites\/5\/2022\/12\/imss-oaxaca.jpg","type":"image\/jpeg"}],"author":"Staff","twitter_card":"summary_large_image","twitter_misc":{"Escrito por":"Staff","Tiempo de lectura":"2 minutos"},"schema":{"@context":"https:\/\/schema.org","@graph":[{"@type":"Article","@id":"https:\/\/www.bbmnoticias.com\/labravaradiofm\/2022\/12\/22\/el-seguro-social-brinda-atencion-a-pacientes-con-depresion-estacional\/#article","isPartOf":{"@id":"https:\/\/www.bbmnoticias.com\/labravaradiofm\/2022\/12\/22\/el-seguro-social-brinda-atencion-a-pacientes-con-depresion-estacional\/"},"author":{"name":"Staff","@id":"https:\/\/www.bbmnoticias.com\/labravaradiofm\/#\/schema\/person\/68a9e9036ef3c5b55aeb2b71dc8bab45"},"headline":"El Seguro Social brinda atenci\u00f3n a pacientes con depresi\u00f3n estacional","datePublished":"2022-12-22T17:01:32+00:00","dateModified":"2022-12-22T17:01:33+00:00","mainEntityOfPage":{"@id":"https:\/\/www.bbmnoticias.com\/labravaradiofm\/2022\/12\/22\/el-seguro-social-brinda-atencion-a-pacientes-con-depresion-estacional\/"},"wordCount":437,"image":{"@id":"https:\/\/www.bbmnoticias.com\/labravaradiofm\/2022\/12\/22\/el-seguro-social-brinda-atencion-a-pacientes-con-depresion-estacional\/#primaryimage"},"thumbnailUrl":"https:\/\/www.bbmnoticias.com\/labravaradiofm\/wp-content\/uploads\/sites\/5\/2022\/12\/imss-oaxaca.jpg","articleSection":["LOCAL"],"inLanguage":"es"},{"@type":"WebPage","@id":"https:\/\/www.bbmnoticias.com\/labravaradiofm\/2022\/12\/22\/el-seguro-social-brinda-atencion-a-pacientes-con-depresion-estacional\/","url":"https:\/\/www.bbmnoticias.com\/labravaradiofm\/2022\/12\/22\/el-seguro-social-brinda-atencion-a-pacientes-con-depresion-estacional\/","name":"El Seguro Social brinda atenci\u00f3n a pacientes con depresi\u00f3n estacional - LA BRAVA RADIO","isPartOf":{"@id":"https:\/\/www.bbmnoticias.com\/labravaradiofm\/#website"},"primaryImageOfPage":{"@id":"https:\/\/www.bbmnoticias.com\/labravaradiofm\/2022\/12\/22\/el-seguro-social-brinda-atencion-a-pacientes-con-depresion-estacional\/#primaryimage"},"image":{"@id":"https:\/\/www.bbmnoticias.com\/labravaradiofm\/2022\/12\/22\/el-seguro-social-brinda-atencion-a-pacientes-con-depresion-estacional\/#primaryimage"},"thumbnailUrl":"https:\/\/www.bbmnoticias.com\/labravaradiofm\/wp-content\/uploads\/sites\/5\/2022\/12\/imss-oaxaca.jpg","datePublished":"2022-12-22T17:01:32+00:00","dateModified":"2022-12-22T17:01:33+00:00","author":{"@id":"https:\/\/www.bbmnoticias.com\/labravaradiofm\/#\/schema\/person\/68a9e9036ef3c5b55aeb2b71dc8bab45"},"breadcrumb":{"@id":"https:\/\/www.bbmnoticias.com\/labravaradiofm\/2022\/12\/22\/el-seguro-social-brinda-atencion-a-pacientes-con-depresion-estacional\/#breadcrumb"},"inLanguage":"es","potentialAction":[{"@type":"ReadAction","target":["https:\/\/www.bbmnoticias.com\/labravaradiofm\/2022\/12\/22\/el-seguro-social-brinda-atencion-a-pacientes-con-depresion-estacional\/"]}]},{"@type":"ImageObject","inLanguage":"es","@id":"https:\/\/www.bbmnoticias.com\/labravaradiofm\/2022\/12\/22\/el-seguro-social-brinda-atencion-a-pacientes-con-depresion-estacional\/#primaryimage","url":"https:\/\/www.bbmnoticias.com\/labravaradiofm\/wp-content\/uploads\/sites\/5\/2022\/12\/imss-oaxaca.jpg","contentUrl":"https:\/\/www.bbmnoticias.com\/labravaradiofm\/wp-content\/uploads\/sites\/5\/2022\/12\/imss-oaxaca.jpg","width":615,"height":384},{"@type":"BreadcrumbList","@id":"https:\/\/www.bbmnoticias.com\/labravaradiofm\/2022\/12\/22\/el-seguro-social-brinda-atencion-a-pacientes-con-depresion-estacional\/#breadcrumb","itemListElement":[{"@type":"ListItem","position":1,"name":"Inicio","item":"https:\/\/www.bbmnoticias.com\/labravaradiofm\/"},{"@type":"ListItem","position":2,"name":"El Seguro Social brinda atenci\u00f3n a pacientes con depresi\u00f3n estacional"}]},{"@type":"WebSite","@id":"https:\/\/www.bbmnoticias.com\/labravaradiofm\/#website","url":"https:\/\/www.bbmnoticias.com\/labravaradiofm\/","name":"LA BRAVA RADIO","description":"Empresa productora de medios, Radiodifusi\u00f3n, Noticias, tendencias y todo lo que necesitas saber de la pol\u00edtica mexicana e internacional; entretenimiento, espect\u00e1culos, salud y mucho m\u00e1s.","potentialAction":[{"@type":"SearchAction","target":{"@type":"EntryPoint","urlTemplate":"https:\/\/www.bbmnoticias.com\/labravaradiofm\/?s={search_term_string}"},"query-input":{"@type":"PropertyValueSpecification","valueRequired":true,"valueName":"search_term_string"}}],"inLanguage":"es"},{"@type":"Person","@id":"https:\/\/www.bbmnoticias.com\/labravaradiofm\/#\/schema\/person\/68a9e9036ef3c5b55aeb2b71dc8bab45","name":"Staff","image":{"@type":"ImageObject","inLanguage":"es","@id":"https:\/\/secure.gravatar.com\/avatar\/fdd21ad66fd8b98c407f9dee5b5e588cfe7f0d8579ec20fa6527cd59bab7f0f0?s=96&d=mm&r=g","url":"https:\/\/secure.gravatar.com\/avatar\/fdd21ad66fd8b98c407f9dee5b5e588cfe7f0d8579ec20fa6527cd59bab7f0f0?s=96&d=mm&r=g","contentUrl":"https:\/\/secure.gravatar.com\/avatar\/fdd21ad66fd8b98c407f9dee5b5e588cfe7f0d8579ec20fa6527cd59bab7f0f0?s=96&d=mm&r=g","caption":"Staff"},"url":"https:\/\/www.bbmnoticias.com\/labravaradiofm\/author\/redaccion\/"}]}},"_links":{"self":[{"href":"https:\/\/www.bbmnoticias.com\/labravaradiofm\/wp-json\/wp\/v2\/posts\/21872","targetHints":{"allow":["GET"]}}],"collection":[{"href":"https:\/\/www.bbmnoticias.com\/labravaradiofm\/wp-json\/wp\/v2\/posts"}],"about":[{"href":"https:\/\/www.bbmnoticias.com\/labravaradiofm\/wp-json\/wp\/v2\/types\/post"}],"author":[{"embeddable":true,"href":"https:\/\/www.bbmnoticias.com\/labravaradiofm\/wp-json\/wp\/v2\/users\/2"}],"replies":[{"embeddable":true,"href":"https:\/\/www.bbmnoticias.com\/labravaradiofm\/wp-json\/wp\/v2\/comments?post=21872"}],"version-history":[{"count":0,"href":"https:\/\/www.bbmnoticias.com\/labravaradiofm\/wp-json\/wp\/v2\/posts\/21872\/revisions"}],"wp:featuredmedia":[{"embeddable":true,"href":"https:\/\/www.bbmnoticias.com\/labravaradiofm\/wp-json\/wp\/v2\/media\/21873"}],"wp:attachment":[{"href":"https:\/\/www.bbmnoticias.com\/labravaradiofm\/wp-json\/wp\/v2\/media?parent=21872"}],"wp:term":[{"taxonomy":"category","embeddable":true,"href":"https:\/\/www.bbmnoticias.com\/labravaradiofm\/wp-json\/wp\/v2\/categories?post=21872"},{"taxonomy":"post_tag","embeddable":true,"href":"https:\/\/www.bbmnoticias.com\/labravaradiofm\/wp-json\/wp\/v2\/tags?post=21872"}],"curies":[{"name":"wp","href":"https:\/\/api.w.org\/{rel}","templated":true}]}}