{"id":2186,"date":"2021-09-21T09:21:54","date_gmt":"2021-09-21T14:21:54","guid":{"rendered":"https:\/\/www.bbmnoticias.com\/labravaradiofm\/?p=2186"},"modified":"2021-09-21T09:21:55","modified_gmt":"2021-09-21T14:21:55","slug":"volcan-etna-en-la-isla-de-sicilia-italia-entra-en-erupcion","status":"publish","type":"post","link":"https:\/\/www.bbmnoticias.com\/labravaradiofm\/2021\/09\/21\/volcan-etna-en-la-isla-de-sicilia-italia-entra-en-erupcion\/","title":{"rendered":"Volc\u00e1n Etna en la isla de Sicilia, Italia, entra en erupci\u00f3n"},"content":{"rendered":"<div style=\"margin-top: 0px; margin-bottom: 0px;\" class=\"sharethis-inline-share-buttons\" ><\/div>\n<p>El <strong>volc\u00e1n Etna<\/strong>, ubicado en la isla de Sicilia, <strong>Italia<\/strong>, <strong>entr\u00f3 en erupci\u00f3n<\/strong> durante la ma\u00f1ana de este martes.<\/p>\n\n\n\n<p>Seg\u00fan datos del Instituto Nacional de Geof\u00edsica y Vulcanolog\u00eda (INGV) del Observatorio del Etna, el <strong>volc\u00e1n<\/strong> arroj\u00f3 lava y una columna de ceniza que alcanz\u00f3 los 9 kil\u00f3metros.<\/p>\n\n\n\n<h2 class=\"wp-block-heading\">Volc\u00e1n Etna entra en erupci\u00f3n; no se reportan da\u00f1os<\/h2>\n\n\n\n<p>El <strong>volc\u00e1n Etna hizo erupci\u00f3n<\/strong> la ma\u00f1ana de este martes en su cr\u00e1ter sureste, calificado como el m\u00e1s joven y activo.<\/p>\n\n\n\n<p>La actividad volc\u00e1nica comenz\u00f3 alrededor de las 6:15 horas (locales) con emisi\u00f3n de cenizas.<\/p>\n\n\n\n<p>Poco antes de las 7:00 horas, la <strong>erupci\u00f3n del volc\u00e1n Etna<\/strong> registr\u00f3 emisi\u00f3n de lava y una columna de ceniza de hasta 9 kil\u00f3metros de altura.<\/p>\n\n\n\n<figure class=\"wp-block-embed is-type-rich is-provider-twitter wp-block-embed-twitter\"><div class=\"wp-block-embed__wrapper\">\n<blockquote class=\"twitter-tweet\" data-width=\"550\" data-dnt=\"true\"><p lang=\"es\" dir=\"ltr\">El ETNA entra en erupci\u00f3n !!!! <a href=\"https:\/\/twitter.com\/hashtag\/volcan?src=hash&amp;ref_src=twsrc%5Etfw\">#volcan<\/a> <a href=\"https:\/\/twitter.com\/hashtag\/Etna?src=hash&amp;ref_src=twsrc%5Etfw\">#Etna<\/a> <a href=\"https:\/\/twitter.com\/hashtag\/erupcion?src=hash&amp;ref_src=twsrc%5Etfw\">#erupcion<\/a><a href=\"https:\/\/twitter.com\/geologoenapuros?ref_src=twsrc%5Etfw\">@geologoenapuros<\/a> <br>En estos momentos! <a href=\"https:\/\/t.co\/CfDu7p8P99\">pic.twitter.com\/CfDu7p8P99<\/a><\/p>&mdash; Meteosojuela La Rioja. \ud83d\udda4\ud83c\uddfa\ud83c\udde6\ud83d\udcaa (@meteosojuela) <a href=\"https:\/\/twitter.com\/meteosojuela\/status\/1440230888822898695?ref_src=twsrc%5Etfw\">September 21, 2021<\/a><\/blockquote><script async src=\"https:\/\/platform.twitter.com\/widgets.js\" charset=\"utf-8\"><\/script>\n<\/div><\/figure>\n\n\n\n<p>El INGV ha asegurado que la <strong>erupci\u00f3n del volc\u00e1n<\/strong> no representa un peligro para las personas.<\/p>\n\n\n\n<p>Sin embargo, se ha registrado un aumento en la amplitud de temblores volc\u00e1nicos en las \u00faltimas horas.<\/p>\n\n\n\n<p>Asimismo, Marco Viccaro, presidente de la asociaci\u00f3n de vulcan\u00f3logos italianos, advirti\u00f3 a medios locales sobre posibles \u201cproblemas de tr\u00e1fico, transporte y en la agricultura\u201d.<\/p>\n\n\n\n<p>Toda vez que las fuertes corrientes de aire ya empiezan a dirigir las \u201ccenizas hacia el este-noreste\u201d de la isla de Sicilia.<\/p>\n\n\n\n<p>Adem\u00e1s, el instituto confirm\u00f3 la existencia de una \u201cfuente de lava en curso\u201d que desciende hacia la parte suroeste del volc\u00e1n.<\/p>\n\n\n\n<p>Hasta el momento, los vuelos no han sido cancelados por la actividad del <strong>volc\u00e1n Etna<\/strong>.<\/p>\n\n\n\n<p>No se reportan da\u00f1os.<\/p>\n\n\n\n<figure class=\"wp-block-embed is-type-rich is-provider-twitter wp-block-embed-twitter\"><div class=\"wp-block-embed__wrapper\">\n<blockquote class=\"twitter-tweet\" data-width=\"550\" data-dnt=\"true\"><p lang=\"pt\" dir=\"ltr\">\ud83d\udd34 <a href=\"https:\/\/twitter.com\/hashtag\/Etna?src=hash&amp;ref_src=twsrc%5Etfw\">#Etna<\/a> adesso!<a href=\"https:\/\/twitter.com\/hashtag\/sicilia?src=hash&amp;ref_src=twsrc%5Etfw\">#sicilia<\/a> <a href=\"https:\/\/twitter.com\/hashtag\/sicily?src=hash&amp;ref_src=twsrc%5Etfw\">#sicily<\/a> <a href=\"https:\/\/twitter.com\/hashtag\/volcano?src=hash&amp;ref_src=twsrc%5Etfw\">#volcano<\/a> <a href=\"https:\/\/t.co\/Ul827AS3m7\">pic.twitter.com\/Ul827AS3m7<\/a><\/p>&mdash; Dario (@dariomedct) <a href=\"https:\/\/twitter.com\/dariomedct\/status\/1440225846644461571?ref_src=twsrc%5Etfw\">September 21, 2021<\/a><\/blockquote><script async src=\"https:\/\/platform.twitter.com\/widgets.js\" charset=\"utf-8\"><\/script>\n<\/div><figcaption>Volc\u00e1n Etna aument\u00f3 su altura por erupciones previas<br>La primera <strong>erupci\u00f3n del volc\u00e1n Etna<\/strong> en el a\u00f1o 2021, ocurri\u00f3 el 16 de febrero; provocando un cambio en la morfolog\u00eda de este gracias a la lava expulsada.<br>Tras las \u00faltimas erupciones del mes de agosto, el\u00a0<strong>volc\u00e1n Etna<\/strong> ha aumentado su tama\u00f1o,\u00a0ampliando su altitud en\u00a033 metros.<br>Es decir, la altura actual de su cumbre est\u00e1 a 3 mil 357 metros sobre el nivel del mar,\u00a0seg\u00fan el ultimo informe emitido por el INGV.<br>El \u2018<strong>Etna\u2019<\/strong>, es considerado \u201cel <strong>volc\u00e1n<\/strong> activo m\u00e1s grande de Europa\u201d. En junio de 2013, la UNESCO lo declar\u00f3 Patrimonio de la Humanidad.<br>Con informaci\u00f3n de EFE<\/figcaption><\/figure>\n","protected":false},"excerpt":{"rendered":"<p>El volc\u00e1n Etna, ubicado en la isla de Sicilia, Italia, entr\u00f3 en erupci\u00f3n durante la ma\u00f1ana de este martes. Seg\u00fan datos del Instituto Nacional de Geof\u00edsica y Vulcanolog\u00eda (INGV) del Observatorio del Etna, el volc\u00e1n arroj\u00f3 lava y una columna de ceniza que alcanz\u00f3 los 9 kil\u00f3metros. Volc\u00e1n Etna entra en erupci\u00f3n; no se reportan [&hellip;]<\/p>\n","protected":false},"author":4,"featured_media":2187,"comment_status":"closed","ping_status":"closed","sticky":false,"template":"","format":"standard","meta":{"footnotes":""},"categories":[1],"tags":[],"class_list":{"0":"post-2186","1":"post","2":"type-post","3":"status-publish","4":"format-standard","5":"has-post-thumbnail","7":"category-sin-categoria"},"yoast_head":"<!-- This site is optimized with the Yoast SEO plugin v27.4 - https:\/\/yoast.com\/product\/yoast-seo-wordpress\/ -->\n<title>Volc\u00e1n Etna en la isla de Sicilia, Italia, entra en erupci\u00f3n - LA BRAVA RADIO<\/title>\n<meta name=\"description\" content=\"El volc\u00e1n Etna hizo erupci\u00f3n la ma\u00f1ana de este martes en su cr\u00e1ter sureste, calificado como el m\u00e1s joven y activo\" \/>\n<meta name=\"robots\" content=\"index, follow, max-snippet:-1, max-image-preview:large, max-video-preview:-1\" \/>\n<link rel=\"canonical\" href=\"https:\/\/www.bbmnoticias.com\/labravaradiofm\/2021\/09\/21\/volcan-etna-en-la-isla-de-sicilia-italia-entra-en-erupcion\/\" \/>\n<meta property=\"og:locale\" content=\"es_MX\" \/>\n<meta property=\"og:type\" content=\"article\" \/>\n<meta property=\"og:title\" content=\"Volc\u00e1n Etna en la isla de Sicilia, Italia, entra en erupci\u00f3n - LA BRAVA RADIO\" \/>\n<meta property=\"og:description\" content=\"El volc\u00e1n Etna hizo erupci\u00f3n la ma\u00f1ana de este martes en su cr\u00e1ter sureste, calificado como el m\u00e1s joven y activo\" \/>\n<meta property=\"og:url\" content=\"https:\/\/www.bbmnoticias.com\/labravaradiofm\/2021\/09\/21\/volcan-etna-en-la-isla-de-sicilia-italia-entra-en-erupcion\/\" \/>\n<meta property=\"og:site_name\" content=\"LA BRAVA RADIO\" \/>\n<meta property=\"article:published_time\" content=\"2021-09-21T14:21:54+00:00\" \/>\n<meta property=\"article:modified_time\" content=\"2021-09-21T14:21:55+00:00\" \/>\n<meta property=\"og:image\" content=\"https:\/\/www.bbmnoticias.com\/labravaradiofm\/wp-content\/uploads\/sites\/5\/2021\/09\/internacional21092021-1.jpeg\" \/>\n\t<meta property=\"og:image:width\" content=\"680\" \/>\n\t<meta property=\"og:image:height\" content=\"383\" \/>\n\t<meta property=\"og:image:type\" content=\"image\/jpeg\" \/>\n<meta name=\"author\" content=\"Agencias\" \/>\n<meta name=\"twitter:card\" content=\"summary_large_image\" \/>\n<meta name=\"twitter:label1\" content=\"Escrito por\" \/>\n\t<meta name=\"twitter:data1\" content=\"Agencias\" \/>\n\t<meta name=\"twitter:label2\" content=\"Tiempo de lectura\" \/>\n\t<meta name=\"twitter:data2\" content=\"2 minutos\" \/>\n<script type=\"application\/ld+json\" class=\"yoast-schema-graph\">{\"@context\":\"https:\\\/\\\/schema.org\",\"@graph\":[{\"@type\":\"Article\",\"@id\":\"https:\\\/\\\/www.bbmnoticias.com\\\/labravaradiofm\\\/2021\\\/09\\\/21\\\/volcan-etna-en-la-isla-de-sicilia-italia-entra-en-erupcion\\\/#article\",\"isPartOf\":{\"@id\":\"https:\\\/\\\/www.bbmnoticias.com\\\/labravaradiofm\\\/2021\\\/09\\\/21\\\/volcan-etna-en-la-isla-de-sicilia-italia-entra-en-erupcion\\\/\"},\"author\":{\"name\":\"Agencias\",\"@id\":\"https:\\\/\\\/www.bbmnoticias.com\\\/labravaradiofm\\\/#\\\/schema\\\/person\\\/857a3daf5c8142f29919023f377fbfad\"},\"headline\":\"Volc\u00e1n Etna en la isla de Sicilia, Italia, entra en erupci\u00f3n\",\"datePublished\":\"2021-09-21T14:21:54+00:00\",\"dateModified\":\"2021-09-21T14:21:55+00:00\",\"mainEntityOfPage\":{\"@id\":\"https:\\\/\\\/www.bbmnoticias.com\\\/labravaradiofm\\\/2021\\\/09\\\/21\\\/volcan-etna-en-la-isla-de-sicilia-italia-entra-en-erupcion\\\/\"},\"wordCount\":402,\"image\":{\"@id\":\"https:\\\/\\\/www.bbmnoticias.com\\\/labravaradiofm\\\/2021\\\/09\\\/21\\\/volcan-etna-en-la-isla-de-sicilia-italia-entra-en-erupcion\\\/#primaryimage\"},\"thumbnailUrl\":\"https:\\\/\\\/www.bbmnoticias.com\\\/labravaradiofm\\\/wp-content\\\/uploads\\\/sites\\\/5\\\/2021\\\/09\\\/internacional21092021-1.jpeg\",\"inLanguage\":\"es\"},{\"@type\":\"WebPage\",\"@id\":\"https:\\\/\\\/www.bbmnoticias.com\\\/labravaradiofm\\\/2021\\\/09\\\/21\\\/volcan-etna-en-la-isla-de-sicilia-italia-entra-en-erupcion\\\/\",\"url\":\"https:\\\/\\\/www.bbmnoticias.com\\\/labravaradiofm\\\/2021\\\/09\\\/21\\\/volcan-etna-en-la-isla-de-sicilia-italia-entra-en-erupcion\\\/\",\"name\":\"Volc\u00e1n Etna en la isla de Sicilia, Italia, entra en erupci\u00f3n - LA BRAVA RADIO\",\"isPartOf\":{\"@id\":\"https:\\\/\\\/www.bbmnoticias.com\\\/labravaradiofm\\\/#website\"},\"primaryImageOfPage\":{\"@id\":\"https:\\\/\\\/www.bbmnoticias.com\\\/labravaradiofm\\\/2021\\\/09\\\/21\\\/volcan-etna-en-la-isla-de-sicilia-italia-entra-en-erupcion\\\/#primaryimage\"},\"image\":{\"@id\":\"https:\\\/\\\/www.bbmnoticias.com\\\/labravaradiofm\\\/2021\\\/09\\\/21\\\/volcan-etna-en-la-isla-de-sicilia-italia-entra-en-erupcion\\\/#primaryimage\"},\"thumbnailUrl\":\"https:\\\/\\\/www.bbmnoticias.com\\\/labravaradiofm\\\/wp-content\\\/uploads\\\/sites\\\/5\\\/2021\\\/09\\\/internacional21092021-1.jpeg\",\"datePublished\":\"2021-09-21T14:21:54+00:00\",\"dateModified\":\"2021-09-21T14:21:55+00:00\",\"author\":{\"@id\":\"https:\\\/\\\/www.bbmnoticias.com\\\/labravaradiofm\\\/#\\\/schema\\\/person\\\/857a3daf5c8142f29919023f377fbfad\"},\"description\":\"El volc\u00e1n Etna hizo erupci\u00f3n la ma\u00f1ana de este martes en su cr\u00e1ter sureste, calificado como el m\u00e1s joven y activo\",\"breadcrumb\":{\"@id\":\"https:\\\/\\\/www.bbmnoticias.com\\\/labravaradiofm\\\/2021\\\/09\\\/21\\\/volcan-etna-en-la-isla-de-sicilia-italia-entra-en-erupcion\\\/#breadcrumb\"},\"inLanguage\":\"es\",\"potentialAction\":[{\"@type\":\"ReadAction\",\"target\":[\"https:\\\/\\\/www.bbmnoticias.com\\\/labravaradiofm\\\/2021\\\/09\\\/21\\\/volcan-etna-en-la-isla-de-sicilia-italia-entra-en-erupcion\\\/\"]}]},{\"@type\":\"ImageObject\",\"inLanguage\":\"es\",\"@id\":\"https:\\\/\\\/www.bbmnoticias.com\\\/labravaradiofm\\\/2021\\\/09\\\/21\\\/volcan-etna-en-la-isla-de-sicilia-italia-entra-en-erupcion\\\/#primaryimage\",\"url\":\"https:\\\/\\\/www.bbmnoticias.com\\\/labravaradiofm\\\/wp-content\\\/uploads\\\/sites\\\/5\\\/2021\\\/09\\\/internacional21092021-1.jpeg\",\"contentUrl\":\"https:\\\/\\\/www.bbmnoticias.com\\\/labravaradiofm\\\/wp-content\\\/uploads\\\/sites\\\/5\\\/2021\\\/09\\\/internacional21092021-1.jpeg\",\"width\":680,\"height\":383},{\"@type\":\"BreadcrumbList\",\"@id\":\"https:\\\/\\\/www.bbmnoticias.com\\\/labravaradiofm\\\/2021\\\/09\\\/21\\\/volcan-etna-en-la-isla-de-sicilia-italia-entra-en-erupcion\\\/#breadcrumb\",\"itemListElement\":[{\"@type\":\"ListItem\",\"position\":1,\"name\":\"Inicio\",\"item\":\"https:\\\/\\\/www.bbmnoticias.com\\\/labravaradiofm\\\/\"},{\"@type\":\"ListItem\",\"position\":2,\"name\":\"Volc\u00e1n Etna en la isla de Sicilia, Italia, entra en erupci\u00f3n\"}]},{\"@type\":\"WebSite\",\"@id\":\"https:\\\/\\\/www.bbmnoticias.com\\\/labravaradiofm\\\/#website\",\"url\":\"https:\\\/\\\/www.bbmnoticias.com\\\/labravaradiofm\\\/\",\"name\":\"LA BRAVA RADIO\",\"description\":\"Empresa productora de medios, Radiodifusi\u00f3n, Noticias, tendencias y todo lo que necesitas saber de la pol\u00edtica mexicana e internacional; entretenimiento, espect\u00e1culos, salud y mucho m\u00e1s.\",\"potentialAction\":[{\"@type\":\"SearchAction\",\"target\":{\"@type\":\"EntryPoint\",\"urlTemplate\":\"https:\\\/\\\/www.bbmnoticias.com\\\/labravaradiofm\\\/?s={search_term_string}\"},\"query-input\":{\"@type\":\"PropertyValueSpecification\",\"valueRequired\":true,\"valueName\":\"search_term_string\"}}],\"inLanguage\":\"es\"},{\"@type\":\"Person\",\"@id\":\"https:\\\/\\\/www.bbmnoticias.com\\\/labravaradiofm\\\/#\\\/schema\\\/person\\\/857a3daf5c8142f29919023f377fbfad\",\"name\":\"Agencias\",\"image\":{\"@type\":\"ImageObject\",\"inLanguage\":\"es\",\"@id\":\"https:\\\/\\\/secure.gravatar.com\\\/avatar\\\/739e0b61adf9e398b425c36718c8752286da0e8cd90f20ce9a86678abc26aa0d?s=96&d=mm&r=g\",\"url\":\"https:\\\/\\\/secure.gravatar.com\\\/avatar\\\/739e0b61adf9e398b425c36718c8752286da0e8cd90f20ce9a86678abc26aa0d?s=96&d=mm&r=g\",\"contentUrl\":\"https:\\\/\\\/secure.gravatar.com\\\/avatar\\\/739e0b61adf9e398b425c36718c8752286da0e8cd90f20ce9a86678abc26aa0d?s=96&d=mm&r=g\",\"caption\":\"Agencias\"},\"url\":\"https:\\\/\\\/www.bbmnoticias.com\\\/labravaradiofm\\\/author\\\/agencias\\\/\"}]}<\/script>\n<!-- \/ Yoast SEO plugin. -->","yoast_head_json":{"title":"Volc\u00e1n Etna en la isla de Sicilia, Italia, entra en erupci\u00f3n - LA BRAVA RADIO","description":"El volc\u00e1n Etna hizo erupci\u00f3n la ma\u00f1ana de este martes en su cr\u00e1ter sureste, calificado como el m\u00e1s joven y activo","robots":{"index":"index","follow":"follow","max-snippet":"max-snippet:-1","max-image-preview":"max-image-preview:large","max-video-preview":"max-video-preview:-1"},"canonical":"https:\/\/www.bbmnoticias.com\/labravaradiofm\/2021\/09\/21\/volcan-etna-en-la-isla-de-sicilia-italia-entra-en-erupcion\/","og_locale":"es_MX","og_type":"article","og_title":"Volc\u00e1n Etna en la isla de Sicilia, Italia, entra en erupci\u00f3n - LA BRAVA RADIO","og_description":"El volc\u00e1n Etna hizo erupci\u00f3n la ma\u00f1ana de este martes en su cr\u00e1ter sureste, calificado como el m\u00e1s joven y activo","og_url":"https:\/\/www.bbmnoticias.com\/labravaradiofm\/2021\/09\/21\/volcan-etna-en-la-isla-de-sicilia-italia-entra-en-erupcion\/","og_site_name":"LA BRAVA RADIO","article_published_time":"2021-09-21T14:21:54+00:00","article_modified_time":"2021-09-21T14:21:55+00:00","og_image":[{"width":680,"height":383,"url":"https:\/\/www.bbmnoticias.com\/labravaradiofm\/wp-content\/uploads\/sites\/5\/2021\/09\/internacional21092021-1.jpeg","type":"image\/jpeg"}],"author":"Agencias","twitter_card":"summary_large_image","twitter_misc":{"Escrito por":"Agencias","Tiempo de lectura":"2 minutos"},"schema":{"@context":"https:\/\/schema.org","@graph":[{"@type":"Article","@id":"https:\/\/www.bbmnoticias.com\/labravaradiofm\/2021\/09\/21\/volcan-etna-en-la-isla-de-sicilia-italia-entra-en-erupcion\/#article","isPartOf":{"@id":"https:\/\/www.bbmnoticias.com\/labravaradiofm\/2021\/09\/21\/volcan-etna-en-la-isla-de-sicilia-italia-entra-en-erupcion\/"},"author":{"name":"Agencias","@id":"https:\/\/www.bbmnoticias.com\/labravaradiofm\/#\/schema\/person\/857a3daf5c8142f29919023f377fbfad"},"headline":"Volc\u00e1n Etna en la isla de Sicilia, Italia, entra en erupci\u00f3n","datePublished":"2021-09-21T14:21:54+00:00","dateModified":"2021-09-21T14:21:55+00:00","mainEntityOfPage":{"@id":"https:\/\/www.bbmnoticias.com\/labravaradiofm\/2021\/09\/21\/volcan-etna-en-la-isla-de-sicilia-italia-entra-en-erupcion\/"},"wordCount":402,"image":{"@id":"https:\/\/www.bbmnoticias.com\/labravaradiofm\/2021\/09\/21\/volcan-etna-en-la-isla-de-sicilia-italia-entra-en-erupcion\/#primaryimage"},"thumbnailUrl":"https:\/\/www.bbmnoticias.com\/labravaradiofm\/wp-content\/uploads\/sites\/5\/2021\/09\/internacional21092021-1.jpeg","inLanguage":"es"},{"@type":"WebPage","@id":"https:\/\/www.bbmnoticias.com\/labravaradiofm\/2021\/09\/21\/volcan-etna-en-la-isla-de-sicilia-italia-entra-en-erupcion\/","url":"https:\/\/www.bbmnoticias.com\/labravaradiofm\/2021\/09\/21\/volcan-etna-en-la-isla-de-sicilia-italia-entra-en-erupcion\/","name":"Volc\u00e1n Etna en la isla de Sicilia, Italia, entra en erupci\u00f3n - LA BRAVA RADIO","isPartOf":{"@id":"https:\/\/www.bbmnoticias.com\/labravaradiofm\/#website"},"primaryImageOfPage":{"@id":"https:\/\/www.bbmnoticias.com\/labravaradiofm\/2021\/09\/21\/volcan-etna-en-la-isla-de-sicilia-italia-entra-en-erupcion\/#primaryimage"},"image":{"@id":"https:\/\/www.bbmnoticias.com\/labravaradiofm\/2021\/09\/21\/volcan-etna-en-la-isla-de-sicilia-italia-entra-en-erupcion\/#primaryimage"},"thumbnailUrl":"https:\/\/www.bbmnoticias.com\/labravaradiofm\/wp-content\/uploads\/sites\/5\/2021\/09\/internacional21092021-1.jpeg","datePublished":"2021-09-21T14:21:54+00:00","dateModified":"2021-09-21T14:21:55+00:00","author":{"@id":"https:\/\/www.bbmnoticias.com\/labravaradiofm\/#\/schema\/person\/857a3daf5c8142f29919023f377fbfad"},"description":"El volc\u00e1n Etna hizo erupci\u00f3n la ma\u00f1ana de este martes en su cr\u00e1ter sureste, calificado como el m\u00e1s joven y activo","breadcrumb":{"@id":"https:\/\/www.bbmnoticias.com\/labravaradiofm\/2021\/09\/21\/volcan-etna-en-la-isla-de-sicilia-italia-entra-en-erupcion\/#breadcrumb"},"inLanguage":"es","potentialAction":[{"@type":"ReadAction","target":["https:\/\/www.bbmnoticias.com\/labravaradiofm\/2021\/09\/21\/volcan-etna-en-la-isla-de-sicilia-italia-entra-en-erupcion\/"]}]},{"@type":"ImageObject","inLanguage":"es","@id":"https:\/\/www.bbmnoticias.com\/labravaradiofm\/2021\/09\/21\/volcan-etna-en-la-isla-de-sicilia-italia-entra-en-erupcion\/#primaryimage","url":"https:\/\/www.bbmnoticias.com\/labravaradiofm\/wp-content\/uploads\/sites\/5\/2021\/09\/internacional21092021-1.jpeg","contentUrl":"https:\/\/www.bbmnoticias.com\/labravaradiofm\/wp-content\/uploads\/sites\/5\/2021\/09\/internacional21092021-1.jpeg","width":680,"height":383},{"@type":"BreadcrumbList","@id":"https:\/\/www.bbmnoticias.com\/labravaradiofm\/2021\/09\/21\/volcan-etna-en-la-isla-de-sicilia-italia-entra-en-erupcion\/#breadcrumb","itemListElement":[{"@type":"ListItem","position":1,"name":"Inicio","item":"https:\/\/www.bbmnoticias.com\/labravaradiofm\/"},{"@type":"ListItem","position":2,"name":"Volc\u00e1n Etna en la isla de Sicilia, Italia, entra en erupci\u00f3n"}]},{"@type":"WebSite","@id":"https:\/\/www.bbmnoticias.com\/labravaradiofm\/#website","url":"https:\/\/www.bbmnoticias.com\/labravaradiofm\/","name":"LA BRAVA RADIO","description":"Empresa productora de medios, Radiodifusi\u00f3n, Noticias, tendencias y todo lo que necesitas saber de la pol\u00edtica mexicana e internacional; entretenimiento, espect\u00e1culos, salud y mucho m\u00e1s.","potentialAction":[{"@type":"SearchAction","target":{"@type":"EntryPoint","urlTemplate":"https:\/\/www.bbmnoticias.com\/labravaradiofm\/?s={search_term_string}"},"query-input":{"@type":"PropertyValueSpecification","valueRequired":true,"valueName":"search_term_string"}}],"inLanguage":"es"},{"@type":"Person","@id":"https:\/\/www.bbmnoticias.com\/labravaradiofm\/#\/schema\/person\/857a3daf5c8142f29919023f377fbfad","name":"Agencias","image":{"@type":"ImageObject","inLanguage":"es","@id":"https:\/\/secure.gravatar.com\/avatar\/739e0b61adf9e398b425c36718c8752286da0e8cd90f20ce9a86678abc26aa0d?s=96&d=mm&r=g","url":"https:\/\/secure.gravatar.com\/avatar\/739e0b61adf9e398b425c36718c8752286da0e8cd90f20ce9a86678abc26aa0d?s=96&d=mm&r=g","contentUrl":"https:\/\/secure.gravatar.com\/avatar\/739e0b61adf9e398b425c36718c8752286da0e8cd90f20ce9a86678abc26aa0d?s=96&d=mm&r=g","caption":"Agencias"},"url":"https:\/\/www.bbmnoticias.com\/labravaradiofm\/author\/agencias\/"}]}},"_links":{"self":[{"href":"https:\/\/www.bbmnoticias.com\/labravaradiofm\/wp-json\/wp\/v2\/posts\/2186","targetHints":{"allow":["GET"]}}],"collection":[{"href":"https:\/\/www.bbmnoticias.com\/labravaradiofm\/wp-json\/wp\/v2\/posts"}],"about":[{"href":"https:\/\/www.bbmnoticias.com\/labravaradiofm\/wp-json\/wp\/v2\/types\/post"}],"author":[{"embeddable":true,"href":"https:\/\/www.bbmnoticias.com\/labravaradiofm\/wp-json\/wp\/v2\/users\/4"}],"replies":[{"embeddable":true,"href":"https:\/\/www.bbmnoticias.com\/labravaradiofm\/wp-json\/wp\/v2\/comments?post=2186"}],"version-history":[{"count":0,"href":"https:\/\/www.bbmnoticias.com\/labravaradiofm\/wp-json\/wp\/v2\/posts\/2186\/revisions"}],"wp:featuredmedia":[{"embeddable":true,"href":"https:\/\/www.bbmnoticias.com\/labravaradiofm\/wp-json\/wp\/v2\/media\/2187"}],"wp:attachment":[{"href":"https:\/\/www.bbmnoticias.com\/labravaradiofm\/wp-json\/wp\/v2\/media?parent=2186"}],"wp:term":[{"taxonomy":"category","embeddable":true,"href":"https:\/\/www.bbmnoticias.com\/labravaradiofm\/wp-json\/wp\/v2\/categories?post=2186"},{"taxonomy":"post_tag","embeddable":true,"href":"https:\/\/www.bbmnoticias.com\/labravaradiofm\/wp-json\/wp\/v2\/tags?post=2186"}],"curies":[{"name":"wp","href":"https:\/\/api.w.org\/{rel}","templated":true}]}}