{"id":21261,"date":"2022-12-04T20:09:30","date_gmt":"2022-12-05T02:09:30","guid":{"rendered":"https:\/\/www.bbmnoticias.com\/labravaradiofm\/?p=21261"},"modified":"2022-12-05T10:39:39","modified_gmt":"2022-12-05T16:39:39","slug":"acuerda-salomon-jara-y-nacion-triqui-union-paz-y-desarrollo-para-sus-pueblos","status":"publish","type":"post","link":"https:\/\/www.bbmnoticias.com\/labravaradiofm\/2022\/12\/04\/acuerda-salomon-jara-y-nacion-triqui-union-paz-y-desarrollo-para-sus-pueblos\/","title":{"rendered":"Acuerda Salom\u00f3n Jara y Naci\u00f3n Triqui, uni\u00f3n, paz y desarrollo para sus pueblos"},"content":{"rendered":"<div style=\"margin-top: 0px; margin-bottom: 0px;\" class=\"sharethis-inline-share-buttons\" ><\/div>\n<ul class=\"wp-block-list\">\n<li>El Gobernador de Oaxaca reconoce la disposici\u00f3n y voluntad pol\u00edtica de los l\u00edderes y anuncia la reinstalaci\u00f3n de las mesas de paz con justicia y bienestar<\/li>\n\n\n\n<li>En respuesta a algunas de sus demandas se har\u00e1 la construcci\u00f3n de caminos, la reforestaci\u00f3n, la conservaci\u00f3n de la m\u00fasica tradicional, entre otros<\/li>\n<\/ul>\n\n\n\n<p><strong>Constancia del Rosario, Oax., 4 de diciembre de 2022.-<\/strong> El acceso principal a la \u201cMonta\u00f1a Roja\u201d, lugar en el cual inicia el camino que conduce a la Naci\u00f3n Triqui, en la regi\u00f3n Mixteca, fue testigo del encuentro hist\u00f3rico entre el Gobernador del Estado, Salom\u00f3n Jara Cruz, integrantes de su Gabinete Paritario y mujeres y hombres de esta zona del estado de Oaxaca, con quienes se reuni\u00f3 para hablar de la prosperidad y la paz que se avecina para esta tierra.<\/p>\n\n\n\n<p>El municipio de Constancia del Rosario, distrito de Putla, conocido como la puerta a la Monta\u00f1a Roja, por el color de los huipiles que mujeres triquis portan con orgullo, fue la sede del acercamiento entre el pueblo y gobierno, en el marco de un escenario de tranquilidad y respeto.<\/p>\n\n\n\n<p>&#8220;Hay alegr\u00eda entre la poblaci\u00f3n, tambi\u00e9n orgullo, porque despu\u00e9s de tantos a\u00f1os de esta larga noche por fin amanece y alumbra el sol de un nuevo d\u00eda, de la Primavera Oaxaque\u00f1a&#8221;, sostuvieron habitantes e integrantes del Movimiento Unificador de Lucha Triqui (MULT).<\/p>\n\n\n\n<p>Una vez reunidos en la Agencia Municipal de R\u00edo Venado, perteneciente al municipio Constancia del Rosario, Salom\u00f3n Jara demostr\u00f3 su convergencia con el movimiento y la lucha triqui, con la defensa de su naci\u00f3n, sus derechos y la exigencia de atenci\u00f3n a las necesidades. &#8220;Trabajemos juntos para sacar a nuestros pueblos adelante, para que tengan progreso y se resuelvan todas las demandas sociales y necesidades&#8221;, convoc\u00f3.<\/p>\n\n\n\n<p>Reconoci\u00f3 la disposici\u00f3n y la voluntad pol\u00edtica de los l\u00edderes sociales para entablar el di\u00e1logo que permita la reinstalaci\u00f3n de la mesa de paz con justicia y bienestar sin condiciones.<\/p>\n\n\n\n<p>&#8220;Todas las acciones que aterricen en los pueblos ser\u00e1n con consentimiento y porque son realmente necesarias para su desarrollo&#8221;, dijo. En respuesta a algunas demandas de la Naci\u00f3n Triqui, adelant\u00f3 que algunos trabajos ser\u00e1n la construcci\u00f3n de caminos, la reforestaci\u00f3n, la conservaci\u00f3n de la m\u00fasica tradicional, entre otros.<\/p>\n\n\n\n<p>Detall\u00f3 que, mediante Caminos Bienestar (Cabien), se brindar\u00e1 asesor\u00eda a los pueblos para que sean ellos mismos quienes mejoren los accesos a sus comunidades y manejen directamente el recurso destinado.&nbsp;<\/p>\n\n\n\n<p>Tambi\u00e9n, anunci\u00f3 la instalaci\u00f3n de una oficial\u00eda del Registro Civil para que se otorguen actas de nacimiento completamente gratuitas, para que mujeres, ni\u00f1as, ni\u00f1os y hombres tengan ese documento que les garantiza su derecho a la identidad.<\/p>\n\n\n\n<p>&#8220;No queremos violencia, no queremos que maten a nuestros familiares o nos roben, queremos paz y respeto a lo m\u00e1s valioso, que es la vida&#8221;, afirm\u00f3 el jefe del Ejecutivo estatal.&nbsp;<\/p>\n\n\n\n<p>El integrante de la Coordinaci\u00f3n Pol\u00edtica Colectiva, Pascual de Jes\u00fas Gonz\u00e1lez, &nbsp;confi\u00f3 en el trabajo y el oficio pol\u00edtico de la nueva administraci\u00f3n estatal encabezada por Salom\u00f3n Jara, la cual ayudar\u00e1 a alcanzar la paz y trabajar\u00e1 para que todas las familias desplazadas en la entidad alcancen justicia.<\/p>\n\n\n\n<p>Por parte del movimiento, el Coordinador general, Octavio de Jes\u00fas D\u00edaz reiter\u00f3 al mandatario oaxaque\u00f1o la disposici\u00f3n para trabajar por la paz, as\u00ed como por el desarrollo a trav\u00e9s de distintas acciones en materia de infraestructura y salud.<\/p>\n\n\n\n<p>Al inicio de este importante encuentro, apegado a las costumbres de este pueblo, las personas asistentes participaron en un ritual para que al Gobernador y a su equipo de trabajo les vaya bien en su sexenio.<\/p>\n\n\n\n<p>Los integrantes del Gabinete que acudieron a la reuni\u00f3n fueron el Secretario de Gobierno; Jes\u00fas Romero L\u00f3pez; el titular del Instituto de la Defensor\u00eda P\u00fablica del Estado de Oaxaca, Marcelo Merino Garc\u00eda; el director del Instituto de Atenci\u00f3n Integral al Migrante Oaxaque\u00f1o, Silverio \u00c1vila Mart\u00ednez; y la coordinadora para la Atenci\u00f3n de los Derechos Humanos, Flor Estela Morales Hern\u00e1ndez.<\/p>\n","protected":false},"excerpt":{"rendered":"<p>Constancia del Rosario, Oax., 4 de diciembre de 2022.- El acceso principal a la \u201cMonta\u00f1a Roja\u201d, lugar en el cual inicia el camino que conduce a la Naci\u00f3n Triqui, en la regi\u00f3n Mixteca, fue testigo del encuentro hist\u00f3rico entre el Gobernador del Estado, Salom\u00f3n Jara Cruz, integrantes de su Gabinete Paritario y mujeres y hombres [&hellip;]<\/p>\n","protected":false},"author":2,"featured_media":21262,"comment_status":"closed","ping_status":"closed","sticky":false,"template":"","format":"standard","meta":{"footnotes":""},"categories":[2],"tags":[],"class_list":{"0":"post-21261","1":"post","2":"type-post","3":"status-publish","4":"format-standard","5":"has-post-thumbnail","7":"category-oaxaca"},"yoast_head":"<!-- This site is optimized with the Yoast SEO plugin v27.4 - https:\/\/yoast.com\/product\/yoast-seo-wordpress\/ -->\n<title>Acuerda Salom\u00f3n Jara y Naci\u00f3n Triqui, uni\u00f3n, paz y desarrollo para sus pueblos - LA BRAVA RADIO<\/title>\n<meta name=\"robots\" content=\"index, follow, max-snippet:-1, max-image-preview:large, max-video-preview:-1\" \/>\n<link rel=\"canonical\" href=\"https:\/\/www.bbmnoticias.com\/labravaradiofm\/2022\/12\/04\/acuerda-salomon-jara-y-nacion-triqui-union-paz-y-desarrollo-para-sus-pueblos\/\" \/>\n<meta property=\"og:locale\" content=\"es_MX\" \/>\n<meta property=\"og:type\" content=\"article\" \/>\n<meta property=\"og:title\" content=\"Acuerda Salom\u00f3n Jara y Naci\u00f3n Triqui, uni\u00f3n, paz y desarrollo para sus pueblos - LA BRAVA RADIO\" \/>\n<meta property=\"og:description\" content=\"Constancia del Rosario, Oax., 4 de diciembre de 2022.- El acceso principal a la \u201cMonta\u00f1a Roja\u201d, lugar en el cual inicia el camino que conduce a la Naci\u00f3n Triqui, en la regi\u00f3n Mixteca, fue testigo del encuentro hist\u00f3rico entre el Gobernador del Estado, Salom\u00f3n Jara Cruz, integrantes de su Gabinete Paritario y mujeres y hombres [&hellip;]\" \/>\n<meta property=\"og:url\" content=\"https:\/\/www.bbmnoticias.com\/labravaradiofm\/2022\/12\/04\/acuerda-salomon-jara-y-nacion-triqui-union-paz-y-desarrollo-para-sus-pueblos\/\" \/>\n<meta property=\"og:site_name\" content=\"LA BRAVA RADIO\" \/>\n<meta property=\"article:published_time\" content=\"2022-12-05T02:09:30+00:00\" \/>\n<meta property=\"article:modified_time\" content=\"2022-12-05T16:39:39+00:00\" \/>\n<meta property=\"og:image\" content=\"https:\/\/www.bbmnoticias.com\/labravaradiofm\/wp-content\/uploads\/sites\/5\/2022\/12\/jara-triquis.jpg\" \/>\n\t<meta property=\"og:image:width\" content=\"1280\" \/>\n\t<meta property=\"og:image:height\" content=\"853\" \/>\n\t<meta property=\"og:image:type\" content=\"image\/jpeg\" \/>\n<meta name=\"author\" content=\"Staff\" \/>\n<meta name=\"twitter:card\" content=\"summary_large_image\" \/>\n<meta name=\"twitter:label1\" content=\"Escrito por\" \/>\n\t<meta name=\"twitter:data1\" content=\"Staff\" \/>\n\t<meta name=\"twitter:label2\" content=\"Tiempo de lectura\" \/>\n\t<meta name=\"twitter:data2\" content=\"4 minutos\" \/>\n<script type=\"application\/ld+json\" class=\"yoast-schema-graph\">{\"@context\":\"https:\\\/\\\/schema.org\",\"@graph\":[{\"@type\":\"Article\",\"@id\":\"https:\\\/\\\/www.bbmnoticias.com\\\/labravaradiofm\\\/2022\\\/12\\\/04\\\/acuerda-salomon-jara-y-nacion-triqui-union-paz-y-desarrollo-para-sus-pueblos\\\/#article\",\"isPartOf\":{\"@id\":\"https:\\\/\\\/www.bbmnoticias.com\\\/labravaradiofm\\\/2022\\\/12\\\/04\\\/acuerda-salomon-jara-y-nacion-triqui-union-paz-y-desarrollo-para-sus-pueblos\\\/\"},\"author\":{\"name\":\"Staff\",\"@id\":\"https:\\\/\\\/www.bbmnoticias.com\\\/labravaradiofm\\\/#\\\/schema\\\/person\\\/68a9e9036ef3c5b55aeb2b71dc8bab45\"},\"headline\":\"Acuerda Salom\u00f3n Jara y Naci\u00f3n Triqui, uni\u00f3n, paz y desarrollo para sus pueblos\",\"datePublished\":\"2022-12-05T02:09:30+00:00\",\"dateModified\":\"2022-12-05T16:39:39+00:00\",\"mainEntityOfPage\":{\"@id\":\"https:\\\/\\\/www.bbmnoticias.com\\\/labravaradiofm\\\/2022\\\/12\\\/04\\\/acuerda-salomon-jara-y-nacion-triqui-union-paz-y-desarrollo-para-sus-pueblos\\\/\"},\"wordCount\":728,\"image\":{\"@id\":\"https:\\\/\\\/www.bbmnoticias.com\\\/labravaradiofm\\\/2022\\\/12\\\/04\\\/acuerda-salomon-jara-y-nacion-triqui-union-paz-y-desarrollo-para-sus-pueblos\\\/#primaryimage\"},\"thumbnailUrl\":\"https:\\\/\\\/www.bbmnoticias.com\\\/labravaradiofm\\\/wp-content\\\/uploads\\\/sites\\\/5\\\/2022\\\/12\\\/jara-triquis.jpg\",\"articleSection\":[\"LOCAL\"],\"inLanguage\":\"es\"},{\"@type\":\"WebPage\",\"@id\":\"https:\\\/\\\/www.bbmnoticias.com\\\/labravaradiofm\\\/2022\\\/12\\\/04\\\/acuerda-salomon-jara-y-nacion-triqui-union-paz-y-desarrollo-para-sus-pueblos\\\/\",\"url\":\"https:\\\/\\\/www.bbmnoticias.com\\\/labravaradiofm\\\/2022\\\/12\\\/04\\\/acuerda-salomon-jara-y-nacion-triqui-union-paz-y-desarrollo-para-sus-pueblos\\\/\",\"name\":\"Acuerda Salom\u00f3n Jara y Naci\u00f3n Triqui, uni\u00f3n, paz y desarrollo para sus pueblos - LA BRAVA RADIO\",\"isPartOf\":{\"@id\":\"https:\\\/\\\/www.bbmnoticias.com\\\/labravaradiofm\\\/#website\"},\"primaryImageOfPage\":{\"@id\":\"https:\\\/\\\/www.bbmnoticias.com\\\/labravaradiofm\\\/2022\\\/12\\\/04\\\/acuerda-salomon-jara-y-nacion-triqui-union-paz-y-desarrollo-para-sus-pueblos\\\/#primaryimage\"},\"image\":{\"@id\":\"https:\\\/\\\/www.bbmnoticias.com\\\/labravaradiofm\\\/2022\\\/12\\\/04\\\/acuerda-salomon-jara-y-nacion-triqui-union-paz-y-desarrollo-para-sus-pueblos\\\/#primaryimage\"},\"thumbnailUrl\":\"https:\\\/\\\/www.bbmnoticias.com\\\/labravaradiofm\\\/wp-content\\\/uploads\\\/sites\\\/5\\\/2022\\\/12\\\/jara-triquis.jpg\",\"datePublished\":\"2022-12-05T02:09:30+00:00\",\"dateModified\":\"2022-12-05T16:39:39+00:00\",\"author\":{\"@id\":\"https:\\\/\\\/www.bbmnoticias.com\\\/labravaradiofm\\\/#\\\/schema\\\/person\\\/68a9e9036ef3c5b55aeb2b71dc8bab45\"},\"breadcrumb\":{\"@id\":\"https:\\\/\\\/www.bbmnoticias.com\\\/labravaradiofm\\\/2022\\\/12\\\/04\\\/acuerda-salomon-jara-y-nacion-triqui-union-paz-y-desarrollo-para-sus-pueblos\\\/#breadcrumb\"},\"inLanguage\":\"es\",\"potentialAction\":[{\"@type\":\"ReadAction\",\"target\":[\"https:\\\/\\\/www.bbmnoticias.com\\\/labravaradiofm\\\/2022\\\/12\\\/04\\\/acuerda-salomon-jara-y-nacion-triqui-union-paz-y-desarrollo-para-sus-pueblos\\\/\"]}]},{\"@type\":\"ImageObject\",\"inLanguage\":\"es\",\"@id\":\"https:\\\/\\\/www.bbmnoticias.com\\\/labravaradiofm\\\/2022\\\/12\\\/04\\\/acuerda-salomon-jara-y-nacion-triqui-union-paz-y-desarrollo-para-sus-pueblos\\\/#primaryimage\",\"url\":\"https:\\\/\\\/www.bbmnoticias.com\\\/labravaradiofm\\\/wp-content\\\/uploads\\\/sites\\\/5\\\/2022\\\/12\\\/jara-triquis.jpg\",\"contentUrl\":\"https:\\\/\\\/www.bbmnoticias.com\\\/labravaradiofm\\\/wp-content\\\/uploads\\\/sites\\\/5\\\/2022\\\/12\\\/jara-triquis.jpg\",\"width\":1280,\"height\":853},{\"@type\":\"BreadcrumbList\",\"@id\":\"https:\\\/\\\/www.bbmnoticias.com\\\/labravaradiofm\\\/2022\\\/12\\\/04\\\/acuerda-salomon-jara-y-nacion-triqui-union-paz-y-desarrollo-para-sus-pueblos\\\/#breadcrumb\",\"itemListElement\":[{\"@type\":\"ListItem\",\"position\":1,\"name\":\"Inicio\",\"item\":\"https:\\\/\\\/www.bbmnoticias.com\\\/labravaradiofm\\\/\"},{\"@type\":\"ListItem\",\"position\":2,\"name\":\"Acuerda Salom\u00f3n Jara y Naci\u00f3n Triqui, uni\u00f3n, paz y desarrollo para sus pueblos\"}]},{\"@type\":\"WebSite\",\"@id\":\"https:\\\/\\\/www.bbmnoticias.com\\\/labravaradiofm\\\/#website\",\"url\":\"https:\\\/\\\/www.bbmnoticias.com\\\/labravaradiofm\\\/\",\"name\":\"LA BRAVA RADIO\",\"description\":\"Empresa productora de medios, Radiodifusi\u00f3n, Noticias, tendencias y todo lo que necesitas saber de la pol\u00edtica mexicana e internacional; entretenimiento, espect\u00e1culos, salud y mucho m\u00e1s.\",\"potentialAction\":[{\"@type\":\"SearchAction\",\"target\":{\"@type\":\"EntryPoint\",\"urlTemplate\":\"https:\\\/\\\/www.bbmnoticias.com\\\/labravaradiofm\\\/?s={search_term_string}\"},\"query-input\":{\"@type\":\"PropertyValueSpecification\",\"valueRequired\":true,\"valueName\":\"search_term_string\"}}],\"inLanguage\":\"es\"},{\"@type\":\"Person\",\"@id\":\"https:\\\/\\\/www.bbmnoticias.com\\\/labravaradiofm\\\/#\\\/schema\\\/person\\\/68a9e9036ef3c5b55aeb2b71dc8bab45\",\"name\":\"Staff\",\"image\":{\"@type\":\"ImageObject\",\"inLanguage\":\"es\",\"@id\":\"https:\\\/\\\/secure.gravatar.com\\\/avatar\\\/fdd21ad66fd8b98c407f9dee5b5e588cfe7f0d8579ec20fa6527cd59bab7f0f0?s=96&d=mm&r=g\",\"url\":\"https:\\\/\\\/secure.gravatar.com\\\/avatar\\\/fdd21ad66fd8b98c407f9dee5b5e588cfe7f0d8579ec20fa6527cd59bab7f0f0?s=96&d=mm&r=g\",\"contentUrl\":\"https:\\\/\\\/secure.gravatar.com\\\/avatar\\\/fdd21ad66fd8b98c407f9dee5b5e588cfe7f0d8579ec20fa6527cd59bab7f0f0?s=96&d=mm&r=g\",\"caption\":\"Staff\"},\"url\":\"https:\\\/\\\/www.bbmnoticias.com\\\/labravaradiofm\\\/author\\\/redaccion\\\/\"}]}<\/script>\n<!-- \/ Yoast SEO plugin. -->","yoast_head_json":{"title":"Acuerda Salom\u00f3n Jara y Naci\u00f3n Triqui, uni\u00f3n, paz y desarrollo para sus pueblos - LA BRAVA RADIO","robots":{"index":"index","follow":"follow","max-snippet":"max-snippet:-1","max-image-preview":"max-image-preview:large","max-video-preview":"max-video-preview:-1"},"canonical":"https:\/\/www.bbmnoticias.com\/labravaradiofm\/2022\/12\/04\/acuerda-salomon-jara-y-nacion-triqui-union-paz-y-desarrollo-para-sus-pueblos\/","og_locale":"es_MX","og_type":"article","og_title":"Acuerda Salom\u00f3n Jara y Naci\u00f3n Triqui, uni\u00f3n, paz y desarrollo para sus pueblos - LA BRAVA RADIO","og_description":"Constancia del Rosario, Oax., 4 de diciembre de 2022.- El acceso principal a la \u201cMonta\u00f1a Roja\u201d, lugar en el cual inicia el camino que conduce a la Naci\u00f3n Triqui, en la regi\u00f3n Mixteca, fue testigo del encuentro hist\u00f3rico entre el Gobernador del Estado, Salom\u00f3n Jara Cruz, integrantes de su Gabinete Paritario y mujeres y hombres [&hellip;]","og_url":"https:\/\/www.bbmnoticias.com\/labravaradiofm\/2022\/12\/04\/acuerda-salomon-jara-y-nacion-triqui-union-paz-y-desarrollo-para-sus-pueblos\/","og_site_name":"LA BRAVA RADIO","article_published_time":"2022-12-05T02:09:30+00:00","article_modified_time":"2022-12-05T16:39:39+00:00","og_image":[{"width":1280,"height":853,"url":"https:\/\/www.bbmnoticias.com\/labravaradiofm\/wp-content\/uploads\/sites\/5\/2022\/12\/jara-triquis.jpg","type":"image\/jpeg"}],"author":"Staff","twitter_card":"summary_large_image","twitter_misc":{"Escrito por":"Staff","Tiempo de lectura":"4 minutos"},"schema":{"@context":"https:\/\/schema.org","@graph":[{"@type":"Article","@id":"https:\/\/www.bbmnoticias.com\/labravaradiofm\/2022\/12\/04\/acuerda-salomon-jara-y-nacion-triqui-union-paz-y-desarrollo-para-sus-pueblos\/#article","isPartOf":{"@id":"https:\/\/www.bbmnoticias.com\/labravaradiofm\/2022\/12\/04\/acuerda-salomon-jara-y-nacion-triqui-union-paz-y-desarrollo-para-sus-pueblos\/"},"author":{"name":"Staff","@id":"https:\/\/www.bbmnoticias.com\/labravaradiofm\/#\/schema\/person\/68a9e9036ef3c5b55aeb2b71dc8bab45"},"headline":"Acuerda Salom\u00f3n Jara y Naci\u00f3n Triqui, uni\u00f3n, paz y desarrollo para sus pueblos","datePublished":"2022-12-05T02:09:30+00:00","dateModified":"2022-12-05T16:39:39+00:00","mainEntityOfPage":{"@id":"https:\/\/www.bbmnoticias.com\/labravaradiofm\/2022\/12\/04\/acuerda-salomon-jara-y-nacion-triqui-union-paz-y-desarrollo-para-sus-pueblos\/"},"wordCount":728,"image":{"@id":"https:\/\/www.bbmnoticias.com\/labravaradiofm\/2022\/12\/04\/acuerda-salomon-jara-y-nacion-triqui-union-paz-y-desarrollo-para-sus-pueblos\/#primaryimage"},"thumbnailUrl":"https:\/\/www.bbmnoticias.com\/labravaradiofm\/wp-content\/uploads\/sites\/5\/2022\/12\/jara-triquis.jpg","articleSection":["LOCAL"],"inLanguage":"es"},{"@type":"WebPage","@id":"https:\/\/www.bbmnoticias.com\/labravaradiofm\/2022\/12\/04\/acuerda-salomon-jara-y-nacion-triqui-union-paz-y-desarrollo-para-sus-pueblos\/","url":"https:\/\/www.bbmnoticias.com\/labravaradiofm\/2022\/12\/04\/acuerda-salomon-jara-y-nacion-triqui-union-paz-y-desarrollo-para-sus-pueblos\/","name":"Acuerda Salom\u00f3n Jara y Naci\u00f3n Triqui, uni\u00f3n, paz y desarrollo para sus pueblos - LA BRAVA RADIO","isPartOf":{"@id":"https:\/\/www.bbmnoticias.com\/labravaradiofm\/#website"},"primaryImageOfPage":{"@id":"https:\/\/www.bbmnoticias.com\/labravaradiofm\/2022\/12\/04\/acuerda-salomon-jara-y-nacion-triqui-union-paz-y-desarrollo-para-sus-pueblos\/#primaryimage"},"image":{"@id":"https:\/\/www.bbmnoticias.com\/labravaradiofm\/2022\/12\/04\/acuerda-salomon-jara-y-nacion-triqui-union-paz-y-desarrollo-para-sus-pueblos\/#primaryimage"},"thumbnailUrl":"https:\/\/www.bbmnoticias.com\/labravaradiofm\/wp-content\/uploads\/sites\/5\/2022\/12\/jara-triquis.jpg","datePublished":"2022-12-05T02:09:30+00:00","dateModified":"2022-12-05T16:39:39+00:00","author":{"@id":"https:\/\/www.bbmnoticias.com\/labravaradiofm\/#\/schema\/person\/68a9e9036ef3c5b55aeb2b71dc8bab45"},"breadcrumb":{"@id":"https:\/\/www.bbmnoticias.com\/labravaradiofm\/2022\/12\/04\/acuerda-salomon-jara-y-nacion-triqui-union-paz-y-desarrollo-para-sus-pueblos\/#breadcrumb"},"inLanguage":"es","potentialAction":[{"@type":"ReadAction","target":["https:\/\/www.bbmnoticias.com\/labravaradiofm\/2022\/12\/04\/acuerda-salomon-jara-y-nacion-triqui-union-paz-y-desarrollo-para-sus-pueblos\/"]}]},{"@type":"ImageObject","inLanguage":"es","@id":"https:\/\/www.bbmnoticias.com\/labravaradiofm\/2022\/12\/04\/acuerda-salomon-jara-y-nacion-triqui-union-paz-y-desarrollo-para-sus-pueblos\/#primaryimage","url":"https:\/\/www.bbmnoticias.com\/labravaradiofm\/wp-content\/uploads\/sites\/5\/2022\/12\/jara-triquis.jpg","contentUrl":"https:\/\/www.bbmnoticias.com\/labravaradiofm\/wp-content\/uploads\/sites\/5\/2022\/12\/jara-triquis.jpg","width":1280,"height":853},{"@type":"BreadcrumbList","@id":"https:\/\/www.bbmnoticias.com\/labravaradiofm\/2022\/12\/04\/acuerda-salomon-jara-y-nacion-triqui-union-paz-y-desarrollo-para-sus-pueblos\/#breadcrumb","itemListElement":[{"@type":"ListItem","position":1,"name":"Inicio","item":"https:\/\/www.bbmnoticias.com\/labravaradiofm\/"},{"@type":"ListItem","position":2,"name":"Acuerda Salom\u00f3n Jara y Naci\u00f3n Triqui, uni\u00f3n, paz y desarrollo para sus pueblos"}]},{"@type":"WebSite","@id":"https:\/\/www.bbmnoticias.com\/labravaradiofm\/#website","url":"https:\/\/www.bbmnoticias.com\/labravaradiofm\/","name":"LA BRAVA RADIO","description":"Empresa productora de medios, Radiodifusi\u00f3n, Noticias, tendencias y todo lo que necesitas saber de la pol\u00edtica mexicana e internacional; entretenimiento, espect\u00e1culos, salud y mucho m\u00e1s.","potentialAction":[{"@type":"SearchAction","target":{"@type":"EntryPoint","urlTemplate":"https:\/\/www.bbmnoticias.com\/labravaradiofm\/?s={search_term_string}"},"query-input":{"@type":"PropertyValueSpecification","valueRequired":true,"valueName":"search_term_string"}}],"inLanguage":"es"},{"@type":"Person","@id":"https:\/\/www.bbmnoticias.com\/labravaradiofm\/#\/schema\/person\/68a9e9036ef3c5b55aeb2b71dc8bab45","name":"Staff","image":{"@type":"ImageObject","inLanguage":"es","@id":"https:\/\/secure.gravatar.com\/avatar\/fdd21ad66fd8b98c407f9dee5b5e588cfe7f0d8579ec20fa6527cd59bab7f0f0?s=96&d=mm&r=g","url":"https:\/\/secure.gravatar.com\/avatar\/fdd21ad66fd8b98c407f9dee5b5e588cfe7f0d8579ec20fa6527cd59bab7f0f0?s=96&d=mm&r=g","contentUrl":"https:\/\/secure.gravatar.com\/avatar\/fdd21ad66fd8b98c407f9dee5b5e588cfe7f0d8579ec20fa6527cd59bab7f0f0?s=96&d=mm&r=g","caption":"Staff"},"url":"https:\/\/www.bbmnoticias.com\/labravaradiofm\/author\/redaccion\/"}]}},"_links":{"self":[{"href":"https:\/\/www.bbmnoticias.com\/labravaradiofm\/wp-json\/wp\/v2\/posts\/21261","targetHints":{"allow":["GET"]}}],"collection":[{"href":"https:\/\/www.bbmnoticias.com\/labravaradiofm\/wp-json\/wp\/v2\/posts"}],"about":[{"href":"https:\/\/www.bbmnoticias.com\/labravaradiofm\/wp-json\/wp\/v2\/types\/post"}],"author":[{"embeddable":true,"href":"https:\/\/www.bbmnoticias.com\/labravaradiofm\/wp-json\/wp\/v2\/users\/2"}],"replies":[{"embeddable":true,"href":"https:\/\/www.bbmnoticias.com\/labravaradiofm\/wp-json\/wp\/v2\/comments?post=21261"}],"version-history":[{"count":0,"href":"https:\/\/www.bbmnoticias.com\/labravaradiofm\/wp-json\/wp\/v2\/posts\/21261\/revisions"}],"wp:featuredmedia":[{"embeddable":true,"href":"https:\/\/www.bbmnoticias.com\/labravaradiofm\/wp-json\/wp\/v2\/media\/21262"}],"wp:attachment":[{"href":"https:\/\/www.bbmnoticias.com\/labravaradiofm\/wp-json\/wp\/v2\/media?parent=21261"}],"wp:term":[{"taxonomy":"category","embeddable":true,"href":"https:\/\/www.bbmnoticias.com\/labravaradiofm\/wp-json\/wp\/v2\/categories?post=21261"},{"taxonomy":"post_tag","embeddable":true,"href":"https:\/\/www.bbmnoticias.com\/labravaradiofm\/wp-json\/wp\/v2\/tags?post=21261"}],"curies":[{"name":"wp","href":"https:\/\/api.w.org\/{rel}","templated":true}]}}