{"id":21251,"date":"2022-12-04T19:40:52","date_gmt":"2022-12-05T01:40:52","guid":{"rendered":"https:\/\/www.bbmnoticias.com\/labravaradiofm\/?p=21251"},"modified":"2022-12-04T19:47:58","modified_gmt":"2022-12-05T01:47:58","slug":"lanza-dif-oaxaca-campana-abrigando-corazones","status":"publish","type":"post","link":"https:\/\/www.bbmnoticias.com\/labravaradiofm\/2022\/12\/04\/lanza-dif-oaxaca-campana-abrigando-corazones\/","title":{"rendered":"Lanza DIF Oaxaca campa\u00f1a \u201cAbrigando Corazones\u201d"},"content":{"rendered":"<div style=\"margin-top: 0px; margin-bottom: 0px;\" class=\"sharethis-inline-share-buttons\" ><\/div>\n<p>\u2022 Invita DIF a sumarse a esta noble causa para brindar cobijo a quienes m\u00e1s lo necesitan en esta temporada invernal<\/p>\n\n\n\n<p>\u2022 Se activaron dos centros de acopio, en donde se recibir\u00e1n cobijas y ropa de invierno (nuevos o de uso en buen estado y limpios)<\/p>\n\n\n\n<p><strong>Oaxaca de Ju\u00e1rez, Oax., 04 de diciembre de 2022.- <\/strong>Con el objetivo de atender las necesidades y apoyar a las familias m\u00e1s vulnerables en esta temporada invernal, el Sistema para el Desarrollo Integral de la Familia (DIF) del estado de Oaxaca, presidido por Irma Bola\u00f1os Quijano, puso en marcha la campa\u00f1a \u201cAbrigando Corazones\u201d, que estar\u00e1 vigente del 5 al 14 de diciembre del a\u00f1o en curso.<\/p>\n\n\n\n<p>Este domingo, al presentar esta iniciativa, la presidenta honoraria del DIF, acompa\u00f1ada de la Directora General del organismo, Maribel Salinas Velasco, convoc\u00f3 a todo el pueblo oaxaque\u00f1o a sumarse a esta noble causa, con la donaci\u00f3n de cobijas y ropa de invierno (nuevos o de uso, en buen estado y limpios).<\/p>\n\n\n\n<p>Para ello, se activaron dos centros de acopio instalados en las Oficinas Centrales del DIF, localizadas en la calle Vicente Guerrero n\u00famero 114, colonia Miguel Alem\u00e1n y, en la gasolinera del DIF, (Fonapas), ubicada sobre la calzada Ni\u00f1os H\u00e9roes de Chapultepec n\u00famero 812, en un horario de 9:00 a 17:00 horas de lunes a viernes.<\/p>\n\n\n\n<p>La presidenta del referido organismo de asistencia social, puntualiz\u00f3 que esta acci\u00f3n representa algo m\u00e1s que una colecta, \u201ces una oportunidad para destacar el altruismo, la Guelaguetza y el amor que distingue a las y los oaxaque\u00f1os. Estoy convencida que Oaxaca tiene un gran coraz\u00f3n, es el momento en el que podemos apoyar a esta noble causa\u201d, enfatiz\u00f3.<\/p>\n\n\n\n<p>Inform\u00f3 que la actividad brindar\u00e1 cobijo de manera prioritaria a la poblaci\u00f3n que habita las zonas altas del territorio estatal.<\/p>\n\n\n\n<p>\u201cPoniendo un granito de arena cada uno, podremos abrigar principalmente a nuestros ni\u00f1os y ni\u00f1as en situaci\u00f3n vulnerable; juntos y con solidaridad en esta Navidad, entre todas y todos, llevaremos la primavera a las comunidades donde se vive un crudo invierno\u201d, asever\u00f3.<\/p>\n","protected":false},"excerpt":{"rendered":"<p>\u2022 Invita DIF a sumarse a esta noble causa para brindar cobijo a quienes m\u00e1s lo necesitan en esta temporada invernal \u2022 Se activaron dos centros de acopio, en donde se recibir\u00e1n cobijas y ropa de invierno (nuevos o de uso en buen estado y limpios) Oaxaca de Ju\u00e1rez, Oax., 04 de diciembre de 2022.- [&hellip;]<\/p>\n","protected":false},"author":2,"featured_media":21252,"comment_status":"closed","ping_status":"closed","sticky":false,"template":"","format":"standard","meta":{"footnotes":""},"categories":[2],"tags":[],"class_list":{"0":"post-21251","1":"post","2":"type-post","3":"status-publish","4":"format-standard","5":"has-post-thumbnail","7":"category-oaxaca"},"yoast_head":"<!-- This site is optimized with the Yoast SEO plugin v27.4 - https:\/\/yoast.com\/product\/yoast-seo-wordpress\/ -->\n<title>Lanza DIF Oaxaca campa\u00f1a \u201cAbrigando Corazones\u201d - LA BRAVA RADIO<\/title>\n<meta name=\"robots\" content=\"index, follow, max-snippet:-1, max-image-preview:large, max-video-preview:-1\" \/>\n<link rel=\"canonical\" href=\"https:\/\/www.bbmnoticias.com\/labravaradiofm\/2022\/12\/04\/lanza-dif-oaxaca-campana-abrigando-corazones\/\" \/>\n<meta property=\"og:locale\" content=\"es_MX\" \/>\n<meta property=\"og:type\" content=\"article\" \/>\n<meta property=\"og:title\" content=\"Lanza DIF Oaxaca campa\u00f1a \u201cAbrigando Corazones\u201d - LA BRAVA RADIO\" \/>\n<meta property=\"og:description\" content=\"\u2022 Invita DIF a sumarse a esta noble causa para brindar cobijo a quienes m\u00e1s lo necesitan en esta temporada invernal \u2022 Se activaron dos centros de acopio, en donde se recibir\u00e1n cobijas y ropa de invierno (nuevos o de uso en buen estado y limpios) Oaxaca de Ju\u00e1rez, Oax., 04 de diciembre de 2022.- [&hellip;]\" \/>\n<meta property=\"og:url\" content=\"https:\/\/www.bbmnoticias.com\/labravaradiofm\/2022\/12\/04\/lanza-dif-oaxaca-campana-abrigando-corazones\/\" \/>\n<meta property=\"og:site_name\" content=\"LA BRAVA RADIO\" \/>\n<meta property=\"article:published_time\" content=\"2022-12-05T01:40:52+00:00\" \/>\n<meta property=\"article:modified_time\" content=\"2022-12-05T01:47:58+00:00\" \/>\n<meta property=\"og:image\" content=\"https:\/\/www.bbmnoticias.com\/labravaradiofm\/wp-content\/uploads\/sites\/5\/2022\/12\/dif-oaxaca.jpg\" \/>\n\t<meta property=\"og:image:width\" content=\"1280\" \/>\n\t<meta property=\"og:image:height\" content=\"852\" \/>\n\t<meta property=\"og:image:type\" content=\"image\/jpeg\" \/>\n<meta name=\"author\" content=\"Staff\" \/>\n<meta name=\"twitter:card\" content=\"summary_large_image\" \/>\n<meta name=\"twitter:label1\" content=\"Escrito por\" \/>\n\t<meta name=\"twitter:data1\" content=\"Staff\" \/>\n\t<meta name=\"twitter:label2\" content=\"Tiempo de lectura\" \/>\n\t<meta name=\"twitter:data2\" content=\"2 minutos\" \/>\n<script type=\"application\/ld+json\" class=\"yoast-schema-graph\">{\"@context\":\"https:\\\/\\\/schema.org\",\"@graph\":[{\"@type\":\"Article\",\"@id\":\"https:\\\/\\\/www.bbmnoticias.com\\\/labravaradiofm\\\/2022\\\/12\\\/04\\\/lanza-dif-oaxaca-campana-abrigando-corazones\\\/#article\",\"isPartOf\":{\"@id\":\"https:\\\/\\\/www.bbmnoticias.com\\\/labravaradiofm\\\/2022\\\/12\\\/04\\\/lanza-dif-oaxaca-campana-abrigando-corazones\\\/\"},\"author\":{\"name\":\"Staff\",\"@id\":\"https:\\\/\\\/www.bbmnoticias.com\\\/labravaradiofm\\\/#\\\/schema\\\/person\\\/68a9e9036ef3c5b55aeb2b71dc8bab45\"},\"headline\":\"Lanza DIF Oaxaca campa\u00f1a \u201cAbrigando Corazones\u201d\",\"datePublished\":\"2022-12-05T01:40:52+00:00\",\"dateModified\":\"2022-12-05T01:47:58+00:00\",\"mainEntityOfPage\":{\"@id\":\"https:\\\/\\\/www.bbmnoticias.com\\\/labravaradiofm\\\/2022\\\/12\\\/04\\\/lanza-dif-oaxaca-campana-abrigando-corazones\\\/\"},\"wordCount\":359,\"image\":{\"@id\":\"https:\\\/\\\/www.bbmnoticias.com\\\/labravaradiofm\\\/2022\\\/12\\\/04\\\/lanza-dif-oaxaca-campana-abrigando-corazones\\\/#primaryimage\"},\"thumbnailUrl\":\"https:\\\/\\\/www.bbmnoticias.com\\\/labravaradiofm\\\/wp-content\\\/uploads\\\/sites\\\/5\\\/2022\\\/12\\\/dif-oaxaca.jpg\",\"articleSection\":[\"LOCAL\"],\"inLanguage\":\"es\"},{\"@type\":\"WebPage\",\"@id\":\"https:\\\/\\\/www.bbmnoticias.com\\\/labravaradiofm\\\/2022\\\/12\\\/04\\\/lanza-dif-oaxaca-campana-abrigando-corazones\\\/\",\"url\":\"https:\\\/\\\/www.bbmnoticias.com\\\/labravaradiofm\\\/2022\\\/12\\\/04\\\/lanza-dif-oaxaca-campana-abrigando-corazones\\\/\",\"name\":\"Lanza DIF Oaxaca campa\u00f1a \u201cAbrigando Corazones\u201d - LA BRAVA RADIO\",\"isPartOf\":{\"@id\":\"https:\\\/\\\/www.bbmnoticias.com\\\/labravaradiofm\\\/#website\"},\"primaryImageOfPage\":{\"@id\":\"https:\\\/\\\/www.bbmnoticias.com\\\/labravaradiofm\\\/2022\\\/12\\\/04\\\/lanza-dif-oaxaca-campana-abrigando-corazones\\\/#primaryimage\"},\"image\":{\"@id\":\"https:\\\/\\\/www.bbmnoticias.com\\\/labravaradiofm\\\/2022\\\/12\\\/04\\\/lanza-dif-oaxaca-campana-abrigando-corazones\\\/#primaryimage\"},\"thumbnailUrl\":\"https:\\\/\\\/www.bbmnoticias.com\\\/labravaradiofm\\\/wp-content\\\/uploads\\\/sites\\\/5\\\/2022\\\/12\\\/dif-oaxaca.jpg\",\"datePublished\":\"2022-12-05T01:40:52+00:00\",\"dateModified\":\"2022-12-05T01:47:58+00:00\",\"author\":{\"@id\":\"https:\\\/\\\/www.bbmnoticias.com\\\/labravaradiofm\\\/#\\\/schema\\\/person\\\/68a9e9036ef3c5b55aeb2b71dc8bab45\"},\"breadcrumb\":{\"@id\":\"https:\\\/\\\/www.bbmnoticias.com\\\/labravaradiofm\\\/2022\\\/12\\\/04\\\/lanza-dif-oaxaca-campana-abrigando-corazones\\\/#breadcrumb\"},\"inLanguage\":\"es\",\"potentialAction\":[{\"@type\":\"ReadAction\",\"target\":[\"https:\\\/\\\/www.bbmnoticias.com\\\/labravaradiofm\\\/2022\\\/12\\\/04\\\/lanza-dif-oaxaca-campana-abrigando-corazones\\\/\"]}]},{\"@type\":\"ImageObject\",\"inLanguage\":\"es\",\"@id\":\"https:\\\/\\\/www.bbmnoticias.com\\\/labravaradiofm\\\/2022\\\/12\\\/04\\\/lanza-dif-oaxaca-campana-abrigando-corazones\\\/#primaryimage\",\"url\":\"https:\\\/\\\/www.bbmnoticias.com\\\/labravaradiofm\\\/wp-content\\\/uploads\\\/sites\\\/5\\\/2022\\\/12\\\/dif-oaxaca.jpg\",\"contentUrl\":\"https:\\\/\\\/www.bbmnoticias.com\\\/labravaradiofm\\\/wp-content\\\/uploads\\\/sites\\\/5\\\/2022\\\/12\\\/dif-oaxaca.jpg\",\"width\":1280,\"height\":852},{\"@type\":\"BreadcrumbList\",\"@id\":\"https:\\\/\\\/www.bbmnoticias.com\\\/labravaradiofm\\\/2022\\\/12\\\/04\\\/lanza-dif-oaxaca-campana-abrigando-corazones\\\/#breadcrumb\",\"itemListElement\":[{\"@type\":\"ListItem\",\"position\":1,\"name\":\"Inicio\",\"item\":\"https:\\\/\\\/www.bbmnoticias.com\\\/labravaradiofm\\\/\"},{\"@type\":\"ListItem\",\"position\":2,\"name\":\"Lanza DIF Oaxaca campa\u00f1a \u201cAbrigando Corazones\u201d\"}]},{\"@type\":\"WebSite\",\"@id\":\"https:\\\/\\\/www.bbmnoticias.com\\\/labravaradiofm\\\/#website\",\"url\":\"https:\\\/\\\/www.bbmnoticias.com\\\/labravaradiofm\\\/\",\"name\":\"LA BRAVA RADIO\",\"description\":\"Empresa productora de medios, Radiodifusi\u00f3n, Noticias, tendencias y todo lo que necesitas saber de la pol\u00edtica mexicana e internacional; entretenimiento, espect\u00e1culos, salud y mucho m\u00e1s.\",\"potentialAction\":[{\"@type\":\"SearchAction\",\"target\":{\"@type\":\"EntryPoint\",\"urlTemplate\":\"https:\\\/\\\/www.bbmnoticias.com\\\/labravaradiofm\\\/?s={search_term_string}\"},\"query-input\":{\"@type\":\"PropertyValueSpecification\",\"valueRequired\":true,\"valueName\":\"search_term_string\"}}],\"inLanguage\":\"es\"},{\"@type\":\"Person\",\"@id\":\"https:\\\/\\\/www.bbmnoticias.com\\\/labravaradiofm\\\/#\\\/schema\\\/person\\\/68a9e9036ef3c5b55aeb2b71dc8bab45\",\"name\":\"Staff\",\"image\":{\"@type\":\"ImageObject\",\"inLanguage\":\"es\",\"@id\":\"https:\\\/\\\/secure.gravatar.com\\\/avatar\\\/fdd21ad66fd8b98c407f9dee5b5e588cfe7f0d8579ec20fa6527cd59bab7f0f0?s=96&d=mm&r=g\",\"url\":\"https:\\\/\\\/secure.gravatar.com\\\/avatar\\\/fdd21ad66fd8b98c407f9dee5b5e588cfe7f0d8579ec20fa6527cd59bab7f0f0?s=96&d=mm&r=g\",\"contentUrl\":\"https:\\\/\\\/secure.gravatar.com\\\/avatar\\\/fdd21ad66fd8b98c407f9dee5b5e588cfe7f0d8579ec20fa6527cd59bab7f0f0?s=96&d=mm&r=g\",\"caption\":\"Staff\"},\"url\":\"https:\\\/\\\/www.bbmnoticias.com\\\/labravaradiofm\\\/author\\\/redaccion\\\/\"}]}<\/script>\n<!-- \/ Yoast SEO plugin. -->","yoast_head_json":{"title":"Lanza DIF Oaxaca campa\u00f1a \u201cAbrigando Corazones\u201d - LA BRAVA RADIO","robots":{"index":"index","follow":"follow","max-snippet":"max-snippet:-1","max-image-preview":"max-image-preview:large","max-video-preview":"max-video-preview:-1"},"canonical":"https:\/\/www.bbmnoticias.com\/labravaradiofm\/2022\/12\/04\/lanza-dif-oaxaca-campana-abrigando-corazones\/","og_locale":"es_MX","og_type":"article","og_title":"Lanza DIF Oaxaca campa\u00f1a \u201cAbrigando Corazones\u201d - LA BRAVA RADIO","og_description":"\u2022 Invita DIF a sumarse a esta noble causa para brindar cobijo a quienes m\u00e1s lo necesitan en esta temporada invernal \u2022 Se activaron dos centros de acopio, en donde se recibir\u00e1n cobijas y ropa de invierno (nuevos o de uso en buen estado y limpios) Oaxaca de Ju\u00e1rez, Oax., 04 de diciembre de 2022.- [&hellip;]","og_url":"https:\/\/www.bbmnoticias.com\/labravaradiofm\/2022\/12\/04\/lanza-dif-oaxaca-campana-abrigando-corazones\/","og_site_name":"LA BRAVA RADIO","article_published_time":"2022-12-05T01:40:52+00:00","article_modified_time":"2022-12-05T01:47:58+00:00","og_image":[{"width":1280,"height":852,"url":"https:\/\/www.bbmnoticias.com\/labravaradiofm\/wp-content\/uploads\/sites\/5\/2022\/12\/dif-oaxaca.jpg","type":"image\/jpeg"}],"author":"Staff","twitter_card":"summary_large_image","twitter_misc":{"Escrito por":"Staff","Tiempo de lectura":"2 minutos"},"schema":{"@context":"https:\/\/schema.org","@graph":[{"@type":"Article","@id":"https:\/\/www.bbmnoticias.com\/labravaradiofm\/2022\/12\/04\/lanza-dif-oaxaca-campana-abrigando-corazones\/#article","isPartOf":{"@id":"https:\/\/www.bbmnoticias.com\/labravaradiofm\/2022\/12\/04\/lanza-dif-oaxaca-campana-abrigando-corazones\/"},"author":{"name":"Staff","@id":"https:\/\/www.bbmnoticias.com\/labravaradiofm\/#\/schema\/person\/68a9e9036ef3c5b55aeb2b71dc8bab45"},"headline":"Lanza DIF Oaxaca campa\u00f1a \u201cAbrigando Corazones\u201d","datePublished":"2022-12-05T01:40:52+00:00","dateModified":"2022-12-05T01:47:58+00:00","mainEntityOfPage":{"@id":"https:\/\/www.bbmnoticias.com\/labravaradiofm\/2022\/12\/04\/lanza-dif-oaxaca-campana-abrigando-corazones\/"},"wordCount":359,"image":{"@id":"https:\/\/www.bbmnoticias.com\/labravaradiofm\/2022\/12\/04\/lanza-dif-oaxaca-campana-abrigando-corazones\/#primaryimage"},"thumbnailUrl":"https:\/\/www.bbmnoticias.com\/labravaradiofm\/wp-content\/uploads\/sites\/5\/2022\/12\/dif-oaxaca.jpg","articleSection":["LOCAL"],"inLanguage":"es"},{"@type":"WebPage","@id":"https:\/\/www.bbmnoticias.com\/labravaradiofm\/2022\/12\/04\/lanza-dif-oaxaca-campana-abrigando-corazones\/","url":"https:\/\/www.bbmnoticias.com\/labravaradiofm\/2022\/12\/04\/lanza-dif-oaxaca-campana-abrigando-corazones\/","name":"Lanza DIF Oaxaca campa\u00f1a \u201cAbrigando Corazones\u201d - LA BRAVA RADIO","isPartOf":{"@id":"https:\/\/www.bbmnoticias.com\/labravaradiofm\/#website"},"primaryImageOfPage":{"@id":"https:\/\/www.bbmnoticias.com\/labravaradiofm\/2022\/12\/04\/lanza-dif-oaxaca-campana-abrigando-corazones\/#primaryimage"},"image":{"@id":"https:\/\/www.bbmnoticias.com\/labravaradiofm\/2022\/12\/04\/lanza-dif-oaxaca-campana-abrigando-corazones\/#primaryimage"},"thumbnailUrl":"https:\/\/www.bbmnoticias.com\/labravaradiofm\/wp-content\/uploads\/sites\/5\/2022\/12\/dif-oaxaca.jpg","datePublished":"2022-12-05T01:40:52+00:00","dateModified":"2022-12-05T01:47:58+00:00","author":{"@id":"https:\/\/www.bbmnoticias.com\/labravaradiofm\/#\/schema\/person\/68a9e9036ef3c5b55aeb2b71dc8bab45"},"breadcrumb":{"@id":"https:\/\/www.bbmnoticias.com\/labravaradiofm\/2022\/12\/04\/lanza-dif-oaxaca-campana-abrigando-corazones\/#breadcrumb"},"inLanguage":"es","potentialAction":[{"@type":"ReadAction","target":["https:\/\/www.bbmnoticias.com\/labravaradiofm\/2022\/12\/04\/lanza-dif-oaxaca-campana-abrigando-corazones\/"]}]},{"@type":"ImageObject","inLanguage":"es","@id":"https:\/\/www.bbmnoticias.com\/labravaradiofm\/2022\/12\/04\/lanza-dif-oaxaca-campana-abrigando-corazones\/#primaryimage","url":"https:\/\/www.bbmnoticias.com\/labravaradiofm\/wp-content\/uploads\/sites\/5\/2022\/12\/dif-oaxaca.jpg","contentUrl":"https:\/\/www.bbmnoticias.com\/labravaradiofm\/wp-content\/uploads\/sites\/5\/2022\/12\/dif-oaxaca.jpg","width":1280,"height":852},{"@type":"BreadcrumbList","@id":"https:\/\/www.bbmnoticias.com\/labravaradiofm\/2022\/12\/04\/lanza-dif-oaxaca-campana-abrigando-corazones\/#breadcrumb","itemListElement":[{"@type":"ListItem","position":1,"name":"Inicio","item":"https:\/\/www.bbmnoticias.com\/labravaradiofm\/"},{"@type":"ListItem","position":2,"name":"Lanza DIF Oaxaca campa\u00f1a \u201cAbrigando Corazones\u201d"}]},{"@type":"WebSite","@id":"https:\/\/www.bbmnoticias.com\/labravaradiofm\/#website","url":"https:\/\/www.bbmnoticias.com\/labravaradiofm\/","name":"LA BRAVA RADIO","description":"Empresa productora de medios, Radiodifusi\u00f3n, Noticias, tendencias y todo lo que necesitas saber de la pol\u00edtica mexicana e internacional; entretenimiento, espect\u00e1culos, salud y mucho m\u00e1s.","potentialAction":[{"@type":"SearchAction","target":{"@type":"EntryPoint","urlTemplate":"https:\/\/www.bbmnoticias.com\/labravaradiofm\/?s={search_term_string}"},"query-input":{"@type":"PropertyValueSpecification","valueRequired":true,"valueName":"search_term_string"}}],"inLanguage":"es"},{"@type":"Person","@id":"https:\/\/www.bbmnoticias.com\/labravaradiofm\/#\/schema\/person\/68a9e9036ef3c5b55aeb2b71dc8bab45","name":"Staff","image":{"@type":"ImageObject","inLanguage":"es","@id":"https:\/\/secure.gravatar.com\/avatar\/fdd21ad66fd8b98c407f9dee5b5e588cfe7f0d8579ec20fa6527cd59bab7f0f0?s=96&d=mm&r=g","url":"https:\/\/secure.gravatar.com\/avatar\/fdd21ad66fd8b98c407f9dee5b5e588cfe7f0d8579ec20fa6527cd59bab7f0f0?s=96&d=mm&r=g","contentUrl":"https:\/\/secure.gravatar.com\/avatar\/fdd21ad66fd8b98c407f9dee5b5e588cfe7f0d8579ec20fa6527cd59bab7f0f0?s=96&d=mm&r=g","caption":"Staff"},"url":"https:\/\/www.bbmnoticias.com\/labravaradiofm\/author\/redaccion\/"}]}},"_links":{"self":[{"href":"https:\/\/www.bbmnoticias.com\/labravaradiofm\/wp-json\/wp\/v2\/posts\/21251","targetHints":{"allow":["GET"]}}],"collection":[{"href":"https:\/\/www.bbmnoticias.com\/labravaradiofm\/wp-json\/wp\/v2\/posts"}],"about":[{"href":"https:\/\/www.bbmnoticias.com\/labravaradiofm\/wp-json\/wp\/v2\/types\/post"}],"author":[{"embeddable":true,"href":"https:\/\/www.bbmnoticias.com\/labravaradiofm\/wp-json\/wp\/v2\/users\/2"}],"replies":[{"embeddable":true,"href":"https:\/\/www.bbmnoticias.com\/labravaradiofm\/wp-json\/wp\/v2\/comments?post=21251"}],"version-history":[{"count":0,"href":"https:\/\/www.bbmnoticias.com\/labravaradiofm\/wp-json\/wp\/v2\/posts\/21251\/revisions"}],"wp:featuredmedia":[{"embeddable":true,"href":"https:\/\/www.bbmnoticias.com\/labravaradiofm\/wp-json\/wp\/v2\/media\/21252"}],"wp:attachment":[{"href":"https:\/\/www.bbmnoticias.com\/labravaradiofm\/wp-json\/wp\/v2\/media?parent=21251"}],"wp:term":[{"taxonomy":"category","embeddable":true,"href":"https:\/\/www.bbmnoticias.com\/labravaradiofm\/wp-json\/wp\/v2\/categories?post=21251"},{"taxonomy":"post_tag","embeddable":true,"href":"https:\/\/www.bbmnoticias.com\/labravaradiofm\/wp-json\/wp\/v2\/tags?post=21251"}],"curies":[{"name":"wp","href":"https:\/\/api.w.org\/{rel}","templated":true}]}}