{"id":20495,"date":"2022-11-13T22:21:42","date_gmt":"2022-11-14T04:21:42","guid":{"rendered":"https:\/\/www.bbmnoticias.com\/labravaradiofm\/?p=20495"},"modified":"2022-11-13T22:21:43","modified_gmt":"2022-11-14T04:21:43","slug":"oscar-eduardo-ricardez-medina-es-electo-presidente-municipal-de-santiago-astata","status":"publish","type":"post","link":"https:\/\/www.bbmnoticias.com\/labravaradiofm\/2022\/11\/13\/oscar-eduardo-ricardez-medina-es-electo-presidente-municipal-de-santiago-astata\/","title":{"rendered":"\u00d3scar Eduardo Ricardez Medina es electo Presidente Municipal de Santiago Astata"},"content":{"rendered":"<div style=\"margin-top: 0px; margin-bottom: 0px;\" class=\"sharethis-inline-share-buttons\" ><\/div>\n<p>*En una elecci\u00f3n hist\u00f3rica sin incidentes y con la mayor votaci\u00f3n y participaci\u00f3n ciudadana<\/p>\n\n\n\n<p>Santiago Astata, Oaxaca. \u00d3scar Eduardo Ricardez Medina gan\u00f3 este domingo la elecci\u00f3n de Presidente Municipal de Santiago Astata con una votaci\u00f3n de 2129 votos superando la votaci\u00f3n del 2019, que fue de 1977.<\/p>\n\n\n\n<p>Para los habitantes de la comunidad chontal, esta elecci\u00f3n fue hist\u00f3rica, ya que se desarroll\u00f3 con un margen importante de votaci\u00f3n y sin presentarse ning\u00fan incidente.<\/p>\n\n\n\n<p>\u00d3scar Ricardez, conocido como \u201cEl Oso\u201d, apabull\u00f3 a su m\u00e1s cercano contrincante de la planilla Dorada, Guillermina Moreno Ciriaco.<\/p>\n\n\n\n<p>Cabe mencionar que en la elecci\u00f3n participaron cuatro candidatos con las planillas Guinda, Dorada, Blanca y Negra.<\/p>\n\n\n\n<p>La planilla Guinda estuvo encabezado por \u00d3scar Eduardo Ricardez Medina, la planilla Dorada, Guillermina Moreno Ciriaco.<\/p>\n\n\n\n<p>En tanto que las planillas Blanca y Negra, tuvieron a la cabeza a Mar\u00eda Teresa Guti\u00e9rrez Ojeda y Anamirella Cabrera Hern\u00e1ndez, respectivamente.<\/p>\n\n\n\n<p>Para la elecci\u00f3n se instalaron cinco casillas tres en sus agencias y dos en cabecera.<\/p>\n","protected":false},"excerpt":{"rendered":"<p>*En una elecci\u00f3n hist\u00f3rica sin incidentes y con la mayor votaci\u00f3n y participaci\u00f3n ciudadana Santiago Astata, Oaxaca. \u00d3scar Eduardo Ricardez Medina gan\u00f3 este domingo la elecci\u00f3n de Presidente Municipal de Santiago Astata con una votaci\u00f3n de 2129 votos superando la votaci\u00f3n del 2019, que fue de 1977. Para los habitantes de la comunidad chontal, esta [&hellip;]<\/p>\n","protected":false},"author":2,"featured_media":20496,"comment_status":"closed","ping_status":"closed","sticky":false,"template":"","format":"standard","meta":{"footnotes":""},"categories":[2],"tags":[],"class_list":{"0":"post-20495","1":"post","2":"type-post","3":"status-publish","4":"format-standard","5":"has-post-thumbnail","7":"category-oaxaca"},"yoast_head":"<!-- This site is optimized with the Yoast SEO plugin v27.4 - https:\/\/yoast.com\/product\/yoast-seo-wordpress\/ -->\n<title>\u00d3scar Eduardo Ricardez Medina es electo Presidente Municipal de Santiago Astata - LA BRAVA RADIO<\/title>\n<meta name=\"robots\" content=\"index, follow, max-snippet:-1, max-image-preview:large, max-video-preview:-1\" \/>\n<link rel=\"canonical\" href=\"https:\/\/www.bbmnoticias.com\/labravaradiofm\/2022\/11\/13\/oscar-eduardo-ricardez-medina-es-electo-presidente-municipal-de-santiago-astata\/\" \/>\n<meta property=\"og:locale\" content=\"es_MX\" \/>\n<meta property=\"og:type\" content=\"article\" \/>\n<meta property=\"og:title\" content=\"\u00d3scar Eduardo Ricardez Medina es electo Presidente Municipal de Santiago Astata - LA BRAVA RADIO\" \/>\n<meta property=\"og:description\" content=\"*En una elecci\u00f3n hist\u00f3rica sin incidentes y con la mayor votaci\u00f3n y participaci\u00f3n ciudadana Santiago Astata, Oaxaca. \u00d3scar Eduardo Ricardez Medina gan\u00f3 este domingo la elecci\u00f3n de Presidente Municipal de Santiago Astata con una votaci\u00f3n de 2129 votos superando la votaci\u00f3n del 2019, que fue de 1977. Para los habitantes de la comunidad chontal, esta [&hellip;]\" \/>\n<meta property=\"og:url\" content=\"https:\/\/www.bbmnoticias.com\/labravaradiofm\/2022\/11\/13\/oscar-eduardo-ricardez-medina-es-electo-presidente-municipal-de-santiago-astata\/\" \/>\n<meta property=\"og:site_name\" content=\"LA BRAVA RADIO\" \/>\n<meta property=\"article:published_time\" content=\"2022-11-14T04:21:42+00:00\" \/>\n<meta property=\"article:modified_time\" content=\"2022-11-14T04:21:43+00:00\" \/>\n<meta property=\"og:image\" content=\"https:\/\/www.bbmnoticias.com\/labravaradiofm\/wp-content\/uploads\/sites\/5\/2022\/11\/IMG-20221113-WA0007.jpg\" \/>\n\t<meta property=\"og:image:width\" content=\"771\" \/>\n\t<meta property=\"og:image:height\" content=\"641\" \/>\n\t<meta property=\"og:image:type\" content=\"image\/jpeg\" \/>\n<meta name=\"author\" content=\"Staff\" \/>\n<meta name=\"twitter:card\" content=\"summary_large_image\" \/>\n<meta name=\"twitter:label1\" content=\"Escrito por\" \/>\n\t<meta name=\"twitter:data1\" content=\"Staff\" \/>\n\t<meta name=\"twitter:label2\" content=\"Tiempo de lectura\" \/>\n\t<meta name=\"twitter:data2\" content=\"1 minuto\" \/>\n<script type=\"application\/ld+json\" class=\"yoast-schema-graph\">{\"@context\":\"https:\\\/\\\/schema.org\",\"@graph\":[{\"@type\":\"Article\",\"@id\":\"https:\\\/\\\/www.bbmnoticias.com\\\/labravaradiofm\\\/2022\\\/11\\\/13\\\/oscar-eduardo-ricardez-medina-es-electo-presidente-municipal-de-santiago-astata\\\/#article\",\"isPartOf\":{\"@id\":\"https:\\\/\\\/www.bbmnoticias.com\\\/labravaradiofm\\\/2022\\\/11\\\/13\\\/oscar-eduardo-ricardez-medina-es-electo-presidente-municipal-de-santiago-astata\\\/\"},\"author\":{\"name\":\"Staff\",\"@id\":\"https:\\\/\\\/www.bbmnoticias.com\\\/labravaradiofm\\\/#\\\/schema\\\/person\\\/34b139c617a70ea5bef5678bffe4dd7b\"},\"headline\":\"\u00d3scar Eduardo Ricardez Medina es electo Presidente Municipal de Santiago Astata\",\"datePublished\":\"2022-11-14T04:21:42+00:00\",\"dateModified\":\"2022-11-14T04:21:43+00:00\",\"mainEntityOfPage\":{\"@id\":\"https:\\\/\\\/www.bbmnoticias.com\\\/labravaradiofm\\\/2022\\\/11\\\/13\\\/oscar-eduardo-ricardez-medina-es-electo-presidente-municipal-de-santiago-astata\\\/\"},\"wordCount\":187,\"image\":{\"@id\":\"https:\\\/\\\/www.bbmnoticias.com\\\/labravaradiofm\\\/2022\\\/11\\\/13\\\/oscar-eduardo-ricardez-medina-es-electo-presidente-municipal-de-santiago-astata\\\/#primaryimage\"},\"thumbnailUrl\":\"https:\\\/\\\/www.bbmnoticias.com\\\/labravaradiofm\\\/wp-content\\\/uploads\\\/sites\\\/5\\\/2022\\\/11\\\/IMG-20221113-WA0007.jpg\",\"articleSection\":[\"LOCAL\"],\"inLanguage\":\"es\"},{\"@type\":\"WebPage\",\"@id\":\"https:\\\/\\\/www.bbmnoticias.com\\\/labravaradiofm\\\/2022\\\/11\\\/13\\\/oscar-eduardo-ricardez-medina-es-electo-presidente-municipal-de-santiago-astata\\\/\",\"url\":\"https:\\\/\\\/www.bbmnoticias.com\\\/labravaradiofm\\\/2022\\\/11\\\/13\\\/oscar-eduardo-ricardez-medina-es-electo-presidente-municipal-de-santiago-astata\\\/\",\"name\":\"\u00d3scar Eduardo Ricardez Medina es electo Presidente Municipal de Santiago Astata - LA BRAVA RADIO\",\"isPartOf\":{\"@id\":\"https:\\\/\\\/www.bbmnoticias.com\\\/labravaradiofm\\\/#website\"},\"primaryImageOfPage\":{\"@id\":\"https:\\\/\\\/www.bbmnoticias.com\\\/labravaradiofm\\\/2022\\\/11\\\/13\\\/oscar-eduardo-ricardez-medina-es-electo-presidente-municipal-de-santiago-astata\\\/#primaryimage\"},\"image\":{\"@id\":\"https:\\\/\\\/www.bbmnoticias.com\\\/labravaradiofm\\\/2022\\\/11\\\/13\\\/oscar-eduardo-ricardez-medina-es-electo-presidente-municipal-de-santiago-astata\\\/#primaryimage\"},\"thumbnailUrl\":\"https:\\\/\\\/www.bbmnoticias.com\\\/labravaradiofm\\\/wp-content\\\/uploads\\\/sites\\\/5\\\/2022\\\/11\\\/IMG-20221113-WA0007.jpg\",\"datePublished\":\"2022-11-14T04:21:42+00:00\",\"dateModified\":\"2022-11-14T04:21:43+00:00\",\"author\":{\"@id\":\"https:\\\/\\\/www.bbmnoticias.com\\\/labravaradiofm\\\/#\\\/schema\\\/person\\\/34b139c617a70ea5bef5678bffe4dd7b\"},\"breadcrumb\":{\"@id\":\"https:\\\/\\\/www.bbmnoticias.com\\\/labravaradiofm\\\/2022\\\/11\\\/13\\\/oscar-eduardo-ricardez-medina-es-electo-presidente-municipal-de-santiago-astata\\\/#breadcrumb\"},\"inLanguage\":\"es\",\"potentialAction\":[{\"@type\":\"ReadAction\",\"target\":[\"https:\\\/\\\/www.bbmnoticias.com\\\/labravaradiofm\\\/2022\\\/11\\\/13\\\/oscar-eduardo-ricardez-medina-es-electo-presidente-municipal-de-santiago-astata\\\/\"]}]},{\"@type\":\"ImageObject\",\"inLanguage\":\"es\",\"@id\":\"https:\\\/\\\/www.bbmnoticias.com\\\/labravaradiofm\\\/2022\\\/11\\\/13\\\/oscar-eduardo-ricardez-medina-es-electo-presidente-municipal-de-santiago-astata\\\/#primaryimage\",\"url\":\"https:\\\/\\\/www.bbmnoticias.com\\\/labravaradiofm\\\/wp-content\\\/uploads\\\/sites\\\/5\\\/2022\\\/11\\\/IMG-20221113-WA0007.jpg\",\"contentUrl\":\"https:\\\/\\\/www.bbmnoticias.com\\\/labravaradiofm\\\/wp-content\\\/uploads\\\/sites\\\/5\\\/2022\\\/11\\\/IMG-20221113-WA0007.jpg\",\"width\":771,\"height\":641},{\"@type\":\"BreadcrumbList\",\"@id\":\"https:\\\/\\\/www.bbmnoticias.com\\\/labravaradiofm\\\/2022\\\/11\\\/13\\\/oscar-eduardo-ricardez-medina-es-electo-presidente-municipal-de-santiago-astata\\\/#breadcrumb\",\"itemListElement\":[{\"@type\":\"ListItem\",\"position\":1,\"name\":\"Inicio\",\"item\":\"https:\\\/\\\/www.bbmnoticias.com\\\/labravaradiofm\\\/\"},{\"@type\":\"ListItem\",\"position\":2,\"name\":\"\u00d3scar Eduardo Ricardez Medina es electo Presidente Municipal de Santiago Astata\"}]},{\"@type\":\"WebSite\",\"@id\":\"https:\\\/\\\/www.bbmnoticias.com\\\/labravaradiofm\\\/#website\",\"url\":\"https:\\\/\\\/www.bbmnoticias.com\\\/labravaradiofm\\\/\",\"name\":\"LA BRAVA RADIO\",\"description\":\"Empresa productora de medios, Radiodifusi\u00f3n, Noticias, tendencias y todo lo que necesitas saber de la pol\u00edtica mexicana e internacional; entretenimiento, espect\u00e1culos, salud y mucho m\u00e1s.\",\"potentialAction\":[{\"@type\":\"SearchAction\",\"target\":{\"@type\":\"EntryPoint\",\"urlTemplate\":\"https:\\\/\\\/www.bbmnoticias.com\\\/labravaradiofm\\\/?s={search_term_string}\"},\"query-input\":{\"@type\":\"PropertyValueSpecification\",\"valueRequired\":true,\"valueName\":\"search_term_string\"}}],\"inLanguage\":\"es\"},{\"@type\":\"Person\",\"@id\":\"https:\\\/\\\/www.bbmnoticias.com\\\/labravaradiofm\\\/#\\\/schema\\\/person\\\/34b139c617a70ea5bef5678bffe4dd7b\",\"name\":\"Staff\",\"image\":{\"@type\":\"ImageObject\",\"inLanguage\":\"es\",\"@id\":\"https:\\\/\\\/secure.gravatar.com\\\/avatar\\\/fdd21ad66fd8b98c407f9dee5b5e588cfe7f0d8579ec20fa6527cd59bab7f0f0?s=96&d=mm&r=g\",\"url\":\"https:\\\/\\\/secure.gravatar.com\\\/avatar\\\/fdd21ad66fd8b98c407f9dee5b5e588cfe7f0d8579ec20fa6527cd59bab7f0f0?s=96&d=mm&r=g\",\"contentUrl\":\"https:\\\/\\\/secure.gravatar.com\\\/avatar\\\/fdd21ad66fd8b98c407f9dee5b5e588cfe7f0d8579ec20fa6527cd59bab7f0f0?s=96&d=mm&r=g\",\"caption\":\"Staff\"},\"url\":\"https:\\\/\\\/www.bbmnoticias.com\\\/labravaradiofm\\\/author\\\/redaccion\\\/\"}]}<\/script>\n<!-- \/ Yoast SEO plugin. -->","yoast_head_json":{"title":"\u00d3scar Eduardo Ricardez Medina es electo Presidente Municipal de Santiago Astata - LA BRAVA RADIO","robots":{"index":"index","follow":"follow","max-snippet":"max-snippet:-1","max-image-preview":"max-image-preview:large","max-video-preview":"max-video-preview:-1"},"canonical":"https:\/\/www.bbmnoticias.com\/labravaradiofm\/2022\/11\/13\/oscar-eduardo-ricardez-medina-es-electo-presidente-municipal-de-santiago-astata\/","og_locale":"es_MX","og_type":"article","og_title":"\u00d3scar Eduardo Ricardez Medina es electo Presidente Municipal de Santiago Astata - LA BRAVA RADIO","og_description":"*En una elecci\u00f3n hist\u00f3rica sin incidentes y con la mayor votaci\u00f3n y participaci\u00f3n ciudadana Santiago Astata, Oaxaca. \u00d3scar Eduardo Ricardez Medina gan\u00f3 este domingo la elecci\u00f3n de Presidente Municipal de Santiago Astata con una votaci\u00f3n de 2129 votos superando la votaci\u00f3n del 2019, que fue de 1977. Para los habitantes de la comunidad chontal, esta [&hellip;]","og_url":"https:\/\/www.bbmnoticias.com\/labravaradiofm\/2022\/11\/13\/oscar-eduardo-ricardez-medina-es-electo-presidente-municipal-de-santiago-astata\/","og_site_name":"LA BRAVA RADIO","article_published_time":"2022-11-14T04:21:42+00:00","article_modified_time":"2022-11-14T04:21:43+00:00","og_image":[{"width":771,"height":641,"url":"https:\/\/www.bbmnoticias.com\/labravaradiofm\/wp-content\/uploads\/sites\/5\/2022\/11\/IMG-20221113-WA0007.jpg","type":"image\/jpeg"}],"author":"Staff","twitter_card":"summary_large_image","twitter_misc":{"Escrito por":"Staff","Tiempo de lectura":"1 minuto"},"schema":{"@context":"https:\/\/schema.org","@graph":[{"@type":"Article","@id":"https:\/\/www.bbmnoticias.com\/labravaradiofm\/2022\/11\/13\/oscar-eduardo-ricardez-medina-es-electo-presidente-municipal-de-santiago-astata\/#article","isPartOf":{"@id":"https:\/\/www.bbmnoticias.com\/labravaradiofm\/2022\/11\/13\/oscar-eduardo-ricardez-medina-es-electo-presidente-municipal-de-santiago-astata\/"},"author":{"name":"Staff","@id":"https:\/\/www.bbmnoticias.com\/labravaradiofm\/#\/schema\/person\/34b139c617a70ea5bef5678bffe4dd7b"},"headline":"\u00d3scar Eduardo Ricardez Medina es electo Presidente Municipal de Santiago Astata","datePublished":"2022-11-14T04:21:42+00:00","dateModified":"2022-11-14T04:21:43+00:00","mainEntityOfPage":{"@id":"https:\/\/www.bbmnoticias.com\/labravaradiofm\/2022\/11\/13\/oscar-eduardo-ricardez-medina-es-electo-presidente-municipal-de-santiago-astata\/"},"wordCount":187,"image":{"@id":"https:\/\/www.bbmnoticias.com\/labravaradiofm\/2022\/11\/13\/oscar-eduardo-ricardez-medina-es-electo-presidente-municipal-de-santiago-astata\/#primaryimage"},"thumbnailUrl":"https:\/\/www.bbmnoticias.com\/labravaradiofm\/wp-content\/uploads\/sites\/5\/2022\/11\/IMG-20221113-WA0007.jpg","articleSection":["LOCAL"],"inLanguage":"es"},{"@type":"WebPage","@id":"https:\/\/www.bbmnoticias.com\/labravaradiofm\/2022\/11\/13\/oscar-eduardo-ricardez-medina-es-electo-presidente-municipal-de-santiago-astata\/","url":"https:\/\/www.bbmnoticias.com\/labravaradiofm\/2022\/11\/13\/oscar-eduardo-ricardez-medina-es-electo-presidente-municipal-de-santiago-astata\/","name":"\u00d3scar Eduardo Ricardez Medina es electo Presidente Municipal de Santiago Astata - LA BRAVA RADIO","isPartOf":{"@id":"https:\/\/www.bbmnoticias.com\/labravaradiofm\/#website"},"primaryImageOfPage":{"@id":"https:\/\/www.bbmnoticias.com\/labravaradiofm\/2022\/11\/13\/oscar-eduardo-ricardez-medina-es-electo-presidente-municipal-de-santiago-astata\/#primaryimage"},"image":{"@id":"https:\/\/www.bbmnoticias.com\/labravaradiofm\/2022\/11\/13\/oscar-eduardo-ricardez-medina-es-electo-presidente-municipal-de-santiago-astata\/#primaryimage"},"thumbnailUrl":"https:\/\/www.bbmnoticias.com\/labravaradiofm\/wp-content\/uploads\/sites\/5\/2022\/11\/IMG-20221113-WA0007.jpg","datePublished":"2022-11-14T04:21:42+00:00","dateModified":"2022-11-14T04:21:43+00:00","author":{"@id":"https:\/\/www.bbmnoticias.com\/labravaradiofm\/#\/schema\/person\/34b139c617a70ea5bef5678bffe4dd7b"},"breadcrumb":{"@id":"https:\/\/www.bbmnoticias.com\/labravaradiofm\/2022\/11\/13\/oscar-eduardo-ricardez-medina-es-electo-presidente-municipal-de-santiago-astata\/#breadcrumb"},"inLanguage":"es","potentialAction":[{"@type":"ReadAction","target":["https:\/\/www.bbmnoticias.com\/labravaradiofm\/2022\/11\/13\/oscar-eduardo-ricardez-medina-es-electo-presidente-municipal-de-santiago-astata\/"]}]},{"@type":"ImageObject","inLanguage":"es","@id":"https:\/\/www.bbmnoticias.com\/labravaradiofm\/2022\/11\/13\/oscar-eduardo-ricardez-medina-es-electo-presidente-municipal-de-santiago-astata\/#primaryimage","url":"https:\/\/www.bbmnoticias.com\/labravaradiofm\/wp-content\/uploads\/sites\/5\/2022\/11\/IMG-20221113-WA0007.jpg","contentUrl":"https:\/\/www.bbmnoticias.com\/labravaradiofm\/wp-content\/uploads\/sites\/5\/2022\/11\/IMG-20221113-WA0007.jpg","width":771,"height":641},{"@type":"BreadcrumbList","@id":"https:\/\/www.bbmnoticias.com\/labravaradiofm\/2022\/11\/13\/oscar-eduardo-ricardez-medina-es-electo-presidente-municipal-de-santiago-astata\/#breadcrumb","itemListElement":[{"@type":"ListItem","position":1,"name":"Inicio","item":"https:\/\/www.bbmnoticias.com\/labravaradiofm\/"},{"@type":"ListItem","position":2,"name":"\u00d3scar Eduardo Ricardez Medina es electo Presidente Municipal de Santiago Astata"}]},{"@type":"WebSite","@id":"https:\/\/www.bbmnoticias.com\/labravaradiofm\/#website","url":"https:\/\/www.bbmnoticias.com\/labravaradiofm\/","name":"LA BRAVA RADIO","description":"Empresa productora de medios, Radiodifusi\u00f3n, Noticias, tendencias y todo lo que necesitas saber de la pol\u00edtica mexicana e internacional; entretenimiento, espect\u00e1culos, salud y mucho m\u00e1s.","potentialAction":[{"@type":"SearchAction","target":{"@type":"EntryPoint","urlTemplate":"https:\/\/www.bbmnoticias.com\/labravaradiofm\/?s={search_term_string}"},"query-input":{"@type":"PropertyValueSpecification","valueRequired":true,"valueName":"search_term_string"}}],"inLanguage":"es"},{"@type":"Person","@id":"https:\/\/www.bbmnoticias.com\/labravaradiofm\/#\/schema\/person\/34b139c617a70ea5bef5678bffe4dd7b","name":"Staff","image":{"@type":"ImageObject","inLanguage":"es","@id":"https:\/\/secure.gravatar.com\/avatar\/fdd21ad66fd8b98c407f9dee5b5e588cfe7f0d8579ec20fa6527cd59bab7f0f0?s=96&d=mm&r=g","url":"https:\/\/secure.gravatar.com\/avatar\/fdd21ad66fd8b98c407f9dee5b5e588cfe7f0d8579ec20fa6527cd59bab7f0f0?s=96&d=mm&r=g","contentUrl":"https:\/\/secure.gravatar.com\/avatar\/fdd21ad66fd8b98c407f9dee5b5e588cfe7f0d8579ec20fa6527cd59bab7f0f0?s=96&d=mm&r=g","caption":"Staff"},"url":"https:\/\/www.bbmnoticias.com\/labravaradiofm\/author\/redaccion\/"}]}},"_links":{"self":[{"href":"https:\/\/www.bbmnoticias.com\/labravaradiofm\/wp-json\/wp\/v2\/posts\/20495","targetHints":{"allow":["GET"]}}],"collection":[{"href":"https:\/\/www.bbmnoticias.com\/labravaradiofm\/wp-json\/wp\/v2\/posts"}],"about":[{"href":"https:\/\/www.bbmnoticias.com\/labravaradiofm\/wp-json\/wp\/v2\/types\/post"}],"author":[{"embeddable":true,"href":"https:\/\/www.bbmnoticias.com\/labravaradiofm\/wp-json\/wp\/v2\/users\/2"}],"replies":[{"embeddable":true,"href":"https:\/\/www.bbmnoticias.com\/labravaradiofm\/wp-json\/wp\/v2\/comments?post=20495"}],"version-history":[{"count":0,"href":"https:\/\/www.bbmnoticias.com\/labravaradiofm\/wp-json\/wp\/v2\/posts\/20495\/revisions"}],"wp:featuredmedia":[{"embeddable":true,"href":"https:\/\/www.bbmnoticias.com\/labravaradiofm\/wp-json\/wp\/v2\/media\/20496"}],"wp:attachment":[{"href":"https:\/\/www.bbmnoticias.com\/labravaradiofm\/wp-json\/wp\/v2\/media?parent=20495"}],"wp:term":[{"taxonomy":"category","embeddable":true,"href":"https:\/\/www.bbmnoticias.com\/labravaradiofm\/wp-json\/wp\/v2\/categories?post=20495"},{"taxonomy":"post_tag","embeddable":true,"href":"https:\/\/www.bbmnoticias.com\/labravaradiofm\/wp-json\/wp\/v2\/tags?post=20495"}],"curies":[{"name":"wp","href":"https:\/\/api.w.org\/{rel}","templated":true}]}}