{"id":2010,"date":"2021-09-17T09:39:08","date_gmt":"2021-09-17T14:39:08","guid":{"rendered":"https:\/\/www.bbmnoticias.com\/labravaradiofm\/?p=2010"},"modified":"2021-09-17T09:39:10","modified_gmt":"2021-09-17T14:39:10","slug":"zacatecas-en-alerta-por-desbordamiento-de-presa-en-genaro-codina","status":"publish","type":"post","link":"https:\/\/www.bbmnoticias.com\/labravaradiofm\/2021\/09\/17\/zacatecas-en-alerta-por-desbordamiento-de-presa-en-genaro-codina\/","title":{"rendered":"Zacatecas, en alerta por desbordamiento de presa en Genaro Codina"},"content":{"rendered":"<div style=\"margin-top: 0px; margin-bottom: 0px;\" class=\"sharethis-inline-share-buttons\" ><\/div>\n<p>La noche de este jueves se emiti\u00f3 una alerta por el desbordamiento de una presa en Zacatecas. David Monreal, gobernador, lo inform\u00f3 as\u00ed en su cuenta de Twitter:&nbsp;<\/p>\n\n\n\n<p>&#8220;Debido a las recientes lluvias, se reporta desborde de la presa San Aparicio en la comunidad Perales, en Genaro Codina. Ya he dado instrucciones urgentes para que elementos del ej\u00e9rcito, Seguridad P\u00fablica y Protecci\u00f3n Civil atiendan a las personas afectadas&#8221;.<\/p>\n\n\n\n<p>En otro mensaje escribi\u00f3: &#8220;Se ha activado el Plan DNIII-E de SEDENA, GN-A de Guardia Nacional y por parte de la Secretar\u00eda de Seguridad P\u00fablica el Plan SSP-D&#8221;.\u00a0<\/p>\n\n\n\n<figure class=\"wp-block-embed is-type-rich is-provider-twitter wp-block-embed-twitter\"><div class=\"wp-block-embed__wrapper\">\n<blockquote class=\"twitter-tweet\" data-width=\"550\" data-dnt=\"true\"><p lang=\"es\" dir=\"ltr\"><a href=\"https:\/\/twitter.com\/hashtag\/Alerta?src=hash&amp;ref_src=twsrc%5Etfw\">#Alerta<\/a> \ud83d\udea8<br><br>Circula en redes este video donde se aprecia el desbordamiento de la Presa El Infiernillo en Genaro Codina. <br><br>LNZ la informaci\u00f3n en un click \ud83d\udd39<a href=\"https:\/\/twitter.com\/hashtag\/Zacatecas?src=hash&amp;ref_src=twsrc%5Etfw\">#Zacatecas<\/a> <a href=\"https:\/\/t.co\/CbpZ67rIEF\">pic.twitter.com\/CbpZ67rIEF<\/a><\/p>&mdash; La Nota Zacatecas (@NotaZacatecas) <a href=\"https:\/\/twitter.com\/NotaZacatecas\/status\/1438679844447916034?ref_src=twsrc%5Etfw\">September 17, 2021<\/a><\/blockquote><script async src=\"https:\/\/platform.twitter.com\/widgets.js\" charset=\"utf-8\"><\/script>\n<\/div><\/figure>\n\n\n\n<p>De acuerdo a un video que ha comenzado a circular en las redes sociales de uno de pobladores de esa comunidad afectada, quien se ve que graba desde lo alto de una vivienda cercana al arroyo, en cuyo video se aprecia que la creciente de agua va incrementando, a la par, se escucha un grito desesperado de una persona que est\u00e1 en ese mismo domicilio y le pide a su familiar irse de ese lugar: \u201c\u00a1Ya v\u00e1monos de aqu\u00ed! \u00a1Se va a poner muy peligroso!.<\/p>\n\n\n\n<p>En la informaci\u00f3n preliminar que se ha obtenido de las autoridades municipales y de protecci\u00f3n civil, se ha referido que, hasta el momento, no se tienen reportes de da\u00f1os a la poblaci\u00f3n, pero que el desbordamiento s\u00ed ha afectado el sistema el\u00e9ctrico, as\u00ed como probable p\u00e9rdida de ganado.<\/p>\n\n\n\n<figure class=\"wp-block-embed is-type-rich is-provider-twitter wp-block-embed-twitter\"><div class=\"wp-block-embed__wrapper\">\n<blockquote class=\"twitter-tweet\" data-width=\"550\" data-dnt=\"true\"><p lang=\"es\" dir=\"ltr\"><a href=\"https:\/\/twitter.com\/hashtag\/Ent%C3%A9rate?src=hash&amp;ref_src=twsrc%5Etfw\">#Ent\u00e9rate<\/a> Reportan el desbordamiento de la presa El Infiernillo ubicada en Genaro Codina <a href=\"https:\/\/twitter.com\/hashtag\/Zacatecas?src=hash&amp;ref_src=twsrc%5Etfw\">#Zacatecas<\/a> <a href=\"https:\/\/twitter.com\/hashtag\/Ecodiario?src=hash&amp;ref_src=twsrc%5Etfw\">#Ecodiario<\/a> <a href=\"https:\/\/t.co\/znZ1k1WTYB\">pic.twitter.com\/znZ1k1WTYB<\/a><\/p>&mdash; Ecodiario Zacatecas (@Ecodiariozac) <a href=\"https:\/\/twitter.com\/Ecodiariozac\/status\/1438689181325316096?ref_src=twsrc%5Etfw\">September 17, 2021<\/a><\/blockquote><script async src=\"https:\/\/platform.twitter.com\/widgets.js\" charset=\"utf-8\"><\/script>\n<\/div><\/figure>\n\n\n\n<p>Debido a que apenas se enviaron las brigadas de apoyo de los diferentes \u00f3rdenes de gobierno, la &nbsp;informaci\u00f3n y la evaluaci\u00f3n de da\u00f1os est\u00e1 en proceso.<\/p>\n\n\n\n<p>Francisco Javier Arcos Ruiz, alcalde del municipio de Cuauht\u00e9moc, colindante con Genaro Codina, inform\u00f3 que ese lugar tambi\u00e9n est\u00e1 en alerta, incluso, mencion\u00f3 que se traslad\u00f3 a la comunidad de R\u00edo Verde, porque ah\u00ed el nivel creci\u00f3, debido a que los alcanz\u00f3 la corriente procedente de la presa San Aparicio que se desbord\u00f3.<\/p>\n\n\n\n<p>Dijo que afortunadamente ya disminuy\u00f3 el nivel, pero s\u00ed se tuvo que desplazar a algunos pobladores a zonas m\u00e1s altos para evitar riesgos, sin embargo, mencion\u00f3 que las autoridades estatales y municipales tambi\u00e9n monitorean una presa llamada El Infiernillo, tambi\u00e9n ubicada en Genaro Codina, \u00a0la cual tiene mayor capacidad de agua, ya que si \u00e9sta llegara a desbordar nuevamente crecer\u00eda la corriente y afectar\u00eda a ambos municipios.<\/p>\n\n\n\n<figure class=\"wp-block-embed is-type-rich is-provider-twitter wp-block-embed-twitter\"><div class=\"wp-block-embed__wrapper\">\n<blockquote class=\"twitter-tweet\" data-width=\"550\" data-dnt=\"true\"><p lang=\"es\" dir=\"ltr\">Implementan el Plan DN-III-E por el desbordamiento de la presa San Aparicio. <br><br>En alerta Genaro Codina y Cuauht\u00e9moc, Zacatecas<a href=\"https:\/\/t.co\/oKANKjae8O\">https:\/\/t.co\/oKANKjae8O<\/a> <a href=\"https:\/\/t.co\/41pGLd3JJG\">pic.twitter.com\/41pGLd3JJG<\/a><\/p>&mdash; Colmena Informativa (@ColmenaInfo) <a href=\"https:\/\/twitter.com\/ColmenaInfo\/status\/1438693759953342464?ref_src=twsrc%5Etfw\">September 17, 2021<\/a><\/blockquote><script async src=\"https:\/\/platform.twitter.com\/widgets.js\" charset=\"utf-8\"><\/script>\n<\/div><\/figure>\n\n\n\n<p>Hasta el momento las autoridades de Zacatecas no reportan v\u00edctimas que lamentar, sin embargo, en redes ya circulan varios videos donde se muestra la fuerza de la corriente del agua, la cual ha entrado a varios hogares y ha arrastrado con lo que se encuentre a su paso. Autoridades piden resguardarse en lugares seguros.<\/p>\n\n\n\n<p>En un comunicado que esta noche ha emitido el gobierno estatal, se informa que la contingencia por lluvias se concentra en comunidades de los municipios Genaro Codina y Cuauht\u00e9moc, luego que se inform\u00f3 en el Sistema de Emergencias 911 sobre el desbordamiento de dos r\u00edos en el municipio de Genaro Codina, que generaron afectaciones en las comunidades San In\u00e9s, Monte Grande, Paso de M\u00e9ndez y la cabecera municipal, as\u00ed como el aumento del cauce en el r\u00edo en Cuauht\u00e9moc.<\/p>\n\n\n\n<p>En el bolet\u00edn, el gobernador hace un llamado a la poblaci\u00f3n a conservar la calma y pide estar atentos a las indicaciones de la Coordinaci\u00f3n Estatal de Protecci\u00f3n Civil y de la Secretar\u00eda de Salud, tras asegurar que ya \u201cse atiende la situaci\u00f3n y se busca el control ante estos hechos\u201d.<\/p>\n","protected":false},"excerpt":{"rendered":"<p>La noche de este jueves se emiti\u00f3 una alerta por el desbordamiento de una presa en Zacatecas. David Monreal, gobernador, lo inform\u00f3 as\u00ed en su cuenta de Twitter:&nbsp; &#8220;Debido a las recientes lluvias, se reporta desborde de la presa San Aparicio en la comunidad Perales, en Genaro Codina. Ya he dado instrucciones urgentes para que [&hellip;]<\/p>\n","protected":false},"author":10,"featured_media":2011,"comment_status":"closed","ping_status":"closed","sticky":false,"template":"","format":"standard","meta":{"footnotes":""},"categories":[19],"tags":[],"class_list":{"0":"post-2010","1":"post","2":"type-post","3":"status-publish","4":"format-standard","5":"has-post-thumbnail","7":"category-nacional"},"yoast_head":"<!-- This site is optimized with the Yoast SEO plugin v27.4 - https:\/\/yoast.com\/product\/yoast-seo-wordpress\/ -->\n<title>Zacatecas, en alerta por desbordamiento de presa en Genaro Codina - LA BRAVA RADIO<\/title>\n<meta name=\"description\" content=\"Se ha activado el Plan DNIII-E de SEDENA, GN-A de Guardia Nacional y por parte de la Secretar\u00eda de Seguridad P\u00fablica el Plan SSP-D\" \/>\n<meta name=\"robots\" content=\"index, follow, max-snippet:-1, max-image-preview:large, max-video-preview:-1\" \/>\n<link rel=\"canonical\" href=\"https:\/\/www.bbmnoticias.com\/labravaradiofm\/2021\/09\/17\/zacatecas-en-alerta-por-desbordamiento-de-presa-en-genaro-codina\/\" \/>\n<meta property=\"og:locale\" content=\"es_MX\" \/>\n<meta property=\"og:type\" content=\"article\" \/>\n<meta property=\"og:title\" content=\"Zacatecas, en alerta por desbordamiento de presa en Genaro Codina - LA BRAVA RADIO\" \/>\n<meta property=\"og:description\" content=\"Se ha activado el Plan DNIII-E de SEDENA, GN-A de Guardia Nacional y por parte de la Secretar\u00eda de Seguridad P\u00fablica el Plan SSP-D\" \/>\n<meta property=\"og:url\" content=\"https:\/\/www.bbmnoticias.com\/labravaradiofm\/2021\/09\/17\/zacatecas-en-alerta-por-desbordamiento-de-presa-en-genaro-codina\/\" \/>\n<meta property=\"og:site_name\" content=\"LA BRAVA RADIO\" \/>\n<meta property=\"article:published_time\" content=\"2021-09-17T14:39:08+00:00\" \/>\n<meta property=\"article:modified_time\" content=\"2021-09-17T14:39:10+00:00\" \/>\n<meta property=\"og:image\" content=\"https:\/\/www.bbmnoticias.com\/labravaradiofm\/wp-content\/uploads\/sites\/5\/2021\/09\/nacional17092021-2.jpeg\" \/>\n\t<meta property=\"og:image:width\" content=\"680\" \/>\n\t<meta property=\"og:image:height\" content=\"356\" \/>\n\t<meta property=\"og:image:type\" content=\"image\/jpeg\" \/>\n<meta name=\"author\" content=\"El Universal\" \/>\n<meta name=\"twitter:card\" content=\"summary_large_image\" \/>\n<meta name=\"twitter:label1\" content=\"Escrito por\" \/>\n\t<meta name=\"twitter:data1\" content=\"El Universal\" \/>\n\t<meta name=\"twitter:label2\" content=\"Tiempo de lectura\" \/>\n\t<meta name=\"twitter:data2\" content=\"3 minutos\" \/>\n<script type=\"application\/ld+json\" class=\"yoast-schema-graph\">{\"@context\":\"https:\\\/\\\/schema.org\",\"@graph\":[{\"@type\":\"Article\",\"@id\":\"https:\\\/\\\/www.bbmnoticias.com\\\/labravaradiofm\\\/2021\\\/09\\\/17\\\/zacatecas-en-alerta-por-desbordamiento-de-presa-en-genaro-codina\\\/#article\",\"isPartOf\":{\"@id\":\"https:\\\/\\\/www.bbmnoticias.com\\\/labravaradiofm\\\/2021\\\/09\\\/17\\\/zacatecas-en-alerta-por-desbordamiento-de-presa-en-genaro-codina\\\/\"},\"author\":{\"name\":\"El Universal\",\"@id\":\"https:\\\/\\\/www.bbmnoticias.com\\\/labravaradiofm\\\/#\\\/schema\\\/person\\\/9d7a6a319e0df750bc43fc190d0b889b\"},\"headline\":\"Zacatecas, en alerta por desbordamiento de presa en Genaro Codina\",\"datePublished\":\"2021-09-17T14:39:08+00:00\",\"dateModified\":\"2021-09-17T14:39:10+00:00\",\"mainEntityOfPage\":{\"@id\":\"https:\\\/\\\/www.bbmnoticias.com\\\/labravaradiofm\\\/2021\\\/09\\\/17\\\/zacatecas-en-alerta-por-desbordamiento-de-presa-en-genaro-codina\\\/\"},\"wordCount\":621,\"image\":{\"@id\":\"https:\\\/\\\/www.bbmnoticias.com\\\/labravaradiofm\\\/2021\\\/09\\\/17\\\/zacatecas-en-alerta-por-desbordamiento-de-presa-en-genaro-codina\\\/#primaryimage\"},\"thumbnailUrl\":\"https:\\\/\\\/www.bbmnoticias.com\\\/labravaradiofm\\\/wp-content\\\/uploads\\\/sites\\\/5\\\/2021\\\/09\\\/nacional17092021-2.jpeg\",\"articleSection\":[\"NACIONAL\"],\"inLanguage\":\"es\"},{\"@type\":\"WebPage\",\"@id\":\"https:\\\/\\\/www.bbmnoticias.com\\\/labravaradiofm\\\/2021\\\/09\\\/17\\\/zacatecas-en-alerta-por-desbordamiento-de-presa-en-genaro-codina\\\/\",\"url\":\"https:\\\/\\\/www.bbmnoticias.com\\\/labravaradiofm\\\/2021\\\/09\\\/17\\\/zacatecas-en-alerta-por-desbordamiento-de-presa-en-genaro-codina\\\/\",\"name\":\"Zacatecas, en alerta por desbordamiento de presa en Genaro Codina - LA BRAVA RADIO\",\"isPartOf\":{\"@id\":\"https:\\\/\\\/www.bbmnoticias.com\\\/labravaradiofm\\\/#website\"},\"primaryImageOfPage\":{\"@id\":\"https:\\\/\\\/www.bbmnoticias.com\\\/labravaradiofm\\\/2021\\\/09\\\/17\\\/zacatecas-en-alerta-por-desbordamiento-de-presa-en-genaro-codina\\\/#primaryimage\"},\"image\":{\"@id\":\"https:\\\/\\\/www.bbmnoticias.com\\\/labravaradiofm\\\/2021\\\/09\\\/17\\\/zacatecas-en-alerta-por-desbordamiento-de-presa-en-genaro-codina\\\/#primaryimage\"},\"thumbnailUrl\":\"https:\\\/\\\/www.bbmnoticias.com\\\/labravaradiofm\\\/wp-content\\\/uploads\\\/sites\\\/5\\\/2021\\\/09\\\/nacional17092021-2.jpeg\",\"datePublished\":\"2021-09-17T14:39:08+00:00\",\"dateModified\":\"2021-09-17T14:39:10+00:00\",\"author\":{\"@id\":\"https:\\\/\\\/www.bbmnoticias.com\\\/labravaradiofm\\\/#\\\/schema\\\/person\\\/9d7a6a319e0df750bc43fc190d0b889b\"},\"description\":\"Se ha activado el Plan DNIII-E de SEDENA, GN-A de Guardia Nacional y por parte de la Secretar\u00eda de Seguridad P\u00fablica el Plan SSP-D\",\"breadcrumb\":{\"@id\":\"https:\\\/\\\/www.bbmnoticias.com\\\/labravaradiofm\\\/2021\\\/09\\\/17\\\/zacatecas-en-alerta-por-desbordamiento-de-presa-en-genaro-codina\\\/#breadcrumb\"},\"inLanguage\":\"es\",\"potentialAction\":[{\"@type\":\"ReadAction\",\"target\":[\"https:\\\/\\\/www.bbmnoticias.com\\\/labravaradiofm\\\/2021\\\/09\\\/17\\\/zacatecas-en-alerta-por-desbordamiento-de-presa-en-genaro-codina\\\/\"]}]},{\"@type\":\"ImageObject\",\"inLanguage\":\"es\",\"@id\":\"https:\\\/\\\/www.bbmnoticias.com\\\/labravaradiofm\\\/2021\\\/09\\\/17\\\/zacatecas-en-alerta-por-desbordamiento-de-presa-en-genaro-codina\\\/#primaryimage\",\"url\":\"https:\\\/\\\/www.bbmnoticias.com\\\/labravaradiofm\\\/wp-content\\\/uploads\\\/sites\\\/5\\\/2021\\\/09\\\/nacional17092021-2.jpeg\",\"contentUrl\":\"https:\\\/\\\/www.bbmnoticias.com\\\/labravaradiofm\\\/wp-content\\\/uploads\\\/sites\\\/5\\\/2021\\\/09\\\/nacional17092021-2.jpeg\",\"width\":680,\"height\":356},{\"@type\":\"BreadcrumbList\",\"@id\":\"https:\\\/\\\/www.bbmnoticias.com\\\/labravaradiofm\\\/2021\\\/09\\\/17\\\/zacatecas-en-alerta-por-desbordamiento-de-presa-en-genaro-codina\\\/#breadcrumb\",\"itemListElement\":[{\"@type\":\"ListItem\",\"position\":1,\"name\":\"Inicio\",\"item\":\"https:\\\/\\\/www.bbmnoticias.com\\\/labravaradiofm\\\/\"},{\"@type\":\"ListItem\",\"position\":2,\"name\":\"Zacatecas, en alerta por desbordamiento de presa en Genaro Codina\"}]},{\"@type\":\"WebSite\",\"@id\":\"https:\\\/\\\/www.bbmnoticias.com\\\/labravaradiofm\\\/#website\",\"url\":\"https:\\\/\\\/www.bbmnoticias.com\\\/labravaradiofm\\\/\",\"name\":\"LA BRAVA RADIO\",\"description\":\"Empresa productora de medios, Radiodifusi\u00f3n, Noticias, tendencias y todo lo que necesitas saber de la pol\u00edtica mexicana e internacional; entretenimiento, espect\u00e1culos, salud y mucho m\u00e1s.\",\"potentialAction\":[{\"@type\":\"SearchAction\",\"target\":{\"@type\":\"EntryPoint\",\"urlTemplate\":\"https:\\\/\\\/www.bbmnoticias.com\\\/labravaradiofm\\\/?s={search_term_string}\"},\"query-input\":{\"@type\":\"PropertyValueSpecification\",\"valueRequired\":true,\"valueName\":\"search_term_string\"}}],\"inLanguage\":\"es\"},{\"@type\":\"Person\",\"@id\":\"https:\\\/\\\/www.bbmnoticias.com\\\/labravaradiofm\\\/#\\\/schema\\\/person\\\/9d7a6a319e0df750bc43fc190d0b889b\",\"name\":\"El Universal\",\"image\":{\"@type\":\"ImageObject\",\"inLanguage\":\"es\",\"@id\":\"https:\\\/\\\/secure.gravatar.com\\\/avatar\\\/71c770e6e00bd7cb8183e56d1c59f81601544fbe41d802d7c17d05c9e25f7d06?s=96&d=mm&r=g\",\"url\":\"https:\\\/\\\/secure.gravatar.com\\\/avatar\\\/71c770e6e00bd7cb8183e56d1c59f81601544fbe41d802d7c17d05c9e25f7d06?s=96&d=mm&r=g\",\"contentUrl\":\"https:\\\/\\\/secure.gravatar.com\\\/avatar\\\/71c770e6e00bd7cb8183e56d1c59f81601544fbe41d802d7c17d05c9e25f7d06?s=96&d=mm&r=g\",\"caption\":\"El Universal\"},\"url\":\"https:\\\/\\\/www.bbmnoticias.com\\\/labravaradiofm\\\/author\\\/eluniversal\\\/\"}]}<\/script>\n<!-- \/ Yoast SEO plugin. -->","yoast_head_json":{"title":"Zacatecas, en alerta por desbordamiento de presa en Genaro Codina - LA BRAVA RADIO","description":"Se ha activado el Plan DNIII-E de SEDENA, GN-A de Guardia Nacional y por parte de la Secretar\u00eda de Seguridad P\u00fablica el Plan SSP-D","robots":{"index":"index","follow":"follow","max-snippet":"max-snippet:-1","max-image-preview":"max-image-preview:large","max-video-preview":"max-video-preview:-1"},"canonical":"https:\/\/www.bbmnoticias.com\/labravaradiofm\/2021\/09\/17\/zacatecas-en-alerta-por-desbordamiento-de-presa-en-genaro-codina\/","og_locale":"es_MX","og_type":"article","og_title":"Zacatecas, en alerta por desbordamiento de presa en Genaro Codina - LA BRAVA RADIO","og_description":"Se ha activado el Plan DNIII-E de SEDENA, GN-A de Guardia Nacional y por parte de la Secretar\u00eda de Seguridad P\u00fablica el Plan SSP-D","og_url":"https:\/\/www.bbmnoticias.com\/labravaradiofm\/2021\/09\/17\/zacatecas-en-alerta-por-desbordamiento-de-presa-en-genaro-codina\/","og_site_name":"LA BRAVA RADIO","article_published_time":"2021-09-17T14:39:08+00:00","article_modified_time":"2021-09-17T14:39:10+00:00","og_image":[{"width":680,"height":356,"url":"https:\/\/www.bbmnoticias.com\/labravaradiofm\/wp-content\/uploads\/sites\/5\/2021\/09\/nacional17092021-2.jpeg","type":"image\/jpeg"}],"author":"El Universal","twitter_card":"summary_large_image","twitter_misc":{"Escrito por":"El Universal","Tiempo de lectura":"3 minutos"},"schema":{"@context":"https:\/\/schema.org","@graph":[{"@type":"Article","@id":"https:\/\/www.bbmnoticias.com\/labravaradiofm\/2021\/09\/17\/zacatecas-en-alerta-por-desbordamiento-de-presa-en-genaro-codina\/#article","isPartOf":{"@id":"https:\/\/www.bbmnoticias.com\/labravaradiofm\/2021\/09\/17\/zacatecas-en-alerta-por-desbordamiento-de-presa-en-genaro-codina\/"},"author":{"name":"El Universal","@id":"https:\/\/www.bbmnoticias.com\/labravaradiofm\/#\/schema\/person\/9d7a6a319e0df750bc43fc190d0b889b"},"headline":"Zacatecas, en alerta por desbordamiento de presa en Genaro Codina","datePublished":"2021-09-17T14:39:08+00:00","dateModified":"2021-09-17T14:39:10+00:00","mainEntityOfPage":{"@id":"https:\/\/www.bbmnoticias.com\/labravaradiofm\/2021\/09\/17\/zacatecas-en-alerta-por-desbordamiento-de-presa-en-genaro-codina\/"},"wordCount":621,"image":{"@id":"https:\/\/www.bbmnoticias.com\/labravaradiofm\/2021\/09\/17\/zacatecas-en-alerta-por-desbordamiento-de-presa-en-genaro-codina\/#primaryimage"},"thumbnailUrl":"https:\/\/www.bbmnoticias.com\/labravaradiofm\/wp-content\/uploads\/sites\/5\/2021\/09\/nacional17092021-2.jpeg","articleSection":["NACIONAL"],"inLanguage":"es"},{"@type":"WebPage","@id":"https:\/\/www.bbmnoticias.com\/labravaradiofm\/2021\/09\/17\/zacatecas-en-alerta-por-desbordamiento-de-presa-en-genaro-codina\/","url":"https:\/\/www.bbmnoticias.com\/labravaradiofm\/2021\/09\/17\/zacatecas-en-alerta-por-desbordamiento-de-presa-en-genaro-codina\/","name":"Zacatecas, en alerta por desbordamiento de presa en Genaro Codina - LA BRAVA RADIO","isPartOf":{"@id":"https:\/\/www.bbmnoticias.com\/labravaradiofm\/#website"},"primaryImageOfPage":{"@id":"https:\/\/www.bbmnoticias.com\/labravaradiofm\/2021\/09\/17\/zacatecas-en-alerta-por-desbordamiento-de-presa-en-genaro-codina\/#primaryimage"},"image":{"@id":"https:\/\/www.bbmnoticias.com\/labravaradiofm\/2021\/09\/17\/zacatecas-en-alerta-por-desbordamiento-de-presa-en-genaro-codina\/#primaryimage"},"thumbnailUrl":"https:\/\/www.bbmnoticias.com\/labravaradiofm\/wp-content\/uploads\/sites\/5\/2021\/09\/nacional17092021-2.jpeg","datePublished":"2021-09-17T14:39:08+00:00","dateModified":"2021-09-17T14:39:10+00:00","author":{"@id":"https:\/\/www.bbmnoticias.com\/labravaradiofm\/#\/schema\/person\/9d7a6a319e0df750bc43fc190d0b889b"},"description":"Se ha activado el Plan DNIII-E de SEDENA, GN-A de Guardia Nacional y por parte de la Secretar\u00eda de Seguridad P\u00fablica el Plan SSP-D","breadcrumb":{"@id":"https:\/\/www.bbmnoticias.com\/labravaradiofm\/2021\/09\/17\/zacatecas-en-alerta-por-desbordamiento-de-presa-en-genaro-codina\/#breadcrumb"},"inLanguage":"es","potentialAction":[{"@type":"ReadAction","target":["https:\/\/www.bbmnoticias.com\/labravaradiofm\/2021\/09\/17\/zacatecas-en-alerta-por-desbordamiento-de-presa-en-genaro-codina\/"]}]},{"@type":"ImageObject","inLanguage":"es","@id":"https:\/\/www.bbmnoticias.com\/labravaradiofm\/2021\/09\/17\/zacatecas-en-alerta-por-desbordamiento-de-presa-en-genaro-codina\/#primaryimage","url":"https:\/\/www.bbmnoticias.com\/labravaradiofm\/wp-content\/uploads\/sites\/5\/2021\/09\/nacional17092021-2.jpeg","contentUrl":"https:\/\/www.bbmnoticias.com\/labravaradiofm\/wp-content\/uploads\/sites\/5\/2021\/09\/nacional17092021-2.jpeg","width":680,"height":356},{"@type":"BreadcrumbList","@id":"https:\/\/www.bbmnoticias.com\/labravaradiofm\/2021\/09\/17\/zacatecas-en-alerta-por-desbordamiento-de-presa-en-genaro-codina\/#breadcrumb","itemListElement":[{"@type":"ListItem","position":1,"name":"Inicio","item":"https:\/\/www.bbmnoticias.com\/labravaradiofm\/"},{"@type":"ListItem","position":2,"name":"Zacatecas, en alerta por desbordamiento de presa en Genaro Codina"}]},{"@type":"WebSite","@id":"https:\/\/www.bbmnoticias.com\/labravaradiofm\/#website","url":"https:\/\/www.bbmnoticias.com\/labravaradiofm\/","name":"LA BRAVA RADIO","description":"Empresa productora de medios, Radiodifusi\u00f3n, Noticias, tendencias y todo lo que necesitas saber de la pol\u00edtica mexicana e internacional; entretenimiento, espect\u00e1culos, salud y mucho m\u00e1s.","potentialAction":[{"@type":"SearchAction","target":{"@type":"EntryPoint","urlTemplate":"https:\/\/www.bbmnoticias.com\/labravaradiofm\/?s={search_term_string}"},"query-input":{"@type":"PropertyValueSpecification","valueRequired":true,"valueName":"search_term_string"}}],"inLanguage":"es"},{"@type":"Person","@id":"https:\/\/www.bbmnoticias.com\/labravaradiofm\/#\/schema\/person\/9d7a6a319e0df750bc43fc190d0b889b","name":"El Universal","image":{"@type":"ImageObject","inLanguage":"es","@id":"https:\/\/secure.gravatar.com\/avatar\/71c770e6e00bd7cb8183e56d1c59f81601544fbe41d802d7c17d05c9e25f7d06?s=96&d=mm&r=g","url":"https:\/\/secure.gravatar.com\/avatar\/71c770e6e00bd7cb8183e56d1c59f81601544fbe41d802d7c17d05c9e25f7d06?s=96&d=mm&r=g","contentUrl":"https:\/\/secure.gravatar.com\/avatar\/71c770e6e00bd7cb8183e56d1c59f81601544fbe41d802d7c17d05c9e25f7d06?s=96&d=mm&r=g","caption":"El Universal"},"url":"https:\/\/www.bbmnoticias.com\/labravaradiofm\/author\/eluniversal\/"}]}},"_links":{"self":[{"href":"https:\/\/www.bbmnoticias.com\/labravaradiofm\/wp-json\/wp\/v2\/posts\/2010","targetHints":{"allow":["GET"]}}],"collection":[{"href":"https:\/\/www.bbmnoticias.com\/labravaradiofm\/wp-json\/wp\/v2\/posts"}],"about":[{"href":"https:\/\/www.bbmnoticias.com\/labravaradiofm\/wp-json\/wp\/v2\/types\/post"}],"author":[{"embeddable":true,"href":"https:\/\/www.bbmnoticias.com\/labravaradiofm\/wp-json\/wp\/v2\/users\/10"}],"replies":[{"embeddable":true,"href":"https:\/\/www.bbmnoticias.com\/labravaradiofm\/wp-json\/wp\/v2\/comments?post=2010"}],"version-history":[{"count":0,"href":"https:\/\/www.bbmnoticias.com\/labravaradiofm\/wp-json\/wp\/v2\/posts\/2010\/revisions"}],"wp:featuredmedia":[{"embeddable":true,"href":"https:\/\/www.bbmnoticias.com\/labravaradiofm\/wp-json\/wp\/v2\/media\/2011"}],"wp:attachment":[{"href":"https:\/\/www.bbmnoticias.com\/labravaradiofm\/wp-json\/wp\/v2\/media?parent=2010"}],"wp:term":[{"taxonomy":"category","embeddable":true,"href":"https:\/\/www.bbmnoticias.com\/labravaradiofm\/wp-json\/wp\/v2\/categories?post=2010"},{"taxonomy":"post_tag","embeddable":true,"href":"https:\/\/www.bbmnoticias.com\/labravaradiofm\/wp-json\/wp\/v2\/tags?post=2010"}],"curies":[{"name":"wp","href":"https:\/\/api.w.org\/{rel}","templated":true}]}}