{"id":20063,"date":"2022-11-01T15:35:17","date_gmt":"2022-11-01T21:35:17","guid":{"rendered":"https:\/\/www.bbmnoticias.com\/labravaradiofm\/?p=20063"},"modified":"2022-11-02T08:54:00","modified_gmt":"2022-11-02T14:54:00","slug":"la-autopista-oaxaca-a-la-costa-no-se-inaugurara-en-esta-administracion-san-vicente-coatlan-no-cede","status":"publish","type":"post","link":"https:\/\/www.bbmnoticias.com\/labravaradiofm\/2022\/11\/01\/la-autopista-oaxaca-a-la-costa-no-se-inaugurara-en-esta-administracion-san-vicente-coatlan-no-cede\/","title":{"rendered":"La autopista Oaxaca a la Costa no se inaugurar\u00e1 en esta administraci\u00f3n, San Vicente Coatl\u00e1n no cede"},"content":{"rendered":"<div style=\"margin-top: 0px; margin-bottom: 0px;\" class=\"sharethis-inline-share-buttons\" ><\/div>\n<p>Es de se\u00f1alar quien tambi\u00e9n podr\u00eda dejar este pendiente es el presidente, Andr\u00e9s Manuel L\u00f3pez Obrador, quien tambi\u00e9n se comprometi\u00f3 que antes de que concluya su administraci\u00f3n terminar\u00eda la autopista y a cuatro a\u00f1os no lo ha logrado.<\/p>\n\n\n\n<p>Por el momento, los trabajos de lo que ser\u00e1 la moderna autopista se encuentran totalmente suspendidos al estar bloqueado el tramo jurisdiccional del municipio de San Vicente Coatl\u00e1n del distrito de Ejutla de Crespo.<\/p>\n\n\n\n<p>Los comuneros se\u00f1alan que se sienten enga\u00f1ados por los gobiernos federal y estatal, que nuevamente les salieron con falsas promesas de iniciar desde el pasado mes de agosto con un conjunto de obras de infraestructura social, por eso, en asamblea comunitaria, los habitantes de San Vicente Coatl\u00e1n determinaron suspender indefinidamente los trabajos de la autopista Barranca Larga-Ventanilla.<\/p>\n\n\n\n<p>Los comuneros y la poblaci\u00f3n en general, con sus autoridades municipales que encabeza Dominguito Antonio Antonio, colocaron en los accesos a la zona en construcci\u00f3n, toneladas de tierra, rocas y zanjas para bloquear el paso a todo tipo de veh\u00edculos y el paso a toda persona en la zona.<\/p>\n\n\n\n<p>De \u00e9sta manera, la comunidad oblig\u00f3 a la empresa constructora a retirar del lugar parte de la maquinaria pesada, veh\u00edculos, material de construcci\u00f3n y herramientas, paralizando totalmente los trabajos en los casi 17 kil\u00f3metros de lo que ser\u00e1 la autopista m\u00e1s moderna del sureste del Pa\u00eds que interconectar\u00e1 a la Costa oaxaque\u00f1a con el resto de la Rep\u00fablica.<\/p>\n\n\n\n<p>A pesar de las reiteradas visitas del propio presidente L\u00f3pez Obrador a la zona en conflicto, en las agencias municipales de Sola de Vega ofreci\u00f3 millonarias indemnizaciones a los 70 desplazados de las agencias San Jos\u00e9 Obrero Paso Ancho, El Pescadito y Rancho Viejo y estos han aceptado, aunque el mismo gobierno federal ha frenado la entrega de estos apoyos, echando abajo la posible soluci\u00f3n a este a\u00f1ejo conflicto agrario y social.<\/p>\n\n\n\n<p>Por su parte, San Vicente Coatl\u00e1n no acepta perder el juicio agrario por 19, 600 hect\u00e1reas que el Tribunal Unitario Agrario fall\u00f3 a favor de Sola de Vega y su principal exigencia es la de recuperar al menos el 50% de la superficie que ganaron en el juicio sus vecinos soltecos, adem\u00e1s de otras obras de infraestructura social.<\/p>\n\n\n\n<p><\/p>\n","protected":false},"excerpt":{"rendered":"<p>Es de se\u00f1alar quien tambi\u00e9n podr\u00eda dejar este pendiente es el presidente, Andr\u00e9s Manuel L\u00f3pez Obrador, quien tambi\u00e9n se comprometi\u00f3 que antes de que concluya su administraci\u00f3n terminar\u00eda la autopista y a cuatro a\u00f1os no lo ha logrado. Por el momento, los trabajos de lo que ser\u00e1 la moderna autopista se encuentran totalmente suspendidos al [&hellip;]<\/p>\n","protected":false},"author":7,"featured_media":20064,"comment_status":"closed","ping_status":"closed","sticky":false,"template":"","format":"standard","meta":{"footnotes":""},"categories":[2],"tags":[],"class_list":{"0":"post-20063","1":"post","2":"type-post","3":"status-publish","4":"format-standard","5":"has-post-thumbnail","7":"category-oaxaca"},"yoast_head":"<!-- This site is optimized with the Yoast SEO plugin v27.4 - https:\/\/yoast.com\/product\/yoast-seo-wordpress\/ -->\n<title>La autopista Oaxaca a la Costa no se inaugurar\u00e1 en esta administraci\u00f3n, San Vicente Coatl\u00e1n no cede - LA BRAVA RADIO<\/title>\n<meta name=\"robots\" content=\"index, follow, max-snippet:-1, max-image-preview:large, max-video-preview:-1\" \/>\n<link rel=\"canonical\" href=\"https:\/\/www.bbmnoticias.com\/labravaradiofm\/2022\/11\/01\/la-autopista-oaxaca-a-la-costa-no-se-inaugurara-en-esta-administracion-san-vicente-coatlan-no-cede\/\" \/>\n<meta property=\"og:locale\" content=\"es_MX\" \/>\n<meta property=\"og:type\" content=\"article\" \/>\n<meta property=\"og:title\" content=\"La autopista Oaxaca a la Costa no se inaugurar\u00e1 en esta administraci\u00f3n, San Vicente Coatl\u00e1n no cede - LA BRAVA RADIO\" \/>\n<meta property=\"og:description\" content=\"Es de se\u00f1alar quien tambi\u00e9n podr\u00eda dejar este pendiente es el presidente, Andr\u00e9s Manuel L\u00f3pez Obrador, quien tambi\u00e9n se comprometi\u00f3 que antes de que concluya su administraci\u00f3n terminar\u00eda la autopista y a cuatro a\u00f1os no lo ha logrado. Por el momento, los trabajos de lo que ser\u00e1 la moderna autopista se encuentran totalmente suspendidos al [&hellip;]\" \/>\n<meta property=\"og:url\" content=\"https:\/\/www.bbmnoticias.com\/labravaradiofm\/2022\/11\/01\/la-autopista-oaxaca-a-la-costa-no-se-inaugurara-en-esta-administracion-san-vicente-coatlan-no-cede\/\" \/>\n<meta property=\"og:site_name\" content=\"LA BRAVA RADIO\" \/>\n<meta property=\"article:published_time\" content=\"2022-11-01T21:35:17+00:00\" \/>\n<meta property=\"article:modified_time\" content=\"2022-11-02T14:54:00+00:00\" \/>\n<meta property=\"og:image\" content=\"https:\/\/www.bbmnoticias.com\/labravaradiofm\/wp-content\/uploads\/sites\/5\/2022\/11\/supercarretera-coatlan.jpg\" \/>\n\t<meta property=\"og:image:width\" content=\"640\" \/>\n\t<meta property=\"og:image:height\" content=\"427\" \/>\n\t<meta property=\"og:image:type\" content=\"image\/jpeg\" \/>\n<meta name=\"author\" content=\"Cuarta Plana\" \/>\n<meta name=\"twitter:card\" content=\"summary_large_image\" \/>\n<meta name=\"twitter:label1\" content=\"Escrito por\" \/>\n\t<meta name=\"twitter:data1\" content=\"Cuarta Plana\" \/>\n\t<meta name=\"twitter:label2\" content=\"Tiempo de lectura\" \/>\n\t<meta name=\"twitter:data2\" content=\"2 minutos\" \/>\n<script type=\"application\/ld+json\" class=\"yoast-schema-graph\">{\"@context\":\"https:\\\/\\\/schema.org\",\"@graph\":[{\"@type\":\"Article\",\"@id\":\"https:\\\/\\\/www.bbmnoticias.com\\\/labravaradiofm\\\/2022\\\/11\\\/01\\\/la-autopista-oaxaca-a-la-costa-no-se-inaugurara-en-esta-administracion-san-vicente-coatlan-no-cede\\\/#article\",\"isPartOf\":{\"@id\":\"https:\\\/\\\/www.bbmnoticias.com\\\/labravaradiofm\\\/2022\\\/11\\\/01\\\/la-autopista-oaxaca-a-la-costa-no-se-inaugurara-en-esta-administracion-san-vicente-coatlan-no-cede\\\/\"},\"author\":{\"name\":\"Cuarta Plana\",\"@id\":\"https:\\\/\\\/www.bbmnoticias.com\\\/labravaradiofm\\\/#\\\/schema\\\/person\\\/06701593a16bd7e2ef8a61c905892f7b\"},\"headline\":\"La autopista Oaxaca a la Costa no se inaugurar\u00e1 en esta administraci\u00f3n, San Vicente Coatl\u00e1n no cede\",\"datePublished\":\"2022-11-01T21:35:17+00:00\",\"dateModified\":\"2022-11-02T14:54:00+00:00\",\"mainEntityOfPage\":{\"@id\":\"https:\\\/\\\/www.bbmnoticias.com\\\/labravaradiofm\\\/2022\\\/11\\\/01\\\/la-autopista-oaxaca-a-la-costa-no-se-inaugurara-en-esta-administracion-san-vicente-coatlan-no-cede\\\/\"},\"wordCount\":409,\"image\":{\"@id\":\"https:\\\/\\\/www.bbmnoticias.com\\\/labravaradiofm\\\/2022\\\/11\\\/01\\\/la-autopista-oaxaca-a-la-costa-no-se-inaugurara-en-esta-administracion-san-vicente-coatlan-no-cede\\\/#primaryimage\"},\"thumbnailUrl\":\"https:\\\/\\\/www.bbmnoticias.com\\\/labravaradiofm\\\/wp-content\\\/uploads\\\/sites\\\/5\\\/2022\\\/11\\\/supercarretera-coatlan.jpg\",\"articleSection\":[\"LOCAL\"],\"inLanguage\":\"es\"},{\"@type\":\"WebPage\",\"@id\":\"https:\\\/\\\/www.bbmnoticias.com\\\/labravaradiofm\\\/2022\\\/11\\\/01\\\/la-autopista-oaxaca-a-la-costa-no-se-inaugurara-en-esta-administracion-san-vicente-coatlan-no-cede\\\/\",\"url\":\"https:\\\/\\\/www.bbmnoticias.com\\\/labravaradiofm\\\/2022\\\/11\\\/01\\\/la-autopista-oaxaca-a-la-costa-no-se-inaugurara-en-esta-administracion-san-vicente-coatlan-no-cede\\\/\",\"name\":\"La autopista Oaxaca a la Costa no se inaugurar\u00e1 en esta administraci\u00f3n, San Vicente Coatl\u00e1n no cede - LA BRAVA RADIO\",\"isPartOf\":{\"@id\":\"https:\\\/\\\/www.bbmnoticias.com\\\/labravaradiofm\\\/#website\"},\"primaryImageOfPage\":{\"@id\":\"https:\\\/\\\/www.bbmnoticias.com\\\/labravaradiofm\\\/2022\\\/11\\\/01\\\/la-autopista-oaxaca-a-la-costa-no-se-inaugurara-en-esta-administracion-san-vicente-coatlan-no-cede\\\/#primaryimage\"},\"image\":{\"@id\":\"https:\\\/\\\/www.bbmnoticias.com\\\/labravaradiofm\\\/2022\\\/11\\\/01\\\/la-autopista-oaxaca-a-la-costa-no-se-inaugurara-en-esta-administracion-san-vicente-coatlan-no-cede\\\/#primaryimage\"},\"thumbnailUrl\":\"https:\\\/\\\/www.bbmnoticias.com\\\/labravaradiofm\\\/wp-content\\\/uploads\\\/sites\\\/5\\\/2022\\\/11\\\/supercarretera-coatlan.jpg\",\"datePublished\":\"2022-11-01T21:35:17+00:00\",\"dateModified\":\"2022-11-02T14:54:00+00:00\",\"author\":{\"@id\":\"https:\\\/\\\/www.bbmnoticias.com\\\/labravaradiofm\\\/#\\\/schema\\\/person\\\/06701593a16bd7e2ef8a61c905892f7b\"},\"breadcrumb\":{\"@id\":\"https:\\\/\\\/www.bbmnoticias.com\\\/labravaradiofm\\\/2022\\\/11\\\/01\\\/la-autopista-oaxaca-a-la-costa-no-se-inaugurara-en-esta-administracion-san-vicente-coatlan-no-cede\\\/#breadcrumb\"},\"inLanguage\":\"es\",\"potentialAction\":[{\"@type\":\"ReadAction\",\"target\":[\"https:\\\/\\\/www.bbmnoticias.com\\\/labravaradiofm\\\/2022\\\/11\\\/01\\\/la-autopista-oaxaca-a-la-costa-no-se-inaugurara-en-esta-administracion-san-vicente-coatlan-no-cede\\\/\"]}]},{\"@type\":\"ImageObject\",\"inLanguage\":\"es\",\"@id\":\"https:\\\/\\\/www.bbmnoticias.com\\\/labravaradiofm\\\/2022\\\/11\\\/01\\\/la-autopista-oaxaca-a-la-costa-no-se-inaugurara-en-esta-administracion-san-vicente-coatlan-no-cede\\\/#primaryimage\",\"url\":\"https:\\\/\\\/www.bbmnoticias.com\\\/labravaradiofm\\\/wp-content\\\/uploads\\\/sites\\\/5\\\/2022\\\/11\\\/supercarretera-coatlan.jpg\",\"contentUrl\":\"https:\\\/\\\/www.bbmnoticias.com\\\/labravaradiofm\\\/wp-content\\\/uploads\\\/sites\\\/5\\\/2022\\\/11\\\/supercarretera-coatlan.jpg\",\"width\":640,\"height\":427},{\"@type\":\"BreadcrumbList\",\"@id\":\"https:\\\/\\\/www.bbmnoticias.com\\\/labravaradiofm\\\/2022\\\/11\\\/01\\\/la-autopista-oaxaca-a-la-costa-no-se-inaugurara-en-esta-administracion-san-vicente-coatlan-no-cede\\\/#breadcrumb\",\"itemListElement\":[{\"@type\":\"ListItem\",\"position\":1,\"name\":\"Inicio\",\"item\":\"https:\\\/\\\/www.bbmnoticias.com\\\/labravaradiofm\\\/\"},{\"@type\":\"ListItem\",\"position\":2,\"name\":\"La autopista Oaxaca a la Costa no se inaugurar\u00e1 en esta administraci\u00f3n, San Vicente Coatl\u00e1n no cede\"}]},{\"@type\":\"WebSite\",\"@id\":\"https:\\\/\\\/www.bbmnoticias.com\\\/labravaradiofm\\\/#website\",\"url\":\"https:\\\/\\\/www.bbmnoticias.com\\\/labravaradiofm\\\/\",\"name\":\"LA BRAVA RADIO\",\"description\":\"Empresa productora de medios, Radiodifusi\u00f3n, Noticias, tendencias y todo lo que necesitas saber de la pol\u00edtica mexicana e internacional; entretenimiento, espect\u00e1culos, salud y mucho m\u00e1s.\",\"potentialAction\":[{\"@type\":\"SearchAction\",\"target\":{\"@type\":\"EntryPoint\",\"urlTemplate\":\"https:\\\/\\\/www.bbmnoticias.com\\\/labravaradiofm\\\/?s={search_term_string}\"},\"query-input\":{\"@type\":\"PropertyValueSpecification\",\"valueRequired\":true,\"valueName\":\"search_term_string\"}}],\"inLanguage\":\"es\"},{\"@type\":\"Person\",\"@id\":\"https:\\\/\\\/www.bbmnoticias.com\\\/labravaradiofm\\\/#\\\/schema\\\/person\\\/06701593a16bd7e2ef8a61c905892f7b\",\"name\":\"Cuarta Plana\",\"image\":{\"@type\":\"ImageObject\",\"inLanguage\":\"es\",\"@id\":\"https:\\\/\\\/secure.gravatar.com\\\/avatar\\\/569aeac3582b4864a79ffcd8468ada657f9c0cbf68c06542116f60dfa8c3c2d7?s=96&d=mm&r=g\",\"url\":\"https:\\\/\\\/secure.gravatar.com\\\/avatar\\\/569aeac3582b4864a79ffcd8468ada657f9c0cbf68c06542116f60dfa8c3c2d7?s=96&d=mm&r=g\",\"contentUrl\":\"https:\\\/\\\/secure.gravatar.com\\\/avatar\\\/569aeac3582b4864a79ffcd8468ada657f9c0cbf68c06542116f60dfa8c3c2d7?s=96&d=mm&r=g\",\"caption\":\"Cuarta Plana\"},\"url\":\"https:\\\/\\\/www.bbmnoticias.com\\\/labravaradiofm\\\/author\\\/cuartaplana\\\/\"}]}<\/script>\n<!-- \/ Yoast SEO plugin. -->","yoast_head_json":{"title":"La autopista Oaxaca a la Costa no se inaugurar\u00e1 en esta administraci\u00f3n, San Vicente Coatl\u00e1n no cede - LA BRAVA RADIO","robots":{"index":"index","follow":"follow","max-snippet":"max-snippet:-1","max-image-preview":"max-image-preview:large","max-video-preview":"max-video-preview:-1"},"canonical":"https:\/\/www.bbmnoticias.com\/labravaradiofm\/2022\/11\/01\/la-autopista-oaxaca-a-la-costa-no-se-inaugurara-en-esta-administracion-san-vicente-coatlan-no-cede\/","og_locale":"es_MX","og_type":"article","og_title":"La autopista Oaxaca a la Costa no se inaugurar\u00e1 en esta administraci\u00f3n, San Vicente Coatl\u00e1n no cede - LA BRAVA RADIO","og_description":"Es de se\u00f1alar quien tambi\u00e9n podr\u00eda dejar este pendiente es el presidente, Andr\u00e9s Manuel L\u00f3pez Obrador, quien tambi\u00e9n se comprometi\u00f3 que antes de que concluya su administraci\u00f3n terminar\u00eda la autopista y a cuatro a\u00f1os no lo ha logrado. Por el momento, los trabajos de lo que ser\u00e1 la moderna autopista se encuentran totalmente suspendidos al [&hellip;]","og_url":"https:\/\/www.bbmnoticias.com\/labravaradiofm\/2022\/11\/01\/la-autopista-oaxaca-a-la-costa-no-se-inaugurara-en-esta-administracion-san-vicente-coatlan-no-cede\/","og_site_name":"LA BRAVA RADIO","article_published_time":"2022-11-01T21:35:17+00:00","article_modified_time":"2022-11-02T14:54:00+00:00","og_image":[{"width":640,"height":427,"url":"https:\/\/www.bbmnoticias.com\/labravaradiofm\/wp-content\/uploads\/sites\/5\/2022\/11\/supercarretera-coatlan.jpg","type":"image\/jpeg"}],"author":"Cuarta Plana","twitter_card":"summary_large_image","twitter_misc":{"Escrito por":"Cuarta Plana","Tiempo de lectura":"2 minutos"},"schema":{"@context":"https:\/\/schema.org","@graph":[{"@type":"Article","@id":"https:\/\/www.bbmnoticias.com\/labravaradiofm\/2022\/11\/01\/la-autopista-oaxaca-a-la-costa-no-se-inaugurara-en-esta-administracion-san-vicente-coatlan-no-cede\/#article","isPartOf":{"@id":"https:\/\/www.bbmnoticias.com\/labravaradiofm\/2022\/11\/01\/la-autopista-oaxaca-a-la-costa-no-se-inaugurara-en-esta-administracion-san-vicente-coatlan-no-cede\/"},"author":{"name":"Cuarta Plana","@id":"https:\/\/www.bbmnoticias.com\/labravaradiofm\/#\/schema\/person\/06701593a16bd7e2ef8a61c905892f7b"},"headline":"La autopista Oaxaca a la Costa no se inaugurar\u00e1 en esta administraci\u00f3n, San Vicente Coatl\u00e1n no cede","datePublished":"2022-11-01T21:35:17+00:00","dateModified":"2022-11-02T14:54:00+00:00","mainEntityOfPage":{"@id":"https:\/\/www.bbmnoticias.com\/labravaradiofm\/2022\/11\/01\/la-autopista-oaxaca-a-la-costa-no-se-inaugurara-en-esta-administracion-san-vicente-coatlan-no-cede\/"},"wordCount":409,"image":{"@id":"https:\/\/www.bbmnoticias.com\/labravaradiofm\/2022\/11\/01\/la-autopista-oaxaca-a-la-costa-no-se-inaugurara-en-esta-administracion-san-vicente-coatlan-no-cede\/#primaryimage"},"thumbnailUrl":"https:\/\/www.bbmnoticias.com\/labravaradiofm\/wp-content\/uploads\/sites\/5\/2022\/11\/supercarretera-coatlan.jpg","articleSection":["LOCAL"],"inLanguage":"es"},{"@type":"WebPage","@id":"https:\/\/www.bbmnoticias.com\/labravaradiofm\/2022\/11\/01\/la-autopista-oaxaca-a-la-costa-no-se-inaugurara-en-esta-administracion-san-vicente-coatlan-no-cede\/","url":"https:\/\/www.bbmnoticias.com\/labravaradiofm\/2022\/11\/01\/la-autopista-oaxaca-a-la-costa-no-se-inaugurara-en-esta-administracion-san-vicente-coatlan-no-cede\/","name":"La autopista Oaxaca a la Costa no se inaugurar\u00e1 en esta administraci\u00f3n, San Vicente Coatl\u00e1n no cede - LA BRAVA RADIO","isPartOf":{"@id":"https:\/\/www.bbmnoticias.com\/labravaradiofm\/#website"},"primaryImageOfPage":{"@id":"https:\/\/www.bbmnoticias.com\/labravaradiofm\/2022\/11\/01\/la-autopista-oaxaca-a-la-costa-no-se-inaugurara-en-esta-administracion-san-vicente-coatlan-no-cede\/#primaryimage"},"image":{"@id":"https:\/\/www.bbmnoticias.com\/labravaradiofm\/2022\/11\/01\/la-autopista-oaxaca-a-la-costa-no-se-inaugurara-en-esta-administracion-san-vicente-coatlan-no-cede\/#primaryimage"},"thumbnailUrl":"https:\/\/www.bbmnoticias.com\/labravaradiofm\/wp-content\/uploads\/sites\/5\/2022\/11\/supercarretera-coatlan.jpg","datePublished":"2022-11-01T21:35:17+00:00","dateModified":"2022-11-02T14:54:00+00:00","author":{"@id":"https:\/\/www.bbmnoticias.com\/labravaradiofm\/#\/schema\/person\/06701593a16bd7e2ef8a61c905892f7b"},"breadcrumb":{"@id":"https:\/\/www.bbmnoticias.com\/labravaradiofm\/2022\/11\/01\/la-autopista-oaxaca-a-la-costa-no-se-inaugurara-en-esta-administracion-san-vicente-coatlan-no-cede\/#breadcrumb"},"inLanguage":"es","potentialAction":[{"@type":"ReadAction","target":["https:\/\/www.bbmnoticias.com\/labravaradiofm\/2022\/11\/01\/la-autopista-oaxaca-a-la-costa-no-se-inaugurara-en-esta-administracion-san-vicente-coatlan-no-cede\/"]}]},{"@type":"ImageObject","inLanguage":"es","@id":"https:\/\/www.bbmnoticias.com\/labravaradiofm\/2022\/11\/01\/la-autopista-oaxaca-a-la-costa-no-se-inaugurara-en-esta-administracion-san-vicente-coatlan-no-cede\/#primaryimage","url":"https:\/\/www.bbmnoticias.com\/labravaradiofm\/wp-content\/uploads\/sites\/5\/2022\/11\/supercarretera-coatlan.jpg","contentUrl":"https:\/\/www.bbmnoticias.com\/labravaradiofm\/wp-content\/uploads\/sites\/5\/2022\/11\/supercarretera-coatlan.jpg","width":640,"height":427},{"@type":"BreadcrumbList","@id":"https:\/\/www.bbmnoticias.com\/labravaradiofm\/2022\/11\/01\/la-autopista-oaxaca-a-la-costa-no-se-inaugurara-en-esta-administracion-san-vicente-coatlan-no-cede\/#breadcrumb","itemListElement":[{"@type":"ListItem","position":1,"name":"Inicio","item":"https:\/\/www.bbmnoticias.com\/labravaradiofm\/"},{"@type":"ListItem","position":2,"name":"La autopista Oaxaca a la Costa no se inaugurar\u00e1 en esta administraci\u00f3n, San Vicente Coatl\u00e1n no cede"}]},{"@type":"WebSite","@id":"https:\/\/www.bbmnoticias.com\/labravaradiofm\/#website","url":"https:\/\/www.bbmnoticias.com\/labravaradiofm\/","name":"LA BRAVA RADIO","description":"Empresa productora de medios, Radiodifusi\u00f3n, Noticias, tendencias y todo lo que necesitas saber de la pol\u00edtica mexicana e internacional; entretenimiento, espect\u00e1culos, salud y mucho m\u00e1s.","potentialAction":[{"@type":"SearchAction","target":{"@type":"EntryPoint","urlTemplate":"https:\/\/www.bbmnoticias.com\/labravaradiofm\/?s={search_term_string}"},"query-input":{"@type":"PropertyValueSpecification","valueRequired":true,"valueName":"search_term_string"}}],"inLanguage":"es"},{"@type":"Person","@id":"https:\/\/www.bbmnoticias.com\/labravaradiofm\/#\/schema\/person\/06701593a16bd7e2ef8a61c905892f7b","name":"Cuarta Plana","image":{"@type":"ImageObject","inLanguage":"es","@id":"https:\/\/secure.gravatar.com\/avatar\/569aeac3582b4864a79ffcd8468ada657f9c0cbf68c06542116f60dfa8c3c2d7?s=96&d=mm&r=g","url":"https:\/\/secure.gravatar.com\/avatar\/569aeac3582b4864a79ffcd8468ada657f9c0cbf68c06542116f60dfa8c3c2d7?s=96&d=mm&r=g","contentUrl":"https:\/\/secure.gravatar.com\/avatar\/569aeac3582b4864a79ffcd8468ada657f9c0cbf68c06542116f60dfa8c3c2d7?s=96&d=mm&r=g","caption":"Cuarta Plana"},"url":"https:\/\/www.bbmnoticias.com\/labravaradiofm\/author\/cuartaplana\/"}]}},"_links":{"self":[{"href":"https:\/\/www.bbmnoticias.com\/labravaradiofm\/wp-json\/wp\/v2\/posts\/20063","targetHints":{"allow":["GET"]}}],"collection":[{"href":"https:\/\/www.bbmnoticias.com\/labravaradiofm\/wp-json\/wp\/v2\/posts"}],"about":[{"href":"https:\/\/www.bbmnoticias.com\/labravaradiofm\/wp-json\/wp\/v2\/types\/post"}],"author":[{"embeddable":true,"href":"https:\/\/www.bbmnoticias.com\/labravaradiofm\/wp-json\/wp\/v2\/users\/7"}],"replies":[{"embeddable":true,"href":"https:\/\/www.bbmnoticias.com\/labravaradiofm\/wp-json\/wp\/v2\/comments?post=20063"}],"version-history":[{"count":0,"href":"https:\/\/www.bbmnoticias.com\/labravaradiofm\/wp-json\/wp\/v2\/posts\/20063\/revisions"}],"wp:featuredmedia":[{"embeddable":true,"href":"https:\/\/www.bbmnoticias.com\/labravaradiofm\/wp-json\/wp\/v2\/media\/20064"}],"wp:attachment":[{"href":"https:\/\/www.bbmnoticias.com\/labravaradiofm\/wp-json\/wp\/v2\/media?parent=20063"}],"wp:term":[{"taxonomy":"category","embeddable":true,"href":"https:\/\/www.bbmnoticias.com\/labravaradiofm\/wp-json\/wp\/v2\/categories?post=20063"},{"taxonomy":"post_tag","embeddable":true,"href":"https:\/\/www.bbmnoticias.com\/labravaradiofm\/wp-json\/wp\/v2\/tags?post=20063"}],"curies":[{"name":"wp","href":"https:\/\/api.w.org\/{rel}","templated":true}]}}