{"id":20060,"date":"2022-11-01T14:04:36","date_gmt":"2022-11-01T20:04:36","guid":{"rendered":"https:\/\/www.bbmnoticias.com\/labravaradiofm\/?p=20060"},"modified":"2022-11-01T15:35:48","modified_gmt":"2022-11-01T21:35:48","slug":"quitan-urbaneros-bloqueos-ante-advertencia-de-quema-de-autobuses","status":"publish","type":"post","link":"https:\/\/www.bbmnoticias.com\/labravaradiofm\/2022\/11\/01\/quitan-urbaneros-bloqueos-ante-advertencia-de-quema-de-autobuses\/","title":{"rendered":"Quitan urbaneros bloqueos ante advertencia de quema de autobuses"},"content":{"rendered":"<div style=\"margin-top: 0px; margin-bottom: 0px;\" class=\"sharethis-inline-share-buttons\" ><\/div>\n<p>OAXACA, Oax. 1 de noviembre de 2022.- La advertencia de que un grupo de personas quemar\u00eda los camiones con los que estaban bloqueando permiti\u00f3 que se reanudara el servicio.<\/p>\n\n\n\n<p>Sin embargo, la tarifa que cobrar\u00e1n ser\u00e1 de 10 pesos.<\/p>\n\n\n\n<p>Los empresarios de transporte hicieron presi\u00f3n con el bloqueo en la mayor\u00eda de los cruceros de la ciudad.<\/p>\n\n\n\n<p>Esto gener\u00f3 tambi\u00e9n que el gobierno de Oaxaca los llamara a una mesa de negociaci\u00f3n.<\/p>\n\n\n\n<p>Seg\u00fan un representante de Tucdosa, la Secretar\u00eda General de Gobierno hab\u00eda comprometido que har\u00eda oficial el anuncio del incremento.<\/p>\n\n\n\n<p>\u00abNo fue un incremento arbitrario como dicen o unilateral, el gobierno sab\u00eda de nuestra petici\u00f3n y la acept\u00f3, que ahora ya no est\u00e9n de acuerdo es otra cosa\u00bb, expres\u00f3 un concesionario.<\/p>\n\n\n\n<figure class=\"wp-block-embed is-type-rich is-provider-twitter wp-block-embed-twitter\"><div class=\"wp-block-embed__wrapper\">\n<blockquote class=\"twitter-tweet\" data-width=\"550\" data-dnt=\"true\"><p lang=\"es\" dir=\"ltr\">RETIRAN BLOQUEO<br><br>Despu\u00e9s de cerrar por unos minutos la ciudad, transportistas deciden retirar las unidades y desbloquear. <a href=\"https:\/\/twitter.com\/hashtag\/Oaxaca?src=hash&amp;ref_src=twsrc%5Etfw\">#Oaxaca<\/a> <a href=\"https:\/\/twitter.com\/hashtag\/DiaDeTodosLosSantos?src=hash&amp;ref_src=twsrc%5Etfw\">#DiaDeTodosLosSantos<\/a> <a href=\"https:\/\/twitter.com\/hashtag\/DiaDeMuertos?src=hash&amp;ref_src=twsrc%5Etfw\">#DiaDeMuertos<\/a> <a href=\"https:\/\/t.co\/LLuRJRjEgJ\">pic.twitter.com\/LLuRJRjEgJ<\/a><\/p>&mdash; GPSnoticias (@GPS_noticias) <a href=\"https:\/\/twitter.com\/GPS_noticias\/status\/1587530892897128450?ref_src=twsrc%5Etfw\">November 1, 2022<\/a><\/blockquote><script async src=\"https:\/\/platform.twitter.com\/widgets.js\" charset=\"utf-8\"><\/script>\n<\/div><\/figure>\n\n\n\n<p>La tarifa en Oaxaca durante el sexenio del saliente Alejandro Murat ha sido de ocho pesos. Ahora, el cobro a los usuarios de transporte es de 10 pesos.<\/p>\n\n\n\n<p>La situaci\u00f3n es tensa, toda vez que los conductores se confrontan con los usuarios, la mayor\u00eda que ha pagado la nueva tarifa.<br>El incremento se da a un mes de que haya un relevo en el gobierno, y seg\u00fan el empresario consultado, el inter\u00e9s es que para cuando se de la toma de protesta, la negociaci\u00f3n del incremento est\u00e9 superada.<\/p>\n\n\n\n<p>Por lo pronto, en la ciudad de Oaxaca reanudaron el servicio pero con la tarifa de 10 pesos, que para el gobierno de Oaxaca, sigue sin estar autorizada.<\/p>\n","protected":false},"excerpt":{"rendered":"<p>OAXACA, Oax. 1 de noviembre de 2022.- La advertencia de que un grupo de personas quemar\u00eda los camiones con los que estaban bloqueando permiti\u00f3 que se reanudara el servicio. Sin embargo, la tarifa que cobrar\u00e1n ser\u00e1 de 10 pesos. Los empresarios de transporte hicieron presi\u00f3n con el bloqueo en la mayor\u00eda de los cruceros de [&hellip;]<\/p>\n","protected":false},"author":5,"featured_media":20061,"comment_status":"closed","ping_status":"closed","sticky":false,"template":"","format":"standard","meta":{"footnotes":""},"categories":[2],"tags":[],"class_list":{"0":"post-20060","1":"post","2":"type-post","3":"status-publish","4":"format-standard","5":"has-post-thumbnail","7":"category-oaxaca"},"yoast_head":"<!-- This site is optimized with the Yoast SEO plugin v27.4 - https:\/\/yoast.com\/product\/yoast-seo-wordpress\/ -->\n<title>Quitan urbaneros bloqueos ante advertencia de quema de autobuses - LA BRAVA RADIO<\/title>\n<meta name=\"robots\" content=\"index, follow, max-snippet:-1, max-image-preview:large, max-video-preview:-1\" \/>\n<link rel=\"canonical\" href=\"https:\/\/www.bbmnoticias.com\/labravaradiofm\/2022\/11\/01\/quitan-urbaneros-bloqueos-ante-advertencia-de-quema-de-autobuses\/\" \/>\n<meta property=\"og:locale\" content=\"es_MX\" \/>\n<meta property=\"og:type\" content=\"article\" \/>\n<meta property=\"og:title\" content=\"Quitan urbaneros bloqueos ante advertencia de quema de autobuses - LA BRAVA RADIO\" \/>\n<meta property=\"og:description\" content=\"OAXACA, Oax. 1 de noviembre de 2022.- La advertencia de que un grupo de personas quemar\u00eda los camiones con los que estaban bloqueando permiti\u00f3 que se reanudara el servicio. Sin embargo, la tarifa que cobrar\u00e1n ser\u00e1 de 10 pesos. Los empresarios de transporte hicieron presi\u00f3n con el bloqueo en la mayor\u00eda de los cruceros de [&hellip;]\" \/>\n<meta property=\"og:url\" content=\"https:\/\/www.bbmnoticias.com\/labravaradiofm\/2022\/11\/01\/quitan-urbaneros-bloqueos-ante-advertencia-de-quema-de-autobuses\/\" \/>\n<meta property=\"og:site_name\" content=\"LA BRAVA RADIO\" \/>\n<meta property=\"article:published_time\" content=\"2022-11-01T20:04:36+00:00\" \/>\n<meta property=\"article:modified_time\" content=\"2022-11-01T21:35:48+00:00\" \/>\n<meta property=\"og:image\" content=\"https:\/\/www.bbmnoticias.com\/labravaradiofm\/wp-content\/uploads\/sites\/5\/2022\/11\/bloqueo-oaxaca.jpg\" \/>\n\t<meta property=\"og:image:width\" content=\"1599\" \/>\n\t<meta property=\"og:image:height\" content=\"899\" \/>\n\t<meta property=\"og:image:type\" content=\"image\/jpeg\" \/>\n<meta name=\"author\" content=\"Quadratin\" \/>\n<meta name=\"twitter:card\" content=\"summary_large_image\" \/>\n<meta name=\"twitter:label1\" content=\"Escrito por\" \/>\n\t<meta name=\"twitter:data1\" content=\"Quadratin\" \/>\n\t<meta name=\"twitter:label2\" content=\"Tiempo de lectura\" \/>\n\t<meta name=\"twitter:data2\" content=\"1 minuto\" \/>\n<script type=\"application\/ld+json\" class=\"yoast-schema-graph\">{\"@context\":\"https:\\\/\\\/schema.org\",\"@graph\":[{\"@type\":\"Article\",\"@id\":\"https:\\\/\\\/www.bbmnoticias.com\\\/labravaradiofm\\\/2022\\\/11\\\/01\\\/quitan-urbaneros-bloqueos-ante-advertencia-de-quema-de-autobuses\\\/#article\",\"isPartOf\":{\"@id\":\"https:\\\/\\\/www.bbmnoticias.com\\\/labravaradiofm\\\/2022\\\/11\\\/01\\\/quitan-urbaneros-bloqueos-ante-advertencia-de-quema-de-autobuses\\\/\"},\"author\":{\"name\":\"Quadratin\",\"@id\":\"https:\\\/\\\/www.bbmnoticias.com\\\/labravaradiofm\\\/#\\\/schema\\\/person\\\/b7ad4658f4970d61499e84f6fe178160\"},\"headline\":\"Quitan urbaneros bloqueos ante advertencia de quema de autobuses\",\"datePublished\":\"2022-11-01T20:04:36+00:00\",\"dateModified\":\"2022-11-01T21:35:48+00:00\",\"mainEntityOfPage\":{\"@id\":\"https:\\\/\\\/www.bbmnoticias.com\\\/labravaradiofm\\\/2022\\\/11\\\/01\\\/quitan-urbaneros-bloqueos-ante-advertencia-de-quema-de-autobuses\\\/\"},\"wordCount\":267,\"image\":{\"@id\":\"https:\\\/\\\/www.bbmnoticias.com\\\/labravaradiofm\\\/2022\\\/11\\\/01\\\/quitan-urbaneros-bloqueos-ante-advertencia-de-quema-de-autobuses\\\/#primaryimage\"},\"thumbnailUrl\":\"https:\\\/\\\/www.bbmnoticias.com\\\/labravaradiofm\\\/wp-content\\\/uploads\\\/sites\\\/5\\\/2022\\\/11\\\/bloqueo-oaxaca.jpg\",\"articleSection\":[\"LOCAL\"],\"inLanguage\":\"es\"},{\"@type\":\"WebPage\",\"@id\":\"https:\\\/\\\/www.bbmnoticias.com\\\/labravaradiofm\\\/2022\\\/11\\\/01\\\/quitan-urbaneros-bloqueos-ante-advertencia-de-quema-de-autobuses\\\/\",\"url\":\"https:\\\/\\\/www.bbmnoticias.com\\\/labravaradiofm\\\/2022\\\/11\\\/01\\\/quitan-urbaneros-bloqueos-ante-advertencia-de-quema-de-autobuses\\\/\",\"name\":\"Quitan urbaneros bloqueos ante advertencia de quema de autobuses - LA BRAVA RADIO\",\"isPartOf\":{\"@id\":\"https:\\\/\\\/www.bbmnoticias.com\\\/labravaradiofm\\\/#website\"},\"primaryImageOfPage\":{\"@id\":\"https:\\\/\\\/www.bbmnoticias.com\\\/labravaradiofm\\\/2022\\\/11\\\/01\\\/quitan-urbaneros-bloqueos-ante-advertencia-de-quema-de-autobuses\\\/#primaryimage\"},\"image\":{\"@id\":\"https:\\\/\\\/www.bbmnoticias.com\\\/labravaradiofm\\\/2022\\\/11\\\/01\\\/quitan-urbaneros-bloqueos-ante-advertencia-de-quema-de-autobuses\\\/#primaryimage\"},\"thumbnailUrl\":\"https:\\\/\\\/www.bbmnoticias.com\\\/labravaradiofm\\\/wp-content\\\/uploads\\\/sites\\\/5\\\/2022\\\/11\\\/bloqueo-oaxaca.jpg\",\"datePublished\":\"2022-11-01T20:04:36+00:00\",\"dateModified\":\"2022-11-01T21:35:48+00:00\",\"author\":{\"@id\":\"https:\\\/\\\/www.bbmnoticias.com\\\/labravaradiofm\\\/#\\\/schema\\\/person\\\/b7ad4658f4970d61499e84f6fe178160\"},\"breadcrumb\":{\"@id\":\"https:\\\/\\\/www.bbmnoticias.com\\\/labravaradiofm\\\/2022\\\/11\\\/01\\\/quitan-urbaneros-bloqueos-ante-advertencia-de-quema-de-autobuses\\\/#breadcrumb\"},\"inLanguage\":\"es\",\"potentialAction\":[{\"@type\":\"ReadAction\",\"target\":[\"https:\\\/\\\/www.bbmnoticias.com\\\/labravaradiofm\\\/2022\\\/11\\\/01\\\/quitan-urbaneros-bloqueos-ante-advertencia-de-quema-de-autobuses\\\/\"]}]},{\"@type\":\"ImageObject\",\"inLanguage\":\"es\",\"@id\":\"https:\\\/\\\/www.bbmnoticias.com\\\/labravaradiofm\\\/2022\\\/11\\\/01\\\/quitan-urbaneros-bloqueos-ante-advertencia-de-quema-de-autobuses\\\/#primaryimage\",\"url\":\"https:\\\/\\\/www.bbmnoticias.com\\\/labravaradiofm\\\/wp-content\\\/uploads\\\/sites\\\/5\\\/2022\\\/11\\\/bloqueo-oaxaca.jpg\",\"contentUrl\":\"https:\\\/\\\/www.bbmnoticias.com\\\/labravaradiofm\\\/wp-content\\\/uploads\\\/sites\\\/5\\\/2022\\\/11\\\/bloqueo-oaxaca.jpg\",\"width\":1599,\"height\":899},{\"@type\":\"BreadcrumbList\",\"@id\":\"https:\\\/\\\/www.bbmnoticias.com\\\/labravaradiofm\\\/2022\\\/11\\\/01\\\/quitan-urbaneros-bloqueos-ante-advertencia-de-quema-de-autobuses\\\/#breadcrumb\",\"itemListElement\":[{\"@type\":\"ListItem\",\"position\":1,\"name\":\"Inicio\",\"item\":\"https:\\\/\\\/www.bbmnoticias.com\\\/labravaradiofm\\\/\"},{\"@type\":\"ListItem\",\"position\":2,\"name\":\"Quitan urbaneros bloqueos ante advertencia de quema de autobuses\"}]},{\"@type\":\"WebSite\",\"@id\":\"https:\\\/\\\/www.bbmnoticias.com\\\/labravaradiofm\\\/#website\",\"url\":\"https:\\\/\\\/www.bbmnoticias.com\\\/labravaradiofm\\\/\",\"name\":\"LA BRAVA RADIO\",\"description\":\"Empresa productora de medios, Radiodifusi\u00f3n, Noticias, tendencias y todo lo que necesitas saber de la pol\u00edtica mexicana e internacional; entretenimiento, espect\u00e1culos, salud y mucho m\u00e1s.\",\"potentialAction\":[{\"@type\":\"SearchAction\",\"target\":{\"@type\":\"EntryPoint\",\"urlTemplate\":\"https:\\\/\\\/www.bbmnoticias.com\\\/labravaradiofm\\\/?s={search_term_string}\"},\"query-input\":{\"@type\":\"PropertyValueSpecification\",\"valueRequired\":true,\"valueName\":\"search_term_string\"}}],\"inLanguage\":\"es\"},{\"@type\":\"Person\",\"@id\":\"https:\\\/\\\/www.bbmnoticias.com\\\/labravaradiofm\\\/#\\\/schema\\\/person\\\/b7ad4658f4970d61499e84f6fe178160\",\"name\":\"Quadratin\",\"image\":{\"@type\":\"ImageObject\",\"inLanguage\":\"es\",\"@id\":\"https:\\\/\\\/secure.gravatar.com\\\/avatar\\\/34008d7d72488432d6a74f81e839efc9f754b118786ca32cf39d9d5508a68f63?s=96&d=mm&r=g\",\"url\":\"https:\\\/\\\/secure.gravatar.com\\\/avatar\\\/34008d7d72488432d6a74f81e839efc9f754b118786ca32cf39d9d5508a68f63?s=96&d=mm&r=g\",\"contentUrl\":\"https:\\\/\\\/secure.gravatar.com\\\/avatar\\\/34008d7d72488432d6a74f81e839efc9f754b118786ca32cf39d9d5508a68f63?s=96&d=mm&r=g\",\"caption\":\"Quadratin\"},\"url\":\"https:\\\/\\\/www.bbmnoticias.com\\\/labravaradiofm\\\/author\\\/quadratin\\\/\"}]}<\/script>\n<!-- \/ Yoast SEO plugin. -->","yoast_head_json":{"title":"Quitan urbaneros bloqueos ante advertencia de quema de autobuses - LA BRAVA RADIO","robots":{"index":"index","follow":"follow","max-snippet":"max-snippet:-1","max-image-preview":"max-image-preview:large","max-video-preview":"max-video-preview:-1"},"canonical":"https:\/\/www.bbmnoticias.com\/labravaradiofm\/2022\/11\/01\/quitan-urbaneros-bloqueos-ante-advertencia-de-quema-de-autobuses\/","og_locale":"es_MX","og_type":"article","og_title":"Quitan urbaneros bloqueos ante advertencia de quema de autobuses - LA BRAVA RADIO","og_description":"OAXACA, Oax. 1 de noviembre de 2022.- La advertencia de que un grupo de personas quemar\u00eda los camiones con los que estaban bloqueando permiti\u00f3 que se reanudara el servicio. Sin embargo, la tarifa que cobrar\u00e1n ser\u00e1 de 10 pesos. Los empresarios de transporte hicieron presi\u00f3n con el bloqueo en la mayor\u00eda de los cruceros de [&hellip;]","og_url":"https:\/\/www.bbmnoticias.com\/labravaradiofm\/2022\/11\/01\/quitan-urbaneros-bloqueos-ante-advertencia-de-quema-de-autobuses\/","og_site_name":"LA BRAVA RADIO","article_published_time":"2022-11-01T20:04:36+00:00","article_modified_time":"2022-11-01T21:35:48+00:00","og_image":[{"width":1599,"height":899,"url":"https:\/\/www.bbmnoticias.com\/labravaradiofm\/wp-content\/uploads\/sites\/5\/2022\/11\/bloqueo-oaxaca.jpg","type":"image\/jpeg"}],"author":"Quadratin","twitter_card":"summary_large_image","twitter_misc":{"Escrito por":"Quadratin","Tiempo de lectura":"1 minuto"},"schema":{"@context":"https:\/\/schema.org","@graph":[{"@type":"Article","@id":"https:\/\/www.bbmnoticias.com\/labravaradiofm\/2022\/11\/01\/quitan-urbaneros-bloqueos-ante-advertencia-de-quema-de-autobuses\/#article","isPartOf":{"@id":"https:\/\/www.bbmnoticias.com\/labravaradiofm\/2022\/11\/01\/quitan-urbaneros-bloqueos-ante-advertencia-de-quema-de-autobuses\/"},"author":{"name":"Quadratin","@id":"https:\/\/www.bbmnoticias.com\/labravaradiofm\/#\/schema\/person\/b7ad4658f4970d61499e84f6fe178160"},"headline":"Quitan urbaneros bloqueos ante advertencia de quema de autobuses","datePublished":"2022-11-01T20:04:36+00:00","dateModified":"2022-11-01T21:35:48+00:00","mainEntityOfPage":{"@id":"https:\/\/www.bbmnoticias.com\/labravaradiofm\/2022\/11\/01\/quitan-urbaneros-bloqueos-ante-advertencia-de-quema-de-autobuses\/"},"wordCount":267,"image":{"@id":"https:\/\/www.bbmnoticias.com\/labravaradiofm\/2022\/11\/01\/quitan-urbaneros-bloqueos-ante-advertencia-de-quema-de-autobuses\/#primaryimage"},"thumbnailUrl":"https:\/\/www.bbmnoticias.com\/labravaradiofm\/wp-content\/uploads\/sites\/5\/2022\/11\/bloqueo-oaxaca.jpg","articleSection":["LOCAL"],"inLanguage":"es"},{"@type":"WebPage","@id":"https:\/\/www.bbmnoticias.com\/labravaradiofm\/2022\/11\/01\/quitan-urbaneros-bloqueos-ante-advertencia-de-quema-de-autobuses\/","url":"https:\/\/www.bbmnoticias.com\/labravaradiofm\/2022\/11\/01\/quitan-urbaneros-bloqueos-ante-advertencia-de-quema-de-autobuses\/","name":"Quitan urbaneros bloqueos ante advertencia de quema de autobuses - LA BRAVA RADIO","isPartOf":{"@id":"https:\/\/www.bbmnoticias.com\/labravaradiofm\/#website"},"primaryImageOfPage":{"@id":"https:\/\/www.bbmnoticias.com\/labravaradiofm\/2022\/11\/01\/quitan-urbaneros-bloqueos-ante-advertencia-de-quema-de-autobuses\/#primaryimage"},"image":{"@id":"https:\/\/www.bbmnoticias.com\/labravaradiofm\/2022\/11\/01\/quitan-urbaneros-bloqueos-ante-advertencia-de-quema-de-autobuses\/#primaryimage"},"thumbnailUrl":"https:\/\/www.bbmnoticias.com\/labravaradiofm\/wp-content\/uploads\/sites\/5\/2022\/11\/bloqueo-oaxaca.jpg","datePublished":"2022-11-01T20:04:36+00:00","dateModified":"2022-11-01T21:35:48+00:00","author":{"@id":"https:\/\/www.bbmnoticias.com\/labravaradiofm\/#\/schema\/person\/b7ad4658f4970d61499e84f6fe178160"},"breadcrumb":{"@id":"https:\/\/www.bbmnoticias.com\/labravaradiofm\/2022\/11\/01\/quitan-urbaneros-bloqueos-ante-advertencia-de-quema-de-autobuses\/#breadcrumb"},"inLanguage":"es","potentialAction":[{"@type":"ReadAction","target":["https:\/\/www.bbmnoticias.com\/labravaradiofm\/2022\/11\/01\/quitan-urbaneros-bloqueos-ante-advertencia-de-quema-de-autobuses\/"]}]},{"@type":"ImageObject","inLanguage":"es","@id":"https:\/\/www.bbmnoticias.com\/labravaradiofm\/2022\/11\/01\/quitan-urbaneros-bloqueos-ante-advertencia-de-quema-de-autobuses\/#primaryimage","url":"https:\/\/www.bbmnoticias.com\/labravaradiofm\/wp-content\/uploads\/sites\/5\/2022\/11\/bloqueo-oaxaca.jpg","contentUrl":"https:\/\/www.bbmnoticias.com\/labravaradiofm\/wp-content\/uploads\/sites\/5\/2022\/11\/bloqueo-oaxaca.jpg","width":1599,"height":899},{"@type":"BreadcrumbList","@id":"https:\/\/www.bbmnoticias.com\/labravaradiofm\/2022\/11\/01\/quitan-urbaneros-bloqueos-ante-advertencia-de-quema-de-autobuses\/#breadcrumb","itemListElement":[{"@type":"ListItem","position":1,"name":"Inicio","item":"https:\/\/www.bbmnoticias.com\/labravaradiofm\/"},{"@type":"ListItem","position":2,"name":"Quitan urbaneros bloqueos ante advertencia de quema de autobuses"}]},{"@type":"WebSite","@id":"https:\/\/www.bbmnoticias.com\/labravaradiofm\/#website","url":"https:\/\/www.bbmnoticias.com\/labravaradiofm\/","name":"LA BRAVA RADIO","description":"Empresa productora de medios, Radiodifusi\u00f3n, Noticias, tendencias y todo lo que necesitas saber de la pol\u00edtica mexicana e internacional; entretenimiento, espect\u00e1culos, salud y mucho m\u00e1s.","potentialAction":[{"@type":"SearchAction","target":{"@type":"EntryPoint","urlTemplate":"https:\/\/www.bbmnoticias.com\/labravaradiofm\/?s={search_term_string}"},"query-input":{"@type":"PropertyValueSpecification","valueRequired":true,"valueName":"search_term_string"}}],"inLanguage":"es"},{"@type":"Person","@id":"https:\/\/www.bbmnoticias.com\/labravaradiofm\/#\/schema\/person\/b7ad4658f4970d61499e84f6fe178160","name":"Quadratin","image":{"@type":"ImageObject","inLanguage":"es","@id":"https:\/\/secure.gravatar.com\/avatar\/34008d7d72488432d6a74f81e839efc9f754b118786ca32cf39d9d5508a68f63?s=96&d=mm&r=g","url":"https:\/\/secure.gravatar.com\/avatar\/34008d7d72488432d6a74f81e839efc9f754b118786ca32cf39d9d5508a68f63?s=96&d=mm&r=g","contentUrl":"https:\/\/secure.gravatar.com\/avatar\/34008d7d72488432d6a74f81e839efc9f754b118786ca32cf39d9d5508a68f63?s=96&d=mm&r=g","caption":"Quadratin"},"url":"https:\/\/www.bbmnoticias.com\/labravaradiofm\/author\/quadratin\/"}]}},"_links":{"self":[{"href":"https:\/\/www.bbmnoticias.com\/labravaradiofm\/wp-json\/wp\/v2\/posts\/20060","targetHints":{"allow":["GET"]}}],"collection":[{"href":"https:\/\/www.bbmnoticias.com\/labravaradiofm\/wp-json\/wp\/v2\/posts"}],"about":[{"href":"https:\/\/www.bbmnoticias.com\/labravaradiofm\/wp-json\/wp\/v2\/types\/post"}],"author":[{"embeddable":true,"href":"https:\/\/www.bbmnoticias.com\/labravaradiofm\/wp-json\/wp\/v2\/users\/5"}],"replies":[{"embeddable":true,"href":"https:\/\/www.bbmnoticias.com\/labravaradiofm\/wp-json\/wp\/v2\/comments?post=20060"}],"version-history":[{"count":0,"href":"https:\/\/www.bbmnoticias.com\/labravaradiofm\/wp-json\/wp\/v2\/posts\/20060\/revisions"}],"wp:featuredmedia":[{"embeddable":true,"href":"https:\/\/www.bbmnoticias.com\/labravaradiofm\/wp-json\/wp\/v2\/media\/20061"}],"wp:attachment":[{"href":"https:\/\/www.bbmnoticias.com\/labravaradiofm\/wp-json\/wp\/v2\/media?parent=20060"}],"wp:term":[{"taxonomy":"category","embeddable":true,"href":"https:\/\/www.bbmnoticias.com\/labravaradiofm\/wp-json\/wp\/v2\/categories?post=20060"},{"taxonomy":"post_tag","embeddable":true,"href":"https:\/\/www.bbmnoticias.com\/labravaradiofm\/wp-json\/wp\/v2\/tags?post=20060"}],"curies":[{"name":"wp","href":"https:\/\/api.w.org\/{rel}","templated":true}]}}