{"id":20053,"date":"2022-11-01T10:57:11","date_gmt":"2022-11-01T16:57:11","guid":{"rendered":"https:\/\/www.bbmnoticias.com\/labravaradiofm\/?p=20053"},"modified":"2022-11-01T10:57:12","modified_gmt":"2022-11-01T16:57:12","slug":"amlo-defiende-investigacion-de-caso-ayotzinapa-encinas-es-incapaz-de-fabricar-informacion-dice","status":"publish","type":"post","link":"https:\/\/www.bbmnoticias.com\/labravaradiofm\/2022\/11\/01\/amlo-defiende-investigacion-de-caso-ayotzinapa-encinas-es-incapaz-de-fabricar-informacion-dice\/","title":{"rendered":"AMLO defiende investigaci\u00f3n de caso Ayotzinapa; Encinas es incapaz de fabricar informaci\u00f3n, dice"},"content":{"rendered":"<div style=\"margin-top: 0px; margin-bottom: 0px;\" class=\"sharethis-inline-share-buttons\" ><\/div>\n<p>El presidente <strong>Andr\u00e9s Manuel L\u00f3pez Obrador<\/strong> defendi\u00f3 la investigaci\u00f3n elaborada por el subsecretario de Gobernaci\u00f3n, <strong>Alejandro Encinas<\/strong>, sobre el caso Ayotizapa al se\u00f1alar que es un hombre honesto, \u00edntegro, incapaz de falsear o fabricar informaci\u00f3n.<\/p>\n\n\n\n<p>Ayer el Grupo Interdisciplinario de Expertos Independientes (GIEI) afirm\u00f3 que no es posible saber el origen y autenticidad de los <strong>mensajes de WhatsApp<\/strong> que la Comisi\u00f3n para la Verdad y Acceso a la Justicia en el <strong>caso Ayotzinapa<\/strong> (Covaj), encabezada por Encinas, utiliz\u00f3 como base para su investigaci\u00f3n de la desaparici\u00f3n de los <strong>43 normalistas<\/strong> en Iguala, Guerrero.<\/p>\n\n\n\n<p>Los expertos \u00c1ngela Buitrago, Francisco Cox, Claudia Paz y Carlos Beristain revelaron inconsistencias en los supuestos mensajes de WhatsApp del grupo delincuencial <strong>Guerreros Unidos<\/strong>, que daban nueva informaci\u00f3n sobre la desaparici\u00f3n y destino de los estudiantes.<\/p>\n\n\n\n<p>El presidente L\u00f3pez Obrador reiter\u00f3 que le tiene toda la confianza al subsecretario de Derechos Humanos y destac\u00f3 que se tienen todos los elementos para sostener la investigaci\u00f3n, se van a seguir con las averiguaciones y se van a ir consolidando y fortaleciendo esta investigaci\u00f3n. \u201cSe va a hacer justicia\u201d.<\/p>\n\n\n\n<p>\u201cLo que sucede es que pensaban que no \u00edbamos a actuar y que se iba a ir pasando el tiempo, entonces les sorprendi\u00f3 la decisi\u00f3n que se tom\u00f3 de hacer detenciones, sobre todo al procurador Jes\u00fas Murillo Karam y a militares, porque no ten\u00edan esa intenci\u00f3n, cuando se toma la decisi\u00f3n que no habr\u00e1 impunidad para nadie y se act\u00faa, pues se les descuadran sus c\u00e1lculos, pero existen todas las pruebas y se van a seguir reforzando, por eso hubo una especie de rebeli\u00f3n al interior de la FGR, porque no esperaban que se actuara como se hizo\u201d.<\/p>\n\n\n\n<p>El presidente L\u00f3pez Obrador rechaz\u00f3 que la Covaj se haya precipitado o fabricado pruebas, pues&nbsp; el informe est\u00e1 elaborado son elementos s\u00f3lidos y hay m\u00e1s de una prueba en cada caso.<\/p>\n\n\n\n<p>Se\u00f1al\u00f3 que esta descalificaci\u00f3n es otro tipo de casos porque en el fondo lo que est\u00e1 es el \u201cdeseo ferviente del conservadurismo\u201d que no cumplamos con el compromiso que tenemos con los padres de Ayotzinapa, como en otros casos, que apuestan que nos vaya mal, siempre es as\u00ed. Est\u00e1n ofuscados nuestros adversarios\u201d.<\/p>\n","protected":false},"excerpt":{"rendered":"<p>El presidente Andr\u00e9s Manuel L\u00f3pez Obrador defendi\u00f3 la investigaci\u00f3n elaborada por el subsecretario de Gobernaci\u00f3n, Alejandro Encinas, sobre el caso Ayotizapa al se\u00f1alar que es un hombre honesto, \u00edntegro, incapaz de falsear o fabricar informaci\u00f3n. Ayer el Grupo Interdisciplinario de Expertos Independientes (GIEI) afirm\u00f3 que no es posible saber el origen y autenticidad de los [&hellip;]<\/p>\n","protected":false},"author":4,"featured_media":20054,"comment_status":"closed","ping_status":"closed","sticky":false,"template":"","format":"standard","meta":{"footnotes":""},"categories":[19],"tags":[],"class_list":{"0":"post-20053","1":"post","2":"type-post","3":"status-publish","4":"format-standard","5":"has-post-thumbnail","7":"category-nacional"},"yoast_head":"<!-- This site is optimized with the Yoast SEO plugin v27.4 - https:\/\/yoast.com\/product\/yoast-seo-wordpress\/ -->\n<title>AMLO defiende investigaci\u00f3n de caso Ayotzinapa; Encinas es incapaz de fabricar informaci\u00f3n, dice - LA BRAVA RADIO<\/title>\n<meta name=\"robots\" content=\"index, follow, max-snippet:-1, max-image-preview:large, max-video-preview:-1\" \/>\n<link rel=\"canonical\" href=\"https:\/\/www.bbmnoticias.com\/labravaradiofm\/2022\/11\/01\/amlo-defiende-investigacion-de-caso-ayotzinapa-encinas-es-incapaz-de-fabricar-informacion-dice\/\" \/>\n<meta property=\"og:locale\" content=\"es_MX\" \/>\n<meta property=\"og:type\" content=\"article\" \/>\n<meta property=\"og:title\" content=\"AMLO defiende investigaci\u00f3n de caso Ayotzinapa; Encinas es incapaz de fabricar informaci\u00f3n, dice - LA BRAVA RADIO\" \/>\n<meta property=\"og:description\" content=\"El presidente Andr\u00e9s Manuel L\u00f3pez Obrador defendi\u00f3 la investigaci\u00f3n elaborada por el subsecretario de Gobernaci\u00f3n, Alejandro Encinas, sobre el caso Ayotizapa al se\u00f1alar que es un hombre honesto, \u00edntegro, incapaz de falsear o fabricar informaci\u00f3n. Ayer el Grupo Interdisciplinario de Expertos Independientes (GIEI) afirm\u00f3 que no es posible saber el origen y autenticidad de los [&hellip;]\" \/>\n<meta property=\"og:url\" content=\"https:\/\/www.bbmnoticias.com\/labravaradiofm\/2022\/11\/01\/amlo-defiende-investigacion-de-caso-ayotzinapa-encinas-es-incapaz-de-fabricar-informacion-dice\/\" \/>\n<meta property=\"og:site_name\" content=\"LA BRAVA RADIO\" \/>\n<meta property=\"article:published_time\" content=\"2022-11-01T16:57:11+00:00\" \/>\n<meta property=\"article:modified_time\" content=\"2022-11-01T16:57:12+00:00\" \/>\n<meta property=\"og:image\" content=\"https:\/\/www.bbmnoticias.com\/labravaradiofm\/wp-content\/uploads\/sites\/5\/2022\/11\/amlo-ayotzinapa.webp\" \/>\n\t<meta property=\"og:image:width\" content=\"1201\" \/>\n\t<meta property=\"og:image:height\" content=\"761\" \/>\n\t<meta property=\"og:image:type\" content=\"image\/webp\" \/>\n<meta name=\"author\" content=\"Agencias\" \/>\n<meta name=\"twitter:card\" content=\"summary_large_image\" \/>\n<meta name=\"twitter:label1\" content=\"Escrito por\" \/>\n\t<meta name=\"twitter:data1\" content=\"Agencias\" \/>\n\t<meta name=\"twitter:label2\" content=\"Tiempo de lectura\" \/>\n\t<meta name=\"twitter:data2\" content=\"2 minutos\" \/>\n<script type=\"application\/ld+json\" class=\"yoast-schema-graph\">{\"@context\":\"https:\\\/\\\/schema.org\",\"@graph\":[{\"@type\":\"Article\",\"@id\":\"https:\\\/\\\/www.bbmnoticias.com\\\/labravaradiofm\\\/2022\\\/11\\\/01\\\/amlo-defiende-investigacion-de-caso-ayotzinapa-encinas-es-incapaz-de-fabricar-informacion-dice\\\/#article\",\"isPartOf\":{\"@id\":\"https:\\\/\\\/www.bbmnoticias.com\\\/labravaradiofm\\\/2022\\\/11\\\/01\\\/amlo-defiende-investigacion-de-caso-ayotzinapa-encinas-es-incapaz-de-fabricar-informacion-dice\\\/\"},\"author\":{\"name\":\"Agencias\",\"@id\":\"https:\\\/\\\/www.bbmnoticias.com\\\/labravaradiofm\\\/#\\\/schema\\\/person\\\/857a3daf5c8142f29919023f377fbfad\"},\"headline\":\"AMLO defiende investigaci\u00f3n de caso Ayotzinapa; Encinas es incapaz de fabricar informaci\u00f3n, dice\",\"datePublished\":\"2022-11-01T16:57:11+00:00\",\"dateModified\":\"2022-11-01T16:57:12+00:00\",\"mainEntityOfPage\":{\"@id\":\"https:\\\/\\\/www.bbmnoticias.com\\\/labravaradiofm\\\/2022\\\/11\\\/01\\\/amlo-defiende-investigacion-de-caso-ayotzinapa-encinas-es-incapaz-de-fabricar-informacion-dice\\\/\"},\"wordCount\":403,\"image\":{\"@id\":\"https:\\\/\\\/www.bbmnoticias.com\\\/labravaradiofm\\\/2022\\\/11\\\/01\\\/amlo-defiende-investigacion-de-caso-ayotzinapa-encinas-es-incapaz-de-fabricar-informacion-dice\\\/#primaryimage\"},\"thumbnailUrl\":\"https:\\\/\\\/www.bbmnoticias.com\\\/labravaradiofm\\\/wp-content\\\/uploads\\\/sites\\\/5\\\/2022\\\/11\\\/amlo-ayotzinapa.webp\",\"articleSection\":[\"NACIONAL\"],\"inLanguage\":\"es\"},{\"@type\":\"WebPage\",\"@id\":\"https:\\\/\\\/www.bbmnoticias.com\\\/labravaradiofm\\\/2022\\\/11\\\/01\\\/amlo-defiende-investigacion-de-caso-ayotzinapa-encinas-es-incapaz-de-fabricar-informacion-dice\\\/\",\"url\":\"https:\\\/\\\/www.bbmnoticias.com\\\/labravaradiofm\\\/2022\\\/11\\\/01\\\/amlo-defiende-investigacion-de-caso-ayotzinapa-encinas-es-incapaz-de-fabricar-informacion-dice\\\/\",\"name\":\"AMLO defiende investigaci\u00f3n de caso Ayotzinapa; Encinas es incapaz de fabricar informaci\u00f3n, dice - LA BRAVA RADIO\",\"isPartOf\":{\"@id\":\"https:\\\/\\\/www.bbmnoticias.com\\\/labravaradiofm\\\/#website\"},\"primaryImageOfPage\":{\"@id\":\"https:\\\/\\\/www.bbmnoticias.com\\\/labravaradiofm\\\/2022\\\/11\\\/01\\\/amlo-defiende-investigacion-de-caso-ayotzinapa-encinas-es-incapaz-de-fabricar-informacion-dice\\\/#primaryimage\"},\"image\":{\"@id\":\"https:\\\/\\\/www.bbmnoticias.com\\\/labravaradiofm\\\/2022\\\/11\\\/01\\\/amlo-defiende-investigacion-de-caso-ayotzinapa-encinas-es-incapaz-de-fabricar-informacion-dice\\\/#primaryimage\"},\"thumbnailUrl\":\"https:\\\/\\\/www.bbmnoticias.com\\\/labravaradiofm\\\/wp-content\\\/uploads\\\/sites\\\/5\\\/2022\\\/11\\\/amlo-ayotzinapa.webp\",\"datePublished\":\"2022-11-01T16:57:11+00:00\",\"dateModified\":\"2022-11-01T16:57:12+00:00\",\"author\":{\"@id\":\"https:\\\/\\\/www.bbmnoticias.com\\\/labravaradiofm\\\/#\\\/schema\\\/person\\\/857a3daf5c8142f29919023f377fbfad\"},\"breadcrumb\":{\"@id\":\"https:\\\/\\\/www.bbmnoticias.com\\\/labravaradiofm\\\/2022\\\/11\\\/01\\\/amlo-defiende-investigacion-de-caso-ayotzinapa-encinas-es-incapaz-de-fabricar-informacion-dice\\\/#breadcrumb\"},\"inLanguage\":\"es\",\"potentialAction\":[{\"@type\":\"ReadAction\",\"target\":[\"https:\\\/\\\/www.bbmnoticias.com\\\/labravaradiofm\\\/2022\\\/11\\\/01\\\/amlo-defiende-investigacion-de-caso-ayotzinapa-encinas-es-incapaz-de-fabricar-informacion-dice\\\/\"]}]},{\"@type\":\"ImageObject\",\"inLanguage\":\"es\",\"@id\":\"https:\\\/\\\/www.bbmnoticias.com\\\/labravaradiofm\\\/2022\\\/11\\\/01\\\/amlo-defiende-investigacion-de-caso-ayotzinapa-encinas-es-incapaz-de-fabricar-informacion-dice\\\/#primaryimage\",\"url\":\"https:\\\/\\\/www.bbmnoticias.com\\\/labravaradiofm\\\/wp-content\\\/uploads\\\/sites\\\/5\\\/2022\\\/11\\\/amlo-ayotzinapa.webp\",\"contentUrl\":\"https:\\\/\\\/www.bbmnoticias.com\\\/labravaradiofm\\\/wp-content\\\/uploads\\\/sites\\\/5\\\/2022\\\/11\\\/amlo-ayotzinapa.webp\",\"width\":1201,\"height\":761},{\"@type\":\"BreadcrumbList\",\"@id\":\"https:\\\/\\\/www.bbmnoticias.com\\\/labravaradiofm\\\/2022\\\/11\\\/01\\\/amlo-defiende-investigacion-de-caso-ayotzinapa-encinas-es-incapaz-de-fabricar-informacion-dice\\\/#breadcrumb\",\"itemListElement\":[{\"@type\":\"ListItem\",\"position\":1,\"name\":\"Inicio\",\"item\":\"https:\\\/\\\/www.bbmnoticias.com\\\/labravaradiofm\\\/\"},{\"@type\":\"ListItem\",\"position\":2,\"name\":\"AMLO defiende investigaci\u00f3n de caso Ayotzinapa; Encinas es incapaz de fabricar informaci\u00f3n, dice\"}]},{\"@type\":\"WebSite\",\"@id\":\"https:\\\/\\\/www.bbmnoticias.com\\\/labravaradiofm\\\/#website\",\"url\":\"https:\\\/\\\/www.bbmnoticias.com\\\/labravaradiofm\\\/\",\"name\":\"LA BRAVA RADIO\",\"description\":\"Empresa productora de medios, Radiodifusi\u00f3n, Noticias, tendencias y todo lo que necesitas saber de la pol\u00edtica mexicana e internacional; entretenimiento, espect\u00e1culos, salud y mucho m\u00e1s.\",\"potentialAction\":[{\"@type\":\"SearchAction\",\"target\":{\"@type\":\"EntryPoint\",\"urlTemplate\":\"https:\\\/\\\/www.bbmnoticias.com\\\/labravaradiofm\\\/?s={search_term_string}\"},\"query-input\":{\"@type\":\"PropertyValueSpecification\",\"valueRequired\":true,\"valueName\":\"search_term_string\"}}],\"inLanguage\":\"es\"},{\"@type\":\"Person\",\"@id\":\"https:\\\/\\\/www.bbmnoticias.com\\\/labravaradiofm\\\/#\\\/schema\\\/person\\\/857a3daf5c8142f29919023f377fbfad\",\"name\":\"Agencias\",\"image\":{\"@type\":\"ImageObject\",\"inLanguage\":\"es\",\"@id\":\"https:\\\/\\\/secure.gravatar.com\\\/avatar\\\/739e0b61adf9e398b425c36718c8752286da0e8cd90f20ce9a86678abc26aa0d?s=96&d=mm&r=g\",\"url\":\"https:\\\/\\\/secure.gravatar.com\\\/avatar\\\/739e0b61adf9e398b425c36718c8752286da0e8cd90f20ce9a86678abc26aa0d?s=96&d=mm&r=g\",\"contentUrl\":\"https:\\\/\\\/secure.gravatar.com\\\/avatar\\\/739e0b61adf9e398b425c36718c8752286da0e8cd90f20ce9a86678abc26aa0d?s=96&d=mm&r=g\",\"caption\":\"Agencias\"},\"url\":\"https:\\\/\\\/www.bbmnoticias.com\\\/labravaradiofm\\\/author\\\/agencias\\\/\"}]}<\/script>\n<!-- \/ Yoast SEO plugin. -->","yoast_head_json":{"title":"AMLO defiende investigaci\u00f3n de caso Ayotzinapa; Encinas es incapaz de fabricar informaci\u00f3n, dice - LA BRAVA RADIO","robots":{"index":"index","follow":"follow","max-snippet":"max-snippet:-1","max-image-preview":"max-image-preview:large","max-video-preview":"max-video-preview:-1"},"canonical":"https:\/\/www.bbmnoticias.com\/labravaradiofm\/2022\/11\/01\/amlo-defiende-investigacion-de-caso-ayotzinapa-encinas-es-incapaz-de-fabricar-informacion-dice\/","og_locale":"es_MX","og_type":"article","og_title":"AMLO defiende investigaci\u00f3n de caso Ayotzinapa; Encinas es incapaz de fabricar informaci\u00f3n, dice - LA BRAVA RADIO","og_description":"El presidente Andr\u00e9s Manuel L\u00f3pez Obrador defendi\u00f3 la investigaci\u00f3n elaborada por el subsecretario de Gobernaci\u00f3n, Alejandro Encinas, sobre el caso Ayotizapa al se\u00f1alar que es un hombre honesto, \u00edntegro, incapaz de falsear o fabricar informaci\u00f3n. Ayer el Grupo Interdisciplinario de Expertos Independientes (GIEI) afirm\u00f3 que no es posible saber el origen y autenticidad de los [&hellip;]","og_url":"https:\/\/www.bbmnoticias.com\/labravaradiofm\/2022\/11\/01\/amlo-defiende-investigacion-de-caso-ayotzinapa-encinas-es-incapaz-de-fabricar-informacion-dice\/","og_site_name":"LA BRAVA RADIO","article_published_time":"2022-11-01T16:57:11+00:00","article_modified_time":"2022-11-01T16:57:12+00:00","og_image":[{"width":1201,"height":761,"url":"https:\/\/www.bbmnoticias.com\/labravaradiofm\/wp-content\/uploads\/sites\/5\/2022\/11\/amlo-ayotzinapa.webp","type":"image\/webp"}],"author":"Agencias","twitter_card":"summary_large_image","twitter_misc":{"Escrito por":"Agencias","Tiempo de lectura":"2 minutos"},"schema":{"@context":"https:\/\/schema.org","@graph":[{"@type":"Article","@id":"https:\/\/www.bbmnoticias.com\/labravaradiofm\/2022\/11\/01\/amlo-defiende-investigacion-de-caso-ayotzinapa-encinas-es-incapaz-de-fabricar-informacion-dice\/#article","isPartOf":{"@id":"https:\/\/www.bbmnoticias.com\/labravaradiofm\/2022\/11\/01\/amlo-defiende-investigacion-de-caso-ayotzinapa-encinas-es-incapaz-de-fabricar-informacion-dice\/"},"author":{"name":"Agencias","@id":"https:\/\/www.bbmnoticias.com\/labravaradiofm\/#\/schema\/person\/857a3daf5c8142f29919023f377fbfad"},"headline":"AMLO defiende investigaci\u00f3n de caso Ayotzinapa; Encinas es incapaz de fabricar informaci\u00f3n, dice","datePublished":"2022-11-01T16:57:11+00:00","dateModified":"2022-11-01T16:57:12+00:00","mainEntityOfPage":{"@id":"https:\/\/www.bbmnoticias.com\/labravaradiofm\/2022\/11\/01\/amlo-defiende-investigacion-de-caso-ayotzinapa-encinas-es-incapaz-de-fabricar-informacion-dice\/"},"wordCount":403,"image":{"@id":"https:\/\/www.bbmnoticias.com\/labravaradiofm\/2022\/11\/01\/amlo-defiende-investigacion-de-caso-ayotzinapa-encinas-es-incapaz-de-fabricar-informacion-dice\/#primaryimage"},"thumbnailUrl":"https:\/\/www.bbmnoticias.com\/labravaradiofm\/wp-content\/uploads\/sites\/5\/2022\/11\/amlo-ayotzinapa.webp","articleSection":["NACIONAL"],"inLanguage":"es"},{"@type":"WebPage","@id":"https:\/\/www.bbmnoticias.com\/labravaradiofm\/2022\/11\/01\/amlo-defiende-investigacion-de-caso-ayotzinapa-encinas-es-incapaz-de-fabricar-informacion-dice\/","url":"https:\/\/www.bbmnoticias.com\/labravaradiofm\/2022\/11\/01\/amlo-defiende-investigacion-de-caso-ayotzinapa-encinas-es-incapaz-de-fabricar-informacion-dice\/","name":"AMLO defiende investigaci\u00f3n de caso Ayotzinapa; Encinas es incapaz de fabricar informaci\u00f3n, dice - LA BRAVA RADIO","isPartOf":{"@id":"https:\/\/www.bbmnoticias.com\/labravaradiofm\/#website"},"primaryImageOfPage":{"@id":"https:\/\/www.bbmnoticias.com\/labravaradiofm\/2022\/11\/01\/amlo-defiende-investigacion-de-caso-ayotzinapa-encinas-es-incapaz-de-fabricar-informacion-dice\/#primaryimage"},"image":{"@id":"https:\/\/www.bbmnoticias.com\/labravaradiofm\/2022\/11\/01\/amlo-defiende-investigacion-de-caso-ayotzinapa-encinas-es-incapaz-de-fabricar-informacion-dice\/#primaryimage"},"thumbnailUrl":"https:\/\/www.bbmnoticias.com\/labravaradiofm\/wp-content\/uploads\/sites\/5\/2022\/11\/amlo-ayotzinapa.webp","datePublished":"2022-11-01T16:57:11+00:00","dateModified":"2022-11-01T16:57:12+00:00","author":{"@id":"https:\/\/www.bbmnoticias.com\/labravaradiofm\/#\/schema\/person\/857a3daf5c8142f29919023f377fbfad"},"breadcrumb":{"@id":"https:\/\/www.bbmnoticias.com\/labravaradiofm\/2022\/11\/01\/amlo-defiende-investigacion-de-caso-ayotzinapa-encinas-es-incapaz-de-fabricar-informacion-dice\/#breadcrumb"},"inLanguage":"es","potentialAction":[{"@type":"ReadAction","target":["https:\/\/www.bbmnoticias.com\/labravaradiofm\/2022\/11\/01\/amlo-defiende-investigacion-de-caso-ayotzinapa-encinas-es-incapaz-de-fabricar-informacion-dice\/"]}]},{"@type":"ImageObject","inLanguage":"es","@id":"https:\/\/www.bbmnoticias.com\/labravaradiofm\/2022\/11\/01\/amlo-defiende-investigacion-de-caso-ayotzinapa-encinas-es-incapaz-de-fabricar-informacion-dice\/#primaryimage","url":"https:\/\/www.bbmnoticias.com\/labravaradiofm\/wp-content\/uploads\/sites\/5\/2022\/11\/amlo-ayotzinapa.webp","contentUrl":"https:\/\/www.bbmnoticias.com\/labravaradiofm\/wp-content\/uploads\/sites\/5\/2022\/11\/amlo-ayotzinapa.webp","width":1201,"height":761},{"@type":"BreadcrumbList","@id":"https:\/\/www.bbmnoticias.com\/labravaradiofm\/2022\/11\/01\/amlo-defiende-investigacion-de-caso-ayotzinapa-encinas-es-incapaz-de-fabricar-informacion-dice\/#breadcrumb","itemListElement":[{"@type":"ListItem","position":1,"name":"Inicio","item":"https:\/\/www.bbmnoticias.com\/labravaradiofm\/"},{"@type":"ListItem","position":2,"name":"AMLO defiende investigaci\u00f3n de caso Ayotzinapa; Encinas es incapaz de fabricar informaci\u00f3n, dice"}]},{"@type":"WebSite","@id":"https:\/\/www.bbmnoticias.com\/labravaradiofm\/#website","url":"https:\/\/www.bbmnoticias.com\/labravaradiofm\/","name":"LA BRAVA RADIO","description":"Empresa productora de medios, Radiodifusi\u00f3n, Noticias, tendencias y todo lo que necesitas saber de la pol\u00edtica mexicana e internacional; entretenimiento, espect\u00e1culos, salud y mucho m\u00e1s.","potentialAction":[{"@type":"SearchAction","target":{"@type":"EntryPoint","urlTemplate":"https:\/\/www.bbmnoticias.com\/labravaradiofm\/?s={search_term_string}"},"query-input":{"@type":"PropertyValueSpecification","valueRequired":true,"valueName":"search_term_string"}}],"inLanguage":"es"},{"@type":"Person","@id":"https:\/\/www.bbmnoticias.com\/labravaradiofm\/#\/schema\/person\/857a3daf5c8142f29919023f377fbfad","name":"Agencias","image":{"@type":"ImageObject","inLanguage":"es","@id":"https:\/\/secure.gravatar.com\/avatar\/739e0b61adf9e398b425c36718c8752286da0e8cd90f20ce9a86678abc26aa0d?s=96&d=mm&r=g","url":"https:\/\/secure.gravatar.com\/avatar\/739e0b61adf9e398b425c36718c8752286da0e8cd90f20ce9a86678abc26aa0d?s=96&d=mm&r=g","contentUrl":"https:\/\/secure.gravatar.com\/avatar\/739e0b61adf9e398b425c36718c8752286da0e8cd90f20ce9a86678abc26aa0d?s=96&d=mm&r=g","caption":"Agencias"},"url":"https:\/\/www.bbmnoticias.com\/labravaradiofm\/author\/agencias\/"}]}},"_links":{"self":[{"href":"https:\/\/www.bbmnoticias.com\/labravaradiofm\/wp-json\/wp\/v2\/posts\/20053","targetHints":{"allow":["GET"]}}],"collection":[{"href":"https:\/\/www.bbmnoticias.com\/labravaradiofm\/wp-json\/wp\/v2\/posts"}],"about":[{"href":"https:\/\/www.bbmnoticias.com\/labravaradiofm\/wp-json\/wp\/v2\/types\/post"}],"author":[{"embeddable":true,"href":"https:\/\/www.bbmnoticias.com\/labravaradiofm\/wp-json\/wp\/v2\/users\/4"}],"replies":[{"embeddable":true,"href":"https:\/\/www.bbmnoticias.com\/labravaradiofm\/wp-json\/wp\/v2\/comments?post=20053"}],"version-history":[{"count":0,"href":"https:\/\/www.bbmnoticias.com\/labravaradiofm\/wp-json\/wp\/v2\/posts\/20053\/revisions"}],"wp:featuredmedia":[{"embeddable":true,"href":"https:\/\/www.bbmnoticias.com\/labravaradiofm\/wp-json\/wp\/v2\/media\/20054"}],"wp:attachment":[{"href":"https:\/\/www.bbmnoticias.com\/labravaradiofm\/wp-json\/wp\/v2\/media?parent=20053"}],"wp:term":[{"taxonomy":"category","embeddable":true,"href":"https:\/\/www.bbmnoticias.com\/labravaradiofm\/wp-json\/wp\/v2\/categories?post=20053"},{"taxonomy":"post_tag","embeddable":true,"href":"https:\/\/www.bbmnoticias.com\/labravaradiofm\/wp-json\/wp\/v2\/tags?post=20053"}],"curies":[{"name":"wp","href":"https:\/\/api.w.org\/{rel}","templated":true}]}}