{"id":1988,"date":"2021-09-16T19:19:12","date_gmt":"2021-09-17T00:19:12","guid":{"rendered":"https:\/\/www.bbmnoticias.com\/labravaradiofm\/?p=1988"},"modified":"2021-09-16T19:19:13","modified_gmt":"2021-09-17T00:19:13","slug":"seran-12-menores-quienes-reciban-la-vacuna-pfizer-anticovid-en-oaxaca","status":"publish","type":"post","link":"https:\/\/www.bbmnoticias.com\/labravaradiofm\/2021\/09\/16\/seran-12-menores-quienes-reciban-la-vacuna-pfizer-anticovid-en-oaxaca\/","title":{"rendered":"Ser\u00e1n 12 menores quienes reciban la vacuna Pfizer anticovid en Oaxaca"},"content":{"rendered":"<div style=\"margin-top: 0px; margin-bottom: 0px;\" class=\"sharethis-inline-share-buttons\" ><\/div>\n<p>OAXACA, Oax.- Este viernes, 12 menores de Oaxaca recibir\u00e1n la primera dosis de vacuna Pfizer mediante un amparo que promovi\u00f3 la abogada Alma Franco Vargas.<\/p>\n\n\n\n<p>La sede ser\u00e1 en la facultad de Medicina de la Universidad Aut\u00f3noma Benito Ju\u00e1rez de Oaxaca (UABJO).<\/p>\n\n\n\n<p>Originalmente los hab\u00edan convocado al hospital militar en Ixcotel, pero la abogada inform\u00f3 que fueron informadas del cambio de sede.<\/p>\n\n\n\n<p>Reiter\u00f3 la satisfacci\u00f3n del logro obtenido para beneficio de los menores, quienes tambi\u00e9n tienen derecho de recibir la vacunaci\u00f3n y protecci\u00f3n en contra del virus SarS-CoV-2.<\/p>\n\n\n\n<p>El Juez Cuarto de Distrito concedi\u00f3 el amparo a 12 menores de edad.<\/p>\n\n\n\n<p>Con ello, \u201cse respetan los derechos humanos de los ni\u00f1os y la preservaci\u00f3n de su vida y de su salud\u201d, coment\u00f3 la abogada.<\/p>\n\n\n\n<p>\u201cLo que hice como abogada fue invocar los tratados internacionales y lo que determina nuestra Constituci\u00f3n de la no discriminaci\u00f3n y sobre el inter\u00e9s superior de la ni\u00f1ez\u201d.<\/p>\n\n\n\n<p>Esto crea un precedente para que los menores reciban la vacuna ante la negativa del gobierno federal de incluirlos en la jornada nacional de vacunaci\u00f3n.<\/p>\n","protected":false},"excerpt":{"rendered":"<p>OAXACA, Oax.- Este viernes, 12 menores de Oaxaca recibir\u00e1n la primera dosis de vacuna Pfizer mediante un amparo que promovi\u00f3 la abogada Alma Franco Vargas. La sede ser\u00e1 en la facultad de Medicina de la Universidad Aut\u00f3noma Benito Ju\u00e1rez de Oaxaca (UABJO). Originalmente los hab\u00edan convocado al hospital militar en Ixcotel, pero la abogada inform\u00f3 [&hellip;]<\/p>\n","protected":false},"author":5,"featured_media":1989,"comment_status":"closed","ping_status":"closed","sticky":false,"template":"","format":"standard","meta":{"footnotes":""},"categories":[1],"tags":[],"class_list":{"0":"post-1988","1":"post","2":"type-post","3":"status-publish","4":"format-standard","5":"has-post-thumbnail","7":"category-sin-categoria"},"yoast_head":"<!-- This site is optimized with the Yoast SEO plugin v27.4 - https:\/\/yoast.com\/product\/yoast-seo-wordpress\/ -->\n<title>Ser\u00e1n 12 menores quienes reciban la vacuna Pfizer anticovid en Oaxaca - LA BRAVA RADIO<\/title>\n<meta name=\"description\" content=\"Con ello, \u201cse respetan los derechos humanos de los ni\u00f1os y la preservaci\u00f3n de su vida y de su salud\u201d, coment\u00f3 la abogada.\" \/>\n<meta name=\"robots\" content=\"index, follow, max-snippet:-1, max-image-preview:large, max-video-preview:-1\" \/>\n<link rel=\"canonical\" href=\"https:\/\/www.bbmnoticias.com\/labravaradiofm\/2021\/09\/16\/seran-12-menores-quienes-reciban-la-vacuna-pfizer-anticovid-en-oaxaca\/\" \/>\n<meta property=\"og:locale\" content=\"es_MX\" \/>\n<meta property=\"og:type\" content=\"article\" \/>\n<meta property=\"og:title\" content=\"Ser\u00e1n 12 menores quienes reciban la vacuna Pfizer anticovid en Oaxaca - LA BRAVA RADIO\" \/>\n<meta property=\"og:description\" content=\"Con ello, \u201cse respetan los derechos humanos de los ni\u00f1os y la preservaci\u00f3n de su vida y de su salud\u201d, coment\u00f3 la abogada.\" \/>\n<meta property=\"og:url\" content=\"https:\/\/www.bbmnoticias.com\/labravaradiofm\/2021\/09\/16\/seran-12-menores-quienes-reciban-la-vacuna-pfizer-anticovid-en-oaxaca\/\" \/>\n<meta property=\"og:site_name\" content=\"LA BRAVA RADIO\" \/>\n<meta property=\"article:published_time\" content=\"2021-09-17T00:19:12+00:00\" \/>\n<meta property=\"article:modified_time\" content=\"2021-09-17T00:19:13+00:00\" \/>\n<meta property=\"og:image\" content=\"https:\/\/www.bbmnoticias.com\/labravaradiofm\/wp-content\/uploads\/sites\/5\/2021\/09\/local16092021-20.jpg\" \/>\n\t<meta property=\"og:image:width\" content=\"1200\" \/>\n\t<meta property=\"og:image:height\" content=\"800\" \/>\n\t<meta property=\"og:image:type\" content=\"image\/jpeg\" \/>\n<meta name=\"author\" content=\"Quadratin\" \/>\n<meta name=\"twitter:card\" content=\"summary_large_image\" \/>\n<meta name=\"twitter:label1\" content=\"Escrito por\" \/>\n\t<meta name=\"twitter:data1\" content=\"Quadratin\" \/>\n\t<meta name=\"twitter:label2\" content=\"Tiempo de lectura\" \/>\n\t<meta name=\"twitter:data2\" content=\"1 minuto\" \/>\n<script type=\"application\/ld+json\" class=\"yoast-schema-graph\">{\"@context\":\"https:\\\/\\\/schema.org\",\"@graph\":[{\"@type\":\"Article\",\"@id\":\"https:\\\/\\\/www.bbmnoticias.com\\\/labravaradiofm\\\/2021\\\/09\\\/16\\\/seran-12-menores-quienes-reciban-la-vacuna-pfizer-anticovid-en-oaxaca\\\/#article\",\"isPartOf\":{\"@id\":\"https:\\\/\\\/www.bbmnoticias.com\\\/labravaradiofm\\\/2021\\\/09\\\/16\\\/seran-12-menores-quienes-reciban-la-vacuna-pfizer-anticovid-en-oaxaca\\\/\"},\"author\":{\"name\":\"Quadratin\",\"@id\":\"https:\\\/\\\/www.bbmnoticias.com\\\/labravaradiofm\\\/#\\\/schema\\\/person\\\/b7ad4658f4970d61499e84f6fe178160\"},\"headline\":\"Ser\u00e1n 12 menores quienes reciban la vacuna Pfizer anticovid en Oaxaca\",\"datePublished\":\"2021-09-17T00:19:12+00:00\",\"dateModified\":\"2021-09-17T00:19:13+00:00\",\"mainEntityOfPage\":{\"@id\":\"https:\\\/\\\/www.bbmnoticias.com\\\/labravaradiofm\\\/2021\\\/09\\\/16\\\/seran-12-menores-quienes-reciban-la-vacuna-pfizer-anticovid-en-oaxaca\\\/\"},\"wordCount\":202,\"image\":{\"@id\":\"https:\\\/\\\/www.bbmnoticias.com\\\/labravaradiofm\\\/2021\\\/09\\\/16\\\/seran-12-menores-quienes-reciban-la-vacuna-pfizer-anticovid-en-oaxaca\\\/#primaryimage\"},\"thumbnailUrl\":\"https:\\\/\\\/www.bbmnoticias.com\\\/labravaradiofm\\\/wp-content\\\/uploads\\\/sites\\\/5\\\/2021\\\/09\\\/local16092021-20.jpg\",\"inLanguage\":\"es\"},{\"@type\":\"WebPage\",\"@id\":\"https:\\\/\\\/www.bbmnoticias.com\\\/labravaradiofm\\\/2021\\\/09\\\/16\\\/seran-12-menores-quienes-reciban-la-vacuna-pfizer-anticovid-en-oaxaca\\\/\",\"url\":\"https:\\\/\\\/www.bbmnoticias.com\\\/labravaradiofm\\\/2021\\\/09\\\/16\\\/seran-12-menores-quienes-reciban-la-vacuna-pfizer-anticovid-en-oaxaca\\\/\",\"name\":\"Ser\u00e1n 12 menores quienes reciban la vacuna Pfizer anticovid en Oaxaca - LA BRAVA RADIO\",\"isPartOf\":{\"@id\":\"https:\\\/\\\/www.bbmnoticias.com\\\/labravaradiofm\\\/#website\"},\"primaryImageOfPage\":{\"@id\":\"https:\\\/\\\/www.bbmnoticias.com\\\/labravaradiofm\\\/2021\\\/09\\\/16\\\/seran-12-menores-quienes-reciban-la-vacuna-pfizer-anticovid-en-oaxaca\\\/#primaryimage\"},\"image\":{\"@id\":\"https:\\\/\\\/www.bbmnoticias.com\\\/labravaradiofm\\\/2021\\\/09\\\/16\\\/seran-12-menores-quienes-reciban-la-vacuna-pfizer-anticovid-en-oaxaca\\\/#primaryimage\"},\"thumbnailUrl\":\"https:\\\/\\\/www.bbmnoticias.com\\\/labravaradiofm\\\/wp-content\\\/uploads\\\/sites\\\/5\\\/2021\\\/09\\\/local16092021-20.jpg\",\"datePublished\":\"2021-09-17T00:19:12+00:00\",\"dateModified\":\"2021-09-17T00:19:13+00:00\",\"author\":{\"@id\":\"https:\\\/\\\/www.bbmnoticias.com\\\/labravaradiofm\\\/#\\\/schema\\\/person\\\/b7ad4658f4970d61499e84f6fe178160\"},\"description\":\"Con ello, \u201cse respetan los derechos humanos de los ni\u00f1os y la preservaci\u00f3n de su vida y de su salud\u201d, coment\u00f3 la abogada.\",\"breadcrumb\":{\"@id\":\"https:\\\/\\\/www.bbmnoticias.com\\\/labravaradiofm\\\/2021\\\/09\\\/16\\\/seran-12-menores-quienes-reciban-la-vacuna-pfizer-anticovid-en-oaxaca\\\/#breadcrumb\"},\"inLanguage\":\"es\",\"potentialAction\":[{\"@type\":\"ReadAction\",\"target\":[\"https:\\\/\\\/www.bbmnoticias.com\\\/labravaradiofm\\\/2021\\\/09\\\/16\\\/seran-12-menores-quienes-reciban-la-vacuna-pfizer-anticovid-en-oaxaca\\\/\"]}]},{\"@type\":\"ImageObject\",\"inLanguage\":\"es\",\"@id\":\"https:\\\/\\\/www.bbmnoticias.com\\\/labravaradiofm\\\/2021\\\/09\\\/16\\\/seran-12-menores-quienes-reciban-la-vacuna-pfizer-anticovid-en-oaxaca\\\/#primaryimage\",\"url\":\"https:\\\/\\\/www.bbmnoticias.com\\\/labravaradiofm\\\/wp-content\\\/uploads\\\/sites\\\/5\\\/2021\\\/09\\\/local16092021-20.jpg\",\"contentUrl\":\"https:\\\/\\\/www.bbmnoticias.com\\\/labravaradiofm\\\/wp-content\\\/uploads\\\/sites\\\/5\\\/2021\\\/09\\\/local16092021-20.jpg\",\"width\":1200,\"height\":800},{\"@type\":\"BreadcrumbList\",\"@id\":\"https:\\\/\\\/www.bbmnoticias.com\\\/labravaradiofm\\\/2021\\\/09\\\/16\\\/seran-12-menores-quienes-reciban-la-vacuna-pfizer-anticovid-en-oaxaca\\\/#breadcrumb\",\"itemListElement\":[{\"@type\":\"ListItem\",\"position\":1,\"name\":\"Inicio\",\"item\":\"https:\\\/\\\/www.bbmnoticias.com\\\/labravaradiofm\\\/\"},{\"@type\":\"ListItem\",\"position\":2,\"name\":\"Ser\u00e1n 12 menores quienes reciban la vacuna Pfizer anticovid en Oaxaca\"}]},{\"@type\":\"WebSite\",\"@id\":\"https:\\\/\\\/www.bbmnoticias.com\\\/labravaradiofm\\\/#website\",\"url\":\"https:\\\/\\\/www.bbmnoticias.com\\\/labravaradiofm\\\/\",\"name\":\"LA BRAVA RADIO\",\"description\":\"Empresa productora de medios, Radiodifusi\u00f3n, Noticias, tendencias y todo lo que necesitas saber de la pol\u00edtica mexicana e internacional; entretenimiento, espect\u00e1culos, salud y mucho m\u00e1s.\",\"potentialAction\":[{\"@type\":\"SearchAction\",\"target\":{\"@type\":\"EntryPoint\",\"urlTemplate\":\"https:\\\/\\\/www.bbmnoticias.com\\\/labravaradiofm\\\/?s={search_term_string}\"},\"query-input\":{\"@type\":\"PropertyValueSpecification\",\"valueRequired\":true,\"valueName\":\"search_term_string\"}}],\"inLanguage\":\"es\"},{\"@type\":\"Person\",\"@id\":\"https:\\\/\\\/www.bbmnoticias.com\\\/labravaradiofm\\\/#\\\/schema\\\/person\\\/b7ad4658f4970d61499e84f6fe178160\",\"name\":\"Quadratin\",\"image\":{\"@type\":\"ImageObject\",\"inLanguage\":\"es\",\"@id\":\"https:\\\/\\\/secure.gravatar.com\\\/avatar\\\/34008d7d72488432d6a74f81e839efc9f754b118786ca32cf39d9d5508a68f63?s=96&d=mm&r=g\",\"url\":\"https:\\\/\\\/secure.gravatar.com\\\/avatar\\\/34008d7d72488432d6a74f81e839efc9f754b118786ca32cf39d9d5508a68f63?s=96&d=mm&r=g\",\"contentUrl\":\"https:\\\/\\\/secure.gravatar.com\\\/avatar\\\/34008d7d72488432d6a74f81e839efc9f754b118786ca32cf39d9d5508a68f63?s=96&d=mm&r=g\",\"caption\":\"Quadratin\"},\"url\":\"https:\\\/\\\/www.bbmnoticias.com\\\/labravaradiofm\\\/author\\\/quadratin\\\/\"}]}<\/script>\n<!-- \/ Yoast SEO plugin. -->","yoast_head_json":{"title":"Ser\u00e1n 12 menores quienes reciban la vacuna Pfizer anticovid en Oaxaca - LA BRAVA RADIO","description":"Con ello, \u201cse respetan los derechos humanos de los ni\u00f1os y la preservaci\u00f3n de su vida y de su salud\u201d, coment\u00f3 la abogada.","robots":{"index":"index","follow":"follow","max-snippet":"max-snippet:-1","max-image-preview":"max-image-preview:large","max-video-preview":"max-video-preview:-1"},"canonical":"https:\/\/www.bbmnoticias.com\/labravaradiofm\/2021\/09\/16\/seran-12-menores-quienes-reciban-la-vacuna-pfizer-anticovid-en-oaxaca\/","og_locale":"es_MX","og_type":"article","og_title":"Ser\u00e1n 12 menores quienes reciban la vacuna Pfizer anticovid en Oaxaca - LA BRAVA RADIO","og_description":"Con ello, \u201cse respetan los derechos humanos de los ni\u00f1os y la preservaci\u00f3n de su vida y de su salud\u201d, coment\u00f3 la abogada.","og_url":"https:\/\/www.bbmnoticias.com\/labravaradiofm\/2021\/09\/16\/seran-12-menores-quienes-reciban-la-vacuna-pfizer-anticovid-en-oaxaca\/","og_site_name":"LA BRAVA RADIO","article_published_time":"2021-09-17T00:19:12+00:00","article_modified_time":"2021-09-17T00:19:13+00:00","og_image":[{"width":1200,"height":800,"url":"https:\/\/www.bbmnoticias.com\/labravaradiofm\/wp-content\/uploads\/sites\/5\/2021\/09\/local16092021-20.jpg","type":"image\/jpeg"}],"author":"Quadratin","twitter_card":"summary_large_image","twitter_misc":{"Escrito por":"Quadratin","Tiempo de lectura":"1 minuto"},"schema":{"@context":"https:\/\/schema.org","@graph":[{"@type":"Article","@id":"https:\/\/www.bbmnoticias.com\/labravaradiofm\/2021\/09\/16\/seran-12-menores-quienes-reciban-la-vacuna-pfizer-anticovid-en-oaxaca\/#article","isPartOf":{"@id":"https:\/\/www.bbmnoticias.com\/labravaradiofm\/2021\/09\/16\/seran-12-menores-quienes-reciban-la-vacuna-pfizer-anticovid-en-oaxaca\/"},"author":{"name":"Quadratin","@id":"https:\/\/www.bbmnoticias.com\/labravaradiofm\/#\/schema\/person\/b7ad4658f4970d61499e84f6fe178160"},"headline":"Ser\u00e1n 12 menores quienes reciban la vacuna Pfizer anticovid en Oaxaca","datePublished":"2021-09-17T00:19:12+00:00","dateModified":"2021-09-17T00:19:13+00:00","mainEntityOfPage":{"@id":"https:\/\/www.bbmnoticias.com\/labravaradiofm\/2021\/09\/16\/seran-12-menores-quienes-reciban-la-vacuna-pfizer-anticovid-en-oaxaca\/"},"wordCount":202,"image":{"@id":"https:\/\/www.bbmnoticias.com\/labravaradiofm\/2021\/09\/16\/seran-12-menores-quienes-reciban-la-vacuna-pfizer-anticovid-en-oaxaca\/#primaryimage"},"thumbnailUrl":"https:\/\/www.bbmnoticias.com\/labravaradiofm\/wp-content\/uploads\/sites\/5\/2021\/09\/local16092021-20.jpg","inLanguage":"es"},{"@type":"WebPage","@id":"https:\/\/www.bbmnoticias.com\/labravaradiofm\/2021\/09\/16\/seran-12-menores-quienes-reciban-la-vacuna-pfizer-anticovid-en-oaxaca\/","url":"https:\/\/www.bbmnoticias.com\/labravaradiofm\/2021\/09\/16\/seran-12-menores-quienes-reciban-la-vacuna-pfizer-anticovid-en-oaxaca\/","name":"Ser\u00e1n 12 menores quienes reciban la vacuna Pfizer anticovid en Oaxaca - LA BRAVA RADIO","isPartOf":{"@id":"https:\/\/www.bbmnoticias.com\/labravaradiofm\/#website"},"primaryImageOfPage":{"@id":"https:\/\/www.bbmnoticias.com\/labravaradiofm\/2021\/09\/16\/seran-12-menores-quienes-reciban-la-vacuna-pfizer-anticovid-en-oaxaca\/#primaryimage"},"image":{"@id":"https:\/\/www.bbmnoticias.com\/labravaradiofm\/2021\/09\/16\/seran-12-menores-quienes-reciban-la-vacuna-pfizer-anticovid-en-oaxaca\/#primaryimage"},"thumbnailUrl":"https:\/\/www.bbmnoticias.com\/labravaradiofm\/wp-content\/uploads\/sites\/5\/2021\/09\/local16092021-20.jpg","datePublished":"2021-09-17T00:19:12+00:00","dateModified":"2021-09-17T00:19:13+00:00","author":{"@id":"https:\/\/www.bbmnoticias.com\/labravaradiofm\/#\/schema\/person\/b7ad4658f4970d61499e84f6fe178160"},"description":"Con ello, \u201cse respetan los derechos humanos de los ni\u00f1os y la preservaci\u00f3n de su vida y de su salud\u201d, coment\u00f3 la abogada.","breadcrumb":{"@id":"https:\/\/www.bbmnoticias.com\/labravaradiofm\/2021\/09\/16\/seran-12-menores-quienes-reciban-la-vacuna-pfizer-anticovid-en-oaxaca\/#breadcrumb"},"inLanguage":"es","potentialAction":[{"@type":"ReadAction","target":["https:\/\/www.bbmnoticias.com\/labravaradiofm\/2021\/09\/16\/seran-12-menores-quienes-reciban-la-vacuna-pfizer-anticovid-en-oaxaca\/"]}]},{"@type":"ImageObject","inLanguage":"es","@id":"https:\/\/www.bbmnoticias.com\/labravaradiofm\/2021\/09\/16\/seran-12-menores-quienes-reciban-la-vacuna-pfizer-anticovid-en-oaxaca\/#primaryimage","url":"https:\/\/www.bbmnoticias.com\/labravaradiofm\/wp-content\/uploads\/sites\/5\/2021\/09\/local16092021-20.jpg","contentUrl":"https:\/\/www.bbmnoticias.com\/labravaradiofm\/wp-content\/uploads\/sites\/5\/2021\/09\/local16092021-20.jpg","width":1200,"height":800},{"@type":"BreadcrumbList","@id":"https:\/\/www.bbmnoticias.com\/labravaradiofm\/2021\/09\/16\/seran-12-menores-quienes-reciban-la-vacuna-pfizer-anticovid-en-oaxaca\/#breadcrumb","itemListElement":[{"@type":"ListItem","position":1,"name":"Inicio","item":"https:\/\/www.bbmnoticias.com\/labravaradiofm\/"},{"@type":"ListItem","position":2,"name":"Ser\u00e1n 12 menores quienes reciban la vacuna Pfizer anticovid en Oaxaca"}]},{"@type":"WebSite","@id":"https:\/\/www.bbmnoticias.com\/labravaradiofm\/#website","url":"https:\/\/www.bbmnoticias.com\/labravaradiofm\/","name":"LA BRAVA RADIO","description":"Empresa productora de medios, Radiodifusi\u00f3n, Noticias, tendencias y todo lo que necesitas saber de la pol\u00edtica mexicana e internacional; entretenimiento, espect\u00e1culos, salud y mucho m\u00e1s.","potentialAction":[{"@type":"SearchAction","target":{"@type":"EntryPoint","urlTemplate":"https:\/\/www.bbmnoticias.com\/labravaradiofm\/?s={search_term_string}"},"query-input":{"@type":"PropertyValueSpecification","valueRequired":true,"valueName":"search_term_string"}}],"inLanguage":"es"},{"@type":"Person","@id":"https:\/\/www.bbmnoticias.com\/labravaradiofm\/#\/schema\/person\/b7ad4658f4970d61499e84f6fe178160","name":"Quadratin","image":{"@type":"ImageObject","inLanguage":"es","@id":"https:\/\/secure.gravatar.com\/avatar\/34008d7d72488432d6a74f81e839efc9f754b118786ca32cf39d9d5508a68f63?s=96&d=mm&r=g","url":"https:\/\/secure.gravatar.com\/avatar\/34008d7d72488432d6a74f81e839efc9f754b118786ca32cf39d9d5508a68f63?s=96&d=mm&r=g","contentUrl":"https:\/\/secure.gravatar.com\/avatar\/34008d7d72488432d6a74f81e839efc9f754b118786ca32cf39d9d5508a68f63?s=96&d=mm&r=g","caption":"Quadratin"},"url":"https:\/\/www.bbmnoticias.com\/labravaradiofm\/author\/quadratin\/"}]}},"_links":{"self":[{"href":"https:\/\/www.bbmnoticias.com\/labravaradiofm\/wp-json\/wp\/v2\/posts\/1988","targetHints":{"allow":["GET"]}}],"collection":[{"href":"https:\/\/www.bbmnoticias.com\/labravaradiofm\/wp-json\/wp\/v2\/posts"}],"about":[{"href":"https:\/\/www.bbmnoticias.com\/labravaradiofm\/wp-json\/wp\/v2\/types\/post"}],"author":[{"embeddable":true,"href":"https:\/\/www.bbmnoticias.com\/labravaradiofm\/wp-json\/wp\/v2\/users\/5"}],"replies":[{"embeddable":true,"href":"https:\/\/www.bbmnoticias.com\/labravaradiofm\/wp-json\/wp\/v2\/comments?post=1988"}],"version-history":[{"count":0,"href":"https:\/\/www.bbmnoticias.com\/labravaradiofm\/wp-json\/wp\/v2\/posts\/1988\/revisions"}],"wp:featuredmedia":[{"embeddable":true,"href":"https:\/\/www.bbmnoticias.com\/labravaradiofm\/wp-json\/wp\/v2\/media\/1989"}],"wp:attachment":[{"href":"https:\/\/www.bbmnoticias.com\/labravaradiofm\/wp-json\/wp\/v2\/media?parent=1988"}],"wp:term":[{"taxonomy":"category","embeddable":true,"href":"https:\/\/www.bbmnoticias.com\/labravaradiofm\/wp-json\/wp\/v2\/categories?post=1988"},{"taxonomy":"post_tag","embeddable":true,"href":"https:\/\/www.bbmnoticias.com\/labravaradiofm\/wp-json\/wp\/v2\/tags?post=1988"}],"curies":[{"name":"wp","href":"https:\/\/api.w.org\/{rel}","templated":true}]}}