{"id":1893,"date":"2021-09-15T11:56:29","date_gmt":"2021-09-15T16:56:29","guid":{"rendered":"https:\/\/www.bbmnoticias.com\/labravaradiofm\/?p=1893"},"modified":"2021-09-15T11:56:30","modified_gmt":"2021-09-15T16:56:30","slug":"despliega-sspo-operativo-fiestas-patrias-en-oaxaca","status":"publish","type":"post","link":"https:\/\/www.bbmnoticias.com\/labravaradiofm\/2021\/09\/15\/despliega-sspo-operativo-fiestas-patrias-en-oaxaca\/","title":{"rendered":"Despliega SSPO operativo \u201cfiestas patrias\u201d en Oaxaca"},"content":{"rendered":"<div style=\"margin-top: 0px; margin-bottom: 0px;\" class=\"sharethis-inline-share-buttons\" ><\/div>\n<p><strong>Oaxaca de Ju\u00e1rez, Oax.-<\/strong> Para garantizar el orden y la tranquilidad de la ciudadan\u00eda durante las celebraciones conmemorativas al CCXI Aniversario del Inicio de la Independencia de M\u00e9xico, el secretario de Seguridad P\u00fablica de Oaxaca (SSPO), Heliodoro D\u00edaz Esc\u00e1rraga, gir\u00f3 instrucciones para desplegar un operativo estrat\u00e9gico de proximidad social \u201cfiestas patrias\u201d, en la capital del estado y al interior de la entidad.\u00a0\u00a0<\/p>\n\n\n\n<p>En dicho despliegue, la SSPO participa puntualmente con su capacidad operativa y estado de fuerza unificado por la Polic\u00eda Estatal, Polic\u00eda Vial Estatal, H. Cuerpo de Bomberos y la Polic\u00eda Auxiliar, Bancaria, Industrial y Comercial (PABIC). De igual forma, se cuenta con la presencia de la Guardia Nacional (GN) y Polic\u00edas Municipales, para una mayor coordinaci\u00f3n entre los tres \u00f3rdenes de gobierno.&nbsp;<\/p>\n\n\n\n<p>Por lo anterior, personal operativo refuerza la seguridad para prevenir e inhibir actos delictivos; as\u00ed mismo, exhorta a la poblaci\u00f3n a mantener las medidas de salud para mitigar la propagaci\u00f3n por el COVID-19.&nbsp;<\/p>\n\n\n\n<p>Lo anterior, a trav\u00e9s de la implementaci\u00f3n de recorridos de seguridad, disuasi\u00f3n y vigilancia; as\u00ed como, actividades de proximidad social y protecci\u00f3n ciudadana, apegadas a la protecci\u00f3n de los derechos humanos.&nbsp;<\/p>\n\n\n\n<p>Finalmente, en el marco de dichos eventos conmemorativos, D\u00edaz Esc\u00e1rraga reconoce en las fuerzas estatales, la responsabilidad que mantienen diariamente con sus l\u00edneas de mando con lealtad, disciplina y compromiso, al cerrar filas por el bienestar y seguridad de las familias en el estado; refrendando el compromiso como Secretario al trabajar por su dignificaci\u00f3n policial.<\/p>\n","protected":false},"excerpt":{"rendered":"<p>Oaxaca de Ju\u00e1rez, Oax.- Para garantizar el orden y la tranquilidad de la ciudadan\u00eda durante las celebraciones conmemorativas al CCXI Aniversario del Inicio de la Independencia de M\u00e9xico, el secretario de Seguridad P\u00fablica de Oaxaca (SSPO), Heliodoro D\u00edaz Esc\u00e1rraga, gir\u00f3 instrucciones para desplegar un operativo estrat\u00e9gico de proximidad social \u201cfiestas patrias\u201d, en la capital del [&hellip;]<\/p>\n","protected":false},"author":2,"featured_media":1894,"comment_status":"closed","ping_status":"closed","sticky":false,"template":"","format":"standard","meta":{"footnotes":""},"categories":[2],"tags":[],"class_list":{"0":"post-1893","1":"post","2":"type-post","3":"status-publish","4":"format-standard","5":"has-post-thumbnail","7":"category-oaxaca"},"yoast_head":"<!-- This site is optimized with the Yoast SEO plugin v27.4 - https:\/\/yoast.com\/product\/yoast-seo-wordpress\/ -->\n<title>Despliega SSPO operativo \u201cfiestas patrias\u201d en Oaxaca - LA BRAVA RADIO<\/title>\n<meta name=\"description\" content=\"Finalmente, en el marco de dichos eventos conmemorativos, D\u00edaz Esc\u00e1rraga reconoce en las fuerzas estatales, la responsabilidad que mantienen diariamente\" \/>\n<meta name=\"robots\" content=\"index, follow, max-snippet:-1, max-image-preview:large, max-video-preview:-1\" \/>\n<link rel=\"canonical\" href=\"https:\/\/www.bbmnoticias.com\/labravaradiofm\/2021\/09\/15\/despliega-sspo-operativo-fiestas-patrias-en-oaxaca\/\" \/>\n<meta property=\"og:locale\" content=\"es_MX\" \/>\n<meta property=\"og:type\" content=\"article\" \/>\n<meta property=\"og:title\" content=\"Despliega SSPO operativo \u201cfiestas patrias\u201d en Oaxaca - LA BRAVA RADIO\" \/>\n<meta property=\"og:description\" content=\"Finalmente, en el marco de dichos eventos conmemorativos, D\u00edaz Esc\u00e1rraga reconoce en las fuerzas estatales, la responsabilidad que mantienen diariamente\" \/>\n<meta property=\"og:url\" content=\"https:\/\/www.bbmnoticias.com\/labravaradiofm\/2021\/09\/15\/despliega-sspo-operativo-fiestas-patrias-en-oaxaca\/\" \/>\n<meta property=\"og:site_name\" content=\"LA BRAVA RADIO\" \/>\n<meta property=\"article:published_time\" content=\"2021-09-15T16:56:29+00:00\" \/>\n<meta property=\"article:modified_time\" content=\"2021-09-15T16:56:30+00:00\" \/>\n<meta property=\"og:image\" content=\"https:\/\/www.bbmnoticias.com\/labravaradiofm\/wp-content\/uploads\/sites\/5\/2021\/09\/local15092021-3.jpeg\" \/>\n\t<meta property=\"og:image:width\" content=\"1024\" \/>\n\t<meta property=\"og:image:height\" content=\"683\" \/>\n\t<meta property=\"og:image:type\" content=\"image\/jpeg\" \/>\n<meta name=\"author\" content=\"Staff\" \/>\n<meta name=\"twitter:card\" content=\"summary_large_image\" \/>\n<meta name=\"twitter:label1\" content=\"Escrito por\" \/>\n\t<meta name=\"twitter:data1\" content=\"Staff\" \/>\n\t<meta name=\"twitter:label2\" content=\"Tiempo de lectura\" \/>\n\t<meta name=\"twitter:data2\" content=\"2 minutos\" \/>\n<script type=\"application\/ld+json\" class=\"yoast-schema-graph\">{\"@context\":\"https:\\\/\\\/schema.org\",\"@graph\":[{\"@type\":\"Article\",\"@id\":\"https:\\\/\\\/www.bbmnoticias.com\\\/labravaradiofm\\\/2021\\\/09\\\/15\\\/despliega-sspo-operativo-fiestas-patrias-en-oaxaca\\\/#article\",\"isPartOf\":{\"@id\":\"https:\\\/\\\/www.bbmnoticias.com\\\/labravaradiofm\\\/2021\\\/09\\\/15\\\/despliega-sspo-operativo-fiestas-patrias-en-oaxaca\\\/\"},\"author\":{\"name\":\"Staff\",\"@id\":\"https:\\\/\\\/www.bbmnoticias.com\\\/labravaradiofm\\\/#\\\/schema\\\/person\\\/68a9e9036ef3c5b55aeb2b71dc8bab45\"},\"headline\":\"Despliega SSPO operativo \u201cfiestas patrias\u201d en Oaxaca\",\"datePublished\":\"2021-09-15T16:56:29+00:00\",\"dateModified\":\"2021-09-15T16:56:30+00:00\",\"mainEntityOfPage\":{\"@id\":\"https:\\\/\\\/www.bbmnoticias.com\\\/labravaradiofm\\\/2021\\\/09\\\/15\\\/despliega-sspo-operativo-fiestas-patrias-en-oaxaca\\\/\"},\"wordCount\":277,\"image\":{\"@id\":\"https:\\\/\\\/www.bbmnoticias.com\\\/labravaradiofm\\\/2021\\\/09\\\/15\\\/despliega-sspo-operativo-fiestas-patrias-en-oaxaca\\\/#primaryimage\"},\"thumbnailUrl\":\"https:\\\/\\\/www.bbmnoticias.com\\\/labravaradiofm\\\/wp-content\\\/uploads\\\/sites\\\/5\\\/2021\\\/09\\\/local15092021-3.jpeg\",\"articleSection\":[\"LOCAL\"],\"inLanguage\":\"es\"},{\"@type\":\"WebPage\",\"@id\":\"https:\\\/\\\/www.bbmnoticias.com\\\/labravaradiofm\\\/2021\\\/09\\\/15\\\/despliega-sspo-operativo-fiestas-patrias-en-oaxaca\\\/\",\"url\":\"https:\\\/\\\/www.bbmnoticias.com\\\/labravaradiofm\\\/2021\\\/09\\\/15\\\/despliega-sspo-operativo-fiestas-patrias-en-oaxaca\\\/\",\"name\":\"Despliega SSPO operativo \u201cfiestas patrias\u201d en Oaxaca - LA BRAVA RADIO\",\"isPartOf\":{\"@id\":\"https:\\\/\\\/www.bbmnoticias.com\\\/labravaradiofm\\\/#website\"},\"primaryImageOfPage\":{\"@id\":\"https:\\\/\\\/www.bbmnoticias.com\\\/labravaradiofm\\\/2021\\\/09\\\/15\\\/despliega-sspo-operativo-fiestas-patrias-en-oaxaca\\\/#primaryimage\"},\"image\":{\"@id\":\"https:\\\/\\\/www.bbmnoticias.com\\\/labravaradiofm\\\/2021\\\/09\\\/15\\\/despliega-sspo-operativo-fiestas-patrias-en-oaxaca\\\/#primaryimage\"},\"thumbnailUrl\":\"https:\\\/\\\/www.bbmnoticias.com\\\/labravaradiofm\\\/wp-content\\\/uploads\\\/sites\\\/5\\\/2021\\\/09\\\/local15092021-3.jpeg\",\"datePublished\":\"2021-09-15T16:56:29+00:00\",\"dateModified\":\"2021-09-15T16:56:30+00:00\",\"author\":{\"@id\":\"https:\\\/\\\/www.bbmnoticias.com\\\/labravaradiofm\\\/#\\\/schema\\\/person\\\/68a9e9036ef3c5b55aeb2b71dc8bab45\"},\"description\":\"Finalmente, en el marco de dichos eventos conmemorativos, D\u00edaz Esc\u00e1rraga reconoce en las fuerzas estatales, la responsabilidad que mantienen diariamente\",\"breadcrumb\":{\"@id\":\"https:\\\/\\\/www.bbmnoticias.com\\\/labravaradiofm\\\/2021\\\/09\\\/15\\\/despliega-sspo-operativo-fiestas-patrias-en-oaxaca\\\/#breadcrumb\"},\"inLanguage\":\"es\",\"potentialAction\":[{\"@type\":\"ReadAction\",\"target\":[\"https:\\\/\\\/www.bbmnoticias.com\\\/labravaradiofm\\\/2021\\\/09\\\/15\\\/despliega-sspo-operativo-fiestas-patrias-en-oaxaca\\\/\"]}]},{\"@type\":\"ImageObject\",\"inLanguage\":\"es\",\"@id\":\"https:\\\/\\\/www.bbmnoticias.com\\\/labravaradiofm\\\/2021\\\/09\\\/15\\\/despliega-sspo-operativo-fiestas-patrias-en-oaxaca\\\/#primaryimage\",\"url\":\"https:\\\/\\\/www.bbmnoticias.com\\\/labravaradiofm\\\/wp-content\\\/uploads\\\/sites\\\/5\\\/2021\\\/09\\\/local15092021-3.jpeg\",\"contentUrl\":\"https:\\\/\\\/www.bbmnoticias.com\\\/labravaradiofm\\\/wp-content\\\/uploads\\\/sites\\\/5\\\/2021\\\/09\\\/local15092021-3.jpeg\",\"width\":1024,\"height\":683},{\"@type\":\"BreadcrumbList\",\"@id\":\"https:\\\/\\\/www.bbmnoticias.com\\\/labravaradiofm\\\/2021\\\/09\\\/15\\\/despliega-sspo-operativo-fiestas-patrias-en-oaxaca\\\/#breadcrumb\",\"itemListElement\":[{\"@type\":\"ListItem\",\"position\":1,\"name\":\"Inicio\",\"item\":\"https:\\\/\\\/www.bbmnoticias.com\\\/labravaradiofm\\\/\"},{\"@type\":\"ListItem\",\"position\":2,\"name\":\"Despliega SSPO operativo \u201cfiestas patrias\u201d en Oaxaca\"}]},{\"@type\":\"WebSite\",\"@id\":\"https:\\\/\\\/www.bbmnoticias.com\\\/labravaradiofm\\\/#website\",\"url\":\"https:\\\/\\\/www.bbmnoticias.com\\\/labravaradiofm\\\/\",\"name\":\"LA BRAVA RADIO\",\"description\":\"Empresa productora de medios, Radiodifusi\u00f3n, Noticias, tendencias y todo lo que necesitas saber de la pol\u00edtica mexicana e internacional; entretenimiento, espect\u00e1culos, salud y mucho m\u00e1s.\",\"potentialAction\":[{\"@type\":\"SearchAction\",\"target\":{\"@type\":\"EntryPoint\",\"urlTemplate\":\"https:\\\/\\\/www.bbmnoticias.com\\\/labravaradiofm\\\/?s={search_term_string}\"},\"query-input\":{\"@type\":\"PropertyValueSpecification\",\"valueRequired\":true,\"valueName\":\"search_term_string\"}}],\"inLanguage\":\"es\"},{\"@type\":\"Person\",\"@id\":\"https:\\\/\\\/www.bbmnoticias.com\\\/labravaradiofm\\\/#\\\/schema\\\/person\\\/68a9e9036ef3c5b55aeb2b71dc8bab45\",\"name\":\"Staff\",\"image\":{\"@type\":\"ImageObject\",\"inLanguage\":\"es\",\"@id\":\"https:\\\/\\\/secure.gravatar.com\\\/avatar\\\/fdd21ad66fd8b98c407f9dee5b5e588cfe7f0d8579ec20fa6527cd59bab7f0f0?s=96&d=mm&r=g\",\"url\":\"https:\\\/\\\/secure.gravatar.com\\\/avatar\\\/fdd21ad66fd8b98c407f9dee5b5e588cfe7f0d8579ec20fa6527cd59bab7f0f0?s=96&d=mm&r=g\",\"contentUrl\":\"https:\\\/\\\/secure.gravatar.com\\\/avatar\\\/fdd21ad66fd8b98c407f9dee5b5e588cfe7f0d8579ec20fa6527cd59bab7f0f0?s=96&d=mm&r=g\",\"caption\":\"Staff\"},\"url\":\"https:\\\/\\\/www.bbmnoticias.com\\\/labravaradiofm\\\/author\\\/redaccion\\\/\"}]}<\/script>\n<!-- \/ Yoast SEO plugin. -->","yoast_head_json":{"title":"Despliega SSPO operativo \u201cfiestas patrias\u201d en Oaxaca - LA BRAVA RADIO","description":"Finalmente, en el marco de dichos eventos conmemorativos, D\u00edaz Esc\u00e1rraga reconoce en las fuerzas estatales, la responsabilidad que mantienen diariamente","robots":{"index":"index","follow":"follow","max-snippet":"max-snippet:-1","max-image-preview":"max-image-preview:large","max-video-preview":"max-video-preview:-1"},"canonical":"https:\/\/www.bbmnoticias.com\/labravaradiofm\/2021\/09\/15\/despliega-sspo-operativo-fiestas-patrias-en-oaxaca\/","og_locale":"es_MX","og_type":"article","og_title":"Despliega SSPO operativo \u201cfiestas patrias\u201d en Oaxaca - LA BRAVA RADIO","og_description":"Finalmente, en el marco de dichos eventos conmemorativos, D\u00edaz Esc\u00e1rraga reconoce en las fuerzas estatales, la responsabilidad que mantienen diariamente","og_url":"https:\/\/www.bbmnoticias.com\/labravaradiofm\/2021\/09\/15\/despliega-sspo-operativo-fiestas-patrias-en-oaxaca\/","og_site_name":"LA BRAVA RADIO","article_published_time":"2021-09-15T16:56:29+00:00","article_modified_time":"2021-09-15T16:56:30+00:00","og_image":[{"width":1024,"height":683,"url":"https:\/\/www.bbmnoticias.com\/labravaradiofm\/wp-content\/uploads\/sites\/5\/2021\/09\/local15092021-3.jpeg","type":"image\/jpeg"}],"author":"Staff","twitter_card":"summary_large_image","twitter_misc":{"Escrito por":"Staff","Tiempo de lectura":"2 minutos"},"schema":{"@context":"https:\/\/schema.org","@graph":[{"@type":"Article","@id":"https:\/\/www.bbmnoticias.com\/labravaradiofm\/2021\/09\/15\/despliega-sspo-operativo-fiestas-patrias-en-oaxaca\/#article","isPartOf":{"@id":"https:\/\/www.bbmnoticias.com\/labravaradiofm\/2021\/09\/15\/despliega-sspo-operativo-fiestas-patrias-en-oaxaca\/"},"author":{"name":"Staff","@id":"https:\/\/www.bbmnoticias.com\/labravaradiofm\/#\/schema\/person\/68a9e9036ef3c5b55aeb2b71dc8bab45"},"headline":"Despliega SSPO operativo \u201cfiestas patrias\u201d en Oaxaca","datePublished":"2021-09-15T16:56:29+00:00","dateModified":"2021-09-15T16:56:30+00:00","mainEntityOfPage":{"@id":"https:\/\/www.bbmnoticias.com\/labravaradiofm\/2021\/09\/15\/despliega-sspo-operativo-fiestas-patrias-en-oaxaca\/"},"wordCount":277,"image":{"@id":"https:\/\/www.bbmnoticias.com\/labravaradiofm\/2021\/09\/15\/despliega-sspo-operativo-fiestas-patrias-en-oaxaca\/#primaryimage"},"thumbnailUrl":"https:\/\/www.bbmnoticias.com\/labravaradiofm\/wp-content\/uploads\/sites\/5\/2021\/09\/local15092021-3.jpeg","articleSection":["LOCAL"],"inLanguage":"es"},{"@type":"WebPage","@id":"https:\/\/www.bbmnoticias.com\/labravaradiofm\/2021\/09\/15\/despliega-sspo-operativo-fiestas-patrias-en-oaxaca\/","url":"https:\/\/www.bbmnoticias.com\/labravaradiofm\/2021\/09\/15\/despliega-sspo-operativo-fiestas-patrias-en-oaxaca\/","name":"Despliega SSPO operativo \u201cfiestas patrias\u201d en Oaxaca - LA BRAVA RADIO","isPartOf":{"@id":"https:\/\/www.bbmnoticias.com\/labravaradiofm\/#website"},"primaryImageOfPage":{"@id":"https:\/\/www.bbmnoticias.com\/labravaradiofm\/2021\/09\/15\/despliega-sspo-operativo-fiestas-patrias-en-oaxaca\/#primaryimage"},"image":{"@id":"https:\/\/www.bbmnoticias.com\/labravaradiofm\/2021\/09\/15\/despliega-sspo-operativo-fiestas-patrias-en-oaxaca\/#primaryimage"},"thumbnailUrl":"https:\/\/www.bbmnoticias.com\/labravaradiofm\/wp-content\/uploads\/sites\/5\/2021\/09\/local15092021-3.jpeg","datePublished":"2021-09-15T16:56:29+00:00","dateModified":"2021-09-15T16:56:30+00:00","author":{"@id":"https:\/\/www.bbmnoticias.com\/labravaradiofm\/#\/schema\/person\/68a9e9036ef3c5b55aeb2b71dc8bab45"},"description":"Finalmente, en el marco de dichos eventos conmemorativos, D\u00edaz Esc\u00e1rraga reconoce en las fuerzas estatales, la responsabilidad que mantienen diariamente","breadcrumb":{"@id":"https:\/\/www.bbmnoticias.com\/labravaradiofm\/2021\/09\/15\/despliega-sspo-operativo-fiestas-patrias-en-oaxaca\/#breadcrumb"},"inLanguage":"es","potentialAction":[{"@type":"ReadAction","target":["https:\/\/www.bbmnoticias.com\/labravaradiofm\/2021\/09\/15\/despliega-sspo-operativo-fiestas-patrias-en-oaxaca\/"]}]},{"@type":"ImageObject","inLanguage":"es","@id":"https:\/\/www.bbmnoticias.com\/labravaradiofm\/2021\/09\/15\/despliega-sspo-operativo-fiestas-patrias-en-oaxaca\/#primaryimage","url":"https:\/\/www.bbmnoticias.com\/labravaradiofm\/wp-content\/uploads\/sites\/5\/2021\/09\/local15092021-3.jpeg","contentUrl":"https:\/\/www.bbmnoticias.com\/labravaradiofm\/wp-content\/uploads\/sites\/5\/2021\/09\/local15092021-3.jpeg","width":1024,"height":683},{"@type":"BreadcrumbList","@id":"https:\/\/www.bbmnoticias.com\/labravaradiofm\/2021\/09\/15\/despliega-sspo-operativo-fiestas-patrias-en-oaxaca\/#breadcrumb","itemListElement":[{"@type":"ListItem","position":1,"name":"Inicio","item":"https:\/\/www.bbmnoticias.com\/labravaradiofm\/"},{"@type":"ListItem","position":2,"name":"Despliega SSPO operativo \u201cfiestas patrias\u201d en Oaxaca"}]},{"@type":"WebSite","@id":"https:\/\/www.bbmnoticias.com\/labravaradiofm\/#website","url":"https:\/\/www.bbmnoticias.com\/labravaradiofm\/","name":"LA BRAVA RADIO","description":"Empresa productora de medios, Radiodifusi\u00f3n, Noticias, tendencias y todo lo que necesitas saber de la pol\u00edtica mexicana e internacional; entretenimiento, espect\u00e1culos, salud y mucho m\u00e1s.","potentialAction":[{"@type":"SearchAction","target":{"@type":"EntryPoint","urlTemplate":"https:\/\/www.bbmnoticias.com\/labravaradiofm\/?s={search_term_string}"},"query-input":{"@type":"PropertyValueSpecification","valueRequired":true,"valueName":"search_term_string"}}],"inLanguage":"es"},{"@type":"Person","@id":"https:\/\/www.bbmnoticias.com\/labravaradiofm\/#\/schema\/person\/68a9e9036ef3c5b55aeb2b71dc8bab45","name":"Staff","image":{"@type":"ImageObject","inLanguage":"es","@id":"https:\/\/secure.gravatar.com\/avatar\/fdd21ad66fd8b98c407f9dee5b5e588cfe7f0d8579ec20fa6527cd59bab7f0f0?s=96&d=mm&r=g","url":"https:\/\/secure.gravatar.com\/avatar\/fdd21ad66fd8b98c407f9dee5b5e588cfe7f0d8579ec20fa6527cd59bab7f0f0?s=96&d=mm&r=g","contentUrl":"https:\/\/secure.gravatar.com\/avatar\/fdd21ad66fd8b98c407f9dee5b5e588cfe7f0d8579ec20fa6527cd59bab7f0f0?s=96&d=mm&r=g","caption":"Staff"},"url":"https:\/\/www.bbmnoticias.com\/labravaradiofm\/author\/redaccion\/"}]}},"_links":{"self":[{"href":"https:\/\/www.bbmnoticias.com\/labravaradiofm\/wp-json\/wp\/v2\/posts\/1893","targetHints":{"allow":["GET"]}}],"collection":[{"href":"https:\/\/www.bbmnoticias.com\/labravaradiofm\/wp-json\/wp\/v2\/posts"}],"about":[{"href":"https:\/\/www.bbmnoticias.com\/labravaradiofm\/wp-json\/wp\/v2\/types\/post"}],"author":[{"embeddable":true,"href":"https:\/\/www.bbmnoticias.com\/labravaradiofm\/wp-json\/wp\/v2\/users\/2"}],"replies":[{"embeddable":true,"href":"https:\/\/www.bbmnoticias.com\/labravaradiofm\/wp-json\/wp\/v2\/comments?post=1893"}],"version-history":[{"count":0,"href":"https:\/\/www.bbmnoticias.com\/labravaradiofm\/wp-json\/wp\/v2\/posts\/1893\/revisions"}],"wp:featuredmedia":[{"embeddable":true,"href":"https:\/\/www.bbmnoticias.com\/labravaradiofm\/wp-json\/wp\/v2\/media\/1894"}],"wp:attachment":[{"href":"https:\/\/www.bbmnoticias.com\/labravaradiofm\/wp-json\/wp\/v2\/media?parent=1893"}],"wp:term":[{"taxonomy":"category","embeddable":true,"href":"https:\/\/www.bbmnoticias.com\/labravaradiofm\/wp-json\/wp\/v2\/categories?post=1893"},{"taxonomy":"post_tag","embeddable":true,"href":"https:\/\/www.bbmnoticias.com\/labravaradiofm\/wp-json\/wp\/v2\/tags?post=1893"}],"curies":[{"name":"wp","href":"https:\/\/api.w.org\/{rel}","templated":true}]}}