{"id":1890,"date":"2021-09-15T09:47:19","date_gmt":"2021-09-15T14:47:19","guid":{"rendered":"https:\/\/www.bbmnoticias.com\/labravaradiofm\/?p=1890"},"modified":"2021-09-15T09:47:20","modified_gmt":"2021-09-15T14:47:20","slug":"pedro-almodovar-se-encamina-para-ir-al-oscar-en-su-94-edicion","status":"publish","type":"post","link":"https:\/\/www.bbmnoticias.com\/labravaradiofm\/2021\/09\/15\/pedro-almodovar-se-encamina-para-ir-al-oscar-en-su-94-edicion\/","title":{"rendered":"Pedro Almod\u00f3var se encamina para ir al Oscar en su 94 edici\u00f3n"},"content":{"rendered":"<div style=\"margin-top: 0px; margin-bottom: 0px;\" class=\"sharethis-inline-share-buttons\" ><\/div>\n<p><strong>Madrid, Espa\u00f1a.- <\/strong>&nbsp;La pel\u00edcula <em>Madres paralelas, de Pedro Almod\u00f3var,<\/em>aspira a representar a Espa\u00f1a en la 94 edici\u00f3n de los Premios Oscar en la categor\u00eda de Mejor Pel\u00edcula Internacional.<\/p>\n\n\n\n<p>Los miembros de la Academia de Cine de Espa\u00f1a seleccionaron tres pel\u00edculas:<em>El buen patr\u00f3n, de Fernando Le\u00f3n de Aranoa, Mediterr\u00e1neo; de Marcel Barrena y la de Almod\u00f3var. <\/em>La actriz Ver\u00f3nica Echegui, fue la encargada de dar a conocer las pel\u00edculas seleccionadas acompa\u00f1ada&nbsp; por el presidente de la Academia de Cine, Mariano Barroso y el notario Federico Gayaralde Ni\u00f1o. Ser\u00e1 el 5 de octubre cuando se anuncie el t\u00edtulo que finalmente ir\u00e1 a los premios Oscar.<\/p>\n\n\n\n<p><em>Madres paralelas, <\/em>es una de las pel\u00edculas que ha causado pol\u00e9mica desde que lanz\u00f3 su p\u00f3ster, y ha sido valorada positivamente en el festival de Venecia, donde la actriz Pen\u00e9lope Cruz recibi\u00f3&nbsp; la copa Volpi&nbsp; como Mejor Actriz, por&nbsp; su interpretaci\u00f3n en la pel\u00edcula de Almod\u00f3var.<\/p>\n\n\n\n<p>Personas cercanas al productor manchego, han declarado que se encuentra muy animado y con&nbsp; el \u00e1nimo de la competencia.<\/p>\n\n\n\n<p>Asimismo, El<em> buen patr\u00f3n,<\/em> protagonizada por el actor Javier Bardem, competir\u00e1 en la secci\u00f3n oficial del Festival de San Sebasti\u00e1n. La nueva pel\u00edcula de Fernando Le\u00f3n de Aranoa, una s\u00e1tira ambientada en el mundo de las relaciones laborales.<\/p>\n\n\n\n<p>Protagonizada por Eduard Fern\u00e1ndez, Dani Rovira y Anna Castillo, <em>Mediterr\u00e1neo<\/em> est\u00e1 basada en la historia real de dos socorristas de Badalona, Oscar Camps y Gerard Canals, que viajaron en 2015 a Lesbos tras ver la terrible fotograf\u00eda del peque\u00f1o Aylan Kurdi, que recorri\u00f3 la prensa internacional. Este equipo de salvamento que se convirti\u00f3 en la ONG Open Arms hoy sigue luchando contra las muertes en el mar de aquellas personas que huyen de conflictos armados. Con su nueva pel\u00edcula, Marcel Barrena aspira por primera vez a representar a nuestro pa\u00eds en los Oscar.<\/p>\n\n\n\n<figure class=\"wp-block-embed is-type-video is-provider-youtube wp-block-embed-youtube wp-embed-aspect-16-9 wp-has-aspect-ratio\"><div class=\"wp-block-embed__wrapper\">\n<div class=\"youtube-embed\" data-video_id=\"8TMhL9lcGD4\"><iframe loading=\"lazy\" title=\"Tr\u00e1iler oficial de &#039;Madres paralelas&#039; de Pedro Almod\u00f3var\" width=\"696\" height=\"392\" src=\"https:\/\/www.youtube.com\/embed\/8TMhL9lcGD4?feature=oembed&#038;enablejsapi=1\" frameborder=\"0\" allow=\"accelerometer; autoplay; clipboard-write; encrypted-media; gyroscope; picture-in-picture; web-share\" allowfullscreen><\/iframe><\/div>\n<\/div><\/figure>\n","protected":false},"excerpt":{"rendered":"<p>Madrid, Espa\u00f1a.- &nbsp;La pel\u00edcula Madres paralelas, de Pedro Almod\u00f3var,aspira a representar a Espa\u00f1a en la 94 edici\u00f3n de los Premios Oscar en la categor\u00eda de Mejor Pel\u00edcula Internacional. Los miembros de la Academia de Cine de Espa\u00f1a seleccionaron tres pel\u00edculas:El buen patr\u00f3n, de Fernando Le\u00f3n de Aranoa, Mediterr\u00e1neo; de Marcel Barrena y la de Almod\u00f3var. [&hellip;]<\/p>\n","protected":false},"author":6,"featured_media":1891,"comment_status":"closed","ping_status":"closed","sticky":false,"template":"","format":"standard","meta":{"footnotes":""},"categories":[1],"tags":[],"class_list":{"0":"post-1890","1":"post","2":"type-post","3":"status-publish","4":"format-standard","5":"has-post-thumbnail","7":"category-sin-categoria"},"yoast_head":"<!-- This site is optimized with the Yoast SEO plugin v27.4 - https:\/\/yoast.com\/product\/yoast-seo-wordpress\/ -->\n<title>Pedro Almod\u00f3var se encamina para ir al Oscar en su 94 edici\u00f3n - LA BRAVA RADIO<\/title>\n<meta name=\"description\" content=\"Madres paralelas, es una de las pel\u00edculas que ha causado pol\u00e9mica desde que lanz\u00f3 su p\u00f3ster, y ha sido valorada positivamente\" \/>\n<meta name=\"robots\" content=\"index, follow, max-snippet:-1, max-image-preview:large, max-video-preview:-1\" \/>\n<link rel=\"canonical\" href=\"https:\/\/www.bbmnoticias.com\/labravaradiofm\/2021\/09\/15\/pedro-almodovar-se-encamina-para-ir-al-oscar-en-su-94-edicion\/\" \/>\n<meta property=\"og:locale\" content=\"es_MX\" \/>\n<meta property=\"og:type\" content=\"article\" \/>\n<meta property=\"og:title\" content=\"Pedro Almod\u00f3var se encamina para ir al Oscar en su 94 edici\u00f3n - LA BRAVA RADIO\" \/>\n<meta property=\"og:description\" content=\"Madres paralelas, es una de las pel\u00edculas que ha causado pol\u00e9mica desde que lanz\u00f3 su p\u00f3ster, y ha sido valorada positivamente\" \/>\n<meta property=\"og:url\" content=\"https:\/\/www.bbmnoticias.com\/labravaradiofm\/2021\/09\/15\/pedro-almodovar-se-encamina-para-ir-al-oscar-en-su-94-edicion\/\" \/>\n<meta property=\"og:site_name\" content=\"LA BRAVA RADIO\" \/>\n<meta property=\"article:published_time\" content=\"2021-09-15T14:47:19+00:00\" \/>\n<meta property=\"article:modified_time\" content=\"2021-09-15T14:47:20+00:00\" \/>\n<meta property=\"og:image\" content=\"https:\/\/www.bbmnoticias.com\/labravaradiofm\/wp-content\/uploads\/sites\/5\/2021\/09\/espectaculos15092021-1.jpg\" \/>\n\t<meta property=\"og:image:width\" content=\"640\" \/>\n\t<meta property=\"og:image:height\" content=\"619\" \/>\n\t<meta property=\"og:image:type\" content=\"image\/jpeg\" \/>\n<meta name=\"author\" content=\"Mar\u00eda Esther Beltr\u00e1n Mart\u00ednez\" \/>\n<meta name=\"twitter:card\" content=\"summary_large_image\" \/>\n<meta name=\"twitter:label1\" content=\"Escrito por\" \/>\n\t<meta name=\"twitter:data1\" content=\"Mar\u00eda Esther Beltr\u00e1n Mart\u00ednez\" \/>\n\t<meta name=\"twitter:label2\" content=\"Tiempo de lectura\" \/>\n\t<meta name=\"twitter:data2\" content=\"2 minutos\" \/>\n<script type=\"application\/ld+json\" class=\"yoast-schema-graph\">{\"@context\":\"https:\\\/\\\/schema.org\",\"@graph\":[{\"@type\":\"Article\",\"@id\":\"https:\\\/\\\/www.bbmnoticias.com\\\/labravaradiofm\\\/2021\\\/09\\\/15\\\/pedro-almodovar-se-encamina-para-ir-al-oscar-en-su-94-edicion\\\/#article\",\"isPartOf\":{\"@id\":\"https:\\\/\\\/www.bbmnoticias.com\\\/labravaradiofm\\\/2021\\\/09\\\/15\\\/pedro-almodovar-se-encamina-para-ir-al-oscar-en-su-94-edicion\\\/\"},\"author\":{\"name\":\"Mar\u00eda Esther Beltr\u00e1n Mart\u00ednez\",\"@id\":\"https:\\\/\\\/www.bbmnoticias.com\\\/labravaradiofm\\\/#\\\/schema\\\/person\\\/ff037dabcc375d1b25289b6fd3902bd6\"},\"headline\":\"Pedro Almod\u00f3var se encamina para ir al Oscar en su 94 edici\u00f3n\",\"datePublished\":\"2021-09-15T14:47:19+00:00\",\"dateModified\":\"2021-09-15T14:47:20+00:00\",\"mainEntityOfPage\":{\"@id\":\"https:\\\/\\\/www.bbmnoticias.com\\\/labravaradiofm\\\/2021\\\/09\\\/15\\\/pedro-almodovar-se-encamina-para-ir-al-oscar-en-su-94-edicion\\\/\"},\"wordCount\":363,\"image\":{\"@id\":\"https:\\\/\\\/www.bbmnoticias.com\\\/labravaradiofm\\\/2021\\\/09\\\/15\\\/pedro-almodovar-se-encamina-para-ir-al-oscar-en-su-94-edicion\\\/#primaryimage\"},\"thumbnailUrl\":\"https:\\\/\\\/www.bbmnoticias.com\\\/labravaradiofm\\\/wp-content\\\/uploads\\\/sites\\\/5\\\/2021\\\/09\\\/espectaculos15092021-1.jpg\",\"inLanguage\":\"es\"},{\"@type\":\"WebPage\",\"@id\":\"https:\\\/\\\/www.bbmnoticias.com\\\/labravaradiofm\\\/2021\\\/09\\\/15\\\/pedro-almodovar-se-encamina-para-ir-al-oscar-en-su-94-edicion\\\/\",\"url\":\"https:\\\/\\\/www.bbmnoticias.com\\\/labravaradiofm\\\/2021\\\/09\\\/15\\\/pedro-almodovar-se-encamina-para-ir-al-oscar-en-su-94-edicion\\\/\",\"name\":\"Pedro Almod\u00f3var se encamina para ir al Oscar en su 94 edici\u00f3n - LA BRAVA RADIO\",\"isPartOf\":{\"@id\":\"https:\\\/\\\/www.bbmnoticias.com\\\/labravaradiofm\\\/#website\"},\"primaryImageOfPage\":{\"@id\":\"https:\\\/\\\/www.bbmnoticias.com\\\/labravaradiofm\\\/2021\\\/09\\\/15\\\/pedro-almodovar-se-encamina-para-ir-al-oscar-en-su-94-edicion\\\/#primaryimage\"},\"image\":{\"@id\":\"https:\\\/\\\/www.bbmnoticias.com\\\/labravaradiofm\\\/2021\\\/09\\\/15\\\/pedro-almodovar-se-encamina-para-ir-al-oscar-en-su-94-edicion\\\/#primaryimage\"},\"thumbnailUrl\":\"https:\\\/\\\/www.bbmnoticias.com\\\/labravaradiofm\\\/wp-content\\\/uploads\\\/sites\\\/5\\\/2021\\\/09\\\/espectaculos15092021-1.jpg\",\"datePublished\":\"2021-09-15T14:47:19+00:00\",\"dateModified\":\"2021-09-15T14:47:20+00:00\",\"author\":{\"@id\":\"https:\\\/\\\/www.bbmnoticias.com\\\/labravaradiofm\\\/#\\\/schema\\\/person\\\/ff037dabcc375d1b25289b6fd3902bd6\"},\"description\":\"Madres paralelas, es una de las pel\u00edculas que ha causado pol\u00e9mica desde que lanz\u00f3 su p\u00f3ster, y ha sido valorada positivamente\",\"breadcrumb\":{\"@id\":\"https:\\\/\\\/www.bbmnoticias.com\\\/labravaradiofm\\\/2021\\\/09\\\/15\\\/pedro-almodovar-se-encamina-para-ir-al-oscar-en-su-94-edicion\\\/#breadcrumb\"},\"inLanguage\":\"es\",\"potentialAction\":[{\"@type\":\"ReadAction\",\"target\":[\"https:\\\/\\\/www.bbmnoticias.com\\\/labravaradiofm\\\/2021\\\/09\\\/15\\\/pedro-almodovar-se-encamina-para-ir-al-oscar-en-su-94-edicion\\\/\"]}]},{\"@type\":\"ImageObject\",\"inLanguage\":\"es\",\"@id\":\"https:\\\/\\\/www.bbmnoticias.com\\\/labravaradiofm\\\/2021\\\/09\\\/15\\\/pedro-almodovar-se-encamina-para-ir-al-oscar-en-su-94-edicion\\\/#primaryimage\",\"url\":\"https:\\\/\\\/www.bbmnoticias.com\\\/labravaradiofm\\\/wp-content\\\/uploads\\\/sites\\\/5\\\/2021\\\/09\\\/espectaculos15092021-1.jpg\",\"contentUrl\":\"https:\\\/\\\/www.bbmnoticias.com\\\/labravaradiofm\\\/wp-content\\\/uploads\\\/sites\\\/5\\\/2021\\\/09\\\/espectaculos15092021-1.jpg\",\"width\":640,\"height\":619},{\"@type\":\"BreadcrumbList\",\"@id\":\"https:\\\/\\\/www.bbmnoticias.com\\\/labravaradiofm\\\/2021\\\/09\\\/15\\\/pedro-almodovar-se-encamina-para-ir-al-oscar-en-su-94-edicion\\\/#breadcrumb\",\"itemListElement\":[{\"@type\":\"ListItem\",\"position\":1,\"name\":\"Inicio\",\"item\":\"https:\\\/\\\/www.bbmnoticias.com\\\/labravaradiofm\\\/\"},{\"@type\":\"ListItem\",\"position\":2,\"name\":\"Pedro Almod\u00f3var se encamina para ir al Oscar en su 94 edici\u00f3n\"}]},{\"@type\":\"WebSite\",\"@id\":\"https:\\\/\\\/www.bbmnoticias.com\\\/labravaradiofm\\\/#website\",\"url\":\"https:\\\/\\\/www.bbmnoticias.com\\\/labravaradiofm\\\/\",\"name\":\"LA BRAVA RADIO\",\"description\":\"Empresa productora de medios, Radiodifusi\u00f3n, Noticias, tendencias y todo lo que necesitas saber de la pol\u00edtica mexicana e internacional; entretenimiento, espect\u00e1culos, salud y mucho m\u00e1s.\",\"potentialAction\":[{\"@type\":\"SearchAction\",\"target\":{\"@type\":\"EntryPoint\",\"urlTemplate\":\"https:\\\/\\\/www.bbmnoticias.com\\\/labravaradiofm\\\/?s={search_term_string}\"},\"query-input\":{\"@type\":\"PropertyValueSpecification\",\"valueRequired\":true,\"valueName\":\"search_term_string\"}}],\"inLanguage\":\"es\"},{\"@type\":\"Person\",\"@id\":\"https:\\\/\\\/www.bbmnoticias.com\\\/labravaradiofm\\\/#\\\/schema\\\/person\\\/ff037dabcc375d1b25289b6fd3902bd6\",\"name\":\"Mar\u00eda Esther Beltr\u00e1n Mart\u00ednez\",\"image\":{\"@type\":\"ImageObject\",\"inLanguage\":\"es\",\"@id\":\"https:\\\/\\\/secure.gravatar.com\\\/avatar\\\/50efe5915c3eac137dcc550ff1c590bc6054705eb482a33520c9501c8eec550f?s=96&d=mm&r=g\",\"url\":\"https:\\\/\\\/secure.gravatar.com\\\/avatar\\\/50efe5915c3eac137dcc550ff1c590bc6054705eb482a33520c9501c8eec550f?s=96&d=mm&r=g\",\"contentUrl\":\"https:\\\/\\\/secure.gravatar.com\\\/avatar\\\/50efe5915c3eac137dcc550ff1c590bc6054705eb482a33520c9501c8eec550f?s=96&d=mm&r=g\",\"caption\":\"Mar\u00eda Esther Beltr\u00e1n Mart\u00ednez\"},\"url\":\"https:\\\/\\\/www.bbmnoticias.com\\\/labravaradiofm\\\/author\\\/maria\\\/\"}]}<\/script>\n<!-- \/ Yoast SEO plugin. -->","yoast_head_json":{"title":"Pedro Almod\u00f3var se encamina para ir al Oscar en su 94 edici\u00f3n - LA BRAVA RADIO","description":"Madres paralelas, es una de las pel\u00edculas que ha causado pol\u00e9mica desde que lanz\u00f3 su p\u00f3ster, y ha sido valorada positivamente","robots":{"index":"index","follow":"follow","max-snippet":"max-snippet:-1","max-image-preview":"max-image-preview:large","max-video-preview":"max-video-preview:-1"},"canonical":"https:\/\/www.bbmnoticias.com\/labravaradiofm\/2021\/09\/15\/pedro-almodovar-se-encamina-para-ir-al-oscar-en-su-94-edicion\/","og_locale":"es_MX","og_type":"article","og_title":"Pedro Almod\u00f3var se encamina para ir al Oscar en su 94 edici\u00f3n - LA BRAVA RADIO","og_description":"Madres paralelas, es una de las pel\u00edculas que ha causado pol\u00e9mica desde que lanz\u00f3 su p\u00f3ster, y ha sido valorada positivamente","og_url":"https:\/\/www.bbmnoticias.com\/labravaradiofm\/2021\/09\/15\/pedro-almodovar-se-encamina-para-ir-al-oscar-en-su-94-edicion\/","og_site_name":"LA BRAVA RADIO","article_published_time":"2021-09-15T14:47:19+00:00","article_modified_time":"2021-09-15T14:47:20+00:00","og_image":[{"width":640,"height":619,"url":"https:\/\/www.bbmnoticias.com\/labravaradiofm\/wp-content\/uploads\/sites\/5\/2021\/09\/espectaculos15092021-1.jpg","type":"image\/jpeg"}],"author":"Mar\u00eda Esther Beltr\u00e1n Mart\u00ednez","twitter_card":"summary_large_image","twitter_misc":{"Escrito por":"Mar\u00eda Esther Beltr\u00e1n Mart\u00ednez","Tiempo de lectura":"2 minutos"},"schema":{"@context":"https:\/\/schema.org","@graph":[{"@type":"Article","@id":"https:\/\/www.bbmnoticias.com\/labravaradiofm\/2021\/09\/15\/pedro-almodovar-se-encamina-para-ir-al-oscar-en-su-94-edicion\/#article","isPartOf":{"@id":"https:\/\/www.bbmnoticias.com\/labravaradiofm\/2021\/09\/15\/pedro-almodovar-se-encamina-para-ir-al-oscar-en-su-94-edicion\/"},"author":{"name":"Mar\u00eda Esther Beltr\u00e1n Mart\u00ednez","@id":"https:\/\/www.bbmnoticias.com\/labravaradiofm\/#\/schema\/person\/ff037dabcc375d1b25289b6fd3902bd6"},"headline":"Pedro Almod\u00f3var se encamina para ir al Oscar en su 94 edici\u00f3n","datePublished":"2021-09-15T14:47:19+00:00","dateModified":"2021-09-15T14:47:20+00:00","mainEntityOfPage":{"@id":"https:\/\/www.bbmnoticias.com\/labravaradiofm\/2021\/09\/15\/pedro-almodovar-se-encamina-para-ir-al-oscar-en-su-94-edicion\/"},"wordCount":363,"image":{"@id":"https:\/\/www.bbmnoticias.com\/labravaradiofm\/2021\/09\/15\/pedro-almodovar-se-encamina-para-ir-al-oscar-en-su-94-edicion\/#primaryimage"},"thumbnailUrl":"https:\/\/www.bbmnoticias.com\/labravaradiofm\/wp-content\/uploads\/sites\/5\/2021\/09\/espectaculos15092021-1.jpg","inLanguage":"es"},{"@type":"WebPage","@id":"https:\/\/www.bbmnoticias.com\/labravaradiofm\/2021\/09\/15\/pedro-almodovar-se-encamina-para-ir-al-oscar-en-su-94-edicion\/","url":"https:\/\/www.bbmnoticias.com\/labravaradiofm\/2021\/09\/15\/pedro-almodovar-se-encamina-para-ir-al-oscar-en-su-94-edicion\/","name":"Pedro Almod\u00f3var se encamina para ir al Oscar en su 94 edici\u00f3n - LA BRAVA RADIO","isPartOf":{"@id":"https:\/\/www.bbmnoticias.com\/labravaradiofm\/#website"},"primaryImageOfPage":{"@id":"https:\/\/www.bbmnoticias.com\/labravaradiofm\/2021\/09\/15\/pedro-almodovar-se-encamina-para-ir-al-oscar-en-su-94-edicion\/#primaryimage"},"image":{"@id":"https:\/\/www.bbmnoticias.com\/labravaradiofm\/2021\/09\/15\/pedro-almodovar-se-encamina-para-ir-al-oscar-en-su-94-edicion\/#primaryimage"},"thumbnailUrl":"https:\/\/www.bbmnoticias.com\/labravaradiofm\/wp-content\/uploads\/sites\/5\/2021\/09\/espectaculos15092021-1.jpg","datePublished":"2021-09-15T14:47:19+00:00","dateModified":"2021-09-15T14:47:20+00:00","author":{"@id":"https:\/\/www.bbmnoticias.com\/labravaradiofm\/#\/schema\/person\/ff037dabcc375d1b25289b6fd3902bd6"},"description":"Madres paralelas, es una de las pel\u00edculas que ha causado pol\u00e9mica desde que lanz\u00f3 su p\u00f3ster, y ha sido valorada positivamente","breadcrumb":{"@id":"https:\/\/www.bbmnoticias.com\/labravaradiofm\/2021\/09\/15\/pedro-almodovar-se-encamina-para-ir-al-oscar-en-su-94-edicion\/#breadcrumb"},"inLanguage":"es","potentialAction":[{"@type":"ReadAction","target":["https:\/\/www.bbmnoticias.com\/labravaradiofm\/2021\/09\/15\/pedro-almodovar-se-encamina-para-ir-al-oscar-en-su-94-edicion\/"]}]},{"@type":"ImageObject","inLanguage":"es","@id":"https:\/\/www.bbmnoticias.com\/labravaradiofm\/2021\/09\/15\/pedro-almodovar-se-encamina-para-ir-al-oscar-en-su-94-edicion\/#primaryimage","url":"https:\/\/www.bbmnoticias.com\/labravaradiofm\/wp-content\/uploads\/sites\/5\/2021\/09\/espectaculos15092021-1.jpg","contentUrl":"https:\/\/www.bbmnoticias.com\/labravaradiofm\/wp-content\/uploads\/sites\/5\/2021\/09\/espectaculos15092021-1.jpg","width":640,"height":619},{"@type":"BreadcrumbList","@id":"https:\/\/www.bbmnoticias.com\/labravaradiofm\/2021\/09\/15\/pedro-almodovar-se-encamina-para-ir-al-oscar-en-su-94-edicion\/#breadcrumb","itemListElement":[{"@type":"ListItem","position":1,"name":"Inicio","item":"https:\/\/www.bbmnoticias.com\/labravaradiofm\/"},{"@type":"ListItem","position":2,"name":"Pedro Almod\u00f3var se encamina para ir al Oscar en su 94 edici\u00f3n"}]},{"@type":"WebSite","@id":"https:\/\/www.bbmnoticias.com\/labravaradiofm\/#website","url":"https:\/\/www.bbmnoticias.com\/labravaradiofm\/","name":"LA BRAVA RADIO","description":"Empresa productora de medios, Radiodifusi\u00f3n, Noticias, tendencias y todo lo que necesitas saber de la pol\u00edtica mexicana e internacional; entretenimiento, espect\u00e1culos, salud y mucho m\u00e1s.","potentialAction":[{"@type":"SearchAction","target":{"@type":"EntryPoint","urlTemplate":"https:\/\/www.bbmnoticias.com\/labravaradiofm\/?s={search_term_string}"},"query-input":{"@type":"PropertyValueSpecification","valueRequired":true,"valueName":"search_term_string"}}],"inLanguage":"es"},{"@type":"Person","@id":"https:\/\/www.bbmnoticias.com\/labravaradiofm\/#\/schema\/person\/ff037dabcc375d1b25289b6fd3902bd6","name":"Mar\u00eda Esther Beltr\u00e1n Mart\u00ednez","image":{"@type":"ImageObject","inLanguage":"es","@id":"https:\/\/secure.gravatar.com\/avatar\/50efe5915c3eac137dcc550ff1c590bc6054705eb482a33520c9501c8eec550f?s=96&d=mm&r=g","url":"https:\/\/secure.gravatar.com\/avatar\/50efe5915c3eac137dcc550ff1c590bc6054705eb482a33520c9501c8eec550f?s=96&d=mm&r=g","contentUrl":"https:\/\/secure.gravatar.com\/avatar\/50efe5915c3eac137dcc550ff1c590bc6054705eb482a33520c9501c8eec550f?s=96&d=mm&r=g","caption":"Mar\u00eda Esther Beltr\u00e1n Mart\u00ednez"},"url":"https:\/\/www.bbmnoticias.com\/labravaradiofm\/author\/maria\/"}]}},"_links":{"self":[{"href":"https:\/\/www.bbmnoticias.com\/labravaradiofm\/wp-json\/wp\/v2\/posts\/1890","targetHints":{"allow":["GET"]}}],"collection":[{"href":"https:\/\/www.bbmnoticias.com\/labravaradiofm\/wp-json\/wp\/v2\/posts"}],"about":[{"href":"https:\/\/www.bbmnoticias.com\/labravaradiofm\/wp-json\/wp\/v2\/types\/post"}],"author":[{"embeddable":true,"href":"https:\/\/www.bbmnoticias.com\/labravaradiofm\/wp-json\/wp\/v2\/users\/6"}],"replies":[{"embeddable":true,"href":"https:\/\/www.bbmnoticias.com\/labravaradiofm\/wp-json\/wp\/v2\/comments?post=1890"}],"version-history":[{"count":0,"href":"https:\/\/www.bbmnoticias.com\/labravaradiofm\/wp-json\/wp\/v2\/posts\/1890\/revisions"}],"wp:featuredmedia":[{"embeddable":true,"href":"https:\/\/www.bbmnoticias.com\/labravaradiofm\/wp-json\/wp\/v2\/media\/1891"}],"wp:attachment":[{"href":"https:\/\/www.bbmnoticias.com\/labravaradiofm\/wp-json\/wp\/v2\/media?parent=1890"}],"wp:term":[{"taxonomy":"category","embeddable":true,"href":"https:\/\/www.bbmnoticias.com\/labravaradiofm\/wp-json\/wp\/v2\/categories?post=1890"},{"taxonomy":"post_tag","embeddable":true,"href":"https:\/\/www.bbmnoticias.com\/labravaradiofm\/wp-json\/wp\/v2\/tags?post=1890"}],"curies":[{"name":"wp","href":"https:\/\/api.w.org\/{rel}","templated":true}]}}