{"id":1877,"date":"2021-09-14T22:08:37","date_gmt":"2021-09-15T03:08:37","guid":{"rendered":"https:\/\/www.bbmnoticias.com\/labravaradiofm\/?p=1877"},"modified":"2021-09-14T22:25:29","modified_gmt":"2021-09-15T03:25:29","slug":"exhorta-sso-a-autoridades-municipales-a-no-realizar-festividades-por-el-mes-de-la-patria","status":"publish","type":"post","link":"https:\/\/www.bbmnoticias.com\/labravaradiofm\/2021\/09\/14\/exhorta-sso-a-autoridades-municipales-a-no-realizar-festividades-por-el-mes-de-la-patria\/","title":{"rendered":"Exhorta SSO a autoridades municipales a no realizar festividades por el mes de la patria"},"content":{"rendered":"<div style=\"margin-top: 0px; margin-bottom: 0px;\" class=\"sharethis-inline-share-buttons\" ><\/div>\n<p><strong>Oaxaca de Ju\u00e1rez, Oax.-<\/strong>Los Servicios de Salud de Oaxaca (SSO), mantienen el exhorto a las autoridades de los 570 municipios de la entidad, toda vez que aunque se permanezca en sem\u00e1foro de riesgo epid\u00e9mico color amarillo, no existen las condiciones de salubridad necesarias que permitan la realizaci\u00f3n de bailes, fiestas, ferias, conciertos y\/o celebraciones con motivo a \u201cSeptiembre, Mes de la Patria\u201d.<\/p>\n\n\n\n<p>La dependencia refiri\u00f3 que, en sem\u00e1foro amarillo, todas las actividades laborales est\u00e1n permitidas, tomando en cuenta las medidas de cuidado m\u00e1ximo para las personas con mayor riesgo de presentar un cuadro grave de COVID-19, el espacio p\u00fablico abierto se abre de forma regular, y los espacios p\u00fablicos cerrados se pueden abrir con aforo reducido del 50%, sin embargo, se recomienda evitar eventos masivos.<\/p>\n\n\n\n<figure class=\"wp-block-embed is-type-rich is-provider-twitter wp-block-embed-twitter\"><div class=\"wp-block-embed__wrapper\">\n<blockquote class=\"twitter-tweet\" data-width=\"550\" data-dnt=\"true\"><p lang=\"es\" dir=\"ltr\">Este 14 de septiembre, se contabilizaron un total de 1,427 casos activos de <a href=\"https:\/\/twitter.com\/hashtag\/COVID19?src=hash&amp;ref_src=twsrc%5Etfw\">#COVID19<\/a> en 159 municipios de la entidad. <br><br>\ud83d\udccc Es tiempo de aplicar con disciplina todas las medidas sanitarias para mitigar la pandemia en <a href=\"https:\/\/twitter.com\/hashtag\/Oaxaca?src=hash&amp;ref_src=twsrc%5Etfw\">#Oaxaca<\/a>.<a href=\"https:\/\/twitter.com\/hashtag\/SiTeCuidasT%C3%BANosCuidamosTodos?src=hash&amp;ref_src=twsrc%5Etfw\">#SiTeCuidasT\u00faNosCuidamosTodos<\/a> <a href=\"https:\/\/t.co\/AREyRZnSe6\">pic.twitter.com\/AREyRZnSe6<\/a><\/p>&mdash; Servicios de Salud (@SSO_GobOax) <a href=\"https:\/\/twitter.com\/SSO_GobOax\/status\/1437950136164945922?ref_src=twsrc%5Etfw\">September 15, 2021<\/a><\/blockquote><script async src=\"https:\/\/platform.twitter.com\/widgets.js\" charset=\"utf-8\"><\/script>\n<\/div><\/figure>\n\n\n\n<p>Bajo la consideraci\u00f3n de que la salud es responsabilidad de todas y todos, y de que la colaboraci\u00f3n permitir\u00e1 mitigar el n\u00famero de contagios, los SSO aseveraron que, las y los ediles deber\u00e1n cumplir con la normatividad en materia de salubridad p\u00fablica y con las medidas urgentes y necesarias para proteger y garantizar la salud y la vida p\u00fablica en Oaxaca, previniendo la propagaci\u00f3n y contagio del virus SARS-CoV-2.<\/p>\n\n\n\n<p>Y es que al corte de este martes, se han registrado 388 casos nuevos y 39 defunciones, que suman 72 mil 601 casos acumulados y cuatro mil 946 decesos, hay mil 427 casos activos en 159 municipios y 9 hospitales se encuentran al 100% de su capacidad.<\/p>\n\n\n\n<figure class=\"wp-block-embed is-type-rich is-provider-twitter wp-block-embed-twitter\"><div class=\"wp-block-embed__wrapper\">\n<blockquote class=\"twitter-tweet\" data-width=\"550\" data-dnt=\"true\"><p lang=\"es\" dir=\"ltr\">Al corte de este martes 14 de septiembre, 88 municipios de <a href=\"https:\/\/twitter.com\/hashtag\/Oaxaca?src=hash&amp;ref_src=twsrc%5Etfw\">#Oaxaca<\/a> registraron nuevos casos positivos de <a href=\"https:\/\/twitter.com\/hashtag\/COVID19?src=hash&amp;ref_src=twsrc%5Etfw\">#COVID19<\/a>.<a href=\"https:\/\/twitter.com\/hashtag\/SiTeCuidasT%C3%BANosCuidamosTodos?src=hash&amp;ref_src=twsrc%5Etfw\">#SiTeCuidasT\u00faNosCuidamosTodos<\/a><a href=\"https:\/\/twitter.com\/hashtag\/MeCuido?src=hash&amp;ref_src=twsrc%5Etfw\">#MeCuido<\/a> <a href=\"https:\/\/twitter.com\/hashtag\/PorAmorALaVida?src=hash&amp;ref_src=twsrc%5Etfw\">#PorAmorALaVida<\/a> <a href=\"https:\/\/t.co\/87agV95mCT\">pic.twitter.com\/87agV95mCT<\/a><\/p>&mdash; Servicios de Salud (@SSO_GobOax) <a href=\"https:\/\/twitter.com\/SSO_GobOax\/status\/1437949602376949760?ref_src=twsrc%5Etfw\">September 15, 2021<\/a><\/blockquote><script async src=\"https:\/\/platform.twitter.com\/widgets.js\" charset=\"utf-8\"><\/script>\n<\/div><\/figure>\n\n\n\n<p>La Jurisdicci\u00f3n Sanitaria de Valles Centrales, lleva un registro de 44 mil 185 casos confirmados y dos mil 231 defunciones; Istmo nueve mil 720 casos confirmados y mil 50 defunciones; Tuxtepec cinco mil 32 casos confirmados y 469 defunciones; Costa cinco mil 436 casos confirmados y 430 defunciones; Mixteca cinco mil 802 casos confirmados y 504 defunciones; Sierra dos mil 426 casos confirmados y 262 defunciones.<\/p>\n\n\n\n<p>Los 388 casos nuevos afectan a 88 municipios, siendo el primer lugar Oaxaca de Ju\u00e1rez con 82, seguido de la Heroica Ciudad de Juchit\u00e1n de Zaragoza con 24, San Agust\u00edn Loxicha con 21, Santa Cruz Xoxocotl\u00e1n 20, Salina Cruz 16, San Juan Bautista Tuxtepec y Santo Domingo Tehuantepec 15 cada uno, Santa Luc\u00eda del Camino 14, Miahuatl\u00e1n de Porfirio D\u00edaz 11, Ciudad Ixtepec 10, el resto de siete a un solo caso.<\/p>\n\n\n\n<figure class=\"wp-block-embed is-type-rich is-provider-twitter wp-block-embed-twitter\"><div class=\"wp-block-embed__wrapper\">\n<blockquote class=\"twitter-tweet\" data-width=\"550\" data-dnt=\"true\"><p lang=\"es\" dir=\"ltr\">Apliquemos con disciplina las medidas sanitarias para mitigar la pandemia.<a href=\"https:\/\/twitter.com\/hashtag\/SiTeCuidasT%C3%BANosCuidamosTodos?src=hash&amp;ref_src=twsrc%5Etfw\">#SiTeCuidasT\u00faNosCuidamosTodos<\/a> <a href=\"https:\/\/t.co\/qsrONVMCHH\">pic.twitter.com\/qsrONVMCHH<\/a><\/p>&mdash; Servicios de Salud (@SSO_GobOax) <a href=\"https:\/\/twitter.com\/SSO_GobOax\/status\/1437949621628772355?ref_src=twsrc%5Etfw\">September 15, 2021<\/a><\/blockquote><script async src=\"https:\/\/platform.twitter.com\/widgets.js\" charset=\"utf-8\"><\/script>\n<\/div><\/figure>\n\n\n\n<p>Este d\u00eda el municipio de San Juan Tepeuxila en la regi\u00f3n de la Ca\u00f1ada, presenta su primer caso de COVID-19.<\/p>\n\n\n\n<p>De las cuatro mil 946 defunciones, por sexo, tres mil 155 son hombres y mil 791 mujeres, los rangos de edad m\u00e1s afectados son los de 65 y m\u00e1s con dos mil 277, seguido de 50 a 59 con mil 068, de 60 a 64 con 691 y de 25 a 44 con 515, las comorbilidades asociadas son la hipertensi\u00f3n arterial seguida de diabetes, obesidad e insuficiencia renal.<\/p>\n\n\n\n<p>En relaci\u00f3n a la ocupaci\u00f3n hospitalaria, destaca la Jurisdicci\u00f3n Sanitaria de Valles Centrales con 71.3%, seguida del Istmo con 67.5%, Mixteca con 57.1%, Tuxtepec con el 55.2%, Costa 34.7% y Sierra 0%; de las 508 camas destinadas para pacientes con esta enfermedad, se encuentran disponibles 193.<\/p>\n\n\n\n<figure class=\"wp-block-embed is-type-rich is-provider-twitter wp-block-embed-twitter\"><div class=\"wp-block-embed__wrapper\">\n<blockquote class=\"twitter-tweet\" data-width=\"550\" data-dnt=\"true\"><p lang=\"es\" dir=\"ltr\">La ocupaci\u00f3n hospitalaria este 14 de septiembre en <a href=\"https:\/\/twitter.com\/hashtag\/Oaxaca?src=hash&amp;ref_src=twsrc%5Etfw\">#Oaxaca<\/a> fue de 62.4%, debido al <a href=\"https:\/\/twitter.com\/hashtag\/COVID19?src=hash&amp;ref_src=twsrc%5Etfw\">#COVID19<\/a>, sigue cuid\u00e1ndote, \u00a1no bajes la guardia!.<br><br>Mant\u00e9n vigente todas las medidas de prevenci\u00f3n contra el virus <a href=\"https:\/\/twitter.com\/hashtag\/SARSCoV2?src=hash&amp;ref_src=twsrc%5Etfw\">#SARSCoV2<\/a>.<a href=\"https:\/\/twitter.com\/hashtag\/EvitaLaSaturaci%C3%B3nDeHospitales?src=hash&amp;ref_src=twsrc%5Etfw\">#EvitaLaSaturaci\u00f3nDeHospitales<\/a><a href=\"https:\/\/twitter.com\/hashtag\/SiTeCuidasT%C3%BANosCuidamosTodos?src=hash&amp;ref_src=twsrc%5Etfw\">#SiTeCuidasT\u00faNosCuidamosTodos<\/a> <a href=\"https:\/\/t.co\/BdiYFIoTIE\">pic.twitter.com\/BdiYFIoTIE<\/a><\/p>&mdash; Servicios de Salud (@SSO_GobOax) <a href=\"https:\/\/twitter.com\/SSO_GobOax\/status\/1437947623516803073?ref_src=twsrc%5Etfw\">September 15, 2021<\/a><\/blockquote><script async src=\"https:\/\/platform.twitter.com\/widgets.js\" charset=\"utf-8\"><\/script>\n<\/div><\/figure>\n","protected":false},"excerpt":{"rendered":"<p>Oaxaca de Ju\u00e1rez, Oax.-Los Servicios de Salud de Oaxaca (SSO), mantienen el exhorto a las autoridades de los 570 municipios de la entidad, toda vez que aunque se permanezca en sem\u00e1foro de riesgo epid\u00e9mico color amarillo, no existen las condiciones de salubridad necesarias que permitan la realizaci\u00f3n de bailes, fiestas, ferias, conciertos y\/o celebraciones con [&hellip;]<\/p>\n","protected":false},"author":2,"featured_media":1878,"comment_status":"closed","ping_status":"closed","sticky":false,"template":"","format":"standard","meta":{"footnotes":""},"categories":[2],"tags":[],"class_list":{"0":"post-1877","1":"post","2":"type-post","3":"status-publish","4":"format-standard","5":"has-post-thumbnail","7":"category-oaxaca"},"yoast_head":"<!-- This site is optimized with the Yoast SEO plugin v27.4 - https:\/\/yoast.com\/product\/yoast-seo-wordpress\/ -->\n<title>Exhorta SSO a autoridades municipales a no realizar festividades por el mes de la patria - LA BRAVA RADIO<\/title>\n<meta name=\"robots\" content=\"index, follow, max-snippet:-1, max-image-preview:large, max-video-preview:-1\" \/>\n<link rel=\"canonical\" href=\"https:\/\/www.bbmnoticias.com\/labravaradiofm\/2021\/09\/14\/exhorta-sso-a-autoridades-municipales-a-no-realizar-festividades-por-el-mes-de-la-patria\/\" \/>\n<meta property=\"og:locale\" content=\"es_MX\" \/>\n<meta property=\"og:type\" content=\"article\" \/>\n<meta property=\"og:title\" content=\"Exhorta SSO a autoridades municipales a no realizar festividades por el mes de la patria - LA BRAVA RADIO\" \/>\n<meta property=\"og:description\" content=\"Oaxaca de Ju\u00e1rez, Oax.-Los Servicios de Salud de Oaxaca (SSO), mantienen el exhorto a las autoridades de los 570 municipios de la entidad, toda vez que aunque se permanezca en sem\u00e1foro de riesgo epid\u00e9mico color amarillo, no existen las condiciones de salubridad necesarias que permitan la realizaci\u00f3n de bailes, fiestas, ferias, conciertos y\/o celebraciones con [&hellip;]\" \/>\n<meta property=\"og:url\" content=\"https:\/\/www.bbmnoticias.com\/labravaradiofm\/2021\/09\/14\/exhorta-sso-a-autoridades-municipales-a-no-realizar-festividades-por-el-mes-de-la-patria\/\" \/>\n<meta property=\"og:site_name\" content=\"LA BRAVA RADIO\" \/>\n<meta property=\"article:published_time\" content=\"2021-09-15T03:08:37+00:00\" \/>\n<meta property=\"article:modified_time\" content=\"2021-09-15T03:25:29+00:00\" \/>\n<meta property=\"og:image\" content=\"https:\/\/www.bbmnoticias.com\/labravaradiofm\/wp-content\/uploads\/sites\/5\/2021\/09\/local14092021-7.jpg\" \/>\n\t<meta property=\"og:image:width\" content=\"680\" \/>\n\t<meta property=\"og:image:height\" content=\"391\" \/>\n\t<meta property=\"og:image:type\" content=\"image\/jpeg\" \/>\n<meta name=\"author\" content=\"Staff\" \/>\n<meta name=\"twitter:card\" content=\"summary_large_image\" \/>\n<meta name=\"twitter:label1\" content=\"Escrito por\" \/>\n\t<meta name=\"twitter:data1\" content=\"Staff\" \/>\n\t<meta name=\"twitter:label2\" content=\"Tiempo de lectura\" \/>\n\t<meta name=\"twitter:data2\" content=\"3 minutos\" \/>\n<script type=\"application\/ld+json\" class=\"yoast-schema-graph\">{\"@context\":\"https:\\\/\\\/schema.org\",\"@graph\":[{\"@type\":\"Article\",\"@id\":\"https:\\\/\\\/www.bbmnoticias.com\\\/labravaradiofm\\\/2021\\\/09\\\/14\\\/exhorta-sso-a-autoridades-municipales-a-no-realizar-festividades-por-el-mes-de-la-patria\\\/#article\",\"isPartOf\":{\"@id\":\"https:\\\/\\\/www.bbmnoticias.com\\\/labravaradiofm\\\/2021\\\/09\\\/14\\\/exhorta-sso-a-autoridades-municipales-a-no-realizar-festividades-por-el-mes-de-la-patria\\\/\"},\"author\":{\"name\":\"Staff\",\"@id\":\"https:\\\/\\\/www.bbmnoticias.com\\\/labravaradiofm\\\/#\\\/schema\\\/person\\\/68a9e9036ef3c5b55aeb2b71dc8bab45\"},\"headline\":\"Exhorta SSO a autoridades municipales a no realizar festividades por el mes de la patria\",\"datePublished\":\"2021-09-15T03:08:37+00:00\",\"dateModified\":\"2021-09-15T03:25:29+00:00\",\"mainEntityOfPage\":{\"@id\":\"https:\\\/\\\/www.bbmnoticias.com\\\/labravaradiofm\\\/2021\\\/09\\\/14\\\/exhorta-sso-a-autoridades-municipales-a-no-realizar-festividades-por-el-mes-de-la-patria\\\/\"},\"wordCount\":530,\"image\":{\"@id\":\"https:\\\/\\\/www.bbmnoticias.com\\\/labravaradiofm\\\/2021\\\/09\\\/14\\\/exhorta-sso-a-autoridades-municipales-a-no-realizar-festividades-por-el-mes-de-la-patria\\\/#primaryimage\"},\"thumbnailUrl\":\"https:\\\/\\\/www.bbmnoticias.com\\\/labravaradiofm\\\/wp-content\\\/uploads\\\/sites\\\/5\\\/2021\\\/09\\\/local14092021-7.jpg\",\"articleSection\":[\"LOCAL\"],\"inLanguage\":\"es\"},{\"@type\":\"WebPage\",\"@id\":\"https:\\\/\\\/www.bbmnoticias.com\\\/labravaradiofm\\\/2021\\\/09\\\/14\\\/exhorta-sso-a-autoridades-municipales-a-no-realizar-festividades-por-el-mes-de-la-patria\\\/\",\"url\":\"https:\\\/\\\/www.bbmnoticias.com\\\/labravaradiofm\\\/2021\\\/09\\\/14\\\/exhorta-sso-a-autoridades-municipales-a-no-realizar-festividades-por-el-mes-de-la-patria\\\/\",\"name\":\"Exhorta SSO a autoridades municipales a no realizar festividades por el mes de la patria - LA BRAVA RADIO\",\"isPartOf\":{\"@id\":\"https:\\\/\\\/www.bbmnoticias.com\\\/labravaradiofm\\\/#website\"},\"primaryImageOfPage\":{\"@id\":\"https:\\\/\\\/www.bbmnoticias.com\\\/labravaradiofm\\\/2021\\\/09\\\/14\\\/exhorta-sso-a-autoridades-municipales-a-no-realizar-festividades-por-el-mes-de-la-patria\\\/#primaryimage\"},\"image\":{\"@id\":\"https:\\\/\\\/www.bbmnoticias.com\\\/labravaradiofm\\\/2021\\\/09\\\/14\\\/exhorta-sso-a-autoridades-municipales-a-no-realizar-festividades-por-el-mes-de-la-patria\\\/#primaryimage\"},\"thumbnailUrl\":\"https:\\\/\\\/www.bbmnoticias.com\\\/labravaradiofm\\\/wp-content\\\/uploads\\\/sites\\\/5\\\/2021\\\/09\\\/local14092021-7.jpg\",\"datePublished\":\"2021-09-15T03:08:37+00:00\",\"dateModified\":\"2021-09-15T03:25:29+00:00\",\"author\":{\"@id\":\"https:\\\/\\\/www.bbmnoticias.com\\\/labravaradiofm\\\/#\\\/schema\\\/person\\\/68a9e9036ef3c5b55aeb2b71dc8bab45\"},\"breadcrumb\":{\"@id\":\"https:\\\/\\\/www.bbmnoticias.com\\\/labravaradiofm\\\/2021\\\/09\\\/14\\\/exhorta-sso-a-autoridades-municipales-a-no-realizar-festividades-por-el-mes-de-la-patria\\\/#breadcrumb\"},\"inLanguage\":\"es\",\"potentialAction\":[{\"@type\":\"ReadAction\",\"target\":[\"https:\\\/\\\/www.bbmnoticias.com\\\/labravaradiofm\\\/2021\\\/09\\\/14\\\/exhorta-sso-a-autoridades-municipales-a-no-realizar-festividades-por-el-mes-de-la-patria\\\/\"]}]},{\"@type\":\"ImageObject\",\"inLanguage\":\"es\",\"@id\":\"https:\\\/\\\/www.bbmnoticias.com\\\/labravaradiofm\\\/2021\\\/09\\\/14\\\/exhorta-sso-a-autoridades-municipales-a-no-realizar-festividades-por-el-mes-de-la-patria\\\/#primaryimage\",\"url\":\"https:\\\/\\\/www.bbmnoticias.com\\\/labravaradiofm\\\/wp-content\\\/uploads\\\/sites\\\/5\\\/2021\\\/09\\\/local14092021-7.jpg\",\"contentUrl\":\"https:\\\/\\\/www.bbmnoticias.com\\\/labravaradiofm\\\/wp-content\\\/uploads\\\/sites\\\/5\\\/2021\\\/09\\\/local14092021-7.jpg\",\"width\":680,\"height\":391},{\"@type\":\"BreadcrumbList\",\"@id\":\"https:\\\/\\\/www.bbmnoticias.com\\\/labravaradiofm\\\/2021\\\/09\\\/14\\\/exhorta-sso-a-autoridades-municipales-a-no-realizar-festividades-por-el-mes-de-la-patria\\\/#breadcrumb\",\"itemListElement\":[{\"@type\":\"ListItem\",\"position\":1,\"name\":\"Inicio\",\"item\":\"https:\\\/\\\/www.bbmnoticias.com\\\/labravaradiofm\\\/\"},{\"@type\":\"ListItem\",\"position\":2,\"name\":\"Exhorta SSO a autoridades municipales a no realizar festividades por el mes de la patria\"}]},{\"@type\":\"WebSite\",\"@id\":\"https:\\\/\\\/www.bbmnoticias.com\\\/labravaradiofm\\\/#website\",\"url\":\"https:\\\/\\\/www.bbmnoticias.com\\\/labravaradiofm\\\/\",\"name\":\"LA BRAVA RADIO\",\"description\":\"Empresa productora de medios, Radiodifusi\u00f3n, Noticias, tendencias y todo lo que necesitas saber de la pol\u00edtica mexicana e internacional; entretenimiento, espect\u00e1culos, salud y mucho m\u00e1s.\",\"potentialAction\":[{\"@type\":\"SearchAction\",\"target\":{\"@type\":\"EntryPoint\",\"urlTemplate\":\"https:\\\/\\\/www.bbmnoticias.com\\\/labravaradiofm\\\/?s={search_term_string}\"},\"query-input\":{\"@type\":\"PropertyValueSpecification\",\"valueRequired\":true,\"valueName\":\"search_term_string\"}}],\"inLanguage\":\"es\"},{\"@type\":\"Person\",\"@id\":\"https:\\\/\\\/www.bbmnoticias.com\\\/labravaradiofm\\\/#\\\/schema\\\/person\\\/68a9e9036ef3c5b55aeb2b71dc8bab45\",\"name\":\"Staff\",\"image\":{\"@type\":\"ImageObject\",\"inLanguage\":\"es\",\"@id\":\"https:\\\/\\\/secure.gravatar.com\\\/avatar\\\/fdd21ad66fd8b98c407f9dee5b5e588cfe7f0d8579ec20fa6527cd59bab7f0f0?s=96&d=mm&r=g\",\"url\":\"https:\\\/\\\/secure.gravatar.com\\\/avatar\\\/fdd21ad66fd8b98c407f9dee5b5e588cfe7f0d8579ec20fa6527cd59bab7f0f0?s=96&d=mm&r=g\",\"contentUrl\":\"https:\\\/\\\/secure.gravatar.com\\\/avatar\\\/fdd21ad66fd8b98c407f9dee5b5e588cfe7f0d8579ec20fa6527cd59bab7f0f0?s=96&d=mm&r=g\",\"caption\":\"Staff\"},\"url\":\"https:\\\/\\\/www.bbmnoticias.com\\\/labravaradiofm\\\/author\\\/redaccion\\\/\"}]}<\/script>\n<!-- \/ Yoast SEO plugin. -->","yoast_head_json":{"title":"Exhorta SSO a autoridades municipales a no realizar festividades por el mes de la patria - LA BRAVA RADIO","robots":{"index":"index","follow":"follow","max-snippet":"max-snippet:-1","max-image-preview":"max-image-preview:large","max-video-preview":"max-video-preview:-1"},"canonical":"https:\/\/www.bbmnoticias.com\/labravaradiofm\/2021\/09\/14\/exhorta-sso-a-autoridades-municipales-a-no-realizar-festividades-por-el-mes-de-la-patria\/","og_locale":"es_MX","og_type":"article","og_title":"Exhorta SSO a autoridades municipales a no realizar festividades por el mes de la patria - LA BRAVA RADIO","og_description":"Oaxaca de Ju\u00e1rez, Oax.-Los Servicios de Salud de Oaxaca (SSO), mantienen el exhorto a las autoridades de los 570 municipios de la entidad, toda vez que aunque se permanezca en sem\u00e1foro de riesgo epid\u00e9mico color amarillo, no existen las condiciones de salubridad necesarias que permitan la realizaci\u00f3n de bailes, fiestas, ferias, conciertos y\/o celebraciones con [&hellip;]","og_url":"https:\/\/www.bbmnoticias.com\/labravaradiofm\/2021\/09\/14\/exhorta-sso-a-autoridades-municipales-a-no-realizar-festividades-por-el-mes-de-la-patria\/","og_site_name":"LA BRAVA RADIO","article_published_time":"2021-09-15T03:08:37+00:00","article_modified_time":"2021-09-15T03:25:29+00:00","og_image":[{"width":680,"height":391,"url":"https:\/\/www.bbmnoticias.com\/labravaradiofm\/wp-content\/uploads\/sites\/5\/2021\/09\/local14092021-7.jpg","type":"image\/jpeg"}],"author":"Staff","twitter_card":"summary_large_image","twitter_misc":{"Escrito por":"Staff","Tiempo de lectura":"3 minutos"},"schema":{"@context":"https:\/\/schema.org","@graph":[{"@type":"Article","@id":"https:\/\/www.bbmnoticias.com\/labravaradiofm\/2021\/09\/14\/exhorta-sso-a-autoridades-municipales-a-no-realizar-festividades-por-el-mes-de-la-patria\/#article","isPartOf":{"@id":"https:\/\/www.bbmnoticias.com\/labravaradiofm\/2021\/09\/14\/exhorta-sso-a-autoridades-municipales-a-no-realizar-festividades-por-el-mes-de-la-patria\/"},"author":{"name":"Staff","@id":"https:\/\/www.bbmnoticias.com\/labravaradiofm\/#\/schema\/person\/68a9e9036ef3c5b55aeb2b71dc8bab45"},"headline":"Exhorta SSO a autoridades municipales a no realizar festividades por el mes de la patria","datePublished":"2021-09-15T03:08:37+00:00","dateModified":"2021-09-15T03:25:29+00:00","mainEntityOfPage":{"@id":"https:\/\/www.bbmnoticias.com\/labravaradiofm\/2021\/09\/14\/exhorta-sso-a-autoridades-municipales-a-no-realizar-festividades-por-el-mes-de-la-patria\/"},"wordCount":530,"image":{"@id":"https:\/\/www.bbmnoticias.com\/labravaradiofm\/2021\/09\/14\/exhorta-sso-a-autoridades-municipales-a-no-realizar-festividades-por-el-mes-de-la-patria\/#primaryimage"},"thumbnailUrl":"https:\/\/www.bbmnoticias.com\/labravaradiofm\/wp-content\/uploads\/sites\/5\/2021\/09\/local14092021-7.jpg","articleSection":["LOCAL"],"inLanguage":"es"},{"@type":"WebPage","@id":"https:\/\/www.bbmnoticias.com\/labravaradiofm\/2021\/09\/14\/exhorta-sso-a-autoridades-municipales-a-no-realizar-festividades-por-el-mes-de-la-patria\/","url":"https:\/\/www.bbmnoticias.com\/labravaradiofm\/2021\/09\/14\/exhorta-sso-a-autoridades-municipales-a-no-realizar-festividades-por-el-mes-de-la-patria\/","name":"Exhorta SSO a autoridades municipales a no realizar festividades por el mes de la patria - LA BRAVA RADIO","isPartOf":{"@id":"https:\/\/www.bbmnoticias.com\/labravaradiofm\/#website"},"primaryImageOfPage":{"@id":"https:\/\/www.bbmnoticias.com\/labravaradiofm\/2021\/09\/14\/exhorta-sso-a-autoridades-municipales-a-no-realizar-festividades-por-el-mes-de-la-patria\/#primaryimage"},"image":{"@id":"https:\/\/www.bbmnoticias.com\/labravaradiofm\/2021\/09\/14\/exhorta-sso-a-autoridades-municipales-a-no-realizar-festividades-por-el-mes-de-la-patria\/#primaryimage"},"thumbnailUrl":"https:\/\/www.bbmnoticias.com\/labravaradiofm\/wp-content\/uploads\/sites\/5\/2021\/09\/local14092021-7.jpg","datePublished":"2021-09-15T03:08:37+00:00","dateModified":"2021-09-15T03:25:29+00:00","author":{"@id":"https:\/\/www.bbmnoticias.com\/labravaradiofm\/#\/schema\/person\/68a9e9036ef3c5b55aeb2b71dc8bab45"},"breadcrumb":{"@id":"https:\/\/www.bbmnoticias.com\/labravaradiofm\/2021\/09\/14\/exhorta-sso-a-autoridades-municipales-a-no-realizar-festividades-por-el-mes-de-la-patria\/#breadcrumb"},"inLanguage":"es","potentialAction":[{"@type":"ReadAction","target":["https:\/\/www.bbmnoticias.com\/labravaradiofm\/2021\/09\/14\/exhorta-sso-a-autoridades-municipales-a-no-realizar-festividades-por-el-mes-de-la-patria\/"]}]},{"@type":"ImageObject","inLanguage":"es","@id":"https:\/\/www.bbmnoticias.com\/labravaradiofm\/2021\/09\/14\/exhorta-sso-a-autoridades-municipales-a-no-realizar-festividades-por-el-mes-de-la-patria\/#primaryimage","url":"https:\/\/www.bbmnoticias.com\/labravaradiofm\/wp-content\/uploads\/sites\/5\/2021\/09\/local14092021-7.jpg","contentUrl":"https:\/\/www.bbmnoticias.com\/labravaradiofm\/wp-content\/uploads\/sites\/5\/2021\/09\/local14092021-7.jpg","width":680,"height":391},{"@type":"BreadcrumbList","@id":"https:\/\/www.bbmnoticias.com\/labravaradiofm\/2021\/09\/14\/exhorta-sso-a-autoridades-municipales-a-no-realizar-festividades-por-el-mes-de-la-patria\/#breadcrumb","itemListElement":[{"@type":"ListItem","position":1,"name":"Inicio","item":"https:\/\/www.bbmnoticias.com\/labravaradiofm\/"},{"@type":"ListItem","position":2,"name":"Exhorta SSO a autoridades municipales a no realizar festividades por el mes de la patria"}]},{"@type":"WebSite","@id":"https:\/\/www.bbmnoticias.com\/labravaradiofm\/#website","url":"https:\/\/www.bbmnoticias.com\/labravaradiofm\/","name":"LA BRAVA RADIO","description":"Empresa productora de medios, Radiodifusi\u00f3n, Noticias, tendencias y todo lo que necesitas saber de la pol\u00edtica mexicana e internacional; entretenimiento, espect\u00e1culos, salud y mucho m\u00e1s.","potentialAction":[{"@type":"SearchAction","target":{"@type":"EntryPoint","urlTemplate":"https:\/\/www.bbmnoticias.com\/labravaradiofm\/?s={search_term_string}"},"query-input":{"@type":"PropertyValueSpecification","valueRequired":true,"valueName":"search_term_string"}}],"inLanguage":"es"},{"@type":"Person","@id":"https:\/\/www.bbmnoticias.com\/labravaradiofm\/#\/schema\/person\/68a9e9036ef3c5b55aeb2b71dc8bab45","name":"Staff","image":{"@type":"ImageObject","inLanguage":"es","@id":"https:\/\/secure.gravatar.com\/avatar\/fdd21ad66fd8b98c407f9dee5b5e588cfe7f0d8579ec20fa6527cd59bab7f0f0?s=96&d=mm&r=g","url":"https:\/\/secure.gravatar.com\/avatar\/fdd21ad66fd8b98c407f9dee5b5e588cfe7f0d8579ec20fa6527cd59bab7f0f0?s=96&d=mm&r=g","contentUrl":"https:\/\/secure.gravatar.com\/avatar\/fdd21ad66fd8b98c407f9dee5b5e588cfe7f0d8579ec20fa6527cd59bab7f0f0?s=96&d=mm&r=g","caption":"Staff"},"url":"https:\/\/www.bbmnoticias.com\/labravaradiofm\/author\/redaccion\/"}]}},"_links":{"self":[{"href":"https:\/\/www.bbmnoticias.com\/labravaradiofm\/wp-json\/wp\/v2\/posts\/1877","targetHints":{"allow":["GET"]}}],"collection":[{"href":"https:\/\/www.bbmnoticias.com\/labravaradiofm\/wp-json\/wp\/v2\/posts"}],"about":[{"href":"https:\/\/www.bbmnoticias.com\/labravaradiofm\/wp-json\/wp\/v2\/types\/post"}],"author":[{"embeddable":true,"href":"https:\/\/www.bbmnoticias.com\/labravaradiofm\/wp-json\/wp\/v2\/users\/2"}],"replies":[{"embeddable":true,"href":"https:\/\/www.bbmnoticias.com\/labravaradiofm\/wp-json\/wp\/v2\/comments?post=1877"}],"version-history":[{"count":0,"href":"https:\/\/www.bbmnoticias.com\/labravaradiofm\/wp-json\/wp\/v2\/posts\/1877\/revisions"}],"wp:featuredmedia":[{"embeddable":true,"href":"https:\/\/www.bbmnoticias.com\/labravaradiofm\/wp-json\/wp\/v2\/media\/1878"}],"wp:attachment":[{"href":"https:\/\/www.bbmnoticias.com\/labravaradiofm\/wp-json\/wp\/v2\/media?parent=1877"}],"wp:term":[{"taxonomy":"category","embeddable":true,"href":"https:\/\/www.bbmnoticias.com\/labravaradiofm\/wp-json\/wp\/v2\/categories?post=1877"},{"taxonomy":"post_tag","embeddable":true,"href":"https:\/\/www.bbmnoticias.com\/labravaradiofm\/wp-json\/wp\/v2\/tags?post=1877"}],"curies":[{"name":"wp","href":"https:\/\/api.w.org\/{rel}","templated":true}]}}