{"id":1819,"date":"2021-09-14T12:07:35","date_gmt":"2021-09-14T17:07:35","guid":{"rendered":"https:\/\/www.bbmnoticias.com\/labravaradiofm\/?p=1819"},"modified":"2021-09-14T12:07:36","modified_gmt":"2021-09-14T17:07:36","slug":"visita-dirigente-nacional-del-stirtt-ricardo-acedo-samaniego-galerias-de-la-cco","status":"publish","type":"post","link":"https:\/\/www.bbmnoticias.com\/labravaradiofm\/2021\/09\/14\/visita-dirigente-nacional-del-stirtt-ricardo-acedo-samaniego-galerias-de-la-cco\/","title":{"rendered":"Visita dirigente nacional del STIRTT, Ricardo Acedo Samaniego, galer\u00edas de la CCO"},"content":{"rendered":"<div style=\"margin-top: 0px; margin-bottom: 0px;\" class=\"sharethis-inline-share-buttons\" ><\/div>\n<p><strong>Oaxaca de Ju\u00e1rez, Oax.<\/strong> El secretario general del Comit\u00e9 Nacional del Sindicato de Trabajadores de la Industria de la Radio, Televisi\u00f3n y Telecomunicaciones (STIRTT), Ricardo Acedo Samaniego, visit\u00f3 las galer\u00edas \u201cRufino Tamayo\u201d, \u201cAlfonso Rivas\u201d y \u201cAtanacio Garc\u00eda Tapia\u201d de la Casa de la Cultura Oaxaque\u00f1a durante su visita a la capital del estado.<\/p>\n\n\n\n<p>Acompa\u00f1ado por la y el secretario general del STIRTT Oaxaca y Veracruz, M\u00f3nica Alarc\u00f3n Flores y Mario Barrios Sarmiento, respectivamente, as\u00ed como por la diputada local Maritza Scarlett V\u00e1squez Guerra y del director general de la Casa de la Cultura Oaxaque\u00f1a, Jes\u00fas Emilio de Leo Blanco, el representante nacional Acedo Samaniego conoci\u00f3 la obra de los artistas Jos\u00e9 \u00c1ngel Santiago, Manuel Jim\u00e9nez y Mart\u00edn Dimitrova, quienes exhiben en las galer\u00edas de la CCO, en el marco de los 50 a\u00f1os de su fundaci\u00f3n.<\/p>\n\n\n\n<p>Durante el recorrido, al que tambi\u00e9n asisti\u00f3 el secretario de Comunicaci\u00f3n Social del STIRTT, Javier L\u00f3pez \u00c1lvarez, el dirigente Ricardo Acedo Samaniego, asegur\u00f3 que el estado de Oaxaca representa uno de los lugares m\u00e1s importantes del pa\u00eds, pues no solo dio a personajes ilustres como Benito Ju\u00e1rez Garc\u00eda, Porfirio D\u00edaz Mori o los hermanos Ricardo y Enrique Flores Mag\u00f3n, sino que adem\u00e1s cuenta con una basta cultura que lo convierte en un referente muy importante en esta materia.<\/p>\n\n\n\n<p>\u201cA Oaxaca le debemos mucho todos los mexicanos, este un estado que ha hecho trascender al pa\u00eds por muchas razones, por eso es un verdadero orgullo poder estar aqu\u00ed. Agradezco a Emilio de Leo Blanco su anfitrion\u00eda\u201d, destac\u00f3 durante su mensaje.<\/p>\n\n\n\n<p>En tanto, el director general de la CCO, Jes\u00fas Emilio de Leo, quien recibi\u00f3 al dirigente nacional del STIRTT en representaci\u00f3n de la titular de la Secretar\u00eda de las Culturas y Artes de Oaxaca (Seculta), Karla Villaca\u00f1a Quevedo, indic\u00f3 que el \u00fanico prop\u00f3sito de ofrecer este recorrido a las autoridades del Sindicato de Trabajadores de la Industria de la Radio, Televisi\u00f3n y Telecomunicaciones es para darles a conocer la riqueza de la diversidad cultural que tiene nuestro estado y del cual podemos sentirnos orgullosos.<\/p>\n\n\n\n<p>\u201cEl esp\u00edritu de este intercambio, es que nuestras compa\u00f1eras y compa\u00f1eros del STIRTT Veracruz puedan disfrutar de Oaxaca y estrechar lazos de cooperaci\u00f3n\u201d, a\u00f1adi\u00f3.<\/p>\n\n\n\n<p>Cabe destacar que este recorrido se desarroll\u00f3 previo a las conferencias que fueron organizadas por el STIRTT Oaxaca y Veracruz en el marco de la conmemoraci\u00f3n del D\u00eda del Trabajador de la Industria de la Radio y Televisi\u00f3n.<\/p>\n","protected":false},"excerpt":{"rendered":"<p>Oaxaca de Ju\u00e1rez, Oax. El secretario general del Comit\u00e9 Nacional del Sindicato de Trabajadores de la Industria de la Radio, Televisi\u00f3n y Telecomunicaciones (STIRTT), Ricardo Acedo Samaniego, visit\u00f3 las galer\u00edas \u201cRufino Tamayo\u201d, \u201cAlfonso Rivas\u201d y \u201cAtanacio Garc\u00eda Tapia\u201d de la Casa de la Cultura Oaxaque\u00f1a durante su visita a la capital del estado. Acompa\u00f1ado por [&hellip;]<\/p>\n","protected":false},"author":2,"featured_media":1820,"comment_status":"closed","ping_status":"closed","sticky":false,"template":"","format":"standard","meta":{"footnotes":""},"categories":[2],"tags":[],"class_list":{"0":"post-1819","1":"post","2":"type-post","3":"status-publish","4":"format-standard","5":"has-post-thumbnail","7":"category-oaxaca"},"yoast_head":"<!-- This site is optimized with the Yoast SEO plugin v27.4 - https:\/\/yoast.com\/product\/yoast-seo-wordpress\/ -->\n<title>Visita dirigente nacional del STIRTT, Ricardo Acedo Samaniego, galer\u00edas de la CCO - LA BRAVA RADIO<\/title>\n<meta name=\"robots\" content=\"index, follow, max-snippet:-1, max-image-preview:large, max-video-preview:-1\" \/>\n<link rel=\"canonical\" href=\"https:\/\/www.bbmnoticias.com\/labravaradiofm\/2021\/09\/14\/visita-dirigente-nacional-del-stirtt-ricardo-acedo-samaniego-galerias-de-la-cco\/\" \/>\n<meta property=\"og:locale\" content=\"es_MX\" \/>\n<meta property=\"og:type\" content=\"article\" \/>\n<meta property=\"og:title\" content=\"Visita dirigente nacional del STIRTT, Ricardo Acedo Samaniego, galer\u00edas de la CCO - LA BRAVA RADIO\" \/>\n<meta property=\"og:description\" content=\"Oaxaca de Ju\u00e1rez, Oax. El secretario general del Comit\u00e9 Nacional del Sindicato de Trabajadores de la Industria de la Radio, Televisi\u00f3n y Telecomunicaciones (STIRTT), Ricardo Acedo Samaniego, visit\u00f3 las galer\u00edas \u201cRufino Tamayo\u201d, \u201cAlfonso Rivas\u201d y \u201cAtanacio Garc\u00eda Tapia\u201d de la Casa de la Cultura Oaxaque\u00f1a durante su visita a la capital del estado. Acompa\u00f1ado por [&hellip;]\" \/>\n<meta property=\"og:url\" content=\"https:\/\/www.bbmnoticias.com\/labravaradiofm\/2021\/09\/14\/visita-dirigente-nacional-del-stirtt-ricardo-acedo-samaniego-galerias-de-la-cco\/\" \/>\n<meta property=\"og:site_name\" content=\"LA BRAVA RADIO\" \/>\n<meta property=\"article:published_time\" content=\"2021-09-14T17:07:35+00:00\" \/>\n<meta property=\"article:modified_time\" content=\"2021-09-14T17:07:36+00:00\" \/>\n<meta property=\"og:image\" content=\"https:\/\/www.bbmnoticias.com\/labravaradiofm\/wp-content\/uploads\/sites\/5\/2021\/09\/local14092021-3.jpg\" \/>\n\t<meta property=\"og:image:width\" content=\"1280\" \/>\n\t<meta property=\"og:image:height\" content=\"854\" \/>\n\t<meta property=\"og:image:type\" content=\"image\/jpeg\" \/>\n<meta name=\"author\" content=\"Staff\" \/>\n<meta name=\"twitter:card\" content=\"summary_large_image\" \/>\n<meta name=\"twitter:label1\" content=\"Escrito por\" \/>\n\t<meta name=\"twitter:data1\" content=\"Staff\" \/>\n\t<meta name=\"twitter:label2\" content=\"Tiempo de lectura\" \/>\n\t<meta name=\"twitter:data2\" content=\"2 minutos\" \/>\n<script type=\"application\/ld+json\" class=\"yoast-schema-graph\">{\"@context\":\"https:\\\/\\\/schema.org\",\"@graph\":[{\"@type\":\"Article\",\"@id\":\"https:\\\/\\\/www.bbmnoticias.com\\\/labravaradiofm\\\/2021\\\/09\\\/14\\\/visita-dirigente-nacional-del-stirtt-ricardo-acedo-samaniego-galerias-de-la-cco\\\/#article\",\"isPartOf\":{\"@id\":\"https:\\\/\\\/www.bbmnoticias.com\\\/labravaradiofm\\\/2021\\\/09\\\/14\\\/visita-dirigente-nacional-del-stirtt-ricardo-acedo-samaniego-galerias-de-la-cco\\\/\"},\"author\":{\"name\":\"Staff\",\"@id\":\"https:\\\/\\\/www.bbmnoticias.com\\\/labravaradiofm\\\/#\\\/schema\\\/person\\\/68a9e9036ef3c5b55aeb2b71dc8bab45\"},\"headline\":\"Visita dirigente nacional del STIRTT, Ricardo Acedo Samaniego, galer\u00edas de la CCO\",\"datePublished\":\"2021-09-14T17:07:35+00:00\",\"dateModified\":\"2021-09-14T17:07:36+00:00\",\"mainEntityOfPage\":{\"@id\":\"https:\\\/\\\/www.bbmnoticias.com\\\/labravaradiofm\\\/2021\\\/09\\\/14\\\/visita-dirigente-nacional-del-stirtt-ricardo-acedo-samaniego-galerias-de-la-cco\\\/\"},\"wordCount\":455,\"image\":{\"@id\":\"https:\\\/\\\/www.bbmnoticias.com\\\/labravaradiofm\\\/2021\\\/09\\\/14\\\/visita-dirigente-nacional-del-stirtt-ricardo-acedo-samaniego-galerias-de-la-cco\\\/#primaryimage\"},\"thumbnailUrl\":\"https:\\\/\\\/www.bbmnoticias.com\\\/labravaradiofm\\\/wp-content\\\/uploads\\\/sites\\\/5\\\/2021\\\/09\\\/local14092021-3.jpg\",\"articleSection\":[\"LOCAL\"],\"inLanguage\":\"es\"},{\"@type\":\"WebPage\",\"@id\":\"https:\\\/\\\/www.bbmnoticias.com\\\/labravaradiofm\\\/2021\\\/09\\\/14\\\/visita-dirigente-nacional-del-stirtt-ricardo-acedo-samaniego-galerias-de-la-cco\\\/\",\"url\":\"https:\\\/\\\/www.bbmnoticias.com\\\/labravaradiofm\\\/2021\\\/09\\\/14\\\/visita-dirigente-nacional-del-stirtt-ricardo-acedo-samaniego-galerias-de-la-cco\\\/\",\"name\":\"Visita dirigente nacional del STIRTT, Ricardo Acedo Samaniego, galer\u00edas de la CCO - LA BRAVA RADIO\",\"isPartOf\":{\"@id\":\"https:\\\/\\\/www.bbmnoticias.com\\\/labravaradiofm\\\/#website\"},\"primaryImageOfPage\":{\"@id\":\"https:\\\/\\\/www.bbmnoticias.com\\\/labravaradiofm\\\/2021\\\/09\\\/14\\\/visita-dirigente-nacional-del-stirtt-ricardo-acedo-samaniego-galerias-de-la-cco\\\/#primaryimage\"},\"image\":{\"@id\":\"https:\\\/\\\/www.bbmnoticias.com\\\/labravaradiofm\\\/2021\\\/09\\\/14\\\/visita-dirigente-nacional-del-stirtt-ricardo-acedo-samaniego-galerias-de-la-cco\\\/#primaryimage\"},\"thumbnailUrl\":\"https:\\\/\\\/www.bbmnoticias.com\\\/labravaradiofm\\\/wp-content\\\/uploads\\\/sites\\\/5\\\/2021\\\/09\\\/local14092021-3.jpg\",\"datePublished\":\"2021-09-14T17:07:35+00:00\",\"dateModified\":\"2021-09-14T17:07:36+00:00\",\"author\":{\"@id\":\"https:\\\/\\\/www.bbmnoticias.com\\\/labravaradiofm\\\/#\\\/schema\\\/person\\\/68a9e9036ef3c5b55aeb2b71dc8bab45\"},\"breadcrumb\":{\"@id\":\"https:\\\/\\\/www.bbmnoticias.com\\\/labravaradiofm\\\/2021\\\/09\\\/14\\\/visita-dirigente-nacional-del-stirtt-ricardo-acedo-samaniego-galerias-de-la-cco\\\/#breadcrumb\"},\"inLanguage\":\"es\",\"potentialAction\":[{\"@type\":\"ReadAction\",\"target\":[\"https:\\\/\\\/www.bbmnoticias.com\\\/labravaradiofm\\\/2021\\\/09\\\/14\\\/visita-dirigente-nacional-del-stirtt-ricardo-acedo-samaniego-galerias-de-la-cco\\\/\"]}]},{\"@type\":\"ImageObject\",\"inLanguage\":\"es\",\"@id\":\"https:\\\/\\\/www.bbmnoticias.com\\\/labravaradiofm\\\/2021\\\/09\\\/14\\\/visita-dirigente-nacional-del-stirtt-ricardo-acedo-samaniego-galerias-de-la-cco\\\/#primaryimage\",\"url\":\"https:\\\/\\\/www.bbmnoticias.com\\\/labravaradiofm\\\/wp-content\\\/uploads\\\/sites\\\/5\\\/2021\\\/09\\\/local14092021-3.jpg\",\"contentUrl\":\"https:\\\/\\\/www.bbmnoticias.com\\\/labravaradiofm\\\/wp-content\\\/uploads\\\/sites\\\/5\\\/2021\\\/09\\\/local14092021-3.jpg\",\"width\":1280,\"height\":854,\"caption\":\"Visita dirigente nacional del STIRTT, Ricardo Acedo Samaniego, galer\u00edas de la CCO\"},{\"@type\":\"BreadcrumbList\",\"@id\":\"https:\\\/\\\/www.bbmnoticias.com\\\/labravaradiofm\\\/2021\\\/09\\\/14\\\/visita-dirigente-nacional-del-stirtt-ricardo-acedo-samaniego-galerias-de-la-cco\\\/#breadcrumb\",\"itemListElement\":[{\"@type\":\"ListItem\",\"position\":1,\"name\":\"Inicio\",\"item\":\"https:\\\/\\\/www.bbmnoticias.com\\\/labravaradiofm\\\/\"},{\"@type\":\"ListItem\",\"position\":2,\"name\":\"Visita dirigente nacional del STIRTT, Ricardo Acedo Samaniego, galer\u00edas de la CCO\"}]},{\"@type\":\"WebSite\",\"@id\":\"https:\\\/\\\/www.bbmnoticias.com\\\/labravaradiofm\\\/#website\",\"url\":\"https:\\\/\\\/www.bbmnoticias.com\\\/labravaradiofm\\\/\",\"name\":\"LA BRAVA RADIO\",\"description\":\"Empresa productora de medios, Radiodifusi\u00f3n, Noticias, tendencias y todo lo que necesitas saber de la pol\u00edtica mexicana e internacional; entretenimiento, espect\u00e1culos, salud y mucho m\u00e1s.\",\"potentialAction\":[{\"@type\":\"SearchAction\",\"target\":{\"@type\":\"EntryPoint\",\"urlTemplate\":\"https:\\\/\\\/www.bbmnoticias.com\\\/labravaradiofm\\\/?s={search_term_string}\"},\"query-input\":{\"@type\":\"PropertyValueSpecification\",\"valueRequired\":true,\"valueName\":\"search_term_string\"}}],\"inLanguage\":\"es\"},{\"@type\":\"Person\",\"@id\":\"https:\\\/\\\/www.bbmnoticias.com\\\/labravaradiofm\\\/#\\\/schema\\\/person\\\/68a9e9036ef3c5b55aeb2b71dc8bab45\",\"name\":\"Staff\",\"image\":{\"@type\":\"ImageObject\",\"inLanguage\":\"es\",\"@id\":\"https:\\\/\\\/secure.gravatar.com\\\/avatar\\\/fdd21ad66fd8b98c407f9dee5b5e588cfe7f0d8579ec20fa6527cd59bab7f0f0?s=96&d=mm&r=g\",\"url\":\"https:\\\/\\\/secure.gravatar.com\\\/avatar\\\/fdd21ad66fd8b98c407f9dee5b5e588cfe7f0d8579ec20fa6527cd59bab7f0f0?s=96&d=mm&r=g\",\"contentUrl\":\"https:\\\/\\\/secure.gravatar.com\\\/avatar\\\/fdd21ad66fd8b98c407f9dee5b5e588cfe7f0d8579ec20fa6527cd59bab7f0f0?s=96&d=mm&r=g\",\"caption\":\"Staff\"},\"url\":\"https:\\\/\\\/www.bbmnoticias.com\\\/labravaradiofm\\\/author\\\/redaccion\\\/\"}]}<\/script>\n<!-- \/ Yoast SEO plugin. -->","yoast_head_json":{"title":"Visita dirigente nacional del STIRTT, Ricardo Acedo Samaniego, galer\u00edas de la CCO - LA BRAVA RADIO","robots":{"index":"index","follow":"follow","max-snippet":"max-snippet:-1","max-image-preview":"max-image-preview:large","max-video-preview":"max-video-preview:-1"},"canonical":"https:\/\/www.bbmnoticias.com\/labravaradiofm\/2021\/09\/14\/visita-dirigente-nacional-del-stirtt-ricardo-acedo-samaniego-galerias-de-la-cco\/","og_locale":"es_MX","og_type":"article","og_title":"Visita dirigente nacional del STIRTT, Ricardo Acedo Samaniego, galer\u00edas de la CCO - LA BRAVA RADIO","og_description":"Oaxaca de Ju\u00e1rez, Oax. El secretario general del Comit\u00e9 Nacional del Sindicato de Trabajadores de la Industria de la Radio, Televisi\u00f3n y Telecomunicaciones (STIRTT), Ricardo Acedo Samaniego, visit\u00f3 las galer\u00edas \u201cRufino Tamayo\u201d, \u201cAlfonso Rivas\u201d y \u201cAtanacio Garc\u00eda Tapia\u201d de la Casa de la Cultura Oaxaque\u00f1a durante su visita a la capital del estado. Acompa\u00f1ado por [&hellip;]","og_url":"https:\/\/www.bbmnoticias.com\/labravaradiofm\/2021\/09\/14\/visita-dirigente-nacional-del-stirtt-ricardo-acedo-samaniego-galerias-de-la-cco\/","og_site_name":"LA BRAVA RADIO","article_published_time":"2021-09-14T17:07:35+00:00","article_modified_time":"2021-09-14T17:07:36+00:00","og_image":[{"width":1280,"height":854,"url":"https:\/\/www.bbmnoticias.com\/labravaradiofm\/wp-content\/uploads\/sites\/5\/2021\/09\/local14092021-3.jpg","type":"image\/jpeg"}],"author":"Staff","twitter_card":"summary_large_image","twitter_misc":{"Escrito por":"Staff","Tiempo de lectura":"2 minutos"},"schema":{"@context":"https:\/\/schema.org","@graph":[{"@type":"Article","@id":"https:\/\/www.bbmnoticias.com\/labravaradiofm\/2021\/09\/14\/visita-dirigente-nacional-del-stirtt-ricardo-acedo-samaniego-galerias-de-la-cco\/#article","isPartOf":{"@id":"https:\/\/www.bbmnoticias.com\/labravaradiofm\/2021\/09\/14\/visita-dirigente-nacional-del-stirtt-ricardo-acedo-samaniego-galerias-de-la-cco\/"},"author":{"name":"Staff","@id":"https:\/\/www.bbmnoticias.com\/labravaradiofm\/#\/schema\/person\/68a9e9036ef3c5b55aeb2b71dc8bab45"},"headline":"Visita dirigente nacional del STIRTT, Ricardo Acedo Samaniego, galer\u00edas de la CCO","datePublished":"2021-09-14T17:07:35+00:00","dateModified":"2021-09-14T17:07:36+00:00","mainEntityOfPage":{"@id":"https:\/\/www.bbmnoticias.com\/labravaradiofm\/2021\/09\/14\/visita-dirigente-nacional-del-stirtt-ricardo-acedo-samaniego-galerias-de-la-cco\/"},"wordCount":455,"image":{"@id":"https:\/\/www.bbmnoticias.com\/labravaradiofm\/2021\/09\/14\/visita-dirigente-nacional-del-stirtt-ricardo-acedo-samaniego-galerias-de-la-cco\/#primaryimage"},"thumbnailUrl":"https:\/\/www.bbmnoticias.com\/labravaradiofm\/wp-content\/uploads\/sites\/5\/2021\/09\/local14092021-3.jpg","articleSection":["LOCAL"],"inLanguage":"es"},{"@type":"WebPage","@id":"https:\/\/www.bbmnoticias.com\/labravaradiofm\/2021\/09\/14\/visita-dirigente-nacional-del-stirtt-ricardo-acedo-samaniego-galerias-de-la-cco\/","url":"https:\/\/www.bbmnoticias.com\/labravaradiofm\/2021\/09\/14\/visita-dirigente-nacional-del-stirtt-ricardo-acedo-samaniego-galerias-de-la-cco\/","name":"Visita dirigente nacional del STIRTT, Ricardo Acedo Samaniego, galer\u00edas de la CCO - LA BRAVA RADIO","isPartOf":{"@id":"https:\/\/www.bbmnoticias.com\/labravaradiofm\/#website"},"primaryImageOfPage":{"@id":"https:\/\/www.bbmnoticias.com\/labravaradiofm\/2021\/09\/14\/visita-dirigente-nacional-del-stirtt-ricardo-acedo-samaniego-galerias-de-la-cco\/#primaryimage"},"image":{"@id":"https:\/\/www.bbmnoticias.com\/labravaradiofm\/2021\/09\/14\/visita-dirigente-nacional-del-stirtt-ricardo-acedo-samaniego-galerias-de-la-cco\/#primaryimage"},"thumbnailUrl":"https:\/\/www.bbmnoticias.com\/labravaradiofm\/wp-content\/uploads\/sites\/5\/2021\/09\/local14092021-3.jpg","datePublished":"2021-09-14T17:07:35+00:00","dateModified":"2021-09-14T17:07:36+00:00","author":{"@id":"https:\/\/www.bbmnoticias.com\/labravaradiofm\/#\/schema\/person\/68a9e9036ef3c5b55aeb2b71dc8bab45"},"breadcrumb":{"@id":"https:\/\/www.bbmnoticias.com\/labravaradiofm\/2021\/09\/14\/visita-dirigente-nacional-del-stirtt-ricardo-acedo-samaniego-galerias-de-la-cco\/#breadcrumb"},"inLanguage":"es","potentialAction":[{"@type":"ReadAction","target":["https:\/\/www.bbmnoticias.com\/labravaradiofm\/2021\/09\/14\/visita-dirigente-nacional-del-stirtt-ricardo-acedo-samaniego-galerias-de-la-cco\/"]}]},{"@type":"ImageObject","inLanguage":"es","@id":"https:\/\/www.bbmnoticias.com\/labravaradiofm\/2021\/09\/14\/visita-dirigente-nacional-del-stirtt-ricardo-acedo-samaniego-galerias-de-la-cco\/#primaryimage","url":"https:\/\/www.bbmnoticias.com\/labravaradiofm\/wp-content\/uploads\/sites\/5\/2021\/09\/local14092021-3.jpg","contentUrl":"https:\/\/www.bbmnoticias.com\/labravaradiofm\/wp-content\/uploads\/sites\/5\/2021\/09\/local14092021-3.jpg","width":1280,"height":854,"caption":"Visita dirigente nacional del STIRTT, Ricardo Acedo Samaniego, galer\u00edas de la CCO"},{"@type":"BreadcrumbList","@id":"https:\/\/www.bbmnoticias.com\/labravaradiofm\/2021\/09\/14\/visita-dirigente-nacional-del-stirtt-ricardo-acedo-samaniego-galerias-de-la-cco\/#breadcrumb","itemListElement":[{"@type":"ListItem","position":1,"name":"Inicio","item":"https:\/\/www.bbmnoticias.com\/labravaradiofm\/"},{"@type":"ListItem","position":2,"name":"Visita dirigente nacional del STIRTT, Ricardo Acedo Samaniego, galer\u00edas de la CCO"}]},{"@type":"WebSite","@id":"https:\/\/www.bbmnoticias.com\/labravaradiofm\/#website","url":"https:\/\/www.bbmnoticias.com\/labravaradiofm\/","name":"LA BRAVA RADIO","description":"Empresa productora de medios, Radiodifusi\u00f3n, Noticias, tendencias y todo lo que necesitas saber de la pol\u00edtica mexicana e internacional; entretenimiento, espect\u00e1culos, salud y mucho m\u00e1s.","potentialAction":[{"@type":"SearchAction","target":{"@type":"EntryPoint","urlTemplate":"https:\/\/www.bbmnoticias.com\/labravaradiofm\/?s={search_term_string}"},"query-input":{"@type":"PropertyValueSpecification","valueRequired":true,"valueName":"search_term_string"}}],"inLanguage":"es"},{"@type":"Person","@id":"https:\/\/www.bbmnoticias.com\/labravaradiofm\/#\/schema\/person\/68a9e9036ef3c5b55aeb2b71dc8bab45","name":"Staff","image":{"@type":"ImageObject","inLanguage":"es","@id":"https:\/\/secure.gravatar.com\/avatar\/fdd21ad66fd8b98c407f9dee5b5e588cfe7f0d8579ec20fa6527cd59bab7f0f0?s=96&d=mm&r=g","url":"https:\/\/secure.gravatar.com\/avatar\/fdd21ad66fd8b98c407f9dee5b5e588cfe7f0d8579ec20fa6527cd59bab7f0f0?s=96&d=mm&r=g","contentUrl":"https:\/\/secure.gravatar.com\/avatar\/fdd21ad66fd8b98c407f9dee5b5e588cfe7f0d8579ec20fa6527cd59bab7f0f0?s=96&d=mm&r=g","caption":"Staff"},"url":"https:\/\/www.bbmnoticias.com\/labravaradiofm\/author\/redaccion\/"}]}},"_links":{"self":[{"href":"https:\/\/www.bbmnoticias.com\/labravaradiofm\/wp-json\/wp\/v2\/posts\/1819","targetHints":{"allow":["GET"]}}],"collection":[{"href":"https:\/\/www.bbmnoticias.com\/labravaradiofm\/wp-json\/wp\/v2\/posts"}],"about":[{"href":"https:\/\/www.bbmnoticias.com\/labravaradiofm\/wp-json\/wp\/v2\/types\/post"}],"author":[{"embeddable":true,"href":"https:\/\/www.bbmnoticias.com\/labravaradiofm\/wp-json\/wp\/v2\/users\/2"}],"replies":[{"embeddable":true,"href":"https:\/\/www.bbmnoticias.com\/labravaradiofm\/wp-json\/wp\/v2\/comments?post=1819"}],"version-history":[{"count":0,"href":"https:\/\/www.bbmnoticias.com\/labravaradiofm\/wp-json\/wp\/v2\/posts\/1819\/revisions"}],"wp:featuredmedia":[{"embeddable":true,"href":"https:\/\/www.bbmnoticias.com\/labravaradiofm\/wp-json\/wp\/v2\/media\/1820"}],"wp:attachment":[{"href":"https:\/\/www.bbmnoticias.com\/labravaradiofm\/wp-json\/wp\/v2\/media?parent=1819"}],"wp:term":[{"taxonomy":"category","embeddable":true,"href":"https:\/\/www.bbmnoticias.com\/labravaradiofm\/wp-json\/wp\/v2\/categories?post=1819"},{"taxonomy":"post_tag","embeddable":true,"href":"https:\/\/www.bbmnoticias.com\/labravaradiofm\/wp-json\/wp\/v2\/tags?post=1819"}],"curies":[{"name":"wp","href":"https:\/\/api.w.org\/{rel}","templated":true}]}}