{"id":1811,"date":"2021-09-14T10:50:29","date_gmt":"2021-09-14T15:50:29","guid":{"rendered":"https:\/\/www.bbmnoticias.com\/labravaradiofm\/?p=1811"},"modified":"2021-09-14T10:50:30","modified_gmt":"2021-09-14T15:50:30","slug":"ya-no-los-busquen-porque-todos-murieron-al-ser-incinerados-el-pajarraco-sobre-los-43-normalistas","status":"publish","type":"post","link":"https:\/\/www.bbmnoticias.com\/labravaradiofm\/2021\/09\/14\/ya-no-los-busquen-porque-todos-murieron-al-ser-incinerados-el-pajarraco-sobre-los-43-normalistas\/","title":{"rendered":"Ya no los busquen porque todos murieron al ser incinerados: \u2018El Pajarraco\u2019 sobre los 43 normalistas"},"content":{"rendered":"<div style=\"margin-top: 0px; margin-bottom: 0px;\" class=\"sharethis-inline-share-buttons\" ><\/div>\n<p><strong>Ciudad de M\u00e9xico.-<\/strong> Durante casi cuatro a\u00f1os,<strong> Juan Miguel Pantoja Miranda alias El Pajarraco<\/strong>, presunto involucrado en la<strong> desaparici\u00f3n de los 43 estudiantes de Ayotzinap<\/strong>a, fue perseguido por la entonces Procuradur\u00eda General de la Rep\u00fablica (PGR), para finalmente ser detenido en 2018, aunque un juez orden\u00f3 su liberaci\u00f3n.<\/p>\n\n\n\n<p>Estaba dispuesto a decir todo lo que sab\u00eda, pero s\u00f3lo la Comisi\u00f3n Nacional de Derechos Humanos (CNDH) lo pudo entrevistar, un relato que no tuvo valor judicial pese a que dio detalles de lo que les hicieron a los j\u00f3venes aquella noche y madrugada del 26 y 27 de septiembre de 2014.<\/p>\n\n\n\n<p><strong>Documentos en poder de MILENIO revelan<\/strong> que dos d\u00edas despu\u00e9s de su detenci\u00f3n,<strong> El Pajarraco dijo a los visitadores de la CNDH que deseaba declarar todo lo que sab\u00eda de la desaparici\u00f3n de los normalistas<\/strong> porque quer\u00eda descargar su conciencia, ya que desde que ocurrieron los hechos no pod\u00eda dormir bien, ten\u00eda pesadillas y no pod\u00eda vivir tranquilo; deseaba decirles a los padres de los estudiantes que \u201cya no los busquen porque todos murieron al ser incinerados en el basurero de Cocula\u201d.<\/p>\n\n\n\n<p>Su nombre, Juan Miguel Pantoja Miranda, y sus apodo<strong>s: Pajarraco, Paja, Wasa, Wasako o Soldado, hab\u00edan sido mencionados por los presuntos integrantes de Guerreros Unidos<\/strong> que en 2014 admitieron haber secuestrado, trasladado, asesinado, incinerado y desaparecido a los 43 estudiantes.<\/p>\n\n\n\n<p><\/p>\n\n\n\n<figure class=\"wp-block-image size-full\"><img loading=\"lazy\" decoding=\"async\" width=\"958\" height=\"596\" src=\"https:\/\/www.bbmnoticias.com\/labravaradiofm\/wp-content\/uploads\/sites\/5\/2021\/09\/nacional14092021-3.jpeg\" alt=\"\" class=\"wp-image-1813\" srcset=\"https:\/\/www.bbmnoticias.com\/labravaradiofm\/wp-content\/uploads\/sites\/5\/2021\/09\/nacional14092021-3.jpeg 958w, https:\/\/www.bbmnoticias.com\/labravaradiofm\/wp-content\/uploads\/sites\/5\/2021\/09\/nacional14092021-3-300x187.jpeg 300w, https:\/\/www.bbmnoticias.com\/labravaradiofm\/wp-content\/uploads\/sites\/5\/2021\/09\/nacional14092021-3-768x478.jpeg 768w, https:\/\/www.bbmnoticias.com\/labravaradiofm\/wp-content\/uploads\/sites\/5\/2021\/09\/nacional14092021-3-675x420.jpeg 675w, https:\/\/www.bbmnoticias.com\/labravaradiofm\/wp-content\/uploads\/sites\/5\/2021\/09\/nacional14092021-3-640x398.jpeg 640w, https:\/\/www.bbmnoticias.com\/labravaradiofm\/wp-content\/uploads\/sites\/5\/2021\/09\/nacional14092021-3-681x424.jpeg 681w\" sizes=\"auto, (max-width: 958px) 100vw, 958px\" \/><\/figure>\n\n\n\n<p><strong>La PGR solicit\u00f3 y obtuvo una orden de aprehensi\u00f3n contra el supuesto c\u00f3mplice<\/strong> de los presuntos asesinos de los estudiantes, pero El Pajarraco logr\u00f3 ocultarse casi 4 a\u00f1os, hasta que el 28 de agosto de 2018 fue detenido por la Polic\u00eda Federal de Investigaci\u00f3n en Piedras Negras, Coahuila, acusado de delincuencia organizada y secuestro.<\/p>\n\n\n\n<p>Pero el 12 de septiembre de 2018, dos semanas despu\u00e9s de haber sido detenido, un juez le otorg\u00f3 la libertad por falta de elementos, al desechar 48 declaraciones en su contra, bas\u00e1ndose en resoluciones previas que hab\u00edan estimado que a los involucrados en el caso se les present\u00f3 ante la autoridad de manera forzada, que las detenciones fueron ilegales, que se les retuvo de manera prolongada antes de ser presentados y que supuestamente se hab\u00edan acreditado actos de coerci\u00f3n, como tortura o maltrato.<\/p>\n\n\n\n<p>(El 26 de septiembre de 2014 desaparecieron los 43 estudiantes de Ayotzinapa) As\u00ed, lo que Jonathan Osorio, El Jona, Agust\u00edn Garc\u00eda Reyes, El Chereje y Patricio Reyes Landa, El Pato, entre otros, hab\u00edan dicho de su supuesto c\u00f3mplice El Pajarraco, se desestim\u00f3 por orden judicial y \u00e9l ya no pudo ser interrogado, ni investigado.<\/p>\n\n\n\n<p>Aunque no lo hizo ante una autoridad ministerial, El Pajarraco s\u00ed manifest\u00f3 lo que sab\u00eda. El 30 de agosto de 2018, ya internado en el penal federal 14 de G\u00f3mez Palacio, Durango, fue entrevistado por visitadores de la CNDH que formaban parte de la Oficina para el caso Iguala.<\/p>\n\n\n\n<p><strong>\u201cVente porque est\u00e1n atacando la cuna\u201d<\/strong><\/p>\n\n\n\n<p><strong>MILENIO obtuvo una copia del acta circunstanciada de la entrevista a trav\u00e9s de solicitudes de transparencia<\/strong>. El Pajarraco dijo que particip\u00f3 en la desaparici\u00f3n de los j\u00f3venes, aunque aclar\u00f3 que \u00e9l no dispar\u00f3 contra ning\u00fan estudiante \u201cporque no usaba arma de fuego\u201d.<\/p>\n\n\n\n<p>Su participaci\u00f3n se dio \u201ca partir de lo ocurrido en Metlapa\u201d, Guerrero, cuando seg\u00fan su testimonio trasladaron a los estudiantes hacia el basurero de Cocula.<\/p>\n\n\n\n<p><\/p>\n\n\n\n<figure class=\"wp-block-image size-full\"><img loading=\"lazy\" decoding=\"async\" width=\"630\" height=\"991\" src=\"https:\/\/www.bbmnoticias.com\/labravaradiofm\/wp-content\/uploads\/sites\/5\/2021\/09\/nacional14092021-4.jpg\" alt=\"\" class=\"wp-image-1814\" srcset=\"https:\/\/www.bbmnoticias.com\/labravaradiofm\/wp-content\/uploads\/sites\/5\/2021\/09\/nacional14092021-4.jpg 630w, https:\/\/www.bbmnoticias.com\/labravaradiofm\/wp-content\/uploads\/sites\/5\/2021\/09\/nacional14092021-4-191x300.jpg 191w, https:\/\/www.bbmnoticias.com\/labravaradiofm\/wp-content\/uploads\/sites\/5\/2021\/09\/nacional14092021-4-267x420.jpg 267w\" sizes=\"auto, (max-width: 630px) 100vw, 630px\" \/><\/figure>\n\n\n\n<p>El Pajarraco cont\u00f3 que<strong> su trabajo en Guerreros Unidos era cuidar del pueblo avisando a dos de sus integrantes<\/strong>, por tel\u00e9fono, cuando entraba gente extra\u00f1a o autoridades.<\/p>\n\n\n\n<p>Dijo que el 26 de septiembre de 2014, aproximadamente a las 22 horas, estaba en su domicilio prepar\u00e1ndose para ir a la fiesta de celebraci\u00f3n del Grito de Independencia, que en esa fecha se hac\u00eda cada a\u00f1o en su pueblo (Apipilulco, Guerrero).<\/p>\n\n\n\n<p>Entonces, le llam\u00f3 uno de los miembros de Guerreros Unidos, quien le dijo: \u201cvente porque est\u00e1n atacando la cuna\u201d. \u00c9l le respondi\u00f3: \u201cvoy a mi rond\u00edn\u201d, intentando evadir la instrucci\u00f3n. La orden fue m\u00e1s en\u00e9rgica: \u201cvente a la cuna, si no vienes, vamos por ti y ya sabes lo que te puede pasar\u201d.<\/p>\n\n\n\n<p>Dijo que<strong> tom\u00f3 su motocicleta y aproximadamente a las 22:10 horas lleg\u00f3 a Cocula<\/strong>, al domicilio en el que lo citaron. Ah\u00ed ya estaban seis miembros de Guerreros Unidos, con quienes se subi\u00f3 a una camioneta Nissan Estaquitas blanca, propiedad de uno de ellos y se dirigieron a Iguala, pero no llegaron hasta all\u00e1, pues a la mitad del pueblo de Metlapa, aproximadamente a las 22:50 horas, se encontraron con la camioneta blanca de tres y media toneladas con redila en la que llevaban a los estudiantes, misma que iba escoltada por dos camionetas de la polic\u00eda.<\/p>\n\n\n\n<p><\/p>\n\n\n\n<figure class=\"wp-block-image size-full\"><img loading=\"lazy\" decoding=\"async\" width=\"610\" height=\"1024\" src=\"https:\/\/www.bbmnoticias.com\/labravaradiofm\/wp-content\/uploads\/sites\/5\/2021\/09\/nacional14092021-5.jpg\" alt=\"\" class=\"wp-image-1815\" srcset=\"https:\/\/www.bbmnoticias.com\/labravaradiofm\/wp-content\/uploads\/sites\/5\/2021\/09\/nacional14092021-5.jpg 610w, https:\/\/www.bbmnoticias.com\/labravaradiofm\/wp-content\/uploads\/sites\/5\/2021\/09\/nacional14092021-5-179x300.jpg 179w, https:\/\/www.bbmnoticias.com\/labravaradiofm\/wp-content\/uploads\/sites\/5\/2021\/09\/nacional14092021-5-250x420.jpg 250w\" sizes=\"auto, (max-width: 610px) 100vw, 610px\" \/><\/figure>\n\n\n\n<p>A su grupo <strong>le pidieron apoyo para vigilar que los estudiantes no se fueran a levantar y escapar<\/strong>. Todos los que iban en la camioneta Nissan Estaquitas se subieron a la caja de la camioneta de tres y media toneladas con los estudiantes, coloc\u00e1ndose en las esquinas. El Pajarraco dijo que se coloc\u00f3 en la canastilla de la camioneta. Mientras que s\u00f3lo uno de los integrantes de Guerreros Unidos se fue manejando la Nissan Estaquitas.<\/p>\n\n\n\n<p><strong>Espalda marcada con aerosol<\/strong><\/p>\n\n\n\n<p>En la descripci\u00f3n que aport\u00f3 a la CNDH, dijo que todos los estudiantes iban amontonados uno sobre otro y \u201cgritaban muy feo\u201d que se estaban ahogando y que eran estudiantes. Dijo que nadie los ayudaba y si se mov\u00edan queriendo levantarse les disparaban.<\/p>\n\n\n\n<p>El Pajarraco escuch\u00f3 unos ocho disparos en ese trayecto rumbo al basurero de Cocula y que dijo que vio a dos de los miembros de Guerreros Unidos accionar sus armas contra los estudiantes. Mencion\u00f3 que mientras avanzaban, uno de los miembros de Guerreros Unidos marc\u00f3 con pintura negra en aerosol a uno de los estudiantes en la espalda con una X y dijo \u201ca este lo conocemos y lo quiere el jefe\u201d.<\/p>\n\n\n\n<p>De acuerdo con su testimonio, llegaron al basurero de Cocula aproximadamente a la una de la madrugada del 27 de septiembre y ah\u00ed ya estaba la Nissan Estaquitas blanca. Esperaron hasta que a la 1:10 o 1:15 horas otro miembro de Guerreros Unidos \u201clleg\u00f3 con su gente\u201d, aproximadamente 15 personas con armas largas, los cuales, dijo, \u201cse hicieron cargo de los estudiantes\u201d.<\/p>\n\n\n\n<p><strong>\u201cA\u00fan est\u00e1 vivo ese cabr\u00f3n, b\u00e1jalo\u201d<\/strong><\/p>\n\n\n\n<p>El Pajarraco dijo que escuch\u00f3 que a trav\u00e9s de un radio transmisor<strong> uno de los presentes recibi\u00f3 la orden de que \u201cles diera piso a todos los estudiantes\u201d.<\/strong><\/p>\n\n\n\n<p><\/p>\n\n\n\n<figure class=\"wp-block-image size-full\"><img loading=\"lazy\" decoding=\"async\" width=\"618\" height=\"348\" src=\"https:\/\/www.bbmnoticias.com\/labravaradiofm\/wp-content\/uploads\/sites\/5\/2021\/09\/nacional14092021-6.jpg\" alt=\"\" class=\"wp-image-1816\" srcset=\"https:\/\/www.bbmnoticias.com\/labravaradiofm\/wp-content\/uploads\/sites\/5\/2021\/09\/nacional14092021-6.jpg 618w, https:\/\/www.bbmnoticias.com\/labravaradiofm\/wp-content\/uploads\/sites\/5\/2021\/09\/nacional14092021-6-300x169.jpg 300w\" sizes=\"auto, (max-width: 618px) 100vw, 618px\" \/><\/figure>\n\n\n\n<p>Que aproximadamente a las 2:15 o 2:20 horas se escucharon disparos de armas cortas y largas. No pudo darse cuenta qui\u00e9n inici\u00f3 los disparos en contra de los estudiantes, ni el calibre de las armas utilizadas.<\/p>\n\n\n\n<p>Dijo que <strong>una vez que mataron a los estudiantes<\/strong>, uno de los miembros de Guerreros Unidos<strong> le orden\u00f3 a otro que cortara troncos con una motosierra que llevaba<\/strong>, mientras cuatro <strong>arrojaban los cuerpos de los estudiantes desde la parte alta del basurero.<\/strong><\/p>\n\n\n\n<p>Algunos cuerpos se quedaban atorados, por lo que se sentaban y arrastr\u00e1ndose de nalgas llegaban hasta donde estaban atorados para empujarlos con los pies.<\/p>\n\n\n\n<p>Record\u00f3 que <strong>uno de los miembros de Guerreros Unidos grit\u00f3: \u201ca\u00fan est\u00e1 vivo ese cabr\u00f3n, b\u00e1jalo\u201d,<\/strong> y una vez que el cuerpo del estudiante lleg\u00f3 al fondo del basurero, uno de los miembros de Guerreros Unidos se acerc\u00f3, <strong>levant\u00f3 una roca grande<\/strong> y<strong> la dej\u00f3 caer sobre la cabeza, \u201cpara rematarlo\u201d.<\/strong><\/p>\n\n\n\n<p>Dijo que cuando bajaron todos los cuerpos de los estudiantes, les ordenaron juntar llantas. Que encontraron muchas, aproximadamente cincuenta o sesenta de diferentes tama\u00f1os. De los troncos, dijo que se junt\u00f3 una cantidad \u201ccomo un cami\u00f3n de volteo\u201d.<\/p>\n\n\n\n<p><strong>Una \u2018cama\u2019 para quemarlos<\/strong><\/p>\n\n\n\n<p>Relat\u00f3 que aproximadamente<strong> a las 3:30 horas cay\u00f3 una llovizna leve, que dur\u00f3 una hora.<\/strong> Mientras, dijo que el encargado de \u201ccocinar a los estudiantes\u201d le indic\u00f3 a otros dos que se juntaran rocas grandes y las colocaran separadas entre s\u00ed, formando una base, que qued\u00f3 de 6 metros de ancho por aproximadamente 8 metros de largo, con una altura del piso a la parte superior de la roca de 80 cent\u00edmetros. Cont\u00f3 que sobre las rocas colocaron las llantas, formando una \u201ccama\u201d o \u201cplancha\u201d y se les roci\u00f3 di\u00e9sel.<\/p>\n\n\n\n<p><strong>Sobre las llantas se colocaron troncos y ramas,<\/strong> las cuales tambi\u00e9n fueron rociadas con di\u00e9sel y encima pusieron dos hileras paralelas de los estudiantes, con la cabeza orientada hacia un costado. Unos 15 cuerpos de los estudiantes \u201clos m\u00e1s gorditos\u201d.<\/p>\n\n\n\n<p>Seg\u00fan su testimonio, <strong>les abrieron la boca y les introdujeron el cuello de una botella de pl\u00e1stico a manera de embudo para vaciarles di\u00e9sel<\/strong> y as\u00ed \u201crellenarlos de combustible\u201d; despu\u00e9s los rociaron con el mismo combustible.<\/p>\n\n\n\n<p>Dijo que sobre esos cuerpos colocaron otra cama de troncos y ramas, la rociaron con di\u00e9sel y encima pusieron otras dos hileras de estudiantes en forma transversal, unos diez o trece cuerpos, igual con la cabeza orientada hacia un mismo extremo, a los que tambi\u00e9n les introdujeron di\u00e9sel. El mismo procedimiento lo hicieron una vez m\u00e1s para el resto de cuerpos y hasta arriba colocaron m\u00e1s troncos y ramas y rociaron con di\u00e9sel.<\/p>\n\n\n\n<p><\/p>\n\n\n\n<figure class=\"wp-block-image size-full\"><img loading=\"lazy\" decoding=\"async\" width=\"630\" height=\"355\" src=\"https:\/\/www.bbmnoticias.com\/labravaradiofm\/wp-content\/uploads\/sites\/5\/2021\/09\/nacional14092021-7.jpg\" alt=\"\" class=\"wp-image-1817\" srcset=\"https:\/\/www.bbmnoticias.com\/labravaradiofm\/wp-content\/uploads\/sites\/5\/2021\/09\/nacional14092021-7.jpg 630w, https:\/\/www.bbmnoticias.com\/labravaradiofm\/wp-content\/uploads\/sites\/5\/2021\/09\/nacional14092021-7-300x169.jpg 300w\" sizes=\"auto, (max-width: 630px) 100vw, 630px\" \/><\/figure>\n\n\n\n<p>Para lograrlo, <strong>relat\u00f3 que usaron tres garrafones de di\u00e9sel con capacidad de 40 litros cada uno.<\/strong> Que \u00e9l solamente ayud\u00f3 a pasar los cuerpos de los estudiantes a tres de los miembros de Guerreros Unidos para que los acomodaran en la plancha.<\/p>\n\n\n\n<p><strong>Aproximadamente a las 3:20 horas terminaron y dos miembros de Guerreros Unidos prendieron el fuego<\/strong>, cada uno de una esquina. Cont\u00f3 que hab\u00eda tres miembros del grupo delictivo encargados de lanzar le\u00f1a al fuego para que no se extinguiera y, para soportar el calor, se quitaron las camisas y se mojaban el cuerpo.<\/p>\n\n\n\n<p>Seg\u00fan el relato de El Pajarraco, <strong>el fuego intenso dur\u00f3 de las 3:00 horas a las 10:00 horas<\/strong> y con menor intensidad hasta las 15:00 horas. Cerca de tres horas m\u00e1s tarde los llevaron a sus casas.<\/p>\n\n\n\n<p>En su relato aclar\u00f3 que<strong> como la noche del 27 de septiembre llovi\u00f3 con intensidad<\/strong>,<strong> regresaron al basurero de Cocula hasta el 28.<\/strong> Volvi\u00f3 con otros cinco miembros de Guerreros Unidos para recolectar las cenizas y encontraron puro lodo, lo recogieron con palas, lo depositaron en ocho bolsas negras de pl\u00e1stico, que pesaban aproximadamente 50 kilos cada una, y entre dos las sacaron cargando del fondo del basurero y las subieron a la camioneta Nissan Estaquitas.<\/p>\n\n\n\n<p>De ah\u00ed, dijo que se dirigieron a la colonia Vicente y luego al puente del R\u00edo San Juan, donde estacionaron de reversa la camioneta y lanzaron las ocho bolsas al r\u00edo, pensando que ser\u00edan arrastradas por la corriente.<\/p>\n\n\n\n<p><strong>El Pajarraco dijo a la CNDH que estaba dispuesto a declarar ante las autoridades<\/strong>, incluso plante\u00f3 que esperaba \u201cque se le juzgue como part\u00edcipe o c\u00f3mplice, pero no como autor material o intelectual\u201d. Dijo que solicitar\u00eda a la autoridad ante la cual declarara, que le garantizara la seguridad y la integridad f\u00edsica de su hija, de su madre y la de sus hermanos, porque dijo que sab\u00eda que una vez que declarara, la integridad f\u00edsica y la vida de sus familiares corr\u00eda peligro.<\/p>\n\n\n\n<p><strong>Escalofriante relato de pu\u00f1o y letra<\/strong><\/p>\n\n\n\n<p>En la entrevista que la CNDH le realiz\u00f3 a El Pajarraco le mostraron un \u00e1lbum de fotograf\u00edas que conform\u00f3 la Oficina del caso Iguala, en el que aparecen los rostros de los 43 estudiantes normalistas desaparecidos, servidores p\u00fablicos y personas implicadas en los hechos. El Pajarraco los reconoci\u00f3 plenamente. De cada uno de los presuntos involucrados en los hechos, escribi\u00f3 y firm\u00f3 de pu\u00f1o y letra en cada imagen fotogr\u00e1fica lo que sab\u00eda de ellos:<\/p>\n\n\n\n<p>Del primero dijo que era polic\u00eda de Cocula. Del segundo, asegur\u00f3 que era un profesor de educaci\u00f3n f\u00edsica, que jugaba con \u00e9l en el equipo de futbol del pueblo, y explic\u00f3 que esa persona no era La Rana (uno de los presuntos delincuentes detenidos), sino que el verdadero Rana se llamaba diferente. Por esta referencia se puede intuir que El Pajarraco reconoci\u00f3 en la fotograf\u00eda a Erick Uriel Sandoval Rodr\u00edguez, quien hab\u00eda sido encarcelado injustamente por la Procuradur\u00eda General de la Rep\u00fablica y de quien la CNDH demostr\u00f3 que era una persona equivocada, logrando su liberaci\u00f3n en noviembre de ese mismo a\u00f1o, 2018.<\/p>\n\n\n\n<p>En el \u00e1lbum,<strong> El Pajarraco tambi\u00e9n identific\u00f3 a un miembro de Guerreros Unidos<\/strong>, del que dijo que se dedicaba a vender droga y escribi\u00f3 que \u201cfue quien dio la orden de que desapareci\u00e9ramos a los estudiantes\u201d.<\/p>\n\n\n\n<p>Reconoci\u00f3 a otros miembros de Guerreros Unidos, como a Patricio Reyes Landa, reaprehendido y puesto en libertad la semana pasada por portaci\u00f3n de arma de fuego. De \u00e9l, El Pajarraco escribi\u00f3:<\/p>\n\n\n\n<blockquote class=\"wp-block-quote is-layout-flow wp-block-quote-is-layout-flow\"><p>\u201c A este lo conozco como El Pato, sicario de Guerreros Unidos, s\u00e9 que se llama Patricio. Ese d\u00eda tambi\u00e9n se subi\u00f3 a la camioneta del traslado de los estudiantes de Metlpa al basurero de Cocula y tambi\u00e9n dispar\u00f3 para que no se movieran o se quisieran salir los estudiantes. Tambi\u00e9n se qued\u00f3 con el grupo que disparaban a los estudiantes y se baj\u00f3 con otro a armar la plancha para incinerar a los estudiantes\u201d. De pu\u00f1o y letra, El Pajarraco escribi\u00f3: \u201cdeclarar\u00e9 con m\u00e1s detalle lo que hizo el 26 y 27 de (septiembre) 2014 con los estudiantes de Ayotzinapa\u201d.<\/p><\/blockquote>\n\n\n\n<p>El documento de la CNDH integra en ese momento la descripci\u00f3n que El Pajarraco dio sobre la manera en que se deshicieron de los estudiantes, nombrando a varios de sus c\u00f3mplices en el relato:<\/p>\n\n\n\n<p><strong>Caso Iguala Relato de \u2018El Pajarraco\u2019<\/strong><\/p>\n\n\n\n<figure class=\"wp-block-pullquote\"><blockquote><p>\u201c Se empez\u00f3 lo de la incineraci\u00f3n de los cuerpos de los estudiantes. Fue primero pusieron piedras sobre el suelo del basurero del tama\u00f1o como 80 cent\u00edmetros, de peso como 40 kilos. Luego sobre las piedras colocaron las llantas acostabas como en cama, de todo tipo de llantas: grandes, medianas y peque\u00f1as, roci\u00e1ndolas de di\u00e9sel.<\/p><\/blockquote><\/figure>\n\n\n\n<figure class=\"wp-block-pullquote\"><blockquote><p>\u201c Enseguida una cama de le\u00f1a de la que uno cort\u00f3 al lado del basurero. Era le\u00f1a gruesa y mediana, la cual tambi\u00e9n rociaron de di\u00e9sel y entre tres empezaron a acomodar los cuerpos de los estudiantes sobre la cama de le\u00f1a. Y a ellos tambi\u00e9n le rociaban di\u00e9sel y con una botella a manera de embudo les echaban en la boca di\u00e9sel para rellenarlos de di\u00e9sel.<\/p><\/blockquote><\/figure>\n\n\n\n<figure class=\"wp-block-pullquote\"><blockquote><p>\u201c Entre 10 o 13 cuerpos en la primera cama, enseguida sobre esos cuerpos se puso otra cama de le\u00f1a que cort\u00f3 El Primo con la sierra y se le roci\u00f3 de di\u00e9sel nuevamente a la cama y sobre la cama se colocaron otra cama de cuerpos de estudiantes, aclarando que la primera cama debi\u00f3 ser de aproximadamente 15 cuerpos y la segunda cama de aproximadamente 10 o 13 cuerpos.<\/p><\/blockquote><\/figure>\n\n\n\n<figure class=\"wp-block-pullquote\"><blockquote><p>\u201c Luego tambi\u00e9n se les ech\u00f3 di\u00e9sel y tambi\u00e9n en la boca en el embudo les echaban. Y sobre esa cama se puso otra de le\u00f1a y roci\u00e1ndola de di\u00e9sel y encima la otra cama de cuerpos y tambi\u00e9n fueron rociados de di\u00e9sel y rellenados por la boca de di\u00e9sel. Fueron tres camas de cuerpos los que se pusieron. Del piso hacia arriba eran aproximadamente 2.50 metros, de largo unos 8 metros, de ancho unos 4 metros y que a estos les prendi\u00f3 fuego El Duval\u00edn.<\/p><\/blockquote><\/figure>\n\n\n\n<p>El Pajarraco sigui\u00f3 el reconocimiento de las fotograf\u00edas. De uno dijo que era halc\u00f3n de Guerreros Unidos y que lleg\u00f3 en la Nissan Estaquitas blanca al basurero de Cocula. De otro, dijo que s\u00f3lo lo hab\u00eda visto en las noticias. De uno m\u00e1s dijo que era el sicario de Guerreros Unidos que le marc\u00f3 la noche del 26 de septiembre para que fuera a encontrarse con otros integrantes del grupo en una casa en Cocula y fue quien recibi\u00f3 la orden de desaparecer a todos los estudiantes \u201cque llev\u00e1bamos\u201d.<\/p>\n\n\n\n<p><strong>A otro lo identific\u00f3 como sicario de Guerreros Unidos<\/strong>, y dijo que fue quien organiz\u00f3 las camas de llantas, le\u00f1os y cuerpos. A otro lo ubic\u00f3 como El Wereke, de quien mencion\u00f3 ten\u00eda ese apodo por g\u00fcero, que siempre le dec\u00edan as\u00ed, que era sicario del grupo y siempre andaba armado. Que ten\u00eda tatuajes de rana en la espalda y unas flamas en el brazo. Se refer\u00eda al verdadero Rana, es decir, a Edgar Dami\u00e1n Sandoval Albarr\u00e1n, quien sigue <strong>pr\u00f3fugo en Estados Unidos, a pesar de que la CNDH dio a la PGR detalles de su paradero.<\/strong><\/p>\n\n\n\n<p>El Pajarraco dijo que ese hombre viv\u00eda cerca del centro de salud, que particip\u00f3 en los hechos y dispar\u00f3 contra los estudiantes que se mov\u00edan. Que estuvo en el grupo que bajaron de la camioneta a los estudiantes y escribi\u00f3: \u201ces el verdadero Rana\u201d.<\/p>\n\n\n\n<p>De otro, escribi\u00f3 que s\u00f3lo lo conoc\u00eda porque \u201cera presidente de Iguala, Abarca\u201d. De la siguiente, dijo que era la \u201cesposa del presidente de Iguala Abarca\u201d. Del siguiente dijo que era el presidente de Cocula. De otro, dijo que se parec\u00eda al comandante de Cocula y trabajaba para Guerreros Unidos. Del \u00faltimo dijo conocerlo y asegur\u00f3 que trabajaba en el ayuntamiento.<\/p>\n\n\n\n<p>La versi\u00f3n d<strong>e El Pajarraco sobre lo ocurrido entre el 26 y 27 de septiembre de 2014<\/strong>, <strong>qued\u00f3 archivada<\/strong> en el expediente de la investigaci\u00f3n de la Oficina para el caso Iguala de la CNDH.<\/p>\n\n\n\n<p>En la recomendaci\u00f3n que el organismo present\u00f3 en 2018, se hace referencia a este hombre como uno de los principales participantes en los hechos, sin embargo, hasta ahora se conoce su testimonio, obtenido a trav\u00e9s de solicitudes de transparencia.<\/p>\n\n\n\n<p><strong>Detenci\u00f3n sin violencia y con pizzas como evidencia de que lo que El Pajarraco<\/strong> <strong>dijo<\/strong> y escribi\u00f3 durante la entrevista que tuvo con la CNDH fue sin presi\u00f3n alguna, dentro de su relato asegur\u00f3 que cuando lo detuvieron y trasladaron recibi\u00f3 buen trato por parte de las autoridades, que en ning\u00fan momento fue agredido, ni f\u00edsica, ni verbalmente, que ni siquiera le dijeron groser\u00edas e incluso le dieron de comer pizzas que sus aprehensores compraron.<\/p>\n\n\n\n<p>Describi\u00f3 c\u00f3mo fueron sus traslados, desde la detenci\u00f3n el 28 de agosto de 2018 por la ma\u00f1ana en Piedras Negras, Coahuila; su permanencia en esa ciudad hasta que por la tarde, en helic\u00f3ptero, lo llevaron a Torre\u00f3n; y posteriormente su traslado e ingreso al Centro Federal de Readaptaci\u00f3n Social n\u00famero 14 en G\u00f3mez Palacio, Durango, aproximadamente a la medianoche.<\/p>\n\n\n\n<p>Asegur\u00f3 que fue valorado al menos en tres ocasiones por m\u00e9dicos que no le encontraron lesiones.<\/p>\n\n\n\n<p>De acuerdo con el relato, El Pajarraco ya ten\u00eda dos cicatrices, una en la cabeza que se hizo de peque\u00f1o, y otra en el dedo medio de la mano derecha, que se hizo en una ocasi\u00f3n que su veh\u00edculo qued\u00f3 en medio de un enfrentamiento entre miembros de La Familia Michoacana y Los Rojos, y al tratar de proteger a su esposa y ponerle la mano en la cara, la bala atraves\u00f3 junto a su dedo, ella muri\u00f3. \u00c9l y su hija sobrevivieron.<\/p>\n\n\n\n<p><strong>Fotos en Facebook, pieza clave para ubicar a El Pajarraco<\/strong><\/p>\n\n\n\n<p>Despu\u00e9s de la desaparici\u00f3n de los estudiantes normalistas, El Pajarraco estuvo escondido con dos miembros de Guerreros Unidos en Morelos, de ah\u00ed se fue a Piedras Negras, donde ya llevaba tiempo, hasta el d\u00eda de su detenci\u00f3n. Trabajaba en una empresa, y a trav\u00e9s de su madre enviaba dinero a los abuelos de su hija para su manutenci\u00f3n. Seg\u00fan su testimonio, dieron con \u00e9l porque su madre \u201cacostumbraba a subir al Facebook fotograf\u00edas de los lugares que visitaba o frecuentaba\u201d.<\/p>\n\n\n\n<p>Sobre el ingreso de El Pajarraco a Guerreros Unidos, en la entrevista con la CNDH cont\u00f3 que fue por enero o febrero de 2014, en Cocula, Guerrero, que \u201cpor el vicio\u201d empez\u00f3 a juntarse con cinco integrantes de la organizaci\u00f3n, a quienes conoc\u00eda desde la secundaria por ser m\u00e1s o menos de su edad, quienes siempre andaban juntos y armados. Cont\u00f3 que en una ocasi\u00f3n, cuando estaban \u201cpisteando\u201d, uno de ellos lo invit\u00f3 a trabajar en Guerreros Unidos cuidando dos poblados y avisando por tel\u00e9fono si llegaba gente extra\u00f1a o autoridades, para eso su amigo le dio un celular. Le pagaban 10 mil pesos mensuales, pero coment\u00f3 que s\u00f3lo recibi\u00f3 dinero los dos primeros meses, despu\u00e9s le pagaban dos o tres mil pesos mensuales.<\/p>\n\n\n\n<p>En Guerreros Unidos, dijo, los cuatro principios fundamentales eran: \u201cno violar, no robar, no extorsionar y no secuestrar\u201d, y si alguno incurr\u00eda en esas faltas \u201cle dan piso\u201d. Dijo que lo constat\u00f3 una vez que un miembro de la organizaci\u00f3n fue sorprendido robando, y lo mataron.<\/p>\n\n\n\n<p><em>Lea el reportaje completo en <a href=\"https:\/\/www.milenio.com\/policia\/caso-ayotzinapa-criminal-pajarraco-sabia-mataron-43\">Milenio<\/a><\/em><\/p>\n","protected":false},"excerpt":{"rendered":"<p>Ciudad de M\u00e9xico.- Durante casi cuatro a\u00f1os, Juan Miguel Pantoja Miranda alias El Pajarraco, presunto involucrado en la desaparici\u00f3n de los 43 estudiantes de Ayotzinapa, fue perseguido por la entonces Procuradur\u00eda General de la Rep\u00fablica (PGR), para finalmente ser detenido en 2018, aunque un juez orden\u00f3 su liberaci\u00f3n. Estaba dispuesto a decir todo lo que [&hellip;]<\/p>\n","protected":false},"author":9,"featured_media":1812,"comment_status":"closed","ping_status":"closed","sticky":false,"template":"","format":"standard","meta":{"footnotes":""},"categories":[19],"tags":[],"class_list":{"0":"post-1811","1":"post","2":"type-post","3":"status-publish","4":"format-standard","5":"has-post-thumbnail","7":"category-nacional"},"yoast_head":"<!-- This site is optimized with the Yoast SEO plugin v27.4 - https:\/\/yoast.com\/product\/yoast-seo-wordpress\/ -->\n<title>Ya no los busquen porque todos murieron al ser incinerados: \u2018El Pajarraco\u2019 sobre los 43 normalistas - LA BRAVA RADIO<\/title>\n<meta name=\"robots\" content=\"index, follow, max-snippet:-1, max-image-preview:large, max-video-preview:-1\" \/>\n<link rel=\"canonical\" href=\"https:\/\/www.bbmnoticias.com\/labravaradiofm\/2021\/09\/14\/ya-no-los-busquen-porque-todos-murieron-al-ser-incinerados-el-pajarraco-sobre-los-43-normalistas\/\" \/>\n<meta property=\"og:locale\" content=\"es_MX\" \/>\n<meta property=\"og:type\" content=\"article\" \/>\n<meta property=\"og:title\" content=\"Ya no los busquen porque todos murieron al ser incinerados: \u2018El Pajarraco\u2019 sobre los 43 normalistas - LA BRAVA RADIO\" \/>\n<meta property=\"og:description\" content=\"Ciudad de M\u00e9xico.- Durante casi cuatro a\u00f1os, Juan Miguel Pantoja Miranda alias El Pajarraco, presunto involucrado en la desaparici\u00f3n de los 43 estudiantes de Ayotzinapa, fue perseguido por la entonces Procuradur\u00eda General de la Rep\u00fablica (PGR), para finalmente ser detenido en 2018, aunque un juez orden\u00f3 su liberaci\u00f3n. Estaba dispuesto a decir todo lo que [&hellip;]\" \/>\n<meta property=\"og:url\" content=\"https:\/\/www.bbmnoticias.com\/labravaradiofm\/2021\/09\/14\/ya-no-los-busquen-porque-todos-murieron-al-ser-incinerados-el-pajarraco-sobre-los-43-normalistas\/\" \/>\n<meta property=\"og:site_name\" content=\"LA BRAVA RADIO\" \/>\n<meta property=\"article:published_time\" content=\"2021-09-14T15:50:29+00:00\" \/>\n<meta property=\"article:modified_time\" content=\"2021-09-14T15:50:30+00:00\" \/>\n<meta property=\"og:image\" content=\"https:\/\/www.bbmnoticias.com\/labravaradiofm\/wp-content\/uploads\/sites\/5\/2021\/09\/nacional14092021-2.jpg\" \/>\n\t<meta property=\"og:image:width\" content=\"587\" \/>\n\t<meta property=\"og:image:height\" content=\"408\" \/>\n\t<meta property=\"og:image:type\" content=\"image\/jpeg\" \/>\n<meta name=\"author\" content=\"Milenio\" \/>\n<meta name=\"twitter:card\" content=\"summary_large_image\" \/>\n<meta name=\"twitter:label1\" content=\"Escrito por\" \/>\n\t<meta name=\"twitter:data1\" content=\"Milenio\" \/>\n\t<meta name=\"twitter:label2\" content=\"Tiempo de lectura\" \/>\n\t<meta name=\"twitter:data2\" content=\"16 minutos\" \/>\n<script type=\"application\/ld+json\" class=\"yoast-schema-graph\">{\"@context\":\"https:\\\/\\\/schema.org\",\"@graph\":[{\"@type\":\"Article\",\"@id\":\"https:\\\/\\\/www.bbmnoticias.com\\\/labravaradiofm\\\/2021\\\/09\\\/14\\\/ya-no-los-busquen-porque-todos-murieron-al-ser-incinerados-el-pajarraco-sobre-los-43-normalistas\\\/#article\",\"isPartOf\":{\"@id\":\"https:\\\/\\\/www.bbmnoticias.com\\\/labravaradiofm\\\/2021\\\/09\\\/14\\\/ya-no-los-busquen-porque-todos-murieron-al-ser-incinerados-el-pajarraco-sobre-los-43-normalistas\\\/\"},\"author\":{\"name\":\"Milenio\",\"@id\":\"https:\\\/\\\/www.bbmnoticias.com\\\/labravaradiofm\\\/#\\\/schema\\\/person\\\/721d0cdff27d6c6be0b7dfbd566fedd1\"},\"headline\":\"Ya no los busquen porque todos murieron al ser incinerados: \u2018El Pajarraco\u2019 sobre los 43 normalistas\",\"datePublished\":\"2021-09-14T15:50:29+00:00\",\"dateModified\":\"2021-09-14T15:50:30+00:00\",\"mainEntityOfPage\":{\"@id\":\"https:\\\/\\\/www.bbmnoticias.com\\\/labravaradiofm\\\/2021\\\/09\\\/14\\\/ya-no-los-busquen-porque-todos-murieron-al-ser-incinerados-el-pajarraco-sobre-los-43-normalistas\\\/\"},\"wordCount\":3499,\"image\":{\"@id\":\"https:\\\/\\\/www.bbmnoticias.com\\\/labravaradiofm\\\/2021\\\/09\\\/14\\\/ya-no-los-busquen-porque-todos-murieron-al-ser-incinerados-el-pajarraco-sobre-los-43-normalistas\\\/#primaryimage\"},\"thumbnailUrl\":\"https:\\\/\\\/www.bbmnoticias.com\\\/labravaradiofm\\\/wp-content\\\/uploads\\\/sites\\\/5\\\/2021\\\/09\\\/nacional14092021-2.jpg\",\"articleSection\":[\"NACIONAL\"],\"inLanguage\":\"es\"},{\"@type\":\"WebPage\",\"@id\":\"https:\\\/\\\/www.bbmnoticias.com\\\/labravaradiofm\\\/2021\\\/09\\\/14\\\/ya-no-los-busquen-porque-todos-murieron-al-ser-incinerados-el-pajarraco-sobre-los-43-normalistas\\\/\",\"url\":\"https:\\\/\\\/www.bbmnoticias.com\\\/labravaradiofm\\\/2021\\\/09\\\/14\\\/ya-no-los-busquen-porque-todos-murieron-al-ser-incinerados-el-pajarraco-sobre-los-43-normalistas\\\/\",\"name\":\"Ya no los busquen porque todos murieron al ser incinerados: \u2018El Pajarraco\u2019 sobre los 43 normalistas - LA BRAVA RADIO\",\"isPartOf\":{\"@id\":\"https:\\\/\\\/www.bbmnoticias.com\\\/labravaradiofm\\\/#website\"},\"primaryImageOfPage\":{\"@id\":\"https:\\\/\\\/www.bbmnoticias.com\\\/labravaradiofm\\\/2021\\\/09\\\/14\\\/ya-no-los-busquen-porque-todos-murieron-al-ser-incinerados-el-pajarraco-sobre-los-43-normalistas\\\/#primaryimage\"},\"image\":{\"@id\":\"https:\\\/\\\/www.bbmnoticias.com\\\/labravaradiofm\\\/2021\\\/09\\\/14\\\/ya-no-los-busquen-porque-todos-murieron-al-ser-incinerados-el-pajarraco-sobre-los-43-normalistas\\\/#primaryimage\"},\"thumbnailUrl\":\"https:\\\/\\\/www.bbmnoticias.com\\\/labravaradiofm\\\/wp-content\\\/uploads\\\/sites\\\/5\\\/2021\\\/09\\\/nacional14092021-2.jpg\",\"datePublished\":\"2021-09-14T15:50:29+00:00\",\"dateModified\":\"2021-09-14T15:50:30+00:00\",\"author\":{\"@id\":\"https:\\\/\\\/www.bbmnoticias.com\\\/labravaradiofm\\\/#\\\/schema\\\/person\\\/721d0cdff27d6c6be0b7dfbd566fedd1\"},\"breadcrumb\":{\"@id\":\"https:\\\/\\\/www.bbmnoticias.com\\\/labravaradiofm\\\/2021\\\/09\\\/14\\\/ya-no-los-busquen-porque-todos-murieron-al-ser-incinerados-el-pajarraco-sobre-los-43-normalistas\\\/#breadcrumb\"},\"inLanguage\":\"es\",\"potentialAction\":[{\"@type\":\"ReadAction\",\"target\":[\"https:\\\/\\\/www.bbmnoticias.com\\\/labravaradiofm\\\/2021\\\/09\\\/14\\\/ya-no-los-busquen-porque-todos-murieron-al-ser-incinerados-el-pajarraco-sobre-los-43-normalistas\\\/\"]}]},{\"@type\":\"ImageObject\",\"inLanguage\":\"es\",\"@id\":\"https:\\\/\\\/www.bbmnoticias.com\\\/labravaradiofm\\\/2021\\\/09\\\/14\\\/ya-no-los-busquen-porque-todos-murieron-al-ser-incinerados-el-pajarraco-sobre-los-43-normalistas\\\/#primaryimage\",\"url\":\"https:\\\/\\\/www.bbmnoticias.com\\\/labravaradiofm\\\/wp-content\\\/uploads\\\/sites\\\/5\\\/2021\\\/09\\\/nacional14092021-2.jpg\",\"contentUrl\":\"https:\\\/\\\/www.bbmnoticias.com\\\/labravaradiofm\\\/wp-content\\\/uploads\\\/sites\\\/5\\\/2021\\\/09\\\/nacional14092021-2.jpg\",\"width\":587,\"height\":408},{\"@type\":\"BreadcrumbList\",\"@id\":\"https:\\\/\\\/www.bbmnoticias.com\\\/labravaradiofm\\\/2021\\\/09\\\/14\\\/ya-no-los-busquen-porque-todos-murieron-al-ser-incinerados-el-pajarraco-sobre-los-43-normalistas\\\/#breadcrumb\",\"itemListElement\":[{\"@type\":\"ListItem\",\"position\":1,\"name\":\"Inicio\",\"item\":\"https:\\\/\\\/www.bbmnoticias.com\\\/labravaradiofm\\\/\"},{\"@type\":\"ListItem\",\"position\":2,\"name\":\"Ya no los busquen porque todos murieron al ser incinerados: \u2018El Pajarraco\u2019 sobre los 43 normalistas\"}]},{\"@type\":\"WebSite\",\"@id\":\"https:\\\/\\\/www.bbmnoticias.com\\\/labravaradiofm\\\/#website\",\"url\":\"https:\\\/\\\/www.bbmnoticias.com\\\/labravaradiofm\\\/\",\"name\":\"LA BRAVA RADIO\",\"description\":\"Empresa productora de medios, Radiodifusi\u00f3n, Noticias, tendencias y todo lo que necesitas saber de la pol\u00edtica mexicana e internacional; entretenimiento, espect\u00e1culos, salud y mucho m\u00e1s.\",\"potentialAction\":[{\"@type\":\"SearchAction\",\"target\":{\"@type\":\"EntryPoint\",\"urlTemplate\":\"https:\\\/\\\/www.bbmnoticias.com\\\/labravaradiofm\\\/?s={search_term_string}\"},\"query-input\":{\"@type\":\"PropertyValueSpecification\",\"valueRequired\":true,\"valueName\":\"search_term_string\"}}],\"inLanguage\":\"es\"},{\"@type\":\"Person\",\"@id\":\"https:\\\/\\\/www.bbmnoticias.com\\\/labravaradiofm\\\/#\\\/schema\\\/person\\\/721d0cdff27d6c6be0b7dfbd566fedd1\",\"name\":\"Milenio\",\"image\":{\"@type\":\"ImageObject\",\"inLanguage\":\"es\",\"@id\":\"https:\\\/\\\/secure.gravatar.com\\\/avatar\\\/cc78c90822baf77761fc8dc7e5a764bdbe7760545b0e1698cf9eff8a1818736c?s=96&d=mm&r=g\",\"url\":\"https:\\\/\\\/secure.gravatar.com\\\/avatar\\\/cc78c90822baf77761fc8dc7e5a764bdbe7760545b0e1698cf9eff8a1818736c?s=96&d=mm&r=g\",\"contentUrl\":\"https:\\\/\\\/secure.gravatar.com\\\/avatar\\\/cc78c90822baf77761fc8dc7e5a764bdbe7760545b0e1698cf9eff8a1818736c?s=96&d=mm&r=g\",\"caption\":\"Milenio\"},\"url\":\"https:\\\/\\\/www.bbmnoticias.com\\\/labravaradiofm\\\/author\\\/milenio\\\/\"}]}<\/script>\n<!-- \/ Yoast SEO plugin. -->","yoast_head_json":{"title":"Ya no los busquen porque todos murieron al ser incinerados: \u2018El Pajarraco\u2019 sobre los 43 normalistas - LA BRAVA RADIO","robots":{"index":"index","follow":"follow","max-snippet":"max-snippet:-1","max-image-preview":"max-image-preview:large","max-video-preview":"max-video-preview:-1"},"canonical":"https:\/\/www.bbmnoticias.com\/labravaradiofm\/2021\/09\/14\/ya-no-los-busquen-porque-todos-murieron-al-ser-incinerados-el-pajarraco-sobre-los-43-normalistas\/","og_locale":"es_MX","og_type":"article","og_title":"Ya no los busquen porque todos murieron al ser incinerados: \u2018El Pajarraco\u2019 sobre los 43 normalistas - LA BRAVA RADIO","og_description":"Ciudad de M\u00e9xico.- Durante casi cuatro a\u00f1os, Juan Miguel Pantoja Miranda alias El Pajarraco, presunto involucrado en la desaparici\u00f3n de los 43 estudiantes de Ayotzinapa, fue perseguido por la entonces Procuradur\u00eda General de la Rep\u00fablica (PGR), para finalmente ser detenido en 2018, aunque un juez orden\u00f3 su liberaci\u00f3n. Estaba dispuesto a decir todo lo que [&hellip;]","og_url":"https:\/\/www.bbmnoticias.com\/labravaradiofm\/2021\/09\/14\/ya-no-los-busquen-porque-todos-murieron-al-ser-incinerados-el-pajarraco-sobre-los-43-normalistas\/","og_site_name":"LA BRAVA RADIO","article_published_time":"2021-09-14T15:50:29+00:00","article_modified_time":"2021-09-14T15:50:30+00:00","og_image":[{"width":587,"height":408,"url":"https:\/\/www.bbmnoticias.com\/labravaradiofm\/wp-content\/uploads\/sites\/5\/2021\/09\/nacional14092021-2.jpg","type":"image\/jpeg"}],"author":"Milenio","twitter_card":"summary_large_image","twitter_misc":{"Escrito por":"Milenio","Tiempo de lectura":"16 minutos"},"schema":{"@context":"https:\/\/schema.org","@graph":[{"@type":"Article","@id":"https:\/\/www.bbmnoticias.com\/labravaradiofm\/2021\/09\/14\/ya-no-los-busquen-porque-todos-murieron-al-ser-incinerados-el-pajarraco-sobre-los-43-normalistas\/#article","isPartOf":{"@id":"https:\/\/www.bbmnoticias.com\/labravaradiofm\/2021\/09\/14\/ya-no-los-busquen-porque-todos-murieron-al-ser-incinerados-el-pajarraco-sobre-los-43-normalistas\/"},"author":{"name":"Milenio","@id":"https:\/\/www.bbmnoticias.com\/labravaradiofm\/#\/schema\/person\/721d0cdff27d6c6be0b7dfbd566fedd1"},"headline":"Ya no los busquen porque todos murieron al ser incinerados: \u2018El Pajarraco\u2019 sobre los 43 normalistas","datePublished":"2021-09-14T15:50:29+00:00","dateModified":"2021-09-14T15:50:30+00:00","mainEntityOfPage":{"@id":"https:\/\/www.bbmnoticias.com\/labravaradiofm\/2021\/09\/14\/ya-no-los-busquen-porque-todos-murieron-al-ser-incinerados-el-pajarraco-sobre-los-43-normalistas\/"},"wordCount":3499,"image":{"@id":"https:\/\/www.bbmnoticias.com\/labravaradiofm\/2021\/09\/14\/ya-no-los-busquen-porque-todos-murieron-al-ser-incinerados-el-pajarraco-sobre-los-43-normalistas\/#primaryimage"},"thumbnailUrl":"https:\/\/www.bbmnoticias.com\/labravaradiofm\/wp-content\/uploads\/sites\/5\/2021\/09\/nacional14092021-2.jpg","articleSection":["NACIONAL"],"inLanguage":"es"},{"@type":"WebPage","@id":"https:\/\/www.bbmnoticias.com\/labravaradiofm\/2021\/09\/14\/ya-no-los-busquen-porque-todos-murieron-al-ser-incinerados-el-pajarraco-sobre-los-43-normalistas\/","url":"https:\/\/www.bbmnoticias.com\/labravaradiofm\/2021\/09\/14\/ya-no-los-busquen-porque-todos-murieron-al-ser-incinerados-el-pajarraco-sobre-los-43-normalistas\/","name":"Ya no los busquen porque todos murieron al ser incinerados: \u2018El Pajarraco\u2019 sobre los 43 normalistas - LA BRAVA RADIO","isPartOf":{"@id":"https:\/\/www.bbmnoticias.com\/labravaradiofm\/#website"},"primaryImageOfPage":{"@id":"https:\/\/www.bbmnoticias.com\/labravaradiofm\/2021\/09\/14\/ya-no-los-busquen-porque-todos-murieron-al-ser-incinerados-el-pajarraco-sobre-los-43-normalistas\/#primaryimage"},"image":{"@id":"https:\/\/www.bbmnoticias.com\/labravaradiofm\/2021\/09\/14\/ya-no-los-busquen-porque-todos-murieron-al-ser-incinerados-el-pajarraco-sobre-los-43-normalistas\/#primaryimage"},"thumbnailUrl":"https:\/\/www.bbmnoticias.com\/labravaradiofm\/wp-content\/uploads\/sites\/5\/2021\/09\/nacional14092021-2.jpg","datePublished":"2021-09-14T15:50:29+00:00","dateModified":"2021-09-14T15:50:30+00:00","author":{"@id":"https:\/\/www.bbmnoticias.com\/labravaradiofm\/#\/schema\/person\/721d0cdff27d6c6be0b7dfbd566fedd1"},"breadcrumb":{"@id":"https:\/\/www.bbmnoticias.com\/labravaradiofm\/2021\/09\/14\/ya-no-los-busquen-porque-todos-murieron-al-ser-incinerados-el-pajarraco-sobre-los-43-normalistas\/#breadcrumb"},"inLanguage":"es","potentialAction":[{"@type":"ReadAction","target":["https:\/\/www.bbmnoticias.com\/labravaradiofm\/2021\/09\/14\/ya-no-los-busquen-porque-todos-murieron-al-ser-incinerados-el-pajarraco-sobre-los-43-normalistas\/"]}]},{"@type":"ImageObject","inLanguage":"es","@id":"https:\/\/www.bbmnoticias.com\/labravaradiofm\/2021\/09\/14\/ya-no-los-busquen-porque-todos-murieron-al-ser-incinerados-el-pajarraco-sobre-los-43-normalistas\/#primaryimage","url":"https:\/\/www.bbmnoticias.com\/labravaradiofm\/wp-content\/uploads\/sites\/5\/2021\/09\/nacional14092021-2.jpg","contentUrl":"https:\/\/www.bbmnoticias.com\/labravaradiofm\/wp-content\/uploads\/sites\/5\/2021\/09\/nacional14092021-2.jpg","width":587,"height":408},{"@type":"BreadcrumbList","@id":"https:\/\/www.bbmnoticias.com\/labravaradiofm\/2021\/09\/14\/ya-no-los-busquen-porque-todos-murieron-al-ser-incinerados-el-pajarraco-sobre-los-43-normalistas\/#breadcrumb","itemListElement":[{"@type":"ListItem","position":1,"name":"Inicio","item":"https:\/\/www.bbmnoticias.com\/labravaradiofm\/"},{"@type":"ListItem","position":2,"name":"Ya no los busquen porque todos murieron al ser incinerados: \u2018El Pajarraco\u2019 sobre los 43 normalistas"}]},{"@type":"WebSite","@id":"https:\/\/www.bbmnoticias.com\/labravaradiofm\/#website","url":"https:\/\/www.bbmnoticias.com\/labravaradiofm\/","name":"LA BRAVA RADIO","description":"Empresa productora de medios, Radiodifusi\u00f3n, Noticias, tendencias y todo lo que necesitas saber de la pol\u00edtica mexicana e internacional; entretenimiento, espect\u00e1culos, salud y mucho m\u00e1s.","potentialAction":[{"@type":"SearchAction","target":{"@type":"EntryPoint","urlTemplate":"https:\/\/www.bbmnoticias.com\/labravaradiofm\/?s={search_term_string}"},"query-input":{"@type":"PropertyValueSpecification","valueRequired":true,"valueName":"search_term_string"}}],"inLanguage":"es"},{"@type":"Person","@id":"https:\/\/www.bbmnoticias.com\/labravaradiofm\/#\/schema\/person\/721d0cdff27d6c6be0b7dfbd566fedd1","name":"Milenio","image":{"@type":"ImageObject","inLanguage":"es","@id":"https:\/\/secure.gravatar.com\/avatar\/cc78c90822baf77761fc8dc7e5a764bdbe7760545b0e1698cf9eff8a1818736c?s=96&d=mm&r=g","url":"https:\/\/secure.gravatar.com\/avatar\/cc78c90822baf77761fc8dc7e5a764bdbe7760545b0e1698cf9eff8a1818736c?s=96&d=mm&r=g","contentUrl":"https:\/\/secure.gravatar.com\/avatar\/cc78c90822baf77761fc8dc7e5a764bdbe7760545b0e1698cf9eff8a1818736c?s=96&d=mm&r=g","caption":"Milenio"},"url":"https:\/\/www.bbmnoticias.com\/labravaradiofm\/author\/milenio\/"}]}},"_links":{"self":[{"href":"https:\/\/www.bbmnoticias.com\/labravaradiofm\/wp-json\/wp\/v2\/posts\/1811","targetHints":{"allow":["GET"]}}],"collection":[{"href":"https:\/\/www.bbmnoticias.com\/labravaradiofm\/wp-json\/wp\/v2\/posts"}],"about":[{"href":"https:\/\/www.bbmnoticias.com\/labravaradiofm\/wp-json\/wp\/v2\/types\/post"}],"author":[{"embeddable":true,"href":"https:\/\/www.bbmnoticias.com\/labravaradiofm\/wp-json\/wp\/v2\/users\/9"}],"replies":[{"embeddable":true,"href":"https:\/\/www.bbmnoticias.com\/labravaradiofm\/wp-json\/wp\/v2\/comments?post=1811"}],"version-history":[{"count":0,"href":"https:\/\/www.bbmnoticias.com\/labravaradiofm\/wp-json\/wp\/v2\/posts\/1811\/revisions"}],"wp:featuredmedia":[{"embeddable":true,"href":"https:\/\/www.bbmnoticias.com\/labravaradiofm\/wp-json\/wp\/v2\/media\/1812"}],"wp:attachment":[{"href":"https:\/\/www.bbmnoticias.com\/labravaradiofm\/wp-json\/wp\/v2\/media?parent=1811"}],"wp:term":[{"taxonomy":"category","embeddable":true,"href":"https:\/\/www.bbmnoticias.com\/labravaradiofm\/wp-json\/wp\/v2\/categories?post=1811"},{"taxonomy":"post_tag","embeddable":true,"href":"https:\/\/www.bbmnoticias.com\/labravaradiofm\/wp-json\/wp\/v2\/tags?post=1811"}],"curies":[{"name":"wp","href":"https:\/\/api.w.org\/{rel}","templated":true}]}}