{"id":1805,"date":"2021-09-14T10:01:06","date_gmt":"2021-09-14T15:01:06","guid":{"rendered":"https:\/\/www.bbmnoticias.com\/labravaradiofm\/?p=1805"},"modified":"2021-09-14T10:01:07","modified_gmt":"2021-09-14T15:01:07","slug":"alejandro-moreno-descarta-acuerdo-del-pri-con-gobierno-de-amlo-porque-no-ha-dado-resultados","status":"publish","type":"post","link":"https:\/\/www.bbmnoticias.com\/labravaradiofm\/2021\/09\/14\/alejandro-moreno-descarta-acuerdo-del-pri-con-gobierno-de-amlo-porque-no-ha-dado-resultados\/","title":{"rendered":"Alejandro Moreno descarta acuerdo del PRI con gobierno de AMLO porque no ha dado resultados"},"content":{"rendered":"<div style=\"margin-top: 0px; margin-bottom: 0px;\" class=\"sharethis-inline-share-buttons\" ><\/div>\n<p>Alejandro Moreno, l\u00edder del PRI, <strong>descart\u00f3<\/strong> un acuerdo de ese partido con gobierno de Andr\u00e9s Manuel L\u00f3pez Obrador (<strong>AMLO<\/strong>) porque no ha dado <strong>resultados<\/strong>.<\/p>\n\n\n\n<p>Al descartar un acuerdo del <strong>PRI<\/strong> con gobierno de AMLO porque no ha dado resultados, <strong>Alejandro Moreno<\/strong> dijo que la coalici\u00f3n de su partido con PRD y PAN sigue.<\/p>\n\n\n\n<p>El presidente de M\u00e9xico propuso al gobernador priiista de Sinaloa, Quirino Ordaz, como embajador de M\u00e9xico en Espa\u00f1a, inform\u00f3 el s\u00e1bado 11 de septiembre la Secretar\u00eda de Relaciones Exteriores (SRE).<\/p>\n\n\n\n<h2 class=\"wp-block-heading\">No construidos ning\u00fan acuerdo con el gobierno: Alejandro Moreno<\/h2>\n\n\n\n<p>El l\u00edder del PRI, Alejandro Moreno, descart\u00f3 que su partido haga alg\u00fan <strong>acuerdo<\/strong> con el gobierno de AMLO toda vez que no ha dado resultados.<\/p>\n\n\n\n<p>En entrevista con Manuel Feregrino, en F\u00f3rmula, fue categ\u00f3rico al se\u00f1alar que el Partido Revolucionario Institucional (<strong>PRI<\/strong>) no ha hecho acuerdo con el actual gobierno.<\/p>\n\n\n\n<figure class=\"wp-block-pullquote\"><blockquote><p>\u201c(El PRI) no ha construido ning\u00fan acuerdo con el gobierno\u201dAlejandro Moreno<\/p><\/blockquote><\/figure>\n\n\n\n<p>En este sentido, Alejandro Moreno afirm\u00f3 que no es decisi\u00f3n del PRI el acuerdo de su militante Quirino Ordaz con el gobierno de <strong>AMLO<\/strong>.<\/p>\n\n\n\n<figure class=\"wp-block-pullquote\"><blockquote><p>\u201cNo es decisi\u00f3n del partido, es decisi\u00f3n personal tanto de quien invit\u00f3 tanto como de quien recibi\u00f3 la invitaci\u00f3n\u201dAlejandro Moreno<\/p><\/blockquote><\/figure>\n\n\n\n<h2 class=\"wp-block-heading\">Alejandro Moreno: Alianza opositora est\u00e1 m\u00e1s fuerte que nunca<\/h2>\n\n\n\n<p>De acuerdo con Alejandro Moreno, presidente nacional del PRI, este partido no tiene acuerdos con <strong>gobierno<\/strong> de AMLO porque no ha dado resultados.<\/p>\n\n\n\n<p>En este sentido, afirm\u00f3 que la alianza opositora est\u00e1 m\u00e1s fuerte que nunca y ya trabajan en el proceso electoral de 2022.<\/p>\n\n\n\n<p><strong>Alejandro Moreno<\/strong> se\u00f1al\u00f3 que se est\u00e1 en proceso de cumplir los compromisos que hicieron en las elecciones pasadas, pues con este gobierno no hay resultados en:<\/p>\n\n\n\n<ul class=\"wp-block-list\"><li>Salud<\/li><li>Seguridad<\/li><li>Econom\u00eda<\/li><\/ul>\n\n\n\n<p>Alejandro Moreno indic\u00f3 que PRI, PAN y PRD tiene la convicci\u00f3n de trabajar juntos para que le vaya bien al pa\u00eds a pesar de que el gobierno de AMLO pretende erosionar esa alianza.<\/p>\n\n\n\n<p>Reiter\u00f3 que quien se sume al gobierno de AMLO ser\u00e1 a t\u00edtulo personal, pero que si no cumplen con los estatutos del partido de solicitar una licencia, perder\u00e1n su militancia.<\/p>\n","protected":false},"excerpt":{"rendered":"<p>Alejandro Moreno, l\u00edder del PRI, descart\u00f3 un acuerdo de ese partido con gobierno de Andr\u00e9s Manuel L\u00f3pez Obrador (AMLO) porque no ha dado resultados. Al descartar un acuerdo del PRI con gobierno de AMLO porque no ha dado resultados, Alejandro Moreno dijo que la coalici\u00f3n de su partido con PRD y PAN sigue. El presidente [&hellip;]<\/p>\n","protected":false},"author":4,"featured_media":1806,"comment_status":"closed","ping_status":"closed","sticky":false,"template":"","format":"standard","meta":{"footnotes":""},"categories":[19],"tags":[],"class_list":{"0":"post-1805","1":"post","2":"type-post","3":"status-publish","4":"format-standard","5":"has-post-thumbnail","7":"category-nacional"},"yoast_head":"<!-- This site is optimized with the Yoast SEO plugin v27.4 - https:\/\/yoast.com\/product\/yoast-seo-wordpress\/ -->\n<title>Alejandro Moreno descarta acuerdo del PRI con gobierno de AMLO porque no ha dado resultados - LA BRAVA RADIO<\/title>\n<meta name=\"description\" content=\"Alejandro Moreno dijo que la coalici\u00f3n de su partido con PRD y PAN sigue.\" \/>\n<meta name=\"robots\" content=\"index, follow, max-snippet:-1, max-image-preview:large, max-video-preview:-1\" \/>\n<link rel=\"canonical\" href=\"https:\/\/www.bbmnoticias.com\/labravaradiofm\/2021\/09\/14\/alejandro-moreno-descarta-acuerdo-del-pri-con-gobierno-de-amlo-porque-no-ha-dado-resultados\/\" \/>\n<meta property=\"og:locale\" content=\"es_MX\" \/>\n<meta property=\"og:type\" content=\"article\" \/>\n<meta property=\"og:title\" content=\"Alejandro Moreno descarta acuerdo del PRI con gobierno de AMLO porque no ha dado resultados - LA BRAVA RADIO\" \/>\n<meta property=\"og:description\" content=\"Alejandro Moreno dijo que la coalici\u00f3n de su partido con PRD y PAN sigue.\" \/>\n<meta property=\"og:url\" content=\"https:\/\/www.bbmnoticias.com\/labravaradiofm\/2021\/09\/14\/alejandro-moreno-descarta-acuerdo-del-pri-con-gobierno-de-amlo-porque-no-ha-dado-resultados\/\" \/>\n<meta property=\"og:site_name\" content=\"LA BRAVA RADIO\" \/>\n<meta property=\"article:published_time\" content=\"2021-09-14T15:01:06+00:00\" \/>\n<meta property=\"article:modified_time\" content=\"2021-09-14T15:01:07+00:00\" \/>\n<meta property=\"og:image\" content=\"https:\/\/www.bbmnoticias.com\/labravaradiofm\/wp-content\/uploads\/sites\/5\/2021\/09\/nacional14092021-1.jpg\" \/>\n\t<meta property=\"og:image:width\" content=\"640\" \/>\n\t<meta property=\"og:image:height\" content=\"360\" \/>\n\t<meta property=\"og:image:type\" content=\"image\/jpeg\" \/>\n<meta name=\"author\" content=\"Agencias\" \/>\n<meta name=\"twitter:card\" content=\"summary_large_image\" \/>\n<meta name=\"twitter:label1\" content=\"Escrito por\" \/>\n\t<meta name=\"twitter:data1\" content=\"Agencias\" \/>\n\t<meta name=\"twitter:label2\" content=\"Tiempo de lectura\" \/>\n\t<meta name=\"twitter:data2\" content=\"2 minutos\" \/>\n<script type=\"application\/ld+json\" class=\"yoast-schema-graph\">{\"@context\":\"https:\\\/\\\/schema.org\",\"@graph\":[{\"@type\":\"Article\",\"@id\":\"https:\\\/\\\/www.bbmnoticias.com\\\/labravaradiofm\\\/2021\\\/09\\\/14\\\/alejandro-moreno-descarta-acuerdo-del-pri-con-gobierno-de-amlo-porque-no-ha-dado-resultados\\\/#article\",\"isPartOf\":{\"@id\":\"https:\\\/\\\/www.bbmnoticias.com\\\/labravaradiofm\\\/2021\\\/09\\\/14\\\/alejandro-moreno-descarta-acuerdo-del-pri-con-gobierno-de-amlo-porque-no-ha-dado-resultados\\\/\"},\"author\":{\"name\":\"Agencias\",\"@id\":\"https:\\\/\\\/www.bbmnoticias.com\\\/labravaradiofm\\\/#\\\/schema\\\/person\\\/000bdaf0a8fb5bff0d537c4d0778e33f\"},\"headline\":\"Alejandro Moreno descarta acuerdo del PRI con gobierno de AMLO porque no ha dado resultados\",\"datePublished\":\"2021-09-14T15:01:06+00:00\",\"dateModified\":\"2021-09-14T15:01:07+00:00\",\"mainEntityOfPage\":{\"@id\":\"https:\\\/\\\/www.bbmnoticias.com\\\/labravaradiofm\\\/2021\\\/09\\\/14\\\/alejandro-moreno-descarta-acuerdo-del-pri-con-gobierno-de-amlo-porque-no-ha-dado-resultados\\\/\"},\"wordCount\":386,\"image\":{\"@id\":\"https:\\\/\\\/www.bbmnoticias.com\\\/labravaradiofm\\\/2021\\\/09\\\/14\\\/alejandro-moreno-descarta-acuerdo-del-pri-con-gobierno-de-amlo-porque-no-ha-dado-resultados\\\/#primaryimage\"},\"thumbnailUrl\":\"https:\\\/\\\/www.bbmnoticias.com\\\/labravaradiofm\\\/wp-content\\\/uploads\\\/sites\\\/5\\\/2021\\\/09\\\/nacional14092021-1.jpg\",\"articleSection\":[\"NACIONAL\"],\"inLanguage\":\"es\"},{\"@type\":\"WebPage\",\"@id\":\"https:\\\/\\\/www.bbmnoticias.com\\\/labravaradiofm\\\/2021\\\/09\\\/14\\\/alejandro-moreno-descarta-acuerdo-del-pri-con-gobierno-de-amlo-porque-no-ha-dado-resultados\\\/\",\"url\":\"https:\\\/\\\/www.bbmnoticias.com\\\/labravaradiofm\\\/2021\\\/09\\\/14\\\/alejandro-moreno-descarta-acuerdo-del-pri-con-gobierno-de-amlo-porque-no-ha-dado-resultados\\\/\",\"name\":\"Alejandro Moreno descarta acuerdo del PRI con gobierno de AMLO porque no ha dado resultados - LA BRAVA RADIO\",\"isPartOf\":{\"@id\":\"https:\\\/\\\/www.bbmnoticias.com\\\/labravaradiofm\\\/#website\"},\"primaryImageOfPage\":{\"@id\":\"https:\\\/\\\/www.bbmnoticias.com\\\/labravaradiofm\\\/2021\\\/09\\\/14\\\/alejandro-moreno-descarta-acuerdo-del-pri-con-gobierno-de-amlo-porque-no-ha-dado-resultados\\\/#primaryimage\"},\"image\":{\"@id\":\"https:\\\/\\\/www.bbmnoticias.com\\\/labravaradiofm\\\/2021\\\/09\\\/14\\\/alejandro-moreno-descarta-acuerdo-del-pri-con-gobierno-de-amlo-porque-no-ha-dado-resultados\\\/#primaryimage\"},\"thumbnailUrl\":\"https:\\\/\\\/www.bbmnoticias.com\\\/labravaradiofm\\\/wp-content\\\/uploads\\\/sites\\\/5\\\/2021\\\/09\\\/nacional14092021-1.jpg\",\"datePublished\":\"2021-09-14T15:01:06+00:00\",\"dateModified\":\"2021-09-14T15:01:07+00:00\",\"author\":{\"@id\":\"https:\\\/\\\/www.bbmnoticias.com\\\/labravaradiofm\\\/#\\\/schema\\\/person\\\/000bdaf0a8fb5bff0d537c4d0778e33f\"},\"description\":\"Alejandro Moreno dijo que la coalici\u00f3n de su partido con PRD y PAN sigue.\",\"breadcrumb\":{\"@id\":\"https:\\\/\\\/www.bbmnoticias.com\\\/labravaradiofm\\\/2021\\\/09\\\/14\\\/alejandro-moreno-descarta-acuerdo-del-pri-con-gobierno-de-amlo-porque-no-ha-dado-resultados\\\/#breadcrumb\"},\"inLanguage\":\"es\",\"potentialAction\":[{\"@type\":\"ReadAction\",\"target\":[\"https:\\\/\\\/www.bbmnoticias.com\\\/labravaradiofm\\\/2021\\\/09\\\/14\\\/alejandro-moreno-descarta-acuerdo-del-pri-con-gobierno-de-amlo-porque-no-ha-dado-resultados\\\/\"]}]},{\"@type\":\"ImageObject\",\"inLanguage\":\"es\",\"@id\":\"https:\\\/\\\/www.bbmnoticias.com\\\/labravaradiofm\\\/2021\\\/09\\\/14\\\/alejandro-moreno-descarta-acuerdo-del-pri-con-gobierno-de-amlo-porque-no-ha-dado-resultados\\\/#primaryimage\",\"url\":\"https:\\\/\\\/www.bbmnoticias.com\\\/labravaradiofm\\\/wp-content\\\/uploads\\\/sites\\\/5\\\/2021\\\/09\\\/nacional14092021-1.jpg\",\"contentUrl\":\"https:\\\/\\\/www.bbmnoticias.com\\\/labravaradiofm\\\/wp-content\\\/uploads\\\/sites\\\/5\\\/2021\\\/09\\\/nacional14092021-1.jpg\",\"width\":640,\"height\":360},{\"@type\":\"BreadcrumbList\",\"@id\":\"https:\\\/\\\/www.bbmnoticias.com\\\/labravaradiofm\\\/2021\\\/09\\\/14\\\/alejandro-moreno-descarta-acuerdo-del-pri-con-gobierno-de-amlo-porque-no-ha-dado-resultados\\\/#breadcrumb\",\"itemListElement\":[{\"@type\":\"ListItem\",\"position\":1,\"name\":\"Inicio\",\"item\":\"https:\\\/\\\/www.bbmnoticias.com\\\/labravaradiofm\\\/\"},{\"@type\":\"ListItem\",\"position\":2,\"name\":\"Alejandro Moreno descarta acuerdo del PRI con gobierno de AMLO porque no ha dado resultados\"}]},{\"@type\":\"WebSite\",\"@id\":\"https:\\\/\\\/www.bbmnoticias.com\\\/labravaradiofm\\\/#website\",\"url\":\"https:\\\/\\\/www.bbmnoticias.com\\\/labravaradiofm\\\/\",\"name\":\"LA BRAVA RADIO\",\"description\":\"Empresa productora de medios, Radiodifusi\u00f3n, Noticias, tendencias y todo lo que necesitas saber de la pol\u00edtica mexicana e internacional; entretenimiento, espect\u00e1culos, salud y mucho m\u00e1s.\",\"potentialAction\":[{\"@type\":\"SearchAction\",\"target\":{\"@type\":\"EntryPoint\",\"urlTemplate\":\"https:\\\/\\\/www.bbmnoticias.com\\\/labravaradiofm\\\/?s={search_term_string}\"},\"query-input\":{\"@type\":\"PropertyValueSpecification\",\"valueRequired\":true,\"valueName\":\"search_term_string\"}}],\"inLanguage\":\"es\"},{\"@type\":\"Person\",\"@id\":\"https:\\\/\\\/www.bbmnoticias.com\\\/labravaradiofm\\\/#\\\/schema\\\/person\\\/000bdaf0a8fb5bff0d537c4d0778e33f\",\"name\":\"Agencias\",\"image\":{\"@type\":\"ImageObject\",\"inLanguage\":\"es\",\"@id\":\"https:\\\/\\\/secure.gravatar.com\\\/avatar\\\/739e0b61adf9e398b425c36718c8752286da0e8cd90f20ce9a86678abc26aa0d?s=96&d=mm&r=g\",\"url\":\"https:\\\/\\\/secure.gravatar.com\\\/avatar\\\/739e0b61adf9e398b425c36718c8752286da0e8cd90f20ce9a86678abc26aa0d?s=96&d=mm&r=g\",\"contentUrl\":\"https:\\\/\\\/secure.gravatar.com\\\/avatar\\\/739e0b61adf9e398b425c36718c8752286da0e8cd90f20ce9a86678abc26aa0d?s=96&d=mm&r=g\",\"caption\":\"Agencias\"},\"url\":\"https:\\\/\\\/www.bbmnoticias.com\\\/labravaradiofm\\\/author\\\/agencias\\\/\"}]}<\/script>\n<!-- \/ Yoast SEO plugin. -->","yoast_head_json":{"title":"Alejandro Moreno descarta acuerdo del PRI con gobierno de AMLO porque no ha dado resultados - LA BRAVA RADIO","description":"Alejandro Moreno dijo que la coalici\u00f3n de su partido con PRD y PAN sigue.","robots":{"index":"index","follow":"follow","max-snippet":"max-snippet:-1","max-image-preview":"max-image-preview:large","max-video-preview":"max-video-preview:-1"},"canonical":"https:\/\/www.bbmnoticias.com\/labravaradiofm\/2021\/09\/14\/alejandro-moreno-descarta-acuerdo-del-pri-con-gobierno-de-amlo-porque-no-ha-dado-resultados\/","og_locale":"es_MX","og_type":"article","og_title":"Alejandro Moreno descarta acuerdo del PRI con gobierno de AMLO porque no ha dado resultados - LA BRAVA RADIO","og_description":"Alejandro Moreno dijo que la coalici\u00f3n de su partido con PRD y PAN sigue.","og_url":"https:\/\/www.bbmnoticias.com\/labravaradiofm\/2021\/09\/14\/alejandro-moreno-descarta-acuerdo-del-pri-con-gobierno-de-amlo-porque-no-ha-dado-resultados\/","og_site_name":"LA BRAVA RADIO","article_published_time":"2021-09-14T15:01:06+00:00","article_modified_time":"2021-09-14T15:01:07+00:00","og_image":[{"width":640,"height":360,"url":"https:\/\/www.bbmnoticias.com\/labravaradiofm\/wp-content\/uploads\/sites\/5\/2021\/09\/nacional14092021-1.jpg","type":"image\/jpeg"}],"author":"Agencias","twitter_card":"summary_large_image","twitter_misc":{"Escrito por":"Agencias","Tiempo de lectura":"2 minutos"},"schema":{"@context":"https:\/\/schema.org","@graph":[{"@type":"Article","@id":"https:\/\/www.bbmnoticias.com\/labravaradiofm\/2021\/09\/14\/alejandro-moreno-descarta-acuerdo-del-pri-con-gobierno-de-amlo-porque-no-ha-dado-resultados\/#article","isPartOf":{"@id":"https:\/\/www.bbmnoticias.com\/labravaradiofm\/2021\/09\/14\/alejandro-moreno-descarta-acuerdo-del-pri-con-gobierno-de-amlo-porque-no-ha-dado-resultados\/"},"author":{"name":"Agencias","@id":"https:\/\/www.bbmnoticias.com\/labravaradiofm\/#\/schema\/person\/000bdaf0a8fb5bff0d537c4d0778e33f"},"headline":"Alejandro Moreno descarta acuerdo del PRI con gobierno de AMLO porque no ha dado resultados","datePublished":"2021-09-14T15:01:06+00:00","dateModified":"2021-09-14T15:01:07+00:00","mainEntityOfPage":{"@id":"https:\/\/www.bbmnoticias.com\/labravaradiofm\/2021\/09\/14\/alejandro-moreno-descarta-acuerdo-del-pri-con-gobierno-de-amlo-porque-no-ha-dado-resultados\/"},"wordCount":386,"image":{"@id":"https:\/\/www.bbmnoticias.com\/labravaradiofm\/2021\/09\/14\/alejandro-moreno-descarta-acuerdo-del-pri-con-gobierno-de-amlo-porque-no-ha-dado-resultados\/#primaryimage"},"thumbnailUrl":"https:\/\/www.bbmnoticias.com\/labravaradiofm\/wp-content\/uploads\/sites\/5\/2021\/09\/nacional14092021-1.jpg","articleSection":["NACIONAL"],"inLanguage":"es"},{"@type":"WebPage","@id":"https:\/\/www.bbmnoticias.com\/labravaradiofm\/2021\/09\/14\/alejandro-moreno-descarta-acuerdo-del-pri-con-gobierno-de-amlo-porque-no-ha-dado-resultados\/","url":"https:\/\/www.bbmnoticias.com\/labravaradiofm\/2021\/09\/14\/alejandro-moreno-descarta-acuerdo-del-pri-con-gobierno-de-amlo-porque-no-ha-dado-resultados\/","name":"Alejandro Moreno descarta acuerdo del PRI con gobierno de AMLO porque no ha dado resultados - LA BRAVA RADIO","isPartOf":{"@id":"https:\/\/www.bbmnoticias.com\/labravaradiofm\/#website"},"primaryImageOfPage":{"@id":"https:\/\/www.bbmnoticias.com\/labravaradiofm\/2021\/09\/14\/alejandro-moreno-descarta-acuerdo-del-pri-con-gobierno-de-amlo-porque-no-ha-dado-resultados\/#primaryimage"},"image":{"@id":"https:\/\/www.bbmnoticias.com\/labravaradiofm\/2021\/09\/14\/alejandro-moreno-descarta-acuerdo-del-pri-con-gobierno-de-amlo-porque-no-ha-dado-resultados\/#primaryimage"},"thumbnailUrl":"https:\/\/www.bbmnoticias.com\/labravaradiofm\/wp-content\/uploads\/sites\/5\/2021\/09\/nacional14092021-1.jpg","datePublished":"2021-09-14T15:01:06+00:00","dateModified":"2021-09-14T15:01:07+00:00","author":{"@id":"https:\/\/www.bbmnoticias.com\/labravaradiofm\/#\/schema\/person\/000bdaf0a8fb5bff0d537c4d0778e33f"},"description":"Alejandro Moreno dijo que la coalici\u00f3n de su partido con PRD y PAN sigue.","breadcrumb":{"@id":"https:\/\/www.bbmnoticias.com\/labravaradiofm\/2021\/09\/14\/alejandro-moreno-descarta-acuerdo-del-pri-con-gobierno-de-amlo-porque-no-ha-dado-resultados\/#breadcrumb"},"inLanguage":"es","potentialAction":[{"@type":"ReadAction","target":["https:\/\/www.bbmnoticias.com\/labravaradiofm\/2021\/09\/14\/alejandro-moreno-descarta-acuerdo-del-pri-con-gobierno-de-amlo-porque-no-ha-dado-resultados\/"]}]},{"@type":"ImageObject","inLanguage":"es","@id":"https:\/\/www.bbmnoticias.com\/labravaradiofm\/2021\/09\/14\/alejandro-moreno-descarta-acuerdo-del-pri-con-gobierno-de-amlo-porque-no-ha-dado-resultados\/#primaryimage","url":"https:\/\/www.bbmnoticias.com\/labravaradiofm\/wp-content\/uploads\/sites\/5\/2021\/09\/nacional14092021-1.jpg","contentUrl":"https:\/\/www.bbmnoticias.com\/labravaradiofm\/wp-content\/uploads\/sites\/5\/2021\/09\/nacional14092021-1.jpg","width":640,"height":360},{"@type":"BreadcrumbList","@id":"https:\/\/www.bbmnoticias.com\/labravaradiofm\/2021\/09\/14\/alejandro-moreno-descarta-acuerdo-del-pri-con-gobierno-de-amlo-porque-no-ha-dado-resultados\/#breadcrumb","itemListElement":[{"@type":"ListItem","position":1,"name":"Inicio","item":"https:\/\/www.bbmnoticias.com\/labravaradiofm\/"},{"@type":"ListItem","position":2,"name":"Alejandro Moreno descarta acuerdo del PRI con gobierno de AMLO porque no ha dado resultados"}]},{"@type":"WebSite","@id":"https:\/\/www.bbmnoticias.com\/labravaradiofm\/#website","url":"https:\/\/www.bbmnoticias.com\/labravaradiofm\/","name":"LA BRAVA RADIO","description":"Empresa productora de medios, Radiodifusi\u00f3n, Noticias, tendencias y todo lo que necesitas saber de la pol\u00edtica mexicana e internacional; entretenimiento, espect\u00e1culos, salud y mucho m\u00e1s.","potentialAction":[{"@type":"SearchAction","target":{"@type":"EntryPoint","urlTemplate":"https:\/\/www.bbmnoticias.com\/labravaradiofm\/?s={search_term_string}"},"query-input":{"@type":"PropertyValueSpecification","valueRequired":true,"valueName":"search_term_string"}}],"inLanguage":"es"},{"@type":"Person","@id":"https:\/\/www.bbmnoticias.com\/labravaradiofm\/#\/schema\/person\/000bdaf0a8fb5bff0d537c4d0778e33f","name":"Agencias","image":{"@type":"ImageObject","inLanguage":"es","@id":"https:\/\/secure.gravatar.com\/avatar\/739e0b61adf9e398b425c36718c8752286da0e8cd90f20ce9a86678abc26aa0d?s=96&d=mm&r=g","url":"https:\/\/secure.gravatar.com\/avatar\/739e0b61adf9e398b425c36718c8752286da0e8cd90f20ce9a86678abc26aa0d?s=96&d=mm&r=g","contentUrl":"https:\/\/secure.gravatar.com\/avatar\/739e0b61adf9e398b425c36718c8752286da0e8cd90f20ce9a86678abc26aa0d?s=96&d=mm&r=g","caption":"Agencias"},"url":"https:\/\/www.bbmnoticias.com\/labravaradiofm\/author\/agencias\/"}]}},"_links":{"self":[{"href":"https:\/\/www.bbmnoticias.com\/labravaradiofm\/wp-json\/wp\/v2\/posts\/1805","targetHints":{"allow":["GET"]}}],"collection":[{"href":"https:\/\/www.bbmnoticias.com\/labravaradiofm\/wp-json\/wp\/v2\/posts"}],"about":[{"href":"https:\/\/www.bbmnoticias.com\/labravaradiofm\/wp-json\/wp\/v2\/types\/post"}],"author":[{"embeddable":true,"href":"https:\/\/www.bbmnoticias.com\/labravaradiofm\/wp-json\/wp\/v2\/users\/4"}],"replies":[{"embeddable":true,"href":"https:\/\/www.bbmnoticias.com\/labravaradiofm\/wp-json\/wp\/v2\/comments?post=1805"}],"version-history":[{"count":0,"href":"https:\/\/www.bbmnoticias.com\/labravaradiofm\/wp-json\/wp\/v2\/posts\/1805\/revisions"}],"wp:featuredmedia":[{"embeddable":true,"href":"https:\/\/www.bbmnoticias.com\/labravaradiofm\/wp-json\/wp\/v2\/media\/1806"}],"wp:attachment":[{"href":"https:\/\/www.bbmnoticias.com\/labravaradiofm\/wp-json\/wp\/v2\/media?parent=1805"}],"wp:term":[{"taxonomy":"category","embeddable":true,"href":"https:\/\/www.bbmnoticias.com\/labravaradiofm\/wp-json\/wp\/v2\/categories?post=1805"},{"taxonomy":"post_tag","embeddable":true,"href":"https:\/\/www.bbmnoticias.com\/labravaradiofm\/wp-json\/wp\/v2\/tags?post=1805"}],"curies":[{"name":"wp","href":"https:\/\/api.w.org\/{rel}","templated":true}]}}